{"id":89473,"date":"2023-12-03T09:48:36","date_gmt":"2023-12-03T08:48:36","guid":{"rendered":"https:\/\/exaudi.org\/?p=89473"},"modified":"2023-12-03T19:29:30","modified_gmt":"2023-12-03T18:29:30","slug":"velad-pues-no-sabeis-cuando-vendra-el-dueno-de-la-casa-comentario-p-jorge-miro","status":"publish","type":"post","link":"https:\/\/exaudi.org\/es\/velad-pues-no-sabeis-cuando-vendra-el-dueno-de-la-casa-comentario-p-jorge-miro\/","title":{"rendered":"Velad, pues no sab\u00e9is cuando vendr\u00e1 el due\u00f1o de la casa: Comentario P. Jorge Mir\u00f3"},"content":{"rendered":"<p>El P. Jorge Mir\u00f3 comparte con los lectores de Exaudi su comentario sobre el<a href=\"https:\/\/www.dominicos.org\/predicacion\/homilia\/3-12-2023\/lecturas\/\" target=\"_blank\" rel=\"noopener\">\u00a0Evangelio de hoy, domingo 3 de diciembre de 2023<\/a>, titulado \u201c<em>Velad, pues no sab\u00e9is cuando vendr\u00e1 el due\u00f1o de la casa<\/em>\u201d<\/p>\n<p>***<\/p>\n<p>Hoy iniciamos con toda la Iglesia el nuevo A\u00f1o lit\u00fargico y con \u00e9l, el tiempo de Adviento, que es un <em>regalo del Se\u00f1or, <\/em>un tiempo precioso en el que el Se\u00f1or nos recuerda que no estamos solos, que hemos sido creados por amor, por el Amor, y que \u00c9l est\u00e1 llamando <em>hoy <\/em>a la puerta de tu vida para regalarte una vida nueva, para vivir en ti, y hacer en ti \u2013por el don del Esp\u00edritu Santo\u2013 la obra de la nueva creaci\u00f3n.<\/p>\n<p>En el tiempo de Adviento nos preparamos para salir al encuentro del Se\u00f1or, que vino, que viene y que vendr\u00e1 al fin de los tiempos. Porque lo decisivo no es que t\u00fa busques a Dios. Lo decisivo que Dios te busca a ti.<\/p>\n<p>El Adviento es un tiempo de alegr\u00eda y esperanza. Podemos vivir con <em>esperanza<\/em> porque tenemos la certeza de la fidelidad de Dios, contemplamos que Dios nos ama, que Dios es fiel y cumple sus promesas. Y, por eso, en medio de las dificultades y de los problemas de cada d\u00eda, podemos tener esperanza, porque sabemos que Dios es fiel y no deja de amarnos nunca, que est\u00e1 siempre con nosotros y que <em>no hay nada ni nadie que pueda separarnos del amor de Dios manifestado en Cristo Jes\u00fas<\/em> (cf. <em>Rm <\/em>8).<\/p>\n<p>El Adviento significa que la presencia de Dios en el mundo ya ha comenzado. Dios nos da su tiempo, pues ha entrado en la historia con su palabra y con sus obras de salvaci\u00f3n, para abrirla a lo eterno, para convertirla en historia de alianza. Significa que no estamos solos. Que \u00c9l est\u00e1 ya presente de una manera \u201coculta\u201d. Pero esta presencia a\u00fan no es total, est\u00e1 en proceso de crecimiento, de maduraci\u00f3n. Y vivimos tambi\u00e9n con la certeza de que Cristo volver\u00e1 al final de los tiempos. Ese d\u00eda el bien triunfar\u00e1 definitivamente y todo le ser\u00e1 sometido.<\/p>\n<p><em>\u00a1Velad!<\/em> Este es el llamamiento de Jes\u00fas en el Evangelio de hoy. Lo dirige no s\u00f3lo a sus disc\u00edpulos, sino a todos: <em>Velad entonces, pues no sab\u00e9is cu\u00e1ndo vendr\u00e1 el due\u00f1o de la casa, si al atardecer, o a medianoche, o al canto del gallo, o al amanecer; no sea que venga inesperadamente y os encuentre dormidos <\/em>(<em>Mc<\/em> 13, 37).<\/p>\n<p><em>\u00a1Velad!<\/em>, porque f\u00e1cilmente nos despistamos y nos olvidamos de Dios.<\/p>\n<p><em>\u00a1Velad!<\/em>, para que puedas ser <em>arcilla <\/em>en manos del <em>Alfarero, <\/em>y te dejes modelar por su <em>Palabra;<\/em> por la historia que est\u00e1 haciendo contigo, que es historia de amor y de salvaci\u00f3n; por la <em>cruz, <\/em>para que puedas reinar con Cristo en ella.<\/p>\n<p><em>\u00a1Velad! <\/em>Para que puedas ver al Se\u00f1or, que te ama, en medio de tu vida, de tu historia.<\/p>\n<p><em>\u00a1Velad!<\/em> Para que puedas vivir con humildad y acoger al Se\u00f1or que viene a tu coraz\u00f3n.<\/p>\n<p><em>\u00a1Velad!<\/em>, para estar atento a las mociones del Esp\u00edritu Santo.<\/p>\n<p>\u00a1\u00c1nimo! \u00a1\u00c1brele el coraz\u00f3n al Se\u00f1or! No tengas miedo, que no viene a quitarte nada de lo que te hace feliz, sino a d\u00e1rtelo todo. \u00a1Si crees, ver\u00e1s la gloria de Dios!<\/p>\n<p>\u00a1Ven, Esp\u00edritu Santo!<\/p>\n<p>&nbsp;<\/p>\n","protected":false},"excerpt":{"rendered":"<p>Domingo, 3 de diciembre de 2023<\/p>\n","protected":false},"author":20,"featured_media":89474,"comment_status":"closed","ping_status":"closed","sticky":false,"template":"","format":"standard","meta":{"_acf_changed":false,"_crdt_document":"","inline_featured_image":false,"footnotes":""},"categories":[96,74],"tags":[1087,1372,6281,4953],"class_list":["post-89473","post","type-post","status-publish","format-standard","has-post-thumbnail","hentry","category-espiritualidad","category-iglesia-y-mundo","tag-comentario","tag-evangelio","tag-jorge-miro","tag-trending-es"],"acf":[],"yoast_head":"<!-- This site is optimized with the Yoast SEO plugin v27.4 - https:\/\/yoast.com\/product\/yoast-seo-wordpress\/ -->\n<title>Velad, pues no sab\u00e9is cuando vendr\u00e1 el due\u00f1o de la casa: Comentario P. Jorge Mir\u00f3 &#8211; Exaudi<\/title>\n<meta name=\"robots\" content=\"index, follow, max-snippet:-1, max-image-preview:large, max-video-preview:-1\" \/>\n<link rel=\"canonical\" href=\"https:\/\/exaudi.org\/es\/velad-pues-no-sabeis-cuando-vendra-el-dueno-de-la-casa-comentario-p-jorge-miro\/\" \/>\n<meta property=\"og:locale\" content=\"es_ES\" \/>\n<meta property=\"og:type\" content=\"article\" \/>\n<meta property=\"og:title\" content=\"Velad, pues no sab\u00e9is cuando vendr\u00e1 el due\u00f1o de la casa: Comentario P. Jorge Mir\u00f3 &#8211; Exaudi\" \/>\n<meta property=\"og:description\" content=\"Domingo, 3 de diciembre de 2023\" \/>\n<meta property=\"og:url\" content=\"https:\/\/exaudi.org\/es\/velad-pues-no-sabeis-cuando-vendra-el-dueno-de-la-casa-comentario-p-jorge-miro\/\" \/>\n<meta property=\"og:site_name\" content=\"Exaudi\" \/>\n<meta property=\"article:publisher\" content=\"https:\/\/www.facebook.com\/ExaudiNews\" \/>\n<meta property=\"article:published_time\" content=\"2023-12-03T08:48:36+00:00\" \/>\n<meta property=\"article:modified_time\" content=\"2023-12-03T18:29:30+00:00\" \/>\n<meta property=\"og:image\" content=\"https:\/\/exaudi.org\/wp-content\/uploads\/2023\/12\/gabrielmanjarres-8474c6743f513dccf6e65d640e6e2cc9-cathopic-scaled.jpg\" \/>\n\t<meta property=\"og:image:width\" content=\"1707\" \/>\n\t<meta property=\"og:image:height\" content=\"2560\" \/>\n\t<meta property=\"og:image:type\" content=\"image\/jpeg\" \/>\n<meta name=\"author\" content=\"Jorge Mir\u00f3\" \/>\n<meta name=\"twitter:card\" content=\"summary_large_image\" \/>\n<meta name=\"twitter:creator\" content=\"@Exaudi_News\" \/>\n<meta name=\"twitter:site\" content=\"@Exaudi_News\" \/>\n<meta name=\"twitter:label1\" content=\"Escrito por\" \/>\n\t<meta name=\"twitter:data1\" content=\"Jorge Mir\u00f3\" \/>\n\t<meta name=\"twitter:label2\" content=\"Tiempo de lectura\" \/>\n\t<meta name=\"twitter:data2\" content=\"3 minutos\" \/>\n<script type=\"application\/ld+json\" class=\"yoast-schema-graph\">{\"@context\":\"https:\\\/\\\/schema.org\",\"@graph\":[{\"@type\":\"Article\",\"@id\":\"https:\\\/\\\/exaudi.org\\\/es\\\/velad-pues-no-sabeis-cuando-vendra-el-dueno-de-la-casa-comentario-p-jorge-miro\\\/#article\",\"isPartOf\":{\"@id\":\"https:\\\/\\\/exaudi.org\\\/es\\\/velad-pues-no-sabeis-cuando-vendra-el-dueno-de-la-casa-comentario-p-jorge-miro\\\/\"},\"author\":{\"name\":\"Jorge Mir\u00f3\",\"@id\":\"https:\\\/\\\/exaudi.org\\\/#\\\/schema\\\/person\\\/a258c56b05e63b2b367bdca29e0ed3e3\"},\"headline\":\"Velad, pues no sab\u00e9is cuando vendr\u00e1 el due\u00f1o de la casa: Comentario P. Jorge Mir\u00f3\",\"datePublished\":\"2023-12-03T08:48:36+00:00\",\"dateModified\":\"2023-12-03T18:29:30+00:00\",\"mainEntityOfPage\":{\"@id\":\"https:\\\/\\\/exaudi.org\\\/es\\\/velad-pues-no-sabeis-cuando-vendra-el-dueno-de-la-casa-comentario-p-jorge-miro\\\/\"},\"wordCount\":590,\"image\":{\"@id\":\"https:\\\/\\\/exaudi.org\\\/es\\\/velad-pues-no-sabeis-cuando-vendra-el-dueno-de-la-casa-comentario-p-jorge-miro\\\/#primaryimage\"},\"thumbnailUrl\":\"https:\\\/\\\/exaudi.org\\\/wp-content\\\/uploads\\\/2023\\\/12\\\/gabrielmanjarres-8474c6743f513dccf6e65d640e6e2cc9-cathopic-scaled.jpg\",\"keywords\":[\"Comentario\",\"Evangelio\",\"Jorge Mir\u00f3\",\"Trending\"],\"articleSection\":[\"Espiritualidad\",\"Iglesia y Mundo\"],\"inLanguage\":\"es\"},{\"@type\":\"WebPage\",\"@id\":\"https:\\\/\\\/exaudi.org\\\/es\\\/velad-pues-no-sabeis-cuando-vendra-el-dueno-de-la-casa-comentario-p-jorge-miro\\\/\",\"url\":\"https:\\\/\\\/exaudi.org\\\/es\\\/velad-pues-no-sabeis-cuando-vendra-el-dueno-de-la-casa-comentario-p-jorge-miro\\\/\",\"name\":\"Velad, pues no sab\u00e9is cuando vendr\u00e1 el due\u00f1o de la casa: Comentario P. Jorge Mir\u00f3 &#8211; Exaudi\",\"isPartOf\":{\"@id\":\"https:\\\/\\\/exaudi.org\\\/#website\"},\"primaryImageOfPage\":{\"@id\":\"https:\\\/\\\/exaudi.org\\\/es\\\/velad-pues-no-sabeis-cuando-vendra-el-dueno-de-la-casa-comentario-p-jorge-miro\\\/#primaryimage\"},\"image\":{\"@id\":\"https:\\\/\\\/exaudi.org\\\/es\\\/velad-pues-no-sabeis-cuando-vendra-el-dueno-de-la-casa-comentario-p-jorge-miro\\\/#primaryimage\"},\"thumbnailUrl\":\"https:\\\/\\\/exaudi.org\\\/wp-content\\\/uploads\\\/2023\\\/12\\\/gabrielmanjarres-8474c6743f513dccf6e65d640e6e2cc9-cathopic-scaled.jpg\",\"datePublished\":\"2023-12-03T08:48:36+00:00\",\"dateModified\":\"2023-12-03T18:29:30+00:00\",\"author\":{\"@id\":\"https:\\\/\\\/exaudi.org\\\/#\\\/schema\\\/person\\\/a258c56b05e63b2b367bdca29e0ed3e3\"},\"breadcrumb\":{\"@id\":\"https:\\\/\\\/exaudi.org\\\/es\\\/velad-pues-no-sabeis-cuando-vendra-el-dueno-de-la-casa-comentario-p-jorge-miro\\\/#breadcrumb\"},\"inLanguage\":\"es\",\"potentialAction\":[{\"@type\":\"ReadAction\",\"target\":[\"https:\\\/\\\/exaudi.org\\\/es\\\/velad-pues-no-sabeis-cuando-vendra-el-dueno-de-la-casa-comentario-p-jorge-miro\\\/\"]}]},{\"@type\":\"ImageObject\",\"inLanguage\":\"es\",\"@id\":\"https:\\\/\\\/exaudi.org\\\/es\\\/velad-pues-no-sabeis-cuando-vendra-el-dueno-de-la-casa-comentario-p-jorge-miro\\\/#primaryimage\",\"url\":\"https:\\\/\\\/exaudi.org\\\/wp-content\\\/uploads\\\/2023\\\/12\\\/gabrielmanjarres-8474c6743f513dccf6e65d640e6e2cc9-cathopic-scaled.jpg\",\"contentUrl\":\"https:\\\/\\\/exaudi.org\\\/wp-content\\\/uploads\\\/2023\\\/12\\\/gabrielmanjarres-8474c6743f513dccf6e65d640e6e2cc9-cathopic-scaled.jpg\",\"width\":1707,\"height\":2560,\"caption\":\"Cathopic\"},{\"@type\":\"BreadcrumbList\",\"@id\":\"https:\\\/\\\/exaudi.org\\\/es\\\/velad-pues-no-sabeis-cuando-vendra-el-dueno-de-la-casa-comentario-p-jorge-miro\\\/#breadcrumb\",\"itemListElement\":[{\"@type\":\"ListItem\",\"position\":1,\"name\":\"Portada\",\"item\":\"https:\\\/\\\/exaudi.org\\\/es\\\/\"},{\"@type\":\"ListItem\",\"position\":2,\"name\":\"Velad, pues no sab\u00e9is cuando vendr\u00e1 el due\u00f1o de la casa: Comentario P. Jorge Mir\u00f3\"}]},{\"@type\":\"WebSite\",\"@id\":\"https:\\\/\\\/exaudi.org\\\/#website\",\"url\":\"https:\\\/\\\/exaudi.org\\\/\",\"name\":\"Exaudi\",\"description\":\"News\",\"potentialAction\":[{\"@type\":\"SearchAction\",\"target\":{\"@type\":\"EntryPoint\",\"urlTemplate\":\"https:\\\/\\\/exaudi.org\\\/?s={search_term_string}\"},\"query-input\":{\"@type\":\"PropertyValueSpecification\",\"valueRequired\":true,\"valueName\":\"search_term_string\"}}],\"inLanguage\":\"es\"},{\"@type\":\"Person\",\"@id\":\"https:\\\/\\\/exaudi.org\\\/#\\\/schema\\\/person\\\/a258c56b05e63b2b367bdca29e0ed3e3\",\"name\":\"Jorge Mir\u00f3\",\"image\":{\"@type\":\"ImageObject\",\"inLanguage\":\"es\",\"@id\":\"https:\\\/\\\/secure.gravatar.com\\\/avatar\\\/f5ea26c436669b01b7b02124bf13596df002525d6f392707d301543be365bd44?s=96&d=mm&r=g\",\"url\":\"https:\\\/\\\/secure.gravatar.com\\\/avatar\\\/f5ea26c436669b01b7b02124bf13596df002525d6f392707d301543be365bd44?s=96&d=mm&r=g\",\"contentUrl\":\"https:\\\/\\\/secure.gravatar.com\\\/avatar\\\/f5ea26c436669b01b7b02124bf13596df002525d6f392707d301543be365bd44?s=96&d=mm&r=g\",\"caption\":\"Jorge Mir\u00f3\"},\"description\":\"Sacerdote de la archidi\u00f3cesis de Valencia y profesor en la Facultad de Ciencias Jur\u00eddicas, Econ\u00f3micas y Sociales de la Universidad Cat\u00f3lica de Valencia\",\"url\":\"https:\\\/\\\/exaudi.org\\\/es\\\/author\\\/jorgemiro\\\/\"}]}<\/script>\n<!-- \/ Yoast SEO plugin. -->","yoast_head_json":{"title":"Velad, pues no sab\u00e9is cuando vendr\u00e1 el due\u00f1o de la casa: Comentario P. Jorge Mir\u00f3 &#8211; Exaudi","robots":{"index":"index","follow":"follow","max-snippet":"max-snippet:-1","max-image-preview":"max-image-preview:large","max-video-preview":"max-video-preview:-1"},"canonical":"https:\/\/exaudi.org\/es\/velad-pues-no-sabeis-cuando-vendra-el-dueno-de-la-casa-comentario-p-jorge-miro\/","og_locale":"es_ES","og_type":"article","og_title":"Velad, pues no sab\u00e9is cuando vendr\u00e1 el due\u00f1o de la casa: Comentario P. Jorge Mir\u00f3 &#8211; Exaudi","og_description":"Domingo, 3 de diciembre de 2023","og_url":"https:\/\/exaudi.org\/es\/velad-pues-no-sabeis-cuando-vendra-el-dueno-de-la-casa-comentario-p-jorge-miro\/","og_site_name":"Exaudi","article_publisher":"https:\/\/www.facebook.com\/ExaudiNews","article_published_time":"2023-12-03T08:48:36+00:00","article_modified_time":"2023-12-03T18:29:30+00:00","og_image":[{"width":1707,"height":2560,"url":"https:\/\/exaudi.org\/wp-content\/uploads\/2023\/12\/gabrielmanjarres-8474c6743f513dccf6e65d640e6e2cc9-cathopic-scaled.jpg","type":"image\/jpeg"}],"author":"Jorge Mir\u00f3","twitter_card":"summary_large_image","twitter_creator":"@Exaudi_News","twitter_site":"@Exaudi_News","twitter_misc":{"Escrito por":"Jorge Mir\u00f3","Tiempo de lectura":"3 minutos"},"schema":{"@context":"https:\/\/schema.org","@graph":[{"@type":"Article","@id":"https:\/\/exaudi.org\/es\/velad-pues-no-sabeis-cuando-vendra-el-dueno-de-la-casa-comentario-p-jorge-miro\/#article","isPartOf":{"@id":"https:\/\/exaudi.org\/es\/velad-pues-no-sabeis-cuando-vendra-el-dueno-de-la-casa-comentario-p-jorge-miro\/"},"author":{"name":"Jorge Mir\u00f3","@id":"https:\/\/exaudi.org\/#\/schema\/person\/a258c56b05e63b2b367bdca29e0ed3e3"},"headline":"Velad, pues no sab\u00e9is cuando vendr\u00e1 el due\u00f1o de la casa: Comentario P. Jorge Mir\u00f3","datePublished":"2023-12-03T08:48:36+00:00","dateModified":"2023-12-03T18:29:30+00:00","mainEntityOfPage":{"@id":"https:\/\/exaudi.org\/es\/velad-pues-no-sabeis-cuando-vendra-el-dueno-de-la-casa-comentario-p-jorge-miro\/"},"wordCount":590,"image":{"@id":"https:\/\/exaudi.org\/es\/velad-pues-no-sabeis-cuando-vendra-el-dueno-de-la-casa-comentario-p-jorge-miro\/#primaryimage"},"thumbnailUrl":"https:\/\/exaudi.org\/wp-content\/uploads\/2023\/12\/gabrielmanjarres-8474c6743f513dccf6e65d640e6e2cc9-cathopic-scaled.jpg","keywords":["Comentario","Evangelio","Jorge Mir\u00f3","Trending"],"articleSection":["Espiritualidad","Iglesia y Mundo"],"inLanguage":"es"},{"@type":"WebPage","@id":"https:\/\/exaudi.org\/es\/velad-pues-no-sabeis-cuando-vendra-el-dueno-de-la-casa-comentario-p-jorge-miro\/","url":"https:\/\/exaudi.org\/es\/velad-pues-no-sabeis-cuando-vendra-el-dueno-de-la-casa-comentario-p-jorge-miro\/","name":"Velad, pues no sab\u00e9is cuando vendr\u00e1 el due\u00f1o de la casa: Comentario P. Jorge Mir\u00f3 &#8211; Exaudi","isPartOf":{"@id":"https:\/\/exaudi.org\/#website"},"primaryImageOfPage":{"@id":"https:\/\/exaudi.org\/es\/velad-pues-no-sabeis-cuando-vendra-el-dueno-de-la-casa-comentario-p-jorge-miro\/#primaryimage"},"image":{"@id":"https:\/\/exaudi.org\/es\/velad-pues-no-sabeis-cuando-vendra-el-dueno-de-la-casa-comentario-p-jorge-miro\/#primaryimage"},"thumbnailUrl":"https:\/\/exaudi.org\/wp-content\/uploads\/2023\/12\/gabrielmanjarres-8474c6743f513dccf6e65d640e6e2cc9-cathopic-scaled.jpg","datePublished":"2023-12-03T08:48:36+00:00","dateModified":"2023-12-03T18:29:30+00:00","author":{"@id":"https:\/\/exaudi.org\/#\/schema\/person\/a258c56b05e63b2b367bdca29e0ed3e3"},"breadcrumb":{"@id":"https:\/\/exaudi.org\/es\/velad-pues-no-sabeis-cuando-vendra-el-dueno-de-la-casa-comentario-p-jorge-miro\/#breadcrumb"},"inLanguage":"es","potentialAction":[{"@type":"ReadAction","target":["https:\/\/exaudi.org\/es\/velad-pues-no-sabeis-cuando-vendra-el-dueno-de-la-casa-comentario-p-jorge-miro\/"]}]},{"@type":"ImageObject","inLanguage":"es","@id":"https:\/\/exaudi.org\/es\/velad-pues-no-sabeis-cuando-vendra-el-dueno-de-la-casa-comentario-p-jorge-miro\/#primaryimage","url":"https:\/\/exaudi.org\/wp-content\/uploads\/2023\/12\/gabrielmanjarres-8474c6743f513dccf6e65d640e6e2cc9-cathopic-scaled.jpg","contentUrl":"https:\/\/exaudi.org\/wp-content\/uploads\/2023\/12\/gabrielmanjarres-8474c6743f513dccf6e65d640e6e2cc9-cathopic-scaled.jpg","width":1707,"height":2560,"caption":"Cathopic"},{"@type":"BreadcrumbList","@id":"https:\/\/exaudi.org\/es\/velad-pues-no-sabeis-cuando-vendra-el-dueno-de-la-casa-comentario-p-jorge-miro\/#breadcrumb","itemListElement":[{"@type":"ListItem","position":1,"name":"Portada","item":"https:\/\/exaudi.org\/es\/"},{"@type":"ListItem","position":2,"name":"Velad, pues no sab\u00e9is cuando vendr\u00e1 el due\u00f1o de la casa: Comentario P. Jorge Mir\u00f3"}]},{"@type":"WebSite","@id":"https:\/\/exaudi.org\/#website","url":"https:\/\/exaudi.org\/","name":"Exaudi","description":"News","potentialAction":[{"@type":"SearchAction","target":{"@type":"EntryPoint","urlTemplate":"https:\/\/exaudi.org\/?s={search_term_string}"},"query-input":{"@type":"PropertyValueSpecification","valueRequired":true,"valueName":"search_term_string"}}],"inLanguage":"es"},{"@type":"Person","@id":"https:\/\/exaudi.org\/#\/schema\/person\/a258c56b05e63b2b367bdca29e0ed3e3","name":"Jorge Mir\u00f3","image":{"@type":"ImageObject","inLanguage":"es","@id":"https:\/\/secure.gravatar.com\/avatar\/f5ea26c436669b01b7b02124bf13596df002525d6f392707d301543be365bd44?s=96&d=mm&r=g","url":"https:\/\/secure.gravatar.com\/avatar\/f5ea26c436669b01b7b02124bf13596df002525d6f392707d301543be365bd44?s=96&d=mm&r=g","contentUrl":"https:\/\/secure.gravatar.com\/avatar\/f5ea26c436669b01b7b02124bf13596df002525d6f392707d301543be365bd44?s=96&d=mm&r=g","caption":"Jorge Mir\u00f3"},"description":"Sacerdote de la archidi\u00f3cesis de Valencia y profesor en la Facultad de Ciencias Jur\u00eddicas, Econ\u00f3micas y Sociales de la Universidad Cat\u00f3lica de Valencia","url":"https:\/\/exaudi.org\/es\/author\/jorgemiro\/"}]}},"jetpack_featured_media_url":"https:\/\/exaudi.org\/wp-content\/uploads\/2023\/12\/gabrielmanjarres-8474c6743f513dccf6e65d640e6e2cc9-cathopic-scaled.jpg","jetpack_shortlink":"https:\/\/wp.me\/pgKjF2-nh7","_links":{"self":[{"href":"https:\/\/exaudi.org\/es\/wp-json\/wp\/v2\/posts\/89473","targetHints":{"allow":["GET"]}}],"collection":[{"href":"https:\/\/exaudi.org\/es\/wp-json\/wp\/v2\/posts"}],"about":[{"href":"https:\/\/exaudi.org\/es\/wp-json\/wp\/v2\/types\/post"}],"author":[{"embeddable":true,"href":"https:\/\/exaudi.org\/es\/wp-json\/wp\/v2\/users\/20"}],"replies":[{"embeddable":true,"href":"https:\/\/exaudi.org\/es\/wp-json\/wp\/v2\/comments?post=89473"}],"version-history":[{"count":0,"href":"https:\/\/exaudi.org\/es\/wp-json\/wp\/v2\/posts\/89473\/revisions"}],"wp:featuredmedia":[{"embeddable":true,"href":"https:\/\/exaudi.org\/es\/wp-json\/wp\/v2\/media\/89474"}],"wp:attachment":[{"href":"https:\/\/exaudi.org\/es\/wp-json\/wp\/v2\/media?parent=89473"}],"wp:term":[{"taxonomy":"category","embeddable":true,"href":"https:\/\/exaudi.org\/es\/wp-json\/wp\/v2\/categories?post=89473"},{"taxonomy":"post_tag","embeddable":true,"href":"https:\/\/exaudi.org\/es\/wp-json\/wp\/v2\/tags?post=89473"}],"curies":[{"name":"wp","href":"https:\/\/api.w.org\/{rel}","templated":true}]}}