{"id":89460,"date":"2023-12-02T15:35:36","date_gmt":"2023-12-02T14:35:36","guid":{"rendered":"https:\/\/exaudi.org\/?p=89460"},"modified":"2023-12-02T15:35:36","modified_gmt":"2023-12-02T14:35:36","slug":"la-libertad-individual-de-cada-uno-de-sus-fieles-es-uno-de-los-rasgos-esenciales-del-carisma-de-la-obra","status":"publish","type":"post","link":"https:\/\/exaudi.org\/es\/la-libertad-individual-de-cada-uno-de-sus-fieles-es-uno-de-los-rasgos-esenciales-del-carisma-de-la-obra\/","title":{"rendered":"La libertad individual de cada uno de sus fieles es uno de los rasgos esenciales del carisma de la Obra"},"content":{"rendered":"<audio class=\"wp-audio-shortcode\" id=\"audio-89460-1\" preload=\"none\" style=\"width: 100%;\" controls=\"controls\"><source type=\"audio\/mpeg\" src=\"https:\/\/exaudi.org\/wp-content\/uploads\/2023\/12\/La-libertad-individual.mp3?_=1\" \/><a href=\"https:\/\/exaudi.org\/wp-content\/uploads\/2023\/12\/La-libertad-individual.mp3\">https:\/\/exaudi.org\/wp-content\/uploads\/2023\/12\/La-libertad-individual.mp3<\/a><\/audio>\n<p>Ante las\u00a0<a href=\"https:\/\/elpais.com\/sociedad\/2023-12-02\/un-miembro-del-opus-dei-y-funcionario-municipal-finge-ser-una-victima-para-atacar-la-investigacion-de-la-pederastia-en-la-iglesia.html\" target=\"_blank\" rel=\"noopener\">informaciones publicadas hoy<\/a>\u00a0por el diario El Pa\u00eds, la prelatura del Opus\u00a0Dei en Espa\u00f1a quiere agradecer al diario la oportunidad de contribuir a la informaci\u00f3n con las aclaraciones de la Prelatura.<\/p>\n<p>Adem\u00e1s, para mayor concisi\u00f3n y detalle, a lo ya manifestado en las mencionadas aclaraciones, el Opus\u00a0Dei quiere destacar que:<\/p>\n<p>1. La libertad individual de cada uno de sus fieles es uno de los rasgos esenciales del carisma de la Obra (art\u00edculo 88 y otros de los Estatutos del Opus\u00a0Dei), por lo que en modo alguno la Prelatura ni sus \u00f3rganos de gobierno interfieren en las decisiones personales de los miembros de la Prelatura.<\/p>\n<p>2. En este sentido, las acciones particulares son \u00fanica y exclusivamente eso: particulares. Cualquier otra consideraci\u00f3n al respecto est\u00e1 fuera del carisma y el esp\u00edritu del que, desde su misma fundaci\u00f3n, se nutre el Opus\u00a0Dei.<\/p>\n<p>3. La Prelatura no valora ni juzga los informes y publicaciones realizados por distintas entidades y organizaciones sobre el drama de los abusos sexuales a menores sucedidos en el \u00e1mbito de la Iglesia.<\/p>\n<p>4. Los abusos sexuales sucedidos en el \u00e1mbito de la Iglesia cat\u00f3lica son una fuente de profundo dolor para toda la Iglesia. El Opus\u00a0Dei, en comuni\u00f3n con el Papa y con la Iglesia universal, deplora las conductas y hechos que se hayan podido producir en su seno y en modo alguno contribuye ni contribuir\u00e1 a cualquier acci\u00f3n que pueda aumentar el dolor de las v\u00edctimas.<\/p>\n<p>5. Reitera su petici\u00f3n de perd\u00f3n a todas las v\u00edctimas, tanto a las que afectan directamente al Opus\u00a0Dei como al resto.<\/p>\n","protected":false},"excerpt":{"rendered":"<p>Nota aclaratoria de la Oficina de informaci\u00f3n del Opus Dei <\/p>\n","protected":false},"author":15,"featured_media":89461,"comment_status":"closed","ping_status":"closed","sticky":false,"template":"","format":"standard","meta":{"_acf_changed":false,"_crdt_document":"","inline_featured_image":false,"footnotes":""},"categories":[74],"tags":[11301,11300,2448,4953],"class_list":["post-89460","post","type-post","status-publish","format-standard","has-post-thumbnail","hentry","category-iglesia-y-mundo","tag-alfredo-fernandez","tag-el-pais","tag-opus-dei-es","tag-trending-es"],"acf":[],"yoast_head":"<!-- This site is optimized with the Yoast SEO plugin v27.4 - https:\/\/yoast.com\/product\/yoast-seo-wordpress\/ -->\n<title>La libertad individual de cada uno de sus fieles es uno de los rasgos esenciales del carisma de la Obra &#8211; Exaudi<\/title>\n<meta name=\"robots\" content=\"index, follow, max-snippet:-1, max-image-preview:large, max-video-preview:-1\" \/>\n<link rel=\"canonical\" href=\"https:\/\/exaudi.org\/es\/la-libertad-individual-de-cada-uno-de-sus-fieles-es-uno-de-los-rasgos-esenciales-del-carisma-de-la-obra\/\" \/>\n<meta property=\"og:locale\" content=\"es_ES\" \/>\n<meta property=\"og:type\" content=\"article\" \/>\n<meta property=\"og:title\" content=\"La libertad individual de cada uno de sus fieles es uno de los rasgos esenciales del carisma de la Obra &#8211; Exaudi\" \/>\n<meta property=\"og:description\" content=\"Nota aclaratoria de la Oficina de informaci\u00f3n del Opus Dei\" \/>\n<meta property=\"og:url\" content=\"https:\/\/exaudi.org\/es\/la-libertad-individual-de-cada-uno-de-sus-fieles-es-uno-de-los-rasgos-esenciales-del-carisma-de-la-obra\/\" \/>\n<meta property=\"og:site_name\" content=\"Exaudi\" \/>\n<meta property=\"article:publisher\" content=\"https:\/\/www.facebook.com\/ExaudiNews\" \/>\n<meta property=\"article:author\" content=\"https:\/\/www.facebook.com\/ExaudiNoticias\/\" \/>\n<meta property=\"article:published_time\" content=\"2023-12-02T14:35:36+00:00\" \/>\n<meta property=\"og:image\" content=\"https:\/\/exaudi.org\/wp-content\/uploads\/2023\/12\/pexels-mike-chai-842339-scaled.jpg\" \/>\n\t<meta property=\"og:image:width\" content=\"2560\" \/>\n\t<meta property=\"og:image:height\" content=\"1708\" \/>\n\t<meta property=\"og:image:type\" content=\"image\/jpeg\" \/>\n<meta name=\"author\" content=\"Exaudi Redacci\u00f3n\" \/>\n<meta name=\"twitter:card\" content=\"summary_large_image\" \/>\n<meta name=\"twitter:creator\" content=\"@Exaudi_noticias\" \/>\n<meta name=\"twitter:site\" content=\"@Exaudi_News\" \/>\n<meta name=\"twitter:label1\" content=\"Escrito por\" \/>\n\t<meta name=\"twitter:data1\" content=\"Exaudi Redacci\u00f3n\" \/>\n\t<meta name=\"twitter:label2\" content=\"Tiempo de lectura\" \/>\n\t<meta name=\"twitter:data2\" content=\"1 minuto\" \/>\n<script type=\"application\/ld+json\" class=\"yoast-schema-graph\">{\"@context\":\"https:\\\/\\\/schema.org\",\"@graph\":[{\"@type\":\"Article\",\"@id\":\"https:\\\/\\\/exaudi.org\\\/es\\\/la-libertad-individual-de-cada-uno-de-sus-fieles-es-uno-de-los-rasgos-esenciales-del-carisma-de-la-obra\\\/#article\",\"isPartOf\":{\"@id\":\"https:\\\/\\\/exaudi.org\\\/es\\\/la-libertad-individual-de-cada-uno-de-sus-fieles-es-uno-de-los-rasgos-esenciales-del-carisma-de-la-obra\\\/\"},\"author\":{\"name\":\"Exaudi Redacci\u00f3n\",\"@id\":\"https:\\\/\\\/exaudi.org\\\/#\\\/schema\\\/person\\\/f5fc8f063065e38742da7afe15f25df7\"},\"headline\":\"La libertad individual de cada uno de sus fieles es uno de los rasgos esenciales del carisma de la Obra\",\"datePublished\":\"2023-12-02T14:35:36+00:00\",\"mainEntityOfPage\":{\"@id\":\"https:\\\/\\\/exaudi.org\\\/es\\\/la-libertad-individual-de-cada-uno-de-sus-fieles-es-uno-de-los-rasgos-esenciales-del-carisma-de-la-obra\\\/\"},\"wordCount\":306,\"image\":{\"@id\":\"https:\\\/\\\/exaudi.org\\\/es\\\/la-libertad-individual-de-cada-uno-de-sus-fieles-es-uno-de-los-rasgos-esenciales-del-carisma-de-la-obra\\\/#primaryimage\"},\"thumbnailUrl\":\"https:\\\/\\\/exaudi.org\\\/wp-content\\\/uploads\\\/2023\\\/12\\\/pexels-mike-chai-842339-scaled.jpg\",\"keywords\":[\"Alfredo Fern\u00e1ndez\",\"El Pa\u00eds\",\"Opus Dei\",\"Trending\"],\"articleSection\":[\"Iglesia y Mundo\"],\"inLanguage\":\"es\"},{\"@type\":\"WebPage\",\"@id\":\"https:\\\/\\\/exaudi.org\\\/es\\\/la-libertad-individual-de-cada-uno-de-sus-fieles-es-uno-de-los-rasgos-esenciales-del-carisma-de-la-obra\\\/\",\"url\":\"https:\\\/\\\/exaudi.org\\\/es\\\/la-libertad-individual-de-cada-uno-de-sus-fieles-es-uno-de-los-rasgos-esenciales-del-carisma-de-la-obra\\\/\",\"name\":\"La libertad individual de cada uno de sus fieles es uno de los rasgos esenciales del carisma de la Obra &#8211; Exaudi\",\"isPartOf\":{\"@id\":\"https:\\\/\\\/exaudi.org\\\/#website\"},\"primaryImageOfPage\":{\"@id\":\"https:\\\/\\\/exaudi.org\\\/es\\\/la-libertad-individual-de-cada-uno-de-sus-fieles-es-uno-de-los-rasgos-esenciales-del-carisma-de-la-obra\\\/#primaryimage\"},\"image\":{\"@id\":\"https:\\\/\\\/exaudi.org\\\/es\\\/la-libertad-individual-de-cada-uno-de-sus-fieles-es-uno-de-los-rasgos-esenciales-del-carisma-de-la-obra\\\/#primaryimage\"},\"thumbnailUrl\":\"https:\\\/\\\/exaudi.org\\\/wp-content\\\/uploads\\\/2023\\\/12\\\/pexels-mike-chai-842339-scaled.jpg\",\"datePublished\":\"2023-12-02T14:35:36+00:00\",\"author\":{\"@id\":\"https:\\\/\\\/exaudi.org\\\/#\\\/schema\\\/person\\\/f5fc8f063065e38742da7afe15f25df7\"},\"breadcrumb\":{\"@id\":\"https:\\\/\\\/exaudi.org\\\/es\\\/la-libertad-individual-de-cada-uno-de-sus-fieles-es-uno-de-los-rasgos-esenciales-del-carisma-de-la-obra\\\/#breadcrumb\"},\"inLanguage\":\"es\",\"potentialAction\":[{\"@type\":\"ReadAction\",\"target\":[\"https:\\\/\\\/exaudi.org\\\/es\\\/la-libertad-individual-de-cada-uno-de-sus-fieles-es-uno-de-los-rasgos-esenciales-del-carisma-de-la-obra\\\/\"]}]},{\"@type\":\"ImageObject\",\"inLanguage\":\"es\",\"@id\":\"https:\\\/\\\/exaudi.org\\\/es\\\/la-libertad-individual-de-cada-uno-de-sus-fieles-es-uno-de-los-rasgos-esenciales-del-carisma-de-la-obra\\\/#primaryimage\",\"url\":\"https:\\\/\\\/exaudi.org\\\/wp-content\\\/uploads\\\/2023\\\/12\\\/pexels-mike-chai-842339-scaled.jpg\",\"contentUrl\":\"https:\\\/\\\/exaudi.org\\\/wp-content\\\/uploads\\\/2023\\\/12\\\/pexels-mike-chai-842339-scaled.jpg\",\"width\":2560,\"height\":1708},{\"@type\":\"BreadcrumbList\",\"@id\":\"https:\\\/\\\/exaudi.org\\\/es\\\/la-libertad-individual-de-cada-uno-de-sus-fieles-es-uno-de-los-rasgos-esenciales-del-carisma-de-la-obra\\\/#breadcrumb\",\"itemListElement\":[{\"@type\":\"ListItem\",\"position\":1,\"name\":\"Portada\",\"item\":\"https:\\\/\\\/exaudi.org\\\/es\\\/\"},{\"@type\":\"ListItem\",\"position\":2,\"name\":\"La libertad individual de cada uno de sus fieles es uno de los rasgos esenciales del carisma de la Obra\"}]},{\"@type\":\"WebSite\",\"@id\":\"https:\\\/\\\/exaudi.org\\\/#website\",\"url\":\"https:\\\/\\\/exaudi.org\\\/\",\"name\":\"Exaudi\",\"description\":\"News\",\"potentialAction\":[{\"@type\":\"SearchAction\",\"target\":{\"@type\":\"EntryPoint\",\"urlTemplate\":\"https:\\\/\\\/exaudi.org\\\/?s={search_term_string}\"},\"query-input\":{\"@type\":\"PropertyValueSpecification\",\"valueRequired\":true,\"valueName\":\"search_term_string\"}}],\"inLanguage\":\"es\"},{\"@type\":\"Person\",\"@id\":\"https:\\\/\\\/exaudi.org\\\/#\\\/schema\\\/person\\\/f5fc8f063065e38742da7afe15f25df7\",\"name\":\"Exaudi Redacci\u00f3n\",\"image\":{\"@type\":\"ImageObject\",\"inLanguage\":\"es\",\"@id\":\"https:\\\/\\\/secure.gravatar.com\\\/avatar\\\/fe0f6a059fb68d9b3e11bc5850dd4899b1c7492091a3cb6dd9b01b56ad828be2?s=96&d=mm&r=g\",\"url\":\"https:\\\/\\\/secure.gravatar.com\\\/avatar\\\/fe0f6a059fb68d9b3e11bc5850dd4899b1c7492091a3cb6dd9b01b56ad828be2?s=96&d=mm&r=g\",\"contentUrl\":\"https:\\\/\\\/secure.gravatar.com\\\/avatar\\\/fe0f6a059fb68d9b3e11bc5850dd4899b1c7492091a3cb6dd9b01b56ad828be2?s=96&d=mm&r=g\",\"caption\":\"Exaudi Redacci\u00f3n\"},\"description\":\"\u00bfQu\u00e9 es Exaudi News? Exaudi News es un medio de comunicaci\u00f3n cat\u00f3lico internacional que informa, forma y transforma, diariamente en espa\u00f1ol, ingl\u00e9s e italiano. A trav\u00e9s de noticias, art\u00edculos de an\u00e1lisis y transmisiones en directo de los eventos del Papa, Exaudi busca fortalecer la unidad de los cristianos y contribuir a la evangelizaci\u00f3n del mundo, siempre guiados por la doctrina social de la Iglesia. Trabajamos para acercar la verdad y los valores cristianos a cada rinc\u00f3n del planeta. \u00a1Ay\u00fadanos a transformar el mundo con Exaudi! En Exaudi creemos que la evangelizaci\u00f3n y la informaci\u00f3n de calidad pueden cambiar vidas. Para continuar con nuestra misi\u00f3n y expandir nuestro alcance, necesitamos tu ayuda. Adem\u00e1s, buscamos personas comprometidas que deseen unirse a nuestro equipo. Con tu apoyo, lograremos llegar a m\u00e1s personas, difundir el mensaje de Cristo y reforzar la unidad de los cristianos. \u00bfTe unes a nuestra misi\u00f3n? Para m\u00e1s informaci\u00f3n sobre c\u00f3mo colaborar, visita Exaudi.org\\\/es o cont\u00e1ctanos directamente: info@exaudi.org Exaudi: Informa, forma y transforma.\",\"sameAs\":[\"https:\\\/\\\/www.facebook.com\\\/ExaudiNoticias\\\/\",\"https:\\\/\\\/www.instagram.com\\\/exaudi_noticias\\\/\",\"https:\\\/\\\/x.com\\\/Exaudi_noticias\",\"https:\\\/\\\/www.youtube.com\\\/@exaudicatholicnews\"],\"url\":\"https:\\\/\\\/exaudi.org\\\/es\\\/author\\\/redaccionexaudi\\\/\"}]}<\/script>\n<!-- \/ Yoast SEO plugin. -->","yoast_head_json":{"title":"La libertad individual de cada uno de sus fieles es uno de los rasgos esenciales del carisma de la Obra &#8211; Exaudi","robots":{"index":"index","follow":"follow","max-snippet":"max-snippet:-1","max-image-preview":"max-image-preview:large","max-video-preview":"max-video-preview:-1"},"canonical":"https:\/\/exaudi.org\/es\/la-libertad-individual-de-cada-uno-de-sus-fieles-es-uno-de-los-rasgos-esenciales-del-carisma-de-la-obra\/","og_locale":"es_ES","og_type":"article","og_title":"La libertad individual de cada uno de sus fieles es uno de los rasgos esenciales del carisma de la Obra &#8211; Exaudi","og_description":"Nota aclaratoria de la Oficina de informaci\u00f3n del Opus Dei","og_url":"https:\/\/exaudi.org\/es\/la-libertad-individual-de-cada-uno-de-sus-fieles-es-uno-de-los-rasgos-esenciales-del-carisma-de-la-obra\/","og_site_name":"Exaudi","article_publisher":"https:\/\/www.facebook.com\/ExaudiNews","article_author":"https:\/\/www.facebook.com\/ExaudiNoticias\/","article_published_time":"2023-12-02T14:35:36+00:00","og_image":[{"width":2560,"height":1708,"url":"https:\/\/exaudi.org\/wp-content\/uploads\/2023\/12\/pexels-mike-chai-842339-scaled.jpg","type":"image\/jpeg"}],"author":"Exaudi Redacci\u00f3n","twitter_card":"summary_large_image","twitter_creator":"@Exaudi_noticias","twitter_site":"@Exaudi_News","twitter_misc":{"Escrito por":"Exaudi Redacci\u00f3n","Tiempo de lectura":"1 minuto"},"schema":{"@context":"https:\/\/schema.org","@graph":[{"@type":"Article","@id":"https:\/\/exaudi.org\/es\/la-libertad-individual-de-cada-uno-de-sus-fieles-es-uno-de-los-rasgos-esenciales-del-carisma-de-la-obra\/#article","isPartOf":{"@id":"https:\/\/exaudi.org\/es\/la-libertad-individual-de-cada-uno-de-sus-fieles-es-uno-de-los-rasgos-esenciales-del-carisma-de-la-obra\/"},"author":{"name":"Exaudi Redacci\u00f3n","@id":"https:\/\/exaudi.org\/#\/schema\/person\/f5fc8f063065e38742da7afe15f25df7"},"headline":"La libertad individual de cada uno de sus fieles es uno de los rasgos esenciales del carisma de la Obra","datePublished":"2023-12-02T14:35:36+00:00","mainEntityOfPage":{"@id":"https:\/\/exaudi.org\/es\/la-libertad-individual-de-cada-uno-de-sus-fieles-es-uno-de-los-rasgos-esenciales-del-carisma-de-la-obra\/"},"wordCount":306,"image":{"@id":"https:\/\/exaudi.org\/es\/la-libertad-individual-de-cada-uno-de-sus-fieles-es-uno-de-los-rasgos-esenciales-del-carisma-de-la-obra\/#primaryimage"},"thumbnailUrl":"https:\/\/exaudi.org\/wp-content\/uploads\/2023\/12\/pexels-mike-chai-842339-scaled.jpg","keywords":["Alfredo Fern\u00e1ndez","El Pa\u00eds","Opus Dei","Trending"],"articleSection":["Iglesia y Mundo"],"inLanguage":"es"},{"@type":"WebPage","@id":"https:\/\/exaudi.org\/es\/la-libertad-individual-de-cada-uno-de-sus-fieles-es-uno-de-los-rasgos-esenciales-del-carisma-de-la-obra\/","url":"https:\/\/exaudi.org\/es\/la-libertad-individual-de-cada-uno-de-sus-fieles-es-uno-de-los-rasgos-esenciales-del-carisma-de-la-obra\/","name":"La libertad individual de cada uno de sus fieles es uno de los rasgos esenciales del carisma de la Obra &#8211; Exaudi","isPartOf":{"@id":"https:\/\/exaudi.org\/#website"},"primaryImageOfPage":{"@id":"https:\/\/exaudi.org\/es\/la-libertad-individual-de-cada-uno-de-sus-fieles-es-uno-de-los-rasgos-esenciales-del-carisma-de-la-obra\/#primaryimage"},"image":{"@id":"https:\/\/exaudi.org\/es\/la-libertad-individual-de-cada-uno-de-sus-fieles-es-uno-de-los-rasgos-esenciales-del-carisma-de-la-obra\/#primaryimage"},"thumbnailUrl":"https:\/\/exaudi.org\/wp-content\/uploads\/2023\/12\/pexels-mike-chai-842339-scaled.jpg","datePublished":"2023-12-02T14:35:36+00:00","author":{"@id":"https:\/\/exaudi.org\/#\/schema\/person\/f5fc8f063065e38742da7afe15f25df7"},"breadcrumb":{"@id":"https:\/\/exaudi.org\/es\/la-libertad-individual-de-cada-uno-de-sus-fieles-es-uno-de-los-rasgos-esenciales-del-carisma-de-la-obra\/#breadcrumb"},"inLanguage":"es","potentialAction":[{"@type":"ReadAction","target":["https:\/\/exaudi.org\/es\/la-libertad-individual-de-cada-uno-de-sus-fieles-es-uno-de-los-rasgos-esenciales-del-carisma-de-la-obra\/"]}]},{"@type":"ImageObject","inLanguage":"es","@id":"https:\/\/exaudi.org\/es\/la-libertad-individual-de-cada-uno-de-sus-fieles-es-uno-de-los-rasgos-esenciales-del-carisma-de-la-obra\/#primaryimage","url":"https:\/\/exaudi.org\/wp-content\/uploads\/2023\/12\/pexels-mike-chai-842339-scaled.jpg","contentUrl":"https:\/\/exaudi.org\/wp-content\/uploads\/2023\/12\/pexels-mike-chai-842339-scaled.jpg","width":2560,"height":1708},{"@type":"BreadcrumbList","@id":"https:\/\/exaudi.org\/es\/la-libertad-individual-de-cada-uno-de-sus-fieles-es-uno-de-los-rasgos-esenciales-del-carisma-de-la-obra\/#breadcrumb","itemListElement":[{"@type":"ListItem","position":1,"name":"Portada","item":"https:\/\/exaudi.org\/es\/"},{"@type":"ListItem","position":2,"name":"La libertad individual de cada uno de sus fieles es uno de los rasgos esenciales del carisma de la Obra"}]},{"@type":"WebSite","@id":"https:\/\/exaudi.org\/#website","url":"https:\/\/exaudi.org\/","name":"Exaudi","description":"News","potentialAction":[{"@type":"SearchAction","target":{"@type":"EntryPoint","urlTemplate":"https:\/\/exaudi.org\/?s={search_term_string}"},"query-input":{"@type":"PropertyValueSpecification","valueRequired":true,"valueName":"search_term_string"}}],"inLanguage":"es"},{"@type":"Person","@id":"https:\/\/exaudi.org\/#\/schema\/person\/f5fc8f063065e38742da7afe15f25df7","name":"Exaudi Redacci\u00f3n","image":{"@type":"ImageObject","inLanguage":"es","@id":"https:\/\/secure.gravatar.com\/avatar\/fe0f6a059fb68d9b3e11bc5850dd4899b1c7492091a3cb6dd9b01b56ad828be2?s=96&d=mm&r=g","url":"https:\/\/secure.gravatar.com\/avatar\/fe0f6a059fb68d9b3e11bc5850dd4899b1c7492091a3cb6dd9b01b56ad828be2?s=96&d=mm&r=g","contentUrl":"https:\/\/secure.gravatar.com\/avatar\/fe0f6a059fb68d9b3e11bc5850dd4899b1c7492091a3cb6dd9b01b56ad828be2?s=96&d=mm&r=g","caption":"Exaudi Redacci\u00f3n"},"description":"\u00bfQu\u00e9 es Exaudi News? Exaudi News es un medio de comunicaci\u00f3n cat\u00f3lico internacional que informa, forma y transforma, diariamente en espa\u00f1ol, ingl\u00e9s e italiano. A trav\u00e9s de noticias, art\u00edculos de an\u00e1lisis y transmisiones en directo de los eventos del Papa, Exaudi busca fortalecer la unidad de los cristianos y contribuir a la evangelizaci\u00f3n del mundo, siempre guiados por la doctrina social de la Iglesia. Trabajamos para acercar la verdad y los valores cristianos a cada rinc\u00f3n del planeta. \u00a1Ay\u00fadanos a transformar el mundo con Exaudi! En Exaudi creemos que la evangelizaci\u00f3n y la informaci\u00f3n de calidad pueden cambiar vidas. Para continuar con nuestra misi\u00f3n y expandir nuestro alcance, necesitamos tu ayuda. Adem\u00e1s, buscamos personas comprometidas que deseen unirse a nuestro equipo. Con tu apoyo, lograremos llegar a m\u00e1s personas, difundir el mensaje de Cristo y reforzar la unidad de los cristianos. \u00bfTe unes a nuestra misi\u00f3n? Para m\u00e1s informaci\u00f3n sobre c\u00f3mo colaborar, visita Exaudi.org\/es o cont\u00e1ctanos directamente: info@exaudi.org Exaudi: Informa, forma y transforma.","sameAs":["https:\/\/www.facebook.com\/ExaudiNoticias\/","https:\/\/www.instagram.com\/exaudi_noticias\/","https:\/\/x.com\/Exaudi_noticias","https:\/\/www.youtube.com\/@exaudicatholicnews"],"url":"https:\/\/exaudi.org\/es\/author\/redaccionexaudi\/"}]}},"jetpack_featured_media_url":"https:\/\/exaudi.org\/wp-content\/uploads\/2023\/12\/pexels-mike-chai-842339-scaled.jpg","jetpack_shortlink":"https:\/\/wp.me\/pgKjF2-ngU","_links":{"self":[{"href":"https:\/\/exaudi.org\/es\/wp-json\/wp\/v2\/posts\/89460","targetHints":{"allow":["GET"]}}],"collection":[{"href":"https:\/\/exaudi.org\/es\/wp-json\/wp\/v2\/posts"}],"about":[{"href":"https:\/\/exaudi.org\/es\/wp-json\/wp\/v2\/types\/post"}],"author":[{"embeddable":true,"href":"https:\/\/exaudi.org\/es\/wp-json\/wp\/v2\/users\/15"}],"replies":[{"embeddable":true,"href":"https:\/\/exaudi.org\/es\/wp-json\/wp\/v2\/comments?post=89460"}],"version-history":[{"count":0,"href":"https:\/\/exaudi.org\/es\/wp-json\/wp\/v2\/posts\/89460\/revisions"}],"wp:featuredmedia":[{"embeddable":true,"href":"https:\/\/exaudi.org\/es\/wp-json\/wp\/v2\/media\/89461"}],"wp:attachment":[{"href":"https:\/\/exaudi.org\/es\/wp-json\/wp\/v2\/media?parent=89460"}],"wp:term":[{"taxonomy":"category","embeddable":true,"href":"https:\/\/exaudi.org\/es\/wp-json\/wp\/v2\/categories?post=89460"},{"taxonomy":"post_tag","embeddable":true,"href":"https:\/\/exaudi.org\/es\/wp-json\/wp\/v2\/tags?post=89460"}],"curies":[{"name":"wp","href":"https:\/\/api.w.org\/{rel}","templated":true}]}}