{"id":89406,"date":"2023-12-03T09:30:43","date_gmt":"2023-12-03T08:30:43","guid":{"rendered":"https:\/\/exaudi.org\/?p=89406"},"modified":"2023-12-01T13:42:45","modified_gmt":"2023-12-01T12:42:45","slug":"la-importancia-del-adviento-2","status":"publish","type":"post","link":"https:\/\/exaudi.org\/es\/la-importancia-del-adviento-2\/","title":{"rendered":"La importancia del adviento"},"content":{"rendered":"<audio class=\"wp-audio-shortcode\" id=\"audio-89406-1\" preload=\"none\" style=\"width: 100%;\" controls=\"controls\"><source type=\"audio\/mpeg\" src=\"https:\/\/exaudi.org\/wp-content\/uploads\/2023\/12\/La-importancia-del-adviento.mp3?_=1\" \/><a href=\"https:\/\/exaudi.org\/wp-content\/uploads\/2023\/12\/La-importancia-del-adviento.mp3\">https:\/\/exaudi.org\/wp-content\/uploads\/2023\/12\/La-importancia-del-adviento.mp3<\/a><\/audio>\n<p><a class=\"url fn n\" href=\"https:\/\/exaudi.org\/es\/author\/dr-salvador-fabre\/\">Salvador Fabre<\/a>\u00a0comparte con los lectores de Exaudi su art\u00edculo semanal titulado \u201c<strong>La importancia del adviento<\/strong>\u201d.<\/p>\n<p>***<\/p>\n<p>\u00bfPor qu\u00e9 es tan importante el adviento en la vida de la Iglesia? Casi podr\u00edamos decir que la Iglesia vive en un continuo adviento, en la continua espera de la venida de Cristo al mundo. Lo decimos, quiz\u00e1 sin darnos demasiada cuenta, cada vez que rezamos el padrenuestro: \u201cvenga a nosotros tu reino\u201d; en la santa Misa tambi\u00e9n, diversas oraciones nos ponen a la espera de la segunda venida de Cristo.<\/p>\n<p>En realidad, el Adviento nos conduce a mirar, simult\u00e1neamente hacia adelante y hacia atr\u00e1s. Las primeras tres semanas del adviento miramos hacia adelante, anhelamos, por as\u00ed decir, la segunda venida de Jesucristo, cuando sea consumado el tiempo y venga a poner orden en este mundo tan revuelto. A partir del 16 de diciembre comenzamos la novena de la Navidad, en la que miramos hacia atr\u00e1s, recordando y prepar\u00e1ndonos para conmemorar la primera venida de Jes\u00fas. La s\u00edntesis de esta mirada alternativa, hacia el pasado y hacia el futuro, da su fruto en el presente, en el tiempo de adviento, donde somos invitados a acentuar nuestra vida de oraci\u00f3n e incrementar nuestras obras de misericordia. La mirada hacia el pasado y hacia el futuro nos permite transformar el presente, haci\u00e9ndolo fecundo y profundo a la vez.<\/p>\n<p>La Iglesia es Cristoc\u00e9ntrica, y el adviento la avoca a mirar a Cristo en dos facetas diferentes: en la humildad de su primera venida, y en la gloria de su segunda venida. Pero San Bernardo nos habla de una tercera venida, oculta, al coraz\u00f3n de cada uno de los cristianos en el presente, es decir, mientras se esfuerzan por vivir bien el adviento. Ahora bien, el sentido de la Iglesia es presentar a Jes\u00fas y preparar el Reino de Cristo, en palabras del \u00faltimo Concilio, es ser germen e inicio, signo e instrumento del reinado de Cristo. La Iglesia tiene, en este sentido, un car\u00e1cter \u201cadventual\u201d, de espera ansiosa y activa, de esa segunda venida.<\/p>\n<p>Por eso el tiempo de adviento es, por excelencia, el tiempo de la esperanza, y tiene como modelo o punto de referencia imprescindible, a la Virgen Mar\u00eda, a la que contemplamos en estado de buena esperanza, es decir, embarazada con la gozosa espera del nacimiento de su Hijo. Mar\u00eda es modelo de esperanza, el contenido de la esperanza es Cristo. Quiz\u00e1 nuestra \u00e9poca est\u00e1 caracterizada por la necesidad de la esperanza aut\u00e9ntica. Los problemas, las crisis, la pandemia, el fracaso de las utop\u00edas pol\u00edticas nos han ido arrebatando la esperanza; tantos dolores y fracasos han mermado la esperanza de la humanidad. Tenemos muchas peque\u00f1as esperanzas que nos ayudan a afrontar el sinsentido de la existencia, pero nos falta la gran Esperanza, con may\u00fascula, que dota de sentido a este mundo y nuestra vida.<\/p>\n<p>El adviento es entonces tiempo de espera, pero no pasiva. La mirada alternativa hacia el pasado y el futuro encuentra una s\u00edntesis creativa en el tiempo presente. Es en el \u201cahora\u201d cuando se nos invita a vivir intensamente el adviento. \u00bfC\u00f3mo podremos hacerlo? Es un c\u00f3ctel espiritual que contiene tres ingredientes: oraci\u00f3n, penitencia y obras de misericordia. Oraci\u00f3n que nos ayude a centrar nuestra mirada en Jes\u00fas y a poner toda nuestra esperanza en \u00c9l; penitencia que nos ayude a desprendernos de los bienes materiales, a ser sobrios en su uso y goce, para ser capaces de elevar nuestra mirada al cielo; obras de misericordia que nos lleven a salir de nosotros mismos al encuentro del necesitado y del que sufre, rubricando as\u00ed la aut\u00e9ntica piedad, que no es meramente intimista, sino que se abre en abanico y da frutos en el entorno.<\/p>\n<p>Para vivir bien el adviento la sabidur\u00eda de la piedad popular nos ofrece un poderoso elemento, que vale la pena rescatar, en la \u201cCorona de Adviento\u201d. A veces nos apresuramos demasiado a poner el \u00e1rbol de navidad, y se nos olvida la corona de adviento. En ella, pacientemente, vamos encendiendo, semana a semana las velas, al comp\u00e1s de nuestras oraciones, penitencias y obras de misericordia. \u00a1Ojal\u00e1 que no falte en ning\u00fan hogar cristiano, junto con el Nacimiento, la corona de adviento!, para recordarnos que estamos en este tiempo de espera, y vivir su dimensi\u00f3n espiritual, tantas veces amenazada por el consumismo de las compras navide\u00f1as. Adviento, tiempo de mirar hacia adentro y hacia adelante, mientras nos esforzamos por vivir la sobriedad y la caridad con el pr\u00f3jimo.<\/p>\n","protected":false},"excerpt":{"rendered":"<p>La Iglesia vive en un continuo adviento<\/p>\n","protected":false},"author":116,"featured_media":42304,"comment_status":"open","ping_status":"open","sticky":false,"template":"","format":"standard","meta":{"_acf_changed":false,"_crdt_document":"","inline_featured_image":false,"footnotes":""},"categories":[130],"tags":[5024,7690,4953],"class_list":["post-89406","post","type-post","status-publish","format-standard","has-post-thumbnail","hentry","category-voces","tag-adviento","tag-domingo","tag-trending-es"],"acf":[],"yoast_head":"<!-- This site is optimized with the Yoast SEO plugin v27.5 - https:\/\/yoast.com\/product\/yoast-seo-wordpress\/ -->\n<title>La importancia del adviento &#8211; Exaudi<\/title>\n<meta name=\"description\" content=\"En \u201cTeolog\u00eda para Millennials\u201d, el sacerdote Mario Arroyo Mart\u00ednez, comparte su art\u00edculo semanal titulado \u201cLa importancia del adviento\u201d.\" \/>\n<meta name=\"robots\" content=\"index, follow, max-snippet:-1, max-image-preview:large, max-video-preview:-1\" \/>\n<link rel=\"canonical\" href=\"https:\/\/exaudi.org\/es\/la-importancia-del-adviento-2\/\" \/>\n<meta property=\"og:locale\" content=\"es_ES\" \/>\n<meta property=\"og:type\" content=\"article\" \/>\n<meta property=\"og:title\" content=\"La importancia del adviento &#8211; Exaudi\" \/>\n<meta property=\"og:description\" content=\"En \u201cTeolog\u00eda para Millennials\u201d, el sacerdote Mario Arroyo Mart\u00ednez, comparte su art\u00edculo semanal titulado \u201cLa importancia del adviento\u201d.\" \/>\n<meta property=\"og:url\" content=\"https:\/\/exaudi.org\/es\/la-importancia-del-adviento-2\/\" \/>\n<meta property=\"og:site_name\" content=\"Exaudi\" \/>\n<meta property=\"article:publisher\" content=\"https:\/\/www.facebook.com\/ExaudiNews\" \/>\n<meta property=\"article:published_time\" content=\"2023-12-03T08:30:43+00:00\" \/>\n<meta property=\"og:image\" content=\"https:\/\/exaudi.org\/wp-content\/uploads\/2021\/11\/adviento-1.jpg\" \/>\n\t<meta property=\"og:image:width\" content=\"771\" \/>\n\t<meta property=\"og:image:height\" content=\"585\" \/>\n\t<meta property=\"og:image:type\" content=\"image\/jpeg\" \/>\n<meta name=\"author\" content=\"Salvador Fabre\" \/>\n<meta name=\"twitter:card\" content=\"summary_large_image\" \/>\n<meta name=\"twitter:creator\" content=\"@Exaudi_News\" \/>\n<meta name=\"twitter:site\" content=\"@Exaudi_News\" \/>\n<meta name=\"twitter:label1\" content=\"Escrito por\" \/>\n\t<meta name=\"twitter:data1\" content=\"Salvador Fabre\" \/>\n\t<meta name=\"twitter:label2\" content=\"Tiempo de lectura\" \/>\n\t<meta name=\"twitter:data2\" content=\"4 minutos\" \/>\n<script type=\"application\/ld+json\" class=\"yoast-schema-graph\">{\"@context\":\"https:\\\/\\\/schema.org\",\"@graph\":[{\"@type\":\"Article\",\"@id\":\"https:\\\/\\\/exaudi.org\\\/es\\\/la-importancia-del-adviento-2\\\/#article\",\"isPartOf\":{\"@id\":\"https:\\\/\\\/exaudi.org\\\/es\\\/la-importancia-del-adviento-2\\\/\"},\"author\":{\"name\":\"Salvador Fabre\",\"@id\":\"https:\\\/\\\/exaudi.org\\\/#\\\/schema\\\/person\\\/29b1dbd9f3952eecacfc704ca1a473a8\"},\"headline\":\"La importancia del adviento\",\"datePublished\":\"2023-12-03T08:30:43+00:00\",\"mainEntityOfPage\":{\"@id\":\"https:\\\/\\\/exaudi.org\\\/es\\\/la-importancia-del-adviento-2\\\/\"},\"wordCount\":788,\"commentCount\":0,\"image\":{\"@id\":\"https:\\\/\\\/exaudi.org\\\/es\\\/la-importancia-del-adviento-2\\\/#primaryimage\"},\"thumbnailUrl\":\"https:\\\/\\\/exaudi.org\\\/wp-content\\\/uploads\\\/2021\\\/11\\\/adviento-1.jpg\",\"keywords\":[\"Adviento\",\"Domingo\",\"Trending\"],\"articleSection\":[\"Voces\"],\"inLanguage\":\"es\",\"potentialAction\":[{\"@type\":\"CommentAction\",\"name\":\"Comment\",\"target\":[\"https:\\\/\\\/exaudi.org\\\/es\\\/la-importancia-del-adviento-2\\\/#respond\"]}]},{\"@type\":\"WebPage\",\"@id\":\"https:\\\/\\\/exaudi.org\\\/es\\\/la-importancia-del-adviento-2\\\/\",\"url\":\"https:\\\/\\\/exaudi.org\\\/es\\\/la-importancia-del-adviento-2\\\/\",\"name\":\"La importancia del adviento &#8211; Exaudi\",\"isPartOf\":{\"@id\":\"https:\\\/\\\/exaudi.org\\\/#website\"},\"primaryImageOfPage\":{\"@id\":\"https:\\\/\\\/exaudi.org\\\/es\\\/la-importancia-del-adviento-2\\\/#primaryimage\"},\"image\":{\"@id\":\"https:\\\/\\\/exaudi.org\\\/es\\\/la-importancia-del-adviento-2\\\/#primaryimage\"},\"thumbnailUrl\":\"https:\\\/\\\/exaudi.org\\\/wp-content\\\/uploads\\\/2021\\\/11\\\/adviento-1.jpg\",\"datePublished\":\"2023-12-03T08:30:43+00:00\",\"author\":{\"@id\":\"https:\\\/\\\/exaudi.org\\\/#\\\/schema\\\/person\\\/29b1dbd9f3952eecacfc704ca1a473a8\"},\"description\":\"En \u201cTeolog\u00eda para Millennials\u201d, el sacerdote Mario Arroyo Mart\u00ednez, comparte su art\u00edculo semanal titulado \u201cLa importancia del adviento\u201d.\",\"breadcrumb\":{\"@id\":\"https:\\\/\\\/exaudi.org\\\/es\\\/la-importancia-del-adviento-2\\\/#breadcrumb\"},\"inLanguage\":\"es\",\"potentialAction\":[{\"@type\":\"ReadAction\",\"target\":[\"https:\\\/\\\/exaudi.org\\\/es\\\/la-importancia-del-adviento-2\\\/\"]}]},{\"@type\":\"ImageObject\",\"inLanguage\":\"es\",\"@id\":\"https:\\\/\\\/exaudi.org\\\/es\\\/la-importancia-del-adviento-2\\\/#primaryimage\",\"url\":\"https:\\\/\\\/exaudi.org\\\/wp-content\\\/uploads\\\/2021\\\/11\\\/adviento-1.jpg\",\"contentUrl\":\"https:\\\/\\\/exaudi.org\\\/wp-content\\\/uploads\\\/2021\\\/11\\\/adviento-1.jpg\",\"width\":771,\"height\":585,\"caption\":\"Adviento @ Alba Montalvo\"},{\"@type\":\"BreadcrumbList\",\"@id\":\"https:\\\/\\\/exaudi.org\\\/es\\\/la-importancia-del-adviento-2\\\/#breadcrumb\",\"itemListElement\":[{\"@type\":\"ListItem\",\"position\":1,\"name\":\"Portada\",\"item\":\"https:\\\/\\\/exaudi.org\\\/es\\\/\"},{\"@type\":\"ListItem\",\"position\":2,\"name\":\"La importancia del adviento\"}]},{\"@type\":\"WebSite\",\"@id\":\"https:\\\/\\\/exaudi.org\\\/#website\",\"url\":\"https:\\\/\\\/exaudi.org\\\/\",\"name\":\"Exaudi\",\"description\":\"News\",\"potentialAction\":[{\"@type\":\"SearchAction\",\"target\":{\"@type\":\"EntryPoint\",\"urlTemplate\":\"https:\\\/\\\/exaudi.org\\\/?s={search_term_string}\"},\"query-input\":{\"@type\":\"PropertyValueSpecification\",\"valueRequired\":true,\"valueName\":\"search_term_string\"}}],\"inLanguage\":\"es\"},{\"@type\":\"Person\",\"@id\":\"https:\\\/\\\/exaudi.org\\\/#\\\/schema\\\/person\\\/29b1dbd9f3952eecacfc704ca1a473a8\",\"name\":\"Salvador Fabre\",\"image\":{\"@type\":\"ImageObject\",\"inLanguage\":\"es\",\"@id\":\"https:\\\/\\\/secure.gravatar.com\\\/avatar\\\/8d1a5a78ba86b9a8255e1c5b454943b9168b1dc31a275487309b73b631a7ac5d?s=96&d=mm&r=g\",\"url\":\"https:\\\/\\\/secure.gravatar.com\\\/avatar\\\/8d1a5a78ba86b9a8255e1c5b454943b9168b1dc31a275487309b73b631a7ac5d?s=96&d=mm&r=g\",\"contentUrl\":\"https:\\\/\\\/secure.gravatar.com\\\/avatar\\\/8d1a5a78ba86b9a8255e1c5b454943b9168b1dc31a275487309b73b631a7ac5d?s=96&d=mm&r=g\",\"caption\":\"Salvador Fabre\"},\"description\":\"Doctor en filosof\u00eda - Pensar en Cristiano\",\"url\":\"https:\\\/\\\/exaudi.org\\\/es\\\/author\\\/dr-salvador-fabre\\\/\"}]}<\/script>\n<!-- \/ Yoast SEO plugin. -->","yoast_head_json":{"title":"La importancia del adviento &#8211; Exaudi","description":"En \u201cTeolog\u00eda para Millennials\u201d, el sacerdote Mario Arroyo Mart\u00ednez, comparte su art\u00edculo semanal titulado \u201cLa importancia del adviento\u201d.","robots":{"index":"index","follow":"follow","max-snippet":"max-snippet:-1","max-image-preview":"max-image-preview:large","max-video-preview":"max-video-preview:-1"},"canonical":"https:\/\/exaudi.org\/es\/la-importancia-del-adviento-2\/","og_locale":"es_ES","og_type":"article","og_title":"La importancia del adviento &#8211; Exaudi","og_description":"En \u201cTeolog\u00eda para Millennials\u201d, el sacerdote Mario Arroyo Mart\u00ednez, comparte su art\u00edculo semanal titulado \u201cLa importancia del adviento\u201d.","og_url":"https:\/\/exaudi.org\/es\/la-importancia-del-adviento-2\/","og_site_name":"Exaudi","article_publisher":"https:\/\/www.facebook.com\/ExaudiNews","article_published_time":"2023-12-03T08:30:43+00:00","og_image":[{"width":771,"height":585,"url":"https:\/\/exaudi.org\/wp-content\/uploads\/2021\/11\/adviento-1.jpg","type":"image\/jpeg"}],"author":"Salvador Fabre","twitter_card":"summary_large_image","twitter_creator":"@Exaudi_News","twitter_site":"@Exaudi_News","twitter_misc":{"Escrito por":"Salvador Fabre","Tiempo de lectura":"4 minutos"},"schema":{"@context":"https:\/\/schema.org","@graph":[{"@type":"Article","@id":"https:\/\/exaudi.org\/es\/la-importancia-del-adviento-2\/#article","isPartOf":{"@id":"https:\/\/exaudi.org\/es\/la-importancia-del-adviento-2\/"},"author":{"name":"Salvador Fabre","@id":"https:\/\/exaudi.org\/#\/schema\/person\/29b1dbd9f3952eecacfc704ca1a473a8"},"headline":"La importancia del adviento","datePublished":"2023-12-03T08:30:43+00:00","mainEntityOfPage":{"@id":"https:\/\/exaudi.org\/es\/la-importancia-del-adviento-2\/"},"wordCount":788,"commentCount":0,"image":{"@id":"https:\/\/exaudi.org\/es\/la-importancia-del-adviento-2\/#primaryimage"},"thumbnailUrl":"https:\/\/exaudi.org\/wp-content\/uploads\/2021\/11\/adviento-1.jpg","keywords":["Adviento","Domingo","Trending"],"articleSection":["Voces"],"inLanguage":"es","potentialAction":[{"@type":"CommentAction","name":"Comment","target":["https:\/\/exaudi.org\/es\/la-importancia-del-adviento-2\/#respond"]}]},{"@type":"WebPage","@id":"https:\/\/exaudi.org\/es\/la-importancia-del-adviento-2\/","url":"https:\/\/exaudi.org\/es\/la-importancia-del-adviento-2\/","name":"La importancia del adviento &#8211; Exaudi","isPartOf":{"@id":"https:\/\/exaudi.org\/#website"},"primaryImageOfPage":{"@id":"https:\/\/exaudi.org\/es\/la-importancia-del-adviento-2\/#primaryimage"},"image":{"@id":"https:\/\/exaudi.org\/es\/la-importancia-del-adviento-2\/#primaryimage"},"thumbnailUrl":"https:\/\/exaudi.org\/wp-content\/uploads\/2021\/11\/adviento-1.jpg","datePublished":"2023-12-03T08:30:43+00:00","author":{"@id":"https:\/\/exaudi.org\/#\/schema\/person\/29b1dbd9f3952eecacfc704ca1a473a8"},"description":"En \u201cTeolog\u00eda para Millennials\u201d, el sacerdote Mario Arroyo Mart\u00ednez, comparte su art\u00edculo semanal titulado \u201cLa importancia del adviento\u201d.","breadcrumb":{"@id":"https:\/\/exaudi.org\/es\/la-importancia-del-adviento-2\/#breadcrumb"},"inLanguage":"es","potentialAction":[{"@type":"ReadAction","target":["https:\/\/exaudi.org\/es\/la-importancia-del-adviento-2\/"]}]},{"@type":"ImageObject","inLanguage":"es","@id":"https:\/\/exaudi.org\/es\/la-importancia-del-adviento-2\/#primaryimage","url":"https:\/\/exaudi.org\/wp-content\/uploads\/2021\/11\/adviento-1.jpg","contentUrl":"https:\/\/exaudi.org\/wp-content\/uploads\/2021\/11\/adviento-1.jpg","width":771,"height":585,"caption":"Adviento @ Alba Montalvo"},{"@type":"BreadcrumbList","@id":"https:\/\/exaudi.org\/es\/la-importancia-del-adviento-2\/#breadcrumb","itemListElement":[{"@type":"ListItem","position":1,"name":"Portada","item":"https:\/\/exaudi.org\/es\/"},{"@type":"ListItem","position":2,"name":"La importancia del adviento"}]},{"@type":"WebSite","@id":"https:\/\/exaudi.org\/#website","url":"https:\/\/exaudi.org\/","name":"Exaudi","description":"News","potentialAction":[{"@type":"SearchAction","target":{"@type":"EntryPoint","urlTemplate":"https:\/\/exaudi.org\/?s={search_term_string}"},"query-input":{"@type":"PropertyValueSpecification","valueRequired":true,"valueName":"search_term_string"}}],"inLanguage":"es"},{"@type":"Person","@id":"https:\/\/exaudi.org\/#\/schema\/person\/29b1dbd9f3952eecacfc704ca1a473a8","name":"Salvador Fabre","image":{"@type":"ImageObject","inLanguage":"es","@id":"https:\/\/secure.gravatar.com\/avatar\/8d1a5a78ba86b9a8255e1c5b454943b9168b1dc31a275487309b73b631a7ac5d?s=96&d=mm&r=g","url":"https:\/\/secure.gravatar.com\/avatar\/8d1a5a78ba86b9a8255e1c5b454943b9168b1dc31a275487309b73b631a7ac5d?s=96&d=mm&r=g","contentUrl":"https:\/\/secure.gravatar.com\/avatar\/8d1a5a78ba86b9a8255e1c5b454943b9168b1dc31a275487309b73b631a7ac5d?s=96&d=mm&r=g","caption":"Salvador Fabre"},"description":"Doctor en filosof\u00eda - Pensar en Cristiano","url":"https:\/\/exaudi.org\/es\/author\/dr-salvador-fabre\/"}]}},"jetpack_featured_media_url":"https:\/\/exaudi.org\/wp-content\/uploads\/2021\/11\/adviento-1.jpg","jetpack_shortlink":"https:\/\/wp.me\/pgKjF2-ng2","_links":{"self":[{"href":"https:\/\/exaudi.org\/es\/wp-json\/wp\/v2\/posts\/89406","targetHints":{"allow":["GET"]}}],"collection":[{"href":"https:\/\/exaudi.org\/es\/wp-json\/wp\/v2\/posts"}],"about":[{"href":"https:\/\/exaudi.org\/es\/wp-json\/wp\/v2\/types\/post"}],"author":[{"embeddable":true,"href":"https:\/\/exaudi.org\/es\/wp-json\/wp\/v2\/users\/116"}],"replies":[{"embeddable":true,"href":"https:\/\/exaudi.org\/es\/wp-json\/wp\/v2\/comments?post=89406"}],"version-history":[{"count":0,"href":"https:\/\/exaudi.org\/es\/wp-json\/wp\/v2\/posts\/89406\/revisions"}],"wp:featuredmedia":[{"embeddable":true,"href":"https:\/\/exaudi.org\/es\/wp-json\/wp\/v2\/media\/42304"}],"wp:attachment":[{"href":"https:\/\/exaudi.org\/es\/wp-json\/wp\/v2\/media?parent=89406"}],"wp:term":[{"taxonomy":"category","embeddable":true,"href":"https:\/\/exaudi.org\/es\/wp-json\/wp\/v2\/categories?post=89406"},{"taxonomy":"post_tag","embeddable":true,"href":"https:\/\/exaudi.org\/es\/wp-json\/wp\/v2\/tags?post=89406"}],"curies":[{"name":"wp","href":"https:\/\/api.w.org\/{rel}","templated":true}]}}