{"id":89308,"date":"2023-11-30T15:22:35","date_gmt":"2023-11-30T14:22:35","guid":{"rendered":"https:\/\/exaudi.org\/?p=89308"},"modified":"2023-12-01T14:05:48","modified_gmt":"2023-12-01T13:05:48","slug":"el-papa-a-bartolome-que-pedro-y-andres-intercedan-por-la-paz-en-todos-los-pueblos","status":"publish","type":"post","link":"https:\/\/exaudi.org\/es\/el-papa-a-bartolome-que-pedro-y-andres-intercedan-por-la-paz-en-todos-los-pueblos\/","title":{"rendered":"El Papa a Bartolom\u00e9: Que Pedro y Andr\u00e9s intercedan por la paz en todos los pueblos"},"content":{"rendered":"<audio class=\"wp-audio-shortcode\" id=\"audio-89308-1\" preload=\"none\" style=\"width: 100%;\" controls=\"controls\"><source type=\"audio\/mpeg\" src=\"https:\/\/exaudi.org\/wp-content\/uploads\/2023\/11\/El-Papa-a-Bartolome.mp3?_=1\" \/><a href=\"https:\/\/exaudi.org\/wp-content\/uploads\/2023\/11\/El-Papa-a-Bartolome.mp3\">https:\/\/exaudi.org\/wp-content\/uploads\/2023\/11\/El-Papa-a-Bartolome.mp3<\/a><\/audio>\n<p>\u201cEn esta fiesta del ap\u00f3stol Andr\u00e9s, pidamos fervientemente a Dios, nuestro Padre misericordioso, para que cese el choque de armas, que s\u00f3lo trae muerte y destrucci\u00f3n, y para que los l\u00edderes gubernativos y religiosos busquen siempre el camino del di\u00e1logo y la reconciliaci\u00f3n\u201d, lo escribe el Papa Francisco en su\u00a0<a href=\"https:\/\/press.vatican.va\/content\/salastampa\/it\/bollettino\/pubblico\/2023\/11\/30\/0843\/01827.html\" target=\"_blank\" rel=\"external noopener\">mensaje que dirigi\u00f3 su Santidad Bartolom\u00e9<\/a>, Patriarca Ecum\u00e9nico de Constantinopla, con ocasi\u00f3n de la fiesta de San Andr\u00e9s.<\/p>\n<p>En su\u00a0<a href=\"https:\/\/press.vatican.va\/content\/salastampa\/it\/bollettino\/pubblico\/2023\/11\/30\/0843\/01827.html\" target=\"_blank\" rel=\"external noopener\">mensaje<\/a>, el Santo Padre recuerda \u201clos profundos v\u00ednculos de fe, esperanza y caridad que unen a las Iglesias hermanas de Roma y Constantinopla\u201d, y al mismo tiempo, env\u00eda sus saludos a todos los que se congregaron en la iglesia patriarcal de San Jorge para la fiesta del santo ap\u00f3stol Andr\u00e9s, hermano de San Pedro y\u00a0<i>protokletos<\/i>, patrono celestial y protector de la Iglesia de Constantinopla y del Patriarcado Ecum\u00e9nico.<\/p>\n<h3><b>El encuentro entre Pablo VI y Aten\u00e1goras<\/b><\/h3>\n<p>Asimismo, el Pont\u00edfice recuerda que, la fiesta de hoy precede a la conmemoraci\u00f3n de un acontecimiento verdaderamente hist\u00f3rico: el encuentro en Jerusal\u00e9n entre el Papa Pablo VI y el Patriarca Ecum\u00e9nico Aten\u00e1goras en enero de 1964. Este encuentro, se\u00f1ala el Papa, fue un paso fundamental para romper la barrera de incomprensi\u00f3n, desconfianza e incluso hostilidad que exist\u00eda desde hace casi un milenio.<\/p>\n<p><i>\u201cEs bueno notar que hoy no recordamos tanto las palabras y afirmaciones de aquellos Pastores prof\u00e9ticos, sino, sobre todo, su c\u00e1lido abrazo. De hecho, es muy significativo que este camino de reconciliaci\u00f3n, de creciente cercan\u00eda y de superaci\u00f3n de los obst\u00e1culos que a\u00fan impiden una comuni\u00f3n plena y visible, haya comenzado con un abrazo, gesto que expresa de modo elocuentemente el reconocimiento mutuo de la fraternidad eclesial\u201d.<\/i><\/p>\n<h3><b>El camino hacia la plena comuni\u00f3n<\/b><\/h3>\n<p>En este sentido, el Obispo de Roma indica que, el ejemplo del Papa Pablo VI y del Patriarca Aten\u00e1goras nos muestra que todos los caminos aut\u00e9nticos hacia el restablecimiento de la plena comuni\u00f3n entre los disc\u00edpulos del Se\u00f1or se caracterizan por el contacto personal y el tiempo compartido.<\/p>\n<p><i>\u201cAdem\u00e1s, a trav\u00e9s del di\u00e1logo amistoso, la oraci\u00f3n com\u00fan y la acci\u00f3n conjunta al servicio de la humanidad, especialmente de aquellos afectados por la pobreza, la violencia y la explotaci\u00f3n, los miembros de las diferentes Iglesias descubren cada vez m\u00e1s profundamente su confianza compartida en la amorosa providencia de Dios Padre, su esperanza en la venida del Reino inaugurado por Jesucristo y su deseo com\u00fan de ejercer la virtud de la caridad inspirada por el Esp\u00edritu Santo\u201d.<\/i><\/p>\n<h3><b>Los abrazos entre Francisco y Bartolom\u00e9<\/b><\/h3>\n<p>En este camino hacia la plena unidad, el Papa Francisco recuerda con alegr\u00eda los diferentes encuentros que tuvo con el Patriarca Bartolom\u00e9, especialmente recuerda su reciente encuentro en Roma con ocasi\u00f3n de la Vigilia Ecum\u00e9nica de Oraci\u00f3n, que se celebr\u00f3 en v\u00edsperas de la apertura de la XVI Asamblea General del S\u00ednodo de los Obispos, dedicado al tema: \u201cPor una Iglesia sinodal: comuni\u00f3n, participaci\u00f3n y misi\u00f3n\u201d.<\/p>\n<p><i>\u201cSu apoyo personal y el del Patriarcado Ecum\u00e9nico, expresado tambi\u00e9n a trav\u00e9s de la participaci\u00f3n de un fraterno delegado en los trabajos de la Asamblea, son una gran fuente de est\u00edmulo para la fruct\u00edfera continuaci\u00f3n del proceso sinodal en curso en la Iglesia cat\u00f3lica\u201d.<\/i><\/p>\n<h3><b>Oraci\u00f3n ecum\u00e9nica por la paz<\/b><\/h3>\n<p>Finalmente, el Santo Padre invita a que en esta fiesta del ap\u00f3stol Andr\u00e9s, pidamos fervientemente a Dios, nuestro Padre misericordioso, para que cese el choque de armas, que s\u00f3lo trae muerte y destrucci\u00f3n, y para que los l\u00edderes gubernativos y religiosos busquen siempre el camino del di\u00e1logo y la reconciliaci\u00f3n.<\/p>\n<blockquote><p><i>\u201cQue los santos ap\u00f3stoles Pedro y Andr\u00e9s intercedan por todos los pueblos e imploren para ellos los dones de la comuni\u00f3n fraterna y de la paz\u201d.<\/i><\/p><\/blockquote>\n","protected":false},"excerpt":{"rendered":"<p>Este jueves, 30 de noviembre, el Santo Padre ha enviado un mensaje al Patriarca Bartolom\u00e9, con ocasi\u00f3n de la fiesta de San Andr\u00e9s<\/p>\n","protected":false},"author":15,"featured_media":89309,"comment_status":"closed","ping_status":"closed","sticky":false,"template":"","format":"standard","meta":{"_acf_changed":false,"_crdt_document":"","inline_featured_image":false,"footnotes":""},"categories":[68],"tags":[4003,2737,6483,174,158,9528,4953],"class_list":["post-89308","post","type-post","status-publish","format-standard","has-post-thumbnail","hentry","category-leon-xiv","tag-bartolome-i","tag-ecumenismo","tag-liturgia-es","tag-mensaje","tag-papa-francisco","tag-santos-y-beatos","tag-trending-es"],"acf":[],"yoast_head":"<!-- This site is optimized with the Yoast SEO plugin v27.4 - https:\/\/yoast.com\/product\/yoast-seo-wordpress\/ -->\n<title>El Papa a Bartolom\u00e9: Que Pedro y Andr\u00e9s intercedan por la paz en todos los pueblos &#8211; Exaudi<\/title>\n<meta name=\"robots\" content=\"index, follow, max-snippet:-1, max-image-preview:large, max-video-preview:-1\" \/>\n<link rel=\"canonical\" href=\"https:\/\/exaudi.org\/es\/el-papa-a-bartolome-que-pedro-y-andres-intercedan-por-la-paz-en-todos-los-pueblos\/\" \/>\n<meta property=\"og:locale\" content=\"es_ES\" \/>\n<meta property=\"og:type\" content=\"article\" \/>\n<meta property=\"og:title\" content=\"El Papa a Bartolom\u00e9: Que Pedro y Andr\u00e9s intercedan por la paz en todos los pueblos &#8211; Exaudi\" \/>\n<meta property=\"og:description\" content=\"Este jueves, 30 de noviembre, el Santo Padre ha enviado un mensaje al Patriarca Bartolom\u00e9, con ocasi\u00f3n de la fiesta de San Andr\u00e9s\" \/>\n<meta property=\"og:url\" content=\"https:\/\/exaudi.org\/es\/el-papa-a-bartolome-que-pedro-y-andres-intercedan-por-la-paz-en-todos-los-pueblos\/\" \/>\n<meta property=\"og:site_name\" content=\"Exaudi\" \/>\n<meta property=\"article:publisher\" content=\"https:\/\/www.facebook.com\/ExaudiNews\" \/>\n<meta property=\"article:author\" content=\"https:\/\/www.facebook.com\/ExaudiNoticias\/\" \/>\n<meta property=\"article:published_time\" content=\"2023-11-30T14:22:35+00:00\" \/>\n<meta property=\"article:modified_time\" content=\"2023-12-01T13:05:48+00:00\" \/>\n<meta property=\"og:image\" content=\"https:\/\/exaudi.org\/wp-content\/uploads\/2023\/11\/cq5dam.thumbnail.cropped.750.422-38.jpeg\" \/>\n\t<meta property=\"og:image:width\" content=\"750\" \/>\n\t<meta property=\"og:image:height\" content=\"422\" \/>\n\t<meta property=\"og:image:type\" content=\"image\/jpeg\" \/>\n<meta name=\"author\" content=\"Exaudi Redacci\u00f3n\" \/>\n<meta name=\"twitter:card\" content=\"summary_large_image\" \/>\n<meta name=\"twitter:creator\" content=\"@Exaudi_noticias\" \/>\n<meta name=\"twitter:site\" content=\"@Exaudi_News\" \/>\n<meta name=\"twitter:label1\" content=\"Escrito por\" \/>\n\t<meta name=\"twitter:data1\" content=\"Exaudi Redacci\u00f3n\" \/>\n\t<meta name=\"twitter:label2\" content=\"Tiempo de lectura\" \/>\n\t<meta name=\"twitter:data2\" content=\"3 minutos\" \/>\n<script type=\"application\/ld+json\" class=\"yoast-schema-graph\">{\"@context\":\"https:\\\/\\\/schema.org\",\"@graph\":[{\"@type\":\"Article\",\"@id\":\"https:\\\/\\\/exaudi.org\\\/es\\\/el-papa-a-bartolome-que-pedro-y-andres-intercedan-por-la-paz-en-todos-los-pueblos\\\/#article\",\"isPartOf\":{\"@id\":\"https:\\\/\\\/exaudi.org\\\/es\\\/el-papa-a-bartolome-que-pedro-y-andres-intercedan-por-la-paz-en-todos-los-pueblos\\\/\"},\"author\":{\"name\":\"Exaudi Redacci\u00f3n\",\"@id\":\"https:\\\/\\\/exaudi.org\\\/#\\\/schema\\\/person\\\/f5fc8f063065e38742da7afe15f25df7\"},\"headline\":\"El Papa a Bartolom\u00e9: Que Pedro y Andr\u00e9s intercedan por la paz en todos los pueblos\",\"datePublished\":\"2023-11-30T14:22:35+00:00\",\"dateModified\":\"2023-12-01T13:05:48+00:00\",\"mainEntityOfPage\":{\"@id\":\"https:\\\/\\\/exaudi.org\\\/es\\\/el-papa-a-bartolome-que-pedro-y-andres-intercedan-por-la-paz-en-todos-los-pueblos\\\/\"},\"wordCount\":707,\"image\":{\"@id\":\"https:\\\/\\\/exaudi.org\\\/es\\\/el-papa-a-bartolome-que-pedro-y-andres-intercedan-por-la-paz-en-todos-los-pueblos\\\/#primaryimage\"},\"thumbnailUrl\":\"https:\\\/\\\/exaudi.org\\\/wp-content\\\/uploads\\\/2023\\\/11\\\/cq5dam.thumbnail.cropped.750.422-38.jpeg\",\"keywords\":[\"Bartolom\u00e9 I\",\"Ecumenismo\",\"liturgia\",\"mensaje\",\"papa francisco\",\"SANTOS Y BEATOS\",\"Trending\"],\"articleSection\":[\"Le\u00f3n XIV\"],\"inLanguage\":\"es\"},{\"@type\":\"WebPage\",\"@id\":\"https:\\\/\\\/exaudi.org\\\/es\\\/el-papa-a-bartolome-que-pedro-y-andres-intercedan-por-la-paz-en-todos-los-pueblos\\\/\",\"url\":\"https:\\\/\\\/exaudi.org\\\/es\\\/el-papa-a-bartolome-que-pedro-y-andres-intercedan-por-la-paz-en-todos-los-pueblos\\\/\",\"name\":\"El Papa a Bartolom\u00e9: Que Pedro y Andr\u00e9s intercedan por la paz en todos los pueblos &#8211; Exaudi\",\"isPartOf\":{\"@id\":\"https:\\\/\\\/exaudi.org\\\/#website\"},\"primaryImageOfPage\":{\"@id\":\"https:\\\/\\\/exaudi.org\\\/es\\\/el-papa-a-bartolome-que-pedro-y-andres-intercedan-por-la-paz-en-todos-los-pueblos\\\/#primaryimage\"},\"image\":{\"@id\":\"https:\\\/\\\/exaudi.org\\\/es\\\/el-papa-a-bartolome-que-pedro-y-andres-intercedan-por-la-paz-en-todos-los-pueblos\\\/#primaryimage\"},\"thumbnailUrl\":\"https:\\\/\\\/exaudi.org\\\/wp-content\\\/uploads\\\/2023\\\/11\\\/cq5dam.thumbnail.cropped.750.422-38.jpeg\",\"datePublished\":\"2023-11-30T14:22:35+00:00\",\"dateModified\":\"2023-12-01T13:05:48+00:00\",\"author\":{\"@id\":\"https:\\\/\\\/exaudi.org\\\/#\\\/schema\\\/person\\\/f5fc8f063065e38742da7afe15f25df7\"},\"breadcrumb\":{\"@id\":\"https:\\\/\\\/exaudi.org\\\/es\\\/el-papa-a-bartolome-que-pedro-y-andres-intercedan-por-la-paz-en-todos-los-pueblos\\\/#breadcrumb\"},\"inLanguage\":\"es\",\"potentialAction\":[{\"@type\":\"ReadAction\",\"target\":[\"https:\\\/\\\/exaudi.org\\\/es\\\/el-papa-a-bartolome-que-pedro-y-andres-intercedan-por-la-paz-en-todos-los-pueblos\\\/\"]}]},{\"@type\":\"ImageObject\",\"inLanguage\":\"es\",\"@id\":\"https:\\\/\\\/exaudi.org\\\/es\\\/el-papa-a-bartolome-que-pedro-y-andres-intercedan-por-la-paz-en-todos-los-pueblos\\\/#primaryimage\",\"url\":\"https:\\\/\\\/exaudi.org\\\/wp-content\\\/uploads\\\/2023\\\/11\\\/cq5dam.thumbnail.cropped.750.422-38.jpeg\",\"contentUrl\":\"https:\\\/\\\/exaudi.org\\\/wp-content\\\/uploads\\\/2023\\\/11\\\/cq5dam.thumbnail.cropped.750.422-38.jpeg\",\"width\":750,\"height\":422},{\"@type\":\"BreadcrumbList\",\"@id\":\"https:\\\/\\\/exaudi.org\\\/es\\\/el-papa-a-bartolome-que-pedro-y-andres-intercedan-por-la-paz-en-todos-los-pueblos\\\/#breadcrumb\",\"itemListElement\":[{\"@type\":\"ListItem\",\"position\":1,\"name\":\"Portada\",\"item\":\"https:\\\/\\\/exaudi.org\\\/es\\\/\"},{\"@type\":\"ListItem\",\"position\":2,\"name\":\"El Papa a Bartolom\u00e9: Que Pedro y Andr\u00e9s intercedan por la paz en todos los pueblos\"}]},{\"@type\":\"WebSite\",\"@id\":\"https:\\\/\\\/exaudi.org\\\/#website\",\"url\":\"https:\\\/\\\/exaudi.org\\\/\",\"name\":\"Exaudi\",\"description\":\"News\",\"potentialAction\":[{\"@type\":\"SearchAction\",\"target\":{\"@type\":\"EntryPoint\",\"urlTemplate\":\"https:\\\/\\\/exaudi.org\\\/?s={search_term_string}\"},\"query-input\":{\"@type\":\"PropertyValueSpecification\",\"valueRequired\":true,\"valueName\":\"search_term_string\"}}],\"inLanguage\":\"es\"},{\"@type\":\"Person\",\"@id\":\"https:\\\/\\\/exaudi.org\\\/#\\\/schema\\\/person\\\/f5fc8f063065e38742da7afe15f25df7\",\"name\":\"Exaudi Redacci\u00f3n\",\"image\":{\"@type\":\"ImageObject\",\"inLanguage\":\"es\",\"@id\":\"https:\\\/\\\/secure.gravatar.com\\\/avatar\\\/fe0f6a059fb68d9b3e11bc5850dd4899b1c7492091a3cb6dd9b01b56ad828be2?s=96&d=mm&r=g\",\"url\":\"https:\\\/\\\/secure.gravatar.com\\\/avatar\\\/fe0f6a059fb68d9b3e11bc5850dd4899b1c7492091a3cb6dd9b01b56ad828be2?s=96&d=mm&r=g\",\"contentUrl\":\"https:\\\/\\\/secure.gravatar.com\\\/avatar\\\/fe0f6a059fb68d9b3e11bc5850dd4899b1c7492091a3cb6dd9b01b56ad828be2?s=96&d=mm&r=g\",\"caption\":\"Exaudi Redacci\u00f3n\"},\"description\":\"\u00bfQu\u00e9 es Exaudi News? Exaudi News es un medio de comunicaci\u00f3n cat\u00f3lico internacional que informa, forma y transforma, diariamente en espa\u00f1ol, ingl\u00e9s e italiano. A trav\u00e9s de noticias, art\u00edculos de an\u00e1lisis y transmisiones en directo de los eventos del Papa, Exaudi busca fortalecer la unidad de los cristianos y contribuir a la evangelizaci\u00f3n del mundo, siempre guiados por la doctrina social de la Iglesia. Trabajamos para acercar la verdad y los valores cristianos a cada rinc\u00f3n del planeta. \u00a1Ay\u00fadanos a transformar el mundo con Exaudi! En Exaudi creemos que la evangelizaci\u00f3n y la informaci\u00f3n de calidad pueden cambiar vidas. Para continuar con nuestra misi\u00f3n y expandir nuestro alcance, necesitamos tu ayuda. Adem\u00e1s, buscamos personas comprometidas que deseen unirse a nuestro equipo. Con tu apoyo, lograremos llegar a m\u00e1s personas, difundir el mensaje de Cristo y reforzar la unidad de los cristianos. \u00bfTe unes a nuestra misi\u00f3n? Para m\u00e1s informaci\u00f3n sobre c\u00f3mo colaborar, visita Exaudi.org\\\/es o cont\u00e1ctanos directamente: info@exaudi.org Exaudi: Informa, forma y transforma.\",\"sameAs\":[\"https:\\\/\\\/www.facebook.com\\\/ExaudiNoticias\\\/\",\"https:\\\/\\\/www.instagram.com\\\/exaudi_noticias\\\/\",\"https:\\\/\\\/x.com\\\/Exaudi_noticias\",\"https:\\\/\\\/www.youtube.com\\\/@exaudicatholicnews\"],\"url\":\"https:\\\/\\\/exaudi.org\\\/es\\\/author\\\/redaccionexaudi\\\/\"}]}<\/script>\n<!-- \/ Yoast SEO plugin. -->","yoast_head_json":{"title":"El Papa a Bartolom\u00e9: Que Pedro y Andr\u00e9s intercedan por la paz en todos los pueblos &#8211; Exaudi","robots":{"index":"index","follow":"follow","max-snippet":"max-snippet:-1","max-image-preview":"max-image-preview:large","max-video-preview":"max-video-preview:-1"},"canonical":"https:\/\/exaudi.org\/es\/el-papa-a-bartolome-que-pedro-y-andres-intercedan-por-la-paz-en-todos-los-pueblos\/","og_locale":"es_ES","og_type":"article","og_title":"El Papa a Bartolom\u00e9: Que Pedro y Andr\u00e9s intercedan por la paz en todos los pueblos &#8211; Exaudi","og_description":"Este jueves, 30 de noviembre, el Santo Padre ha enviado un mensaje al Patriarca Bartolom\u00e9, con ocasi\u00f3n de la fiesta de San Andr\u00e9s","og_url":"https:\/\/exaudi.org\/es\/el-papa-a-bartolome-que-pedro-y-andres-intercedan-por-la-paz-en-todos-los-pueblos\/","og_site_name":"Exaudi","article_publisher":"https:\/\/www.facebook.com\/ExaudiNews","article_author":"https:\/\/www.facebook.com\/ExaudiNoticias\/","article_published_time":"2023-11-30T14:22:35+00:00","article_modified_time":"2023-12-01T13:05:48+00:00","og_image":[{"width":750,"height":422,"url":"https:\/\/exaudi.org\/wp-content\/uploads\/2023\/11\/cq5dam.thumbnail.cropped.750.422-38.jpeg","type":"image\/jpeg"}],"author":"Exaudi Redacci\u00f3n","twitter_card":"summary_large_image","twitter_creator":"@Exaudi_noticias","twitter_site":"@Exaudi_News","twitter_misc":{"Escrito por":"Exaudi Redacci\u00f3n","Tiempo de lectura":"3 minutos"},"schema":{"@context":"https:\/\/schema.org","@graph":[{"@type":"Article","@id":"https:\/\/exaudi.org\/es\/el-papa-a-bartolome-que-pedro-y-andres-intercedan-por-la-paz-en-todos-los-pueblos\/#article","isPartOf":{"@id":"https:\/\/exaudi.org\/es\/el-papa-a-bartolome-que-pedro-y-andres-intercedan-por-la-paz-en-todos-los-pueblos\/"},"author":{"name":"Exaudi Redacci\u00f3n","@id":"https:\/\/exaudi.org\/#\/schema\/person\/f5fc8f063065e38742da7afe15f25df7"},"headline":"El Papa a Bartolom\u00e9: Que Pedro y Andr\u00e9s intercedan por la paz en todos los pueblos","datePublished":"2023-11-30T14:22:35+00:00","dateModified":"2023-12-01T13:05:48+00:00","mainEntityOfPage":{"@id":"https:\/\/exaudi.org\/es\/el-papa-a-bartolome-que-pedro-y-andres-intercedan-por-la-paz-en-todos-los-pueblos\/"},"wordCount":707,"image":{"@id":"https:\/\/exaudi.org\/es\/el-papa-a-bartolome-que-pedro-y-andres-intercedan-por-la-paz-en-todos-los-pueblos\/#primaryimage"},"thumbnailUrl":"https:\/\/exaudi.org\/wp-content\/uploads\/2023\/11\/cq5dam.thumbnail.cropped.750.422-38.jpeg","keywords":["Bartolom\u00e9 I","Ecumenismo","liturgia","mensaje","papa francisco","SANTOS Y BEATOS","Trending"],"articleSection":["Le\u00f3n XIV"],"inLanguage":"es"},{"@type":"WebPage","@id":"https:\/\/exaudi.org\/es\/el-papa-a-bartolome-que-pedro-y-andres-intercedan-por-la-paz-en-todos-los-pueblos\/","url":"https:\/\/exaudi.org\/es\/el-papa-a-bartolome-que-pedro-y-andres-intercedan-por-la-paz-en-todos-los-pueblos\/","name":"El Papa a Bartolom\u00e9: Que Pedro y Andr\u00e9s intercedan por la paz en todos los pueblos &#8211; Exaudi","isPartOf":{"@id":"https:\/\/exaudi.org\/#website"},"primaryImageOfPage":{"@id":"https:\/\/exaudi.org\/es\/el-papa-a-bartolome-que-pedro-y-andres-intercedan-por-la-paz-en-todos-los-pueblos\/#primaryimage"},"image":{"@id":"https:\/\/exaudi.org\/es\/el-papa-a-bartolome-que-pedro-y-andres-intercedan-por-la-paz-en-todos-los-pueblos\/#primaryimage"},"thumbnailUrl":"https:\/\/exaudi.org\/wp-content\/uploads\/2023\/11\/cq5dam.thumbnail.cropped.750.422-38.jpeg","datePublished":"2023-11-30T14:22:35+00:00","dateModified":"2023-12-01T13:05:48+00:00","author":{"@id":"https:\/\/exaudi.org\/#\/schema\/person\/f5fc8f063065e38742da7afe15f25df7"},"breadcrumb":{"@id":"https:\/\/exaudi.org\/es\/el-papa-a-bartolome-que-pedro-y-andres-intercedan-por-la-paz-en-todos-los-pueblos\/#breadcrumb"},"inLanguage":"es","potentialAction":[{"@type":"ReadAction","target":["https:\/\/exaudi.org\/es\/el-papa-a-bartolome-que-pedro-y-andres-intercedan-por-la-paz-en-todos-los-pueblos\/"]}]},{"@type":"ImageObject","inLanguage":"es","@id":"https:\/\/exaudi.org\/es\/el-papa-a-bartolome-que-pedro-y-andres-intercedan-por-la-paz-en-todos-los-pueblos\/#primaryimage","url":"https:\/\/exaudi.org\/wp-content\/uploads\/2023\/11\/cq5dam.thumbnail.cropped.750.422-38.jpeg","contentUrl":"https:\/\/exaudi.org\/wp-content\/uploads\/2023\/11\/cq5dam.thumbnail.cropped.750.422-38.jpeg","width":750,"height":422},{"@type":"BreadcrumbList","@id":"https:\/\/exaudi.org\/es\/el-papa-a-bartolome-que-pedro-y-andres-intercedan-por-la-paz-en-todos-los-pueblos\/#breadcrumb","itemListElement":[{"@type":"ListItem","position":1,"name":"Portada","item":"https:\/\/exaudi.org\/es\/"},{"@type":"ListItem","position":2,"name":"El Papa a Bartolom\u00e9: Que Pedro y Andr\u00e9s intercedan por la paz en todos los pueblos"}]},{"@type":"WebSite","@id":"https:\/\/exaudi.org\/#website","url":"https:\/\/exaudi.org\/","name":"Exaudi","description":"News","potentialAction":[{"@type":"SearchAction","target":{"@type":"EntryPoint","urlTemplate":"https:\/\/exaudi.org\/?s={search_term_string}"},"query-input":{"@type":"PropertyValueSpecification","valueRequired":true,"valueName":"search_term_string"}}],"inLanguage":"es"},{"@type":"Person","@id":"https:\/\/exaudi.org\/#\/schema\/person\/f5fc8f063065e38742da7afe15f25df7","name":"Exaudi Redacci\u00f3n","image":{"@type":"ImageObject","inLanguage":"es","@id":"https:\/\/secure.gravatar.com\/avatar\/fe0f6a059fb68d9b3e11bc5850dd4899b1c7492091a3cb6dd9b01b56ad828be2?s=96&d=mm&r=g","url":"https:\/\/secure.gravatar.com\/avatar\/fe0f6a059fb68d9b3e11bc5850dd4899b1c7492091a3cb6dd9b01b56ad828be2?s=96&d=mm&r=g","contentUrl":"https:\/\/secure.gravatar.com\/avatar\/fe0f6a059fb68d9b3e11bc5850dd4899b1c7492091a3cb6dd9b01b56ad828be2?s=96&d=mm&r=g","caption":"Exaudi Redacci\u00f3n"},"description":"\u00bfQu\u00e9 es Exaudi News? Exaudi News es un medio de comunicaci\u00f3n cat\u00f3lico internacional que informa, forma y transforma, diariamente en espa\u00f1ol, ingl\u00e9s e italiano. A trav\u00e9s de noticias, art\u00edculos de an\u00e1lisis y transmisiones en directo de los eventos del Papa, Exaudi busca fortalecer la unidad de los cristianos y contribuir a la evangelizaci\u00f3n del mundo, siempre guiados por la doctrina social de la Iglesia. Trabajamos para acercar la verdad y los valores cristianos a cada rinc\u00f3n del planeta. \u00a1Ay\u00fadanos a transformar el mundo con Exaudi! En Exaudi creemos que la evangelizaci\u00f3n y la informaci\u00f3n de calidad pueden cambiar vidas. Para continuar con nuestra misi\u00f3n y expandir nuestro alcance, necesitamos tu ayuda. Adem\u00e1s, buscamos personas comprometidas que deseen unirse a nuestro equipo. Con tu apoyo, lograremos llegar a m\u00e1s personas, difundir el mensaje de Cristo y reforzar la unidad de los cristianos. \u00bfTe unes a nuestra misi\u00f3n? Para m\u00e1s informaci\u00f3n sobre c\u00f3mo colaborar, visita Exaudi.org\/es o cont\u00e1ctanos directamente: info@exaudi.org Exaudi: Informa, forma y transforma.","sameAs":["https:\/\/www.facebook.com\/ExaudiNoticias\/","https:\/\/www.instagram.com\/exaudi_noticias\/","https:\/\/x.com\/Exaudi_noticias","https:\/\/www.youtube.com\/@exaudicatholicnews"],"url":"https:\/\/exaudi.org\/es\/author\/redaccionexaudi\/"}]}},"jetpack_featured_media_url":"https:\/\/exaudi.org\/wp-content\/uploads\/2023\/11\/cq5dam.thumbnail.cropped.750.422-38.jpeg","jetpack_shortlink":"https:\/\/wp.me\/pgKjF2-nes","_links":{"self":[{"href":"https:\/\/exaudi.org\/es\/wp-json\/wp\/v2\/posts\/89308","targetHints":{"allow":["GET"]}}],"collection":[{"href":"https:\/\/exaudi.org\/es\/wp-json\/wp\/v2\/posts"}],"about":[{"href":"https:\/\/exaudi.org\/es\/wp-json\/wp\/v2\/types\/post"}],"author":[{"embeddable":true,"href":"https:\/\/exaudi.org\/es\/wp-json\/wp\/v2\/users\/15"}],"replies":[{"embeddable":true,"href":"https:\/\/exaudi.org\/es\/wp-json\/wp\/v2\/comments?post=89308"}],"version-history":[{"count":0,"href":"https:\/\/exaudi.org\/es\/wp-json\/wp\/v2\/posts\/89308\/revisions"}],"wp:featuredmedia":[{"embeddable":true,"href":"https:\/\/exaudi.org\/es\/wp-json\/wp\/v2\/media\/89309"}],"wp:attachment":[{"href":"https:\/\/exaudi.org\/es\/wp-json\/wp\/v2\/media?parent=89308"}],"wp:term":[{"taxonomy":"category","embeddable":true,"href":"https:\/\/exaudi.org\/es\/wp-json\/wp\/v2\/categories?post=89308"},{"taxonomy":"post_tag","embeddable":true,"href":"https:\/\/exaudi.org\/es\/wp-json\/wp\/v2\/tags?post=89308"}],"curies":[{"name":"wp","href":"https:\/\/api.w.org\/{rel}","templated":true}]}}