{"id":89211,"date":"2023-11-29T16:27:06","date_gmt":"2023-11-29T15:27:06","guid":{"rendered":"https:\/\/exaudi.org\/?p=89211"},"modified":"2023-11-29T16:31:15","modified_gmt":"2023-11-29T15:31:15","slug":"el-papa-el-anuncio-cristiano-es-para-hoy-testimoniar-con-la-vida","status":"publish","type":"post","link":"https:\/\/exaudi.org\/es\/el-papa-el-anuncio-cristiano-es-para-hoy-testimoniar-con-la-vida\/","title":{"rendered":"El Papa: El anuncio cristiano es para hoy, testimoniar con la vida"},"content":{"rendered":"<p>La audiencia general de este mi\u00e9rcoles, 29 de noviembre de 2023, se celebr\u00f3 a las 9.00 horas en el Aula Pablo VI, donde el Santo Padre Francisco se reuni\u00f3 con grupos de peregrinos y fieles de Italia y de todo el mundo.<\/p>\n<p>En su discurso en italiano, que fue le\u00eddo por el arzobispo Filippo Ciampanelli, el Papa, continuando el ciclo de catequesis La pasi\u00f3n por la evangelizaci\u00f3n: el celo apost\u00f3lico del creyente, centr\u00f3 su meditaci\u00f3n en el tema \u00abEl anuncio es para hoy\u00bb (Lectura: <em>1 Pe<\/em> 3,15-16).<\/p>\n<p>Tras resumir su catequesis en las distintas lenguas, el Santo Padre dirigi\u00f3 expresiones especiales de saludo a los fieles presentes.<\/p>\n<p>La Audiencia General concluy\u00f3 con el rezo del <em>Pater Noster<\/em> y la Bendici\u00f3n Apost\u00f3lica.<\/p>\n<p>***<\/p>\n<p><b>Catequesis. La pasi\u00f3n por la evangelizaci\u00f3n: el celo apost\u00f3lico del creyente. 28. <em>El anuncio es para hoy.<\/em><\/b><\/p>\n<p>Queridos hermanos y hermanas,<\/p>\n<p>las veces pasadas hemos visto que el anuncio cristiano es\u00a0<i><a href=\"https:\/\/www.vatican.va\/content\/francesco\/es\/audiences\/2023\/documents\/20231115-udienza-generale.html\">alegr\u00eda<\/a>\u00a0<\/i>y es\u00a0<i><a href=\"https:\/\/www.vatican.va\/content\/francesco\/es\/audiences\/2023\/documents\/20231122-udienza-generale.html\">para todos<\/a><\/i>; hoy vemos un tercer aspecto: es\u00a0<i>para hoy<\/i>.<\/p>\n<p>Casi siempre se oye hablar mal del hoy. Cierto, entre guerras, cambios clim\u00e1ticos, injusticias planetarias y migraciones, crisis de la familia y de la esperanza, no faltan motivos de preocupaci\u00f3n. En general, el hoy parece habitado por una cultura que pone al individuo por encima de todo y la t\u00e9cnica en el centro de todo, con su capacidad de resolver muchos problemas y sus gigantescos progresos en muchos campos. Pero al mismo tiempo esta cultura del progreso t\u00e9cnico-individual lleva a afirmar una libertad que no quiere ponerse l\u00edmites y se muestra indiferente hacia quien se queda atr\u00e1s. Y as\u00ed entrega las grandes aspiraciones humanas a las l\u00f3gicas a menudo voraces de la econom\u00eda, con una visi\u00f3n de la vida que descarta a quien no produce y le cuesta mirar m\u00e1s all\u00e1 del inmanente. Podr\u00edamos incluso decir que nos encontramos en la primera civilizaci\u00f3n de la historia que globalmente trata de organizar una sociedad humana sin la presencia de Dios, concentr\u00e1ndose en enormes ciudades que se mantienen horizontales, aunque tengan rascacielos vertiginosos.<\/p>\n<p><img loading=\"lazy\" decoding=\"async\" class=\"alignright size-medium wp-image-89212\" src=\"https:\/\/exaudi.org\/wp-content\/uploads\/2023\/11\/e7882d94-6824-4ee3-b15d-204938609102-300x200.jpg\" alt=\"\" width=\"300\" height=\"200\" srcset=\"https:\/\/exaudi.org\/wp-content\/uploads\/2023\/11\/e7882d94-6824-4ee3-b15d-204938609102-300x200.jpg 300w, https:\/\/exaudi.org\/wp-content\/uploads\/2023\/11\/e7882d94-6824-4ee3-b15d-204938609102-1024x683.jpg 1024w, https:\/\/exaudi.org\/wp-content\/uploads\/2023\/11\/e7882d94-6824-4ee3-b15d-204938609102-770x513.jpg 770w, https:\/\/exaudi.org\/wp-content\/uploads\/2023\/11\/e7882d94-6824-4ee3-b15d-204938609102-360x240.jpg?crop=1 360w, https:\/\/exaudi.org\/wp-content\/uploads\/2023\/11\/e7882d94-6824-4ee3-b15d-204938609102-500x333.jpg 500w, https:\/\/exaudi.org\/wp-content\/uploads\/2023\/11\/e7882d94-6824-4ee3-b15d-204938609102-370x247.jpg 370w, https:\/\/exaudi.org\/wp-content\/uploads\/2023\/11\/e7882d94-6824-4ee3-b15d-204938609102-293x195.jpg 293w, https:\/\/exaudi.org\/wp-content\/uploads\/2023\/11\/e7882d94-6824-4ee3-b15d-204938609102-120x80.jpg 120w, https:\/\/exaudi.org\/wp-content\/uploads\/2023\/11\/e7882d94-6824-4ee3-b15d-204938609102-240x160.jpg 240w, https:\/\/exaudi.org\/wp-content\/uploads\/2023\/11\/e7882d94-6824-4ee3-b15d-204938609102-390x260.jpg 390w, https:\/\/exaudi.org\/wp-content\/uploads\/2023\/11\/e7882d94-6824-4ee3-b15d-204938609102.jpg 1080w\" sizes=\"auto, (max-width: 300px) 100vw, 300px\" \/>Viene a la mente el pasaje de la ciudad de Babel y de su torre (cfr\u00a0<i>Gen<\/i>\u00a011,1-9). En \u00e9l se narra un proyecto social que prev\u00e9 sacrificar toda individualidad a la eficiencia de la colectividad. La humanidad habla una sola lengua \u2013 podr\u00edamos decir que tiene un \u201cpensamiento \u00fanico\u201d -, est\u00e1 como envuelta en una especie de encanto general que absorbe la unicidad de cada uno en una burbuja de uniformidad. Entonces Dios confunde las lenguas, es decir restablece las diferencias, recrea las condiciones para que puedan desarrollarse unicidades, reanima el m\u00faltiple donde la ideolog\u00eda quisiera imponer el \u00fanico. El Se\u00f1or aparta a la humanidad tambi\u00e9n de su delirio de omnipotencia: \u00abhag\u00e1monos famosos\u00bb, dicen exaltados los habitantes de Babel (v.<i>\u00a0<\/i>4), que quieren llegar hasta el cielo, ponerse en el lugar de Dios. Pero son ambiciones peligrosas, alienantes, destructivas, y el Se\u00f1or, frustrando estas expectativas, protege a los hombres, impidiendo un desastre anunciado. Parece realmente actual este pasaje: tambi\u00e9n hoy la cohesi\u00f3n, m\u00e1s que la fraternidad y la paz, se basa a menudo en la ambici\u00f3n, en los nacionalismos, la homologaci\u00f3n, en estructuras t\u00e9cnico-econ\u00f3micas que inculcan la persuasi\u00f3n que Dios sea insignificante e in\u00fatil: no tanto porque se busca\u00a0<i>un algo m\u00e1s de saber<\/i>, sino sobre todo por\u00a0<i>un algo m\u00e1s de poder<\/i>. Es una tentaci\u00f3n que impregna los grandes desaf\u00edos de la cultura actual.<\/p>\n<p>En\u00a0<i><a href=\"https:\/\/www.vatican.va\/content\/francesco\/es\/apost_exhortations\/documents\/papa-francesco_esortazione-ap_20131124_evangelii-gaudium.html\">Evangelii gaudium<\/a>\u00a0<\/i>he tratado de describir algunas (cfr nn.\u00a0<a href=\"https:\/\/www.vatican.va\/content\/francesco\/es\/apost_exhortations\/documents\/papa-francesco_esortazione-ap_20131124_evangelii-gaudium.html#Algunos_desaf%C3%ADos_del_mundo_actual\">52-75<\/a>), pero sobre todo he invitado a \u00abuna evangelizaci\u00f3n que ilumine los nuevos modos de relaci\u00f3n con Dios, con los otros y con el espacio, y que suscite los valores fundamentales. Es necesario llegar all\u00ed donde se gestan los nuevos relatos y paradigmas, alcanzar con la Palabra de Jes\u00fas los n\u00facleos m\u00e1s profundos del alma de las ciudades\u00bb (n. 74). En otras palabras, se puede anunciar a Jes\u00fas solo habitando la cultura del propio tiempo; y siempre teniendo en el coraz\u00f3n las palabras del ap\u00f3stol Pablo sobre el hoy: \u00aben el tiempo favorable te escuch\u00e9 y en el d\u00eda de salvaci\u00f3n te ayud\u00e9\u00bb (<i>2 Cor<\/i>\u00a06,2). Por tanto, no hay que contraponer al hoy visiones alternativas procedentes del pasado. Tampoco basta con simplemente reiterar convicciones religiosas adquiridas que, por verdaderas que sean, se vuelven abstractas con el paso del tiempo. Una verdad no se vuelve m\u00e1s cre\u00edble porque se levante la voz al decirla, sino porque se testimonia con la vida.<\/p>\n<p>El celo apost\u00f3lico nunca es una simple repetici\u00f3n de un estilo adquirido, sino testimonio de que el Evangelio est\u00e1 vivo hoy aqu\u00ed para nosotros. Conscientes de esto, miramos por tanto a nuestra \u00e9poca y a nuestra cultura como a un don. Estas son nuestras y evangelizarlas no significa juzgarlas de lejos, ni tampoco estar en un balc\u00f3n gritando el nombre de Jes\u00fas, sino bajar a la calle, ir a los lugares donde se vive, frecuentar los espacios donde se sufre, se trabaja, se estudia y se reflexiona, habitar los cruces de los caminos donde los seres humanos comparten lo que tiene sentido para sus vidas. Significa ser, como Iglesia, \u00ablevadura de di\u00e1logo, de encuentro, de unidad. Adem\u00e1s, nuestras formulaciones de fe son fruto de un di\u00e1log<img loading=\"lazy\" decoding=\"async\" class=\"size-medium wp-image-89218 alignleft\" src=\"https:\/\/exaudi.org\/wp-content\/uploads\/2023\/11\/0ab6a804-3195-4bc9-af91-84459ba440db-300x200.jpg\" alt=\"\" width=\"300\" height=\"200\" srcset=\"https:\/\/exaudi.org\/wp-content\/uploads\/2023\/11\/0ab6a804-3195-4bc9-af91-84459ba440db-300x200.jpg 300w, https:\/\/exaudi.org\/wp-content\/uploads\/2023\/11\/0ab6a804-3195-4bc9-af91-84459ba440db-1024x683.jpg 1024w, https:\/\/exaudi.org\/wp-content\/uploads\/2023\/11\/0ab6a804-3195-4bc9-af91-84459ba440db-770x513.jpg 770w, https:\/\/exaudi.org\/wp-content\/uploads\/2023\/11\/0ab6a804-3195-4bc9-af91-84459ba440db-360x240.jpg?crop=1 360w, https:\/\/exaudi.org\/wp-content\/uploads\/2023\/11\/0ab6a804-3195-4bc9-af91-84459ba440db-500x333.jpg 500w, https:\/\/exaudi.org\/wp-content\/uploads\/2023\/11\/0ab6a804-3195-4bc9-af91-84459ba440db-370x247.jpg 370w, https:\/\/exaudi.org\/wp-content\/uploads\/2023\/11\/0ab6a804-3195-4bc9-af91-84459ba440db-293x195.jpg 293w, https:\/\/exaudi.org\/wp-content\/uploads\/2023\/11\/0ab6a804-3195-4bc9-af91-84459ba440db-120x80.jpg 120w, https:\/\/exaudi.org\/wp-content\/uploads\/2023\/11\/0ab6a804-3195-4bc9-af91-84459ba440db-240x160.jpg 240w, https:\/\/exaudi.org\/wp-content\/uploads\/2023\/11\/0ab6a804-3195-4bc9-af91-84459ba440db-390x260.jpg 390w, https:\/\/exaudi.org\/wp-content\/uploads\/2023\/11\/0ab6a804-3195-4bc9-af91-84459ba440db.jpg 1080w\" sizes=\"auto, (max-width: 300px) 100vw, 300px\" \/>o y de un encuentro de culturas, comunidades e instancias diferentes. No debemos tener miedo del di\u00e1logo: es precisamente la confrontaci\u00f3n y la cr\u00edtica las que nos ayuda a preservar a la teolog\u00eda de transformarse en ideolog\u00eda\u00bb (<i><a href=\"https:\/\/www.vatican.va\/content\/francesco\/es\/speeches\/2015\/november\/documents\/papa-francesco_20151110_firenze-convegno-chiesa-italiana.html\">Discurso al V Congreso nacional de la Iglesia italiana<\/a><\/i>, Florencia,<i>\u00a0<\/i>10 de noviembre 2015).<\/p>\n<p>Necesitamos estar en los cruces de los caminos de hoy. Salir de ellos significar\u00eda empobrecer el Evangelio y reducir la Iglesia a una secta. Frecuentarlos, sin embargo, nos ayuda a los cristianos a comprender de forma renovada las razones de nuestra esperanza, para extraer y compartir el tesoro de la fe \u00ablo nuevo y lo viejo\u00bb (<i>Mt<\/i>\u00a013,52). En resumen, m\u00e1s que querer reconvertir el mundo de hoy, es necesario convertir la pastoral para que encarne mejor el Evangelio en el hoy (cf.\u00a0<i><a href=\"https:\/\/www.vatican.va\/content\/francesco\/es\/apost_exhortations\/documents\/papa-francesco_esortazione-ap_20131124_evangelii-gaudium.html#Pastoral_en_conversi%C3%B3n\">Evangelii gaudium<\/a><\/i>, 25). Hagamos nuestro el deseo de Jes\u00fas: ayudar a nuestros compa\u00f1eros de viaje a no perder el deseo de Dios, para abrirle el coraz\u00f3n y encontrar al \u00fanico que, hoy y siempre, dona paz y alegr\u00eda al hombre.<\/p>\n<p>* * *<\/p>\n<p><b>Saludos<\/b><\/p>\n<p>Saludo cordialmente a los peregrinos de lengua espa\u00f1ola. Pidamos al Esp\u00edritu Santo que nos ilumine para que sepamos dar razones de nuestra fe y nuestra esperanza al mundo de hoy, no s\u00f3lo con palabras sino con el testimonio de nuestra vida. Que Jes\u00fas los bendiga y la Virgen Santa los cuide. Muchas gracias.<\/p>\n<p>________________________________________<\/p>\n<p><b>Resumen le\u00eddo en espa\u00f1ol<\/b><\/p>\n<p>Queridos hermanos y hermanas:<\/p>\n<p>En las catequesis anteriores vimos que el Evangelio es\u00a0<i><a href=\"https:\/\/www.vatican.va\/content\/francesco\/es\/audiences\/2023\/documents\/20231115-udienza-generale.html\">alegr\u00eda<\/a><\/i>\u00a0y es\u00a0<i><a href=\"https:\/\/www.vatican.va\/content\/francesco\/es\/audiences\/2023\/documents\/20231122-udienza-generale.html\">para todos<\/a><\/i>. Y hoy agregamos un tercer aspecto: es\u00a0<i>para hoy<\/i>, es decir, que el tiempo propicio para anunciar a Jes\u00fas es el momento presente. Esto significa que estamos llamados a testimoniar y compartir nuestra fe acogiendo como un don la cultura y el tiempo que vivimos, para iluminar los nuevos modos de relacionarse con Dios, con los dem\u00e1s y con todo lo creado.<\/p>\n<p>Por eso, para evangelizar hoy es necesario que salgamos a los cruces de los caminos actuales, que vayamos a los lugares donde las personas cada d\u00eda trabajan y estudian, sufren y reflexionan, para ser, con la fuerza y la luz del Evangelio, fermento de di\u00e1logo, de encuentro y de unidad.<\/p>\n<p>La Palabra de Dios es viva y eficaz, y para poder anunciarla aqu\u00ed y ahora, el celo apost\u00f3lico nos brinda audacia y creatividad; no nos lleva simplemente a repetir esquemas prefijados sino a encarnarnos en cada realidad.<\/p>\n<p>***<\/p>\n<p>Al final de la audiencia general, Francisco volvi\u00f3 a tomar la palabra despu\u00e9s de que un funcionario de la Secretar\u00eda de Estado leyera catequesis y saludos debido a la dificultad del Pont\u00edfice para hablar por una inflamaci\u00f3n en los pulmones y lanz\u00f3 un llamamiento por el drama en Oriente Medio: \u00abQue contin\u00fae la tregua en Gaza, se libere a todos los rehenes y se permita el acceso a las ayudas\u00bb. La invitaci\u00f3n a no olvidar a Ucrania \u00abque tanto est\u00e1 sufriendo, todav\u00eda en guerra\u00bb<\/p>\n<p><iframe loading=\"lazy\" title=\"Audiencia General - 29 noviembre 2023 - Papa Francisco\" width=\"500\" height=\"281\" src=\"https:\/\/www.youtube.com\/embed\/QCe29YotIOo?feature=oembed\" frameborder=\"0\" allow=\"accelerometer; autoplay; clipboard-write; encrypted-media; gyroscope; picture-in-picture; web-share\" referrerpolicy=\"strict-origin-when-cross-origin\" allowfullscreen><\/iframe><\/p>\n<p>&nbsp;<\/p>\n","protected":false},"excerpt":{"rendered":"<p>Audiencia General<\/p>\n","protected":false},"author":15,"featured_media":89215,"comment_status":"closed","ping_status":"closed","sticky":false,"template":"","format":"standard","meta":{"_acf_changed":false,"_crdt_document":"","inline_featured_image":false,"footnotes":""},"categories":[112,68],"tags":[11210,179,11211,2419,8258],"class_list":["post-89211","post","type-post","status-publish","format-standard","has-post-thumbnail","hentry","category-audiencia-general","category-leon-xiv","tag-al-final-de-la-audiencia-general","tag-audiencia-general","tag-el-anuncio-es-para-hoy","tag-featured","tag-pasion-por-la-evangelizacion"],"acf":[],"yoast_head":"<!-- This site is optimized with the Yoast SEO plugin v27.4 - https:\/\/yoast.com\/product\/yoast-seo-wordpress\/ -->\n<title>El Papa: El anuncio cristiano es para hoy, testimoniar con la vida &#8211; Exaudi<\/title>\n<meta name=\"robots\" content=\"index, follow, max-snippet:-1, max-image-preview:large, max-video-preview:-1\" \/>\n<link rel=\"canonical\" href=\"https:\/\/exaudi.org\/es\/el-papa-el-anuncio-cristiano-es-para-hoy-testimoniar-con-la-vida\/\" \/>\n<meta property=\"og:locale\" content=\"es_ES\" \/>\n<meta property=\"og:type\" content=\"article\" \/>\n<meta property=\"og:title\" content=\"El Papa: El anuncio cristiano es para hoy, testimoniar con la vida &#8211; Exaudi\" \/>\n<meta property=\"og:description\" content=\"Audiencia General\" \/>\n<meta property=\"og:url\" content=\"https:\/\/exaudi.org\/es\/el-papa-el-anuncio-cristiano-es-para-hoy-testimoniar-con-la-vida\/\" \/>\n<meta property=\"og:site_name\" content=\"Exaudi\" \/>\n<meta property=\"article:publisher\" content=\"https:\/\/www.facebook.com\/ExaudiNews\" \/>\n<meta property=\"article:author\" content=\"https:\/\/www.facebook.com\/ExaudiNoticias\/\" \/>\n<meta property=\"article:published_time\" content=\"2023-11-29T15:27:06+00:00\" \/>\n<meta property=\"article:modified_time\" content=\"2023-11-29T15:31:15+00:00\" \/>\n<meta property=\"og:image\" content=\"https:\/\/exaudi.org\/wp-content\/uploads\/2023\/11\/cq5dam.thumbnail.cropped.1500.844-9.jpeg\" \/>\n\t<meta property=\"og:image:width\" content=\"1500\" \/>\n\t<meta property=\"og:image:height\" content=\"844\" \/>\n\t<meta property=\"og:image:type\" content=\"image\/jpeg\" \/>\n<meta name=\"author\" content=\"Exaudi Redacci\u00f3n\" \/>\n<meta name=\"twitter:card\" content=\"summary_large_image\" \/>\n<meta name=\"twitter:creator\" content=\"@Exaudi_noticias\" \/>\n<meta name=\"twitter:site\" content=\"@Exaudi_News\" \/>\n<meta name=\"twitter:label1\" content=\"Escrito por\" \/>\n\t<meta name=\"twitter:data1\" content=\"Exaudi Redacci\u00f3n\" \/>\n\t<meta name=\"twitter:label2\" content=\"Tiempo de lectura\" \/>\n\t<meta name=\"twitter:data2\" content=\"7 minutos\" \/>\n<script type=\"application\/ld+json\" class=\"yoast-schema-graph\">{\"@context\":\"https:\\\/\\\/schema.org\",\"@graph\":[{\"@type\":\"Article\",\"@id\":\"https:\\\/\\\/exaudi.org\\\/es\\\/el-papa-el-anuncio-cristiano-es-para-hoy-testimoniar-con-la-vida\\\/#article\",\"isPartOf\":{\"@id\":\"https:\\\/\\\/exaudi.org\\\/es\\\/el-papa-el-anuncio-cristiano-es-para-hoy-testimoniar-con-la-vida\\\/\"},\"author\":{\"name\":\"Exaudi Redacci\u00f3n\",\"@id\":\"https:\\\/\\\/exaudi.org\\\/#\\\/schema\\\/person\\\/f5fc8f063065e38742da7afe15f25df7\"},\"headline\":\"El Papa: El anuncio cristiano es para hoy, testimoniar con la vida\",\"datePublished\":\"2023-11-29T15:27:06+00:00\",\"dateModified\":\"2023-11-29T15:31:15+00:00\",\"mainEntityOfPage\":{\"@id\":\"https:\\\/\\\/exaudi.org\\\/es\\\/el-papa-el-anuncio-cristiano-es-para-hoy-testimoniar-con-la-vida\\\/\"},\"wordCount\":1442,\"image\":{\"@id\":\"https:\\\/\\\/exaudi.org\\\/es\\\/el-papa-el-anuncio-cristiano-es-para-hoy-testimoniar-con-la-vida\\\/#primaryimage\"},\"thumbnailUrl\":\"https:\\\/\\\/exaudi.org\\\/wp-content\\\/uploads\\\/2023\\\/11\\\/cq5dam.thumbnail.cropped.1500.844-9.jpeg\",\"keywords\":[\"Al final de la audiencia general\",\"audiencia general\",\"El anuncio es para hoy.\",\"Featured\",\"Pasi\u00f3n por la Evangelizaci\u00f3n\"],\"articleSection\":[\"Audiencia General\",\"Le\u00f3n XIV\"],\"inLanguage\":\"es\"},{\"@type\":\"WebPage\",\"@id\":\"https:\\\/\\\/exaudi.org\\\/es\\\/el-papa-el-anuncio-cristiano-es-para-hoy-testimoniar-con-la-vida\\\/\",\"url\":\"https:\\\/\\\/exaudi.org\\\/es\\\/el-papa-el-anuncio-cristiano-es-para-hoy-testimoniar-con-la-vida\\\/\",\"name\":\"El Papa: El anuncio cristiano es para hoy, testimoniar con la vida &#8211; Exaudi\",\"isPartOf\":{\"@id\":\"https:\\\/\\\/exaudi.org\\\/#website\"},\"primaryImageOfPage\":{\"@id\":\"https:\\\/\\\/exaudi.org\\\/es\\\/el-papa-el-anuncio-cristiano-es-para-hoy-testimoniar-con-la-vida\\\/#primaryimage\"},\"image\":{\"@id\":\"https:\\\/\\\/exaudi.org\\\/es\\\/el-papa-el-anuncio-cristiano-es-para-hoy-testimoniar-con-la-vida\\\/#primaryimage\"},\"thumbnailUrl\":\"https:\\\/\\\/exaudi.org\\\/wp-content\\\/uploads\\\/2023\\\/11\\\/cq5dam.thumbnail.cropped.1500.844-9.jpeg\",\"datePublished\":\"2023-11-29T15:27:06+00:00\",\"dateModified\":\"2023-11-29T15:31:15+00:00\",\"author\":{\"@id\":\"https:\\\/\\\/exaudi.org\\\/#\\\/schema\\\/person\\\/f5fc8f063065e38742da7afe15f25df7\"},\"breadcrumb\":{\"@id\":\"https:\\\/\\\/exaudi.org\\\/es\\\/el-papa-el-anuncio-cristiano-es-para-hoy-testimoniar-con-la-vida\\\/#breadcrumb\"},\"inLanguage\":\"es\",\"potentialAction\":[{\"@type\":\"ReadAction\",\"target\":[\"https:\\\/\\\/exaudi.org\\\/es\\\/el-papa-el-anuncio-cristiano-es-para-hoy-testimoniar-con-la-vida\\\/\"]}]},{\"@type\":\"ImageObject\",\"inLanguage\":\"es\",\"@id\":\"https:\\\/\\\/exaudi.org\\\/es\\\/el-papa-el-anuncio-cristiano-es-para-hoy-testimoniar-con-la-vida\\\/#primaryimage\",\"url\":\"https:\\\/\\\/exaudi.org\\\/wp-content\\\/uploads\\\/2023\\\/11\\\/cq5dam.thumbnail.cropped.1500.844-9.jpeg\",\"contentUrl\":\"https:\\\/\\\/exaudi.org\\\/wp-content\\\/uploads\\\/2023\\\/11\\\/cq5dam.thumbnail.cropped.1500.844-9.jpeg\",\"width\":1500,\"height\":844,\"caption\":\"Vatican Media\"},{\"@type\":\"BreadcrumbList\",\"@id\":\"https:\\\/\\\/exaudi.org\\\/es\\\/el-papa-el-anuncio-cristiano-es-para-hoy-testimoniar-con-la-vida\\\/#breadcrumb\",\"itemListElement\":[{\"@type\":\"ListItem\",\"position\":1,\"name\":\"Portada\",\"item\":\"https:\\\/\\\/exaudi.org\\\/es\\\/\"},{\"@type\":\"ListItem\",\"position\":2,\"name\":\"El Papa: El anuncio cristiano es para hoy, testimoniar con la vida\"}]},{\"@type\":\"WebSite\",\"@id\":\"https:\\\/\\\/exaudi.org\\\/#website\",\"url\":\"https:\\\/\\\/exaudi.org\\\/\",\"name\":\"Exaudi\",\"description\":\"News\",\"potentialAction\":[{\"@type\":\"SearchAction\",\"target\":{\"@type\":\"EntryPoint\",\"urlTemplate\":\"https:\\\/\\\/exaudi.org\\\/?s={search_term_string}\"},\"query-input\":{\"@type\":\"PropertyValueSpecification\",\"valueRequired\":true,\"valueName\":\"search_term_string\"}}],\"inLanguage\":\"es\"},{\"@type\":\"Person\",\"@id\":\"https:\\\/\\\/exaudi.org\\\/#\\\/schema\\\/person\\\/f5fc8f063065e38742da7afe15f25df7\",\"name\":\"Exaudi Redacci\u00f3n\",\"image\":{\"@type\":\"ImageObject\",\"inLanguage\":\"es\",\"@id\":\"https:\\\/\\\/secure.gravatar.com\\\/avatar\\\/fe0f6a059fb68d9b3e11bc5850dd4899b1c7492091a3cb6dd9b01b56ad828be2?s=96&d=mm&r=g\",\"url\":\"https:\\\/\\\/secure.gravatar.com\\\/avatar\\\/fe0f6a059fb68d9b3e11bc5850dd4899b1c7492091a3cb6dd9b01b56ad828be2?s=96&d=mm&r=g\",\"contentUrl\":\"https:\\\/\\\/secure.gravatar.com\\\/avatar\\\/fe0f6a059fb68d9b3e11bc5850dd4899b1c7492091a3cb6dd9b01b56ad828be2?s=96&d=mm&r=g\",\"caption\":\"Exaudi Redacci\u00f3n\"},\"description\":\"\u00bfQu\u00e9 es Exaudi News? Exaudi News es un medio de comunicaci\u00f3n cat\u00f3lico internacional que informa, forma y transforma, diariamente en espa\u00f1ol, ingl\u00e9s e italiano. A trav\u00e9s de noticias, art\u00edculos de an\u00e1lisis y transmisiones en directo de los eventos del Papa, Exaudi busca fortalecer la unidad de los cristianos y contribuir a la evangelizaci\u00f3n del mundo, siempre guiados por la doctrina social de la Iglesia. Trabajamos para acercar la verdad y los valores cristianos a cada rinc\u00f3n del planeta. \u00a1Ay\u00fadanos a transformar el mundo con Exaudi! En Exaudi creemos que la evangelizaci\u00f3n y la informaci\u00f3n de calidad pueden cambiar vidas. Para continuar con nuestra misi\u00f3n y expandir nuestro alcance, necesitamos tu ayuda. Adem\u00e1s, buscamos personas comprometidas que deseen unirse a nuestro equipo. Con tu apoyo, lograremos llegar a m\u00e1s personas, difundir el mensaje de Cristo y reforzar la unidad de los cristianos. \u00bfTe unes a nuestra misi\u00f3n? Para m\u00e1s informaci\u00f3n sobre c\u00f3mo colaborar, visita Exaudi.org\\\/es o cont\u00e1ctanos directamente: info@exaudi.org Exaudi: Informa, forma y transforma.\",\"sameAs\":[\"https:\\\/\\\/www.facebook.com\\\/ExaudiNoticias\\\/\",\"https:\\\/\\\/www.instagram.com\\\/exaudi_noticias\\\/\",\"https:\\\/\\\/x.com\\\/Exaudi_noticias\",\"https:\\\/\\\/www.youtube.com\\\/@exaudicatholicnews\"],\"url\":\"https:\\\/\\\/exaudi.org\\\/es\\\/author\\\/redaccionexaudi\\\/\"}]}<\/script>\n<!-- \/ Yoast SEO plugin. -->","yoast_head_json":{"title":"El Papa: El anuncio cristiano es para hoy, testimoniar con la vida &#8211; Exaudi","robots":{"index":"index","follow":"follow","max-snippet":"max-snippet:-1","max-image-preview":"max-image-preview:large","max-video-preview":"max-video-preview:-1"},"canonical":"https:\/\/exaudi.org\/es\/el-papa-el-anuncio-cristiano-es-para-hoy-testimoniar-con-la-vida\/","og_locale":"es_ES","og_type":"article","og_title":"El Papa: El anuncio cristiano es para hoy, testimoniar con la vida &#8211; Exaudi","og_description":"Audiencia General","og_url":"https:\/\/exaudi.org\/es\/el-papa-el-anuncio-cristiano-es-para-hoy-testimoniar-con-la-vida\/","og_site_name":"Exaudi","article_publisher":"https:\/\/www.facebook.com\/ExaudiNews","article_author":"https:\/\/www.facebook.com\/ExaudiNoticias\/","article_published_time":"2023-11-29T15:27:06+00:00","article_modified_time":"2023-11-29T15:31:15+00:00","og_image":[{"width":1500,"height":844,"url":"https:\/\/exaudi.org\/wp-content\/uploads\/2023\/11\/cq5dam.thumbnail.cropped.1500.844-9.jpeg","type":"image\/jpeg"}],"author":"Exaudi Redacci\u00f3n","twitter_card":"summary_large_image","twitter_creator":"@Exaudi_noticias","twitter_site":"@Exaudi_News","twitter_misc":{"Escrito por":"Exaudi Redacci\u00f3n","Tiempo de lectura":"7 minutos"},"schema":{"@context":"https:\/\/schema.org","@graph":[{"@type":"Article","@id":"https:\/\/exaudi.org\/es\/el-papa-el-anuncio-cristiano-es-para-hoy-testimoniar-con-la-vida\/#article","isPartOf":{"@id":"https:\/\/exaudi.org\/es\/el-papa-el-anuncio-cristiano-es-para-hoy-testimoniar-con-la-vida\/"},"author":{"name":"Exaudi Redacci\u00f3n","@id":"https:\/\/exaudi.org\/#\/schema\/person\/f5fc8f063065e38742da7afe15f25df7"},"headline":"El Papa: El anuncio cristiano es para hoy, testimoniar con la vida","datePublished":"2023-11-29T15:27:06+00:00","dateModified":"2023-11-29T15:31:15+00:00","mainEntityOfPage":{"@id":"https:\/\/exaudi.org\/es\/el-papa-el-anuncio-cristiano-es-para-hoy-testimoniar-con-la-vida\/"},"wordCount":1442,"image":{"@id":"https:\/\/exaudi.org\/es\/el-papa-el-anuncio-cristiano-es-para-hoy-testimoniar-con-la-vida\/#primaryimage"},"thumbnailUrl":"https:\/\/exaudi.org\/wp-content\/uploads\/2023\/11\/cq5dam.thumbnail.cropped.1500.844-9.jpeg","keywords":["Al final de la audiencia general","audiencia general","El anuncio es para hoy.","Featured","Pasi\u00f3n por la Evangelizaci\u00f3n"],"articleSection":["Audiencia General","Le\u00f3n XIV"],"inLanguage":"es"},{"@type":"WebPage","@id":"https:\/\/exaudi.org\/es\/el-papa-el-anuncio-cristiano-es-para-hoy-testimoniar-con-la-vida\/","url":"https:\/\/exaudi.org\/es\/el-papa-el-anuncio-cristiano-es-para-hoy-testimoniar-con-la-vida\/","name":"El Papa: El anuncio cristiano es para hoy, testimoniar con la vida &#8211; Exaudi","isPartOf":{"@id":"https:\/\/exaudi.org\/#website"},"primaryImageOfPage":{"@id":"https:\/\/exaudi.org\/es\/el-papa-el-anuncio-cristiano-es-para-hoy-testimoniar-con-la-vida\/#primaryimage"},"image":{"@id":"https:\/\/exaudi.org\/es\/el-papa-el-anuncio-cristiano-es-para-hoy-testimoniar-con-la-vida\/#primaryimage"},"thumbnailUrl":"https:\/\/exaudi.org\/wp-content\/uploads\/2023\/11\/cq5dam.thumbnail.cropped.1500.844-9.jpeg","datePublished":"2023-11-29T15:27:06+00:00","dateModified":"2023-11-29T15:31:15+00:00","author":{"@id":"https:\/\/exaudi.org\/#\/schema\/person\/f5fc8f063065e38742da7afe15f25df7"},"breadcrumb":{"@id":"https:\/\/exaudi.org\/es\/el-papa-el-anuncio-cristiano-es-para-hoy-testimoniar-con-la-vida\/#breadcrumb"},"inLanguage":"es","potentialAction":[{"@type":"ReadAction","target":["https:\/\/exaudi.org\/es\/el-papa-el-anuncio-cristiano-es-para-hoy-testimoniar-con-la-vida\/"]}]},{"@type":"ImageObject","inLanguage":"es","@id":"https:\/\/exaudi.org\/es\/el-papa-el-anuncio-cristiano-es-para-hoy-testimoniar-con-la-vida\/#primaryimage","url":"https:\/\/exaudi.org\/wp-content\/uploads\/2023\/11\/cq5dam.thumbnail.cropped.1500.844-9.jpeg","contentUrl":"https:\/\/exaudi.org\/wp-content\/uploads\/2023\/11\/cq5dam.thumbnail.cropped.1500.844-9.jpeg","width":1500,"height":844,"caption":"Vatican Media"},{"@type":"BreadcrumbList","@id":"https:\/\/exaudi.org\/es\/el-papa-el-anuncio-cristiano-es-para-hoy-testimoniar-con-la-vida\/#breadcrumb","itemListElement":[{"@type":"ListItem","position":1,"name":"Portada","item":"https:\/\/exaudi.org\/es\/"},{"@type":"ListItem","position":2,"name":"El Papa: El anuncio cristiano es para hoy, testimoniar con la vida"}]},{"@type":"WebSite","@id":"https:\/\/exaudi.org\/#website","url":"https:\/\/exaudi.org\/","name":"Exaudi","description":"News","potentialAction":[{"@type":"SearchAction","target":{"@type":"EntryPoint","urlTemplate":"https:\/\/exaudi.org\/?s={search_term_string}"},"query-input":{"@type":"PropertyValueSpecification","valueRequired":true,"valueName":"search_term_string"}}],"inLanguage":"es"},{"@type":"Person","@id":"https:\/\/exaudi.org\/#\/schema\/person\/f5fc8f063065e38742da7afe15f25df7","name":"Exaudi Redacci\u00f3n","image":{"@type":"ImageObject","inLanguage":"es","@id":"https:\/\/secure.gravatar.com\/avatar\/fe0f6a059fb68d9b3e11bc5850dd4899b1c7492091a3cb6dd9b01b56ad828be2?s=96&d=mm&r=g","url":"https:\/\/secure.gravatar.com\/avatar\/fe0f6a059fb68d9b3e11bc5850dd4899b1c7492091a3cb6dd9b01b56ad828be2?s=96&d=mm&r=g","contentUrl":"https:\/\/secure.gravatar.com\/avatar\/fe0f6a059fb68d9b3e11bc5850dd4899b1c7492091a3cb6dd9b01b56ad828be2?s=96&d=mm&r=g","caption":"Exaudi Redacci\u00f3n"},"description":"\u00bfQu\u00e9 es Exaudi News? Exaudi News es un medio de comunicaci\u00f3n cat\u00f3lico internacional que informa, forma y transforma, diariamente en espa\u00f1ol, ingl\u00e9s e italiano. A trav\u00e9s de noticias, art\u00edculos de an\u00e1lisis y transmisiones en directo de los eventos del Papa, Exaudi busca fortalecer la unidad de los cristianos y contribuir a la evangelizaci\u00f3n del mundo, siempre guiados por la doctrina social de la Iglesia. Trabajamos para acercar la verdad y los valores cristianos a cada rinc\u00f3n del planeta. \u00a1Ay\u00fadanos a transformar el mundo con Exaudi! En Exaudi creemos que la evangelizaci\u00f3n y la informaci\u00f3n de calidad pueden cambiar vidas. Para continuar con nuestra misi\u00f3n y expandir nuestro alcance, necesitamos tu ayuda. Adem\u00e1s, buscamos personas comprometidas que deseen unirse a nuestro equipo. Con tu apoyo, lograremos llegar a m\u00e1s personas, difundir el mensaje de Cristo y reforzar la unidad de los cristianos. \u00bfTe unes a nuestra misi\u00f3n? Para m\u00e1s informaci\u00f3n sobre c\u00f3mo colaborar, visita Exaudi.org\/es o cont\u00e1ctanos directamente: info@exaudi.org Exaudi: Informa, forma y transforma.","sameAs":["https:\/\/www.facebook.com\/ExaudiNoticias\/","https:\/\/www.instagram.com\/exaudi_noticias\/","https:\/\/x.com\/Exaudi_noticias","https:\/\/www.youtube.com\/@exaudicatholicnews"],"url":"https:\/\/exaudi.org\/es\/author\/redaccionexaudi\/"}]}},"jetpack_featured_media_url":"https:\/\/exaudi.org\/wp-content\/uploads\/2023\/11\/cq5dam.thumbnail.cropped.1500.844-9.jpeg","jetpack_shortlink":"https:\/\/wp.me\/pgKjF2-ncT","_links":{"self":[{"href":"https:\/\/exaudi.org\/es\/wp-json\/wp\/v2\/posts\/89211","targetHints":{"allow":["GET"]}}],"collection":[{"href":"https:\/\/exaudi.org\/es\/wp-json\/wp\/v2\/posts"}],"about":[{"href":"https:\/\/exaudi.org\/es\/wp-json\/wp\/v2\/types\/post"}],"author":[{"embeddable":true,"href":"https:\/\/exaudi.org\/es\/wp-json\/wp\/v2\/users\/15"}],"replies":[{"embeddable":true,"href":"https:\/\/exaudi.org\/es\/wp-json\/wp\/v2\/comments?post=89211"}],"version-history":[{"count":0,"href":"https:\/\/exaudi.org\/es\/wp-json\/wp\/v2\/posts\/89211\/revisions"}],"wp:featuredmedia":[{"embeddable":true,"href":"https:\/\/exaudi.org\/es\/wp-json\/wp\/v2\/media\/89215"}],"wp:attachment":[{"href":"https:\/\/exaudi.org\/es\/wp-json\/wp\/v2\/media?parent=89211"}],"wp:term":[{"taxonomy":"category","embeddable":true,"href":"https:\/\/exaudi.org\/es\/wp-json\/wp\/v2\/categories?post=89211"},{"taxonomy":"post_tag","embeddable":true,"href":"https:\/\/exaudi.org\/es\/wp-json\/wp\/v2\/tags?post=89211"}],"curies":[{"name":"wp","href":"https:\/\/api.w.org\/{rel}","templated":true}]}}