{"id":89117,"date":"2023-11-28T16:49:42","date_gmt":"2023-11-28T15:49:42","guid":{"rendered":"https:\/\/exaudi.org\/?p=89117"},"modified":"2023-11-29T11:58:05","modified_gmt":"2023-11-29T10:58:05","slug":"el-papa-se-reunio-con-los-obispos-espanoles","status":"publish","type":"post","link":"https:\/\/exaudi.org\/es\/el-papa-se-reunio-con-los-obispos-espanoles\/","title":{"rendered":"El Papa se reuni\u00f3 con los Obispos espa\u00f1oles"},"content":{"rendered":"<audio class=\"wp-audio-shortcode\" id=\"audio-89117-1\" preload=\"none\" style=\"width: 100%;\" controls=\"controls\"><source type=\"audio\/mpeg\" src=\"https:\/\/exaudi.org\/wp-content\/uploads\/2023\/11\/El-Papa-se-reunio-con-los-Obispos-espanoles.mp3?_=1\" \/><a href=\"https:\/\/exaudi.org\/wp-content\/uploads\/2023\/11\/El-Papa-se-reunio-con-los-Obispos-espanoles.mp3\">https:\/\/exaudi.org\/wp-content\/uploads\/2023\/11\/El-Papa-se-reunio-con-los-Obispos-espanoles.mp3<\/a><\/audio>\n<p>La ma\u00f1ana de este martes, el Papa Francisco recibi\u00f3 a los Obispos de la Conferencia Episcopal Espa\u00f1ola, en la Sala Nueva del S\u00ednodo, junto a los responsables del Dicasterio para el Clero\u00a0de la Santa Sede, para dar cuenta del resultado de la visita apost\u00f3lica a los seminarios espa\u00f1oles que tuvo lugar en el primer trimestre de 2023.<\/p>\n<p>Y por la tarde, tuvo lugar en el auditorio del Pontificio Colegio Espa\u00f1ol, San Jos\u00e9 de Roma, la rueda de prensa en la que se present\u00f3 los detalles del encuentro de los miembros de la Conferencia Episcopal Espa\u00f1ola (CEE) con el Papa Francisco\u00a0y los responsables del Dicasterio para el Clero. En la presentaci\u00f3n participaron el\u00a0<a href=\"https:\/\/www.conferenciaepiscopal.es\/obispos\/juan-jose-omella-omella\/\" target=\"_blank\" rel=\"external nofollow noopener\">cardenal Juan Jos\u00e9 Omella<\/a>, presidente de la CEE; monse\u00f1or Francisco C\u00e9sar Garc\u00eda Mag\u00e1n, secretario general de la CEE, y monse\u00f1or Jes\u00fas Vidal, presidente de la\u00a0<a href=\"https:\/\/www.conferenciaepiscopal.es\/comisiones\/clero-y-seminarios\/seminarios\/\" target=\"_blank\" rel=\"external nofollow noopener\">Subcomisi\u00f3n Episcopal para los Seminarios<\/a>.<\/p>\n<p>En la rueda de prensa se precis\u00f3 que, los Obispos han mantenido una extensa conversaci\u00f3n con el Santo Padre sobre los seminarios y la formaci\u00f3n necesaria. Seguidamente han recibido el documento de trabajo elaborado por el Dicasterio para el Clero.<\/p>\n<p><iframe loading=\"lazy\" title=\"Rueda de prensa al final del Encuentro con el Santo Padre y el Dicasterio para el Clero\" width=\"500\" height=\"281\" src=\"https:\/\/www.youtube.com\/embed\/FPtZcY3zveQ?feature=oembed\" frameborder=\"0\" allow=\"accelerometer; autoplay; clipboard-write; encrypted-media; gyroscope; picture-in-picture; web-share\" referrerpolicy=\"strict-origin-when-cross-origin\" allowfullscreen><\/iframe><\/p>\n<div class=\"article__text\">\n<h3><b>Cinco horas de encuentro<\/b><\/h3>\n<p>La CEE inform\u00f3 que, el encuentro\u00a0inici\u00f3 a las 8 de la ma\u00f1ana con un tiempo de oraci\u00f3n dirigido por el cardenal Raniero Cantalamessa,\u00a0predicador de la Casa Pontificia, quien hizo una meditaci\u00f3n basada en el acontecimiento de Pentecost\u00e9s, sobre la necesidad y la importancia del encuentro personal con Jesucristo de los sacerdotes y seminaristas.\u00a0En el transcurso de la meditaci\u00f3n, uni\u00f3 al encuentro el Santo Padre.<\/p>\n<p>Tras la meditaci\u00f3n, el presidente de la CEE, cardenal Juan Jos\u00e9 Omella, dirigi\u00f3 el saludo al Santo Padre agradeciendo la invitaci\u00f3n a este encuentro y la visita apost\u00f3lica realizada.<\/p>\n<p>Inmediatamente despu\u00e9s, tuvo lugar un extenso di\u00e1logo de m\u00e1s de dos horas con el Papa Francisco, centrado en la cuesti\u00f3n de los seminarios. Se han abordado temas como la formaci\u00f3n en los seminarios, la experiencia pastoral de los seminaristas, o la importancia de las diversas dimensiones de la formaci\u00f3n (pastoral, espiritual, teol\u00f3gica, humana, etc.).<\/p>\n<h3><b>Conclusiones del documento de trabajo<\/b><\/h3>\n<p>Tras el encuentro con el Santo Padre tuvo lugar la reuni\u00f3n con los miembros del Dicasterio para el Clero que entregaron a los Obispos espa\u00f1oles las conclusiones del documento de trabajo.<\/p>\n<p>Los miembros del Dicasterio\u00a0han se\u00f1alado los acentos importantes que el texto para la formaci\u00f3n de los seminaristas, aprobado por la Conferencia Episcopal, ya recoge, y en lo que se debe insistir en adelante.<\/p>\n<p>A partir del texto, se ha iniciado un\u00a0di\u00e1logo\u00a0entre los Obispos espa\u00f1oles y los miembros del Dicasterio\u00a0para poder desarrollar las mencionadas recomendaciones, que tienen como objetivo formar sacerdotes misioneros para una Iglesia en salida. Como Obispo referente para este proceso de discernimiento e impulso de la formaci\u00f3n en los seminarios, se ha nombrado a monse\u00f1or Jes\u00fas Vidal, presidente de la Subcomisi\u00f3n Episcopal para los Seminarios.<\/p>\n<p>El documento de trabajo ha destacado algunos de los criterios que se\u00f1ala la\u00a0<i>\u00abRatio fundamentalis\u00bb<\/i>\u00a0de los seminarios espa\u00f1oles que lleva por t\u00edtulo\u00a0<i>\u201cFormar pastores misioneros\u201d<\/i>. El documento requiere que, en los pr\u00f3ximos a\u00f1os, se afronte este proyecto con flexibilidad, sin rigores, adaptando a las circunstancias de cada provincia eclesi\u00e1stica, di\u00f3cesis, etc.<\/p>\n<p>Los responsables del Dicasterio manifestaron su\u00a0disponibilidad a colaborar\u00a0con el desarrollo de estas medidas en las diversas di\u00f3cesis y seminarios.<\/p>\n<h3><b>La visita apost\u00f3lica a los seminarios<\/b><\/h3>\n<p>Asimismo, se se\u00f1ala que, el Dicasterio para el Clero promovi\u00f3 la\u00a0visita apost\u00f3lica a los seminarios espa\u00f1oles\u00a0que fue\u00a0encomendada a dos obispos uruguayos: monse\u00f1or Arturo Eduardo Fajardo, Obispo de Salto, y\u00a0monse\u00f1or Milton Luis Tr\u00f3ccoli, Obispo de Maldonado-Punta del Este \u2013 Minas.<\/p>\n<p>La visita\u00a0tuvo lugar entre el 11 de enero y el 3 de marzo de 2023. En este tiempo conocieron los 55 centros de formaci\u00f3n espa\u00f1oles, adem\u00e1s del Colegio internacional Bidasoa y el Centro de Formaci\u00f3n Comillas.<\/p>\n<p>A su llegada a Espa\u00f1a, los visitadores fueron recibidos\u00a0por el presidente de la Comisi\u00f3n Episcopal para el Clero y Seminarios,\u00a0monse\u00f1or Joan Enric Vives, arzobispo obispo de la Seo de Urgell; y por el presidente de la Subcomisi\u00f3n de Seminarios,\u00a0monse\u00f1or Jes\u00fas Vidal, obispo auxiliar de Madrid; adem\u00e1s de por los secretarios de la Comisi\u00f3n y la Subcomisi\u00f3n en la Conferencia Episcopal,\u00a0Juan Carlos Mateos y Sergio Requena. Las visitas\u00a0se realizaron en dos rutas\u00a0simult\u00e1neas, cada una de ella con uno de los obispos visitadores.<\/p>\n<h3><b>Los seminarios espa\u00f1oles<\/b><\/h3>\n<p>En Espa\u00f1a hay erigidos 86 seminarios, distribuidos en diversas casas de formaci\u00f3n. Hay un seminario interdiocesano en Catalu\u00f1a, 14 seminarios que acogen en sus casas de formaci\u00f3n a seminaristas de otras di\u00f3cesis, y 40 seminarios que acogen a sus propios seminaristas. De estos 40, 29 son de las di\u00f3cesis y 15 son seminarios\u00a0<i>Redemptoris Mater<\/i>. Hay tambi\u00e9n una comunidad de formaci\u00f3n de una realidad eclesial de \u00e1mbito diocesano.<\/p>\n<\/div>\n<div id=\"banner-donazioni\" class=\"article_banner\"><\/div>\n","protected":false},"excerpt":{"rendered":"<p>Este martes, 28 de noviembre, ha tenido lugar en la Sala Nueva del S\u00ednodo, el encuentro de los miembros de la Conferencia Episcopal Espa\u00f1ola con el Papa Francisco y los responsables del Dicasterio para el Clero de la Santa Sede<\/p>\n","protected":false},"author":15,"featured_media":89118,"comment_status":"closed","ping_status":"closed","sticky":false,"template":"","format":"standard","meta":{"_acf_changed":false,"_crdt_document":"","inline_featured_image":false,"footnotes":""},"categories":[74,68],"tags":[6545,1008,1019,158,2791,4953],"class_list":["post-89117","post","type-post","status-publish","format-standard","has-post-thumbnail","hentry","category-iglesia-y-mundo","category-leon-xiv","tag-conferencia-episcopal","tag-espana","tag-evangelizacion","tag-papa-francisco","tag-seminaristas","tag-trending-es"],"acf":[],"yoast_head":"<!-- This site is optimized with the Yoast SEO plugin v27.5 - https:\/\/yoast.com\/product\/yoast-seo-wordpress\/ -->\n<title>El Papa se reuni\u00f3 con los Obispos espa\u00f1oles &#8211; Exaudi<\/title>\n<meta name=\"robots\" content=\"index, follow, max-snippet:-1, max-image-preview:large, max-video-preview:-1\" \/>\n<link rel=\"canonical\" href=\"https:\/\/exaudi.org\/es\/el-papa-se-reunio-con-los-obispos-espanoles\/\" \/>\n<meta property=\"og:locale\" content=\"es_ES\" \/>\n<meta property=\"og:type\" content=\"article\" \/>\n<meta property=\"og:title\" content=\"El Papa se reuni\u00f3 con los Obispos espa\u00f1oles &#8211; Exaudi\" \/>\n<meta property=\"og:description\" content=\"Este martes, 28 de noviembre, ha tenido lugar en la Sala Nueva del S\u00ednodo, el encuentro de los miembros de la Conferencia Episcopal Espa\u00f1ola con el Papa Francisco y los responsables del Dicasterio para el Clero de la Santa Sede\" \/>\n<meta property=\"og:url\" content=\"https:\/\/exaudi.org\/es\/el-papa-se-reunio-con-los-obispos-espanoles\/\" \/>\n<meta property=\"og:site_name\" content=\"Exaudi\" \/>\n<meta property=\"article:publisher\" content=\"https:\/\/www.facebook.com\/ExaudiNews\" \/>\n<meta property=\"article:author\" content=\"https:\/\/www.facebook.com\/ExaudiNoticias\/\" \/>\n<meta property=\"article:published_time\" content=\"2023-11-28T15:49:42+00:00\" \/>\n<meta property=\"article:modified_time\" content=\"2023-11-29T10:58:05+00:00\" \/>\n<meta property=\"og:image\" content=\"https:\/\/exaudi.org\/wp-content\/uploads\/2023\/11\/cq5dam.thumbnail.cropped.750.422-34.jpeg\" \/>\n\t<meta property=\"og:image:width\" content=\"750\" \/>\n\t<meta property=\"og:image:height\" content=\"422\" \/>\n\t<meta property=\"og:image:type\" content=\"image\/jpeg\" \/>\n<meta name=\"author\" content=\"Exaudi Redacci\u00f3n\" \/>\n<meta name=\"twitter:card\" content=\"summary_large_image\" \/>\n<meta name=\"twitter:creator\" content=\"@Exaudi_noticias\" \/>\n<meta name=\"twitter:site\" content=\"@Exaudi_News\" \/>\n<meta name=\"twitter:label1\" content=\"Escrito por\" \/>\n\t<meta name=\"twitter:data1\" content=\"Exaudi Redacci\u00f3n\" \/>\n\t<meta name=\"twitter:label2\" content=\"Tiempo de lectura\" \/>\n\t<meta name=\"twitter:data2\" content=\"4 minutos\" \/>\n<script type=\"application\/ld+json\" class=\"yoast-schema-graph\">{\"@context\":\"https:\\\/\\\/schema.org\",\"@graph\":[{\"@type\":\"Article\",\"@id\":\"https:\\\/\\\/exaudi.org\\\/es\\\/el-papa-se-reunio-con-los-obispos-espanoles\\\/#article\",\"isPartOf\":{\"@id\":\"https:\\\/\\\/exaudi.org\\\/es\\\/el-papa-se-reunio-con-los-obispos-espanoles\\\/\"},\"author\":{\"name\":\"Exaudi Redacci\u00f3n\",\"@id\":\"https:\\\/\\\/exaudi.org\\\/#\\\/schema\\\/person\\\/f5fc8f063065e38742da7afe15f25df7\"},\"headline\":\"El Papa se reuni\u00f3 con los Obispos espa\u00f1oles\",\"datePublished\":\"2023-11-28T15:49:42+00:00\",\"dateModified\":\"2023-11-29T10:58:05+00:00\",\"mainEntityOfPage\":{\"@id\":\"https:\\\/\\\/exaudi.org\\\/es\\\/el-papa-se-reunio-con-los-obispos-espanoles\\\/\"},\"wordCount\":883,\"image\":{\"@id\":\"https:\\\/\\\/exaudi.org\\\/es\\\/el-papa-se-reunio-con-los-obispos-espanoles\\\/#primaryimage\"},\"thumbnailUrl\":\"https:\\\/\\\/exaudi.org\\\/wp-content\\\/uploads\\\/2023\\\/11\\\/cq5dam.thumbnail.cropped.750.422-34.jpeg\",\"keywords\":[\"Conferencia Episcopal\",\"Espa\u00f1a\",\"Evangelizaci\u00f3n\",\"papa francisco\",\"Seminaristas\",\"Trending\"],\"articleSection\":[\"Iglesia y Mundo\",\"Le\u00f3n XIV\"],\"inLanguage\":\"es\"},{\"@type\":\"WebPage\",\"@id\":\"https:\\\/\\\/exaudi.org\\\/es\\\/el-papa-se-reunio-con-los-obispos-espanoles\\\/\",\"url\":\"https:\\\/\\\/exaudi.org\\\/es\\\/el-papa-se-reunio-con-los-obispos-espanoles\\\/\",\"name\":\"El Papa se reuni\u00f3 con los Obispos espa\u00f1oles &#8211; Exaudi\",\"isPartOf\":{\"@id\":\"https:\\\/\\\/exaudi.org\\\/#website\"},\"primaryImageOfPage\":{\"@id\":\"https:\\\/\\\/exaudi.org\\\/es\\\/el-papa-se-reunio-con-los-obispos-espanoles\\\/#primaryimage\"},\"image\":{\"@id\":\"https:\\\/\\\/exaudi.org\\\/es\\\/el-papa-se-reunio-con-los-obispos-espanoles\\\/#primaryimage\"},\"thumbnailUrl\":\"https:\\\/\\\/exaudi.org\\\/wp-content\\\/uploads\\\/2023\\\/11\\\/cq5dam.thumbnail.cropped.750.422-34.jpeg\",\"datePublished\":\"2023-11-28T15:49:42+00:00\",\"dateModified\":\"2023-11-29T10:58:05+00:00\",\"author\":{\"@id\":\"https:\\\/\\\/exaudi.org\\\/#\\\/schema\\\/person\\\/f5fc8f063065e38742da7afe15f25df7\"},\"breadcrumb\":{\"@id\":\"https:\\\/\\\/exaudi.org\\\/es\\\/el-papa-se-reunio-con-los-obispos-espanoles\\\/#breadcrumb\"},\"inLanguage\":\"es\",\"potentialAction\":[{\"@type\":\"ReadAction\",\"target\":[\"https:\\\/\\\/exaudi.org\\\/es\\\/el-papa-se-reunio-con-los-obispos-espanoles\\\/\"]}]},{\"@type\":\"ImageObject\",\"inLanguage\":\"es\",\"@id\":\"https:\\\/\\\/exaudi.org\\\/es\\\/el-papa-se-reunio-con-los-obispos-espanoles\\\/#primaryimage\",\"url\":\"https:\\\/\\\/exaudi.org\\\/wp-content\\\/uploads\\\/2023\\\/11\\\/cq5dam.thumbnail.cropped.750.422-34.jpeg\",\"contentUrl\":\"https:\\\/\\\/exaudi.org\\\/wp-content\\\/uploads\\\/2023\\\/11\\\/cq5dam.thumbnail.cropped.750.422-34.jpeg\",\"width\":750,\"height\":422},{\"@type\":\"BreadcrumbList\",\"@id\":\"https:\\\/\\\/exaudi.org\\\/es\\\/el-papa-se-reunio-con-los-obispos-espanoles\\\/#breadcrumb\",\"itemListElement\":[{\"@type\":\"ListItem\",\"position\":1,\"name\":\"Portada\",\"item\":\"https:\\\/\\\/exaudi.org\\\/es\\\/\"},{\"@type\":\"ListItem\",\"position\":2,\"name\":\"El Papa se reuni\u00f3 con los Obispos espa\u00f1oles\"}]},{\"@type\":\"WebSite\",\"@id\":\"https:\\\/\\\/exaudi.org\\\/#website\",\"url\":\"https:\\\/\\\/exaudi.org\\\/\",\"name\":\"Exaudi\",\"description\":\"News\",\"potentialAction\":[{\"@type\":\"SearchAction\",\"target\":{\"@type\":\"EntryPoint\",\"urlTemplate\":\"https:\\\/\\\/exaudi.org\\\/?s={search_term_string}\"},\"query-input\":{\"@type\":\"PropertyValueSpecification\",\"valueRequired\":true,\"valueName\":\"search_term_string\"}}],\"inLanguage\":\"es\"},{\"@type\":\"Person\",\"@id\":\"https:\\\/\\\/exaudi.org\\\/#\\\/schema\\\/person\\\/f5fc8f063065e38742da7afe15f25df7\",\"name\":\"Exaudi Redacci\u00f3n\",\"image\":{\"@type\":\"ImageObject\",\"inLanguage\":\"es\",\"@id\":\"https:\\\/\\\/secure.gravatar.com\\\/avatar\\\/fe0f6a059fb68d9b3e11bc5850dd4899b1c7492091a3cb6dd9b01b56ad828be2?s=96&d=mm&r=g\",\"url\":\"https:\\\/\\\/secure.gravatar.com\\\/avatar\\\/fe0f6a059fb68d9b3e11bc5850dd4899b1c7492091a3cb6dd9b01b56ad828be2?s=96&d=mm&r=g\",\"contentUrl\":\"https:\\\/\\\/secure.gravatar.com\\\/avatar\\\/fe0f6a059fb68d9b3e11bc5850dd4899b1c7492091a3cb6dd9b01b56ad828be2?s=96&d=mm&r=g\",\"caption\":\"Exaudi Redacci\u00f3n\"},\"description\":\"\u00bfQu\u00e9 es Exaudi News? Exaudi News es un medio de comunicaci\u00f3n cat\u00f3lico internacional que informa, forma y transforma, diariamente en espa\u00f1ol, ingl\u00e9s e italiano. A trav\u00e9s de noticias, art\u00edculos de an\u00e1lisis y transmisiones en directo de los eventos del Papa, Exaudi busca fortalecer la unidad de los cristianos y contribuir a la evangelizaci\u00f3n del mundo, siempre guiados por la doctrina social de la Iglesia. Trabajamos para acercar la verdad y los valores cristianos a cada rinc\u00f3n del planeta. \u00a1Ay\u00fadanos a transformar el mundo con Exaudi! En Exaudi creemos que la evangelizaci\u00f3n y la informaci\u00f3n de calidad pueden cambiar vidas. Para continuar con nuestra misi\u00f3n y expandir nuestro alcance, necesitamos tu ayuda. Adem\u00e1s, buscamos personas comprometidas que deseen unirse a nuestro equipo. Con tu apoyo, lograremos llegar a m\u00e1s personas, difundir el mensaje de Cristo y reforzar la unidad de los cristianos. \u00bfTe unes a nuestra misi\u00f3n? Para m\u00e1s informaci\u00f3n sobre c\u00f3mo colaborar, visita Exaudi.org\\\/es o cont\u00e1ctanos directamente: info@exaudi.org Exaudi: Informa, forma y transforma.\",\"sameAs\":[\"https:\\\/\\\/www.facebook.com\\\/ExaudiNoticias\\\/\",\"https:\\\/\\\/www.instagram.com\\\/exaudi_noticias\\\/\",\"https:\\\/\\\/x.com\\\/Exaudi_noticias\",\"https:\\\/\\\/www.youtube.com\\\/@exaudicatholicnews\"],\"url\":\"https:\\\/\\\/exaudi.org\\\/es\\\/author\\\/redaccionexaudi\\\/\"}]}<\/script>\n<!-- \/ Yoast SEO plugin. -->","yoast_head_json":{"title":"El Papa se reuni\u00f3 con los Obispos espa\u00f1oles &#8211; Exaudi","robots":{"index":"index","follow":"follow","max-snippet":"max-snippet:-1","max-image-preview":"max-image-preview:large","max-video-preview":"max-video-preview:-1"},"canonical":"https:\/\/exaudi.org\/es\/el-papa-se-reunio-con-los-obispos-espanoles\/","og_locale":"es_ES","og_type":"article","og_title":"El Papa se reuni\u00f3 con los Obispos espa\u00f1oles &#8211; Exaudi","og_description":"Este martes, 28 de noviembre, ha tenido lugar en la Sala Nueva del S\u00ednodo, el encuentro de los miembros de la Conferencia Episcopal Espa\u00f1ola con el Papa Francisco y los responsables del Dicasterio para el Clero de la Santa Sede","og_url":"https:\/\/exaudi.org\/es\/el-papa-se-reunio-con-los-obispos-espanoles\/","og_site_name":"Exaudi","article_publisher":"https:\/\/www.facebook.com\/ExaudiNews","article_author":"https:\/\/www.facebook.com\/ExaudiNoticias\/","article_published_time":"2023-11-28T15:49:42+00:00","article_modified_time":"2023-11-29T10:58:05+00:00","og_image":[{"width":750,"height":422,"url":"https:\/\/exaudi.org\/wp-content\/uploads\/2023\/11\/cq5dam.thumbnail.cropped.750.422-34.jpeg","type":"image\/jpeg"}],"author":"Exaudi Redacci\u00f3n","twitter_card":"summary_large_image","twitter_creator":"@Exaudi_noticias","twitter_site":"@Exaudi_News","twitter_misc":{"Escrito por":"Exaudi Redacci\u00f3n","Tiempo de lectura":"4 minutos"},"schema":{"@context":"https:\/\/schema.org","@graph":[{"@type":"Article","@id":"https:\/\/exaudi.org\/es\/el-papa-se-reunio-con-los-obispos-espanoles\/#article","isPartOf":{"@id":"https:\/\/exaudi.org\/es\/el-papa-se-reunio-con-los-obispos-espanoles\/"},"author":{"name":"Exaudi Redacci\u00f3n","@id":"https:\/\/exaudi.org\/#\/schema\/person\/f5fc8f063065e38742da7afe15f25df7"},"headline":"El Papa se reuni\u00f3 con los Obispos espa\u00f1oles","datePublished":"2023-11-28T15:49:42+00:00","dateModified":"2023-11-29T10:58:05+00:00","mainEntityOfPage":{"@id":"https:\/\/exaudi.org\/es\/el-papa-se-reunio-con-los-obispos-espanoles\/"},"wordCount":883,"image":{"@id":"https:\/\/exaudi.org\/es\/el-papa-se-reunio-con-los-obispos-espanoles\/#primaryimage"},"thumbnailUrl":"https:\/\/exaudi.org\/wp-content\/uploads\/2023\/11\/cq5dam.thumbnail.cropped.750.422-34.jpeg","keywords":["Conferencia Episcopal","Espa\u00f1a","Evangelizaci\u00f3n","papa francisco","Seminaristas","Trending"],"articleSection":["Iglesia y Mundo","Le\u00f3n XIV"],"inLanguage":"es"},{"@type":"WebPage","@id":"https:\/\/exaudi.org\/es\/el-papa-se-reunio-con-los-obispos-espanoles\/","url":"https:\/\/exaudi.org\/es\/el-papa-se-reunio-con-los-obispos-espanoles\/","name":"El Papa se reuni\u00f3 con los Obispos espa\u00f1oles &#8211; Exaudi","isPartOf":{"@id":"https:\/\/exaudi.org\/#website"},"primaryImageOfPage":{"@id":"https:\/\/exaudi.org\/es\/el-papa-se-reunio-con-los-obispos-espanoles\/#primaryimage"},"image":{"@id":"https:\/\/exaudi.org\/es\/el-papa-se-reunio-con-los-obispos-espanoles\/#primaryimage"},"thumbnailUrl":"https:\/\/exaudi.org\/wp-content\/uploads\/2023\/11\/cq5dam.thumbnail.cropped.750.422-34.jpeg","datePublished":"2023-11-28T15:49:42+00:00","dateModified":"2023-11-29T10:58:05+00:00","author":{"@id":"https:\/\/exaudi.org\/#\/schema\/person\/f5fc8f063065e38742da7afe15f25df7"},"breadcrumb":{"@id":"https:\/\/exaudi.org\/es\/el-papa-se-reunio-con-los-obispos-espanoles\/#breadcrumb"},"inLanguage":"es","potentialAction":[{"@type":"ReadAction","target":["https:\/\/exaudi.org\/es\/el-papa-se-reunio-con-los-obispos-espanoles\/"]}]},{"@type":"ImageObject","inLanguage":"es","@id":"https:\/\/exaudi.org\/es\/el-papa-se-reunio-con-los-obispos-espanoles\/#primaryimage","url":"https:\/\/exaudi.org\/wp-content\/uploads\/2023\/11\/cq5dam.thumbnail.cropped.750.422-34.jpeg","contentUrl":"https:\/\/exaudi.org\/wp-content\/uploads\/2023\/11\/cq5dam.thumbnail.cropped.750.422-34.jpeg","width":750,"height":422},{"@type":"BreadcrumbList","@id":"https:\/\/exaudi.org\/es\/el-papa-se-reunio-con-los-obispos-espanoles\/#breadcrumb","itemListElement":[{"@type":"ListItem","position":1,"name":"Portada","item":"https:\/\/exaudi.org\/es\/"},{"@type":"ListItem","position":2,"name":"El Papa se reuni\u00f3 con los Obispos espa\u00f1oles"}]},{"@type":"WebSite","@id":"https:\/\/exaudi.org\/#website","url":"https:\/\/exaudi.org\/","name":"Exaudi","description":"News","potentialAction":[{"@type":"SearchAction","target":{"@type":"EntryPoint","urlTemplate":"https:\/\/exaudi.org\/?s={search_term_string}"},"query-input":{"@type":"PropertyValueSpecification","valueRequired":true,"valueName":"search_term_string"}}],"inLanguage":"es"},{"@type":"Person","@id":"https:\/\/exaudi.org\/#\/schema\/person\/f5fc8f063065e38742da7afe15f25df7","name":"Exaudi Redacci\u00f3n","image":{"@type":"ImageObject","inLanguage":"es","@id":"https:\/\/secure.gravatar.com\/avatar\/fe0f6a059fb68d9b3e11bc5850dd4899b1c7492091a3cb6dd9b01b56ad828be2?s=96&d=mm&r=g","url":"https:\/\/secure.gravatar.com\/avatar\/fe0f6a059fb68d9b3e11bc5850dd4899b1c7492091a3cb6dd9b01b56ad828be2?s=96&d=mm&r=g","contentUrl":"https:\/\/secure.gravatar.com\/avatar\/fe0f6a059fb68d9b3e11bc5850dd4899b1c7492091a3cb6dd9b01b56ad828be2?s=96&d=mm&r=g","caption":"Exaudi Redacci\u00f3n"},"description":"\u00bfQu\u00e9 es Exaudi News? Exaudi News es un medio de comunicaci\u00f3n cat\u00f3lico internacional que informa, forma y transforma, diariamente en espa\u00f1ol, ingl\u00e9s e italiano. A trav\u00e9s de noticias, art\u00edculos de an\u00e1lisis y transmisiones en directo de los eventos del Papa, Exaudi busca fortalecer la unidad de los cristianos y contribuir a la evangelizaci\u00f3n del mundo, siempre guiados por la doctrina social de la Iglesia. Trabajamos para acercar la verdad y los valores cristianos a cada rinc\u00f3n del planeta. \u00a1Ay\u00fadanos a transformar el mundo con Exaudi! En Exaudi creemos que la evangelizaci\u00f3n y la informaci\u00f3n de calidad pueden cambiar vidas. Para continuar con nuestra misi\u00f3n y expandir nuestro alcance, necesitamos tu ayuda. Adem\u00e1s, buscamos personas comprometidas que deseen unirse a nuestro equipo. Con tu apoyo, lograremos llegar a m\u00e1s personas, difundir el mensaje de Cristo y reforzar la unidad de los cristianos. \u00bfTe unes a nuestra misi\u00f3n? Para m\u00e1s informaci\u00f3n sobre c\u00f3mo colaborar, visita Exaudi.org\/es o cont\u00e1ctanos directamente: info@exaudi.org Exaudi: Informa, forma y transforma.","sameAs":["https:\/\/www.facebook.com\/ExaudiNoticias\/","https:\/\/www.instagram.com\/exaudi_noticias\/","https:\/\/x.com\/Exaudi_noticias","https:\/\/www.youtube.com\/@exaudicatholicnews"],"url":"https:\/\/exaudi.org\/es\/author\/redaccionexaudi\/"}]}},"jetpack_featured_media_url":"https:\/\/exaudi.org\/wp-content\/uploads\/2023\/11\/cq5dam.thumbnail.cropped.750.422-34.jpeg","jetpack_shortlink":"https:\/\/wp.me\/pgKjF2-nbn","_links":{"self":[{"href":"https:\/\/exaudi.org\/es\/wp-json\/wp\/v2\/posts\/89117","targetHints":{"allow":["GET"]}}],"collection":[{"href":"https:\/\/exaudi.org\/es\/wp-json\/wp\/v2\/posts"}],"about":[{"href":"https:\/\/exaudi.org\/es\/wp-json\/wp\/v2\/types\/post"}],"author":[{"embeddable":true,"href":"https:\/\/exaudi.org\/es\/wp-json\/wp\/v2\/users\/15"}],"replies":[{"embeddable":true,"href":"https:\/\/exaudi.org\/es\/wp-json\/wp\/v2\/comments?post=89117"}],"version-history":[{"count":0,"href":"https:\/\/exaudi.org\/es\/wp-json\/wp\/v2\/posts\/89117\/revisions"}],"wp:featuredmedia":[{"embeddable":true,"href":"https:\/\/exaudi.org\/es\/wp-json\/wp\/v2\/media\/89118"}],"wp:attachment":[{"href":"https:\/\/exaudi.org\/es\/wp-json\/wp\/v2\/media?parent=89117"}],"wp:term":[{"taxonomy":"category","embeddable":true,"href":"https:\/\/exaudi.org\/es\/wp-json\/wp\/v2\/categories?post=89117"},{"taxonomy":"post_tag","embeddable":true,"href":"https:\/\/exaudi.org\/es\/wp-json\/wp\/v2\/tags?post=89117"}],"curies":[{"name":"wp","href":"https:\/\/api.w.org\/{rel}","templated":true}]}}