{"id":89113,"date":"2023-11-28T13:39:01","date_gmt":"2023-11-28T12:39:01","guid":{"rendered":"https:\/\/exaudi.org\/?p=89113"},"modified":"2023-11-28T13:39:56","modified_gmt":"2023-11-28T12:39:56","slug":"el-compositor-frances-jean-charles-gandrille-ganador-de-la-x-edicion-del-premio-de-musica-sacra-fernando-rielo","status":"publish","type":"post","link":"https:\/\/exaudi.org\/es\/el-compositor-frances-jean-charles-gandrille-ganador-de-la-x-edicion-del-premio-de-musica-sacra-fernando-rielo\/","title":{"rendered":"El compositor franc\u00e9s Jean-Charles Gandrille, ganador de la X edici\u00f3n del premio de m\u00fasica sacra Fernando Rielo"},"content":{"rendered":"<p>En el acto, con gran afluencia de p\u00fablico, se interpretaron en estreno absoluto las obras, escritas para coro mixto y orquesta de c\u00e1mara: \u00a0\u201c<em>Tibi, Domine<\/em>\u201d de\u00a0<strong>Jean-Charles Gandrille\u00a0<\/strong>(Francia &#8211; 1982); \u201c<em>ArcaS<\/em>\u201d de\u00a0<strong>Alfonso Romero-Ram\u00edrez\u00a0<\/strong>(Espa\u00f1a &#8211; 1968);\u00a0<em>\u201cSacra Martirial\u201d<\/em>\u00a0de\u00a0<strong>Ruggero Lagan\u00e0<\/strong>\u00a0(Italia &#8211; 1956), y \u00a0\u201cMorir por Ti\u201d de\u00a0<strong>Francesca Idini\u00a0<\/strong>(Italia &#8211; 1997), ejecutadas por la Orquesta y el Coro de c\u00e1mara QNK \u00d3pera de la ciudad de Cuenca, dirigidos por el maestro Ignacio Yepes.<\/p>\n<p>Dichas obras fueron seleccionadas por el Jurado de entre todas las composiciones venidas de Alemania, Brasil, Espa\u00f1a, Estados Unidos, Francia, Grecia, Italia, M\u00e9xico, Polonia y Venezuela.<\/p>\n<p>Este Premio de M\u00fasica Sacra se celebra cada dos a\u00f1os, y est\u00e1 dirigido a compositores de cualquier pa\u00eds sin l\u00edmite de edad. En la presente edici\u00f3n el texto a musicalizar era una peque\u00f1a oraci\u00f3n escrita en su adolescencia por Fernando Rielo llamada \u201cSacra Martirial\u201d: \u201c<em>Te prometo, Se\u00f1or, vivir y transmitir el Evangelio con el sacrificio de mi vida y de mi fama. Fiel al mayor testimonio de amor, morir por Ti\u201d.<\/em>\u00a0La presente edici\u00f3n del Premio Internacional de M\u00fasica Sacra se enmarca dentro de los actos conmemorativos por el Centenario del nacimiento de Rielo. \u00a0El acto concluyo con una nueva ejecuci\u00f3n de la obra ganadora<\/p>\n<p><strong>Jean-Charles Gandrille<\/strong>\u00a0(Francia, 1982) es compositor, organista y pianista. Realiz\u00f3 sus estudios musicales en el Conservatorio Nacional Superior de M\u00fasica y Danza de Par\u00eds. Ser compositor era su sue\u00f1o de ni\u00f1o, tras escribir su primera composici\u00f3n a la edad de 10 a\u00f1os. Desde entonces no ha dejado de componer, siendo extensa la lista de sus obras, que abarca composiciones para \u00f3rgano, piano,\u00a0 flauta y piano, soprano y piano, \u00f3rgano y celo, etc.<\/p>\n<p>A pesar de su juventud, desde el inicio su carrera ha obtenido numerosos premios y reconocimientos, tanto a nivel nacional como internacional, premios de composici\u00f3n, como organista, etc. A\u00f1adiendo ahora este X Premio Internacional de M\u00fasica Sacra Fernando Rielo<\/p>\n","protected":false},"excerpt":{"rendered":"<p>El Fallo tuvo lugar el pasado viernes 24 de noviembre de 2023, en la Iglesia de San Jer\u00f3nimo el Real en Madrid, siendo elegida por unanimidad por el Jurado<\/p>\n","protected":false},"author":15,"featured_media":89114,"comment_status":"closed","ping_status":"closed","sticky":false,"template":"","format":"standard","meta":{"_acf_changed":false,"_crdt_document":"","inline_featured_image":false,"footnotes":""},"categories":[],"tags":[10108,10108,10108,10108,11164,11163],"class_list":{"0":"post-89113","1":"post","2":"type-post","3":"status-publish","4":"format-standard","5":"has-post-thumbnail","6":"hentry","7":"tag-fernando-rielo","11":"tag-jean-charles-gandrille","12":"tag-musica-sacra"},"acf":[],"yoast_head":"<!-- This site is optimized with the Yoast SEO plugin v27.5 - https:\/\/yoast.com\/product\/yoast-seo-wordpress\/ -->\n<title>El compositor franc\u00e9s Jean-Charles Gandrille, ganador de la X edici\u00f3n del premio de m\u00fasica sacra Fernando Rielo &#8211; Exaudi<\/title>\n<meta name=\"robots\" content=\"index, follow, max-snippet:-1, max-image-preview:large, max-video-preview:-1\" \/>\n<link rel=\"canonical\" href=\"https:\/\/exaudi.org\/es\/el-compositor-frances-jean-charles-gandrille-ganador-de-la-x-edicion-del-premio-de-musica-sacra-fernando-rielo\/\" \/>\n<meta property=\"og:locale\" content=\"es_ES\" \/>\n<meta property=\"og:type\" content=\"article\" \/>\n<meta property=\"og:title\" content=\"El compositor franc\u00e9s Jean-Charles Gandrille, ganador de la X edici\u00f3n del premio de m\u00fasica sacra Fernando Rielo &#8211; Exaudi\" \/>\n<meta property=\"og:description\" content=\"El Fallo tuvo lugar el pasado viernes 24 de noviembre de 2023, en la Iglesia de San Jer\u00f3nimo el Real en Madrid, siendo elegida por unanimidad por el Jurado\" \/>\n<meta property=\"og:url\" content=\"https:\/\/exaudi.org\/es\/el-compositor-frances-jean-charles-gandrille-ganador-de-la-x-edicion-del-premio-de-musica-sacra-fernando-rielo\/\" \/>\n<meta property=\"og:site_name\" content=\"Exaudi\" \/>\n<meta property=\"article:publisher\" content=\"https:\/\/www.facebook.com\/ExaudiNews\" \/>\n<meta property=\"article:author\" content=\"https:\/\/www.facebook.com\/ExaudiNoticias\/\" \/>\n<meta property=\"article:published_time\" content=\"2023-11-28T12:39:01+00:00\" \/>\n<meta property=\"article:modified_time\" content=\"2023-11-28T12:39:56+00:00\" \/>\n<meta property=\"og:image\" content=\"https:\/\/exaudi.org\/wp-content\/uploads\/2023\/11\/Ignacio-dirigiendo.jpg\" \/>\n\t<meta property=\"og:image:width\" content=\"1200\" \/>\n\t<meta property=\"og:image:height\" content=\"800\" \/>\n\t<meta property=\"og:image:type\" content=\"image\/jpeg\" \/>\n<meta name=\"author\" content=\"Exaudi Redacci\u00f3n\" \/>\n<meta name=\"twitter:card\" content=\"summary_large_image\" \/>\n<meta name=\"twitter:creator\" content=\"@Exaudi_noticias\" \/>\n<meta name=\"twitter:site\" content=\"@Exaudi_News\" \/>\n<meta name=\"twitter:label1\" content=\"Escrito por\" \/>\n\t<meta name=\"twitter:data1\" content=\"Exaudi Redacci\u00f3n\" \/>\n\t<meta name=\"twitter:label2\" content=\"Tiempo de lectura\" \/>\n\t<meta name=\"twitter:data2\" content=\"2 minutos\" \/>\n<script type=\"application\/ld+json\" class=\"yoast-schema-graph\">{\"@context\":\"https:\\\/\\\/schema.org\",\"@graph\":[{\"@type\":\"Article\",\"@id\":\"https:\\\/\\\/exaudi.org\\\/es\\\/el-compositor-frances-jean-charles-gandrille-ganador-de-la-x-edicion-del-premio-de-musica-sacra-fernando-rielo\\\/#article\",\"isPartOf\":{\"@id\":\"https:\\\/\\\/exaudi.org\\\/es\\\/el-compositor-frances-jean-charles-gandrille-ganador-de-la-x-edicion-del-premio-de-musica-sacra-fernando-rielo\\\/\"},\"author\":{\"name\":\"Exaudi Redacci\u00f3n\",\"@id\":\"https:\\\/\\\/exaudi.org\\\/#\\\/schema\\\/person\\\/f5fc8f063065e38742da7afe15f25df7\"},\"headline\":\"El compositor franc\u00e9s Jean-Charles Gandrille, ganador de la X edici\u00f3n del premio de m\u00fasica sacra Fernando Rielo\",\"datePublished\":\"2023-11-28T12:39:01+00:00\",\"dateModified\":\"2023-11-28T12:39:56+00:00\",\"mainEntityOfPage\":{\"@id\":\"https:\\\/\\\/exaudi.org\\\/es\\\/el-compositor-frances-jean-charles-gandrille-ganador-de-la-x-edicion-del-premio-de-musica-sacra-fernando-rielo\\\/\"},\"wordCount\":361,\"image\":{\"@id\":\"https:\\\/\\\/exaudi.org\\\/es\\\/el-compositor-frances-jean-charles-gandrille-ganador-de-la-x-edicion-del-premio-de-musica-sacra-fernando-rielo\\\/#primaryimage\"},\"thumbnailUrl\":\"https:\\\/\\\/exaudi.org\\\/wp-content\\\/uploads\\\/2023\\\/11\\\/Ignacio-dirigiendo.jpg\",\"keywords\":[\"Fernando Rielo\",\"Fernando Rielo\",\"Fernando Rielo\",\"Fernando Rielo\",\"Jean-Charles Gandrille\",\"Musica Sacra\"],\"inLanguage\":\"es\"},{\"@type\":\"WebPage\",\"@id\":\"https:\\\/\\\/exaudi.org\\\/es\\\/el-compositor-frances-jean-charles-gandrille-ganador-de-la-x-edicion-del-premio-de-musica-sacra-fernando-rielo\\\/\",\"url\":\"https:\\\/\\\/exaudi.org\\\/es\\\/el-compositor-frances-jean-charles-gandrille-ganador-de-la-x-edicion-del-premio-de-musica-sacra-fernando-rielo\\\/\",\"name\":\"El compositor franc\u00e9s Jean-Charles Gandrille, ganador de la X edici\u00f3n del premio de m\u00fasica sacra Fernando Rielo &#8211; Exaudi\",\"isPartOf\":{\"@id\":\"https:\\\/\\\/exaudi.org\\\/#website\"},\"primaryImageOfPage\":{\"@id\":\"https:\\\/\\\/exaudi.org\\\/es\\\/el-compositor-frances-jean-charles-gandrille-ganador-de-la-x-edicion-del-premio-de-musica-sacra-fernando-rielo\\\/#primaryimage\"},\"image\":{\"@id\":\"https:\\\/\\\/exaudi.org\\\/es\\\/el-compositor-frances-jean-charles-gandrille-ganador-de-la-x-edicion-del-premio-de-musica-sacra-fernando-rielo\\\/#primaryimage\"},\"thumbnailUrl\":\"https:\\\/\\\/exaudi.org\\\/wp-content\\\/uploads\\\/2023\\\/11\\\/Ignacio-dirigiendo.jpg\",\"datePublished\":\"2023-11-28T12:39:01+00:00\",\"dateModified\":\"2023-11-28T12:39:56+00:00\",\"author\":{\"@id\":\"https:\\\/\\\/exaudi.org\\\/#\\\/schema\\\/person\\\/f5fc8f063065e38742da7afe15f25df7\"},\"breadcrumb\":{\"@id\":\"https:\\\/\\\/exaudi.org\\\/es\\\/el-compositor-frances-jean-charles-gandrille-ganador-de-la-x-edicion-del-premio-de-musica-sacra-fernando-rielo\\\/#breadcrumb\"},\"inLanguage\":\"es\",\"potentialAction\":[{\"@type\":\"ReadAction\",\"target\":[\"https:\\\/\\\/exaudi.org\\\/es\\\/el-compositor-frances-jean-charles-gandrille-ganador-de-la-x-edicion-del-premio-de-musica-sacra-fernando-rielo\\\/\"]}]},{\"@type\":\"ImageObject\",\"inLanguage\":\"es\",\"@id\":\"https:\\\/\\\/exaudi.org\\\/es\\\/el-compositor-frances-jean-charles-gandrille-ganador-de-la-x-edicion-del-premio-de-musica-sacra-fernando-rielo\\\/#primaryimage\",\"url\":\"https:\\\/\\\/exaudi.org\\\/wp-content\\\/uploads\\\/2023\\\/11\\\/Ignacio-dirigiendo.jpg\",\"contentUrl\":\"https:\\\/\\\/exaudi.org\\\/wp-content\\\/uploads\\\/2023\\\/11\\\/Ignacio-dirigiendo.jpg\",\"width\":1200,\"height\":800},{\"@type\":\"BreadcrumbList\",\"@id\":\"https:\\\/\\\/exaudi.org\\\/es\\\/el-compositor-frances-jean-charles-gandrille-ganador-de-la-x-edicion-del-premio-de-musica-sacra-fernando-rielo\\\/#breadcrumb\",\"itemListElement\":[{\"@type\":\"ListItem\",\"position\":1,\"name\":\"Portada\",\"item\":\"https:\\\/\\\/exaudi.org\\\/es\\\/\"},{\"@type\":\"ListItem\",\"position\":2,\"name\":\"El compositor franc\u00e9s Jean-Charles Gandrille, ganador de la X edici\u00f3n del premio de m\u00fasica sacra Fernando Rielo\"}]},{\"@type\":\"WebSite\",\"@id\":\"https:\\\/\\\/exaudi.org\\\/#website\",\"url\":\"https:\\\/\\\/exaudi.org\\\/\",\"name\":\"Exaudi\",\"description\":\"News\",\"potentialAction\":[{\"@type\":\"SearchAction\",\"target\":{\"@type\":\"EntryPoint\",\"urlTemplate\":\"https:\\\/\\\/exaudi.org\\\/?s={search_term_string}\"},\"query-input\":{\"@type\":\"PropertyValueSpecification\",\"valueRequired\":true,\"valueName\":\"search_term_string\"}}],\"inLanguage\":\"es\"},{\"@type\":\"Person\",\"@id\":\"https:\\\/\\\/exaudi.org\\\/#\\\/schema\\\/person\\\/f5fc8f063065e38742da7afe15f25df7\",\"name\":\"Exaudi Redacci\u00f3n\",\"image\":{\"@type\":\"ImageObject\",\"inLanguage\":\"es\",\"@id\":\"https:\\\/\\\/secure.gravatar.com\\\/avatar\\\/fe0f6a059fb68d9b3e11bc5850dd4899b1c7492091a3cb6dd9b01b56ad828be2?s=96&d=mm&r=g\",\"url\":\"https:\\\/\\\/secure.gravatar.com\\\/avatar\\\/fe0f6a059fb68d9b3e11bc5850dd4899b1c7492091a3cb6dd9b01b56ad828be2?s=96&d=mm&r=g\",\"contentUrl\":\"https:\\\/\\\/secure.gravatar.com\\\/avatar\\\/fe0f6a059fb68d9b3e11bc5850dd4899b1c7492091a3cb6dd9b01b56ad828be2?s=96&d=mm&r=g\",\"caption\":\"Exaudi Redacci\u00f3n\"},\"description\":\"\u00bfQu\u00e9 es Exaudi News? Exaudi News es un medio de comunicaci\u00f3n cat\u00f3lico internacional que informa, forma y transforma, diariamente en espa\u00f1ol, ingl\u00e9s e italiano. A trav\u00e9s de noticias, art\u00edculos de an\u00e1lisis y transmisiones en directo de los eventos del Papa, Exaudi busca fortalecer la unidad de los cristianos y contribuir a la evangelizaci\u00f3n del mundo, siempre guiados por la doctrina social de la Iglesia. Trabajamos para acercar la verdad y los valores cristianos a cada rinc\u00f3n del planeta. \u00a1Ay\u00fadanos a transformar el mundo con Exaudi! En Exaudi creemos que la evangelizaci\u00f3n y la informaci\u00f3n de calidad pueden cambiar vidas. Para continuar con nuestra misi\u00f3n y expandir nuestro alcance, necesitamos tu ayuda. Adem\u00e1s, buscamos personas comprometidas que deseen unirse a nuestro equipo. Con tu apoyo, lograremos llegar a m\u00e1s personas, difundir el mensaje de Cristo y reforzar la unidad de los cristianos. \u00bfTe unes a nuestra misi\u00f3n? Para m\u00e1s informaci\u00f3n sobre c\u00f3mo colaborar, visita Exaudi.org\\\/es o cont\u00e1ctanos directamente: info@exaudi.org Exaudi: Informa, forma y transforma.\",\"sameAs\":[\"https:\\\/\\\/www.facebook.com\\\/ExaudiNoticias\\\/\",\"https:\\\/\\\/www.instagram.com\\\/exaudi_noticias\\\/\",\"https:\\\/\\\/x.com\\\/Exaudi_noticias\",\"https:\\\/\\\/www.youtube.com\\\/@exaudicatholicnews\"],\"url\":\"https:\\\/\\\/exaudi.org\\\/es\\\/author\\\/redaccionexaudi\\\/\"}]}<\/script>\n<!-- \/ Yoast SEO plugin. -->","yoast_head_json":{"title":"El compositor franc\u00e9s Jean-Charles Gandrille, ganador de la X edici\u00f3n del premio de m\u00fasica sacra Fernando Rielo &#8211; Exaudi","robots":{"index":"index","follow":"follow","max-snippet":"max-snippet:-1","max-image-preview":"max-image-preview:large","max-video-preview":"max-video-preview:-1"},"canonical":"https:\/\/exaudi.org\/es\/el-compositor-frances-jean-charles-gandrille-ganador-de-la-x-edicion-del-premio-de-musica-sacra-fernando-rielo\/","og_locale":"es_ES","og_type":"article","og_title":"El compositor franc\u00e9s Jean-Charles Gandrille, ganador de la X edici\u00f3n del premio de m\u00fasica sacra Fernando Rielo &#8211; Exaudi","og_description":"El Fallo tuvo lugar el pasado viernes 24 de noviembre de 2023, en la Iglesia de San Jer\u00f3nimo el Real en Madrid, siendo elegida por unanimidad por el Jurado","og_url":"https:\/\/exaudi.org\/es\/el-compositor-frances-jean-charles-gandrille-ganador-de-la-x-edicion-del-premio-de-musica-sacra-fernando-rielo\/","og_site_name":"Exaudi","article_publisher":"https:\/\/www.facebook.com\/ExaudiNews","article_author":"https:\/\/www.facebook.com\/ExaudiNoticias\/","article_published_time":"2023-11-28T12:39:01+00:00","article_modified_time":"2023-11-28T12:39:56+00:00","og_image":[{"width":1200,"height":800,"url":"https:\/\/exaudi.org\/wp-content\/uploads\/2023\/11\/Ignacio-dirigiendo.jpg","type":"image\/jpeg"}],"author":"Exaudi Redacci\u00f3n","twitter_card":"summary_large_image","twitter_creator":"@Exaudi_noticias","twitter_site":"@Exaudi_News","twitter_misc":{"Escrito por":"Exaudi Redacci\u00f3n","Tiempo de lectura":"2 minutos"},"schema":{"@context":"https:\/\/schema.org","@graph":[{"@type":"Article","@id":"https:\/\/exaudi.org\/es\/el-compositor-frances-jean-charles-gandrille-ganador-de-la-x-edicion-del-premio-de-musica-sacra-fernando-rielo\/#article","isPartOf":{"@id":"https:\/\/exaudi.org\/es\/el-compositor-frances-jean-charles-gandrille-ganador-de-la-x-edicion-del-premio-de-musica-sacra-fernando-rielo\/"},"author":{"name":"Exaudi Redacci\u00f3n","@id":"https:\/\/exaudi.org\/#\/schema\/person\/f5fc8f063065e38742da7afe15f25df7"},"headline":"El compositor franc\u00e9s Jean-Charles Gandrille, ganador de la X edici\u00f3n del premio de m\u00fasica sacra Fernando Rielo","datePublished":"2023-11-28T12:39:01+00:00","dateModified":"2023-11-28T12:39:56+00:00","mainEntityOfPage":{"@id":"https:\/\/exaudi.org\/es\/el-compositor-frances-jean-charles-gandrille-ganador-de-la-x-edicion-del-premio-de-musica-sacra-fernando-rielo\/"},"wordCount":361,"image":{"@id":"https:\/\/exaudi.org\/es\/el-compositor-frances-jean-charles-gandrille-ganador-de-la-x-edicion-del-premio-de-musica-sacra-fernando-rielo\/#primaryimage"},"thumbnailUrl":"https:\/\/exaudi.org\/wp-content\/uploads\/2023\/11\/Ignacio-dirigiendo.jpg","keywords":["Fernando Rielo","Fernando Rielo","Fernando Rielo","Fernando Rielo","Jean-Charles Gandrille","Musica Sacra"],"inLanguage":"es"},{"@type":"WebPage","@id":"https:\/\/exaudi.org\/es\/el-compositor-frances-jean-charles-gandrille-ganador-de-la-x-edicion-del-premio-de-musica-sacra-fernando-rielo\/","url":"https:\/\/exaudi.org\/es\/el-compositor-frances-jean-charles-gandrille-ganador-de-la-x-edicion-del-premio-de-musica-sacra-fernando-rielo\/","name":"El compositor franc\u00e9s Jean-Charles Gandrille, ganador de la X edici\u00f3n del premio de m\u00fasica sacra Fernando Rielo &#8211; Exaudi","isPartOf":{"@id":"https:\/\/exaudi.org\/#website"},"primaryImageOfPage":{"@id":"https:\/\/exaudi.org\/es\/el-compositor-frances-jean-charles-gandrille-ganador-de-la-x-edicion-del-premio-de-musica-sacra-fernando-rielo\/#primaryimage"},"image":{"@id":"https:\/\/exaudi.org\/es\/el-compositor-frances-jean-charles-gandrille-ganador-de-la-x-edicion-del-premio-de-musica-sacra-fernando-rielo\/#primaryimage"},"thumbnailUrl":"https:\/\/exaudi.org\/wp-content\/uploads\/2023\/11\/Ignacio-dirigiendo.jpg","datePublished":"2023-11-28T12:39:01+00:00","dateModified":"2023-11-28T12:39:56+00:00","author":{"@id":"https:\/\/exaudi.org\/#\/schema\/person\/f5fc8f063065e38742da7afe15f25df7"},"breadcrumb":{"@id":"https:\/\/exaudi.org\/es\/el-compositor-frances-jean-charles-gandrille-ganador-de-la-x-edicion-del-premio-de-musica-sacra-fernando-rielo\/#breadcrumb"},"inLanguage":"es","potentialAction":[{"@type":"ReadAction","target":["https:\/\/exaudi.org\/es\/el-compositor-frances-jean-charles-gandrille-ganador-de-la-x-edicion-del-premio-de-musica-sacra-fernando-rielo\/"]}]},{"@type":"ImageObject","inLanguage":"es","@id":"https:\/\/exaudi.org\/es\/el-compositor-frances-jean-charles-gandrille-ganador-de-la-x-edicion-del-premio-de-musica-sacra-fernando-rielo\/#primaryimage","url":"https:\/\/exaudi.org\/wp-content\/uploads\/2023\/11\/Ignacio-dirigiendo.jpg","contentUrl":"https:\/\/exaudi.org\/wp-content\/uploads\/2023\/11\/Ignacio-dirigiendo.jpg","width":1200,"height":800},{"@type":"BreadcrumbList","@id":"https:\/\/exaudi.org\/es\/el-compositor-frances-jean-charles-gandrille-ganador-de-la-x-edicion-del-premio-de-musica-sacra-fernando-rielo\/#breadcrumb","itemListElement":[{"@type":"ListItem","position":1,"name":"Portada","item":"https:\/\/exaudi.org\/es\/"},{"@type":"ListItem","position":2,"name":"El compositor franc\u00e9s Jean-Charles Gandrille, ganador de la X edici\u00f3n del premio de m\u00fasica sacra Fernando Rielo"}]},{"@type":"WebSite","@id":"https:\/\/exaudi.org\/#website","url":"https:\/\/exaudi.org\/","name":"Exaudi","description":"News","potentialAction":[{"@type":"SearchAction","target":{"@type":"EntryPoint","urlTemplate":"https:\/\/exaudi.org\/?s={search_term_string}"},"query-input":{"@type":"PropertyValueSpecification","valueRequired":true,"valueName":"search_term_string"}}],"inLanguage":"es"},{"@type":"Person","@id":"https:\/\/exaudi.org\/#\/schema\/person\/f5fc8f063065e38742da7afe15f25df7","name":"Exaudi Redacci\u00f3n","image":{"@type":"ImageObject","inLanguage":"es","@id":"https:\/\/secure.gravatar.com\/avatar\/fe0f6a059fb68d9b3e11bc5850dd4899b1c7492091a3cb6dd9b01b56ad828be2?s=96&d=mm&r=g","url":"https:\/\/secure.gravatar.com\/avatar\/fe0f6a059fb68d9b3e11bc5850dd4899b1c7492091a3cb6dd9b01b56ad828be2?s=96&d=mm&r=g","contentUrl":"https:\/\/secure.gravatar.com\/avatar\/fe0f6a059fb68d9b3e11bc5850dd4899b1c7492091a3cb6dd9b01b56ad828be2?s=96&d=mm&r=g","caption":"Exaudi Redacci\u00f3n"},"description":"\u00bfQu\u00e9 es Exaudi News? Exaudi News es un medio de comunicaci\u00f3n cat\u00f3lico internacional que informa, forma y transforma, diariamente en espa\u00f1ol, ingl\u00e9s e italiano. A trav\u00e9s de noticias, art\u00edculos de an\u00e1lisis y transmisiones en directo de los eventos del Papa, Exaudi busca fortalecer la unidad de los cristianos y contribuir a la evangelizaci\u00f3n del mundo, siempre guiados por la doctrina social de la Iglesia. Trabajamos para acercar la verdad y los valores cristianos a cada rinc\u00f3n del planeta. \u00a1Ay\u00fadanos a transformar el mundo con Exaudi! En Exaudi creemos que la evangelizaci\u00f3n y la informaci\u00f3n de calidad pueden cambiar vidas. Para continuar con nuestra misi\u00f3n y expandir nuestro alcance, necesitamos tu ayuda. Adem\u00e1s, buscamos personas comprometidas que deseen unirse a nuestro equipo. Con tu apoyo, lograremos llegar a m\u00e1s personas, difundir el mensaje de Cristo y reforzar la unidad de los cristianos. \u00bfTe unes a nuestra misi\u00f3n? Para m\u00e1s informaci\u00f3n sobre c\u00f3mo colaborar, visita Exaudi.org\/es o cont\u00e1ctanos directamente: info@exaudi.org Exaudi: Informa, forma y transforma.","sameAs":["https:\/\/www.facebook.com\/ExaudiNoticias\/","https:\/\/www.instagram.com\/exaudi_noticias\/","https:\/\/x.com\/Exaudi_noticias","https:\/\/www.youtube.com\/@exaudicatholicnews"],"url":"https:\/\/exaudi.org\/es\/author\/redaccionexaudi\/"}]}},"jetpack_featured_media_url":"https:\/\/exaudi.org\/wp-content\/uploads\/2023\/11\/Ignacio-dirigiendo.jpg","jetpack_shortlink":"https:\/\/wp.me\/pgKjF2-nbj","_links":{"self":[{"href":"https:\/\/exaudi.org\/es\/wp-json\/wp\/v2\/posts\/89113","targetHints":{"allow":["GET"]}}],"collection":[{"href":"https:\/\/exaudi.org\/es\/wp-json\/wp\/v2\/posts"}],"about":[{"href":"https:\/\/exaudi.org\/es\/wp-json\/wp\/v2\/types\/post"}],"author":[{"embeddable":true,"href":"https:\/\/exaudi.org\/es\/wp-json\/wp\/v2\/users\/15"}],"replies":[{"embeddable":true,"href":"https:\/\/exaudi.org\/es\/wp-json\/wp\/v2\/comments?post=89113"}],"version-history":[{"count":0,"href":"https:\/\/exaudi.org\/es\/wp-json\/wp\/v2\/posts\/89113\/revisions"}],"wp:featuredmedia":[{"embeddable":true,"href":"https:\/\/exaudi.org\/es\/wp-json\/wp\/v2\/media\/89114"}],"wp:attachment":[{"href":"https:\/\/exaudi.org\/es\/wp-json\/wp\/v2\/media?parent=89113"}],"wp:term":[{"taxonomy":"category","embeddable":true,"href":"https:\/\/exaudi.org\/es\/wp-json\/wp\/v2\/categories?post=89113"},{"taxonomy":"post_tag","embeddable":true,"href":"https:\/\/exaudi.org\/es\/wp-json\/wp\/v2\/tags?post=89113"}],"curies":[{"name":"wp","href":"https:\/\/api.w.org\/{rel}","templated":true}]}}