{"id":88821,"date":"2023-11-26T15:15:35","date_gmt":"2023-11-26T14:15:35","guid":{"rendered":"https:\/\/exaudi.org\/?p=88821"},"modified":"2023-11-27T12:29:42","modified_gmt":"2023-11-27T11:29:42","slug":"la-oracion-es-la-fuerza-de-paz-que-rompe-la-espiral-del-odio-sigamos-rezando-sin-cansarnos","status":"publish","type":"post","link":"https:\/\/exaudi.org\/es\/la-oracion-es-la-fuerza-de-paz-que-rompe-la-espiral-del-odio-sigamos-rezando-sin-cansarnos\/","title":{"rendered":"La oraci\u00f3n es la fuerza de paz que rompe la espiral del odio, sigamos rezando sin cansarnos"},"content":{"rendered":"<p>A las 12 del mediod\u00eda de este domingo, 26 de noviembre de 2023, el Santo Padre Francisco rez\u00f3 la oraci\u00f3n del \u00c1ngelus en conexi\u00f3n desde la capilla de la Casa Santa Marta.<\/p>\n<p>El Papa exhorta a los fieles que le escuchan por videoconferencia desde la Plaza de San Pedro y desde todo el mundo a seguir rezando por la paz sin cansarse. Especialmente las palabras del Obispo de Roma, le\u00eddas por monse\u00f1or Paolo Braida, jefe de la oficina de la Secretar\u00eda de Estado, expresan alivio por la tregua en Oriente Medio:<\/p>\n<p>La reflexi\u00f3n introductoria y las palabras que siguen a la oraci\u00f3n mariana fueron le\u00eddas por el arzobispo Paolo Braida:<\/p>\n<p>***<\/p>\n<p>Queridos hermanos y hermanas, \u00a1buen domingo!<\/p>\n<p>Hoy no puedo asomarme a la ventana porque tengo este problema de inflamaci\u00f3n en los pulmones y ser\u00e1 Mons. Braida a leer la reflexi\u00f3n; el las conoce muy bien porque es el que las hace \u00a1y siempre las hace tan bien! Muchas gracias por vuestra presencia.<\/p>\n<p>Hoy, \u00faltimo domingo del a\u00f1o lit\u00fargico y solemnidad de\u00a0<i>Nuestro Se\u00f1or Jesucristo Rey del Universo<\/i>, el Evangelio nos habla del juicio final (cf. Mt 25,31-46) y nos dice que ser\u00e1 sobre la\u00a0<i>caridad<\/i>.<\/p>\n<p>La escena que nos presenta es la de una sala real, en la que Jes\u00fas, \u00abel Hijo del hombre\u00bb (v. 31), est\u00e1 sentado en un trono. Todos los pueblos est\u00e1n reunidos a sus pies y entre ellos est\u00e1n \u00ablos bienaventurados\u00bb (v. 34), los amigos del Rey. Pero, \u00bfqui\u00e9nes son? \u00bfQu\u00e9 tienen de especial estos amigos a los ojos de su Se\u00f1or? Seg\u00fan los criterios del mundo, los amigos del rey deber\u00edan ser aquellos que le han dado riqueza y poder, que le han ayudado a conquistar territorios, a ganar batallas, a engrandecerse entre otros gobernantes, tal vez a aparecer como\u00a0<i>estrella<\/i>\u00a0en las primeras p\u00e1ginas de los peri\u00f3dicos o en\u00a0<i>las redes sociales<\/i>, y a ellos les deber\u00eda decir: \u00abGracias, porque me han hecho rico y famoso, envidiado y temido\u00bb. Esto seg\u00fan los criterios del mundo.<\/p>\n<p>En cambio, seg\u00fan los criterios de Jes\u00fas, sus amigos son otros: son aquellos que le han servido en las personas m\u00e1s d\u00e9biles. Porque el Hijo del hombre es un Rey completamente distinto, que llama \u00abhermanos\u00bb a los pobres, que se identifica con los hambrientos, los sedientos, los forasteros, los enfermos, los encarcelados, y dice: \u00abCada vez que lo hicieron con el m\u00e1s peque\u00f1o de mis hermanos, lo hicieron conmigo\u00bb (v. 40). Es un Rey sensible al problema del hambre, de la necesidad de un hogar, de la enfermedad y del aprisionamiento (cf. vv. 35-36): todas realidades desgraciadamente siempre muy actuales. Personas que padecen hambre, personas sin hogar, a menudo vestidas como pueden, abarrotan nuestras calles: nos encontramos con ellas todos los d\u00edas. E incluso en cuanto a la enfermedad y la c\u00e1rcel, todos sabemos lo que significa estar enfermo, cometer errores y pagar las consecuencias.<\/p>\n<p>Y bien, el Evangelio de hoy nos dice que uno es \u00abbienaventurado\u00bb si responde a estas pobrezas con\u00a0<i>amor<\/i>, con servicio: no apart\u00e1ndose, sino dando de comer y de beber, vistiendo, acogiendo, visitando, en una palabra,\u00a0<i>estando cerca<\/i>\u00a0de los necesitados. Y esto porque Jes\u00fas, nuestro Rey que se llama a s\u00ed mismo\u00a0<i>Hijo del Hombre<\/i>, tiene sus hermanas y hermanos predilectos en las mujeres y hombres m\u00e1s fr\u00e1giles. Su &#8216;sala real&#8217; est\u00e1 instalada donde hay quienes sufren y necesitan ayuda. Esta es la \u00abcorte\u00bb de nuestro Rey. Y el estilo con el que sus amigos, los que tienen a Jes\u00fas por Se\u00f1or, est\u00e1n llamados a distinguirse es su propio estilo: compasi\u00f3n, misericordia, ternura. Estas ennoblecen el coraz\u00f3n y descienden como aceite sobre las heridas de cuantos est\u00e1n heridos por la vida.<\/p>\n<p>Entonces, hermanos y hermanas, pregunt\u00e9monos: \u00bfcreemos que la verdadera realeza consiste en la misericordia? \u00bfCreemos en el poder del amor? \u00bfCreemos que la caridad es la manifestaci\u00f3n m\u00e1s noble del hombre y una exigencia indispensable para el cristiano? Y, por \u00faltimo, una pregunta particular: \u00bfsoy yo amigo del Rey, es decir, me siento\u00a0<i>personalmente<\/i>\u00a0implicado en las necesidades de las personas que sufren y que encuentro en mi camino?<\/p>\n<p>Mar\u00eda, Reina del Cielo y de la Tierra, nos ayude a amar a Jes\u00fas, nuestro Rey, en sus hermanos m\u00e1s peque\u00f1os.<\/p>\n<hr \/>\n<p>Al final del rezo del \u00c1ngelus la oraci\u00f3n por todos los pueblos desgarrados por los conflictos: desde Oriente Medio a la martirizada Ucrania: \u00abDemos gracias a Dios porque por fin hay una tregua entre Israel y Palestina\u00bb. Francisco reza por la liberaci\u00f3n de todos los rehenes y espera que entre m\u00e1s ayuda humanitaria en Gaza.<\/p>\n<p><b>Despu\u00e9s del \u00c1ngelus<\/b><\/p>\n<p>Queridos hermanos y hermanas,<\/p>\n<p>Celebramos hoy la 38\u00aa Jornada Mundial de la Juventud en las Iglesias particulares, sobre el tema\u00a0<i>Alegres en la esperanza<\/i>. Bendigo a todos los que participan en las iniciativas promovidas en las di\u00f3cesis, en continuidad con la JMJ de Lisboa. Abrazo a los j\u00f3venes, presente y futuro del mundo, y los animo a ser protagonistas alegres de la vida de la Iglesia.<\/p>\n<p>Ayer, la martirizada Ucrania conmemor\u00f3 el Holodomor, el genocidio perpetrado por el r\u00e9gimen sovi\u00e9tico hace 90 a\u00f1os que hizo morir de hambre a millones de personas. Esa lacerante herida, en lugar de cicatrizar, se hace a\u00fan m\u00e1s dolorosa por las atrocidades de la guerra que sigue haciendo sufrir a ese querido pueblo. Por todos los pueblos desgarrados por los conflictos, sigamos rezando sin cansarnos, porque la oraci\u00f3n es la fuerza de paz que rompe la espiral del odio, quiebra el ciclo de la venganza y abre caminos de reconciliaci\u00f3n no esperados. Hoy damos gracias a Dios porque por fin hay una tregua entre Israel y Palestina y algunos rehenes han sido liberados. Recemos para que todos sean liberados cuanto antes &#8211; \u00a1pensemos en sus familias! -, que entre m\u00e1s ayuda humanitaria en Gaza y que insistamos en el di\u00e1logo: es la \u00fanica v\u00eda, la \u00fanica manera de tener paz. Los que no quieren di\u00e1logo no quieren paz.<\/p>\n<p>Adem\u00e1s de la guerra, nuestro mundo est\u00e1 amenazado por otro gran peligro, el cambio clim\u00e1tico, que pone en riesgo la vida en la Tierra, especialmente la de las generaciones futuras. Y esto es contrario al proyecto de Dios, que cre\u00f3 todo para la vida. Por lo tanto, el pr\u00f3ximo fin de semana viajar\u00e9 a los Emiratos \u00c1rabes Unidos para intervenir el s\u00e1bado en la COP28 en Dub\u00e1i. Agradezco a todos los que acompa\u00f1ar\u00e1n este viaje con la oraci\u00f3n y el compromiso de tomar a pecho la salvaguardia de la casa com\u00fan<\/p>\n<p>Acojo con afecto a todos ustedes, peregrinos de Italia y de otras partes del mundo, especialmente a los de Pakist\u00e1n, Polonia y Portugal. Saludo a los fieles de Civitavecchia, Tarquinia y Piacenza, y a la Diputaci\u00f3n San Vito Martire de Lequile (Lecce). Saludo a los ni\u00f1os de Confirmaci\u00f3n de Viserba (R\u00edmini), al grupo \u00abAssisi nel vento\u00bb (\u201cAs\u00eds en el viento\u201d) y al Coro \u00abDon Giorgio Trotta\u00bb de Vieste.<\/p>\n<p>Les deseo a todos un buen domingo.<\/p>\n<p>Y, por favor, no olviden rezar por m\u00ed. Que tengan un buen almuerzo y \u00a1hasta pronto!.<\/p>\n<p><iframe loading=\"lazy\" title=\"\u00c1ngelus - 26 noviembre 2023 - Papa Francisco\" width=\"500\" height=\"281\" src=\"https:\/\/www.youtube.com\/embed\/PydjaI_qVRc?feature=oembed\" frameborder=\"0\" allow=\"accelerometer; autoplay; clipboard-write; encrypted-media; gyroscope; picture-in-picture; web-share\" referrerpolicy=\"strict-origin-when-cross-origin\" allowfullscreen><\/iframe><\/p>\n","protected":false},"excerpt":{"rendered":"<p>Palabras en el \u00c1ngelus<\/p>\n","protected":false},"author":15,"featured_media":88885,"comment_status":"closed","ping_status":"closed","sticky":false,"template":"","format":"standard","meta":{"_acf_changed":false,"_crdt_document":"","inline_featured_image":false,"footnotes":""},"categories":[70,68],"tags":[11125,4953],"class_list":["post-88821","post","type-post","status-publish","format-standard","has-post-thumbnail","hentry","category-angelus-es","category-leon-xiv","tag-angelus-26-de-noviembre-2023","tag-trending-es"],"acf":[],"yoast_head":"<!-- This site is optimized with the Yoast SEO plugin v27.5 - https:\/\/yoast.com\/product\/yoast-seo-wordpress\/ -->\n<title>La oraci\u00f3n es la fuerza de paz que rompe la espiral del odio, sigamos rezando sin cansarnos &#8211; Exaudi<\/title>\n<meta name=\"robots\" content=\"index, follow, max-snippet:-1, max-image-preview:large, max-video-preview:-1\" \/>\n<link rel=\"canonical\" href=\"https:\/\/exaudi.org\/es\/la-oracion-es-la-fuerza-de-paz-que-rompe-la-espiral-del-odio-sigamos-rezando-sin-cansarnos\/\" \/>\n<meta property=\"og:locale\" content=\"es_ES\" \/>\n<meta property=\"og:type\" content=\"article\" \/>\n<meta property=\"og:title\" content=\"La oraci\u00f3n es la fuerza de paz que rompe la espiral del odio, sigamos rezando sin cansarnos &#8211; Exaudi\" \/>\n<meta property=\"og:description\" content=\"Palabras en el \u00c1ngelus\" \/>\n<meta property=\"og:url\" content=\"https:\/\/exaudi.org\/es\/la-oracion-es-la-fuerza-de-paz-que-rompe-la-espiral-del-odio-sigamos-rezando-sin-cansarnos\/\" \/>\n<meta property=\"og:site_name\" content=\"Exaudi\" \/>\n<meta property=\"article:publisher\" content=\"https:\/\/www.facebook.com\/ExaudiNews\" \/>\n<meta property=\"article:author\" content=\"https:\/\/www.facebook.com\/ExaudiNoticias\/\" \/>\n<meta property=\"article:published_time\" content=\"2023-11-26T14:15:35+00:00\" \/>\n<meta property=\"article:modified_time\" content=\"2023-11-27T11:29:42+00:00\" \/>\n<meta property=\"og:image\" content=\"https:\/\/exaudi.org\/wp-content\/uploads\/2023\/11\/405999519_742157794616913_2871947630156229247_n.jpg\" \/>\n\t<meta property=\"og:image:width\" content=\"960\" \/>\n\t<meta property=\"og:image:height\" content=\"959\" \/>\n\t<meta property=\"og:image:type\" content=\"image\/jpeg\" \/>\n<meta name=\"author\" content=\"Exaudi Redacci\u00f3n\" \/>\n<meta name=\"twitter:card\" content=\"summary_large_image\" \/>\n<meta name=\"twitter:creator\" content=\"@Exaudi_noticias\" \/>\n<meta name=\"twitter:site\" content=\"@Exaudi_News\" \/>\n<meta name=\"twitter:label1\" content=\"Escrito por\" \/>\n\t<meta name=\"twitter:data1\" content=\"Exaudi Redacci\u00f3n\" \/>\n\t<meta name=\"twitter:label2\" content=\"Tiempo de lectura\" \/>\n\t<meta name=\"twitter:data2\" content=\"6 minutos\" \/>\n<script type=\"application\/ld+json\" class=\"yoast-schema-graph\">{\"@context\":\"https:\\\/\\\/schema.org\",\"@graph\":[{\"@type\":\"Article\",\"@id\":\"https:\\\/\\\/exaudi.org\\\/es\\\/la-oracion-es-la-fuerza-de-paz-que-rompe-la-espiral-del-odio-sigamos-rezando-sin-cansarnos\\\/#article\",\"isPartOf\":{\"@id\":\"https:\\\/\\\/exaudi.org\\\/es\\\/la-oracion-es-la-fuerza-de-paz-que-rompe-la-espiral-del-odio-sigamos-rezando-sin-cansarnos\\\/\"},\"author\":{\"name\":\"Exaudi Redacci\u00f3n\",\"@id\":\"https:\\\/\\\/exaudi.org\\\/#\\\/schema\\\/person\\\/f5fc8f063065e38742da7afe15f25df7\"},\"headline\":\"La oraci\u00f3n es la fuerza de paz que rompe la espiral del odio, sigamos rezando sin cansarnos\",\"datePublished\":\"2023-11-26T14:15:35+00:00\",\"dateModified\":\"2023-11-27T11:29:42+00:00\",\"mainEntityOfPage\":{\"@id\":\"https:\\\/\\\/exaudi.org\\\/es\\\/la-oracion-es-la-fuerza-de-paz-que-rompe-la-espiral-del-odio-sigamos-rezando-sin-cansarnos\\\/\"},\"wordCount\":1261,\"image\":{\"@id\":\"https:\\\/\\\/exaudi.org\\\/es\\\/la-oracion-es-la-fuerza-de-paz-que-rompe-la-espiral-del-odio-sigamos-rezando-sin-cansarnos\\\/#primaryimage\"},\"thumbnailUrl\":\"https:\\\/\\\/exaudi.org\\\/wp-content\\\/uploads\\\/2023\\\/11\\\/405999519_742157794616913_2871947630156229247_n.jpg\",\"keywords\":[\"\u00e1ngelus 26 de noviembre 2023\",\"Trending\"],\"articleSection\":[\"\u00c1ngelus\",\"Le\u00f3n XIV\"],\"inLanguage\":\"es\"},{\"@type\":\"WebPage\",\"@id\":\"https:\\\/\\\/exaudi.org\\\/es\\\/la-oracion-es-la-fuerza-de-paz-que-rompe-la-espiral-del-odio-sigamos-rezando-sin-cansarnos\\\/\",\"url\":\"https:\\\/\\\/exaudi.org\\\/es\\\/la-oracion-es-la-fuerza-de-paz-que-rompe-la-espiral-del-odio-sigamos-rezando-sin-cansarnos\\\/\",\"name\":\"La oraci\u00f3n es la fuerza de paz que rompe la espiral del odio, sigamos rezando sin cansarnos &#8211; Exaudi\",\"isPartOf\":{\"@id\":\"https:\\\/\\\/exaudi.org\\\/#website\"},\"primaryImageOfPage\":{\"@id\":\"https:\\\/\\\/exaudi.org\\\/es\\\/la-oracion-es-la-fuerza-de-paz-que-rompe-la-espiral-del-odio-sigamos-rezando-sin-cansarnos\\\/#primaryimage\"},\"image\":{\"@id\":\"https:\\\/\\\/exaudi.org\\\/es\\\/la-oracion-es-la-fuerza-de-paz-que-rompe-la-espiral-del-odio-sigamos-rezando-sin-cansarnos\\\/#primaryimage\"},\"thumbnailUrl\":\"https:\\\/\\\/exaudi.org\\\/wp-content\\\/uploads\\\/2023\\\/11\\\/405999519_742157794616913_2871947630156229247_n.jpg\",\"datePublished\":\"2023-11-26T14:15:35+00:00\",\"dateModified\":\"2023-11-27T11:29:42+00:00\",\"author\":{\"@id\":\"https:\\\/\\\/exaudi.org\\\/#\\\/schema\\\/person\\\/f5fc8f063065e38742da7afe15f25df7\"},\"breadcrumb\":{\"@id\":\"https:\\\/\\\/exaudi.org\\\/es\\\/la-oracion-es-la-fuerza-de-paz-que-rompe-la-espiral-del-odio-sigamos-rezando-sin-cansarnos\\\/#breadcrumb\"},\"inLanguage\":\"es\",\"potentialAction\":[{\"@type\":\"ReadAction\",\"target\":[\"https:\\\/\\\/exaudi.org\\\/es\\\/la-oracion-es-la-fuerza-de-paz-que-rompe-la-espiral-del-odio-sigamos-rezando-sin-cansarnos\\\/\"]}]},{\"@type\":\"ImageObject\",\"inLanguage\":\"es\",\"@id\":\"https:\\\/\\\/exaudi.org\\\/es\\\/la-oracion-es-la-fuerza-de-paz-que-rompe-la-espiral-del-odio-sigamos-rezando-sin-cansarnos\\\/#primaryimage\",\"url\":\"https:\\\/\\\/exaudi.org\\\/wp-content\\\/uploads\\\/2023\\\/11\\\/405999519_742157794616913_2871947630156229247_n.jpg\",\"contentUrl\":\"https:\\\/\\\/exaudi.org\\\/wp-content\\\/uploads\\\/2023\\\/11\\\/405999519_742157794616913_2871947630156229247_n.jpg\",\"width\":960,\"height\":959},{\"@type\":\"BreadcrumbList\",\"@id\":\"https:\\\/\\\/exaudi.org\\\/es\\\/la-oracion-es-la-fuerza-de-paz-que-rompe-la-espiral-del-odio-sigamos-rezando-sin-cansarnos\\\/#breadcrumb\",\"itemListElement\":[{\"@type\":\"ListItem\",\"position\":1,\"name\":\"Portada\",\"item\":\"https:\\\/\\\/exaudi.org\\\/es\\\/\"},{\"@type\":\"ListItem\",\"position\":2,\"name\":\"La oraci\u00f3n es la fuerza de paz que rompe la espiral del odio, sigamos rezando sin cansarnos\"}]},{\"@type\":\"WebSite\",\"@id\":\"https:\\\/\\\/exaudi.org\\\/#website\",\"url\":\"https:\\\/\\\/exaudi.org\\\/\",\"name\":\"Exaudi\",\"description\":\"News\",\"potentialAction\":[{\"@type\":\"SearchAction\",\"target\":{\"@type\":\"EntryPoint\",\"urlTemplate\":\"https:\\\/\\\/exaudi.org\\\/?s={search_term_string}\"},\"query-input\":{\"@type\":\"PropertyValueSpecification\",\"valueRequired\":true,\"valueName\":\"search_term_string\"}}],\"inLanguage\":\"es\"},{\"@type\":\"Person\",\"@id\":\"https:\\\/\\\/exaudi.org\\\/#\\\/schema\\\/person\\\/f5fc8f063065e38742da7afe15f25df7\",\"name\":\"Exaudi Redacci\u00f3n\",\"image\":{\"@type\":\"ImageObject\",\"inLanguage\":\"es\",\"@id\":\"https:\\\/\\\/secure.gravatar.com\\\/avatar\\\/fe0f6a059fb68d9b3e11bc5850dd4899b1c7492091a3cb6dd9b01b56ad828be2?s=96&d=mm&r=g\",\"url\":\"https:\\\/\\\/secure.gravatar.com\\\/avatar\\\/fe0f6a059fb68d9b3e11bc5850dd4899b1c7492091a3cb6dd9b01b56ad828be2?s=96&d=mm&r=g\",\"contentUrl\":\"https:\\\/\\\/secure.gravatar.com\\\/avatar\\\/fe0f6a059fb68d9b3e11bc5850dd4899b1c7492091a3cb6dd9b01b56ad828be2?s=96&d=mm&r=g\",\"caption\":\"Exaudi Redacci\u00f3n\"},\"description\":\"\u00bfQu\u00e9 es Exaudi News? Exaudi News es un medio de comunicaci\u00f3n cat\u00f3lico internacional que informa, forma y transforma, diariamente en espa\u00f1ol, ingl\u00e9s e italiano. A trav\u00e9s de noticias, art\u00edculos de an\u00e1lisis y transmisiones en directo de los eventos del Papa, Exaudi busca fortalecer la unidad de los cristianos y contribuir a la evangelizaci\u00f3n del mundo, siempre guiados por la doctrina social de la Iglesia. Trabajamos para acercar la verdad y los valores cristianos a cada rinc\u00f3n del planeta. \u00a1Ay\u00fadanos a transformar el mundo con Exaudi! En Exaudi creemos que la evangelizaci\u00f3n y la informaci\u00f3n de calidad pueden cambiar vidas. Para continuar con nuestra misi\u00f3n y expandir nuestro alcance, necesitamos tu ayuda. Adem\u00e1s, buscamos personas comprometidas que deseen unirse a nuestro equipo. Con tu apoyo, lograremos llegar a m\u00e1s personas, difundir el mensaje de Cristo y reforzar la unidad de los cristianos. \u00bfTe unes a nuestra misi\u00f3n? Para m\u00e1s informaci\u00f3n sobre c\u00f3mo colaborar, visita Exaudi.org\\\/es o cont\u00e1ctanos directamente: info@exaudi.org Exaudi: Informa, forma y transforma.\",\"sameAs\":[\"https:\\\/\\\/www.facebook.com\\\/ExaudiNoticias\\\/\",\"https:\\\/\\\/www.instagram.com\\\/exaudi_noticias\\\/\",\"https:\\\/\\\/x.com\\\/Exaudi_noticias\",\"https:\\\/\\\/www.youtube.com\\\/@exaudicatholicnews\"],\"url\":\"https:\\\/\\\/exaudi.org\\\/es\\\/author\\\/redaccionexaudi\\\/\"}]}<\/script>\n<!-- \/ Yoast SEO plugin. -->","yoast_head_json":{"title":"La oraci\u00f3n es la fuerza de paz que rompe la espiral del odio, sigamos rezando sin cansarnos &#8211; Exaudi","robots":{"index":"index","follow":"follow","max-snippet":"max-snippet:-1","max-image-preview":"max-image-preview:large","max-video-preview":"max-video-preview:-1"},"canonical":"https:\/\/exaudi.org\/es\/la-oracion-es-la-fuerza-de-paz-que-rompe-la-espiral-del-odio-sigamos-rezando-sin-cansarnos\/","og_locale":"es_ES","og_type":"article","og_title":"La oraci\u00f3n es la fuerza de paz que rompe la espiral del odio, sigamos rezando sin cansarnos &#8211; Exaudi","og_description":"Palabras en el \u00c1ngelus","og_url":"https:\/\/exaudi.org\/es\/la-oracion-es-la-fuerza-de-paz-que-rompe-la-espiral-del-odio-sigamos-rezando-sin-cansarnos\/","og_site_name":"Exaudi","article_publisher":"https:\/\/www.facebook.com\/ExaudiNews","article_author":"https:\/\/www.facebook.com\/ExaudiNoticias\/","article_published_time":"2023-11-26T14:15:35+00:00","article_modified_time":"2023-11-27T11:29:42+00:00","og_image":[{"width":960,"height":959,"url":"https:\/\/exaudi.org\/wp-content\/uploads\/2023\/11\/405999519_742157794616913_2871947630156229247_n.jpg","type":"image\/jpeg"}],"author":"Exaudi Redacci\u00f3n","twitter_card":"summary_large_image","twitter_creator":"@Exaudi_noticias","twitter_site":"@Exaudi_News","twitter_misc":{"Escrito por":"Exaudi Redacci\u00f3n","Tiempo de lectura":"6 minutos"},"schema":{"@context":"https:\/\/schema.org","@graph":[{"@type":"Article","@id":"https:\/\/exaudi.org\/es\/la-oracion-es-la-fuerza-de-paz-que-rompe-la-espiral-del-odio-sigamos-rezando-sin-cansarnos\/#article","isPartOf":{"@id":"https:\/\/exaudi.org\/es\/la-oracion-es-la-fuerza-de-paz-que-rompe-la-espiral-del-odio-sigamos-rezando-sin-cansarnos\/"},"author":{"name":"Exaudi Redacci\u00f3n","@id":"https:\/\/exaudi.org\/#\/schema\/person\/f5fc8f063065e38742da7afe15f25df7"},"headline":"La oraci\u00f3n es la fuerza de paz que rompe la espiral del odio, sigamos rezando sin cansarnos","datePublished":"2023-11-26T14:15:35+00:00","dateModified":"2023-11-27T11:29:42+00:00","mainEntityOfPage":{"@id":"https:\/\/exaudi.org\/es\/la-oracion-es-la-fuerza-de-paz-que-rompe-la-espiral-del-odio-sigamos-rezando-sin-cansarnos\/"},"wordCount":1261,"image":{"@id":"https:\/\/exaudi.org\/es\/la-oracion-es-la-fuerza-de-paz-que-rompe-la-espiral-del-odio-sigamos-rezando-sin-cansarnos\/#primaryimage"},"thumbnailUrl":"https:\/\/exaudi.org\/wp-content\/uploads\/2023\/11\/405999519_742157794616913_2871947630156229247_n.jpg","keywords":["\u00e1ngelus 26 de noviembre 2023","Trending"],"articleSection":["\u00c1ngelus","Le\u00f3n XIV"],"inLanguage":"es"},{"@type":"WebPage","@id":"https:\/\/exaudi.org\/es\/la-oracion-es-la-fuerza-de-paz-que-rompe-la-espiral-del-odio-sigamos-rezando-sin-cansarnos\/","url":"https:\/\/exaudi.org\/es\/la-oracion-es-la-fuerza-de-paz-que-rompe-la-espiral-del-odio-sigamos-rezando-sin-cansarnos\/","name":"La oraci\u00f3n es la fuerza de paz que rompe la espiral del odio, sigamos rezando sin cansarnos &#8211; Exaudi","isPartOf":{"@id":"https:\/\/exaudi.org\/#website"},"primaryImageOfPage":{"@id":"https:\/\/exaudi.org\/es\/la-oracion-es-la-fuerza-de-paz-que-rompe-la-espiral-del-odio-sigamos-rezando-sin-cansarnos\/#primaryimage"},"image":{"@id":"https:\/\/exaudi.org\/es\/la-oracion-es-la-fuerza-de-paz-que-rompe-la-espiral-del-odio-sigamos-rezando-sin-cansarnos\/#primaryimage"},"thumbnailUrl":"https:\/\/exaudi.org\/wp-content\/uploads\/2023\/11\/405999519_742157794616913_2871947630156229247_n.jpg","datePublished":"2023-11-26T14:15:35+00:00","dateModified":"2023-11-27T11:29:42+00:00","author":{"@id":"https:\/\/exaudi.org\/#\/schema\/person\/f5fc8f063065e38742da7afe15f25df7"},"breadcrumb":{"@id":"https:\/\/exaudi.org\/es\/la-oracion-es-la-fuerza-de-paz-que-rompe-la-espiral-del-odio-sigamos-rezando-sin-cansarnos\/#breadcrumb"},"inLanguage":"es","potentialAction":[{"@type":"ReadAction","target":["https:\/\/exaudi.org\/es\/la-oracion-es-la-fuerza-de-paz-que-rompe-la-espiral-del-odio-sigamos-rezando-sin-cansarnos\/"]}]},{"@type":"ImageObject","inLanguage":"es","@id":"https:\/\/exaudi.org\/es\/la-oracion-es-la-fuerza-de-paz-que-rompe-la-espiral-del-odio-sigamos-rezando-sin-cansarnos\/#primaryimage","url":"https:\/\/exaudi.org\/wp-content\/uploads\/2023\/11\/405999519_742157794616913_2871947630156229247_n.jpg","contentUrl":"https:\/\/exaudi.org\/wp-content\/uploads\/2023\/11\/405999519_742157794616913_2871947630156229247_n.jpg","width":960,"height":959},{"@type":"BreadcrumbList","@id":"https:\/\/exaudi.org\/es\/la-oracion-es-la-fuerza-de-paz-que-rompe-la-espiral-del-odio-sigamos-rezando-sin-cansarnos\/#breadcrumb","itemListElement":[{"@type":"ListItem","position":1,"name":"Portada","item":"https:\/\/exaudi.org\/es\/"},{"@type":"ListItem","position":2,"name":"La oraci\u00f3n es la fuerza de paz que rompe la espiral del odio, sigamos rezando sin cansarnos"}]},{"@type":"WebSite","@id":"https:\/\/exaudi.org\/#website","url":"https:\/\/exaudi.org\/","name":"Exaudi","description":"News","potentialAction":[{"@type":"SearchAction","target":{"@type":"EntryPoint","urlTemplate":"https:\/\/exaudi.org\/?s={search_term_string}"},"query-input":{"@type":"PropertyValueSpecification","valueRequired":true,"valueName":"search_term_string"}}],"inLanguage":"es"},{"@type":"Person","@id":"https:\/\/exaudi.org\/#\/schema\/person\/f5fc8f063065e38742da7afe15f25df7","name":"Exaudi Redacci\u00f3n","image":{"@type":"ImageObject","inLanguage":"es","@id":"https:\/\/secure.gravatar.com\/avatar\/fe0f6a059fb68d9b3e11bc5850dd4899b1c7492091a3cb6dd9b01b56ad828be2?s=96&d=mm&r=g","url":"https:\/\/secure.gravatar.com\/avatar\/fe0f6a059fb68d9b3e11bc5850dd4899b1c7492091a3cb6dd9b01b56ad828be2?s=96&d=mm&r=g","contentUrl":"https:\/\/secure.gravatar.com\/avatar\/fe0f6a059fb68d9b3e11bc5850dd4899b1c7492091a3cb6dd9b01b56ad828be2?s=96&d=mm&r=g","caption":"Exaudi Redacci\u00f3n"},"description":"\u00bfQu\u00e9 es Exaudi News? Exaudi News es un medio de comunicaci\u00f3n cat\u00f3lico internacional que informa, forma y transforma, diariamente en espa\u00f1ol, ingl\u00e9s e italiano. A trav\u00e9s de noticias, art\u00edculos de an\u00e1lisis y transmisiones en directo de los eventos del Papa, Exaudi busca fortalecer la unidad de los cristianos y contribuir a la evangelizaci\u00f3n del mundo, siempre guiados por la doctrina social de la Iglesia. Trabajamos para acercar la verdad y los valores cristianos a cada rinc\u00f3n del planeta. \u00a1Ay\u00fadanos a transformar el mundo con Exaudi! En Exaudi creemos que la evangelizaci\u00f3n y la informaci\u00f3n de calidad pueden cambiar vidas. Para continuar con nuestra misi\u00f3n y expandir nuestro alcance, necesitamos tu ayuda. Adem\u00e1s, buscamos personas comprometidas que deseen unirse a nuestro equipo. Con tu apoyo, lograremos llegar a m\u00e1s personas, difundir el mensaje de Cristo y reforzar la unidad de los cristianos. \u00bfTe unes a nuestra misi\u00f3n? Para m\u00e1s informaci\u00f3n sobre c\u00f3mo colaborar, visita Exaudi.org\/es o cont\u00e1ctanos directamente: info@exaudi.org Exaudi: Informa, forma y transforma.","sameAs":["https:\/\/www.facebook.com\/ExaudiNoticias\/","https:\/\/www.instagram.com\/exaudi_noticias\/","https:\/\/x.com\/Exaudi_noticias","https:\/\/www.youtube.com\/@exaudicatholicnews"],"url":"https:\/\/exaudi.org\/es\/author\/redaccionexaudi\/"}]}},"jetpack_featured_media_url":"https:\/\/exaudi.org\/wp-content\/uploads\/2023\/11\/405999519_742157794616913_2871947630156229247_n.jpg","jetpack_shortlink":"https:\/\/wp.me\/pgKjF2-n6B","_links":{"self":[{"href":"https:\/\/exaudi.org\/es\/wp-json\/wp\/v2\/posts\/88821","targetHints":{"allow":["GET"]}}],"collection":[{"href":"https:\/\/exaudi.org\/es\/wp-json\/wp\/v2\/posts"}],"about":[{"href":"https:\/\/exaudi.org\/es\/wp-json\/wp\/v2\/types\/post"}],"author":[{"embeddable":true,"href":"https:\/\/exaudi.org\/es\/wp-json\/wp\/v2\/users\/15"}],"replies":[{"embeddable":true,"href":"https:\/\/exaudi.org\/es\/wp-json\/wp\/v2\/comments?post=88821"}],"version-history":[{"count":0,"href":"https:\/\/exaudi.org\/es\/wp-json\/wp\/v2\/posts\/88821\/revisions"}],"wp:featuredmedia":[{"embeddable":true,"href":"https:\/\/exaudi.org\/es\/wp-json\/wp\/v2\/media\/88885"}],"wp:attachment":[{"href":"https:\/\/exaudi.org\/es\/wp-json\/wp\/v2\/media?parent=88821"}],"wp:term":[{"taxonomy":"category","embeddable":true,"href":"https:\/\/exaudi.org\/es\/wp-json\/wp\/v2\/categories?post=88821"},{"taxonomy":"post_tag","embeddable":true,"href":"https:\/\/exaudi.org\/es\/wp-json\/wp\/v2\/tags?post=88821"}],"curies":[{"name":"wp","href":"https:\/\/api.w.org\/{rel}","templated":true}]}}