{"id":8880,"date":"2021-03-31T09:10:53","date_gmt":"2021-03-31T07:10:53","guid":{"rendered":"https:\/\/exaudi.org\/?p=8880"},"modified":"2021-04-14T10:39:29","modified_gmt":"2021-04-14T08:39:29","slug":"cardenal-felipe-arizmendi-morir-para-resucitar","status":"publish","type":"post","link":"https:\/\/exaudi.org\/es\/cardenal-felipe-arizmendi-morir-para-resucitar\/","title":{"rendered":"Cardenal Arizmendi: Morir, para resucitar"},"content":{"rendered":"<p>El cardenal\u00a0<a href=\"https:\/\/exaudi.org\/es\/author\/felipearizmendi\/\">Felipe Arizmendi Esquivel<\/a>, obispo em\u00e9rito de San Crist\u00f3bal de Las Casas, y responsable de la Doctrina de la Fe en la\u00a0<a href=\"https:\/\/www.cem.org.mx\/\">Conferencia del Episcopado Mexicano<\/a> (CEM), ofrece a los lectores de Exaudi su art\u00edculo titulado \u201cMorir, para resucitar\u201d. En \u00e9l reflexiona sobre la Semana Santa, proponiendo el camino de Jes\u00fas para ser feliz.<\/p>\n<p>***<\/p>\n<h4><strong>Ver<\/strong><\/h4>\n<p>Para que haya primavera, antes debe haber invierno. Para que amanezca y brille el nuevo sol, debe pasar la noche. Para que haya un oto\u00f1o con abundantes frutos, hay que sembrar y trabajar. Si quieres obtener buenas calificaciones, en la escuela o en el trabajo, debes esforzarte, estudiar, capacitarte, pasar desvelos. Si quieres disfrutar un buen veh\u00edculo, o una buena casa, debes ahorrar y abstenerte de gastos superfluos. Si anhelas un buen puesto o cargo, haz de lograrlo a base de esfuerzos y sacrificios. Nada nos cae del cielo, sin nuestra cooperaci\u00f3n.<\/p>\n<p>\u00bfQuieres ser feliz? \u00bfSue\u00f1as con una familia donde haya paz, armon\u00eda y el pan de cada d\u00eda? Esto no se logra sin esfuerzo personal, sin sacrificio, sin negaciones diarias a s\u00ed mismo, sin renunciar a amistades y distractores que te llevan por otros caminos. Si s\u00f3lo piensas en ti, en tus gustos, en tus \u201cderechos\u201d, y no tienes en cuenta los gustos, las necesidades y los justos derechos de tu familia y de los dem\u00e1s, no vas a disfrutar la vida, no te vas a sentir realizado y feliz. Si s\u00f3lo te importa darle gusto a tu cuerpo, a tus emociones y sentimientos, ser\u00e1s un ego\u00edsta permanente, te vas a hundir en una soledad fr\u00eda y desesperante. Te refugiar\u00e1s en el alcohol y en otras compensaciones para sentirte menos mal. Te puede llegar la depresi\u00f3n, o incluso la tentaci\u00f3n del suicidio, como \u00fanica salida a tu fracaso.<\/p>\n<p>Es lo que les pasa a muchos que quieren disfrutar de placeres sexuales, sin generar nuevas vidas, sin compromiso permanente con otra persona, sin obligaciones. Tener un hijo exige esfuerzos y sacrificios, desde el embarazo hasta el sostenimiento posterior. Por ello, no quieren casarse, abogan por un aborto libre y por convivir sin compromisos. Es tambi\u00e9n el camino de corruptos, extorsionadores, secuestradores y narcotraficantes: quieren disfrutar de mucho dinero sin un trabajo honrado y legal.<\/p>\n<h4><strong>P<\/strong><strong>ensar<\/strong><\/h4>\n<p>Estamos en Semana Santa. El camino para el \u00e9xito de Jes\u00fas, para su triunfo sobre sus enemigos, sobre el sepulcro y la muerte, es el calvario, es la cruz, es morir por amor. No hay otro camino para ser feliz. \u00a1Cristo es el \u00fanico camino! Hay que morir con \u00c9l, hay que morir a nosotros mismos, para resucitar a una vida mejor, m\u00e1s feliz y satisfactoria.<\/p>\n<p>Dice San Pablo: \u201cSi de algo sirve una exhortaci\u00f3n en Cristo y el consuelo que brota del amor, si tienen comuni\u00f3n de esp\u00edritu y un amor entra\u00f1able y compasivo, hagan plena mi alegr\u00eda teniendo unas mismas actitudes, unidos y concordes en un solo amor y un mismo modo de pensar. Jam\u00e1s act\u00faen por ambici\u00f3n o vanagloria; al contrario, siempre con humildad, considerando a los dem\u00e1s como superiores a ustedes mismos. Que nadie se preocupe por su propio inter\u00e9s, sino por el de los otros. Tengan, pues, la misma actitud de Cristo Jes\u00fas, quien, siendo de condici\u00f3n divina, no consider\u00f3 codiciable permanecer igual a Dios, sino que se despoj\u00f3 de s\u00ed mismo, asumi\u00f3 la condici\u00f3n de esclavo y se hizo semejante a los seres humanos. Y en su condici\u00f3n de ser humano se humill\u00f3 a s\u00ed mismo hasta la muerte por obediencia, \u00a1y una muerte en cruz! Por eso Dios lo exalt\u00f3 y le otorg\u00f3 el Nombre que est\u00e1 sobre todo nombre, para que, ante el nombre de Jes\u00fas, caigan de rodillas todos los seres del cielo, de la tierra y de debajo de la tierra, y toda lengua confiese: \u2018\u00a1Jesucristo es el \u201cSe\u00f1or\u201d!\u2019, para gloria de Dios Padre\u201d (Filip 2,1-11).<\/p>\n<p>A los tristes y decepcionados disc\u00edpulos de Ema\u00fas, Jes\u00fas, resucitado, les dice: \u201c\u00a1Qu\u00e9 torpes son para entender! \u00a1C\u00f3mo les cuesta creer todo lo que anunciaron los Profetas! \u00bfAcaso el Mes\u00edas no deb\u00eda padecer todo esto para entrar en su gloria?\u201d (Lc 24, 25-26).<\/p>\n<p>En su catequesis del 19 de agosto del a\u00f1o pasado, el Papa Francisco dijo: \u201cLa pandemia es una crisis y de una crisis no se sale iguales: o salimos mejores o salimos peores. Nosotros debemos salir mejores, para mejorar las injusticias sociales y la degradaci\u00f3n ambiental. Hoy tenemos una ocasi\u00f3n para construir algo diferente\u201d.<\/p>\n<h4><strong>A<\/strong><strong>ctuar<\/strong><\/h4>\n<p>Cada quien sabe a qu\u00e9 debe morir, para disfrutar la vida, la familia, el estudio y el trabajo. Si no haces morir tus pecados, tu mal genio, tus borracheras, tu pereza, tu ego\u00edsmo, tu orgullo, tu insensibilidad ante el dolor ajeno, no vas a resucitar como una persona nueva. Nunca llegar\u00e1s a ser una persona profundamente realizada, por m\u00e1s cosas que tengas, por m\u00e1s placeres que te procures.<\/p>\n<p>\u00bfQuieres ser feliz? Sigue el camino de Jes\u00fas. Ayuda a alguien a llevar su cruz; esc\u00fachale, ded\u00edcale tiempo, con un coraz\u00f3n cercano, y comp\u00e1rtele tus bienes; as\u00ed, colaboras en su resurrecci\u00f3n. \u00a1Animo! \u00a1S\u00ed se puede! Con la ayuda de Dios y con tu esfuerzo personal.<\/p>\n<p>\u00a1Felices Pascuas de Resurrecci\u00f3n!<\/p>\n<audio class=\"wp-audio-shortcode\" id=\"audio-8880-1\" preload=\"none\" style=\"width: 100%;\" controls=\"controls\"><source type=\"audio\/mpeg\" src=\"https:\/\/exaudi.org\/wp-content\/uploads\/2021\/03\/Articulo-31-marzo.mp3?_=1\" \/><a href=\"https:\/\/exaudi.org\/wp-content\/uploads\/2021\/03\/Articulo-31-marzo.mp3\">https:\/\/exaudi.org\/wp-content\/uploads\/2021\/03\/Articulo-31-marzo.mp3<\/a><\/audio>\n","protected":false},"excerpt":{"rendered":"<p>Seguir el camino de Jes\u00fas para ser feliz<\/p>\n","protected":false},"author":24,"featured_media":8886,"comment_status":"closed","ping_status":"closed","sticky":false,"template":"","format":"standard","meta":{"_acf_changed":false,"_crdt_document":"","inline_featured_image":false,"footnotes":""},"categories":[],"tags":[1143],"class_list":["post-8880","post","type-post","status-publish","format-standard","has-post-thumbnail","hentry","tag-semana-santa-2021"],"acf":[],"yoast_head":"<!-- This site is optimized with the Yoast SEO plugin v27.5 - https:\/\/yoast.com\/product\/yoast-seo-wordpress\/ -->\n<title>Cardenal Arizmendi: Morir, para resucitar &#8211; Exaudi<\/title>\n<meta name=\"description\" content=\"El cardenal\u00a0Felipe Arizmendi, obispo em\u00e9rito de San Crist\u00f3bal de Las Casas, ofrece su art\u00edculo titulado &quot;Morir, para resucitar&quot;\" \/>\n<meta name=\"robots\" content=\"index, follow, max-snippet:-1, max-image-preview:large, max-video-preview:-1\" \/>\n<link rel=\"canonical\" href=\"https:\/\/exaudi.org\/es\/cardenal-felipe-arizmendi-morir-para-resucitar\/\" \/>\n<meta property=\"og:locale\" content=\"es_ES\" \/>\n<meta property=\"og:type\" content=\"article\" \/>\n<meta property=\"og:title\" content=\"Cardenal Arizmendi: Morir, para resucitar &#8211; Exaudi\" \/>\n<meta property=\"og:description\" content=\"El cardenal\u00a0Felipe Arizmendi, obispo em\u00e9rito de San Crist\u00f3bal de Las Casas, ofrece su art\u00edculo titulado &quot;Morir, para resucitar&quot;\" \/>\n<meta property=\"og:url\" content=\"https:\/\/exaudi.org\/es\/cardenal-felipe-arizmendi-morir-para-resucitar\/\" \/>\n<meta property=\"og:site_name\" content=\"Exaudi\" \/>\n<meta property=\"article:publisher\" content=\"https:\/\/www.facebook.com\/ExaudiNews\" \/>\n<meta property=\"article:published_time\" content=\"2021-03-31T07:10:53+00:00\" \/>\n<meta property=\"article:modified_time\" content=\"2021-04-14T08:39:29+00:00\" \/>\n<meta property=\"og:image\" content=\"https:\/\/exaudi.org\/wp-content\/uploads\/2021\/03\/cathopic_1492779677783085-scaled.jpg\" \/>\n\t<meta property=\"og:image:width\" content=\"2560\" \/>\n\t<meta property=\"og:image:height\" content=\"1545\" \/>\n\t<meta property=\"og:image:type\" content=\"image\/jpeg\" \/>\n<meta name=\"author\" content=\"Cardenal Felipe Arizmendi\" \/>\n<meta name=\"twitter:card\" content=\"summary_large_image\" \/>\n<meta name=\"twitter:creator\" content=\"@Exaudi_News\" \/>\n<meta name=\"twitter:site\" content=\"@Exaudi_News\" \/>\n<meta name=\"twitter:label1\" content=\"Escrito por\" \/>\n\t<meta name=\"twitter:data1\" content=\"Cardenal Felipe Arizmendi\" \/>\n\t<meta name=\"twitter:label2\" content=\"Tiempo de lectura\" \/>\n\t<meta name=\"twitter:data2\" content=\"4 minutos\" \/>\n<script type=\"application\/ld+json\" class=\"yoast-schema-graph\">{\"@context\":\"https:\\\/\\\/schema.org\",\"@graph\":[{\"@type\":\"Article\",\"@id\":\"https:\\\/\\\/exaudi.org\\\/es\\\/cardenal-felipe-arizmendi-morir-para-resucitar\\\/#article\",\"isPartOf\":{\"@id\":\"https:\\\/\\\/exaudi.org\\\/es\\\/cardenal-felipe-arizmendi-morir-para-resucitar\\\/\"},\"author\":{\"name\":\"Cardenal Felipe Arizmendi\",\"@id\":\"https:\\\/\\\/exaudi.org\\\/#\\\/schema\\\/person\\\/c7d223f87e58f1105d044d8da1439102\"},\"headline\":\"Cardenal Arizmendi: Morir, para resucitar\",\"datePublished\":\"2021-03-31T07:10:53+00:00\",\"dateModified\":\"2021-04-14T08:39:29+00:00\",\"mainEntityOfPage\":{\"@id\":\"https:\\\/\\\/exaudi.org\\\/es\\\/cardenal-felipe-arizmendi-morir-para-resucitar\\\/\"},\"wordCount\":926,\"image\":{\"@id\":\"https:\\\/\\\/exaudi.org\\\/es\\\/cardenal-felipe-arizmendi-morir-para-resucitar\\\/#primaryimage\"},\"thumbnailUrl\":\"https:\\\/\\\/exaudi.org\\\/wp-content\\\/uploads\\\/2021\\\/03\\\/cathopic_1492779677783085-scaled.jpg\",\"keywords\":[\"Semana Santa 2021\"],\"inLanguage\":\"es\"},{\"@type\":\"WebPage\",\"@id\":\"https:\\\/\\\/exaudi.org\\\/es\\\/cardenal-felipe-arizmendi-morir-para-resucitar\\\/\",\"url\":\"https:\\\/\\\/exaudi.org\\\/es\\\/cardenal-felipe-arizmendi-morir-para-resucitar\\\/\",\"name\":\"Cardenal Arizmendi: Morir, para resucitar &#8211; Exaudi\",\"isPartOf\":{\"@id\":\"https:\\\/\\\/exaudi.org\\\/#website\"},\"primaryImageOfPage\":{\"@id\":\"https:\\\/\\\/exaudi.org\\\/es\\\/cardenal-felipe-arizmendi-morir-para-resucitar\\\/#primaryimage\"},\"image\":{\"@id\":\"https:\\\/\\\/exaudi.org\\\/es\\\/cardenal-felipe-arizmendi-morir-para-resucitar\\\/#primaryimage\"},\"thumbnailUrl\":\"https:\\\/\\\/exaudi.org\\\/wp-content\\\/uploads\\\/2021\\\/03\\\/cathopic_1492779677783085-scaled.jpg\",\"datePublished\":\"2021-03-31T07:10:53+00:00\",\"dateModified\":\"2021-04-14T08:39:29+00:00\",\"author\":{\"@id\":\"https:\\\/\\\/exaudi.org\\\/#\\\/schema\\\/person\\\/c7d223f87e58f1105d044d8da1439102\"},\"description\":\"El cardenal\u00a0Felipe Arizmendi, obispo em\u00e9rito de San Crist\u00f3bal de Las Casas, ofrece su art\u00edculo titulado \\\"Morir, para resucitar\\\"\",\"breadcrumb\":{\"@id\":\"https:\\\/\\\/exaudi.org\\\/es\\\/cardenal-felipe-arizmendi-morir-para-resucitar\\\/#breadcrumb\"},\"inLanguage\":\"es\",\"potentialAction\":[{\"@type\":\"ReadAction\",\"target\":[\"https:\\\/\\\/exaudi.org\\\/es\\\/cardenal-felipe-arizmendi-morir-para-resucitar\\\/\"]}]},{\"@type\":\"ImageObject\",\"inLanguage\":\"es\",\"@id\":\"https:\\\/\\\/exaudi.org\\\/es\\\/cardenal-felipe-arizmendi-morir-para-resucitar\\\/#primaryimage\",\"url\":\"https:\\\/\\\/exaudi.org\\\/wp-content\\\/uploads\\\/2021\\\/03\\\/cathopic_1492779677783085-scaled.jpg\",\"contentUrl\":\"https:\\\/\\\/exaudi.org\\\/wp-content\\\/uploads\\\/2021\\\/03\\\/cathopic_1492779677783085-scaled.jpg\",\"width\":2560,\"height\":1545,\"caption\":\"Resurrecci\u00f3n \u00a9 Cathopic. Dimitri Conejo Sanz\"},{\"@type\":\"BreadcrumbList\",\"@id\":\"https:\\\/\\\/exaudi.org\\\/es\\\/cardenal-felipe-arizmendi-morir-para-resucitar\\\/#breadcrumb\",\"itemListElement\":[{\"@type\":\"ListItem\",\"position\":1,\"name\":\"Portada\",\"item\":\"https:\\\/\\\/exaudi.org\\\/es\\\/\"},{\"@type\":\"ListItem\",\"position\":2,\"name\":\"Cardenal Arizmendi: Morir, para resucitar\"}]},{\"@type\":\"WebSite\",\"@id\":\"https:\\\/\\\/exaudi.org\\\/#website\",\"url\":\"https:\\\/\\\/exaudi.org\\\/\",\"name\":\"Exaudi\",\"description\":\"News\",\"potentialAction\":[{\"@type\":\"SearchAction\",\"target\":{\"@type\":\"EntryPoint\",\"urlTemplate\":\"https:\\\/\\\/exaudi.org\\\/?s={search_term_string}\"},\"query-input\":{\"@type\":\"PropertyValueSpecification\",\"valueRequired\":true,\"valueName\":\"search_term_string\"}}],\"inLanguage\":\"es\"},{\"@type\":\"Person\",\"@id\":\"https:\\\/\\\/exaudi.org\\\/#\\\/schema\\\/person\\\/c7d223f87e58f1105d044d8da1439102\",\"name\":\"Cardenal Felipe Arizmendi\",\"image\":{\"@type\":\"ImageObject\",\"inLanguage\":\"es\",\"@id\":\"https:\\\/\\\/secure.gravatar.com\\\/avatar\\\/4ffc5520d896b86d39346168903de33a17ef0f23d16de0ff45062c1ff422ed2f?s=96&d=mm&r=g\",\"url\":\"https:\\\/\\\/secure.gravatar.com\\\/avatar\\\/4ffc5520d896b86d39346168903de33a17ef0f23d16de0ff45062c1ff422ed2f?s=96&d=mm&r=g\",\"contentUrl\":\"https:\\\/\\\/secure.gravatar.com\\\/avatar\\\/4ffc5520d896b86d39346168903de33a17ef0f23d16de0ff45062c1ff422ed2f?s=96&d=mm&r=g\",\"caption\":\"Cardenal Felipe Arizmendi\"},\"description\":\"Nacido en Chiltepec el 1 de mayo de 1940. Estudi\u00f3 Humanidades y Filosof\u00eda en el Seminario de Toluca, de 1952 a 1959. Curs\u00f3 la Teolog\u00eda en la Universidad Pontificia de Salamanca, Espa\u00f1a, de 1959 a 1963, obteniendo la licenciatura en Teolog\u00eda Dogm\u00e1tica. Por su cuenta, se especializ\u00f3 en Liturgia. Fue ordenado sacerdote el 25 de agosto de 1963 en Toluca. Sirvi\u00f3 como Vicario Parroquial en tres parroquias por tres a\u00f1os y medio y fue p\u00e1rroco de una comunidad ind\u00edgena otom\u00ed, de 1967 a 1970. Fue Director Espiritual del Seminario de Toluca por diez a\u00f1os, y Rector del mismo de 1981 a 1991. El 7 de marzo de 1991, fue ordenado obispo de la di\u00f3cesis de Tapachula, donde estuvo hasta el 30 de abril del a\u00f1o 2000. El 1 de mayo del 2000, inici\u00f3 su ministerio episcopal como XLVI obispo de la di\u00f3cesis de San Crist\u00f3bal de las Casas, Chiapas, una de las di\u00f3cesis m\u00e1s antiguas de M\u00e9xico, erigida en 1539; all\u00ed sirvi\u00f3 por casi 18 a\u00f1os. Ha ocupado diversos cargos en la Conferencia del Episcopado Mexicano y en el CELAM. El 3 de noviembre de 2017, el Papa Francisco le acept\u00f3, por edad, su renuncia al servicio episcopal en esta di\u00f3cesis, que entreg\u00f3 a su sucesor el 3 de enero de 2018. Desde entonces, reside en la ciudad de Toluca. Desde 1979, escribe art\u00edculos de actualidad en varios medios religiosos y civiles. Es autor de varias publicaciones.\",\"url\":\"https:\\\/\\\/exaudi.org\\\/es\\\/author\\\/felipearizmendi\\\/\"}]}<\/script>\n<!-- \/ Yoast SEO plugin. -->","yoast_head_json":{"title":"Cardenal Arizmendi: Morir, para resucitar &#8211; Exaudi","description":"El cardenal\u00a0Felipe Arizmendi, obispo em\u00e9rito de San Crist\u00f3bal de Las Casas, ofrece su art\u00edculo titulado \"Morir, para resucitar\"","robots":{"index":"index","follow":"follow","max-snippet":"max-snippet:-1","max-image-preview":"max-image-preview:large","max-video-preview":"max-video-preview:-1"},"canonical":"https:\/\/exaudi.org\/es\/cardenal-felipe-arizmendi-morir-para-resucitar\/","og_locale":"es_ES","og_type":"article","og_title":"Cardenal Arizmendi: Morir, para resucitar &#8211; Exaudi","og_description":"El cardenal\u00a0Felipe Arizmendi, obispo em\u00e9rito de San Crist\u00f3bal de Las Casas, ofrece su art\u00edculo titulado \"Morir, para resucitar\"","og_url":"https:\/\/exaudi.org\/es\/cardenal-felipe-arizmendi-morir-para-resucitar\/","og_site_name":"Exaudi","article_publisher":"https:\/\/www.facebook.com\/ExaudiNews","article_published_time":"2021-03-31T07:10:53+00:00","article_modified_time":"2021-04-14T08:39:29+00:00","og_image":[{"width":2560,"height":1545,"url":"https:\/\/exaudi.org\/wp-content\/uploads\/2021\/03\/cathopic_1492779677783085-scaled.jpg","type":"image\/jpeg"}],"author":"Cardenal Felipe Arizmendi","twitter_card":"summary_large_image","twitter_creator":"@Exaudi_News","twitter_site":"@Exaudi_News","twitter_misc":{"Escrito por":"Cardenal Felipe Arizmendi","Tiempo de lectura":"4 minutos"},"schema":{"@context":"https:\/\/schema.org","@graph":[{"@type":"Article","@id":"https:\/\/exaudi.org\/es\/cardenal-felipe-arizmendi-morir-para-resucitar\/#article","isPartOf":{"@id":"https:\/\/exaudi.org\/es\/cardenal-felipe-arizmendi-morir-para-resucitar\/"},"author":{"name":"Cardenal Felipe Arizmendi","@id":"https:\/\/exaudi.org\/#\/schema\/person\/c7d223f87e58f1105d044d8da1439102"},"headline":"Cardenal Arizmendi: Morir, para resucitar","datePublished":"2021-03-31T07:10:53+00:00","dateModified":"2021-04-14T08:39:29+00:00","mainEntityOfPage":{"@id":"https:\/\/exaudi.org\/es\/cardenal-felipe-arizmendi-morir-para-resucitar\/"},"wordCount":926,"image":{"@id":"https:\/\/exaudi.org\/es\/cardenal-felipe-arizmendi-morir-para-resucitar\/#primaryimage"},"thumbnailUrl":"https:\/\/exaudi.org\/wp-content\/uploads\/2021\/03\/cathopic_1492779677783085-scaled.jpg","keywords":["Semana Santa 2021"],"inLanguage":"es"},{"@type":"WebPage","@id":"https:\/\/exaudi.org\/es\/cardenal-felipe-arizmendi-morir-para-resucitar\/","url":"https:\/\/exaudi.org\/es\/cardenal-felipe-arizmendi-morir-para-resucitar\/","name":"Cardenal Arizmendi: Morir, para resucitar &#8211; Exaudi","isPartOf":{"@id":"https:\/\/exaudi.org\/#website"},"primaryImageOfPage":{"@id":"https:\/\/exaudi.org\/es\/cardenal-felipe-arizmendi-morir-para-resucitar\/#primaryimage"},"image":{"@id":"https:\/\/exaudi.org\/es\/cardenal-felipe-arizmendi-morir-para-resucitar\/#primaryimage"},"thumbnailUrl":"https:\/\/exaudi.org\/wp-content\/uploads\/2021\/03\/cathopic_1492779677783085-scaled.jpg","datePublished":"2021-03-31T07:10:53+00:00","dateModified":"2021-04-14T08:39:29+00:00","author":{"@id":"https:\/\/exaudi.org\/#\/schema\/person\/c7d223f87e58f1105d044d8da1439102"},"description":"El cardenal\u00a0Felipe Arizmendi, obispo em\u00e9rito de San Crist\u00f3bal de Las Casas, ofrece su art\u00edculo titulado \"Morir, para resucitar\"","breadcrumb":{"@id":"https:\/\/exaudi.org\/es\/cardenal-felipe-arizmendi-morir-para-resucitar\/#breadcrumb"},"inLanguage":"es","potentialAction":[{"@type":"ReadAction","target":["https:\/\/exaudi.org\/es\/cardenal-felipe-arizmendi-morir-para-resucitar\/"]}]},{"@type":"ImageObject","inLanguage":"es","@id":"https:\/\/exaudi.org\/es\/cardenal-felipe-arizmendi-morir-para-resucitar\/#primaryimage","url":"https:\/\/exaudi.org\/wp-content\/uploads\/2021\/03\/cathopic_1492779677783085-scaled.jpg","contentUrl":"https:\/\/exaudi.org\/wp-content\/uploads\/2021\/03\/cathopic_1492779677783085-scaled.jpg","width":2560,"height":1545,"caption":"Resurrecci\u00f3n \u00a9 Cathopic. Dimitri Conejo Sanz"},{"@type":"BreadcrumbList","@id":"https:\/\/exaudi.org\/es\/cardenal-felipe-arizmendi-morir-para-resucitar\/#breadcrumb","itemListElement":[{"@type":"ListItem","position":1,"name":"Portada","item":"https:\/\/exaudi.org\/es\/"},{"@type":"ListItem","position":2,"name":"Cardenal Arizmendi: Morir, para resucitar"}]},{"@type":"WebSite","@id":"https:\/\/exaudi.org\/#website","url":"https:\/\/exaudi.org\/","name":"Exaudi","description":"News","potentialAction":[{"@type":"SearchAction","target":{"@type":"EntryPoint","urlTemplate":"https:\/\/exaudi.org\/?s={search_term_string}"},"query-input":{"@type":"PropertyValueSpecification","valueRequired":true,"valueName":"search_term_string"}}],"inLanguage":"es"},{"@type":"Person","@id":"https:\/\/exaudi.org\/#\/schema\/person\/c7d223f87e58f1105d044d8da1439102","name":"Cardenal Felipe Arizmendi","image":{"@type":"ImageObject","inLanguage":"es","@id":"https:\/\/secure.gravatar.com\/avatar\/4ffc5520d896b86d39346168903de33a17ef0f23d16de0ff45062c1ff422ed2f?s=96&d=mm&r=g","url":"https:\/\/secure.gravatar.com\/avatar\/4ffc5520d896b86d39346168903de33a17ef0f23d16de0ff45062c1ff422ed2f?s=96&d=mm&r=g","contentUrl":"https:\/\/secure.gravatar.com\/avatar\/4ffc5520d896b86d39346168903de33a17ef0f23d16de0ff45062c1ff422ed2f?s=96&d=mm&r=g","caption":"Cardenal Felipe Arizmendi"},"description":"Nacido en Chiltepec el 1 de mayo de 1940. Estudi\u00f3 Humanidades y Filosof\u00eda en el Seminario de Toluca, de 1952 a 1959. Curs\u00f3 la Teolog\u00eda en la Universidad Pontificia de Salamanca, Espa\u00f1a, de 1959 a 1963, obteniendo la licenciatura en Teolog\u00eda Dogm\u00e1tica. Por su cuenta, se especializ\u00f3 en Liturgia. Fue ordenado sacerdote el 25 de agosto de 1963 en Toluca. Sirvi\u00f3 como Vicario Parroquial en tres parroquias por tres a\u00f1os y medio y fue p\u00e1rroco de una comunidad ind\u00edgena otom\u00ed, de 1967 a 1970. Fue Director Espiritual del Seminario de Toluca por diez a\u00f1os, y Rector del mismo de 1981 a 1991. El 7 de marzo de 1991, fue ordenado obispo de la di\u00f3cesis de Tapachula, donde estuvo hasta el 30 de abril del a\u00f1o 2000. El 1 de mayo del 2000, inici\u00f3 su ministerio episcopal como XLVI obispo de la di\u00f3cesis de San Crist\u00f3bal de las Casas, Chiapas, una de las di\u00f3cesis m\u00e1s antiguas de M\u00e9xico, erigida en 1539; all\u00ed sirvi\u00f3 por casi 18 a\u00f1os. Ha ocupado diversos cargos en la Conferencia del Episcopado Mexicano y en el CELAM. El 3 de noviembre de 2017, el Papa Francisco le acept\u00f3, por edad, su renuncia al servicio episcopal en esta di\u00f3cesis, que entreg\u00f3 a su sucesor el 3 de enero de 2018. Desde entonces, reside en la ciudad de Toluca. Desde 1979, escribe art\u00edculos de actualidad en varios medios religiosos y civiles. Es autor de varias publicaciones.","url":"https:\/\/exaudi.org\/es\/author\/felipearizmendi\/"}]}},"jetpack_featured_media_url":"https:\/\/exaudi.org\/wp-content\/uploads\/2021\/03\/cathopic_1492779677783085-scaled.jpg","jetpack_shortlink":"https:\/\/wp.me\/pgKjF2-2je","_links":{"self":[{"href":"https:\/\/exaudi.org\/es\/wp-json\/wp\/v2\/posts\/8880","targetHints":{"allow":["GET"]}}],"collection":[{"href":"https:\/\/exaudi.org\/es\/wp-json\/wp\/v2\/posts"}],"about":[{"href":"https:\/\/exaudi.org\/es\/wp-json\/wp\/v2\/types\/post"}],"author":[{"embeddable":true,"href":"https:\/\/exaudi.org\/es\/wp-json\/wp\/v2\/users\/24"}],"replies":[{"embeddable":true,"href":"https:\/\/exaudi.org\/es\/wp-json\/wp\/v2\/comments?post=8880"}],"version-history":[{"count":0,"href":"https:\/\/exaudi.org\/es\/wp-json\/wp\/v2\/posts\/8880\/revisions"}],"wp:featuredmedia":[{"embeddable":true,"href":"https:\/\/exaudi.org\/es\/wp-json\/wp\/v2\/media\/8886"}],"wp:attachment":[{"href":"https:\/\/exaudi.org\/es\/wp-json\/wp\/v2\/media?parent=8880"}],"wp:term":[{"taxonomy":"category","embeddable":true,"href":"https:\/\/exaudi.org\/es\/wp-json\/wp\/v2\/categories?post=8880"},{"taxonomy":"post_tag","embeddable":true,"href":"https:\/\/exaudi.org\/es\/wp-json\/wp\/v2\/tags?post=8880"}],"curies":[{"name":"wp","href":"https:\/\/api.w.org\/{rel}","templated":true}]}}