{"id":8878,"date":"2026-04-01T07:30:36","date_gmt":"2026-04-01T05:30:36","guid":{"rendered":"https:\/\/exaudi.org\/?p=8878"},"modified":"2026-03-17T15:55:25","modified_gmt":"2026-03-17T14:55:25","slug":"san-ludovico-pavoni-1-abril","status":"publish","type":"post","link":"https:\/\/exaudi.org\/es\/san-ludovico-pavoni-1-abril\/","title":{"rendered":"San Ludovico Pavoni, 1 de abril"},"content":{"rendered":"<p><span style=\"font-weight: 400;\">P\u00edo XII calific\u00f3 a san Ludovico Pavoni como \u201cotro Felipe Neri&#8230; precursor de san Juan Bosco&#8230; perfecto emulador de san Jos\u00e9 Cottolengo\u201d. Naci\u00f3 en Brescia, Italia, el 11 de septiembre de 1784. Su ilustre familia, los Poncarali, pertenec\u00eda a la nobleza. Eran due\u00f1os de grandes posesiones.<\/span><\/p>\n<p><iframe title=\"Spotify Embed: San Ludovico Pavoni, 1 de abril\" style=\"border-radius: 12px\" width=\"100%\" height=\"152\" frameborder=\"0\" allowfullscreen allow=\"autoplay; clipboard-write; encrypted-media; fullscreen; picture-in-picture\" loading=\"lazy\" src=\"https:\/\/open.spotify.com\/embed\/episode\/0GL5FQRiFVB243zFOzzMCN?si=2e8b0a8aacfb4e95&amp;utm_source=oembed\"><\/iframe><\/p>\n<p><span style=\"font-weight: 400;\">Pero los ut\u00f3picos ideales de la Revoluci\u00f3n Francesa, portando aires triunfales, penetraron en la ciudad y arrasaron los derechos de muchos ciudadanos. En 1797 miembros del ej\u00e9rcito tomaron bajo su mando el palacio Poncarali y firmaron el manifiesto \u201cJuramos vivir libres o morir\u201d.\u00a0<\/span><\/p>\n<p><span style=\"font-weight: 400;\">Sin darse \u00ednfulas de nada, ni comprometerse con id\u00edlicos principios, \u00fanicamente con la sencillez de la verdad por bandera, Ludovico se hab\u00eda adentrado en el drama de los pobres. Ya conoc\u00eda el asfixiante ambiente de las f\u00e1bricas y lo que cuesta el aserto b\u00edblico de ganarse el pan con el sudor de la frente. <\/span><\/p>\n<p><span style=\"font-weight: 400;\">Hab\u00eda sido el primog\u00e9nito de cinco hermanos, y todos los ojos estaban puestos en \u00e9l, sin adivinar entonces lo que iba a depararle la vida. A lo largo de los a\u00f1os, otras personas tendr\u00edan en cuenta sus cualidades y virtudes al punto de encomendarle altas misiones eclesi\u00e1sticas. En esa \u00e9poca abastec\u00eda su alma cada ma\u00f1ana en la iglesia de San Lorenzo con el m\u00e1s excelente manjar: la Eucarist\u00eda. <\/span><\/p>\n<p><span style=\"font-weight: 400;\">Mientras tanto, los que proclamaron la libertad esclavizaron al pueblo. Les privaron de bienes gratuitos que movimientos eclesiales proporcionaban a los desamparados, suprimieron escuelas, centros ben\u00e9ficos e incluso el seminario.<\/span><\/p>\n<p><span style=\"font-weight: 400;\">En una de las posesiones familiares san Ludovico Pavoni realizaba obras de misericordia. Compart\u00eda los conocimientos que ten\u00eda con los chavales de su edad que no pudieron costearse estudios. Adem\u00e1s, les ense\u00f1aba el catecismo. Su sensibilidad por estos j\u00f3venes desamparados fue aumentando y, con ella, su amor al sacerdocio. <\/span><\/p>\n<p><span style=\"font-weight: 400;\">En 1805 perdi\u00f3 a su padre, que falleci\u00f3 profundamente apenado por las desavenencias con uno de los hijos. Cuando Ludovico ofici\u00f3 su primera misa en 1807 percibi\u00f3 con aflicci\u00f3n la ausencia de este d\u00edscolo hermano, que estaba casado. La lectura de un libro hizo que Ludovico tomase el sendero que guiar\u00eda el resto de su existencia: Sobre las influencias morales escrito por Schedoni. <\/span><\/p>\n<p><span style=\"font-weight: 400;\">Fue providencial. Con lucidez su autor pon\u00eda de relieve lo ya conocido: si a los chicos se les deja a su aire, no se les exige la escolarizaci\u00f3n, y se ponen a su alcance puertas abiertas a la indisciplina y a la inmoralidad, el camino hacia el delito est\u00e1 en marcha. Lo dice el refr\u00e1n: \u201cquien siembra vientos, cosecha tempestades\u201d. As\u00ed que Ludovico tom\u00f3 la resoluci\u00f3n de implicarse por completo en la tarea de restaurarlos.\u00a0<\/span><\/p>\n<p><span style=\"font-weight: 400;\">En noviembre de 1809 muri\u00f3 su madre dej\u00e1ndole gran pesar. Sin tiempo que perder, impuls\u00f3 un centro parroquial para los muchachos del entorno. A otros los rescat\u00f3 de las calles conquist\u00e1ndolos con una simple limosna y el gozo reflejado en su semblante. Les allan\u00f3 el camino disponiendo un hogar donde acogerlos, un \u201cOratorio\u201d. <\/span><\/p>\n<p><span style=\"font-weight: 400;\">Los pilares de su capacitaci\u00f3n en pr\u00e1cticos oficios (carpinter\u00eda e imprenta) comenzaron en Brescia. Su iniciativa fue bendecida por el prelado Gabrio Mar\u00eda Nava, que ten\u00eda gran debilidad por este colectivo marginal. Conoc\u00eda la trayectoria del santo, que ya era popularmente denominado \u201cel cura de los chicos pobres\u201d.<\/span><\/p>\n<p><span style=\"font-weight: 400;\"> En 1812 lo design\u00f3 secretario suyo. Seis a\u00f1os m\u00e1s tarde le nombr\u00f3 can\u00f3nigo confi\u00e1ndole la rector\u00eda de la bas\u00edlica de San Bernab\u00e9. Adem\u00e1s, le encarg\u00f3 la fundaci\u00f3n del \u201cInstituto privado de beneficencia\u201d. Era una \u201cEscuela de Oficios\u201d de car\u00e1cter gratuito. En 1821 recibi\u00f3 el nombre de \u201cP\u00edo Instituto de San Bernab\u00e9\u201d.<\/span><\/p>\n<p><span style=\"font-weight: 400;\"> Sus destinatarios eran j\u00f3venes sin hogar ni recursos que, desde el punto de vista profesional, saldr\u00edan de sus aulas bien preparados para entrar en el mundo laboral. Y, desde la perspectiva espiritual, listos para lidiar con un ambiente poco sano y, por tanto, no cristiano.\u00a0<\/span><\/p>\n<p><span style=\"font-weight: 400;\">Otra de las obras emprendidas por san Ludovico Pavoni fue la \u201cEscuela Tipogr\u00e1fica\u201d, una novedad en Italia al tratarse de la primera escuela gr\u00e1fica que se abr\u00eda, convertida despu\u00e9s en editorial. Fue ampliada en 1841 para otro grupo de sordomudos. Y como su entusiasmo y creatividad no ten\u00edan fronteras, en diez a\u00f1os logr\u00f3 que los j\u00f3venes pudieran elegir entre un interesante abanico de profesiones: tipograf\u00eda, encuadernaci\u00f3n de libros, papeler\u00eda, etc. <\/span><\/p>\n<p><span style=\"font-weight: 400;\">Los oficios a los que podr\u00edan aspirar ser\u00edan igualmente extensos: plateros, cerrajeros, carpinteros, torneros, zapateros&#8230; Era un gran logro por el cual en 1844 fue condecorado por el emperador de Austria, quien le concedi\u00f3 el t\u00edtulo de Caballero de la Corona de Hierro. Su destino fue un caj\u00f3n; hubiera preferido ayuda para sus chicos.<\/span><\/p>\n<p><span style=\"font-weight: 400;\">Para que subsistiera esta formidable labor caritativo-social precisaba personas generosas, entregadas, con empuje. Sobre todo, que tuviesen entre sus objetivos altos ideales espirituales. San Ludovico Pavoni pensaba en esa opci\u00f3n cuando eligi\u00f3 entre los muchachos a los que juzgaba cumpl\u00edan esos requisitos, y fund\u00f3 con ellos la Congregaci\u00f3n de los Hijos de Mar\u00eda Inmaculada, erigida can\u00f3nicamente en 1847. <\/span><\/p>\n<p><span style=\"font-weight: 400;\">Comenzaban a verse los frutos de su religioso tes\u00f3n: \u201cdebemos sembrar con confianza; no importa si los frutos no se ven\u201d. Ese mismo a\u00f1o emiti\u00f3 los votos perpetuos. Su incesante entrega prosigui\u00f3 hasta el fin de sus d\u00edas. Aunque sus chicos le suger\u00edan que descansase alguna vez, su invariable respuesta era \u201cdescansaremos en el cielo\u201d. <\/span><\/p>\n<p><span style=\"font-weight: 400;\">Ese momento le sorprendi\u00f3 en Saiano, lugar cercano a Brescia. A pesar de su delicado estado de salud hab\u00eda acudido all\u00ed para liberar a sus muchachos de los atropellos provocados por los austriacos insurrectos que integraban la revuelta \u201cde los Diez D\u00edas\u201d. Lleg\u00f3 el 24 de marzo de 1849 y muri\u00f3 el 1 de abril diciendo: \u201cQueridos m\u00edos&#8230; adi\u00f3s\u201d.<\/span><\/p>\n<p><span style=\"font-weight: 400;\"> Era Domingo de Ramos. Poco antes pudo transmitirles esta consigna: \u201cTened fe, no os desanim\u00e9is. Dios, desde el cielo, rige y dispone el destino de los hombres. Haced siempre el bien a todos y amad a Jes\u00fas y a nuestra Madre, la Virgen Inmaculada\u201d. Juan Pablo II lo beatific\u00f3 el 14 de abril de 2002. El papa Francisco lo canoniz\u00f3 el 16 de octubre de 2016.<\/span><\/p>\n<p><img loading=\"lazy\" decoding=\"async\" class=\"size-full wp-image-122582 alignnone\" src=\"https:\/\/exaudi.org\/wp-content\/uploads\/2025\/04\/Santoral.jpg\" alt=\"\" width=\"1080\" height=\"1080\" srcset=\"https:\/\/exaudi.org\/wp-content\/uploads\/2025\/04\/Santoral.jpg 1080w, https:\/\/exaudi.org\/wp-content\/uploads\/2025\/04\/Santoral-300x300.jpg 300w, https:\/\/exaudi.org\/wp-content\/uploads\/2025\/04\/Santoral-1024x1024.jpg 1024w, https:\/\/exaudi.org\/wp-content\/uploads\/2025\/04\/Santoral-100x100.jpg?crop=1 100w, https:\/\/exaudi.org\/wp-content\/uploads\/2025\/04\/Santoral-770x770.jpg 770w, https:\/\/exaudi.org\/wp-content\/uploads\/2025\/04\/Santoral-500x500.jpg 500w\" sizes=\"auto, (max-width: 1080px) 100vw, 1080px\" \/><\/p>\n<p><img loading=\"lazy\" decoding=\"async\" class=\"alignright wp-image-2208\" src=\"https:\/\/exaudi.org\/wp-content\/uploads\/2021\/02\/santoral-scaled-1-725x1024.jpg\" alt=\"santoral Isabel Orellana\" width=\"262\" height=\"370\" \/><\/p>\n<div class=\"page\" title=\"Page 4\">\n<div class=\"layoutArea\">\n<div class=\"column\">\n<h6><em>\u00a9 <a href=\"https:\/\/exaudi.org\/es\/author\/isabelorellana\/\" target=\"_blank\" rel=\"noopener noreferrer\">Isabel Orellana Vilches<\/a>, 2018<\/em><br \/>\n<em>Autora vinculada a<\/em><br \/>\n<img loading=\"lazy\" decoding=\"async\" class=\"alignnone size-full wp-image-41949\" src=\"https:\/\/www.idente.org\/wp-content\/uploads\/logo-cedro-v01-843x295-1-e1603384654546.png\" alt=\"\" width=\"80\" height=\"28\" \/><br \/>\nObra protegida por derechos de autor.<br \/>\nInscrita en el Registro de la Propiedad Intelectual el 24 de noviembre de 2014.<br \/>\n________________<br \/>\nDerechos de edici\u00f3n reservados:<br \/>\nFundaci\u00f3n <a href=\"https:\/\/rielo.com\/\" target=\"_blank\" rel=\"noopener noreferrer\">Fernando Rielo<\/a><br \/>\nGoya 20, 4.\u00ba izq. int. 28001 Madrid<br \/>\nTlf.: (34) 91 575 40 91<br \/>\nCorreo electr\u00f3nico: fundacion@rielo.com<\/h6>\n<div class=\"page\" title=\"Page 4\">\n<div class=\"layoutArea\">\n<div class=\"column\">\n<h6>Dep\u00f3sito legal: M-18664-2020<br \/>\nISBN: 978-84-946646-6-3<\/h6>\n<\/div>\n<\/div>\n<\/div>\n<\/div>\n<\/div>\n<\/div>\n","protected":false},"excerpt":{"rendered":"<p>Precursor de san Juan Bosco<\/p>\n","protected":false},"author":23,"featured_media":122585,"comment_status":"closed","ping_status":"closed","sticky":false,"template":"","format":"standard","meta":{"_acf_changed":false,"_crdt_document":"","inline_featured_image":false,"footnotes":""},"categories":[74,2772],"tags":[388,1349,387,58880],"class_list":["post-8878","post","type-post","status-publish","format-standard","has-post-thumbnail","hentry","category-iglesia-y-mundo","category-santoral","tag-isabel-orellana-vilches","tag-san-ludovico-pavoni","tag-santoral","tag-trending-es-151"],"acf":[],"yoast_head":"<!-- This site is optimized with the Yoast SEO plugin v27.4 - https:\/\/yoast.com\/product\/yoast-seo-wordpress\/ -->\n<title>San Ludovico Pavoni, 1 de abril - Exaudi Espa\u00f1a<\/title>\n<meta name=\"description\" content=\"Santoral del 1 de abril sobre San Ludovico Pavoni, por Isabel Orellana Vilches y la Fundaci\u00f3n Fernando Rielo\" \/>\n<meta name=\"robots\" content=\"index, follow, max-snippet:-1, max-image-preview:large, max-video-preview:-1\" \/>\n<link rel=\"canonical\" href=\"https:\/\/exaudi.org\/es\/san-ludovico-pavoni-1-abril\/\" \/>\n<meta property=\"og:locale\" content=\"es_ES\" \/>\n<meta property=\"og:type\" content=\"article\" \/>\n<meta property=\"og:title\" content=\"San Ludovico Pavoni, 1 de abril - Exaudi Espa\u00f1a\" \/>\n<meta property=\"og:description\" content=\"Santoral del 1 de abril sobre San Ludovico Pavoni, por Isabel Orellana Vilches y la Fundaci\u00f3n Fernando Rielo\" \/>\n<meta property=\"og:url\" content=\"https:\/\/exaudi.org\/es\/san-ludovico-pavoni-1-abril\/\" \/>\n<meta property=\"og:site_name\" content=\"Exaudi\" \/>\n<meta property=\"article:publisher\" content=\"https:\/\/www.facebook.com\/ExaudiNews\" \/>\n<meta property=\"article:published_time\" content=\"2026-04-01T05:30:36+00:00\" \/>\n<meta property=\"og:image\" content=\"https:\/\/exaudi.org\/wp-content\/uploads\/2025\/04\/st-lodovico-pavoni-with-children-art-1.jpg\" \/>\n\t<meta property=\"og:image:width\" content=\"910\" \/>\n\t<meta property=\"og:image:height\" content=\"512\" \/>\n\t<meta property=\"og:image:type\" content=\"image\/jpeg\" \/>\n<meta name=\"author\" content=\"Isabel Orellana\" \/>\n<meta name=\"twitter:card\" content=\"summary_large_image\" \/>\n<meta name=\"twitter:creator\" content=\"@Exaudi_News\" \/>\n<meta name=\"twitter:site\" content=\"@Exaudi_News\" \/>\n<meta name=\"twitter:label1\" content=\"Escrito por\" \/>\n\t<meta name=\"twitter:data1\" content=\"Isabel Orellana\" \/>\n\t<meta name=\"twitter:label2\" content=\"Tiempo de lectura\" \/>\n\t<meta name=\"twitter:data2\" content=\"6 minutos\" \/>\n<script type=\"application\/ld+json\" class=\"yoast-schema-graph\">{\"@context\":\"https:\\\/\\\/schema.org\",\"@graph\":[{\"@type\":\"Article\",\"@id\":\"https:\\\/\\\/exaudi.org\\\/es\\\/san-ludovico-pavoni-1-abril\\\/#article\",\"isPartOf\":{\"@id\":\"https:\\\/\\\/exaudi.org\\\/es\\\/san-ludovico-pavoni-1-abril\\\/\"},\"author\":{\"name\":\"Isabel Orellana\",\"@id\":\"https:\\\/\\\/exaudi.org\\\/#\\\/schema\\\/person\\\/64e18b96fd6118559a9217b5b3375fdc\"},\"headline\":\"San Ludovico Pavoni, 1 de abril\",\"datePublished\":\"2026-04-01T05:30:36+00:00\",\"mainEntityOfPage\":{\"@id\":\"https:\\\/\\\/exaudi.org\\\/es\\\/san-ludovico-pavoni-1-abril\\\/\"},\"wordCount\":1124,\"image\":{\"@id\":\"https:\\\/\\\/exaudi.org\\\/es\\\/san-ludovico-pavoni-1-abril\\\/#primaryimage\"},\"thumbnailUrl\":\"https:\\\/\\\/exaudi.org\\\/wp-content\\\/uploads\\\/2025\\\/04\\\/st-lodovico-pavoni-with-children-art-1.jpg\",\"keywords\":[\"Isabel Orellana Vilches\",\"San Ludovico Pavoni\",\"Santoral\",\"Trending\"],\"articleSection\":[\"Iglesia y Mundo\",\"Santoral\"],\"inLanguage\":\"es\"},{\"@type\":\"WebPage\",\"@id\":\"https:\\\/\\\/exaudi.org\\\/es\\\/san-ludovico-pavoni-1-abril\\\/\",\"url\":\"https:\\\/\\\/exaudi.org\\\/es\\\/san-ludovico-pavoni-1-abril\\\/\",\"name\":\"San Ludovico Pavoni, 1 de abril - Exaudi Espa\u00f1a\",\"isPartOf\":{\"@id\":\"https:\\\/\\\/exaudi.org\\\/#website\"},\"primaryImageOfPage\":{\"@id\":\"https:\\\/\\\/exaudi.org\\\/es\\\/san-ludovico-pavoni-1-abril\\\/#primaryimage\"},\"image\":{\"@id\":\"https:\\\/\\\/exaudi.org\\\/es\\\/san-ludovico-pavoni-1-abril\\\/#primaryimage\"},\"thumbnailUrl\":\"https:\\\/\\\/exaudi.org\\\/wp-content\\\/uploads\\\/2025\\\/04\\\/st-lodovico-pavoni-with-children-art-1.jpg\",\"datePublished\":\"2026-04-01T05:30:36+00:00\",\"author\":{\"@id\":\"https:\\\/\\\/exaudi.org\\\/#\\\/schema\\\/person\\\/64e18b96fd6118559a9217b5b3375fdc\"},\"description\":\"Santoral del 1 de abril sobre San Ludovico Pavoni, por Isabel Orellana Vilches y la Fundaci\u00f3n Fernando Rielo\",\"breadcrumb\":{\"@id\":\"https:\\\/\\\/exaudi.org\\\/es\\\/san-ludovico-pavoni-1-abril\\\/#breadcrumb\"},\"inLanguage\":\"es\",\"potentialAction\":[{\"@type\":\"ReadAction\",\"target\":[\"https:\\\/\\\/exaudi.org\\\/es\\\/san-ludovico-pavoni-1-abril\\\/\"]}]},{\"@type\":\"ImageObject\",\"inLanguage\":\"es\",\"@id\":\"https:\\\/\\\/exaudi.org\\\/es\\\/san-ludovico-pavoni-1-abril\\\/#primaryimage\",\"url\":\"https:\\\/\\\/exaudi.org\\\/wp-content\\\/uploads\\\/2025\\\/04\\\/st-lodovico-pavoni-with-children-art-1.jpg\",\"contentUrl\":\"https:\\\/\\\/exaudi.org\\\/wp-content\\\/uploads\\\/2025\\\/04\\\/st-lodovico-pavoni-with-children-art-1.jpg\",\"width\":910,\"height\":512},{\"@type\":\"BreadcrumbList\",\"@id\":\"https:\\\/\\\/exaudi.org\\\/es\\\/san-ludovico-pavoni-1-abril\\\/#breadcrumb\",\"itemListElement\":[{\"@type\":\"ListItem\",\"position\":1,\"name\":\"Portada\",\"item\":\"https:\\\/\\\/exaudi.org\\\/es\\\/\"},{\"@type\":\"ListItem\",\"position\":2,\"name\":\"San Ludovico Pavoni, 1 de abril\"}]},{\"@type\":\"WebSite\",\"@id\":\"https:\\\/\\\/exaudi.org\\\/#website\",\"url\":\"https:\\\/\\\/exaudi.org\\\/\",\"name\":\"Exaudi\",\"description\":\"News\",\"potentialAction\":[{\"@type\":\"SearchAction\",\"target\":{\"@type\":\"EntryPoint\",\"urlTemplate\":\"https:\\\/\\\/exaudi.org\\\/?s={search_term_string}\"},\"query-input\":{\"@type\":\"PropertyValueSpecification\",\"valueRequired\":true,\"valueName\":\"search_term_string\"}}],\"inLanguage\":\"es\"},{\"@type\":\"Person\",\"@id\":\"https:\\\/\\\/exaudi.org\\\/#\\\/schema\\\/person\\\/64e18b96fd6118559a9217b5b3375fdc\",\"name\":\"Isabel Orellana\",\"image\":{\"@type\":\"ImageObject\",\"inLanguage\":\"es\",\"@id\":\"https:\\\/\\\/secure.gravatar.com\\\/avatar\\\/51968380bbb6b22ae85c605634860366fd9a2a611c6341125115bca32cd6c171?s=96&d=mm&r=g\",\"url\":\"https:\\\/\\\/secure.gravatar.com\\\/avatar\\\/51968380bbb6b22ae85c605634860366fd9a2a611c6341125115bca32cd6c171?s=96&d=mm&r=g\",\"contentUrl\":\"https:\\\/\\\/secure.gravatar.com\\\/avatar\\\/51968380bbb6b22ae85c605634860366fd9a2a611c6341125115bca32cd6c171?s=96&d=mm&r=g\",\"caption\":\"Isabel Orellana\"},\"description\":\"Isabel Orellana Vilches Misionera idente. Doctora en Filosof\u00eda por la Universidad Aut\u00f3noma de Barcelona con la tesis Realismo y progreso cient\u00edfico en la epistemolog\u00eda popperiana. Ha cursado estudios de teolog\u00eda en la Universidad Pontificia de Salamanca. Con amplia actividad docente desde 1986, ha publicado libros como: Realismo y progreso cient\u00edfico en la epistemolog\u00eda popperiana, Universitat Aut\u00f2noma de Barcelona, 1993; El evangelio habla a los j\u00f3venes, Atenas, Madrid, 1997; Qu\u00e9 es... LA TOLERANCIA, Paulinas, Madrid, 1999; Pedagog\u00eda del dolor. Ensayo antropol\u00f3gico, Palabra, Madrid, 1999; En colaboraci\u00f3n con Enrique Rivera de Ventosa (\u2020) OFM. Cap. San Francisco de As\u00eds y Fernando Rielo: Convergencias. Respuestas desde la fe a los interrogantes del hombre de hoy, Universidad Pontificia, Salamanca, 2001; La \\\"mirada\\\" del cine. Recursos did\u00e1cticos del s\u00e9ptimo arte. Librer\u00eda Cervantes, Salamanca, 2001; Paradojas de la convivencia, San Pablo, Madrid, 2002; En la Universidad T\u00e9cnica Particular de Loja, Ecuador, ha publicado: La confianza. El arte de amar, 2002; Educar para la responsabilidad, 2003; Apuntes de \u00e9tica en Karl R. Popper, 2003; De soledades y comunicaci\u00f3n, 2005; Yo educo; t\u00fa respondes, 2008; Humanismo y fe en un crisol de culturas, 2008; Repensar lo cotidiano, 2008; Convivir: un constante desaf\u00edo, 2009; La l\u00f3gica del amor, 2010; El dolor del amor. Apuntes sobre la enfermedad y el dolor en relaci\u00f3n con la virtud heroica, el martirio y la vida santa. Seminario Diocesano de M\u00e1laga, 2006 y Universidad T\u00e9cnica Particular de Loja, Ecuador (2007). Cuenta con numerosas colaboraciones en obras colectivas, as\u00ed como relatos, cuentos, f\u00e1bula y novela juvenil, adem\u00e1s de art\u00edculos de tem\u00e1tica cient\u00edfica, pedag\u00f3gica y espiritual, que viene publicando en distintas revistas nacionales e internacionales. En 2012 culmin\u00f3 el santoral Llamados a ser santos y poco m\u00e1s tarde Epopeyas de amor prologado por mons. Fernando Sebasti\u00e1n. Es la bi\u00f3grafa oficial del fundador de su familia espiritual, autora de Fernando Rielo Pardal. Fundador de los Misioneros Identes, Descl\u00e9e de Brouwer, Bilbao, 2009. Culmina la biograf\u00eda completa. Encargada del santoral de ZENIT desde 2012 a 2020 y ahora en Exaudi\",\"url\":\"https:\\\/\\\/exaudi.org\\\/es\\\/author\\\/isabelorellana\\\/\"}]}<\/script>\n<!-- \/ Yoast SEO plugin. -->","yoast_head_json":{"title":"San Ludovico Pavoni, 1 de abril - Exaudi Espa\u00f1a","description":"Santoral del 1 de abril sobre San Ludovico Pavoni, por Isabel Orellana Vilches y la Fundaci\u00f3n Fernando Rielo","robots":{"index":"index","follow":"follow","max-snippet":"max-snippet:-1","max-image-preview":"max-image-preview:large","max-video-preview":"max-video-preview:-1"},"canonical":"https:\/\/exaudi.org\/es\/san-ludovico-pavoni-1-abril\/","og_locale":"es_ES","og_type":"article","og_title":"San Ludovico Pavoni, 1 de abril - Exaudi Espa\u00f1a","og_description":"Santoral del 1 de abril sobre San Ludovico Pavoni, por Isabel Orellana Vilches y la Fundaci\u00f3n Fernando Rielo","og_url":"https:\/\/exaudi.org\/es\/san-ludovico-pavoni-1-abril\/","og_site_name":"Exaudi","article_publisher":"https:\/\/www.facebook.com\/ExaudiNews","article_published_time":"2026-04-01T05:30:36+00:00","og_image":[{"width":910,"height":512,"url":"https:\/\/exaudi.org\/wp-content\/uploads\/2025\/04\/st-lodovico-pavoni-with-children-art-1.jpg","type":"image\/jpeg"}],"author":"Isabel Orellana","twitter_card":"summary_large_image","twitter_creator":"@Exaudi_News","twitter_site":"@Exaudi_News","twitter_misc":{"Escrito por":"Isabel Orellana","Tiempo de lectura":"6 minutos"},"schema":{"@context":"https:\/\/schema.org","@graph":[{"@type":"Article","@id":"https:\/\/exaudi.org\/es\/san-ludovico-pavoni-1-abril\/#article","isPartOf":{"@id":"https:\/\/exaudi.org\/es\/san-ludovico-pavoni-1-abril\/"},"author":{"name":"Isabel Orellana","@id":"https:\/\/exaudi.org\/#\/schema\/person\/64e18b96fd6118559a9217b5b3375fdc"},"headline":"San Ludovico Pavoni, 1 de abril","datePublished":"2026-04-01T05:30:36+00:00","mainEntityOfPage":{"@id":"https:\/\/exaudi.org\/es\/san-ludovico-pavoni-1-abril\/"},"wordCount":1124,"image":{"@id":"https:\/\/exaudi.org\/es\/san-ludovico-pavoni-1-abril\/#primaryimage"},"thumbnailUrl":"https:\/\/exaudi.org\/wp-content\/uploads\/2025\/04\/st-lodovico-pavoni-with-children-art-1.jpg","keywords":["Isabel Orellana Vilches","San Ludovico Pavoni","Santoral","Trending"],"articleSection":["Iglesia y Mundo","Santoral"],"inLanguage":"es"},{"@type":"WebPage","@id":"https:\/\/exaudi.org\/es\/san-ludovico-pavoni-1-abril\/","url":"https:\/\/exaudi.org\/es\/san-ludovico-pavoni-1-abril\/","name":"San Ludovico Pavoni, 1 de abril - Exaudi Espa\u00f1a","isPartOf":{"@id":"https:\/\/exaudi.org\/#website"},"primaryImageOfPage":{"@id":"https:\/\/exaudi.org\/es\/san-ludovico-pavoni-1-abril\/#primaryimage"},"image":{"@id":"https:\/\/exaudi.org\/es\/san-ludovico-pavoni-1-abril\/#primaryimage"},"thumbnailUrl":"https:\/\/exaudi.org\/wp-content\/uploads\/2025\/04\/st-lodovico-pavoni-with-children-art-1.jpg","datePublished":"2026-04-01T05:30:36+00:00","author":{"@id":"https:\/\/exaudi.org\/#\/schema\/person\/64e18b96fd6118559a9217b5b3375fdc"},"description":"Santoral del 1 de abril sobre San Ludovico Pavoni, por Isabel Orellana Vilches y la Fundaci\u00f3n Fernando Rielo","breadcrumb":{"@id":"https:\/\/exaudi.org\/es\/san-ludovico-pavoni-1-abril\/#breadcrumb"},"inLanguage":"es","potentialAction":[{"@type":"ReadAction","target":["https:\/\/exaudi.org\/es\/san-ludovico-pavoni-1-abril\/"]}]},{"@type":"ImageObject","inLanguage":"es","@id":"https:\/\/exaudi.org\/es\/san-ludovico-pavoni-1-abril\/#primaryimage","url":"https:\/\/exaudi.org\/wp-content\/uploads\/2025\/04\/st-lodovico-pavoni-with-children-art-1.jpg","contentUrl":"https:\/\/exaudi.org\/wp-content\/uploads\/2025\/04\/st-lodovico-pavoni-with-children-art-1.jpg","width":910,"height":512},{"@type":"BreadcrumbList","@id":"https:\/\/exaudi.org\/es\/san-ludovico-pavoni-1-abril\/#breadcrumb","itemListElement":[{"@type":"ListItem","position":1,"name":"Portada","item":"https:\/\/exaudi.org\/es\/"},{"@type":"ListItem","position":2,"name":"San Ludovico Pavoni, 1 de abril"}]},{"@type":"WebSite","@id":"https:\/\/exaudi.org\/#website","url":"https:\/\/exaudi.org\/","name":"Exaudi","description":"News","potentialAction":[{"@type":"SearchAction","target":{"@type":"EntryPoint","urlTemplate":"https:\/\/exaudi.org\/?s={search_term_string}"},"query-input":{"@type":"PropertyValueSpecification","valueRequired":true,"valueName":"search_term_string"}}],"inLanguage":"es"},{"@type":"Person","@id":"https:\/\/exaudi.org\/#\/schema\/person\/64e18b96fd6118559a9217b5b3375fdc","name":"Isabel Orellana","image":{"@type":"ImageObject","inLanguage":"es","@id":"https:\/\/secure.gravatar.com\/avatar\/51968380bbb6b22ae85c605634860366fd9a2a611c6341125115bca32cd6c171?s=96&d=mm&r=g","url":"https:\/\/secure.gravatar.com\/avatar\/51968380bbb6b22ae85c605634860366fd9a2a611c6341125115bca32cd6c171?s=96&d=mm&r=g","contentUrl":"https:\/\/secure.gravatar.com\/avatar\/51968380bbb6b22ae85c605634860366fd9a2a611c6341125115bca32cd6c171?s=96&d=mm&r=g","caption":"Isabel Orellana"},"description":"Isabel Orellana Vilches Misionera idente. Doctora en Filosof\u00eda por la Universidad Aut\u00f3noma de Barcelona con la tesis Realismo y progreso cient\u00edfico en la epistemolog\u00eda popperiana. Ha cursado estudios de teolog\u00eda en la Universidad Pontificia de Salamanca. Con amplia actividad docente desde 1986, ha publicado libros como: Realismo y progreso cient\u00edfico en la epistemolog\u00eda popperiana, Universitat Aut\u00f2noma de Barcelona, 1993; El evangelio habla a los j\u00f3venes, Atenas, Madrid, 1997; Qu\u00e9 es... LA TOLERANCIA, Paulinas, Madrid, 1999; Pedagog\u00eda del dolor. Ensayo antropol\u00f3gico, Palabra, Madrid, 1999; En colaboraci\u00f3n con Enrique Rivera de Ventosa (\u2020) OFM. Cap. San Francisco de As\u00eds y Fernando Rielo: Convergencias. Respuestas desde la fe a los interrogantes del hombre de hoy, Universidad Pontificia, Salamanca, 2001; La \"mirada\" del cine. Recursos did\u00e1cticos del s\u00e9ptimo arte. Librer\u00eda Cervantes, Salamanca, 2001; Paradojas de la convivencia, San Pablo, Madrid, 2002; En la Universidad T\u00e9cnica Particular de Loja, Ecuador, ha publicado: La confianza. El arte de amar, 2002; Educar para la responsabilidad, 2003; Apuntes de \u00e9tica en Karl R. Popper, 2003; De soledades y comunicaci\u00f3n, 2005; Yo educo; t\u00fa respondes, 2008; Humanismo y fe en un crisol de culturas, 2008; Repensar lo cotidiano, 2008; Convivir: un constante desaf\u00edo, 2009; La l\u00f3gica del amor, 2010; El dolor del amor. Apuntes sobre la enfermedad y el dolor en relaci\u00f3n con la virtud heroica, el martirio y la vida santa. Seminario Diocesano de M\u00e1laga, 2006 y Universidad T\u00e9cnica Particular de Loja, Ecuador (2007). Cuenta con numerosas colaboraciones en obras colectivas, as\u00ed como relatos, cuentos, f\u00e1bula y novela juvenil, adem\u00e1s de art\u00edculos de tem\u00e1tica cient\u00edfica, pedag\u00f3gica y espiritual, que viene publicando en distintas revistas nacionales e internacionales. En 2012 culmin\u00f3 el santoral Llamados a ser santos y poco m\u00e1s tarde Epopeyas de amor prologado por mons. Fernando Sebasti\u00e1n. Es la bi\u00f3grafa oficial del fundador de su familia espiritual, autora de Fernando Rielo Pardal. Fundador de los Misioneros Identes, Descl\u00e9e de Brouwer, Bilbao, 2009. Culmina la biograf\u00eda completa. Encargada del santoral de ZENIT desde 2012 a 2020 y ahora en Exaudi","url":"https:\/\/exaudi.org\/es\/author\/isabelorellana\/"}]}},"jetpack_featured_media_url":"https:\/\/exaudi.org\/wp-content\/uploads\/2025\/04\/st-lodovico-pavoni-with-children-art-1.jpg","jetpack_shortlink":"https:\/\/wp.me\/pgKjF2-2jc","_links":{"self":[{"href":"https:\/\/exaudi.org\/es\/wp-json\/wp\/v2\/posts\/8878","targetHints":{"allow":["GET"]}}],"collection":[{"href":"https:\/\/exaudi.org\/es\/wp-json\/wp\/v2\/posts"}],"about":[{"href":"https:\/\/exaudi.org\/es\/wp-json\/wp\/v2\/types\/post"}],"author":[{"embeddable":true,"href":"https:\/\/exaudi.org\/es\/wp-json\/wp\/v2\/users\/23"}],"replies":[{"embeddable":true,"href":"https:\/\/exaudi.org\/es\/wp-json\/wp\/v2\/comments?post=8878"}],"version-history":[{"count":1,"href":"https:\/\/exaudi.org\/es\/wp-json\/wp\/v2\/posts\/8878\/revisions"}],"predecessor-version":[{"id":162223,"href":"https:\/\/exaudi.org\/es\/wp-json\/wp\/v2\/posts\/8878\/revisions\/162223"}],"wp:featuredmedia":[{"embeddable":true,"href":"https:\/\/exaudi.org\/es\/wp-json\/wp\/v2\/media\/122585"}],"wp:attachment":[{"href":"https:\/\/exaudi.org\/es\/wp-json\/wp\/v2\/media?parent=8878"}],"wp:term":[{"taxonomy":"category","embeddable":true,"href":"https:\/\/exaudi.org\/es\/wp-json\/wp\/v2\/categories?post=8878"},{"taxonomy":"post_tag","embeddable":true,"href":"https:\/\/exaudi.org\/es\/wp-json\/wp\/v2\/tags?post=8878"}],"curies":[{"name":"wp","href":"https:\/\/api.w.org\/{rel}","templated":true}]}}