{"id":88777,"date":"2023-11-25T11:41:56","date_gmt":"2023-11-25T10:41:56","guid":{"rendered":"https:\/\/exaudi.org\/?p=88777"},"modified":"2023-11-25T11:41:56","modified_gmt":"2023-11-25T10:41:56","slug":"republica-del-congo-tragedia-en-un-acto-de-reclutamiento-militar","status":"publish","type":"post","link":"https:\/\/exaudi.org\/es\/republica-del-congo-tragedia-en-un-acto-de-reclutamiento-militar\/","title":{"rendered":"Rep\u00fablica del Congo: tragedia en un acto de reclutamiento militar"},"content":{"rendered":"<p>El incidente que tuvo lugar en el estadio de Ornano durante una operaci\u00f3n de reclutamiento del Ej\u00e9rcito de la Rep\u00fablica del Congo es una tragedia que caus\u00f3 la muerte de al menos 37 personas y heridas a otras 200. Se trata de un suceso muy lamentable que debe hacernos reflexionar sobre las medidas de seguridad que deben tomarse en este tipo de eventos.<\/p>\n<p>Seg\u00fan las primeras informaciones, el incidente se produjo cuando los j\u00f3venes que se hab\u00edan presentado al reclutamiento empezaron a empujarse y a correr para intentar ser los primeros en ser seleccionados. Esto provoc\u00f3 una estampida en la que murieron muchas personas.<\/p>\n<p>Publicamos a continuaci\u00f3n el telegrama de p\u00e9same por las v\u00edctimas del accidente ocurrido en el estadio de Brazzaville, Rep\u00fablica del Congo, enviado -en nombre del Santo Padre Francisco- por el Cardenal Secretario de Estado, Pietro Parolin, al Presidente de la Conferencia Episcopal del pa\u00eds, S.E. Mons. Bienvenu Manamika Bafouakouahou, Arzobispo Metropolitano de Brazzaville:<\/p>\n<p>***<\/p>\n<h3><strong>Telegrama<\/strong><\/h3>\n<p>A SU EXCELENCIA<br \/>\nMONSE\u00d1OR BIENVENU MANAMIKA BAFOUAKOUAHOU<br \/>\nPRESIDENTE DE LA CEC<br \/>\nBRAZZAVILLE<\/p>\n<p>ANTE EL TR\u00c1GICO ACCIDENTE OCURRIDO EN EL ESTADIO DE ORNANO DURANTE UNA OPERACI\u00d3N DE RECLUTAMIENTO DEL EJ\u00c9RCITO, EL SANTO PADRE FRANCISCO ME HA ENCARGADO QUE ASEGURE A LAS FAMILIAS Y A LOS ALLEGADOS DE LOS FALLECIDOS SU PROXIMIDAD ESPIRITUAL. PIDE ENCARECIDAMENTE QUE SE CONCEDA A LAS PERSONAS DESAPARECIDAS EL BIEN ETERNO Y QUE SE APOYE A LAS FAMILIAS EN EL DOLOR Y EN LA TRISTEZA, INVITANDO A TODOS A UNA GRAN SOLIDARIDAD FRATERNA Y ESPIRITUAL CON TODOS LOS QUE EST\u00c1N EN PELIGRO. RINDE HOMENAJE A TODAS LAS PERSONAS QUE AYUDAN A LOS J\u00d3VENES EN DIFICULTAD. PARA TODOS, IMPLORA LAS BENDICIONES DEL TODOPODEROSO.<\/p>\n<p>CARDENAL PIETRO PAROLIN<br \/>\nSECRETARIO DE ESTADO DE SANIDAD<\/p>\n","protected":false},"excerpt":{"rendered":"<p>Telegrama del Papa por las v\u00edctimas del accidente del estadio de Brazzaville<\/p>\n","protected":false},"author":15,"featured_media":88778,"comment_status":"closed","ping_status":"closed","sticky":false,"template":"","format":"standard","meta":{"_acf_changed":false,"_crdt_document":"","inline_featured_image":false,"footnotes":""},"categories":[68],"tags":[158,11113,4616,315,4953],"class_list":["post-88777","post","type-post","status-publish","format-standard","has-post-thumbnail","hentry","category-leon-xiv","tag-papa-francisco","tag-reclutamiento-militar","tag-republica-del-congo","tag-telegrama","tag-trending-es"],"acf":[],"yoast_head":"<!-- This site is optimized with the Yoast SEO plugin v27.4 - https:\/\/yoast.com\/product\/yoast-seo-wordpress\/ -->\n<title>Rep\u00fablica del Congo: tragedia en un acto de reclutamiento militar &#8211; Exaudi<\/title>\n<meta name=\"robots\" content=\"index, follow, max-snippet:-1, max-image-preview:large, max-video-preview:-1\" \/>\n<link rel=\"canonical\" href=\"https:\/\/exaudi.org\/es\/republica-del-congo-tragedia-en-un-acto-de-reclutamiento-militar\/\" \/>\n<meta property=\"og:locale\" content=\"es_ES\" \/>\n<meta property=\"og:type\" content=\"article\" \/>\n<meta property=\"og:title\" content=\"Rep\u00fablica del Congo: tragedia en un acto de reclutamiento militar &#8211; Exaudi\" \/>\n<meta property=\"og:description\" content=\"Telegrama del Papa por las v\u00edctimas del accidente del estadio de Brazzaville\" \/>\n<meta property=\"og:url\" content=\"https:\/\/exaudi.org\/es\/republica-del-congo-tragedia-en-un-acto-de-reclutamiento-militar\/\" \/>\n<meta property=\"og:site_name\" content=\"Exaudi\" \/>\n<meta property=\"article:publisher\" content=\"https:\/\/www.facebook.com\/ExaudiNews\" \/>\n<meta property=\"article:author\" content=\"https:\/\/www.facebook.com\/ExaudiNoticias\/\" \/>\n<meta property=\"article:published_time\" content=\"2023-11-25T10:41:56+00:00\" \/>\n<meta property=\"og:image\" content=\"https:\/\/exaudi.org\/wp-content\/uploads\/2023\/11\/cq5dam.thumbnail.cropped.1500.844-8.jpeg\" \/>\n\t<meta property=\"og:image:width\" content=\"1500\" \/>\n\t<meta property=\"og:image:height\" content=\"844\" \/>\n\t<meta property=\"og:image:type\" content=\"image\/jpeg\" \/>\n<meta name=\"author\" content=\"Exaudi Redacci\u00f3n\" \/>\n<meta name=\"twitter:card\" content=\"summary_large_image\" \/>\n<meta name=\"twitter:creator\" content=\"@Exaudi_noticias\" \/>\n<meta name=\"twitter:site\" content=\"@Exaudi_News\" \/>\n<meta name=\"twitter:label1\" content=\"Escrito por\" \/>\n\t<meta name=\"twitter:data1\" content=\"Exaudi Redacci\u00f3n\" \/>\n\t<meta name=\"twitter:label2\" content=\"Tiempo de lectura\" \/>\n\t<meta name=\"twitter:data2\" content=\"1 minuto\" \/>\n<script type=\"application\/ld+json\" class=\"yoast-schema-graph\">{\"@context\":\"https:\\\/\\\/schema.org\",\"@graph\":[{\"@type\":\"Article\",\"@id\":\"https:\\\/\\\/exaudi.org\\\/es\\\/republica-del-congo-tragedia-en-un-acto-de-reclutamiento-militar\\\/#article\",\"isPartOf\":{\"@id\":\"https:\\\/\\\/exaudi.org\\\/es\\\/republica-del-congo-tragedia-en-un-acto-de-reclutamiento-militar\\\/\"},\"author\":{\"name\":\"Exaudi Redacci\u00f3n\",\"@id\":\"https:\\\/\\\/exaudi.org\\\/#\\\/schema\\\/person\\\/f5fc8f063065e38742da7afe15f25df7\"},\"headline\":\"Rep\u00fablica del Congo: tragedia en un acto de reclutamiento militar\",\"datePublished\":\"2023-11-25T10:41:56+00:00\",\"mainEntityOfPage\":{\"@id\":\"https:\\\/\\\/exaudi.org\\\/es\\\/republica-del-congo-tragedia-en-un-acto-de-reclutamiento-militar\\\/\"},\"wordCount\":307,\"image\":{\"@id\":\"https:\\\/\\\/exaudi.org\\\/es\\\/republica-del-congo-tragedia-en-un-acto-de-reclutamiento-militar\\\/#primaryimage\"},\"thumbnailUrl\":\"https:\\\/\\\/exaudi.org\\\/wp-content\\\/uploads\\\/2023\\\/11\\\/cq5dam.thumbnail.cropped.1500.844-8.jpeg\",\"keywords\":[\"papa francisco\",\"reclutamiento militar\",\"Rep\u00fablica del Congo\",\"Telegrama\",\"Trending\"],\"articleSection\":[\"Le\u00f3n XIV\"],\"inLanguage\":\"es\"},{\"@type\":\"WebPage\",\"@id\":\"https:\\\/\\\/exaudi.org\\\/es\\\/republica-del-congo-tragedia-en-un-acto-de-reclutamiento-militar\\\/\",\"url\":\"https:\\\/\\\/exaudi.org\\\/es\\\/republica-del-congo-tragedia-en-un-acto-de-reclutamiento-militar\\\/\",\"name\":\"Rep\u00fablica del Congo: tragedia en un acto de reclutamiento militar &#8211; Exaudi\",\"isPartOf\":{\"@id\":\"https:\\\/\\\/exaudi.org\\\/#website\"},\"primaryImageOfPage\":{\"@id\":\"https:\\\/\\\/exaudi.org\\\/es\\\/republica-del-congo-tragedia-en-un-acto-de-reclutamiento-militar\\\/#primaryimage\"},\"image\":{\"@id\":\"https:\\\/\\\/exaudi.org\\\/es\\\/republica-del-congo-tragedia-en-un-acto-de-reclutamiento-militar\\\/#primaryimage\"},\"thumbnailUrl\":\"https:\\\/\\\/exaudi.org\\\/wp-content\\\/uploads\\\/2023\\\/11\\\/cq5dam.thumbnail.cropped.1500.844-8.jpeg\",\"datePublished\":\"2023-11-25T10:41:56+00:00\",\"author\":{\"@id\":\"https:\\\/\\\/exaudi.org\\\/#\\\/schema\\\/person\\\/f5fc8f063065e38742da7afe15f25df7\"},\"breadcrumb\":{\"@id\":\"https:\\\/\\\/exaudi.org\\\/es\\\/republica-del-congo-tragedia-en-un-acto-de-reclutamiento-militar\\\/#breadcrumb\"},\"inLanguage\":\"es\",\"potentialAction\":[{\"@type\":\"ReadAction\",\"target\":[\"https:\\\/\\\/exaudi.org\\\/es\\\/republica-del-congo-tragedia-en-un-acto-de-reclutamiento-militar\\\/\"]}]},{\"@type\":\"ImageObject\",\"inLanguage\":\"es\",\"@id\":\"https:\\\/\\\/exaudi.org\\\/es\\\/republica-del-congo-tragedia-en-un-acto-de-reclutamiento-militar\\\/#primaryimage\",\"url\":\"https:\\\/\\\/exaudi.org\\\/wp-content\\\/uploads\\\/2023\\\/11\\\/cq5dam.thumbnail.cropped.1500.844-8.jpeg\",\"contentUrl\":\"https:\\\/\\\/exaudi.org\\\/wp-content\\\/uploads\\\/2023\\\/11\\\/cq5dam.thumbnail.cropped.1500.844-8.jpeg\",\"width\":1500,\"height\":844,\"caption\":\"Vatican Media\"},{\"@type\":\"BreadcrumbList\",\"@id\":\"https:\\\/\\\/exaudi.org\\\/es\\\/republica-del-congo-tragedia-en-un-acto-de-reclutamiento-militar\\\/#breadcrumb\",\"itemListElement\":[{\"@type\":\"ListItem\",\"position\":1,\"name\":\"Portada\",\"item\":\"https:\\\/\\\/exaudi.org\\\/es\\\/\"},{\"@type\":\"ListItem\",\"position\":2,\"name\":\"Rep\u00fablica del Congo: tragedia en un acto de reclutamiento militar\"}]},{\"@type\":\"WebSite\",\"@id\":\"https:\\\/\\\/exaudi.org\\\/#website\",\"url\":\"https:\\\/\\\/exaudi.org\\\/\",\"name\":\"Exaudi\",\"description\":\"News\",\"potentialAction\":[{\"@type\":\"SearchAction\",\"target\":{\"@type\":\"EntryPoint\",\"urlTemplate\":\"https:\\\/\\\/exaudi.org\\\/?s={search_term_string}\"},\"query-input\":{\"@type\":\"PropertyValueSpecification\",\"valueRequired\":true,\"valueName\":\"search_term_string\"}}],\"inLanguage\":\"es\"},{\"@type\":\"Person\",\"@id\":\"https:\\\/\\\/exaudi.org\\\/#\\\/schema\\\/person\\\/f5fc8f063065e38742da7afe15f25df7\",\"name\":\"Exaudi Redacci\u00f3n\",\"image\":{\"@type\":\"ImageObject\",\"inLanguage\":\"es\",\"@id\":\"https:\\\/\\\/secure.gravatar.com\\\/avatar\\\/fe0f6a059fb68d9b3e11bc5850dd4899b1c7492091a3cb6dd9b01b56ad828be2?s=96&d=mm&r=g\",\"url\":\"https:\\\/\\\/secure.gravatar.com\\\/avatar\\\/fe0f6a059fb68d9b3e11bc5850dd4899b1c7492091a3cb6dd9b01b56ad828be2?s=96&d=mm&r=g\",\"contentUrl\":\"https:\\\/\\\/secure.gravatar.com\\\/avatar\\\/fe0f6a059fb68d9b3e11bc5850dd4899b1c7492091a3cb6dd9b01b56ad828be2?s=96&d=mm&r=g\",\"caption\":\"Exaudi Redacci\u00f3n\"},\"description\":\"\u00bfQu\u00e9 es Exaudi News? Exaudi News es un medio de comunicaci\u00f3n cat\u00f3lico internacional que informa, forma y transforma, diariamente en espa\u00f1ol, ingl\u00e9s e italiano. A trav\u00e9s de noticias, art\u00edculos de an\u00e1lisis y transmisiones en directo de los eventos del Papa, Exaudi busca fortalecer la unidad de los cristianos y contribuir a la evangelizaci\u00f3n del mundo, siempre guiados por la doctrina social de la Iglesia. Trabajamos para acercar la verdad y los valores cristianos a cada rinc\u00f3n del planeta. \u00a1Ay\u00fadanos a transformar el mundo con Exaudi! En Exaudi creemos que la evangelizaci\u00f3n y la informaci\u00f3n de calidad pueden cambiar vidas. Para continuar con nuestra misi\u00f3n y expandir nuestro alcance, necesitamos tu ayuda. Adem\u00e1s, buscamos personas comprometidas que deseen unirse a nuestro equipo. Con tu apoyo, lograremos llegar a m\u00e1s personas, difundir el mensaje de Cristo y reforzar la unidad de los cristianos. \u00bfTe unes a nuestra misi\u00f3n? Para m\u00e1s informaci\u00f3n sobre c\u00f3mo colaborar, visita Exaudi.org\\\/es o cont\u00e1ctanos directamente: info@exaudi.org Exaudi: Informa, forma y transforma.\",\"sameAs\":[\"https:\\\/\\\/www.facebook.com\\\/ExaudiNoticias\\\/\",\"https:\\\/\\\/www.instagram.com\\\/exaudi_noticias\\\/\",\"https:\\\/\\\/x.com\\\/Exaudi_noticias\",\"https:\\\/\\\/www.youtube.com\\\/@exaudicatholicnews\"],\"url\":\"https:\\\/\\\/exaudi.org\\\/es\\\/author\\\/redaccionexaudi\\\/\"}]}<\/script>\n<!-- \/ Yoast SEO plugin. -->","yoast_head_json":{"title":"Rep\u00fablica del Congo: tragedia en un acto de reclutamiento militar &#8211; Exaudi","robots":{"index":"index","follow":"follow","max-snippet":"max-snippet:-1","max-image-preview":"max-image-preview:large","max-video-preview":"max-video-preview:-1"},"canonical":"https:\/\/exaudi.org\/es\/republica-del-congo-tragedia-en-un-acto-de-reclutamiento-militar\/","og_locale":"es_ES","og_type":"article","og_title":"Rep\u00fablica del Congo: tragedia en un acto de reclutamiento militar &#8211; Exaudi","og_description":"Telegrama del Papa por las v\u00edctimas del accidente del estadio de Brazzaville","og_url":"https:\/\/exaudi.org\/es\/republica-del-congo-tragedia-en-un-acto-de-reclutamiento-militar\/","og_site_name":"Exaudi","article_publisher":"https:\/\/www.facebook.com\/ExaudiNews","article_author":"https:\/\/www.facebook.com\/ExaudiNoticias\/","article_published_time":"2023-11-25T10:41:56+00:00","og_image":[{"width":1500,"height":844,"url":"https:\/\/exaudi.org\/wp-content\/uploads\/2023\/11\/cq5dam.thumbnail.cropped.1500.844-8.jpeg","type":"image\/jpeg"}],"author":"Exaudi Redacci\u00f3n","twitter_card":"summary_large_image","twitter_creator":"@Exaudi_noticias","twitter_site":"@Exaudi_News","twitter_misc":{"Escrito por":"Exaudi Redacci\u00f3n","Tiempo de lectura":"1 minuto"},"schema":{"@context":"https:\/\/schema.org","@graph":[{"@type":"Article","@id":"https:\/\/exaudi.org\/es\/republica-del-congo-tragedia-en-un-acto-de-reclutamiento-militar\/#article","isPartOf":{"@id":"https:\/\/exaudi.org\/es\/republica-del-congo-tragedia-en-un-acto-de-reclutamiento-militar\/"},"author":{"name":"Exaudi Redacci\u00f3n","@id":"https:\/\/exaudi.org\/#\/schema\/person\/f5fc8f063065e38742da7afe15f25df7"},"headline":"Rep\u00fablica del Congo: tragedia en un acto de reclutamiento militar","datePublished":"2023-11-25T10:41:56+00:00","mainEntityOfPage":{"@id":"https:\/\/exaudi.org\/es\/republica-del-congo-tragedia-en-un-acto-de-reclutamiento-militar\/"},"wordCount":307,"image":{"@id":"https:\/\/exaudi.org\/es\/republica-del-congo-tragedia-en-un-acto-de-reclutamiento-militar\/#primaryimage"},"thumbnailUrl":"https:\/\/exaudi.org\/wp-content\/uploads\/2023\/11\/cq5dam.thumbnail.cropped.1500.844-8.jpeg","keywords":["papa francisco","reclutamiento militar","Rep\u00fablica del Congo","Telegrama","Trending"],"articleSection":["Le\u00f3n XIV"],"inLanguage":"es"},{"@type":"WebPage","@id":"https:\/\/exaudi.org\/es\/republica-del-congo-tragedia-en-un-acto-de-reclutamiento-militar\/","url":"https:\/\/exaudi.org\/es\/republica-del-congo-tragedia-en-un-acto-de-reclutamiento-militar\/","name":"Rep\u00fablica del Congo: tragedia en un acto de reclutamiento militar &#8211; Exaudi","isPartOf":{"@id":"https:\/\/exaudi.org\/#website"},"primaryImageOfPage":{"@id":"https:\/\/exaudi.org\/es\/republica-del-congo-tragedia-en-un-acto-de-reclutamiento-militar\/#primaryimage"},"image":{"@id":"https:\/\/exaudi.org\/es\/republica-del-congo-tragedia-en-un-acto-de-reclutamiento-militar\/#primaryimage"},"thumbnailUrl":"https:\/\/exaudi.org\/wp-content\/uploads\/2023\/11\/cq5dam.thumbnail.cropped.1500.844-8.jpeg","datePublished":"2023-11-25T10:41:56+00:00","author":{"@id":"https:\/\/exaudi.org\/#\/schema\/person\/f5fc8f063065e38742da7afe15f25df7"},"breadcrumb":{"@id":"https:\/\/exaudi.org\/es\/republica-del-congo-tragedia-en-un-acto-de-reclutamiento-militar\/#breadcrumb"},"inLanguage":"es","potentialAction":[{"@type":"ReadAction","target":["https:\/\/exaudi.org\/es\/republica-del-congo-tragedia-en-un-acto-de-reclutamiento-militar\/"]}]},{"@type":"ImageObject","inLanguage":"es","@id":"https:\/\/exaudi.org\/es\/republica-del-congo-tragedia-en-un-acto-de-reclutamiento-militar\/#primaryimage","url":"https:\/\/exaudi.org\/wp-content\/uploads\/2023\/11\/cq5dam.thumbnail.cropped.1500.844-8.jpeg","contentUrl":"https:\/\/exaudi.org\/wp-content\/uploads\/2023\/11\/cq5dam.thumbnail.cropped.1500.844-8.jpeg","width":1500,"height":844,"caption":"Vatican Media"},{"@type":"BreadcrumbList","@id":"https:\/\/exaudi.org\/es\/republica-del-congo-tragedia-en-un-acto-de-reclutamiento-militar\/#breadcrumb","itemListElement":[{"@type":"ListItem","position":1,"name":"Portada","item":"https:\/\/exaudi.org\/es\/"},{"@type":"ListItem","position":2,"name":"Rep\u00fablica del Congo: tragedia en un acto de reclutamiento militar"}]},{"@type":"WebSite","@id":"https:\/\/exaudi.org\/#website","url":"https:\/\/exaudi.org\/","name":"Exaudi","description":"News","potentialAction":[{"@type":"SearchAction","target":{"@type":"EntryPoint","urlTemplate":"https:\/\/exaudi.org\/?s={search_term_string}"},"query-input":{"@type":"PropertyValueSpecification","valueRequired":true,"valueName":"search_term_string"}}],"inLanguage":"es"},{"@type":"Person","@id":"https:\/\/exaudi.org\/#\/schema\/person\/f5fc8f063065e38742da7afe15f25df7","name":"Exaudi Redacci\u00f3n","image":{"@type":"ImageObject","inLanguage":"es","@id":"https:\/\/secure.gravatar.com\/avatar\/fe0f6a059fb68d9b3e11bc5850dd4899b1c7492091a3cb6dd9b01b56ad828be2?s=96&d=mm&r=g","url":"https:\/\/secure.gravatar.com\/avatar\/fe0f6a059fb68d9b3e11bc5850dd4899b1c7492091a3cb6dd9b01b56ad828be2?s=96&d=mm&r=g","contentUrl":"https:\/\/secure.gravatar.com\/avatar\/fe0f6a059fb68d9b3e11bc5850dd4899b1c7492091a3cb6dd9b01b56ad828be2?s=96&d=mm&r=g","caption":"Exaudi Redacci\u00f3n"},"description":"\u00bfQu\u00e9 es Exaudi News? Exaudi News es un medio de comunicaci\u00f3n cat\u00f3lico internacional que informa, forma y transforma, diariamente en espa\u00f1ol, ingl\u00e9s e italiano. A trav\u00e9s de noticias, art\u00edculos de an\u00e1lisis y transmisiones en directo de los eventos del Papa, Exaudi busca fortalecer la unidad de los cristianos y contribuir a la evangelizaci\u00f3n del mundo, siempre guiados por la doctrina social de la Iglesia. Trabajamos para acercar la verdad y los valores cristianos a cada rinc\u00f3n del planeta. \u00a1Ay\u00fadanos a transformar el mundo con Exaudi! En Exaudi creemos que la evangelizaci\u00f3n y la informaci\u00f3n de calidad pueden cambiar vidas. Para continuar con nuestra misi\u00f3n y expandir nuestro alcance, necesitamos tu ayuda. Adem\u00e1s, buscamos personas comprometidas que deseen unirse a nuestro equipo. Con tu apoyo, lograremos llegar a m\u00e1s personas, difundir el mensaje de Cristo y reforzar la unidad de los cristianos. \u00bfTe unes a nuestra misi\u00f3n? Para m\u00e1s informaci\u00f3n sobre c\u00f3mo colaborar, visita Exaudi.org\/es o cont\u00e1ctanos directamente: info@exaudi.org Exaudi: Informa, forma y transforma.","sameAs":["https:\/\/www.facebook.com\/ExaudiNoticias\/","https:\/\/www.instagram.com\/exaudi_noticias\/","https:\/\/x.com\/Exaudi_noticias","https:\/\/www.youtube.com\/@exaudicatholicnews"],"url":"https:\/\/exaudi.org\/es\/author\/redaccionexaudi\/"}]}},"jetpack_featured_media_url":"https:\/\/exaudi.org\/wp-content\/uploads\/2023\/11\/cq5dam.thumbnail.cropped.1500.844-8.jpeg","jetpack_shortlink":"https:\/\/wp.me\/pgKjF2-n5T","_links":{"self":[{"href":"https:\/\/exaudi.org\/es\/wp-json\/wp\/v2\/posts\/88777","targetHints":{"allow":["GET"]}}],"collection":[{"href":"https:\/\/exaudi.org\/es\/wp-json\/wp\/v2\/posts"}],"about":[{"href":"https:\/\/exaudi.org\/es\/wp-json\/wp\/v2\/types\/post"}],"author":[{"embeddable":true,"href":"https:\/\/exaudi.org\/es\/wp-json\/wp\/v2\/users\/15"}],"replies":[{"embeddable":true,"href":"https:\/\/exaudi.org\/es\/wp-json\/wp\/v2\/comments?post=88777"}],"version-history":[{"count":0,"href":"https:\/\/exaudi.org\/es\/wp-json\/wp\/v2\/posts\/88777\/revisions"}],"wp:featuredmedia":[{"embeddable":true,"href":"https:\/\/exaudi.org\/es\/wp-json\/wp\/v2\/media\/88778"}],"wp:attachment":[{"href":"https:\/\/exaudi.org\/es\/wp-json\/wp\/v2\/media?parent=88777"}],"wp:term":[{"taxonomy":"category","embeddable":true,"href":"https:\/\/exaudi.org\/es\/wp-json\/wp\/v2\/categories?post=88777"},{"taxonomy":"post_tag","embeddable":true,"href":"https:\/\/exaudi.org\/es\/wp-json\/wp\/v2\/tags?post=88777"}],"curies":[{"name":"wp","href":"https:\/\/api.w.org\/{rel}","templated":true}]}}