{"id":88632,"date":"2023-11-24T08:30:36","date_gmt":"2023-11-24T07:30:36","guid":{"rendered":"https:\/\/exaudi.org\/?p=88632"},"modified":"2023-11-24T11:59:44","modified_gmt":"2023-11-24T10:59:44","slug":"la-publicidad-y-la-persona","status":"publish","type":"post","link":"https:\/\/exaudi.org\/es\/la-publicidad-y-la-persona\/","title":{"rendered":"La publicidad y la persona"},"content":{"rendered":"<audio class=\"wp-audio-shortcode\" id=\"audio-88632-1\" preload=\"none\" style=\"width: 100%;\" controls=\"controls\"><source type=\"audio\/mpeg\" src=\"https:\/\/exaudi.org\/wp-content\/uploads\/2023\/11\/La-publicidad-y-la-persona.mp3?_=1\" \/><a href=\"https:\/\/exaudi.org\/wp-content\/uploads\/2023\/11\/La-publicidad-y-la-persona.mp3\">https:\/\/exaudi.org\/wp-content\/uploads\/2023\/11\/La-publicidad-y-la-persona.mp3<\/a><\/audio>\n<p>Llega la Navidad y con ella los anuncios de las marcas ic\u00f3nicas de toda la vida: El Almendro, Suchard, Loter\u00edas del Estado\u2026 todos nos recuerdan que debemos ir desempolvando el Bel\u00e9n y el \u00e1rbol y gestionando la agenda para intentar no morirnos en el intento de abarcar tanto evento.<\/p>\n<p>A\u00f1o tras a\u00f1o, veo como esos anuncios tratan y consiguen, llegar al coraz\u00f3n de muchos. Son las campa\u00f1as que m\u00e1s visualizaciones tienen y m\u00e1s conversaciones generan en redes y fuera de ellas.<\/p>\n<p>Y \u00bfPor qu\u00e9 nos emocionan? \u00bfPor qu\u00e9 tocan nuestro corazoncito? Pues lo hacen porque hablan de personas y a la persona. Porque hablan directos a la naturaleza del ser humano. A esa naturaleza que se quiere negar en un intento de deshumanizarnos, pero que ah\u00ed est\u00e1, aunque intenten convencernos de lo contrario y es que Dios nos ha hecho bien \u00bfno crees?<\/p>\n<p>Nos ha hecho vulnerables. Nos ha hecho limitados. Nos ha hecho peque\u00f1os \u2026 nos ha hecho perfectamente imperfectos y no pasa nada. Hemos sido tra\u00eddos a la vida para amar y ser amados y eso es un hecho. No es cuesti\u00f3n de fe. No es un tema de creer. Es la naturaleza misma de la persona, que para los que creemos, por supuesto, que habla y nos lleva a Dios pero para los que no la tienen tambi\u00e9n es un hecho y habla por ella misma. Esos anhelos inscritos en nuestro coraz\u00f3n de bondad, bien, verdad y amor ah\u00ed est\u00e1n.<\/p>\n<p>Los creativos publicitarios, a los que admiro profundamente despu\u00e9s de haber trabajado muchos a\u00f1os en el mundo de la agencia, saben que para impactar en la audiencia no hay nada mejor que llegar su \u201cyo\u201d profundo. A ese \u201cyo\u201d que anhela hacer las cosas bien. Que anhela que le quieran tal cual es y que quiere entregarse. A ese \u201cyo\u201d que quiere dejar su huella en este mundo y ser recordado por los suyos. A ese, s\u00ed, a ese yo que no puede vivir sin un t\u00fa porque es un ser relacional y hecho para el encuentro con el otro. A ese \u201cyo\u201d que viaja en busca del sentido de su vida, su para qu\u00e9.<\/p>\n<p>El anuncio del El Almendro todav\u00eda no lo he visto pero s\u00ed el de Suchard y el de Loter\u00edas. Tanto en uno como en el otro, se habla al espectador, de la importancia de dar importancia a lo importante, que no es otra cosa que la familia. Y esto que parece un trabalenguas, hoy en d\u00eda, parece que tambi\u00e9n se niega.<\/p>\n<p>\u201c\u00bfLo hemos hecho bien?\u201d Se preguntan los viejecitos del anuncio de la marca de turrones de Mondelez. Una historia en la que ellos van recordando y viendo pasar su vida Navidad tras Navidad y donde lo que aparecen son PERSONAS: sus seres queridos, su familia y esos momentos vividos junto a ellos. No aparecen muchos coches, muchos relojes, muchas casas, mucho dinero \u2026 y es que \u00bfqu\u00e9 define el que tu vida haya sido exitosa o buena? El mundo nos habla de acumular cosas, experiencias, dinero\u2026 pero es un hecho que un saco roto nunca podr\u00e1 llenarse. Podr\u00e1s intentar llenar tu vida de cosas superfluas y\/o materiales y, en realidad, ser muy pobre.<\/p>\n<p>En el anuncio, se habla de lo realmente vital: una vida con sentido es una vida vivida con amor y para el amor y entregada a otros. Eso es la familia. El lugar donde vivir entreg\u00e1ndonos unos a otros y haci\u00e9ndolo en verdad. Sin m\u00e1scaras y sin necesidad de aparentar nada. Tal cual somos.<\/p>\n<p>Y ah\u00ed, en esa sencillez, (que no f\u00e1cil), el anuncio ha hecho llorar a muchos.<\/p>\n<p>Te animo a que veas tambi\u00e9n el spot largo de Loter\u00edas de este a\u00f1o. Su t\u00edtulo es \u201cla suerte que tenemos\u201d. A m\u00ed me refuerza en la idea de la suerte que tengo.<\/p>\n<p>Suerte de saberme amada. De saberme \u00fanica e irrepetible. Muy peque\u00f1a y limitada, pero aun as\u00ed, la m\u00e1s querida.<\/p>\n<p>Suerte de saberme hija de Dios y de todo lo que me ha dado, empezando y terminando por mi familia. Y entre medias por todas las personas que pone en mi camino.<\/p>\n<p>Y antes de despedirme, me gustar\u00eda hacer un \u201ccaer en la cuenta\u201d y lo hago, para m\u00ed la primera. No olvidar por muchos eventos, mucha loter\u00eda y anuncios, regalos etc. lo que vamos a celebrar muy pronto: Dios se hace ni\u00f1o y viene al mundo a dar su vida por cada uno.<\/p>\n<p>No dejemos de decirlo. No dejemos que la Navidad se secularice y pierda su significado. Dios sin necesitarnos nos ha querido necesitar y nos ha puesto aqu\u00ed en este momento de la historia, en este lugar.<\/p>\n<p><em><strong>@sencillamentemarta<\/strong><\/em><\/p>\n<p><a href=\"https:\/\/open.spotify.com\/episode\/4nP8jymEEUkeZVYeAdaq6O?si=c6e5e242d57541e0\" target=\"_blank\" rel=\"noopener\"><em><strong>Spotify<\/strong><\/em><\/a><\/p>\n<p><img loading=\"lazy\" decoding=\"async\" class=\"size-full wp-image-88676 aligncenter\" src=\"https:\/\/exaudi.org\/wp-content\/uploads\/2023\/11\/Voces-Marta-L-1.jpg\" alt=\"\" width=\"940\" height=\"788\" srcset=\"https:\/\/exaudi.org\/wp-content\/uploads\/2023\/11\/Voces-Marta-L-1.jpg 940w, https:\/\/exaudi.org\/wp-content\/uploads\/2023\/11\/Voces-Marta-L-1-300x251.jpg 300w, https:\/\/exaudi.org\/wp-content\/uploads\/2023\/11\/Voces-Marta-L-1-770x645.jpg 770w, https:\/\/exaudi.org\/wp-content\/uploads\/2023\/11\/Voces-Marta-L-1-500x419.jpg 500w, https:\/\/exaudi.org\/wp-content\/uploads\/2023\/11\/Voces-Marta-L-1-293x246.jpg 293w, https:\/\/exaudi.org\/wp-content\/uploads\/2023\/11\/Voces-Marta-L-1-390x327.jpg 390w\" sizes=\"auto, (max-width: 940px) 100vw, 940px\" \/><\/p>\n<p>&nbsp;<\/p>\n","protected":false},"excerpt":{"rendered":"<p>Dios sin necesitarnos nos ha querido necesitar y nos ha puesto aqu\u00ed en este momento de la historia, en este lugar<\/p>\n","protected":false},"author":129,"featured_media":88633,"comment_status":"closed","ping_status":"closed","sticky":false,"template":"","format":"standard","meta":{"_acf_changed":false,"_crdt_document":"","inline_featured_image":false,"footnotes":""},"categories":[130],"tags":[11090,4700,7164,11089,4953],"class_list":["post-88632","post","type-post","status-publish","format-standard","has-post-thumbnail","hentry","category-voces","tag-anuncios","tag-navidad","tag-persona-3","tag-publicidad","tag-trending-es"],"acf":[],"yoast_head":"<!-- This site is optimized with the Yoast SEO plugin v27.4 - https:\/\/yoast.com\/product\/yoast-seo-wordpress\/ -->\n<title>La publicidad y la persona &#8211; Exaudi<\/title>\n<meta name=\"robots\" content=\"index, follow, max-snippet:-1, max-image-preview:large, max-video-preview:-1\" \/>\n<link rel=\"canonical\" href=\"https:\/\/exaudi.org\/es\/la-publicidad-y-la-persona\/\" \/>\n<meta property=\"og:locale\" content=\"es_ES\" \/>\n<meta property=\"og:type\" content=\"article\" \/>\n<meta property=\"og:title\" content=\"La publicidad y la persona &#8211; Exaudi\" \/>\n<meta property=\"og:description\" content=\"Dios sin necesitarnos nos ha querido necesitar y nos ha puesto aqu\u00ed en este momento de la historia, en este lugar\" \/>\n<meta property=\"og:url\" content=\"https:\/\/exaudi.org\/es\/la-publicidad-y-la-persona\/\" \/>\n<meta property=\"og:site_name\" content=\"Exaudi\" \/>\n<meta property=\"article:publisher\" content=\"https:\/\/www.facebook.com\/ExaudiNews\" \/>\n<meta property=\"article:published_time\" content=\"2023-11-24T07:30:36+00:00\" \/>\n<meta property=\"article:modified_time\" content=\"2023-11-24T10:59:44+00:00\" \/>\n<meta property=\"og:image\" content=\"https:\/\/exaudi.org\/wp-content\/uploads\/2023\/11\/60cbbce76204b6366f05a22e00d30b17.jpg\" \/>\n\t<meta property=\"og:image:width\" content=\"1151\" \/>\n\t<meta property=\"og:image:height\" content=\"1200\" \/>\n\t<meta property=\"og:image:type\" content=\"image\/jpeg\" \/>\n<meta name=\"author\" content=\"Marta Luquero\" \/>\n<meta name=\"twitter:card\" content=\"summary_large_image\" \/>\n<meta name=\"twitter:creator\" content=\"@Exaudi_News\" \/>\n<meta name=\"twitter:site\" content=\"@Exaudi_News\" \/>\n<meta name=\"twitter:label1\" content=\"Escrito por\" \/>\n\t<meta name=\"twitter:data1\" content=\"Marta Luquero\" \/>\n\t<meta name=\"twitter:label2\" content=\"Tiempo de lectura\" \/>\n\t<meta name=\"twitter:data2\" content=\"4 minutos\" \/>\n<script type=\"application\/ld+json\" class=\"yoast-schema-graph\">{\"@context\":\"https:\\\/\\\/schema.org\",\"@graph\":[{\"@type\":\"Article\",\"@id\":\"https:\\\/\\\/exaudi.org\\\/es\\\/la-publicidad-y-la-persona\\\/#article\",\"isPartOf\":{\"@id\":\"https:\\\/\\\/exaudi.org\\\/es\\\/la-publicidad-y-la-persona\\\/\"},\"author\":{\"name\":\"Marta Luquero\",\"@id\":\"https:\\\/\\\/exaudi.org\\\/#\\\/schema\\\/person\\\/593e679cdac2ac955cdf94fd77952021\"},\"headline\":\"La publicidad y la persona\",\"datePublished\":\"2023-11-24T07:30:36+00:00\",\"dateModified\":\"2023-11-24T10:59:44+00:00\",\"mainEntityOfPage\":{\"@id\":\"https:\\\/\\\/exaudi.org\\\/es\\\/la-publicidad-y-la-persona\\\/\"},\"wordCount\":825,\"image\":{\"@id\":\"https:\\\/\\\/exaudi.org\\\/es\\\/la-publicidad-y-la-persona\\\/#primaryimage\"},\"thumbnailUrl\":\"https:\\\/\\\/exaudi.org\\\/wp-content\\\/uploads\\\/2023\\\/11\\\/60cbbce76204b6366f05a22e00d30b17.jpg\",\"keywords\":[\"Anuncios\",\"navidad\",\"Persona\",\"Publicidad\",\"Trending\"],\"articleSection\":[\"Voces\"],\"inLanguage\":\"es\"},{\"@type\":\"WebPage\",\"@id\":\"https:\\\/\\\/exaudi.org\\\/es\\\/la-publicidad-y-la-persona\\\/\",\"url\":\"https:\\\/\\\/exaudi.org\\\/es\\\/la-publicidad-y-la-persona\\\/\",\"name\":\"La publicidad y la persona &#8211; Exaudi\",\"isPartOf\":{\"@id\":\"https:\\\/\\\/exaudi.org\\\/#website\"},\"primaryImageOfPage\":{\"@id\":\"https:\\\/\\\/exaudi.org\\\/es\\\/la-publicidad-y-la-persona\\\/#primaryimage\"},\"image\":{\"@id\":\"https:\\\/\\\/exaudi.org\\\/es\\\/la-publicidad-y-la-persona\\\/#primaryimage\"},\"thumbnailUrl\":\"https:\\\/\\\/exaudi.org\\\/wp-content\\\/uploads\\\/2023\\\/11\\\/60cbbce76204b6366f05a22e00d30b17.jpg\",\"datePublished\":\"2023-11-24T07:30:36+00:00\",\"dateModified\":\"2023-11-24T10:59:44+00:00\",\"author\":{\"@id\":\"https:\\\/\\\/exaudi.org\\\/#\\\/schema\\\/person\\\/593e679cdac2ac955cdf94fd77952021\"},\"breadcrumb\":{\"@id\":\"https:\\\/\\\/exaudi.org\\\/es\\\/la-publicidad-y-la-persona\\\/#breadcrumb\"},\"inLanguage\":\"es\",\"potentialAction\":[{\"@type\":\"ReadAction\",\"target\":[\"https:\\\/\\\/exaudi.org\\\/es\\\/la-publicidad-y-la-persona\\\/\"]}]},{\"@type\":\"ImageObject\",\"inLanguage\":\"es\",\"@id\":\"https:\\\/\\\/exaudi.org\\\/es\\\/la-publicidad-y-la-persona\\\/#primaryimage\",\"url\":\"https:\\\/\\\/exaudi.org\\\/wp-content\\\/uploads\\\/2023\\\/11\\\/60cbbce76204b6366f05a22e00d30b17.jpg\",\"contentUrl\":\"https:\\\/\\\/exaudi.org\\\/wp-content\\\/uploads\\\/2023\\\/11\\\/60cbbce76204b6366f05a22e00d30b17.jpg\",\"width\":1151,\"height\":1200,\"caption\":\"Fabio Marino\"},{\"@type\":\"BreadcrumbList\",\"@id\":\"https:\\\/\\\/exaudi.org\\\/es\\\/la-publicidad-y-la-persona\\\/#breadcrumb\",\"itemListElement\":[{\"@type\":\"ListItem\",\"position\":1,\"name\":\"Portada\",\"item\":\"https:\\\/\\\/exaudi.org\\\/es\\\/\"},{\"@type\":\"ListItem\",\"position\":2,\"name\":\"La publicidad y la persona\"}]},{\"@type\":\"WebSite\",\"@id\":\"https:\\\/\\\/exaudi.org\\\/#website\",\"url\":\"https:\\\/\\\/exaudi.org\\\/\",\"name\":\"Exaudi\",\"description\":\"News\",\"potentialAction\":[{\"@type\":\"SearchAction\",\"target\":{\"@type\":\"EntryPoint\",\"urlTemplate\":\"https:\\\/\\\/exaudi.org\\\/?s={search_term_string}\"},\"query-input\":{\"@type\":\"PropertyValueSpecification\",\"valueRequired\":true,\"valueName\":\"search_term_string\"}}],\"inLanguage\":\"es\"},{\"@type\":\"Person\",\"@id\":\"https:\\\/\\\/exaudi.org\\\/#\\\/schema\\\/person\\\/593e679cdac2ac955cdf94fd77952021\",\"name\":\"Marta Luquero\",\"image\":{\"@type\":\"ImageObject\",\"inLanguage\":\"es\",\"@id\":\"https:\\\/\\\/secure.gravatar.com\\\/avatar\\\/4d835dde3204f153d4491cc82848d12bcb03055a2dff4ded8a8746c59d626537?s=96&d=mm&r=g\",\"url\":\"https:\\\/\\\/secure.gravatar.com\\\/avatar\\\/4d835dde3204f153d4491cc82848d12bcb03055a2dff4ded8a8746c59d626537?s=96&d=mm&r=g\",\"contentUrl\":\"https:\\\/\\\/secure.gravatar.com\\\/avatar\\\/4d835dde3204f153d4491cc82848d12bcb03055a2dff4ded8a8746c59d626537?s=96&d=mm&r=g\",\"caption\":\"Marta Luquero\"},\"description\":\"@sencillamentemarta Nacida en Madrid, soy madre de dos hijos. Licenciada en Derecho por la Universidad Complutense de Madrid, actualmente estoy cursando un m\u00e1ster en Humanidades. Apasionada de las personas y de una buena conversaci\u00f3n, hace a\u00f1os mi vida dio un giro de 180 grados cuando comprend\u00ed e hice experiencia de la necesidad vital de acompa\u00f1ar y ser acompa\u00f1ada. Trabajo en el mundo acad\u00e9mico, en una universidad cat\u00f3lica acompa\u00f1ando a j\u00f3venes en su camino universitario donde cada d\u00eda hago m\u00eda la necesidad del arte de recomenzar, y donde he reconectado con lo que significa ser universitario y el valor que tienen las grandes preguntas. Cada d\u00eda pongo intenci\u00f3n en mirar la realidad con atenci\u00f3n para no solo ver y soy firme defensora de las peque\u00f1as cosas hechas con amor.\",\"sameAs\":[\"https:\\\/\\\/www.instagram.com\\\/sencillamentemarta\\\/\"],\"url\":\"https:\\\/\\\/exaudi.org\\\/es\\\/author\\\/marta-luquero\\\/\"}]}<\/script>\n<!-- \/ Yoast SEO plugin. -->","yoast_head_json":{"title":"La publicidad y la persona &#8211; Exaudi","robots":{"index":"index","follow":"follow","max-snippet":"max-snippet:-1","max-image-preview":"max-image-preview:large","max-video-preview":"max-video-preview:-1"},"canonical":"https:\/\/exaudi.org\/es\/la-publicidad-y-la-persona\/","og_locale":"es_ES","og_type":"article","og_title":"La publicidad y la persona &#8211; Exaudi","og_description":"Dios sin necesitarnos nos ha querido necesitar y nos ha puesto aqu\u00ed en este momento de la historia, en este lugar","og_url":"https:\/\/exaudi.org\/es\/la-publicidad-y-la-persona\/","og_site_name":"Exaudi","article_publisher":"https:\/\/www.facebook.com\/ExaudiNews","article_published_time":"2023-11-24T07:30:36+00:00","article_modified_time":"2023-11-24T10:59:44+00:00","og_image":[{"width":1151,"height":1200,"url":"https:\/\/exaudi.org\/wp-content\/uploads\/2023\/11\/60cbbce76204b6366f05a22e00d30b17.jpg","type":"image\/jpeg"}],"author":"Marta Luquero","twitter_card":"summary_large_image","twitter_creator":"@Exaudi_News","twitter_site":"@Exaudi_News","twitter_misc":{"Escrito por":"Marta Luquero","Tiempo de lectura":"4 minutos"},"schema":{"@context":"https:\/\/schema.org","@graph":[{"@type":"Article","@id":"https:\/\/exaudi.org\/es\/la-publicidad-y-la-persona\/#article","isPartOf":{"@id":"https:\/\/exaudi.org\/es\/la-publicidad-y-la-persona\/"},"author":{"name":"Marta Luquero","@id":"https:\/\/exaudi.org\/#\/schema\/person\/593e679cdac2ac955cdf94fd77952021"},"headline":"La publicidad y la persona","datePublished":"2023-11-24T07:30:36+00:00","dateModified":"2023-11-24T10:59:44+00:00","mainEntityOfPage":{"@id":"https:\/\/exaudi.org\/es\/la-publicidad-y-la-persona\/"},"wordCount":825,"image":{"@id":"https:\/\/exaudi.org\/es\/la-publicidad-y-la-persona\/#primaryimage"},"thumbnailUrl":"https:\/\/exaudi.org\/wp-content\/uploads\/2023\/11\/60cbbce76204b6366f05a22e00d30b17.jpg","keywords":["Anuncios","navidad","Persona","Publicidad","Trending"],"articleSection":["Voces"],"inLanguage":"es"},{"@type":"WebPage","@id":"https:\/\/exaudi.org\/es\/la-publicidad-y-la-persona\/","url":"https:\/\/exaudi.org\/es\/la-publicidad-y-la-persona\/","name":"La publicidad y la persona &#8211; Exaudi","isPartOf":{"@id":"https:\/\/exaudi.org\/#website"},"primaryImageOfPage":{"@id":"https:\/\/exaudi.org\/es\/la-publicidad-y-la-persona\/#primaryimage"},"image":{"@id":"https:\/\/exaudi.org\/es\/la-publicidad-y-la-persona\/#primaryimage"},"thumbnailUrl":"https:\/\/exaudi.org\/wp-content\/uploads\/2023\/11\/60cbbce76204b6366f05a22e00d30b17.jpg","datePublished":"2023-11-24T07:30:36+00:00","dateModified":"2023-11-24T10:59:44+00:00","author":{"@id":"https:\/\/exaudi.org\/#\/schema\/person\/593e679cdac2ac955cdf94fd77952021"},"breadcrumb":{"@id":"https:\/\/exaudi.org\/es\/la-publicidad-y-la-persona\/#breadcrumb"},"inLanguage":"es","potentialAction":[{"@type":"ReadAction","target":["https:\/\/exaudi.org\/es\/la-publicidad-y-la-persona\/"]}]},{"@type":"ImageObject","inLanguage":"es","@id":"https:\/\/exaudi.org\/es\/la-publicidad-y-la-persona\/#primaryimage","url":"https:\/\/exaudi.org\/wp-content\/uploads\/2023\/11\/60cbbce76204b6366f05a22e00d30b17.jpg","contentUrl":"https:\/\/exaudi.org\/wp-content\/uploads\/2023\/11\/60cbbce76204b6366f05a22e00d30b17.jpg","width":1151,"height":1200,"caption":"Fabio Marino"},{"@type":"BreadcrumbList","@id":"https:\/\/exaudi.org\/es\/la-publicidad-y-la-persona\/#breadcrumb","itemListElement":[{"@type":"ListItem","position":1,"name":"Portada","item":"https:\/\/exaudi.org\/es\/"},{"@type":"ListItem","position":2,"name":"La publicidad y la persona"}]},{"@type":"WebSite","@id":"https:\/\/exaudi.org\/#website","url":"https:\/\/exaudi.org\/","name":"Exaudi","description":"News","potentialAction":[{"@type":"SearchAction","target":{"@type":"EntryPoint","urlTemplate":"https:\/\/exaudi.org\/?s={search_term_string}"},"query-input":{"@type":"PropertyValueSpecification","valueRequired":true,"valueName":"search_term_string"}}],"inLanguage":"es"},{"@type":"Person","@id":"https:\/\/exaudi.org\/#\/schema\/person\/593e679cdac2ac955cdf94fd77952021","name":"Marta Luquero","image":{"@type":"ImageObject","inLanguage":"es","@id":"https:\/\/secure.gravatar.com\/avatar\/4d835dde3204f153d4491cc82848d12bcb03055a2dff4ded8a8746c59d626537?s=96&d=mm&r=g","url":"https:\/\/secure.gravatar.com\/avatar\/4d835dde3204f153d4491cc82848d12bcb03055a2dff4ded8a8746c59d626537?s=96&d=mm&r=g","contentUrl":"https:\/\/secure.gravatar.com\/avatar\/4d835dde3204f153d4491cc82848d12bcb03055a2dff4ded8a8746c59d626537?s=96&d=mm&r=g","caption":"Marta Luquero"},"description":"@sencillamentemarta Nacida en Madrid, soy madre de dos hijos. Licenciada en Derecho por la Universidad Complutense de Madrid, actualmente estoy cursando un m\u00e1ster en Humanidades. Apasionada de las personas y de una buena conversaci\u00f3n, hace a\u00f1os mi vida dio un giro de 180 grados cuando comprend\u00ed e hice experiencia de la necesidad vital de acompa\u00f1ar y ser acompa\u00f1ada. Trabajo en el mundo acad\u00e9mico, en una universidad cat\u00f3lica acompa\u00f1ando a j\u00f3venes en su camino universitario donde cada d\u00eda hago m\u00eda la necesidad del arte de recomenzar, y donde he reconectado con lo que significa ser universitario y el valor que tienen las grandes preguntas. Cada d\u00eda pongo intenci\u00f3n en mirar la realidad con atenci\u00f3n para no solo ver y soy firme defensora de las peque\u00f1as cosas hechas con amor.","sameAs":["https:\/\/www.instagram.com\/sencillamentemarta\/"],"url":"https:\/\/exaudi.org\/es\/author\/marta-luquero\/"}]}},"jetpack_featured_media_url":"https:\/\/exaudi.org\/wp-content\/uploads\/2023\/11\/60cbbce76204b6366f05a22e00d30b17.jpg","jetpack_shortlink":"https:\/\/wp.me\/pgKjF2-n3y","_links":{"self":[{"href":"https:\/\/exaudi.org\/es\/wp-json\/wp\/v2\/posts\/88632","targetHints":{"allow":["GET"]}}],"collection":[{"href":"https:\/\/exaudi.org\/es\/wp-json\/wp\/v2\/posts"}],"about":[{"href":"https:\/\/exaudi.org\/es\/wp-json\/wp\/v2\/types\/post"}],"author":[{"embeddable":true,"href":"https:\/\/exaudi.org\/es\/wp-json\/wp\/v2\/users\/129"}],"replies":[{"embeddable":true,"href":"https:\/\/exaudi.org\/es\/wp-json\/wp\/v2\/comments?post=88632"}],"version-history":[{"count":0,"href":"https:\/\/exaudi.org\/es\/wp-json\/wp\/v2\/posts\/88632\/revisions"}],"wp:featuredmedia":[{"embeddable":true,"href":"https:\/\/exaudi.org\/es\/wp-json\/wp\/v2\/media\/88633"}],"wp:attachment":[{"href":"https:\/\/exaudi.org\/es\/wp-json\/wp\/v2\/media?parent=88632"}],"wp:term":[{"taxonomy":"category","embeddable":true,"href":"https:\/\/exaudi.org\/es\/wp-json\/wp\/v2\/categories?post=88632"},{"taxonomy":"post_tag","embeddable":true,"href":"https:\/\/exaudi.org\/es\/wp-json\/wp\/v2\/tags?post=88632"}],"curies":[{"name":"wp","href":"https:\/\/api.w.org\/{rel}","templated":true}]}}