{"id":88548,"date":"2023-11-23T10:38:58","date_gmt":"2023-11-23T09:38:58","guid":{"rendered":"https:\/\/exaudi.org\/?p=88548"},"modified":"2023-11-23T10:41:30","modified_gmt":"2023-11-23T09:41:30","slug":"peru-la-iglesia-saluda-la-ley-sobre-los-derechos-al-concebido","status":"publish","type":"post","link":"https:\/\/exaudi.org\/es\/peru-la-iglesia-saluda-la-ley-sobre-los-derechos-al-concebido\/","title":{"rendered":"Per\u00fa: La Iglesia saluda la ley sobre los derechos al concebido"},"content":{"rendered":"<audio class=\"wp-audio-shortcode\" id=\"audio-88548-1\" preload=\"none\" style=\"width: 100%;\" controls=\"controls\"><source type=\"audio\/mpeg\" src=\"https:\/\/exaudi.org\/wp-content\/uploads\/2023\/11\/Comunicado-del-Episcopado-Peruano-sobre-la-ley-que-reconoce-al-concebido-128-kbps.mp3?_=1\" \/><a href=\"https:\/\/exaudi.org\/wp-content\/uploads\/2023\/11\/Comunicado-del-Episcopado-Peruano-sobre-la-ley-que-reconoce-al-concebido-128-kbps.mp3\">https:\/\/exaudi.org\/wp-content\/uploads\/2023\/11\/Comunicado-del-Episcopado-Peruano-sobre-la-ley-que-reconoce-al-concebido-128-kbps.mp3<\/a><\/audio>\n<p>Mediante un comunicado publicado el pasado lunes 20 de noviembre, D\u00eda Mundial del Ni\u00f1o, la\u00a0<a href=\"https:\/\/iglesia.org.pe\/2023\/11\/21\/conferencia-episcopal-peruana-saluda-ley-que-reconoce-los-derechos-al-concebido\/\" target=\"_blank\" rel=\"external nofollow noopener\">Conferencia Episcopal peruana<\/a>\u00a0(CEP) expres\u00f3 su profundo reconocimiento al Congreso de la Rep\u00fablica por la aprobaci\u00f3n de la Ley 31935 que consolida los derechos del concebido, durante el proceso de gestaci\u00f3n y antes de su nacimiento.<\/p>\n<h3><b>Compromiso con la defensa de la vida<\/b><\/h3>\n<p>\u201cEsta decisi\u00f3n legislativa refuerza nuestro compromiso con la defensa de la vida desde el momento de la concepci\u00f3n y consolida el reconocimiento de la dignidad humana como el principio supremo. Los ni\u00f1os desde su concepci\u00f3n son el tesoro m\u00e1s grande del mundo, el futuro de la familia peruana\u201d. As\u00ed lo enfatiz\u00f3 monse\u00f1or Miguel Cabrejos Vidarte, OFM, presidente del Episcopado peruano, en el documento.<\/p>\n<h3><b>Junto al Papa Francisco<\/b><\/h3>\n<p>El pronunciamiento de la CEP a\u00f1ade una cita del Papa Francisco en marzo del 2015:<\/p>\n<div>\n<div class=\"article__embed article__embed--border embed_style\">\n<blockquote><p>\u201cLos ni\u00f1os nos recuerdan que somos siempre hijos. Y eso nos vuelve a llevar siempre al hecho de que la vida no nos la hemos dado nosotros, sino que la hemos recibido\u201d<\/p><\/blockquote>\n<\/div>\n<\/div>\n<h3><b>Un paso importante hacia la construcci\u00f3n de la sociedad<\/b><\/h3>\n<p>\u201cLa promulgaci\u00f3n de esta referida ley constituye un paso importante hacia la construcci\u00f3n de una sociedad que respeta y defiende la vida humana y supera una cultura de muerte. Debemos seguir trabajando para garantizar que los ni\u00f1os vengan a un mundo que los reciba con amor acogedor, expresi\u00f3n del hermoso don de la vida y de la esperanza de la humanidad\u201d, refiere el texto suscrito por el tambi\u00e9n arzobispo metropolitano de Trujillo.<\/p>\n<h3><b>Proteger la dignidad de todos los ni\u00f1os<\/b><\/h3>\n<p>Monse\u00f1or Cabrejos aclar\u00f3 que \u201ctodos estamos desafiados a renovar nuestro compromiso, especialmente las familias, para proteger la dignidad de todos los ni\u00f1os y ni\u00f1as y ofrecerles la oportunidad de crecer en un ambiente sano\u201d. Y en ese sentido, anim\u00f3 a todos los fieles y personas de buena voluntad, a trabajar juntos para construir una sociedad que respeta y defienda los derechos fundamentales de todos.<\/p>\n<p>A continuaci\u00f3n, el Comunicado del episcopado peruano sobre ley que reconoce los derechos del concebido:<\/p>\n<p><iframe loading=\"lazy\" title=\"Comunicado del Episcopado Peruano sobre la ley que reconoce  al concebido\" width=\"500\" height=\"281\" src=\"https:\/\/www.youtube.com\/embed\/R2txqYr6Rk4?feature=oembed\" frameborder=\"0\" allow=\"accelerometer; autoplay; clipboard-write; encrypted-media; gyroscope; picture-in-picture; web-share\" referrerpolicy=\"strict-origin-when-cross-origin\" allowfullscreen><\/iframe><\/p>\n","protected":false},"excerpt":{"rendered":"<p>La Conferencia Episcopal Peruana expres\u00f3 su profundo reconocimiento al Congreso de la Rep\u00fablica por la aprobaci\u00f3n de la Ley 31935 que consolida los derechos del concebido, durante el proceso de gestaci\u00f3n y antes de su nacimiento<\/p>\n","protected":false},"author":15,"featured_media":88549,"comment_status":"closed","ping_status":"closed","sticky":false,"template":"","format":"standard","meta":{"_acf_changed":false,"_crdt_document":"","inline_featured_image":false,"footnotes":""},"categories":[74],"tags":[11035,11036,11038,11037,1028,945,4953,1313],"class_list":["post-88548","post","type-post","status-publish","format-standard","has-post-thumbnail","hentry","category-iglesia-y-mundo","tag-conferencia-episcopal-perua","tag-congreso-de-la-republica-peru","tag-derecho-concebido","tag-dignidad-de-los-ninos","tag-monsenor-miguel-cabrejos","tag-peru","tag-trending-es","tag-vida"],"acf":[],"yoast_head":"<!-- This site is optimized with the Yoast SEO plugin v27.4 - https:\/\/yoast.com\/product\/yoast-seo-wordpress\/ -->\n<title>Per\u00fa: La Iglesia saluda la ley sobre los derechos al concebido &#8211; Exaudi<\/title>\n<meta name=\"robots\" content=\"index, follow, max-snippet:-1, max-image-preview:large, max-video-preview:-1\" \/>\n<link rel=\"canonical\" href=\"https:\/\/exaudi.org\/es\/peru-la-iglesia-saluda-la-ley-sobre-los-derechos-al-concebido\/\" \/>\n<meta property=\"og:locale\" content=\"es_ES\" \/>\n<meta property=\"og:type\" content=\"article\" \/>\n<meta property=\"og:title\" content=\"Per\u00fa: La Iglesia saluda la ley sobre los derechos al concebido &#8211; Exaudi\" \/>\n<meta property=\"og:description\" content=\"La Conferencia Episcopal Peruana expres\u00f3 su profundo reconocimiento al Congreso de la Rep\u00fablica por la aprobaci\u00f3n de la Ley 31935 que consolida los derechos del concebido, durante el proceso de gestaci\u00f3n y antes de su nacimiento\" \/>\n<meta property=\"og:url\" content=\"https:\/\/exaudi.org\/es\/peru-la-iglesia-saluda-la-ley-sobre-los-derechos-al-concebido\/\" \/>\n<meta property=\"og:site_name\" content=\"Exaudi\" \/>\n<meta property=\"article:publisher\" content=\"https:\/\/www.facebook.com\/ExaudiNews\" \/>\n<meta property=\"article:author\" content=\"https:\/\/www.facebook.com\/ExaudiNoticias\/\" \/>\n<meta property=\"article:published_time\" content=\"2023-11-23T09:38:58+00:00\" \/>\n<meta property=\"article:modified_time\" content=\"2023-11-23T09:41:30+00:00\" \/>\n<meta property=\"og:image\" content=\"https:\/\/exaudi.org\/wp-content\/uploads\/2023\/11\/pexels-pixabay-208189-scaled.jpg\" \/>\n\t<meta property=\"og:image:width\" content=\"2560\" \/>\n\t<meta property=\"og:image:height\" content=\"1707\" \/>\n\t<meta property=\"og:image:type\" content=\"image\/jpeg\" \/>\n<meta name=\"author\" content=\"Exaudi Redacci\u00f3n\" \/>\n<meta name=\"twitter:card\" content=\"summary_large_image\" \/>\n<meta name=\"twitter:creator\" content=\"@Exaudi_noticias\" \/>\n<meta name=\"twitter:site\" content=\"@Exaudi_News\" \/>\n<meta name=\"twitter:label1\" content=\"Escrito por\" \/>\n\t<meta name=\"twitter:data1\" content=\"Exaudi Redacci\u00f3n\" \/>\n\t<meta name=\"twitter:label2\" content=\"Tiempo de lectura\" \/>\n\t<meta name=\"twitter:data2\" content=\"2 minutos\" \/>\n<script type=\"application\/ld+json\" class=\"yoast-schema-graph\">{\"@context\":\"https:\\\/\\\/schema.org\",\"@graph\":[{\"@type\":\"Article\",\"@id\":\"https:\\\/\\\/exaudi.org\\\/es\\\/peru-la-iglesia-saluda-la-ley-sobre-los-derechos-al-concebido\\\/#article\",\"isPartOf\":{\"@id\":\"https:\\\/\\\/exaudi.org\\\/es\\\/peru-la-iglesia-saluda-la-ley-sobre-los-derechos-al-concebido\\\/\"},\"author\":{\"name\":\"Exaudi Redacci\u00f3n\",\"@id\":\"https:\\\/\\\/exaudi.org\\\/#\\\/schema\\\/person\\\/f5fc8f063065e38742da7afe15f25df7\"},\"headline\":\"Per\u00fa: La Iglesia saluda la ley sobre los derechos al concebido\",\"datePublished\":\"2023-11-23T09:38:58+00:00\",\"dateModified\":\"2023-11-23T09:41:30+00:00\",\"mainEntityOfPage\":{\"@id\":\"https:\\\/\\\/exaudi.org\\\/es\\\/peru-la-iglesia-saluda-la-ley-sobre-los-derechos-al-concebido\\\/\"},\"wordCount\":391,\"image\":{\"@id\":\"https:\\\/\\\/exaudi.org\\\/es\\\/peru-la-iglesia-saluda-la-ley-sobre-los-derechos-al-concebido\\\/#primaryimage\"},\"thumbnailUrl\":\"https:\\\/\\\/exaudi.org\\\/wp-content\\\/uploads\\\/2023\\\/11\\\/pexels-pixabay-208189-scaled.jpg\",\"keywords\":[\"Conferencia Episcopal Perua\",\"Congreso de la Rep\u00fablica Per\u00fa\",\"Derecho concebido\",\"Dignidad de los Ni\u00f1os\",\"Monse\u00f1or Miguel Cabrejos\",\"Per\u00fa\",\"Trending\",\"Vida\"],\"articleSection\":[\"Iglesia y Mundo\"],\"inLanguage\":\"es\"},{\"@type\":\"WebPage\",\"@id\":\"https:\\\/\\\/exaudi.org\\\/es\\\/peru-la-iglesia-saluda-la-ley-sobre-los-derechos-al-concebido\\\/\",\"url\":\"https:\\\/\\\/exaudi.org\\\/es\\\/peru-la-iglesia-saluda-la-ley-sobre-los-derechos-al-concebido\\\/\",\"name\":\"Per\u00fa: La Iglesia saluda la ley sobre los derechos al concebido &#8211; Exaudi\",\"isPartOf\":{\"@id\":\"https:\\\/\\\/exaudi.org\\\/#website\"},\"primaryImageOfPage\":{\"@id\":\"https:\\\/\\\/exaudi.org\\\/es\\\/peru-la-iglesia-saluda-la-ley-sobre-los-derechos-al-concebido\\\/#primaryimage\"},\"image\":{\"@id\":\"https:\\\/\\\/exaudi.org\\\/es\\\/peru-la-iglesia-saluda-la-ley-sobre-los-derechos-al-concebido\\\/#primaryimage\"},\"thumbnailUrl\":\"https:\\\/\\\/exaudi.org\\\/wp-content\\\/uploads\\\/2023\\\/11\\\/pexels-pixabay-208189-scaled.jpg\",\"datePublished\":\"2023-11-23T09:38:58+00:00\",\"dateModified\":\"2023-11-23T09:41:30+00:00\",\"author\":{\"@id\":\"https:\\\/\\\/exaudi.org\\\/#\\\/schema\\\/person\\\/f5fc8f063065e38742da7afe15f25df7\"},\"breadcrumb\":{\"@id\":\"https:\\\/\\\/exaudi.org\\\/es\\\/peru-la-iglesia-saluda-la-ley-sobre-los-derechos-al-concebido\\\/#breadcrumb\"},\"inLanguage\":\"es\",\"potentialAction\":[{\"@type\":\"ReadAction\",\"target\":[\"https:\\\/\\\/exaudi.org\\\/es\\\/peru-la-iglesia-saluda-la-ley-sobre-los-derechos-al-concebido\\\/\"]}]},{\"@type\":\"ImageObject\",\"inLanguage\":\"es\",\"@id\":\"https:\\\/\\\/exaudi.org\\\/es\\\/peru-la-iglesia-saluda-la-ley-sobre-los-derechos-al-concebido\\\/#primaryimage\",\"url\":\"https:\\\/\\\/exaudi.org\\\/wp-content\\\/uploads\\\/2023\\\/11\\\/pexels-pixabay-208189-scaled.jpg\",\"contentUrl\":\"https:\\\/\\\/exaudi.org\\\/wp-content\\\/uploads\\\/2023\\\/11\\\/pexels-pixabay-208189-scaled.jpg\",\"width\":2560,\"height\":1707},{\"@type\":\"BreadcrumbList\",\"@id\":\"https:\\\/\\\/exaudi.org\\\/es\\\/peru-la-iglesia-saluda-la-ley-sobre-los-derechos-al-concebido\\\/#breadcrumb\",\"itemListElement\":[{\"@type\":\"ListItem\",\"position\":1,\"name\":\"Portada\",\"item\":\"https:\\\/\\\/exaudi.org\\\/es\\\/\"},{\"@type\":\"ListItem\",\"position\":2,\"name\":\"Per\u00fa: La Iglesia saluda la ley sobre los derechos al concebido\"}]},{\"@type\":\"WebSite\",\"@id\":\"https:\\\/\\\/exaudi.org\\\/#website\",\"url\":\"https:\\\/\\\/exaudi.org\\\/\",\"name\":\"Exaudi\",\"description\":\"News\",\"potentialAction\":[{\"@type\":\"SearchAction\",\"target\":{\"@type\":\"EntryPoint\",\"urlTemplate\":\"https:\\\/\\\/exaudi.org\\\/?s={search_term_string}\"},\"query-input\":{\"@type\":\"PropertyValueSpecification\",\"valueRequired\":true,\"valueName\":\"search_term_string\"}}],\"inLanguage\":\"es\"},{\"@type\":\"Person\",\"@id\":\"https:\\\/\\\/exaudi.org\\\/#\\\/schema\\\/person\\\/f5fc8f063065e38742da7afe15f25df7\",\"name\":\"Exaudi Redacci\u00f3n\",\"image\":{\"@type\":\"ImageObject\",\"inLanguage\":\"es\",\"@id\":\"https:\\\/\\\/secure.gravatar.com\\\/avatar\\\/fe0f6a059fb68d9b3e11bc5850dd4899b1c7492091a3cb6dd9b01b56ad828be2?s=96&d=mm&r=g\",\"url\":\"https:\\\/\\\/secure.gravatar.com\\\/avatar\\\/fe0f6a059fb68d9b3e11bc5850dd4899b1c7492091a3cb6dd9b01b56ad828be2?s=96&d=mm&r=g\",\"contentUrl\":\"https:\\\/\\\/secure.gravatar.com\\\/avatar\\\/fe0f6a059fb68d9b3e11bc5850dd4899b1c7492091a3cb6dd9b01b56ad828be2?s=96&d=mm&r=g\",\"caption\":\"Exaudi Redacci\u00f3n\"},\"description\":\"\u00bfQu\u00e9 es Exaudi News? Exaudi News es un medio de comunicaci\u00f3n cat\u00f3lico internacional que informa, forma y transforma, diariamente en espa\u00f1ol, ingl\u00e9s e italiano. A trav\u00e9s de noticias, art\u00edculos de an\u00e1lisis y transmisiones en directo de los eventos del Papa, Exaudi busca fortalecer la unidad de los cristianos y contribuir a la evangelizaci\u00f3n del mundo, siempre guiados por la doctrina social de la Iglesia. Trabajamos para acercar la verdad y los valores cristianos a cada rinc\u00f3n del planeta. \u00a1Ay\u00fadanos a transformar el mundo con Exaudi! En Exaudi creemos que la evangelizaci\u00f3n y la informaci\u00f3n de calidad pueden cambiar vidas. Para continuar con nuestra misi\u00f3n y expandir nuestro alcance, necesitamos tu ayuda. Adem\u00e1s, buscamos personas comprometidas que deseen unirse a nuestro equipo. Con tu apoyo, lograremos llegar a m\u00e1s personas, difundir el mensaje de Cristo y reforzar la unidad de los cristianos. \u00bfTe unes a nuestra misi\u00f3n? Para m\u00e1s informaci\u00f3n sobre c\u00f3mo colaborar, visita Exaudi.org\\\/es o cont\u00e1ctanos directamente: info@exaudi.org Exaudi: Informa, forma y transforma.\",\"sameAs\":[\"https:\\\/\\\/www.facebook.com\\\/ExaudiNoticias\\\/\",\"https:\\\/\\\/www.instagram.com\\\/exaudi_noticias\\\/\",\"https:\\\/\\\/x.com\\\/Exaudi_noticias\",\"https:\\\/\\\/www.youtube.com\\\/@exaudicatholicnews\"],\"url\":\"https:\\\/\\\/exaudi.org\\\/es\\\/author\\\/redaccionexaudi\\\/\"}]}<\/script>\n<!-- \/ Yoast SEO plugin. -->","yoast_head_json":{"title":"Per\u00fa: La Iglesia saluda la ley sobre los derechos al concebido &#8211; Exaudi","robots":{"index":"index","follow":"follow","max-snippet":"max-snippet:-1","max-image-preview":"max-image-preview:large","max-video-preview":"max-video-preview:-1"},"canonical":"https:\/\/exaudi.org\/es\/peru-la-iglesia-saluda-la-ley-sobre-los-derechos-al-concebido\/","og_locale":"es_ES","og_type":"article","og_title":"Per\u00fa: La Iglesia saluda la ley sobre los derechos al concebido &#8211; Exaudi","og_description":"La Conferencia Episcopal Peruana expres\u00f3 su profundo reconocimiento al Congreso de la Rep\u00fablica por la aprobaci\u00f3n de la Ley 31935 que consolida los derechos del concebido, durante el proceso de gestaci\u00f3n y antes de su nacimiento","og_url":"https:\/\/exaudi.org\/es\/peru-la-iglesia-saluda-la-ley-sobre-los-derechos-al-concebido\/","og_site_name":"Exaudi","article_publisher":"https:\/\/www.facebook.com\/ExaudiNews","article_author":"https:\/\/www.facebook.com\/ExaudiNoticias\/","article_published_time":"2023-11-23T09:38:58+00:00","article_modified_time":"2023-11-23T09:41:30+00:00","og_image":[{"width":2560,"height":1707,"url":"https:\/\/exaudi.org\/wp-content\/uploads\/2023\/11\/pexels-pixabay-208189-scaled.jpg","type":"image\/jpeg"}],"author":"Exaudi Redacci\u00f3n","twitter_card":"summary_large_image","twitter_creator":"@Exaudi_noticias","twitter_site":"@Exaudi_News","twitter_misc":{"Escrito por":"Exaudi Redacci\u00f3n","Tiempo de lectura":"2 minutos"},"schema":{"@context":"https:\/\/schema.org","@graph":[{"@type":"Article","@id":"https:\/\/exaudi.org\/es\/peru-la-iglesia-saluda-la-ley-sobre-los-derechos-al-concebido\/#article","isPartOf":{"@id":"https:\/\/exaudi.org\/es\/peru-la-iglesia-saluda-la-ley-sobre-los-derechos-al-concebido\/"},"author":{"name":"Exaudi Redacci\u00f3n","@id":"https:\/\/exaudi.org\/#\/schema\/person\/f5fc8f063065e38742da7afe15f25df7"},"headline":"Per\u00fa: La Iglesia saluda la ley sobre los derechos al concebido","datePublished":"2023-11-23T09:38:58+00:00","dateModified":"2023-11-23T09:41:30+00:00","mainEntityOfPage":{"@id":"https:\/\/exaudi.org\/es\/peru-la-iglesia-saluda-la-ley-sobre-los-derechos-al-concebido\/"},"wordCount":391,"image":{"@id":"https:\/\/exaudi.org\/es\/peru-la-iglesia-saluda-la-ley-sobre-los-derechos-al-concebido\/#primaryimage"},"thumbnailUrl":"https:\/\/exaudi.org\/wp-content\/uploads\/2023\/11\/pexels-pixabay-208189-scaled.jpg","keywords":["Conferencia Episcopal Perua","Congreso de la Rep\u00fablica Per\u00fa","Derecho concebido","Dignidad de los Ni\u00f1os","Monse\u00f1or Miguel Cabrejos","Per\u00fa","Trending","Vida"],"articleSection":["Iglesia y Mundo"],"inLanguage":"es"},{"@type":"WebPage","@id":"https:\/\/exaudi.org\/es\/peru-la-iglesia-saluda-la-ley-sobre-los-derechos-al-concebido\/","url":"https:\/\/exaudi.org\/es\/peru-la-iglesia-saluda-la-ley-sobre-los-derechos-al-concebido\/","name":"Per\u00fa: La Iglesia saluda la ley sobre los derechos al concebido &#8211; Exaudi","isPartOf":{"@id":"https:\/\/exaudi.org\/#website"},"primaryImageOfPage":{"@id":"https:\/\/exaudi.org\/es\/peru-la-iglesia-saluda-la-ley-sobre-los-derechos-al-concebido\/#primaryimage"},"image":{"@id":"https:\/\/exaudi.org\/es\/peru-la-iglesia-saluda-la-ley-sobre-los-derechos-al-concebido\/#primaryimage"},"thumbnailUrl":"https:\/\/exaudi.org\/wp-content\/uploads\/2023\/11\/pexels-pixabay-208189-scaled.jpg","datePublished":"2023-11-23T09:38:58+00:00","dateModified":"2023-11-23T09:41:30+00:00","author":{"@id":"https:\/\/exaudi.org\/#\/schema\/person\/f5fc8f063065e38742da7afe15f25df7"},"breadcrumb":{"@id":"https:\/\/exaudi.org\/es\/peru-la-iglesia-saluda-la-ley-sobre-los-derechos-al-concebido\/#breadcrumb"},"inLanguage":"es","potentialAction":[{"@type":"ReadAction","target":["https:\/\/exaudi.org\/es\/peru-la-iglesia-saluda-la-ley-sobre-los-derechos-al-concebido\/"]}]},{"@type":"ImageObject","inLanguage":"es","@id":"https:\/\/exaudi.org\/es\/peru-la-iglesia-saluda-la-ley-sobre-los-derechos-al-concebido\/#primaryimage","url":"https:\/\/exaudi.org\/wp-content\/uploads\/2023\/11\/pexels-pixabay-208189-scaled.jpg","contentUrl":"https:\/\/exaudi.org\/wp-content\/uploads\/2023\/11\/pexels-pixabay-208189-scaled.jpg","width":2560,"height":1707},{"@type":"BreadcrumbList","@id":"https:\/\/exaudi.org\/es\/peru-la-iglesia-saluda-la-ley-sobre-los-derechos-al-concebido\/#breadcrumb","itemListElement":[{"@type":"ListItem","position":1,"name":"Portada","item":"https:\/\/exaudi.org\/es\/"},{"@type":"ListItem","position":2,"name":"Per\u00fa: La Iglesia saluda la ley sobre los derechos al concebido"}]},{"@type":"WebSite","@id":"https:\/\/exaudi.org\/#website","url":"https:\/\/exaudi.org\/","name":"Exaudi","description":"News","potentialAction":[{"@type":"SearchAction","target":{"@type":"EntryPoint","urlTemplate":"https:\/\/exaudi.org\/?s={search_term_string}"},"query-input":{"@type":"PropertyValueSpecification","valueRequired":true,"valueName":"search_term_string"}}],"inLanguage":"es"},{"@type":"Person","@id":"https:\/\/exaudi.org\/#\/schema\/person\/f5fc8f063065e38742da7afe15f25df7","name":"Exaudi Redacci\u00f3n","image":{"@type":"ImageObject","inLanguage":"es","@id":"https:\/\/secure.gravatar.com\/avatar\/fe0f6a059fb68d9b3e11bc5850dd4899b1c7492091a3cb6dd9b01b56ad828be2?s=96&d=mm&r=g","url":"https:\/\/secure.gravatar.com\/avatar\/fe0f6a059fb68d9b3e11bc5850dd4899b1c7492091a3cb6dd9b01b56ad828be2?s=96&d=mm&r=g","contentUrl":"https:\/\/secure.gravatar.com\/avatar\/fe0f6a059fb68d9b3e11bc5850dd4899b1c7492091a3cb6dd9b01b56ad828be2?s=96&d=mm&r=g","caption":"Exaudi Redacci\u00f3n"},"description":"\u00bfQu\u00e9 es Exaudi News? Exaudi News es un medio de comunicaci\u00f3n cat\u00f3lico internacional que informa, forma y transforma, diariamente en espa\u00f1ol, ingl\u00e9s e italiano. A trav\u00e9s de noticias, art\u00edculos de an\u00e1lisis y transmisiones en directo de los eventos del Papa, Exaudi busca fortalecer la unidad de los cristianos y contribuir a la evangelizaci\u00f3n del mundo, siempre guiados por la doctrina social de la Iglesia. Trabajamos para acercar la verdad y los valores cristianos a cada rinc\u00f3n del planeta. \u00a1Ay\u00fadanos a transformar el mundo con Exaudi! En Exaudi creemos que la evangelizaci\u00f3n y la informaci\u00f3n de calidad pueden cambiar vidas. Para continuar con nuestra misi\u00f3n y expandir nuestro alcance, necesitamos tu ayuda. Adem\u00e1s, buscamos personas comprometidas que deseen unirse a nuestro equipo. Con tu apoyo, lograremos llegar a m\u00e1s personas, difundir el mensaje de Cristo y reforzar la unidad de los cristianos. \u00bfTe unes a nuestra misi\u00f3n? Para m\u00e1s informaci\u00f3n sobre c\u00f3mo colaborar, visita Exaudi.org\/es o cont\u00e1ctanos directamente: info@exaudi.org Exaudi: Informa, forma y transforma.","sameAs":["https:\/\/www.facebook.com\/ExaudiNoticias\/","https:\/\/www.instagram.com\/exaudi_noticias\/","https:\/\/x.com\/Exaudi_noticias","https:\/\/www.youtube.com\/@exaudicatholicnews"],"url":"https:\/\/exaudi.org\/es\/author\/redaccionexaudi\/"}]}},"jetpack_featured_media_url":"https:\/\/exaudi.org\/wp-content\/uploads\/2023\/11\/pexels-pixabay-208189-scaled.jpg","jetpack_shortlink":"https:\/\/wp.me\/pgKjF2-n2c","_links":{"self":[{"href":"https:\/\/exaudi.org\/es\/wp-json\/wp\/v2\/posts\/88548","targetHints":{"allow":["GET"]}}],"collection":[{"href":"https:\/\/exaudi.org\/es\/wp-json\/wp\/v2\/posts"}],"about":[{"href":"https:\/\/exaudi.org\/es\/wp-json\/wp\/v2\/types\/post"}],"author":[{"embeddable":true,"href":"https:\/\/exaudi.org\/es\/wp-json\/wp\/v2\/users\/15"}],"replies":[{"embeddable":true,"href":"https:\/\/exaudi.org\/es\/wp-json\/wp\/v2\/comments?post=88548"}],"version-history":[{"count":0,"href":"https:\/\/exaudi.org\/es\/wp-json\/wp\/v2\/posts\/88548\/revisions"}],"wp:featuredmedia":[{"embeddable":true,"href":"https:\/\/exaudi.org\/es\/wp-json\/wp\/v2\/media\/88549"}],"wp:attachment":[{"href":"https:\/\/exaudi.org\/es\/wp-json\/wp\/v2\/media?parent=88548"}],"wp:term":[{"taxonomy":"category","embeddable":true,"href":"https:\/\/exaudi.org\/es\/wp-json\/wp\/v2\/categories?post=88548"},{"taxonomy":"post_tag","embeddable":true,"href":"https:\/\/exaudi.org\/es\/wp-json\/wp\/v2\/tags?post=88548"}],"curies":[{"name":"wp","href":"https:\/\/api.w.org\/{rel}","templated":true}]}}