{"id":88457,"date":"2023-11-22T10:20:26","date_gmt":"2023-11-22T09:20:26","guid":{"rendered":"https:\/\/exaudi.org\/?p=88457"},"modified":"2023-11-23T09:17:21","modified_gmt":"2023-11-23T08:17:21","slug":"la-familia-paulina-comparte-su-gozo-en-la-fiesta-de-su-fundador","status":"publish","type":"post","link":"https:\/\/exaudi.org\/es\/la-familia-paulina-comparte-su-gozo-en-la-fiesta-de-su-fundador\/","title":{"rendered":"La Familia Paulina comparte su gozo  en la fiesta de su Fundador"},"content":{"rendered":"<audio class=\"wp-audio-shortcode\" id=\"audio-88457-1\" preload=\"none\" style=\"width: 100%;\" controls=\"controls\"><source type=\"audio\/mpeg\" src=\"https:\/\/exaudi.org\/wp-content\/uploads\/2023\/11\/La-Familia-Paulina.mp3?_=1\" \/><a href=\"https:\/\/exaudi.org\/wp-content\/uploads\/2023\/11\/La-Familia-Paulina.mp3\">https:\/\/exaudi.org\/wp-content\/uploads\/2023\/11\/La-Familia-Paulina.mp3<\/a><\/audio>\n<p>El d\u00eda 26 de noviembre la\u00a0<strong>Familia Paulina<\/strong>\u00a0celebra la fiesta de su Fundador, el\u00a0<strong>beato Santiago Alberione.<\/strong>\u00a0Siendo domingo, la celebraci\u00f3n eucar\u00edstica para conmemorar esta festividad, que tradicionalmente acoge la madrile\u00f1a\u00a0<strong>Parroquia de Nuestra Se\u00f1ora del Buen Suceso<\/strong>\u00a0(Princesa, 43) se adelanta al s\u00e1bado 25 a las 12 horas.<\/p>\n<p>Esta festividad se quiere abierta a la Iglesia de Madrid, por lo que en la ceremonia, que ser\u00e1 presidida por el\u00a0<strong>P. Antonio Maro\u00f1o,<\/strong>\u00a0consejero provincial de los Paulinos y director de la revista\u00a0<strong>Cooperador Paulino, <\/strong>participar\u00e1n, adem\u00e1s de los miembros de las diferentes ramas de la\u00a0<strong>Familia Paulina<\/strong>\u00a0\u2013Paulinos, Hijas de San Pablo, P\u00edas Disc\u00edpulas del Divino Maestro, institutos agregados y cooperadores paulinos\u2013, los feligreses del Buen Suceso y de otras parroquias que comparten el carisma paulino y colaboran en diversos \u00e1mbitos en la actividad evangelizadora de la Familia Paulina. La ceremonia, adem\u00e1s, ser\u00e1 retransmitida a trav\u00e9s del canal de Youtube de la Parroquia:\u00a0<a href=\"https:\/\/www.youtube.com\/@buensuvision2792\" target=\"_blank\" rel=\"noopener\">buensuvision<\/a>.<\/p>\n<h3><strong>Llegada a Espa\u00f1a<\/strong><\/h3>\n<p>Santiago Alberione (1884-1971) fund\u00f3 en 1914 la Sociedad de San Pablo, orientada a ser mensajera de la Palabra de Dios para los hombres de hoy con todos los medios de comunicaci\u00f3n social. El P. Alberione fue beatificado por<strong>\u00a0san Juan Pablo II<\/strong>\u00a0en 2003. La congregaci\u00f3n, al igual que la rama femenina de las\u00a0<strong>Hijas de San Pablo<\/strong>, fundadas un a\u00f1o despu\u00e9s, se extendi\u00f3 r\u00e1pidamente.<\/p>\n<p>Ya en 1934 el P.\u00a0<strong>Desiderio Costa<\/strong>, uno de los integrantes del primer n\u00facleo de la Sociedad de San Pablo, se estableci\u00f3 en Espa\u00f1a y un a\u00f1o despu\u00e9s abri\u00f3 la primera casa en\u00a0<strong>Bilbao<\/strong>. Tras el par\u00e9ntesis de la Guerra Civil, el desarrollo de la Sociedad de San Pablo en Espa\u00f1a coincidi\u00f3 con el per\u00edodo de la posguerra.<\/p>\n<p>A nivel editorial se comenz\u00f3 con folletos, libritos de catequesis y pastoral y algunas novelas. A partir de la d\u00e9cada de los 50-60 San Pablo contaba ya un n\u00famero importante de publicaciones, adem\u00e1s de la distribuci\u00f3n de pel\u00edculas y la revista\u00a0<strong>Familia Cristiana<\/strong>. Actualmente\u00a0<strong>San Pablo<\/strong>\u00a0y\u00a0<strong>Paulinas<\/strong>\u00a0son dos editoriales consolidadas que cuentan con una red de 15 librer\u00edas adem\u00e1s de la librer\u00eda <em>on line<\/em>.<\/p>\n<p><strong>Divina inspiraci\u00f3n en Madrid<\/strong><\/p>\n<p>El cinco de mayo de 1946 el padre Alberione sale de G\u00e9nova camino a Espa\u00f1a. El 7 de mayo est\u00e1 en Barcelona, con las Hijas de San Pablo, que acababan de llegar a la Ciudad Condal para fundar su primera comunidad en Espa\u00f1a. De Catalu\u00f1a prosigue el\u00a0viaje al Pa\u00eds Vasco, concretamente a Bilbao, donde ya tiene sus primeras comunidades la Sociedad de San Pablo (1935) y las P\u00edas Disc\u00edpulas del Divino Maestro (1943).<\/p>\n<p>Continuando su viaje, el Fundador se encamina, en tren, a Portugal y posteriormente regresa a Madrid, donde, el 24 de mayo, lo vemos en profunda oraci\u00f3n, celebrando la Santa Misa en la antigua Iglesia del Buen Suceso. De aqu\u00ed partir\u00e1 para Italia con la misi\u00f3n cumplida.<\/p>\n<p><img loading=\"lazy\" decoding=\"async\" class=\"alignleft wp-image-88465\" src=\"https:\/\/exaudi.org\/wp-content\/uploads\/2023\/11\/Imagen-de-WhatsApp-2023-11-22-a-las-10.47.28_3620ebff.jpg\" alt=\"\" width=\"416\" height=\"234\" srcset=\"https:\/\/exaudi.org\/wp-content\/uploads\/2023\/11\/Imagen-de-WhatsApp-2023-11-22-a-las-10.47.28_3620ebff.jpg 1600w, https:\/\/exaudi.org\/wp-content\/uploads\/2023\/11\/Imagen-de-WhatsApp-2023-11-22-a-las-10.47.28_3620ebff-300x169.jpg 300w, https:\/\/exaudi.org\/wp-content\/uploads\/2023\/11\/Imagen-de-WhatsApp-2023-11-22-a-las-10.47.28_3620ebff-1024x576.jpg 1024w, https:\/\/exaudi.org\/wp-content\/uploads\/2023\/11\/Imagen-de-WhatsApp-2023-11-22-a-las-10.47.28_3620ebff-770x433.jpg 770w, https:\/\/exaudi.org\/wp-content\/uploads\/2023\/11\/Imagen-de-WhatsApp-2023-11-22-a-las-10.47.28_3620ebff-1536x864.jpg 1536w, https:\/\/exaudi.org\/wp-content\/uploads\/2023\/11\/Imagen-de-WhatsApp-2023-11-22-a-las-10.47.28_3620ebff-500x281.jpg 500w, https:\/\/exaudi.org\/wp-content\/uploads\/2023\/11\/Imagen-de-WhatsApp-2023-11-22-a-las-10.47.28_3620ebff-293x165.jpg 293w, https:\/\/exaudi.org\/wp-content\/uploads\/2023\/11\/Imagen-de-WhatsApp-2023-11-22-a-las-10.47.28_3620ebff-1400x788.jpg 1400w, https:\/\/exaudi.org\/wp-content\/uploads\/2023\/11\/Imagen-de-WhatsApp-2023-11-22-a-las-10.47.28_3620ebff-390x219.jpg 390w\" sizes=\"auto, (max-width: 416px) 100vw, 416px\" \/>Esta celebraci\u00f3n de la Santa Misa del hoy beato Santiago Alberione, en la antigua Iglesia del Buen Suceso, est\u00e1 recogida en el libro \u201cLa sonrisa de la Se\u00f1ora\u201d, que se conserva en el Archivo de esta parroquia madrile\u00f1a, donde se puede leer:<\/p>\n<p><em>\u201cEl 24 de mayo de 1946, un sacerdote italiano, de paso por Madrid, celebra la Eucarist\u00eda en la Iglesia del Buen Suceso. Se trata de un sacerdote menudo, de apariencia d\u00e9bil. Pero los feligreses, que siguen en silencio los movimientos del sacerdote, perciben algo muy especial que no acertar\u00edan a definir: una corriente de energ\u00eda, como de un soplo de aire divino, misterioso destello de luz en su mirada, mientras pronuncia las palabras de la consagraci\u00f3n\u201d.<\/em><\/p>\n<p>Horas despu\u00e9s, ya en la tranquilidad de la habitaci\u00f3n que lo acoge, el padre Alberione, tal como est\u00e1 recogido en su diario, escribe:<\/p>\n<p><em>\u201cEn la Iglesia de Santa Mar\u00eda del Buen Suceso de Madrid, percib\u00ed sensible y claramente c\u00f3mo Jes\u00fas es el principal y aut\u00e9ntico oferente en la Misa, y c\u00f3mo el Padre lo acepta por \u00c9l, su Hijo. E igualmente, c\u00f3mo el sacerdote ejerce el ministerio externo, present\u00e1ndose a Jes\u00fas como instrumento por su boca, manos y la acci\u00f3n sagrada. Percib\u00ed c\u00f3mo Jes\u00fas es la v\u00edctima perpetua que se renueva sobre el altar y se entrega por el mundo; percib\u00ed la Misa como fuente espiritual de todas las gracias. Y me di cuenta de c\u00f3mo est\u00e1 todo por acontecer\u201d. <\/em><\/p>\n<p>El templo parroquial en el que ha celebrado la Eucarist\u00eda el beato Santiago Alberione y ha tenido la citada experiencia m\u00edstica, cuyas im\u00e1genes del exterior se pueden ver en la foto, ha sido totalmente reformado, hace ya unas d\u00e9cadas. El templo antiguo era grandioso, monumental; el actual, es de aire moderno y funcional.<\/p>\n<p><em>Para conocer m\u00e1s del beato Santiago Alberione y de los Paulinos <\/em><a href=\"https:\/\/www.paulus.net\/\" target=\"_blank\" rel=\"noopener\"><em>aqu\u00ed<\/em><\/a><\/p>\n<p><img loading=\"lazy\" decoding=\"async\" class=\"size-full wp-image-88459 aligncenter\" src=\"https:\/\/exaudi.org\/wp-content\/uploads\/2023\/11\/Imagen-de-WhatsApp-2023-11-22-a-las-09.57.55_a59faaf1.jpg\" alt=\"\" width=\"842\" height=\"1191\" \/><\/p>\n","protected":false},"excerpt":{"rendered":"<p>Celebraci\u00f3n eucar\u00edstica el s\u00e1bado 25 de noviembre a las 12 horas. En la Parroquia de Ntra. Sra. del Buen Suceso de Madrid, donde el beato Santiago Alberione tuvo una divina inspiraci\u00f3n<\/p>\n","protected":false},"author":15,"featured_media":88459,"comment_status":"closed","ping_status":"closed","sticky":false,"template":"","format":"standard","meta":{"_acf_changed":false,"_crdt_document":"","inline_featured_image":false,"footnotes":""},"categories":[74],"tags":[4812,5028,11009,704,4953],"class_list":["post-88457","post","type-post","status-publish","format-standard","has-post-thumbnail","hentry","category-iglesia-y-mundo","tag-beato-santiago-alberione","tag-familia-paulina","tag-padres-paulino","tag-santa-misa","tag-trending-es"],"acf":[],"yoast_head":"<!-- This site is optimized with the Yoast SEO plugin v27.4 - https:\/\/yoast.com\/product\/yoast-seo-wordpress\/ -->\n<title>La Familia Paulina comparte su gozo en la fiesta de su Fundador &#8211; Exaudi<\/title>\n<meta name=\"robots\" content=\"index, follow, max-snippet:-1, max-image-preview:large, max-video-preview:-1\" \/>\n<link rel=\"canonical\" href=\"https:\/\/exaudi.org\/es\/la-familia-paulina-comparte-su-gozo-en-la-fiesta-de-su-fundador\/\" \/>\n<meta property=\"og:locale\" content=\"es_ES\" \/>\n<meta property=\"og:type\" content=\"article\" \/>\n<meta property=\"og:title\" content=\"La Familia Paulina comparte su gozo en la fiesta de su Fundador &#8211; Exaudi\" \/>\n<meta property=\"og:description\" content=\"Celebraci\u00f3n eucar\u00edstica el s\u00e1bado 25 de noviembre a las 12 horas. En la Parroquia de Ntra. Sra. del Buen Suceso de Madrid, donde el beato Santiago Alberione tuvo una divina inspiraci\u00f3n\" \/>\n<meta property=\"og:url\" content=\"https:\/\/exaudi.org\/es\/la-familia-paulina-comparte-su-gozo-en-la-fiesta-de-su-fundador\/\" \/>\n<meta property=\"og:site_name\" content=\"Exaudi\" \/>\n<meta property=\"article:publisher\" content=\"https:\/\/www.facebook.com\/ExaudiNews\" \/>\n<meta property=\"article:author\" content=\"https:\/\/www.facebook.com\/ExaudiNoticias\/\" \/>\n<meta property=\"article:published_time\" content=\"2023-11-22T09:20:26+00:00\" \/>\n<meta property=\"article:modified_time\" content=\"2023-11-23T08:17:21+00:00\" \/>\n<meta property=\"og:image\" content=\"https:\/\/exaudi.org\/wp-content\/uploads\/2023\/11\/Imagen-de-WhatsApp-2023-11-22-a-las-09.57.55_a59faaf1-e1700644813250.jpg\" \/>\n\t<meta property=\"og:image:width\" content=\"839\" \/>\n\t<meta property=\"og:image:height\" content=\"639\" \/>\n\t<meta property=\"og:image:type\" content=\"image\/jpeg\" \/>\n<meta name=\"author\" content=\"Exaudi Redacci\u00f3n\" \/>\n<meta name=\"twitter:card\" content=\"summary_large_image\" \/>\n<meta name=\"twitter:creator\" content=\"@Exaudi_noticias\" \/>\n<meta name=\"twitter:site\" content=\"@Exaudi_News\" \/>\n<meta name=\"twitter:label1\" content=\"Escrito por\" \/>\n\t<meta name=\"twitter:data1\" content=\"Exaudi Redacci\u00f3n\" \/>\n\t<meta name=\"twitter:label2\" content=\"Tiempo de lectura\" \/>\n\t<meta name=\"twitter:data2\" content=\"4 minutos\" \/>\n<script type=\"application\/ld+json\" class=\"yoast-schema-graph\">{\"@context\":\"https:\\\/\\\/schema.org\",\"@graph\":[{\"@type\":\"Article\",\"@id\":\"https:\\\/\\\/exaudi.org\\\/es\\\/la-familia-paulina-comparte-su-gozo-en-la-fiesta-de-su-fundador\\\/#article\",\"isPartOf\":{\"@id\":\"https:\\\/\\\/exaudi.org\\\/es\\\/la-familia-paulina-comparte-su-gozo-en-la-fiesta-de-su-fundador\\\/\"},\"author\":{\"name\":\"Exaudi Redacci\u00f3n\",\"@id\":\"https:\\\/\\\/exaudi.org\\\/#\\\/schema\\\/person\\\/f5fc8f063065e38742da7afe15f25df7\"},\"headline\":\"La Familia Paulina comparte su gozo en la fiesta de su Fundador\",\"datePublished\":\"2023-11-22T09:20:26+00:00\",\"dateModified\":\"2023-11-23T08:17:21+00:00\",\"mainEntityOfPage\":{\"@id\":\"https:\\\/\\\/exaudi.org\\\/es\\\/la-familia-paulina-comparte-su-gozo-en-la-fiesta-de-su-fundador\\\/\"},\"wordCount\":854,\"image\":{\"@id\":\"https:\\\/\\\/exaudi.org\\\/es\\\/la-familia-paulina-comparte-su-gozo-en-la-fiesta-de-su-fundador\\\/#primaryimage\"},\"thumbnailUrl\":\"https:\\\/\\\/exaudi.org\\\/wp-content\\\/uploads\\\/2023\\\/11\\\/Imagen-de-WhatsApp-2023-11-22-a-las-09.57.55_a59faaf1-e1700644813250.jpg\",\"keywords\":[\"Beato Santiago Alberione\",\"familia paulina\",\"Padres Paulino\",\"Santa Misa\",\"Trending\"],\"articleSection\":[\"Iglesia y Mundo\"],\"inLanguage\":\"es\"},{\"@type\":\"WebPage\",\"@id\":\"https:\\\/\\\/exaudi.org\\\/es\\\/la-familia-paulina-comparte-su-gozo-en-la-fiesta-de-su-fundador\\\/\",\"url\":\"https:\\\/\\\/exaudi.org\\\/es\\\/la-familia-paulina-comparte-su-gozo-en-la-fiesta-de-su-fundador\\\/\",\"name\":\"La Familia Paulina comparte su gozo en la fiesta de su Fundador &#8211; Exaudi\",\"isPartOf\":{\"@id\":\"https:\\\/\\\/exaudi.org\\\/#website\"},\"primaryImageOfPage\":{\"@id\":\"https:\\\/\\\/exaudi.org\\\/es\\\/la-familia-paulina-comparte-su-gozo-en-la-fiesta-de-su-fundador\\\/#primaryimage\"},\"image\":{\"@id\":\"https:\\\/\\\/exaudi.org\\\/es\\\/la-familia-paulina-comparte-su-gozo-en-la-fiesta-de-su-fundador\\\/#primaryimage\"},\"thumbnailUrl\":\"https:\\\/\\\/exaudi.org\\\/wp-content\\\/uploads\\\/2023\\\/11\\\/Imagen-de-WhatsApp-2023-11-22-a-las-09.57.55_a59faaf1-e1700644813250.jpg\",\"datePublished\":\"2023-11-22T09:20:26+00:00\",\"dateModified\":\"2023-11-23T08:17:21+00:00\",\"author\":{\"@id\":\"https:\\\/\\\/exaudi.org\\\/#\\\/schema\\\/person\\\/f5fc8f063065e38742da7afe15f25df7\"},\"breadcrumb\":{\"@id\":\"https:\\\/\\\/exaudi.org\\\/es\\\/la-familia-paulina-comparte-su-gozo-en-la-fiesta-de-su-fundador\\\/#breadcrumb\"},\"inLanguage\":\"es\",\"potentialAction\":[{\"@type\":\"ReadAction\",\"target\":[\"https:\\\/\\\/exaudi.org\\\/es\\\/la-familia-paulina-comparte-su-gozo-en-la-fiesta-de-su-fundador\\\/\"]}]},{\"@type\":\"ImageObject\",\"inLanguage\":\"es\",\"@id\":\"https:\\\/\\\/exaudi.org\\\/es\\\/la-familia-paulina-comparte-su-gozo-en-la-fiesta-de-su-fundador\\\/#primaryimage\",\"url\":\"https:\\\/\\\/exaudi.org\\\/wp-content\\\/uploads\\\/2023\\\/11\\\/Imagen-de-WhatsApp-2023-11-22-a-las-09.57.55_a59faaf1-e1700644813250.jpg\",\"contentUrl\":\"https:\\\/\\\/exaudi.org\\\/wp-content\\\/uploads\\\/2023\\\/11\\\/Imagen-de-WhatsApp-2023-11-22-a-las-09.57.55_a59faaf1-e1700644813250.jpg\",\"width\":839,\"height\":639},{\"@type\":\"BreadcrumbList\",\"@id\":\"https:\\\/\\\/exaudi.org\\\/es\\\/la-familia-paulina-comparte-su-gozo-en-la-fiesta-de-su-fundador\\\/#breadcrumb\",\"itemListElement\":[{\"@type\":\"ListItem\",\"position\":1,\"name\":\"Portada\",\"item\":\"https:\\\/\\\/exaudi.org\\\/es\\\/\"},{\"@type\":\"ListItem\",\"position\":2,\"name\":\"La Familia Paulina comparte su gozo en la fiesta de su Fundador\"}]},{\"@type\":\"WebSite\",\"@id\":\"https:\\\/\\\/exaudi.org\\\/#website\",\"url\":\"https:\\\/\\\/exaudi.org\\\/\",\"name\":\"Exaudi\",\"description\":\"News\",\"potentialAction\":[{\"@type\":\"SearchAction\",\"target\":{\"@type\":\"EntryPoint\",\"urlTemplate\":\"https:\\\/\\\/exaudi.org\\\/?s={search_term_string}\"},\"query-input\":{\"@type\":\"PropertyValueSpecification\",\"valueRequired\":true,\"valueName\":\"search_term_string\"}}],\"inLanguage\":\"es\"},{\"@type\":\"Person\",\"@id\":\"https:\\\/\\\/exaudi.org\\\/#\\\/schema\\\/person\\\/f5fc8f063065e38742da7afe15f25df7\",\"name\":\"Exaudi Redacci\u00f3n\",\"image\":{\"@type\":\"ImageObject\",\"inLanguage\":\"es\",\"@id\":\"https:\\\/\\\/secure.gravatar.com\\\/avatar\\\/fe0f6a059fb68d9b3e11bc5850dd4899b1c7492091a3cb6dd9b01b56ad828be2?s=96&d=mm&r=g\",\"url\":\"https:\\\/\\\/secure.gravatar.com\\\/avatar\\\/fe0f6a059fb68d9b3e11bc5850dd4899b1c7492091a3cb6dd9b01b56ad828be2?s=96&d=mm&r=g\",\"contentUrl\":\"https:\\\/\\\/secure.gravatar.com\\\/avatar\\\/fe0f6a059fb68d9b3e11bc5850dd4899b1c7492091a3cb6dd9b01b56ad828be2?s=96&d=mm&r=g\",\"caption\":\"Exaudi Redacci\u00f3n\"},\"description\":\"\u00bfQu\u00e9 es Exaudi News? Exaudi News es un medio de comunicaci\u00f3n cat\u00f3lico internacional que informa, forma y transforma, diariamente en espa\u00f1ol, ingl\u00e9s e italiano. A trav\u00e9s de noticias, art\u00edculos de an\u00e1lisis y transmisiones en directo de los eventos del Papa, Exaudi busca fortalecer la unidad de los cristianos y contribuir a la evangelizaci\u00f3n del mundo, siempre guiados por la doctrina social de la Iglesia. Trabajamos para acercar la verdad y los valores cristianos a cada rinc\u00f3n del planeta. \u00a1Ay\u00fadanos a transformar el mundo con Exaudi! En Exaudi creemos que la evangelizaci\u00f3n y la informaci\u00f3n de calidad pueden cambiar vidas. Para continuar con nuestra misi\u00f3n y expandir nuestro alcance, necesitamos tu ayuda. Adem\u00e1s, buscamos personas comprometidas que deseen unirse a nuestro equipo. Con tu apoyo, lograremos llegar a m\u00e1s personas, difundir el mensaje de Cristo y reforzar la unidad de los cristianos. \u00bfTe unes a nuestra misi\u00f3n? Para m\u00e1s informaci\u00f3n sobre c\u00f3mo colaborar, visita Exaudi.org\\\/es o cont\u00e1ctanos directamente: info@exaudi.org Exaudi: Informa, forma y transforma.\",\"sameAs\":[\"https:\\\/\\\/www.facebook.com\\\/ExaudiNoticias\\\/\",\"https:\\\/\\\/www.instagram.com\\\/exaudi_noticias\\\/\",\"https:\\\/\\\/x.com\\\/Exaudi_noticias\",\"https:\\\/\\\/www.youtube.com\\\/@exaudicatholicnews\"],\"url\":\"https:\\\/\\\/exaudi.org\\\/es\\\/author\\\/redaccionexaudi\\\/\"}]}<\/script>\n<!-- \/ Yoast SEO plugin. -->","yoast_head_json":{"title":"La Familia Paulina comparte su gozo en la fiesta de su Fundador &#8211; Exaudi","robots":{"index":"index","follow":"follow","max-snippet":"max-snippet:-1","max-image-preview":"max-image-preview:large","max-video-preview":"max-video-preview:-1"},"canonical":"https:\/\/exaudi.org\/es\/la-familia-paulina-comparte-su-gozo-en-la-fiesta-de-su-fundador\/","og_locale":"es_ES","og_type":"article","og_title":"La Familia Paulina comparte su gozo en la fiesta de su Fundador &#8211; Exaudi","og_description":"Celebraci\u00f3n eucar\u00edstica el s\u00e1bado 25 de noviembre a las 12 horas. En la Parroquia de Ntra. Sra. del Buen Suceso de Madrid, donde el beato Santiago Alberione tuvo una divina inspiraci\u00f3n","og_url":"https:\/\/exaudi.org\/es\/la-familia-paulina-comparte-su-gozo-en-la-fiesta-de-su-fundador\/","og_site_name":"Exaudi","article_publisher":"https:\/\/www.facebook.com\/ExaudiNews","article_author":"https:\/\/www.facebook.com\/ExaudiNoticias\/","article_published_time":"2023-11-22T09:20:26+00:00","article_modified_time":"2023-11-23T08:17:21+00:00","og_image":[{"width":839,"height":639,"url":"https:\/\/exaudi.org\/wp-content\/uploads\/2023\/11\/Imagen-de-WhatsApp-2023-11-22-a-las-09.57.55_a59faaf1-e1700644813250.jpg","type":"image\/jpeg"}],"author":"Exaudi Redacci\u00f3n","twitter_card":"summary_large_image","twitter_creator":"@Exaudi_noticias","twitter_site":"@Exaudi_News","twitter_misc":{"Escrito por":"Exaudi Redacci\u00f3n","Tiempo de lectura":"4 minutos"},"schema":{"@context":"https:\/\/schema.org","@graph":[{"@type":"Article","@id":"https:\/\/exaudi.org\/es\/la-familia-paulina-comparte-su-gozo-en-la-fiesta-de-su-fundador\/#article","isPartOf":{"@id":"https:\/\/exaudi.org\/es\/la-familia-paulina-comparte-su-gozo-en-la-fiesta-de-su-fundador\/"},"author":{"name":"Exaudi Redacci\u00f3n","@id":"https:\/\/exaudi.org\/#\/schema\/person\/f5fc8f063065e38742da7afe15f25df7"},"headline":"La Familia Paulina comparte su gozo en la fiesta de su Fundador","datePublished":"2023-11-22T09:20:26+00:00","dateModified":"2023-11-23T08:17:21+00:00","mainEntityOfPage":{"@id":"https:\/\/exaudi.org\/es\/la-familia-paulina-comparte-su-gozo-en-la-fiesta-de-su-fundador\/"},"wordCount":854,"image":{"@id":"https:\/\/exaudi.org\/es\/la-familia-paulina-comparte-su-gozo-en-la-fiesta-de-su-fundador\/#primaryimage"},"thumbnailUrl":"https:\/\/exaudi.org\/wp-content\/uploads\/2023\/11\/Imagen-de-WhatsApp-2023-11-22-a-las-09.57.55_a59faaf1-e1700644813250.jpg","keywords":["Beato Santiago Alberione","familia paulina","Padres Paulino","Santa Misa","Trending"],"articleSection":["Iglesia y Mundo"],"inLanguage":"es"},{"@type":"WebPage","@id":"https:\/\/exaudi.org\/es\/la-familia-paulina-comparte-su-gozo-en-la-fiesta-de-su-fundador\/","url":"https:\/\/exaudi.org\/es\/la-familia-paulina-comparte-su-gozo-en-la-fiesta-de-su-fundador\/","name":"La Familia Paulina comparte su gozo en la fiesta de su Fundador &#8211; Exaudi","isPartOf":{"@id":"https:\/\/exaudi.org\/#website"},"primaryImageOfPage":{"@id":"https:\/\/exaudi.org\/es\/la-familia-paulina-comparte-su-gozo-en-la-fiesta-de-su-fundador\/#primaryimage"},"image":{"@id":"https:\/\/exaudi.org\/es\/la-familia-paulina-comparte-su-gozo-en-la-fiesta-de-su-fundador\/#primaryimage"},"thumbnailUrl":"https:\/\/exaudi.org\/wp-content\/uploads\/2023\/11\/Imagen-de-WhatsApp-2023-11-22-a-las-09.57.55_a59faaf1-e1700644813250.jpg","datePublished":"2023-11-22T09:20:26+00:00","dateModified":"2023-11-23T08:17:21+00:00","author":{"@id":"https:\/\/exaudi.org\/#\/schema\/person\/f5fc8f063065e38742da7afe15f25df7"},"breadcrumb":{"@id":"https:\/\/exaudi.org\/es\/la-familia-paulina-comparte-su-gozo-en-la-fiesta-de-su-fundador\/#breadcrumb"},"inLanguage":"es","potentialAction":[{"@type":"ReadAction","target":["https:\/\/exaudi.org\/es\/la-familia-paulina-comparte-su-gozo-en-la-fiesta-de-su-fundador\/"]}]},{"@type":"ImageObject","inLanguage":"es","@id":"https:\/\/exaudi.org\/es\/la-familia-paulina-comparte-su-gozo-en-la-fiesta-de-su-fundador\/#primaryimage","url":"https:\/\/exaudi.org\/wp-content\/uploads\/2023\/11\/Imagen-de-WhatsApp-2023-11-22-a-las-09.57.55_a59faaf1-e1700644813250.jpg","contentUrl":"https:\/\/exaudi.org\/wp-content\/uploads\/2023\/11\/Imagen-de-WhatsApp-2023-11-22-a-las-09.57.55_a59faaf1-e1700644813250.jpg","width":839,"height":639},{"@type":"BreadcrumbList","@id":"https:\/\/exaudi.org\/es\/la-familia-paulina-comparte-su-gozo-en-la-fiesta-de-su-fundador\/#breadcrumb","itemListElement":[{"@type":"ListItem","position":1,"name":"Portada","item":"https:\/\/exaudi.org\/es\/"},{"@type":"ListItem","position":2,"name":"La Familia Paulina comparte su gozo en la fiesta de su Fundador"}]},{"@type":"WebSite","@id":"https:\/\/exaudi.org\/#website","url":"https:\/\/exaudi.org\/","name":"Exaudi","description":"News","potentialAction":[{"@type":"SearchAction","target":{"@type":"EntryPoint","urlTemplate":"https:\/\/exaudi.org\/?s={search_term_string}"},"query-input":{"@type":"PropertyValueSpecification","valueRequired":true,"valueName":"search_term_string"}}],"inLanguage":"es"},{"@type":"Person","@id":"https:\/\/exaudi.org\/#\/schema\/person\/f5fc8f063065e38742da7afe15f25df7","name":"Exaudi Redacci\u00f3n","image":{"@type":"ImageObject","inLanguage":"es","@id":"https:\/\/secure.gravatar.com\/avatar\/fe0f6a059fb68d9b3e11bc5850dd4899b1c7492091a3cb6dd9b01b56ad828be2?s=96&d=mm&r=g","url":"https:\/\/secure.gravatar.com\/avatar\/fe0f6a059fb68d9b3e11bc5850dd4899b1c7492091a3cb6dd9b01b56ad828be2?s=96&d=mm&r=g","contentUrl":"https:\/\/secure.gravatar.com\/avatar\/fe0f6a059fb68d9b3e11bc5850dd4899b1c7492091a3cb6dd9b01b56ad828be2?s=96&d=mm&r=g","caption":"Exaudi Redacci\u00f3n"},"description":"\u00bfQu\u00e9 es Exaudi News? Exaudi News es un medio de comunicaci\u00f3n cat\u00f3lico internacional que informa, forma y transforma, diariamente en espa\u00f1ol, ingl\u00e9s e italiano. A trav\u00e9s de noticias, art\u00edculos de an\u00e1lisis y transmisiones en directo de los eventos del Papa, Exaudi busca fortalecer la unidad de los cristianos y contribuir a la evangelizaci\u00f3n del mundo, siempre guiados por la doctrina social de la Iglesia. Trabajamos para acercar la verdad y los valores cristianos a cada rinc\u00f3n del planeta. \u00a1Ay\u00fadanos a transformar el mundo con Exaudi! En Exaudi creemos que la evangelizaci\u00f3n y la informaci\u00f3n de calidad pueden cambiar vidas. Para continuar con nuestra misi\u00f3n y expandir nuestro alcance, necesitamos tu ayuda. Adem\u00e1s, buscamos personas comprometidas que deseen unirse a nuestro equipo. Con tu apoyo, lograremos llegar a m\u00e1s personas, difundir el mensaje de Cristo y reforzar la unidad de los cristianos. \u00bfTe unes a nuestra misi\u00f3n? Para m\u00e1s informaci\u00f3n sobre c\u00f3mo colaborar, visita Exaudi.org\/es o cont\u00e1ctanos directamente: info@exaudi.org Exaudi: Informa, forma y transforma.","sameAs":["https:\/\/www.facebook.com\/ExaudiNoticias\/","https:\/\/www.instagram.com\/exaudi_noticias\/","https:\/\/x.com\/Exaudi_noticias","https:\/\/www.youtube.com\/@exaudicatholicnews"],"url":"https:\/\/exaudi.org\/es\/author\/redaccionexaudi\/"}]}},"jetpack_featured_media_url":"https:\/\/exaudi.org\/wp-content\/uploads\/2023\/11\/Imagen-de-WhatsApp-2023-11-22-a-las-09.57.55_a59faaf1-e1700644813250.jpg","jetpack_shortlink":"https:\/\/wp.me\/pgKjF2-n0J","_links":{"self":[{"href":"https:\/\/exaudi.org\/es\/wp-json\/wp\/v2\/posts\/88457","targetHints":{"allow":["GET"]}}],"collection":[{"href":"https:\/\/exaudi.org\/es\/wp-json\/wp\/v2\/posts"}],"about":[{"href":"https:\/\/exaudi.org\/es\/wp-json\/wp\/v2\/types\/post"}],"author":[{"embeddable":true,"href":"https:\/\/exaudi.org\/es\/wp-json\/wp\/v2\/users\/15"}],"replies":[{"embeddable":true,"href":"https:\/\/exaudi.org\/es\/wp-json\/wp\/v2\/comments?post=88457"}],"version-history":[{"count":0,"href":"https:\/\/exaudi.org\/es\/wp-json\/wp\/v2\/posts\/88457\/revisions"}],"wp:featuredmedia":[{"embeddable":true,"href":"https:\/\/exaudi.org\/es\/wp-json\/wp\/v2\/media\/88459"}],"wp:attachment":[{"href":"https:\/\/exaudi.org\/es\/wp-json\/wp\/v2\/media?parent=88457"}],"wp:term":[{"taxonomy":"category","embeddable":true,"href":"https:\/\/exaudi.org\/es\/wp-json\/wp\/v2\/categories?post=88457"},{"taxonomy":"post_tag","embeddable":true,"href":"https:\/\/exaudi.org\/es\/wp-json\/wp\/v2\/tags?post=88457"}],"curies":[{"name":"wp","href":"https:\/\/api.w.org\/{rel}","templated":true}]}}