{"id":88418,"date":"2023-11-22T08:30:30","date_gmt":"2023-11-22T07:30:30","guid":{"rendered":"https:\/\/exaudi.org\/?p=88418"},"modified":"2023-11-21T18:57:24","modified_gmt":"2023-11-21T17:57:24","slug":"bello-es-el-riesgo-2","status":"publish","type":"post","link":"https:\/\/exaudi.org\/es\/bello-es-el-riesgo-2\/","title":{"rendered":"Bello es el riesgo"},"content":{"rendered":"<div class=\"&quot;creative-container&quot;\">\n<div class=\"&quot;creative-content&quot;\">\n<div class=\"&quot;creative-cta&quot;\">\n<div class=\"&quot;creative-container&quot;\">\n<div class=\"&quot;creative-content&quot;\">\n<div class=\"&quot;creative-copy&quot;\">\n<audio class=\"wp-audio-shortcode\" id=\"audio-88418-1\" preload=\"none\" style=\"width: 100%;\" controls=\"controls\"><source type=\"audio\/mpeg\" src=\"https:\/\/exaudi.org\/wp-content\/uploads\/2023\/11\/Bello-es-el-riesgo.mp3?_=1\" \/><a href=\"https:\/\/exaudi.org\/wp-content\/uploads\/2023\/11\/Bello-es-el-riesgo.mp3\">https:\/\/exaudi.org\/wp-content\/uploads\/2023\/11\/Bello-es-el-riesgo.mp3<\/a><\/audio>\n<p>De ordinario, los poemarios forman parte de mis lecturas, mejor si entiendo los poemas y dicen bellamente algo del aparecer y ser de la realidad. Me he encontrado muy a gusto entre los versos de \u201cBello es el riesgo\u201d (Rialp, 2019, Kindle edition) de Marcela Duque, poemas de lo humano y divino, escritos con encanto, temor y temblor, con el grato aroma del sentido trascendente de la vida.<\/p>\n<p>Hay nostalgia como cuando recuerda su infancia en los verdores colombianos o cuando da el salto a la plenitud m\u00e1s grande que los mares caribe\u00f1os y m\u00e1s alta que los Andes americanos. Volver a casa alg\u00fan d\u00eda y, \u00abmientras tanto, la poes\u00eda\u201d. Arrieros somos y no faltan los claroscuros en el camino. Buscamos permanencias, compatibles de tantas cosas pasajeras. As\u00ed, un d\u00eda descubrimos -lo se\u00f1ala Marcela- que las hojas de nuestro \u00e1rbol no son perennes y que, incluso, \u201cya llegar\u00e1 un d\u00eda el sufrimiento que ha de dejarme ingr\u00e1vida en el aire\u201d.<\/p>\n<p>En tiempos como los nuestros tan dados a la b\u00fasqueda del \u00e9xito y a mostrar los logros profesionales en las hojas de vida, me encanta el poema \u201cBrindis de cumplea\u00f1os\u201d; un canto agradecido y humilde de quien se sabe deudor por tanto don recibido: \u201cHoy brindo por ustedes, mis amigos, que a\u00fan encuentran tiempo para darme, pues es esta la vida que hoy celebro, la que no es solo m\u00eda, sino un don ofrecido por mil manos,\u00a0 la vida que me dan con su presencia, la vida que es vivida en los que amo\u201d. Desde luego no se trata de negar la cuota de logro personal en las competencias que tenemos, sino de entretejer los varios hilos que conforman las excelencias biogr\u00e1ficas: el propio esfuerzo, la mano amiga y el soplo del Esp\u00edritu. \u201cAs\u00ed cuando el poema, ligero, emprenda el vuelo y lo veas palpitar, sabr\u00e1s que en \u00e9l est\u00e1 presente un soplo que no vino de la sola pericia de tus manos\u201d.<\/p>\n<p>Poemas de lo humano y divino dec\u00eda l\u00edneas arriba. Y, ciertamente, en los versos de Marcela est\u00e1n las huellas de los vers\u00edculos del Evangelio, como aquella entra\u00f1able escena del di\u00e1logo y compa\u00f1\u00eda del Se\u00f1or Resucitado con los disc\u00edpulos de Ema\u00fas, recorrido que hice hace algunos a\u00f1os atr\u00e1s en una peregrinaci\u00f3n a Tierra Santa: \u201cYa se hace tarde. Anochece. El crep\u00fasculo viene sin estrellas. La penumbra va a ser impenetrable (\u2026). Arde mi coraz\u00f3n al escucharte. Te quiero para siempre aqu\u00ed en mi casa. Ya no sabr\u00e9 qu\u00e9 hacer cuando te marches. Qu\u00e9date, por favor, que es noche oscura. Necesito la luz de tu mirada\u201d. Unas veces arde el coraz\u00f3n; otras, est\u00e1 desangelado; no faltan ocasiones en las que tirita de fr\u00edo y miedo. En todo caso, es la compa\u00f1\u00eda del Se\u00f1or la que buscamos. S\u00ed, qu\u00e9date con nosotros, qu\u00e9date aqu\u00ed: en soledad el espanto es sofocador.<\/p>\n<p>Bello es el riesgo -dice S\u00f3crates en el Fed\u00f3n- de quien afirma que el alma es inmortal y con ese poema termina Marcela el texto: \u201cHe escuchado en su boca tus palabras: Vale la pena el riesgo de creer, que nos tomen por tontos e ignorantes por creer en el alma y sus moradas; es bello el riesgo de creernos inmortales, de vivir en tensi\u00f3n hacia lo excelso, aunque nos falten pruebas y acudamos a la fe y a los cantos de los ni\u00f1os\u201d. Un vivir empinados en busca de la excelencia, una vida de peque\u00f1as y grandes esperanzas. Un ir y venir de la inquietud a la serenidad y viceversa, hasta llegar a la plenitud de una vida que no termina aqu\u00ed como bellamente lo dijo, asimismo, nuestro V\u00edctor Andr\u00e9s Belaunde.<\/p>\n<p>Un bello poemario para volver a sus versos una y otra vez.<\/p>\n<\/div>\n<\/div>\n<\/div>\n<\/div>\n<\/div>\n<\/div>\n","protected":false},"excerpt":{"rendered":"<p>De creernos inmortales, de vivir en tensi\u00f3n hacia lo excelso, aunque nos falten pruebas y acudamos a la fe y a los cantos de los ni\u00f1os<\/p>\n","protected":false},"author":109,"featured_media":88420,"comment_status":"closed","ping_status":"closed","sticky":false,"template":"","format":"standard","meta":{"_acf_changed":false,"_crdt_document":"","inline_featured_image":false,"footnotes":""},"categories":[130],"tags":[4806,10999,8291,7285,4953],"class_list":["post-88418","post","type-post","status-publish","format-standard","has-post-thumbnail","hentry","category-voces","tag-belleza","tag-marcela-duque","tag-poesia","tag-riesgo","tag-trending-es"],"acf":[],"yoast_head":"<!-- This site is optimized with the Yoast SEO plugin v27.5 - https:\/\/yoast.com\/product\/yoast-seo-wordpress\/ -->\n<title>Bello es el riesgo &#8211; Exaudi<\/title>\n<meta name=\"robots\" content=\"index, follow, max-snippet:-1, max-image-preview:large, max-video-preview:-1\" \/>\n<link rel=\"canonical\" href=\"https:\/\/exaudi.org\/es\/bello-es-el-riesgo-2\/\" \/>\n<meta property=\"og:locale\" content=\"es_ES\" \/>\n<meta property=\"og:type\" content=\"article\" \/>\n<meta property=\"og:title\" content=\"Bello es el riesgo &#8211; Exaudi\" \/>\n<meta property=\"og:description\" content=\"De creernos inmortales, de vivir en tensi\u00f3n hacia lo excelso, aunque nos falten pruebas y acudamos a la fe y a los cantos de los ni\u00f1os\" \/>\n<meta property=\"og:url\" content=\"https:\/\/exaudi.org\/es\/bello-es-el-riesgo-2\/\" \/>\n<meta property=\"og:site_name\" content=\"Exaudi\" \/>\n<meta property=\"article:publisher\" content=\"https:\/\/www.facebook.com\/ExaudiNews\" \/>\n<meta property=\"article:published_time\" content=\"2023-11-22T07:30:30+00:00\" \/>\n<meta property=\"og:image\" content=\"https:\/\/exaudi.org\/wp-content\/uploads\/2023\/11\/pexels-karolina-grabowska-4218588-scaled.jpg\" \/>\n\t<meta property=\"og:image:width\" content=\"2560\" \/>\n\t<meta property=\"og:image:height\" content=\"1707\" \/>\n\t<meta property=\"og:image:type\" content=\"image\/jpeg\" \/>\n<meta name=\"author\" content=\"Francisco Bobadilla\" \/>\n<meta name=\"twitter:card\" content=\"summary_large_image\" \/>\n<meta name=\"twitter:creator\" content=\"@Exaudi_News\" \/>\n<meta name=\"twitter:site\" content=\"@Exaudi_News\" \/>\n<meta name=\"twitter:label1\" content=\"Escrito por\" \/>\n\t<meta name=\"twitter:data1\" content=\"Francisco Bobadilla\" \/>\n\t<meta name=\"twitter:label2\" content=\"Tiempo de lectura\" \/>\n\t<meta name=\"twitter:data2\" content=\"3 minutos\" \/>\n<script type=\"application\/ld+json\" class=\"yoast-schema-graph\">{\"@context\":\"https:\\\/\\\/schema.org\",\"@graph\":[{\"@type\":\"Article\",\"@id\":\"https:\\\/\\\/exaudi.org\\\/es\\\/bello-es-el-riesgo-2\\\/#article\",\"isPartOf\":{\"@id\":\"https:\\\/\\\/exaudi.org\\\/es\\\/bello-es-el-riesgo-2\\\/\"},\"author\":{\"name\":\"Francisco Bobadilla\",\"@id\":\"https:\\\/\\\/exaudi.org\\\/#\\\/schema\\\/person\\\/f2d4ad1e1e2bb7dad42a623b75b7166b\"},\"headline\":\"Bello es el riesgo\",\"datePublished\":\"2023-11-22T07:30:30+00:00\",\"mainEntityOfPage\":{\"@id\":\"https:\\\/\\\/exaudi.org\\\/es\\\/bello-es-el-riesgo-2\\\/\"},\"wordCount\":671,\"image\":{\"@id\":\"https:\\\/\\\/exaudi.org\\\/es\\\/bello-es-el-riesgo-2\\\/#primaryimage\"},\"thumbnailUrl\":\"https:\\\/\\\/exaudi.org\\\/wp-content\\\/uploads\\\/2023\\\/11\\\/pexels-karolina-grabowska-4218588-scaled.jpg\",\"keywords\":[\"belleza\",\"Marcela Duque\",\"Poes\u00eda\",\"Riesgo\",\"Trending\"],\"articleSection\":[\"Voces\"],\"inLanguage\":\"es\"},{\"@type\":\"WebPage\",\"@id\":\"https:\\\/\\\/exaudi.org\\\/es\\\/bello-es-el-riesgo-2\\\/\",\"url\":\"https:\\\/\\\/exaudi.org\\\/es\\\/bello-es-el-riesgo-2\\\/\",\"name\":\"Bello es el riesgo &#8211; Exaudi\",\"isPartOf\":{\"@id\":\"https:\\\/\\\/exaudi.org\\\/#website\"},\"primaryImageOfPage\":{\"@id\":\"https:\\\/\\\/exaudi.org\\\/es\\\/bello-es-el-riesgo-2\\\/#primaryimage\"},\"image\":{\"@id\":\"https:\\\/\\\/exaudi.org\\\/es\\\/bello-es-el-riesgo-2\\\/#primaryimage\"},\"thumbnailUrl\":\"https:\\\/\\\/exaudi.org\\\/wp-content\\\/uploads\\\/2023\\\/11\\\/pexels-karolina-grabowska-4218588-scaled.jpg\",\"datePublished\":\"2023-11-22T07:30:30+00:00\",\"author\":{\"@id\":\"https:\\\/\\\/exaudi.org\\\/#\\\/schema\\\/person\\\/f2d4ad1e1e2bb7dad42a623b75b7166b\"},\"breadcrumb\":{\"@id\":\"https:\\\/\\\/exaudi.org\\\/es\\\/bello-es-el-riesgo-2\\\/#breadcrumb\"},\"inLanguage\":\"es\",\"potentialAction\":[{\"@type\":\"ReadAction\",\"target\":[\"https:\\\/\\\/exaudi.org\\\/es\\\/bello-es-el-riesgo-2\\\/\"]}]},{\"@type\":\"ImageObject\",\"inLanguage\":\"es\",\"@id\":\"https:\\\/\\\/exaudi.org\\\/es\\\/bello-es-el-riesgo-2\\\/#primaryimage\",\"url\":\"https:\\\/\\\/exaudi.org\\\/wp-content\\\/uploads\\\/2023\\\/11\\\/pexels-karolina-grabowska-4218588-scaled.jpg\",\"contentUrl\":\"https:\\\/\\\/exaudi.org\\\/wp-content\\\/uploads\\\/2023\\\/11\\\/pexels-karolina-grabowska-4218588-scaled.jpg\",\"width\":2560,\"height\":1707},{\"@type\":\"BreadcrumbList\",\"@id\":\"https:\\\/\\\/exaudi.org\\\/es\\\/bello-es-el-riesgo-2\\\/#breadcrumb\",\"itemListElement\":[{\"@type\":\"ListItem\",\"position\":1,\"name\":\"Portada\",\"item\":\"https:\\\/\\\/exaudi.org\\\/es\\\/\"},{\"@type\":\"ListItem\",\"position\":2,\"name\":\"Bello es el riesgo\"}]},{\"@type\":\"WebSite\",\"@id\":\"https:\\\/\\\/exaudi.org\\\/#website\",\"url\":\"https:\\\/\\\/exaudi.org\\\/\",\"name\":\"Exaudi\",\"description\":\"News\",\"potentialAction\":[{\"@type\":\"SearchAction\",\"target\":{\"@type\":\"EntryPoint\",\"urlTemplate\":\"https:\\\/\\\/exaudi.org\\\/?s={search_term_string}\"},\"query-input\":{\"@type\":\"PropertyValueSpecification\",\"valueRequired\":true,\"valueName\":\"search_term_string\"}}],\"inLanguage\":\"es\"},{\"@type\":\"Person\",\"@id\":\"https:\\\/\\\/exaudi.org\\\/#\\\/schema\\\/person\\\/f2d4ad1e1e2bb7dad42a623b75b7166b\",\"name\":\"Francisco Bobadilla\",\"image\":{\"@type\":\"ImageObject\",\"inLanguage\":\"es\",\"@id\":\"https:\\\/\\\/secure.gravatar.com\\\/avatar\\\/8d65d74eeda045f5ef133a25b739fed12768ab871a0ddb2772cf98408d61ee37?s=96&d=mm&r=g\",\"url\":\"https:\\\/\\\/secure.gravatar.com\\\/avatar\\\/8d65d74eeda045f5ef133a25b739fed12768ab871a0ddb2772cf98408d61ee37?s=96&d=mm&r=g\",\"contentUrl\":\"https:\\\/\\\/secure.gravatar.com\\\/avatar\\\/8d65d74eeda045f5ef133a25b739fed12768ab871a0ddb2772cf98408d61ee37?s=96&d=mm&r=g\",\"caption\":\"Francisco Bobadilla\"},\"description\":\"Francisco Bobadilla es profesor principal de la Universidad de Piura, donde dicta clases para el pre-grado y posgrado. Interesado en las Humanidades y en la dimensi\u00f3n \u00e9tica de la conducta humana. Lector habitual, de cuyas lecturas se nutre en gran parte este blog. Es autor, entre otros, de los libros \u201cPasi\u00f3n por la Excelencia\u201d, \u201cEmpresas con alma\u201d, \u00abProgreso econ\u00f3mico y desarrollo humano\u00bb, \u00abEl C\u00f3digo da Vinci: de la ficci\u00f3n a la realidad\u00bb; \u00abLa disponibilidad de los derechos de la personalidad\u00bb. Abogado y Master en Derecho Civil por la PUCP, doctor en Derecho por la Universidad de Zaragoza; Licenciado en Ciencias de la Informaci\u00f3n por la Universidad de Piura. Sus temas: pensamiento pol\u00edtico y social, \u00e9tica y cultura, derechos de la persona.\",\"sameAs\":[\"https:\\\/\\\/tertuliaabierta.wordpress.com\\\/\"],\"url\":\"https:\\\/\\\/exaudi.org\\\/es\\\/author\\\/francisco-bobadilla\\\/\"}]}<\/script>\n<!-- \/ Yoast SEO plugin. -->","yoast_head_json":{"title":"Bello es el riesgo &#8211; Exaudi","robots":{"index":"index","follow":"follow","max-snippet":"max-snippet:-1","max-image-preview":"max-image-preview:large","max-video-preview":"max-video-preview:-1"},"canonical":"https:\/\/exaudi.org\/es\/bello-es-el-riesgo-2\/","og_locale":"es_ES","og_type":"article","og_title":"Bello es el riesgo &#8211; Exaudi","og_description":"De creernos inmortales, de vivir en tensi\u00f3n hacia lo excelso, aunque nos falten pruebas y acudamos a la fe y a los cantos de los ni\u00f1os","og_url":"https:\/\/exaudi.org\/es\/bello-es-el-riesgo-2\/","og_site_name":"Exaudi","article_publisher":"https:\/\/www.facebook.com\/ExaudiNews","article_published_time":"2023-11-22T07:30:30+00:00","og_image":[{"width":2560,"height":1707,"url":"https:\/\/exaudi.org\/wp-content\/uploads\/2023\/11\/pexels-karolina-grabowska-4218588-scaled.jpg","type":"image\/jpeg"}],"author":"Francisco Bobadilla","twitter_card":"summary_large_image","twitter_creator":"@Exaudi_News","twitter_site":"@Exaudi_News","twitter_misc":{"Escrito por":"Francisco Bobadilla","Tiempo de lectura":"3 minutos"},"schema":{"@context":"https:\/\/schema.org","@graph":[{"@type":"Article","@id":"https:\/\/exaudi.org\/es\/bello-es-el-riesgo-2\/#article","isPartOf":{"@id":"https:\/\/exaudi.org\/es\/bello-es-el-riesgo-2\/"},"author":{"name":"Francisco Bobadilla","@id":"https:\/\/exaudi.org\/#\/schema\/person\/f2d4ad1e1e2bb7dad42a623b75b7166b"},"headline":"Bello es el riesgo","datePublished":"2023-11-22T07:30:30+00:00","mainEntityOfPage":{"@id":"https:\/\/exaudi.org\/es\/bello-es-el-riesgo-2\/"},"wordCount":671,"image":{"@id":"https:\/\/exaudi.org\/es\/bello-es-el-riesgo-2\/#primaryimage"},"thumbnailUrl":"https:\/\/exaudi.org\/wp-content\/uploads\/2023\/11\/pexels-karolina-grabowska-4218588-scaled.jpg","keywords":["belleza","Marcela Duque","Poes\u00eda","Riesgo","Trending"],"articleSection":["Voces"],"inLanguage":"es"},{"@type":"WebPage","@id":"https:\/\/exaudi.org\/es\/bello-es-el-riesgo-2\/","url":"https:\/\/exaudi.org\/es\/bello-es-el-riesgo-2\/","name":"Bello es el riesgo &#8211; Exaudi","isPartOf":{"@id":"https:\/\/exaudi.org\/#website"},"primaryImageOfPage":{"@id":"https:\/\/exaudi.org\/es\/bello-es-el-riesgo-2\/#primaryimage"},"image":{"@id":"https:\/\/exaudi.org\/es\/bello-es-el-riesgo-2\/#primaryimage"},"thumbnailUrl":"https:\/\/exaudi.org\/wp-content\/uploads\/2023\/11\/pexels-karolina-grabowska-4218588-scaled.jpg","datePublished":"2023-11-22T07:30:30+00:00","author":{"@id":"https:\/\/exaudi.org\/#\/schema\/person\/f2d4ad1e1e2bb7dad42a623b75b7166b"},"breadcrumb":{"@id":"https:\/\/exaudi.org\/es\/bello-es-el-riesgo-2\/#breadcrumb"},"inLanguage":"es","potentialAction":[{"@type":"ReadAction","target":["https:\/\/exaudi.org\/es\/bello-es-el-riesgo-2\/"]}]},{"@type":"ImageObject","inLanguage":"es","@id":"https:\/\/exaudi.org\/es\/bello-es-el-riesgo-2\/#primaryimage","url":"https:\/\/exaudi.org\/wp-content\/uploads\/2023\/11\/pexels-karolina-grabowska-4218588-scaled.jpg","contentUrl":"https:\/\/exaudi.org\/wp-content\/uploads\/2023\/11\/pexels-karolina-grabowska-4218588-scaled.jpg","width":2560,"height":1707},{"@type":"BreadcrumbList","@id":"https:\/\/exaudi.org\/es\/bello-es-el-riesgo-2\/#breadcrumb","itemListElement":[{"@type":"ListItem","position":1,"name":"Portada","item":"https:\/\/exaudi.org\/es\/"},{"@type":"ListItem","position":2,"name":"Bello es el riesgo"}]},{"@type":"WebSite","@id":"https:\/\/exaudi.org\/#website","url":"https:\/\/exaudi.org\/","name":"Exaudi","description":"News","potentialAction":[{"@type":"SearchAction","target":{"@type":"EntryPoint","urlTemplate":"https:\/\/exaudi.org\/?s={search_term_string}"},"query-input":{"@type":"PropertyValueSpecification","valueRequired":true,"valueName":"search_term_string"}}],"inLanguage":"es"},{"@type":"Person","@id":"https:\/\/exaudi.org\/#\/schema\/person\/f2d4ad1e1e2bb7dad42a623b75b7166b","name":"Francisco Bobadilla","image":{"@type":"ImageObject","inLanguage":"es","@id":"https:\/\/secure.gravatar.com\/avatar\/8d65d74eeda045f5ef133a25b739fed12768ab871a0ddb2772cf98408d61ee37?s=96&d=mm&r=g","url":"https:\/\/secure.gravatar.com\/avatar\/8d65d74eeda045f5ef133a25b739fed12768ab871a0ddb2772cf98408d61ee37?s=96&d=mm&r=g","contentUrl":"https:\/\/secure.gravatar.com\/avatar\/8d65d74eeda045f5ef133a25b739fed12768ab871a0ddb2772cf98408d61ee37?s=96&d=mm&r=g","caption":"Francisco Bobadilla"},"description":"Francisco Bobadilla es profesor principal de la Universidad de Piura, donde dicta clases para el pre-grado y posgrado. Interesado en las Humanidades y en la dimensi\u00f3n \u00e9tica de la conducta humana. Lector habitual, de cuyas lecturas se nutre en gran parte este blog. Es autor, entre otros, de los libros \u201cPasi\u00f3n por la Excelencia\u201d, \u201cEmpresas con alma\u201d, \u00abProgreso econ\u00f3mico y desarrollo humano\u00bb, \u00abEl C\u00f3digo da Vinci: de la ficci\u00f3n a la realidad\u00bb; \u00abLa disponibilidad de los derechos de la personalidad\u00bb. Abogado y Master en Derecho Civil por la PUCP, doctor en Derecho por la Universidad de Zaragoza; Licenciado en Ciencias de la Informaci\u00f3n por la Universidad de Piura. Sus temas: pensamiento pol\u00edtico y social, \u00e9tica y cultura, derechos de la persona.","sameAs":["https:\/\/tertuliaabierta.wordpress.com\/"],"url":"https:\/\/exaudi.org\/es\/author\/francisco-bobadilla\/"}]}},"jetpack_featured_media_url":"https:\/\/exaudi.org\/wp-content\/uploads\/2023\/11\/pexels-karolina-grabowska-4218588-scaled.jpg","jetpack_shortlink":"https:\/\/wp.me\/pgKjF2-n06","_links":{"self":[{"href":"https:\/\/exaudi.org\/es\/wp-json\/wp\/v2\/posts\/88418","targetHints":{"allow":["GET"]}}],"collection":[{"href":"https:\/\/exaudi.org\/es\/wp-json\/wp\/v2\/posts"}],"about":[{"href":"https:\/\/exaudi.org\/es\/wp-json\/wp\/v2\/types\/post"}],"author":[{"embeddable":true,"href":"https:\/\/exaudi.org\/es\/wp-json\/wp\/v2\/users\/109"}],"replies":[{"embeddable":true,"href":"https:\/\/exaudi.org\/es\/wp-json\/wp\/v2\/comments?post=88418"}],"version-history":[{"count":0,"href":"https:\/\/exaudi.org\/es\/wp-json\/wp\/v2\/posts\/88418\/revisions"}],"wp:featuredmedia":[{"embeddable":true,"href":"https:\/\/exaudi.org\/es\/wp-json\/wp\/v2\/media\/88420"}],"wp:attachment":[{"href":"https:\/\/exaudi.org\/es\/wp-json\/wp\/v2\/media?parent=88418"}],"wp:term":[{"taxonomy":"category","embeddable":true,"href":"https:\/\/exaudi.org\/es\/wp-json\/wp\/v2\/categories?post=88418"},{"taxonomy":"post_tag","embeddable":true,"href":"https:\/\/exaudi.org\/es\/wp-json\/wp\/v2\/tags?post=88418"}],"curies":[{"name":"wp","href":"https:\/\/api.w.org\/{rel}","templated":true}]}}