{"id":88365,"date":"2023-11-21T10:06:35","date_gmt":"2023-11-21T09:06:35","guid":{"rendered":"https:\/\/exaudi.org\/?p=88365"},"modified":"2023-11-22T14:02:52","modified_gmt":"2023-11-22T13:02:52","slug":"papa-francisco-la-pequenez-es-el-camino-para-encontrar-a-dios","status":"publish","type":"post","link":"https:\/\/exaudi.org\/es\/papa-francisco-la-pequenez-es-el-camino-para-encontrar-a-dios\/","title":{"rendered":"Papa Francisco: \u00abLa peque\u00f1ez es el camino para encontrar a Dios\u00bb"},"content":{"rendered":"<div class=\"article__subTitle\">\n<audio class=\"wp-audio-shortcode\" id=\"audio-88365-1\" preload=\"none\" style=\"width: 100%;\" controls=\"controls\"><source type=\"audio\/mpeg\" src=\"https:\/\/exaudi.org\/wp-content\/uploads\/2023\/11\/pequenez-.mp3?_=1\" \/><a href=\"https:\/\/exaudi.org\/wp-content\/uploads\/2023\/11\/pequenez-.mp3\">https:\/\/exaudi.org\/wp-content\/uploads\/2023\/11\/pequenez-.mp3<\/a><\/audio>\n<p>Un volumen publicado por Piemme en coedici\u00f3n con la Libreria Editrice Vaticana recoge una serie de textos, reflexiones, discursos y homil\u00edas que el Papa ha dedicado a la obra de la Natividad. He aqu\u00ed el texto \u00edntegro de la introducci\u00f3n firmada por el Papa.<\/p>\n<\/div>\n<div class=\"article__text\">\n<p>Dos veces he deseado ir a visitar Greccio. La primera para conocer el lugar donde San Francisco de As\u00eds invent\u00f3 el pesebre, algo que tambi\u00e9n marc\u00f3 mi infancia: en casa de mis padres, en Buenos Aires, nunca faltaba este signo de la Navidad, incluso antes que el \u00e1rbol.<\/p>\n<p>La segunda vez volv\u00ed con gusto a aquel lugar, hoy en la provincia de Rieti, para firmar la Carta Apost\u00f3lica Admirabile signum sobre el sentido y el significado del bel\u00e9n en la actualidad. En ambas ocasiones sent\u00ed una emoci\u00f3n especial que emanaba de la gruta donde se puede admirar un fresco medieval que representa la noche de Bel\u00e9n y la noche de Greccio, colocadas por el artista como en paralelo.<\/p>\n<p>La emoci\u00f3n de esa visi\u00f3n me impulsa a profundizar en el misterio cristiano que ama esconderse en lo infinitamente peque\u00f1o. En efecto, la encarnaci\u00f3n de Jesucristo sigue siendo el coraz\u00f3n de la revelaci\u00f3n de Dios, aunque se olvide f\u00e1cilmente que su despliegue es tan discreto que pasa desapercibido.<\/p>\n<p>En efecto, la peque\u00f1ez es el camino para encontrar a Dios. En un epitafio conmemorativo de San Ignacio de Loyola encontramos escrito: \u00abNon coerceri a maximo, sed contineri a minimo, divinum est\u00bb. Es divino tener ideales que no est\u00e9n limitados por nada de lo que existe, sino ideales que al mismo tiempo est\u00e9n contenidos y vividos en las cosas m\u00e1s peque\u00f1as de la vida. En resumen, no hay que asustarse de las cosas grandes, hay que avanzar y estar atento a las cosas m\u00e1s peque\u00f1as.<\/p>\n<p>Por eso, salvaguardar el esp\u00edritu del pesebre se convierte en una sana inmersi\u00f3n en la presencia de Dios que se manifiesta en las peque\u00f1as cosas cotidianas, a veces banales y repetitivas. Saber renunciar a lo que seduce, pero lleva por mal camino, para comprender y elegir los caminos de Dios, es la tarea que nos espera. En este sentido, el discernimiento es un gran don, y nunca hay que cansarse de pedirlo en la oraci\u00f3n. Los pastores del pesebre son los que acogen la sorpresa de Dios y viven su encuentro con \u00c9l con asombro, ador\u00e1ndolo: en su peque\u00f1ez reconocen el rostro de Dios. Humanamente todos estamos inclinados a buscar la grandeza, pero es un don saber encontrarla de verdad: saber encontrar la grandeza en esa peque\u00f1ez que Dios tanto ama.<\/p>\n<p>En enero de 2016, me encontr\u00e9 con los j\u00f3venes de Rieti en el oasis del Ni\u00f1o Jes\u00fas, justo encima del santuario del pesebre. A ellos, y a todos hoy, les record\u00e9 que en la noche de Navidad hay dos signos que nos gu\u00edan para reconocer a Jes\u00fas. Uno es el cielo lleno de estrellas. Hay muchas, infinitas, de esas estrellas, pero entre todas destaca una estrella especial, la que llev\u00f3 a los Magos a dejar sus casas y emprender un viaje, un camino que no sab\u00edan ad\u00f3nde los llevar\u00eda. Lo mismo ocurre en nuestras vidas: en un momento dado, alguna \u00abestrella\u00bb especial nos invita a tomar una decisi\u00f3n, a hacer una elecci\u00f3n, a emprender un camino. Debemos pedir con fuerza a Dios que nos muestre esa estrella que nos empuja hacia algo m\u00e1s que nuestras costumbres, porque esa estrella nos llevar\u00e1 a contemplar a Jes\u00fas, ese ni\u00f1o que nace en Bel\u00e9n y que quiere nuestra felicidad plena.<\/p>\n<p>En esa noche santificada por el nacimiento del Salvador encontramos otro signo poderoso: la peque\u00f1ez de Dios. Los \u00e1ngeles se\u00f1alan a los pastores un ni\u00f1o nacido en un pesebre. No es un signo de poder, autosuficiencia o soberbia. No. El Dios eterno se aniquila en un ser humano indefenso, manso y humilde. Dios se abaj\u00f3 para que pudi\u00e9ramos caminar con \u00c9l y para poder colocarse a nuestro lado, no por encima y lejos nuestro.<\/p>\n<p>Asombro y maravilla son los dos sentimientos que conmueven a todos, peque\u00f1os y grandes, ante el bel\u00e9n, que es como un Evangelio vivo que desborda de las p\u00e1ginas de la Sagrada Escritura. No importa c\u00f3mo est\u00e9 montado el bel\u00e9n, puede ser siempre el mismo o cambiar cada a\u00f1o; lo que importa es que hable a la vida.<\/p>\n<p>El primer bi\u00f3grafo de san Francisco, Tom\u00e1s de Celano, describe la noche de Navidad de 1223, cuyo octavo centenario celebramos este a\u00f1o. Cuando Francisco lleg\u00f3, encontr\u00f3 el pesebre con el heno, el buey y el asno. La gente que se hab\u00eda congregado all\u00ed manifest\u00f3 una alegr\u00eda indecible, nunca antes experimentada, ante la escena de la Navidad. A continuaci\u00f3n, el sacerdote celebr\u00f3 solemnemente la Eucarist\u00eda en el pesebre, mostrando el v\u00ednculo entre la Encarnaci\u00f3n del Hijo de Dios y la Eucarist\u00eda. En aquella ocasi\u00f3n, no hab\u00eda estatuillas en Greccio: el bel\u00e9n lo hac\u00edan y lo viv\u00edan los presentes.<\/p>\n<p>Estoy convencido de que el primer bel\u00e9n, que llev\u00f3 a cabo una gran obra de evangelizaci\u00f3n, puede ser tambi\u00e9n hoy ocasi\u00f3n de suscitar asombro y admiraci\u00f3n. As\u00ed, lo que san Francisco comenz\u00f3 con la sencillez de aquel signo persiste hasta nuestros d\u00edas, como forma genuina de la belleza de nuestra fe.<\/p>\n<\/div>\n","protected":false},"excerpt":{"rendered":"<p>El Papa Francisco narra el pesebre en un libro<\/p>\n","protected":false},"author":15,"featured_media":88366,"comment_status":"closed","ping_status":"closed","sticky":false,"template":"","format":"standard","meta":{"_acf_changed":false,"_crdt_document":"","inline_featured_image":false,"footnotes":""},"categories":[68],"tags":[4699,1179,4700,158,7747,4953],"class_list":["post-88365","post","type-post","status-publish","format-standard","has-post-thumbnail","hentry","category-leon-xiv","tag-belen","tag-libro","tag-navidad","tag-papa-francisco","tag-pesebre","tag-trending-es"],"acf":[],"yoast_head":"<!-- This site is optimized with the Yoast SEO plugin v27.5 - https:\/\/yoast.com\/product\/yoast-seo-wordpress\/ -->\n<title>Papa Francisco: &quot;La peque\u00f1ez es el camino para encontrar a Dios&quot; &#8211; Exaudi<\/title>\n<meta name=\"robots\" content=\"index, follow, max-snippet:-1, max-image-preview:large, max-video-preview:-1\" \/>\n<link rel=\"canonical\" href=\"https:\/\/exaudi.org\/es\/papa-francisco-la-pequenez-es-el-camino-para-encontrar-a-dios\/\" \/>\n<meta property=\"og:locale\" content=\"es_ES\" \/>\n<meta property=\"og:type\" content=\"article\" \/>\n<meta property=\"og:title\" content=\"Papa Francisco: &quot;La peque\u00f1ez es el camino para encontrar a Dios&quot; &#8211; Exaudi\" \/>\n<meta property=\"og:description\" content=\"El Papa Francisco narra el pesebre en un libro\" \/>\n<meta property=\"og:url\" content=\"https:\/\/exaudi.org\/es\/papa-francisco-la-pequenez-es-el-camino-para-encontrar-a-dios\/\" \/>\n<meta property=\"og:site_name\" content=\"Exaudi\" \/>\n<meta property=\"article:publisher\" content=\"https:\/\/www.facebook.com\/ExaudiNews\" \/>\n<meta property=\"article:author\" content=\"https:\/\/www.facebook.com\/ExaudiNoticias\/\" \/>\n<meta property=\"article:published_time\" content=\"2023-11-21T09:06:35+00:00\" \/>\n<meta property=\"article:modified_time\" content=\"2023-11-22T13:02:52+00:00\" \/>\n<meta property=\"og:image\" content=\"https:\/\/exaudi.org\/wp-content\/uploads\/2023\/11\/cq5dam.thumbnail.cropped.750.422-25.jpeg\" \/>\n\t<meta property=\"og:image:width\" content=\"750\" \/>\n\t<meta property=\"og:image:height\" content=\"422\" \/>\n\t<meta property=\"og:image:type\" content=\"image\/jpeg\" \/>\n<meta name=\"author\" content=\"Exaudi Redacci\u00f3n\" \/>\n<meta name=\"twitter:card\" content=\"summary_large_image\" \/>\n<meta name=\"twitter:creator\" content=\"@Exaudi_noticias\" \/>\n<meta name=\"twitter:site\" content=\"@Exaudi_News\" \/>\n<meta name=\"twitter:label1\" content=\"Escrito por\" \/>\n\t<meta name=\"twitter:data1\" content=\"Exaudi Redacci\u00f3n\" \/>\n\t<meta name=\"twitter:label2\" content=\"Tiempo de lectura\" \/>\n\t<meta name=\"twitter:data2\" content=\"5 minutos\" \/>\n<script type=\"application\/ld+json\" class=\"yoast-schema-graph\">{\"@context\":\"https:\\\/\\\/schema.org\",\"@graph\":[{\"@type\":\"Article\",\"@id\":\"https:\\\/\\\/exaudi.org\\\/es\\\/papa-francisco-la-pequenez-es-el-camino-para-encontrar-a-dios\\\/#article\",\"isPartOf\":{\"@id\":\"https:\\\/\\\/exaudi.org\\\/es\\\/papa-francisco-la-pequenez-es-el-camino-para-encontrar-a-dios\\\/\"},\"author\":{\"name\":\"Exaudi Redacci\u00f3n\",\"@id\":\"https:\\\/\\\/exaudi.org\\\/#\\\/schema\\\/person\\\/f5fc8f063065e38742da7afe15f25df7\"},\"headline\":\"Papa Francisco: \u00abLa peque\u00f1ez es el camino para encontrar a Dios\u00bb\",\"datePublished\":\"2023-11-21T09:06:35+00:00\",\"dateModified\":\"2023-11-22T13:02:52+00:00\",\"mainEntityOfPage\":{\"@id\":\"https:\\\/\\\/exaudi.org\\\/es\\\/papa-francisco-la-pequenez-es-el-camino-para-encontrar-a-dios\\\/\"},\"wordCount\":957,\"image\":{\"@id\":\"https:\\\/\\\/exaudi.org\\\/es\\\/papa-francisco-la-pequenez-es-el-camino-para-encontrar-a-dios\\\/#primaryimage\"},\"thumbnailUrl\":\"https:\\\/\\\/exaudi.org\\\/wp-content\\\/uploads\\\/2023\\\/11\\\/cq5dam.thumbnail.cropped.750.422-25.jpeg\",\"keywords\":[\"Bel\u00e9n\",\"Libro\",\"navidad\",\"papa francisco\",\"Pesebre\",\"Trending\"],\"articleSection\":[\"Le\u00f3n XIV\"],\"inLanguage\":\"es\"},{\"@type\":\"WebPage\",\"@id\":\"https:\\\/\\\/exaudi.org\\\/es\\\/papa-francisco-la-pequenez-es-el-camino-para-encontrar-a-dios\\\/\",\"url\":\"https:\\\/\\\/exaudi.org\\\/es\\\/papa-francisco-la-pequenez-es-el-camino-para-encontrar-a-dios\\\/\",\"name\":\"Papa Francisco: \\\"La peque\u00f1ez es el camino para encontrar a Dios\\\" &#8211; Exaudi\",\"isPartOf\":{\"@id\":\"https:\\\/\\\/exaudi.org\\\/#website\"},\"primaryImageOfPage\":{\"@id\":\"https:\\\/\\\/exaudi.org\\\/es\\\/papa-francisco-la-pequenez-es-el-camino-para-encontrar-a-dios\\\/#primaryimage\"},\"image\":{\"@id\":\"https:\\\/\\\/exaudi.org\\\/es\\\/papa-francisco-la-pequenez-es-el-camino-para-encontrar-a-dios\\\/#primaryimage\"},\"thumbnailUrl\":\"https:\\\/\\\/exaudi.org\\\/wp-content\\\/uploads\\\/2023\\\/11\\\/cq5dam.thumbnail.cropped.750.422-25.jpeg\",\"datePublished\":\"2023-11-21T09:06:35+00:00\",\"dateModified\":\"2023-11-22T13:02:52+00:00\",\"author\":{\"@id\":\"https:\\\/\\\/exaudi.org\\\/#\\\/schema\\\/person\\\/f5fc8f063065e38742da7afe15f25df7\"},\"breadcrumb\":{\"@id\":\"https:\\\/\\\/exaudi.org\\\/es\\\/papa-francisco-la-pequenez-es-el-camino-para-encontrar-a-dios\\\/#breadcrumb\"},\"inLanguage\":\"es\",\"potentialAction\":[{\"@type\":\"ReadAction\",\"target\":[\"https:\\\/\\\/exaudi.org\\\/es\\\/papa-francisco-la-pequenez-es-el-camino-para-encontrar-a-dios\\\/\"]}]},{\"@type\":\"ImageObject\",\"inLanguage\":\"es\",\"@id\":\"https:\\\/\\\/exaudi.org\\\/es\\\/papa-francisco-la-pequenez-es-el-camino-para-encontrar-a-dios\\\/#primaryimage\",\"url\":\"https:\\\/\\\/exaudi.org\\\/wp-content\\\/uploads\\\/2023\\\/11\\\/cq5dam.thumbnail.cropped.750.422-25.jpeg\",\"contentUrl\":\"https:\\\/\\\/exaudi.org\\\/wp-content\\\/uploads\\\/2023\\\/11\\\/cq5dam.thumbnail.cropped.750.422-25.jpeg\",\"width\":750,\"height\":422},{\"@type\":\"BreadcrumbList\",\"@id\":\"https:\\\/\\\/exaudi.org\\\/es\\\/papa-francisco-la-pequenez-es-el-camino-para-encontrar-a-dios\\\/#breadcrumb\",\"itemListElement\":[{\"@type\":\"ListItem\",\"position\":1,\"name\":\"Portada\",\"item\":\"https:\\\/\\\/exaudi.org\\\/es\\\/\"},{\"@type\":\"ListItem\",\"position\":2,\"name\":\"Papa Francisco: \u00abLa peque\u00f1ez es el camino para encontrar a Dios\u00bb\"}]},{\"@type\":\"WebSite\",\"@id\":\"https:\\\/\\\/exaudi.org\\\/#website\",\"url\":\"https:\\\/\\\/exaudi.org\\\/\",\"name\":\"Exaudi\",\"description\":\"News\",\"potentialAction\":[{\"@type\":\"SearchAction\",\"target\":{\"@type\":\"EntryPoint\",\"urlTemplate\":\"https:\\\/\\\/exaudi.org\\\/?s={search_term_string}\"},\"query-input\":{\"@type\":\"PropertyValueSpecification\",\"valueRequired\":true,\"valueName\":\"search_term_string\"}}],\"inLanguage\":\"es\"},{\"@type\":\"Person\",\"@id\":\"https:\\\/\\\/exaudi.org\\\/#\\\/schema\\\/person\\\/f5fc8f063065e38742da7afe15f25df7\",\"name\":\"Exaudi Redacci\u00f3n\",\"image\":{\"@type\":\"ImageObject\",\"inLanguage\":\"es\",\"@id\":\"https:\\\/\\\/secure.gravatar.com\\\/avatar\\\/fe0f6a059fb68d9b3e11bc5850dd4899b1c7492091a3cb6dd9b01b56ad828be2?s=96&d=mm&r=g\",\"url\":\"https:\\\/\\\/secure.gravatar.com\\\/avatar\\\/fe0f6a059fb68d9b3e11bc5850dd4899b1c7492091a3cb6dd9b01b56ad828be2?s=96&d=mm&r=g\",\"contentUrl\":\"https:\\\/\\\/secure.gravatar.com\\\/avatar\\\/fe0f6a059fb68d9b3e11bc5850dd4899b1c7492091a3cb6dd9b01b56ad828be2?s=96&d=mm&r=g\",\"caption\":\"Exaudi Redacci\u00f3n\"},\"description\":\"\u00bfQu\u00e9 es Exaudi News? Exaudi News es un medio de comunicaci\u00f3n cat\u00f3lico internacional que informa, forma y transforma, diariamente en espa\u00f1ol, ingl\u00e9s e italiano. A trav\u00e9s de noticias, art\u00edculos de an\u00e1lisis y transmisiones en directo de los eventos del Papa, Exaudi busca fortalecer la unidad de los cristianos y contribuir a la evangelizaci\u00f3n del mundo, siempre guiados por la doctrina social de la Iglesia. Trabajamos para acercar la verdad y los valores cristianos a cada rinc\u00f3n del planeta. \u00a1Ay\u00fadanos a transformar el mundo con Exaudi! En Exaudi creemos que la evangelizaci\u00f3n y la informaci\u00f3n de calidad pueden cambiar vidas. Para continuar con nuestra misi\u00f3n y expandir nuestro alcance, necesitamos tu ayuda. Adem\u00e1s, buscamos personas comprometidas que deseen unirse a nuestro equipo. Con tu apoyo, lograremos llegar a m\u00e1s personas, difundir el mensaje de Cristo y reforzar la unidad de los cristianos. \u00bfTe unes a nuestra misi\u00f3n? Para m\u00e1s informaci\u00f3n sobre c\u00f3mo colaborar, visita Exaudi.org\\\/es o cont\u00e1ctanos directamente: info@exaudi.org Exaudi: Informa, forma y transforma.\",\"sameAs\":[\"https:\\\/\\\/www.facebook.com\\\/ExaudiNoticias\\\/\",\"https:\\\/\\\/www.instagram.com\\\/exaudi_noticias\\\/\",\"https:\\\/\\\/x.com\\\/Exaudi_noticias\",\"https:\\\/\\\/www.youtube.com\\\/@exaudicatholicnews\"],\"url\":\"https:\\\/\\\/exaudi.org\\\/es\\\/author\\\/redaccionexaudi\\\/\"}]}<\/script>\n<!-- \/ Yoast SEO plugin. -->","yoast_head_json":{"title":"Papa Francisco: \"La peque\u00f1ez es el camino para encontrar a Dios\" &#8211; Exaudi","robots":{"index":"index","follow":"follow","max-snippet":"max-snippet:-1","max-image-preview":"max-image-preview:large","max-video-preview":"max-video-preview:-1"},"canonical":"https:\/\/exaudi.org\/es\/papa-francisco-la-pequenez-es-el-camino-para-encontrar-a-dios\/","og_locale":"es_ES","og_type":"article","og_title":"Papa Francisco: \"La peque\u00f1ez es el camino para encontrar a Dios\" &#8211; Exaudi","og_description":"El Papa Francisco narra el pesebre en un libro","og_url":"https:\/\/exaudi.org\/es\/papa-francisco-la-pequenez-es-el-camino-para-encontrar-a-dios\/","og_site_name":"Exaudi","article_publisher":"https:\/\/www.facebook.com\/ExaudiNews","article_author":"https:\/\/www.facebook.com\/ExaudiNoticias\/","article_published_time":"2023-11-21T09:06:35+00:00","article_modified_time":"2023-11-22T13:02:52+00:00","og_image":[{"width":750,"height":422,"url":"https:\/\/exaudi.org\/wp-content\/uploads\/2023\/11\/cq5dam.thumbnail.cropped.750.422-25.jpeg","type":"image\/jpeg"}],"author":"Exaudi Redacci\u00f3n","twitter_card":"summary_large_image","twitter_creator":"@Exaudi_noticias","twitter_site":"@Exaudi_News","twitter_misc":{"Escrito por":"Exaudi Redacci\u00f3n","Tiempo de lectura":"5 minutos"},"schema":{"@context":"https:\/\/schema.org","@graph":[{"@type":"Article","@id":"https:\/\/exaudi.org\/es\/papa-francisco-la-pequenez-es-el-camino-para-encontrar-a-dios\/#article","isPartOf":{"@id":"https:\/\/exaudi.org\/es\/papa-francisco-la-pequenez-es-el-camino-para-encontrar-a-dios\/"},"author":{"name":"Exaudi Redacci\u00f3n","@id":"https:\/\/exaudi.org\/#\/schema\/person\/f5fc8f063065e38742da7afe15f25df7"},"headline":"Papa Francisco: \u00abLa peque\u00f1ez es el camino para encontrar a Dios\u00bb","datePublished":"2023-11-21T09:06:35+00:00","dateModified":"2023-11-22T13:02:52+00:00","mainEntityOfPage":{"@id":"https:\/\/exaudi.org\/es\/papa-francisco-la-pequenez-es-el-camino-para-encontrar-a-dios\/"},"wordCount":957,"image":{"@id":"https:\/\/exaudi.org\/es\/papa-francisco-la-pequenez-es-el-camino-para-encontrar-a-dios\/#primaryimage"},"thumbnailUrl":"https:\/\/exaudi.org\/wp-content\/uploads\/2023\/11\/cq5dam.thumbnail.cropped.750.422-25.jpeg","keywords":["Bel\u00e9n","Libro","navidad","papa francisco","Pesebre","Trending"],"articleSection":["Le\u00f3n XIV"],"inLanguage":"es"},{"@type":"WebPage","@id":"https:\/\/exaudi.org\/es\/papa-francisco-la-pequenez-es-el-camino-para-encontrar-a-dios\/","url":"https:\/\/exaudi.org\/es\/papa-francisco-la-pequenez-es-el-camino-para-encontrar-a-dios\/","name":"Papa Francisco: \"La peque\u00f1ez es el camino para encontrar a Dios\" &#8211; Exaudi","isPartOf":{"@id":"https:\/\/exaudi.org\/#website"},"primaryImageOfPage":{"@id":"https:\/\/exaudi.org\/es\/papa-francisco-la-pequenez-es-el-camino-para-encontrar-a-dios\/#primaryimage"},"image":{"@id":"https:\/\/exaudi.org\/es\/papa-francisco-la-pequenez-es-el-camino-para-encontrar-a-dios\/#primaryimage"},"thumbnailUrl":"https:\/\/exaudi.org\/wp-content\/uploads\/2023\/11\/cq5dam.thumbnail.cropped.750.422-25.jpeg","datePublished":"2023-11-21T09:06:35+00:00","dateModified":"2023-11-22T13:02:52+00:00","author":{"@id":"https:\/\/exaudi.org\/#\/schema\/person\/f5fc8f063065e38742da7afe15f25df7"},"breadcrumb":{"@id":"https:\/\/exaudi.org\/es\/papa-francisco-la-pequenez-es-el-camino-para-encontrar-a-dios\/#breadcrumb"},"inLanguage":"es","potentialAction":[{"@type":"ReadAction","target":["https:\/\/exaudi.org\/es\/papa-francisco-la-pequenez-es-el-camino-para-encontrar-a-dios\/"]}]},{"@type":"ImageObject","inLanguage":"es","@id":"https:\/\/exaudi.org\/es\/papa-francisco-la-pequenez-es-el-camino-para-encontrar-a-dios\/#primaryimage","url":"https:\/\/exaudi.org\/wp-content\/uploads\/2023\/11\/cq5dam.thumbnail.cropped.750.422-25.jpeg","contentUrl":"https:\/\/exaudi.org\/wp-content\/uploads\/2023\/11\/cq5dam.thumbnail.cropped.750.422-25.jpeg","width":750,"height":422},{"@type":"BreadcrumbList","@id":"https:\/\/exaudi.org\/es\/papa-francisco-la-pequenez-es-el-camino-para-encontrar-a-dios\/#breadcrumb","itemListElement":[{"@type":"ListItem","position":1,"name":"Portada","item":"https:\/\/exaudi.org\/es\/"},{"@type":"ListItem","position":2,"name":"Papa Francisco: \u00abLa peque\u00f1ez es el camino para encontrar a Dios\u00bb"}]},{"@type":"WebSite","@id":"https:\/\/exaudi.org\/#website","url":"https:\/\/exaudi.org\/","name":"Exaudi","description":"News","potentialAction":[{"@type":"SearchAction","target":{"@type":"EntryPoint","urlTemplate":"https:\/\/exaudi.org\/?s={search_term_string}"},"query-input":{"@type":"PropertyValueSpecification","valueRequired":true,"valueName":"search_term_string"}}],"inLanguage":"es"},{"@type":"Person","@id":"https:\/\/exaudi.org\/#\/schema\/person\/f5fc8f063065e38742da7afe15f25df7","name":"Exaudi Redacci\u00f3n","image":{"@type":"ImageObject","inLanguage":"es","@id":"https:\/\/secure.gravatar.com\/avatar\/fe0f6a059fb68d9b3e11bc5850dd4899b1c7492091a3cb6dd9b01b56ad828be2?s=96&d=mm&r=g","url":"https:\/\/secure.gravatar.com\/avatar\/fe0f6a059fb68d9b3e11bc5850dd4899b1c7492091a3cb6dd9b01b56ad828be2?s=96&d=mm&r=g","contentUrl":"https:\/\/secure.gravatar.com\/avatar\/fe0f6a059fb68d9b3e11bc5850dd4899b1c7492091a3cb6dd9b01b56ad828be2?s=96&d=mm&r=g","caption":"Exaudi Redacci\u00f3n"},"description":"\u00bfQu\u00e9 es Exaudi News? Exaudi News es un medio de comunicaci\u00f3n cat\u00f3lico internacional que informa, forma y transforma, diariamente en espa\u00f1ol, ingl\u00e9s e italiano. A trav\u00e9s de noticias, art\u00edculos de an\u00e1lisis y transmisiones en directo de los eventos del Papa, Exaudi busca fortalecer la unidad de los cristianos y contribuir a la evangelizaci\u00f3n del mundo, siempre guiados por la doctrina social de la Iglesia. Trabajamos para acercar la verdad y los valores cristianos a cada rinc\u00f3n del planeta. \u00a1Ay\u00fadanos a transformar el mundo con Exaudi! En Exaudi creemos que la evangelizaci\u00f3n y la informaci\u00f3n de calidad pueden cambiar vidas. Para continuar con nuestra misi\u00f3n y expandir nuestro alcance, necesitamos tu ayuda. Adem\u00e1s, buscamos personas comprometidas que deseen unirse a nuestro equipo. Con tu apoyo, lograremos llegar a m\u00e1s personas, difundir el mensaje de Cristo y reforzar la unidad de los cristianos. \u00bfTe unes a nuestra misi\u00f3n? Para m\u00e1s informaci\u00f3n sobre c\u00f3mo colaborar, visita Exaudi.org\/es o cont\u00e1ctanos directamente: info@exaudi.org Exaudi: Informa, forma y transforma.","sameAs":["https:\/\/www.facebook.com\/ExaudiNoticias\/","https:\/\/www.instagram.com\/exaudi_noticias\/","https:\/\/x.com\/Exaudi_noticias","https:\/\/www.youtube.com\/@exaudicatholicnews"],"url":"https:\/\/exaudi.org\/es\/author\/redaccionexaudi\/"}]}},"jetpack_featured_media_url":"https:\/\/exaudi.org\/wp-content\/uploads\/2023\/11\/cq5dam.thumbnail.cropped.750.422-25.jpeg","jetpack_shortlink":"https:\/\/wp.me\/pgKjF2-mZf","_links":{"self":[{"href":"https:\/\/exaudi.org\/es\/wp-json\/wp\/v2\/posts\/88365","targetHints":{"allow":["GET"]}}],"collection":[{"href":"https:\/\/exaudi.org\/es\/wp-json\/wp\/v2\/posts"}],"about":[{"href":"https:\/\/exaudi.org\/es\/wp-json\/wp\/v2\/types\/post"}],"author":[{"embeddable":true,"href":"https:\/\/exaudi.org\/es\/wp-json\/wp\/v2\/users\/15"}],"replies":[{"embeddable":true,"href":"https:\/\/exaudi.org\/es\/wp-json\/wp\/v2\/comments?post=88365"}],"version-history":[{"count":0,"href":"https:\/\/exaudi.org\/es\/wp-json\/wp\/v2\/posts\/88365\/revisions"}],"wp:featuredmedia":[{"embeddable":true,"href":"https:\/\/exaudi.org\/es\/wp-json\/wp\/v2\/media\/88366"}],"wp:attachment":[{"href":"https:\/\/exaudi.org\/es\/wp-json\/wp\/v2\/media?parent=88365"}],"wp:term":[{"taxonomy":"category","embeddable":true,"href":"https:\/\/exaudi.org\/es\/wp-json\/wp\/v2\/categories?post=88365"},{"taxonomy":"post_tag","embeddable":true,"href":"https:\/\/exaudi.org\/es\/wp-json\/wp\/v2\/tags?post=88365"}],"curies":[{"name":"wp","href":"https:\/\/api.w.org\/{rel}","templated":true}]}}