{"id":88164,"date":"2023-11-18T09:39:10","date_gmt":"2023-11-18T08:39:10","guid":{"rendered":"https:\/\/exaudi.org\/?p=88164"},"modified":"2023-11-18T09:39:10","modified_gmt":"2023-11-18T08:39:10","slug":"monsenor-yao-shun-el-acuerdo-china-santa-sede-ayuda-a-la-pastoral","status":"publish","type":"post","link":"https:\/\/exaudi.org\/es\/monsenor-yao-shun-el-acuerdo-china-santa-sede-ayuda-a-la-pastoral\/","title":{"rendered":"Monse\u00f1or Yao Shun: El acuerdo China-Santa Sede ayuda a la pastoral"},"content":{"rendered":"<p>\u00abHa sido un gran honor para m\u00ed participar en este importante encuentro. Junto con el obispo Joseph Yang, hemos acudido para representar a la Iglesia en China. Tambi\u00e9n estoy muy agradecido por la invitaci\u00f3n del Papa. He acudido al S\u00ednodo con muchas expectativas\u00bb. Monse\u00f1or Antonio Yao Shun, de 58 a\u00f1os, el primer obispo ordenado tras el Acuerdo Provisional entre la Santa Sede y China en septiembre de 2018, comienza su\u00a0<a href=\"http:\/\/www.fides.org\/es\/news\/74416-ASIA_CHINA_El_Obispo_y_padre_sinodal_Antonio_Yao_Shun_El_Acuerdo_China_Santa_Sede_facilita_el_trabajo_pastoral_para_el_anuncio_del_Evangelio\" target=\"_blank\" rel=\"external nofollow noopener\">entrevista con la Agencia Fides<\/a>\u00a0hablando del S\u00ednodo de octubre, donde llev\u00f3 junto a otro prelado la realidad de la Iglesia en su pa\u00eds, encontrando -dice- \u00abinter\u00e9s \u00bb de saber m\u00e1s por parte de los dem\u00e1s participantes en la asamblea.<\/p>\n<h2>El Acuerdo\u00a0<b><\/b>Santa Sede-China mejora las relaciones<\/h2>\n<p>Sobre el documento que hace cinco a\u00f1os inaugur\u00f3 una nueva temporada en las relaciones entre el Vaticano y Pek\u00edn, monse\u00f1or Yao Shun -que dirige la di\u00f3cesis de Jining\/Wumeng, en la Regi\u00f3n Aut\u00f3noma de Mongolia Interior- habla de la \u00abopini\u00f3n predominante\u00bb seg\u00fan la cual el Acuerdo Provisional se considera \u00abmuy significativo e importante\u00bb porque, explica, \u00ababre el camino para promover la integraci\u00f3n y la unidad entre la Iglesia en China y la Iglesia universal, y facilita la labor pastoral y el anuncio del Evangelio de la Iglesia en China\u00bb, adem\u00e1s de contribuir a mejorar las relaciones entre China y la Santa Sede.<\/p>\n<h2>La Iglesia ofr<b><\/b>ece consuelo<\/h2>\n<p>Monse\u00f1or Yao se\u00f1ala tambi\u00e9n que la primera misi\u00f3n a la que est\u00e1n llamados los cat\u00f3licos chinos es \u00abmostrar la misericordia y el amor de Dios a todos los dem\u00e1s chinos. Nos importan mucho las necesidades de la sociedad, especialmente las de los pobres y los que sufren, e intentamos ayudarles de todas las maneras posibles\u00bb, asegura, a\u00f1adiendo que \u00abexiste un cierto n\u00famero de j\u00f3venes y adultos que piden el bautismo y lo reciben\u00bb atra\u00eddos por \u00abel buen ejemplo que dan los feligreses y la actitud cari\u00f1osa, alentadora y reconfortante de la Iglesia local hacia ellos\u00bb.<\/p>\n<h2>Monse\u00f1or Yang Yong<b><\/b>qiang: que la Iglesia en China haga siempre el bien<\/h2>\n<p>En la misma l\u00ednea se expres\u00f3 el otro obispo chino presente en Roma en octubre, agradecido al Papa por haber tenido durante el S\u00ednodo \u00abla oportunidad de compartir mi camino de fe mientras escuchaba el de los dem\u00e1s\u00bb. Tambi\u00e9n\u00a0<a href=\"http:\/\/www.fides.org\/es\/news\/74418-ASIA_CHINA_El_obispo_Joseph_Yang_muy_honrado_de_haber_participado_en_el_Sinodo_cita_a_Confucio_Es_un_placer_tener_amigos_que_vienen_de_lejos\" target=\"_blank\" rel=\"external nofollow noopener\">habl\u00f3 con la Agencia Fides<\/a>\u00a0monse\u00f1or Joseph Yang Yongqiang, de 53 a\u00f1os, obispo de Zhoucun, en la provincia china de Shandong, recordando en particular los pasajes de su vida como cristiano y luego como sacerdote, con sus primeros compromisos pastorales en algunos pueblos.\u00a0 \u00abEl trabajo pastoral en la parroquia me gust\u00f3 mucho, as\u00ed como el trabajo en el seminario\u00bb, se\u00f1al\u00f3, \u00abas\u00ed que me dediqu\u00e9 a tiempo completo a las obras cat\u00f3licas en la provincia. He afrontado muchos problemas y desaf\u00edos llevando siempre al Se\u00f1or en mi coraz\u00f3n, por lo que la alegr\u00eda siempre me ha acompa\u00f1ado\u00bb. Su \u00faltimo deseo es que \u00abla Iglesia en China y la Iglesia universal progresen juntas en Jesucristo, dando gloria al Se\u00f1or y haciendo el bien a la gente\u00bb.<\/p>\n","protected":false},"excerpt":{"rendered":"<p>La agencia Fides ha entrevistado a los dos obispos chinos que han participado en el S\u00ednodo de octubre. Monse\u00f1or Joseph Yang Yongqiang: espero que la Iglesia china y la Iglesia universal puedan progresar juntas en el camino sinodal haciendo el bien a la gente<\/p>\n","protected":false},"author":15,"featured_media":88165,"comment_status":"closed","ping_status":"closed","sticky":false,"template":"","format":"standard","meta":{"_acf_changed":false,"_crdt_document":"","inline_featured_image":false,"footnotes":""},"categories":[132],"tags":[4953,272],"class_list":["post-88164","post","type-post","status-publish","format-standard","has-post-thumbnail","hentry","category-vaticano-es","tag-trending-es","tag-vaticano-es"],"acf":[],"yoast_head":"<!-- This site is optimized with the Yoast SEO plugin v27.5 - https:\/\/yoast.com\/product\/yoast-seo-wordpress\/ -->\n<title>Monse\u00f1or Yao Shun: El acuerdo China-Santa Sede ayuda a la pastoral &#8211; Exaudi<\/title>\n<meta name=\"robots\" content=\"index, follow, max-snippet:-1, max-image-preview:large, max-video-preview:-1\" \/>\n<link rel=\"canonical\" href=\"https:\/\/exaudi.org\/es\/monsenor-yao-shun-el-acuerdo-china-santa-sede-ayuda-a-la-pastoral\/\" \/>\n<meta property=\"og:locale\" content=\"es_ES\" \/>\n<meta property=\"og:type\" content=\"article\" \/>\n<meta property=\"og:title\" content=\"Monse\u00f1or Yao Shun: El acuerdo China-Santa Sede ayuda a la pastoral &#8211; Exaudi\" \/>\n<meta property=\"og:description\" content=\"La agencia Fides ha entrevistado a los dos obispos chinos que han participado en el S\u00ednodo de octubre. Monse\u00f1or Joseph Yang Yongqiang: espero que la Iglesia china y la Iglesia universal puedan progresar juntas en el camino sinodal haciendo el bien a la gente\" \/>\n<meta property=\"og:url\" content=\"https:\/\/exaudi.org\/es\/monsenor-yao-shun-el-acuerdo-china-santa-sede-ayuda-a-la-pastoral\/\" \/>\n<meta property=\"og:site_name\" content=\"Exaudi\" \/>\n<meta property=\"article:publisher\" content=\"https:\/\/www.facebook.com\/ExaudiNews\" \/>\n<meta property=\"article:author\" content=\"https:\/\/www.facebook.com\/ExaudiNoticias\/\" \/>\n<meta property=\"article:published_time\" content=\"2023-11-18T08:39:10+00:00\" \/>\n<meta property=\"og:image\" content=\"https:\/\/exaudi.org\/wp-content\/uploads\/2023\/11\/cq5dam.thumbnail.cropped.1500.844-1-2.jpeg\" \/>\n\t<meta property=\"og:image:width\" content=\"1500\" \/>\n\t<meta property=\"og:image:height\" content=\"844\" \/>\n\t<meta property=\"og:image:type\" content=\"image\/jpeg\" \/>\n<meta name=\"author\" content=\"Exaudi Redacci\u00f3n\" \/>\n<meta name=\"twitter:card\" content=\"summary_large_image\" \/>\n<meta name=\"twitter:creator\" content=\"@Exaudi_noticias\" \/>\n<meta name=\"twitter:site\" content=\"@Exaudi_News\" \/>\n<meta name=\"twitter:label1\" content=\"Escrito por\" \/>\n\t<meta name=\"twitter:data1\" content=\"Exaudi Redacci\u00f3n\" \/>\n\t<meta name=\"twitter:label2\" content=\"Tiempo de lectura\" \/>\n\t<meta name=\"twitter:data2\" content=\"3 minutos\" \/>\n<script type=\"application\/ld+json\" class=\"yoast-schema-graph\">{\"@context\":\"https:\\\/\\\/schema.org\",\"@graph\":[{\"@type\":\"Article\",\"@id\":\"https:\\\/\\\/exaudi.org\\\/es\\\/monsenor-yao-shun-el-acuerdo-china-santa-sede-ayuda-a-la-pastoral\\\/#article\",\"isPartOf\":{\"@id\":\"https:\\\/\\\/exaudi.org\\\/es\\\/monsenor-yao-shun-el-acuerdo-china-santa-sede-ayuda-a-la-pastoral\\\/\"},\"author\":{\"name\":\"Exaudi Redacci\u00f3n\",\"@id\":\"https:\\\/\\\/exaudi.org\\\/#\\\/schema\\\/person\\\/f5fc8f063065e38742da7afe15f25df7\"},\"headline\":\"Monse\u00f1or Yao Shun: El acuerdo China-Santa Sede ayuda a la pastoral\",\"datePublished\":\"2023-11-18T08:39:10+00:00\",\"mainEntityOfPage\":{\"@id\":\"https:\\\/\\\/exaudi.org\\\/es\\\/monsenor-yao-shun-el-acuerdo-china-santa-sede-ayuda-a-la-pastoral\\\/\"},\"wordCount\":550,\"image\":{\"@id\":\"https:\\\/\\\/exaudi.org\\\/es\\\/monsenor-yao-shun-el-acuerdo-china-santa-sede-ayuda-a-la-pastoral\\\/#primaryimage\"},\"thumbnailUrl\":\"https:\\\/\\\/exaudi.org\\\/wp-content\\\/uploads\\\/2023\\\/11\\\/cq5dam.thumbnail.cropped.1500.844-1-2.jpeg\",\"keywords\":[\"Trending\",\"Vaticano\"],\"articleSection\":[\"Vaticano\"],\"inLanguage\":\"es\"},{\"@type\":\"WebPage\",\"@id\":\"https:\\\/\\\/exaudi.org\\\/es\\\/monsenor-yao-shun-el-acuerdo-china-santa-sede-ayuda-a-la-pastoral\\\/\",\"url\":\"https:\\\/\\\/exaudi.org\\\/es\\\/monsenor-yao-shun-el-acuerdo-china-santa-sede-ayuda-a-la-pastoral\\\/\",\"name\":\"Monse\u00f1or Yao Shun: El acuerdo China-Santa Sede ayuda a la pastoral &#8211; Exaudi\",\"isPartOf\":{\"@id\":\"https:\\\/\\\/exaudi.org\\\/#website\"},\"primaryImageOfPage\":{\"@id\":\"https:\\\/\\\/exaudi.org\\\/es\\\/monsenor-yao-shun-el-acuerdo-china-santa-sede-ayuda-a-la-pastoral\\\/#primaryimage\"},\"image\":{\"@id\":\"https:\\\/\\\/exaudi.org\\\/es\\\/monsenor-yao-shun-el-acuerdo-china-santa-sede-ayuda-a-la-pastoral\\\/#primaryimage\"},\"thumbnailUrl\":\"https:\\\/\\\/exaudi.org\\\/wp-content\\\/uploads\\\/2023\\\/11\\\/cq5dam.thumbnail.cropped.1500.844-1-2.jpeg\",\"datePublished\":\"2023-11-18T08:39:10+00:00\",\"author\":{\"@id\":\"https:\\\/\\\/exaudi.org\\\/#\\\/schema\\\/person\\\/f5fc8f063065e38742da7afe15f25df7\"},\"breadcrumb\":{\"@id\":\"https:\\\/\\\/exaudi.org\\\/es\\\/monsenor-yao-shun-el-acuerdo-china-santa-sede-ayuda-a-la-pastoral\\\/#breadcrumb\"},\"inLanguage\":\"es\",\"potentialAction\":[{\"@type\":\"ReadAction\",\"target\":[\"https:\\\/\\\/exaudi.org\\\/es\\\/monsenor-yao-shun-el-acuerdo-china-santa-sede-ayuda-a-la-pastoral\\\/\"]}]},{\"@type\":\"ImageObject\",\"inLanguage\":\"es\",\"@id\":\"https:\\\/\\\/exaudi.org\\\/es\\\/monsenor-yao-shun-el-acuerdo-china-santa-sede-ayuda-a-la-pastoral\\\/#primaryimage\",\"url\":\"https:\\\/\\\/exaudi.org\\\/wp-content\\\/uploads\\\/2023\\\/11\\\/cq5dam.thumbnail.cropped.1500.844-1-2.jpeg\",\"contentUrl\":\"https:\\\/\\\/exaudi.org\\\/wp-content\\\/uploads\\\/2023\\\/11\\\/cq5dam.thumbnail.cropped.1500.844-1-2.jpeg\",\"width\":1500,\"height\":844},{\"@type\":\"BreadcrumbList\",\"@id\":\"https:\\\/\\\/exaudi.org\\\/es\\\/monsenor-yao-shun-el-acuerdo-china-santa-sede-ayuda-a-la-pastoral\\\/#breadcrumb\",\"itemListElement\":[{\"@type\":\"ListItem\",\"position\":1,\"name\":\"Portada\",\"item\":\"https:\\\/\\\/exaudi.org\\\/es\\\/\"},{\"@type\":\"ListItem\",\"position\":2,\"name\":\"Monse\u00f1or Yao Shun: El acuerdo China-Santa Sede ayuda a la pastoral\"}]},{\"@type\":\"WebSite\",\"@id\":\"https:\\\/\\\/exaudi.org\\\/#website\",\"url\":\"https:\\\/\\\/exaudi.org\\\/\",\"name\":\"Exaudi\",\"description\":\"News\",\"potentialAction\":[{\"@type\":\"SearchAction\",\"target\":{\"@type\":\"EntryPoint\",\"urlTemplate\":\"https:\\\/\\\/exaudi.org\\\/?s={search_term_string}\"},\"query-input\":{\"@type\":\"PropertyValueSpecification\",\"valueRequired\":true,\"valueName\":\"search_term_string\"}}],\"inLanguage\":\"es\"},{\"@type\":\"Person\",\"@id\":\"https:\\\/\\\/exaudi.org\\\/#\\\/schema\\\/person\\\/f5fc8f063065e38742da7afe15f25df7\",\"name\":\"Exaudi Redacci\u00f3n\",\"image\":{\"@type\":\"ImageObject\",\"inLanguage\":\"es\",\"@id\":\"https:\\\/\\\/secure.gravatar.com\\\/avatar\\\/fe0f6a059fb68d9b3e11bc5850dd4899b1c7492091a3cb6dd9b01b56ad828be2?s=96&d=mm&r=g\",\"url\":\"https:\\\/\\\/secure.gravatar.com\\\/avatar\\\/fe0f6a059fb68d9b3e11bc5850dd4899b1c7492091a3cb6dd9b01b56ad828be2?s=96&d=mm&r=g\",\"contentUrl\":\"https:\\\/\\\/secure.gravatar.com\\\/avatar\\\/fe0f6a059fb68d9b3e11bc5850dd4899b1c7492091a3cb6dd9b01b56ad828be2?s=96&d=mm&r=g\",\"caption\":\"Exaudi Redacci\u00f3n\"},\"description\":\"\u00bfQu\u00e9 es Exaudi News? Exaudi News es un medio de comunicaci\u00f3n cat\u00f3lico internacional que informa, forma y transforma, diariamente en espa\u00f1ol, ingl\u00e9s e italiano. A trav\u00e9s de noticias, art\u00edculos de an\u00e1lisis y transmisiones en directo de los eventos del Papa, Exaudi busca fortalecer la unidad de los cristianos y contribuir a la evangelizaci\u00f3n del mundo, siempre guiados por la doctrina social de la Iglesia. Trabajamos para acercar la verdad y los valores cristianos a cada rinc\u00f3n del planeta. \u00a1Ay\u00fadanos a transformar el mundo con Exaudi! En Exaudi creemos que la evangelizaci\u00f3n y la informaci\u00f3n de calidad pueden cambiar vidas. Para continuar con nuestra misi\u00f3n y expandir nuestro alcance, necesitamos tu ayuda. Adem\u00e1s, buscamos personas comprometidas que deseen unirse a nuestro equipo. Con tu apoyo, lograremos llegar a m\u00e1s personas, difundir el mensaje de Cristo y reforzar la unidad de los cristianos. \u00bfTe unes a nuestra misi\u00f3n? Para m\u00e1s informaci\u00f3n sobre c\u00f3mo colaborar, visita Exaudi.org\\\/es o cont\u00e1ctanos directamente: info@exaudi.org Exaudi: Informa, forma y transforma.\",\"sameAs\":[\"https:\\\/\\\/www.facebook.com\\\/ExaudiNoticias\\\/\",\"https:\\\/\\\/www.instagram.com\\\/exaudi_noticias\\\/\",\"https:\\\/\\\/x.com\\\/Exaudi_noticias\",\"https:\\\/\\\/www.youtube.com\\\/@exaudicatholicnews\"],\"url\":\"https:\\\/\\\/exaudi.org\\\/es\\\/author\\\/redaccionexaudi\\\/\"}]}<\/script>\n<!-- \/ Yoast SEO plugin. -->","yoast_head_json":{"title":"Monse\u00f1or Yao Shun: El acuerdo China-Santa Sede ayuda a la pastoral &#8211; Exaudi","robots":{"index":"index","follow":"follow","max-snippet":"max-snippet:-1","max-image-preview":"max-image-preview:large","max-video-preview":"max-video-preview:-1"},"canonical":"https:\/\/exaudi.org\/es\/monsenor-yao-shun-el-acuerdo-china-santa-sede-ayuda-a-la-pastoral\/","og_locale":"es_ES","og_type":"article","og_title":"Monse\u00f1or Yao Shun: El acuerdo China-Santa Sede ayuda a la pastoral &#8211; Exaudi","og_description":"La agencia Fides ha entrevistado a los dos obispos chinos que han participado en el S\u00ednodo de octubre. Monse\u00f1or Joseph Yang Yongqiang: espero que la Iglesia china y la Iglesia universal puedan progresar juntas en el camino sinodal haciendo el bien a la gente","og_url":"https:\/\/exaudi.org\/es\/monsenor-yao-shun-el-acuerdo-china-santa-sede-ayuda-a-la-pastoral\/","og_site_name":"Exaudi","article_publisher":"https:\/\/www.facebook.com\/ExaudiNews","article_author":"https:\/\/www.facebook.com\/ExaudiNoticias\/","article_published_time":"2023-11-18T08:39:10+00:00","og_image":[{"width":1500,"height":844,"url":"https:\/\/exaudi.org\/wp-content\/uploads\/2023\/11\/cq5dam.thumbnail.cropped.1500.844-1-2.jpeg","type":"image\/jpeg"}],"author":"Exaudi Redacci\u00f3n","twitter_card":"summary_large_image","twitter_creator":"@Exaudi_noticias","twitter_site":"@Exaudi_News","twitter_misc":{"Escrito por":"Exaudi Redacci\u00f3n","Tiempo de lectura":"3 minutos"},"schema":{"@context":"https:\/\/schema.org","@graph":[{"@type":"Article","@id":"https:\/\/exaudi.org\/es\/monsenor-yao-shun-el-acuerdo-china-santa-sede-ayuda-a-la-pastoral\/#article","isPartOf":{"@id":"https:\/\/exaudi.org\/es\/monsenor-yao-shun-el-acuerdo-china-santa-sede-ayuda-a-la-pastoral\/"},"author":{"name":"Exaudi Redacci\u00f3n","@id":"https:\/\/exaudi.org\/#\/schema\/person\/f5fc8f063065e38742da7afe15f25df7"},"headline":"Monse\u00f1or Yao Shun: El acuerdo China-Santa Sede ayuda a la pastoral","datePublished":"2023-11-18T08:39:10+00:00","mainEntityOfPage":{"@id":"https:\/\/exaudi.org\/es\/monsenor-yao-shun-el-acuerdo-china-santa-sede-ayuda-a-la-pastoral\/"},"wordCount":550,"image":{"@id":"https:\/\/exaudi.org\/es\/monsenor-yao-shun-el-acuerdo-china-santa-sede-ayuda-a-la-pastoral\/#primaryimage"},"thumbnailUrl":"https:\/\/exaudi.org\/wp-content\/uploads\/2023\/11\/cq5dam.thumbnail.cropped.1500.844-1-2.jpeg","keywords":["Trending","Vaticano"],"articleSection":["Vaticano"],"inLanguage":"es"},{"@type":"WebPage","@id":"https:\/\/exaudi.org\/es\/monsenor-yao-shun-el-acuerdo-china-santa-sede-ayuda-a-la-pastoral\/","url":"https:\/\/exaudi.org\/es\/monsenor-yao-shun-el-acuerdo-china-santa-sede-ayuda-a-la-pastoral\/","name":"Monse\u00f1or Yao Shun: El acuerdo China-Santa Sede ayuda a la pastoral &#8211; Exaudi","isPartOf":{"@id":"https:\/\/exaudi.org\/#website"},"primaryImageOfPage":{"@id":"https:\/\/exaudi.org\/es\/monsenor-yao-shun-el-acuerdo-china-santa-sede-ayuda-a-la-pastoral\/#primaryimage"},"image":{"@id":"https:\/\/exaudi.org\/es\/monsenor-yao-shun-el-acuerdo-china-santa-sede-ayuda-a-la-pastoral\/#primaryimage"},"thumbnailUrl":"https:\/\/exaudi.org\/wp-content\/uploads\/2023\/11\/cq5dam.thumbnail.cropped.1500.844-1-2.jpeg","datePublished":"2023-11-18T08:39:10+00:00","author":{"@id":"https:\/\/exaudi.org\/#\/schema\/person\/f5fc8f063065e38742da7afe15f25df7"},"breadcrumb":{"@id":"https:\/\/exaudi.org\/es\/monsenor-yao-shun-el-acuerdo-china-santa-sede-ayuda-a-la-pastoral\/#breadcrumb"},"inLanguage":"es","potentialAction":[{"@type":"ReadAction","target":["https:\/\/exaudi.org\/es\/monsenor-yao-shun-el-acuerdo-china-santa-sede-ayuda-a-la-pastoral\/"]}]},{"@type":"ImageObject","inLanguage":"es","@id":"https:\/\/exaudi.org\/es\/monsenor-yao-shun-el-acuerdo-china-santa-sede-ayuda-a-la-pastoral\/#primaryimage","url":"https:\/\/exaudi.org\/wp-content\/uploads\/2023\/11\/cq5dam.thumbnail.cropped.1500.844-1-2.jpeg","contentUrl":"https:\/\/exaudi.org\/wp-content\/uploads\/2023\/11\/cq5dam.thumbnail.cropped.1500.844-1-2.jpeg","width":1500,"height":844},{"@type":"BreadcrumbList","@id":"https:\/\/exaudi.org\/es\/monsenor-yao-shun-el-acuerdo-china-santa-sede-ayuda-a-la-pastoral\/#breadcrumb","itemListElement":[{"@type":"ListItem","position":1,"name":"Portada","item":"https:\/\/exaudi.org\/es\/"},{"@type":"ListItem","position":2,"name":"Monse\u00f1or Yao Shun: El acuerdo China-Santa Sede ayuda a la pastoral"}]},{"@type":"WebSite","@id":"https:\/\/exaudi.org\/#website","url":"https:\/\/exaudi.org\/","name":"Exaudi","description":"News","potentialAction":[{"@type":"SearchAction","target":{"@type":"EntryPoint","urlTemplate":"https:\/\/exaudi.org\/?s={search_term_string}"},"query-input":{"@type":"PropertyValueSpecification","valueRequired":true,"valueName":"search_term_string"}}],"inLanguage":"es"},{"@type":"Person","@id":"https:\/\/exaudi.org\/#\/schema\/person\/f5fc8f063065e38742da7afe15f25df7","name":"Exaudi Redacci\u00f3n","image":{"@type":"ImageObject","inLanguage":"es","@id":"https:\/\/secure.gravatar.com\/avatar\/fe0f6a059fb68d9b3e11bc5850dd4899b1c7492091a3cb6dd9b01b56ad828be2?s=96&d=mm&r=g","url":"https:\/\/secure.gravatar.com\/avatar\/fe0f6a059fb68d9b3e11bc5850dd4899b1c7492091a3cb6dd9b01b56ad828be2?s=96&d=mm&r=g","contentUrl":"https:\/\/secure.gravatar.com\/avatar\/fe0f6a059fb68d9b3e11bc5850dd4899b1c7492091a3cb6dd9b01b56ad828be2?s=96&d=mm&r=g","caption":"Exaudi Redacci\u00f3n"},"description":"\u00bfQu\u00e9 es Exaudi News? Exaudi News es un medio de comunicaci\u00f3n cat\u00f3lico internacional que informa, forma y transforma, diariamente en espa\u00f1ol, ingl\u00e9s e italiano. A trav\u00e9s de noticias, art\u00edculos de an\u00e1lisis y transmisiones en directo de los eventos del Papa, Exaudi busca fortalecer la unidad de los cristianos y contribuir a la evangelizaci\u00f3n del mundo, siempre guiados por la doctrina social de la Iglesia. Trabajamos para acercar la verdad y los valores cristianos a cada rinc\u00f3n del planeta. \u00a1Ay\u00fadanos a transformar el mundo con Exaudi! En Exaudi creemos que la evangelizaci\u00f3n y la informaci\u00f3n de calidad pueden cambiar vidas. Para continuar con nuestra misi\u00f3n y expandir nuestro alcance, necesitamos tu ayuda. Adem\u00e1s, buscamos personas comprometidas que deseen unirse a nuestro equipo. Con tu apoyo, lograremos llegar a m\u00e1s personas, difundir el mensaje de Cristo y reforzar la unidad de los cristianos. \u00bfTe unes a nuestra misi\u00f3n? Para m\u00e1s informaci\u00f3n sobre c\u00f3mo colaborar, visita Exaudi.org\/es o cont\u00e1ctanos directamente: info@exaudi.org Exaudi: Informa, forma y transforma.","sameAs":["https:\/\/www.facebook.com\/ExaudiNoticias\/","https:\/\/www.instagram.com\/exaudi_noticias\/","https:\/\/x.com\/Exaudi_noticias","https:\/\/www.youtube.com\/@exaudicatholicnews"],"url":"https:\/\/exaudi.org\/es\/author\/redaccionexaudi\/"}]}},"jetpack_featured_media_url":"https:\/\/exaudi.org\/wp-content\/uploads\/2023\/11\/cq5dam.thumbnail.cropped.1500.844-1-2.jpeg","jetpack_shortlink":"https:\/\/wp.me\/pgKjF2-mW0","_links":{"self":[{"href":"https:\/\/exaudi.org\/es\/wp-json\/wp\/v2\/posts\/88164","targetHints":{"allow":["GET"]}}],"collection":[{"href":"https:\/\/exaudi.org\/es\/wp-json\/wp\/v2\/posts"}],"about":[{"href":"https:\/\/exaudi.org\/es\/wp-json\/wp\/v2\/types\/post"}],"author":[{"embeddable":true,"href":"https:\/\/exaudi.org\/es\/wp-json\/wp\/v2\/users\/15"}],"replies":[{"embeddable":true,"href":"https:\/\/exaudi.org\/es\/wp-json\/wp\/v2\/comments?post=88164"}],"version-history":[{"count":0,"href":"https:\/\/exaudi.org\/es\/wp-json\/wp\/v2\/posts\/88164\/revisions"}],"wp:featuredmedia":[{"embeddable":true,"href":"https:\/\/exaudi.org\/es\/wp-json\/wp\/v2\/media\/88165"}],"wp:attachment":[{"href":"https:\/\/exaudi.org\/es\/wp-json\/wp\/v2\/media?parent=88164"}],"wp:term":[{"taxonomy":"category","embeddable":true,"href":"https:\/\/exaudi.org\/es\/wp-json\/wp\/v2\/categories?post=88164"},{"taxonomy":"post_tag","embeddable":true,"href":"https:\/\/exaudi.org\/es\/wp-json\/wp\/v2\/tags?post=88164"}],"curies":[{"name":"wp","href":"https:\/\/api.w.org\/{rel}","templated":true}]}}