{"id":88124,"date":"2023-11-17T09:50:24","date_gmt":"2023-11-17T08:50:24","guid":{"rendered":"https:\/\/exaudi.org\/?p=88124"},"modified":"2023-11-19T13:19:20","modified_gmt":"2023-11-19T12:19:20","slug":"lo-que-un-cura-puede-hacer-empieza-hoy-con-la-oracion-sencilla-la-palabra-cercana-la-acogida-fraterna-y-el-trabajo-perseverante","status":"publish","type":"post","link":"https:\/\/exaudi.org\/es\/lo-que-un-cura-puede-hacer-empieza-hoy-con-la-oracion-sencilla-la-palabra-cercana-la-acogida-fraterna-y-el-trabajo-perseverante\/","title":{"rendered":"Papa Francisco: \u00abOraci\u00f3n sencilla, palabra cercana, acogida fraterna y trabajo perseverante\u00bb"},"content":{"rendered":"<audio class=\"wp-audio-shortcode\" id=\"audio-88124-1\" preload=\"none\" style=\"width: 100%;\" controls=\"controls\"><source type=\"audio\/mpeg\" src=\"https:\/\/exaudi.org\/wp-content\/uploads\/2023\/11\/Cura.mp3?_=1\" \/><a href=\"https:\/\/exaudi.org\/wp-content\/uploads\/2023\/11\/Cura.mp3\">https:\/\/exaudi.org\/wp-content\/uploads\/2023\/11\/Cura.mp3<\/a><\/audio>\n<p>En su\u00a0discurso, el Santo Padre les agradeci\u00f3 por su visita a \u201cla casa de Pedro\u201d y al responder a las preguntas que los sacerdotes le hab\u00edan enviado, el Pont\u00edfice les propuso las palabras que el Se\u00f1or dijo a santa Teresa de Jes\u00fas cuando le quitaron los libros de los que ella se fiaba: \u201cYo te dar\u00e9 el libro vivo\u201d.<\/p>\n<p><i>\u201cCristo es el libro que les recomiendo vivamente, pero hay que buscarlo en la Escritura, en el Evangelio, en la adoraci\u00f3n silenciosa, que hemos perdido un poco el sentido de la adoraci\u00f3n y tenemos que encontrar al Se\u00f1or en el silencio de la adoraci\u00f3n\u201d.<\/i><\/p>\n<h3><b><img loading=\"lazy\" decoding=\"async\" class=\"alignleft size-full wp-image-88131\" src=\"https:\/\/exaudi.org\/wp-content\/uploads\/2023\/11\/cq5dam.thumbnail.cropped.750.422-2-3.jpeg\" alt=\"\" width=\"750\" height=\"422\" srcset=\"https:\/\/exaudi.org\/wp-content\/uploads\/2023\/11\/cq5dam.thumbnail.cropped.750.422-2-3.jpeg 750w, https:\/\/exaudi.org\/wp-content\/uploads\/2023\/11\/cq5dam.thumbnail.cropped.750.422-2-3-300x169.jpeg 300w, https:\/\/exaudi.org\/wp-content\/uploads\/2023\/11\/cq5dam.thumbnail.cropped.750.422-2-3-500x281.jpeg 500w, https:\/\/exaudi.org\/wp-content\/uploads\/2023\/11\/cq5dam.thumbnail.cropped.750.422-2-3-293x165.jpeg 293w, https:\/\/exaudi.org\/wp-content\/uploads\/2023\/11\/cq5dam.thumbnail.cropped.750.422-2-3-390x219.jpeg 390w\" sizes=\"auto, (max-width: 750px) 100vw, 750px\" \/>Los patrones del pr\u00f3ximo Congreso Eucar\u00edstico Nacional<\/b><\/h3>\n<p>Y al animar a los sacerdotes a tener una vida Eucar\u00edstica, el Santo Padre record\u00f3 que en los Estados Unidos se est\u00e1 preparando un Congreso Eucar\u00edstico Nacional para el pr\u00f3ximo a\u00f1o y que se eligieron como patrones del mismo al beato Carlos Acutis y a san Manuel Gonz\u00e1lez, eminentes ambos dos en el arte de leer este libro vivo, ante el Sagrario, en una escucha silente, y arrodillada.<\/p>\n<p><i>\u201cEn una ocasi\u00f3n, san Manuel se dirig\u00eda a un grupo de fieles, reflexionando sobre el papel de las santas mujeres en el Calvario, como modelos de cualquier disc\u00edpulo ante la cruz del Se\u00f1or, entonces y ahora, son un modelo. La misma impotencia, el mismo deseo de actuar en contra de la injusticia, que vivieron las santas mujeres en aquellos momentos, lo podemos sentir nosotros ante la problem\u00e1tica de los inmigrantes, la cerraz\u00f3n de ciertas autoridades civiles y religiosas, los desaf\u00edos de la interculturalidad, la complejidad del anuncio, tantas cosas\u201d.<\/i><\/p>\n<h3><b>No dejar abandonados a los que sufren<\/b><\/h3>\n<p>Ante estas dificultades, se\u00f1al\u00f3 el Papa Francisco, san Manuel Gonz\u00e1lez nos advierte que \u00abJes\u00fas no deja de padecer\u00bb. Ese Jes\u00fas que est\u00e1 en el calvario hasta el fin de los tiempos, aunque esta resucitado, pero est\u00e1 en el calvario en la persona de sus hermanos. En este sentido, el Pont\u00edfice record\u00f3 a los sacerdotes que el Se\u00f1or les pide que no dejen solos y abandonados a los que sufren.<\/p>\n<p><i>\u201cNo dejen abandonados a los que sufren y no dejen abandonado al Se\u00f1or en el sagrario. Conv\u00e9nzanse que no van a poder hacer nada con las manos, sino lo hacen con las rodillas. Adoraci\u00f3n, silencio Eucar\u00edstico, intercesi\u00f3n ante el sagrario y despu\u00e9s si, servicio. Pero es como el ping pon, uno lleva a la otra, eh, una lleva a la otra\u201d.<\/i><\/p>\n<h3><b><img loading=\"lazy\" decoding=\"async\" class=\"size-full wp-image-88134 alignright\" src=\"https:\/\/exaudi.org\/wp-content\/uploads\/2023\/11\/cq5dam.thumbnail.cropped.750.422-23.jpeg\" alt=\"\" width=\"750\" height=\"422\" srcset=\"https:\/\/exaudi.org\/wp-content\/uploads\/2023\/11\/cq5dam.thumbnail.cropped.750.422-23.jpeg 750w, https:\/\/exaudi.org\/wp-content\/uploads\/2023\/11\/cq5dam.thumbnail.cropped.750.422-23-300x169.jpeg 300w, https:\/\/exaudi.org\/wp-content\/uploads\/2023\/11\/cq5dam.thumbnail.cropped.750.422-23-500x281.jpeg 500w, https:\/\/exaudi.org\/wp-content\/uploads\/2023\/11\/cq5dam.thumbnail.cropped.750.422-23-293x165.jpeg 293w, https:\/\/exaudi.org\/wp-content\/uploads\/2023\/11\/cq5dam.thumbnail.cropped.750.422-23-390x219.jpeg 390w\" sizes=\"auto, (max-width: 750px) 100vw, 750px\" \/>No se vuelvan oficinistas de lo sagrado<\/b><\/h3>\n<p>En este sentido, el Papa Francisco advirti\u00f3 a los sacerdotes de que se cuiden de quedarse en la formalidad, les pidi\u00f3 que no se instalen. A no quedarse atrapados en los horarios a los cuales nos lleva el mundo moderno.<\/p>\n<p><i>\u201cPor favor, primero la gente, despu\u00e9s el horario. No se vuelvan oficinistas de lo sagrado. Que es el peligro de esta cultura. Revisen su dedicaci\u00f3n a la gente, su apertura de coraz\u00f3n\u201d.<\/i><\/p>\n<p><iframe loading=\"lazy\" title=\"Papa Francisco: \u00abOraci\u00f3n sencilla, palabra cercana, acogida fraterna y trabajo perseverante\u00bb\" width=\"500\" height=\"281\" src=\"https:\/\/www.youtube.com\/embed\/oNaf2_USdnc?feature=oembed\" frameborder=\"0\" allow=\"accelerometer; autoplay; clipboard-write; encrypted-media; gyroscope; picture-in-picture; web-share\" referrerpolicy=\"strict-origin-when-cross-origin\" allowfullscreen><\/iframe><\/p>\n<h3><b>Ser curas para la gente<\/b><\/h3>\n<p>Por ello, el Santo Padre inspir\u00e1ndose en estos santos, dijo que algunas respuestas tal vez les parecer\u00e1n ingenuas, como la de Carlo Acutis, otras parecer\u00e1n superarles, como la de san Manuel. En realidad, este pastor, en sus recomendaciones, afirmaba que, por encima de todo, lo que un cura puede hacer, empieza hoy, con la oraci\u00f3n sencilla, la palabra cercana, la acogida fraterna y el trabajo perseverante. Y por ello les pidi\u00f3 que no se reserven para nadie.<\/p>\n<p><i>\u201cDec\u00eda un cura de un barrio pobre, popular, que le vienen ganas de tapiar la ventana, porque la gente a cualquier hora va a pedir cosas, o va a pedir bendiciones, cualquier cosa, porque la gente es inoportuna, como el Se\u00f1or que es inoportuno. Y \u00e9l me dice, cuando ven la puerta cerrada me golpean la ventana, tengo que tapiar la ventana, no, abrid la puerta. Eso es clave, curas para la gente\u201d.<\/i><\/p>\n<h3><b><img loading=\"lazy\" decoding=\"async\" class=\"alignleft size-full wp-image-88128\" src=\"https:\/\/exaudi.org\/wp-content\/uploads\/2023\/11\/cq5dam.thumbnail.cropped.750.422-1-7.jpeg\" alt=\"\" width=\"750\" height=\"422\" srcset=\"https:\/\/exaudi.org\/wp-content\/uploads\/2023\/11\/cq5dam.thumbnail.cropped.750.422-1-7.jpeg 750w, https:\/\/exaudi.org\/wp-content\/uploads\/2023\/11\/cq5dam.thumbnail.cropped.750.422-1-7-300x169.jpeg 300w, https:\/\/exaudi.org\/wp-content\/uploads\/2023\/11\/cq5dam.thumbnail.cropped.750.422-1-7-500x281.jpeg 500w, https:\/\/exaudi.org\/wp-content\/uploads\/2023\/11\/cq5dam.thumbnail.cropped.750.422-1-7-293x165.jpeg 293w, https:\/\/exaudi.org\/wp-content\/uploads\/2023\/11\/cq5dam.thumbnail.cropped.750.422-1-7-390x219.jpeg 390w\" sizes=\"auto, (max-width: 750px) 100vw, 750px\" \/>No perder la ilusi\u00f3n de su vida<\/b><\/h3>\n<p>En este sentido, el Papa Francisco invit\u00f3 a los sacerdotes a no pretender hacer carrera, a tener las u\u00f1as limpias, porque las u\u00f1as se ensucian cuando el cura empieza a trepar. Y es ah\u00ed, dijo el Papa que, la promoci\u00f3n humana suple la gratuidad del anuncio, y si pierden eso les dijo el Pont\u00edfice, ser\u00e1n unos pobres curas que han perdido la ilusi\u00f3n de su vida.<\/p>\n<p><i>\u201cRecuperen siempre el llamado de Jes\u00fas a servir, a disposici\u00f3n de los dem\u00e1s. No tengan las u\u00f1as sucias por trepar, no. Porque despu\u00e9s, cuando uno llega arriba, lo que hace ver es bastante indecente, no lo quiero decir\u201d.<\/i><\/p>\n<h3><b>Abandonarse en el Se\u00f1or que los llama<\/b><\/h3>\n<p>Finalmente, el Papa Francisco les advirti\u00f3 de no poner su confianza solo en las grandes ideas, o en las propuestas pastorales bien dise\u00f1adas. No busquen culpables, les dijo el Pont\u00edfice, promuevan la humildad pastoral y conf\u00eden en el Se\u00f1or.<\/p>\n<p><i>\u201cAband\u00f3nense en el Se\u00f1or que los ha llamado a entregarse, y les pide solamente fidelidad y constancia, con la certeza de que es \u00c9l quien lleva su obra a t\u00e9rmino y har\u00e1 que sus esfuerzos den buenos frutos. Y ojal\u00e1 siembren mucho, y ojal\u00e1 no tengan que tomar pastillas para dormir porque llegan cansad\u00edsimos a la noche\u201d.<\/i><\/p>\n<p>***<\/p>\n<p><b><u>Discurso del Santo Padre<\/u><\/b><\/p>\n<p>Queridos hermanos:<\/p>\n<p>Gracias por venir aqu\u00ed, \u00e9sta es la casa de Pedro, la casa de ustedes, porque la Iglesia es una casa de puertas abiertas, a la que todos acuden desde oriente a occidente para sentarse en la mesa que el Se\u00f1or nos ha preparado (cf.\u00a0<i>Mt<\/i>\u00a08,11). Y cuando queremos hacer exquisita la Iglesia, es una casa de puertas cerradas y eso no funciona. Cuidado con la exquisitez eclesi\u00e1stica. Le\u00ed con atenci\u00f3n las preguntas que llegar \u2014son muchas\u2014 y, pensando en c\u00f3mo pod\u00eda responderles, record\u00e9 las palabras que el Se\u00f1or dijo a santa Teresa de Jes\u00fas cuando le quitaron los libros de los que ella se fiaba: \u201cYo te dar\u00e9 el libro vivo\u201d. Cristo es el libro que les recomiendo vivamente. Pero hay que buscarlo en la Escritura y en el Evangelio, en la adoraci\u00f3n silenciosa; hemos perdido un poco el sentido de la adoraci\u00f3n, tenemos que encontrar al Se\u00f1or en el silencio de la adoraci\u00f3n. Si yo pregunto ahora \u2015non voy a preguntar para no hacer pasar calor a ninguno\u2015, pero si yo preguntara ahora cu\u00e1ntas horas de adoraci\u00f3n hacen por semana, ser\u00eda un buen test. Tiro la pregunta, pero cada uno se contesta dentro. No, que es tanto el trabajo, que esto, que aquello. Si vos no or\u00e1s, si vos no ador\u00e1s, tu vida vale poco.<\/p>\n<p>En Estados Unidos se est\u00e1 preparando un Congreso Eucar\u00edstico Nacional para el pr\u00f3ximo a\u00f1o y se eligieron como patrones del mismo al beato Acutis y a san Manuel Gonz\u00e1lez, eminentes ambos \u2014como tantos santos en la Iglesia\u2014 en el arte de leer este libro vivo, ante el Sagrario, en una escuela silente y arrodillada. Y es precisamente de entre las catequesis de san Manuel, de donde me gustar\u00eda tomar una clave de respuesta a las preguntas que me han planteado. En una ocasi\u00f3n, san Manuel se dirig\u00eda a un grupo de fieles, reflexionando sobre el papel de las santas mujeres en el Calvario, como modelos de cualquier disc\u00edpulo ante la cruz del Se\u00f1or, entonces y ahora. Son un modelo. La misma impotencia, el mismo deseo de actuar en contra de la injusticia, que vivieron las santas mujeres en aquellos momentos, lo podemos sentir nosotros ante la problem\u00e1tica de los inmigrantes, la cerraz\u00f3n de ciertas autoridades civiles y religiosas, los desaf\u00edos de la interculturalidad, la complejidad del anuncio, tantas cosas.<\/p>\n<p>Ante estas dificultades el santo nos advierte que \u00abJes\u00fas no deja de padecer\u00bb. Dice Jes\u00fas que est\u00e1 en el Calvario hasta el fin de los tiempos; aunque est\u00e1 resucitado, sigue estando en el Calvario en la persona de sus hermanos. En cada sagrario, en cada cop\u00f3n consagrado vemos erigirse la cruz, y nos pregunta: \u00bfpodemos hacer algo para aliviar al Cristo sufriente de hoy? \u00ab\u00a1H\u00e1ganlo, h\u00e1ganlo cuanto antes!\u00bb, pero h\u00e1ganlo siendo conscientes de que \u00abla Pasi\u00f3n ser\u00e1 la compa\u00f1era del Jes\u00fas de vuestros Sagrarios\u00bb en cada hermano y hermana que sufre, y lo que Dios les pide es que no los dejen abandonados. No dejen abandonados a los que sufren, no dejen abandonado al Se\u00f1or del Sagrario, conv\u00e9nzanse que no van a poder hacer nada con las manos si no lo hacen tambi\u00e9n con las rodillas. Adoraci\u00f3n, silencio eucar\u00edstico e intercesi\u00f3n ante el Sagrario. Y despu\u00e9s s\u00ed, servicio. Pero es como el pingpong, una lleva a la otra, una lleva a la otra.<\/p>\n<p>Jes\u00fas, nos dice san Manuel, no pretende de nosotros que impidamos la Pasi\u00f3n, sino que le demos gloria en medio de ella. En esto por favor les pido: cu\u00eddense de la instalaci\u00f3n, no se instalen, no se instalen. A veces el mundo moderno nos lleva a horarios. \u201cPadre, \u00bfme puede confesar?\u201d \u201cNo, el horario es de tal hora a tal hora\u201d. Por favor, primero la gente, despu\u00e9s el horario. No se vuelvan oficinistas de lo sagrado; que es el peligro de esta cultura. Revisen su dedicaci\u00f3n a la gente, su apertura de coraz\u00f3n.<\/p>\n<p>Inspir\u00e1ndome en estos santos, dejo al Se\u00f1or en el Sagrario que responda a sus inquietudes. Algunas respuestas tal vez les parecer\u00e1n ingenuas, como los esfuerzos del joven Carlos Acutis por difundir algo que para \u00e9l fue un descubrimiento excepcional, \u201cuna autopista al cielo\u201d. Otras parecer\u00e1n superarles, como llevar adelante las obras sociales y apost\u00f3licas que promovi\u00f3 san Manuel. En realidad, este pastor, en sus recomendaciones, afirmaba que, por encima de todo, lo que un cura puede hacer, empieza hoy, con la oraci\u00f3n sencilla, la palabra cercana, la acogida fraterna y el trabajo perseverante. Oraci\u00f3n sencilla, palabra cercana, acogida fraterna y trabajo perseverante. \u00a1No se reserven! Dec\u00eda un cura de un barrio pobre, popular, que le vienen ganas de tapiar la ventana porque la gente a cualquier hora va a pedir cosas o va a pedir bendiciones, cualquier cosa. Porque la gente es de lo m\u00e1s inoportuna, siempre; como el Se\u00f1or, que es inoportuno. Y el cura me dec\u00eda: \u201ccuando ven la puerta cerrada, me golpean la ventana. Tengo que tapiar la ventana\u201d. No, abr\u00ed la puerta. Esto es clave: curas para la gente. Y aqu\u00ed quiero mencionar una cosita. No tengan las u\u00f1as sucias, sino las u\u00f1as limpias, porque las u\u00f1as se ensucian cuando el cura comienza a trepar. Y trepadores para este cargo, para esta parroquia, para esta canonj\u00eda, para esto otro; y es entonces donde la promoci\u00f3n humana supera a la gratuidad del anuncio. Y si pierden eso ser\u00e1n unos pobres curas, que han perdido la ilusi\u00f3n de su vida. Recuperen siempre el llamado de Jes\u00fas a servir, a disposici\u00f3n de los dem\u00e1s. No tengan las u\u00f1as sucias por trepar, porque despu\u00e9s, cuando uno llega arriba, lo que hace ver es bastante indecente, y no lo quiero decir.<\/p>\n<p>Hermanos, no pongan su confianza solo en las grandes ideas, ni en propuestas pastorales bien dise\u00f1adas. Le tengo terror cuando vienen con todos los programas pastorales. Para que los cumplan los otros y no yo. No busquen culpables. \u201cEsto no funcion\u00f3 por culpa de aquel y aquel\u201d, Primero, \u00bfyo que hice? Busquen en ustedes, para ver&#8230; la culpa; esa es la humildad pastoral. Aband\u00f3nense en Aquel que los ha llamado a entregarse, y les pide solamente fidelidad y constancia, con la certeza de que es \u00c9l quien lleva su obra a t\u00e9rmino y har\u00e1 que sus esfuerzos den buenos frutos. Y ojal\u00e1 siembren mucho, y ojal\u00e1 non tenga que tomar pastillas para dormir porque llegan cansad\u00edsimos a la noche. \u00a1Ojal\u00e1! Muchas gracias.<\/p>\n","protected":false},"excerpt":{"rendered":"<p>Papa Francisco a los miembros de la Asociaci\u00f3n de Sacerdotes Hispanos que trabajan en los Estados Unidos<\/p>\n","protected":false},"author":15,"featured_media":88125,"comment_status":"closed","ping_status":"closed","sticky":false,"template":"","format":"standard","meta":{"_acf_changed":false,"_crdt_document":"","inline_featured_image":false,"footnotes":""},"categories":[116,68],"tags":[9343,565,1019,158,2718,9719,4953],"class_list":["post-88124","post","type-post","status-publish","format-standard","has-post-thumbnail","hentry","category-encuentros","category-leon-xiv","tag-audiencias","tag-estados-unidos","tag-evangelizacion","tag-papa-francisco","tag-sacerdotes","tag-sacramentos","tag-trending-es"],"acf":[],"yoast_head":"<!-- This site is optimized with the Yoast SEO plugin v27.4 - https:\/\/yoast.com\/product\/yoast-seo-wordpress\/ -->\n<title>Papa Francisco: &quot;Oraci\u00f3n sencilla, palabra cercana, acogida fraterna y trabajo perseverante&quot; &#8211; Exaudi<\/title>\n<meta name=\"robots\" content=\"index, follow, max-snippet:-1, max-image-preview:large, max-video-preview:-1\" \/>\n<link rel=\"canonical\" href=\"https:\/\/exaudi.org\/es\/lo-que-un-cura-puede-hacer-empieza-hoy-con-la-oracion-sencilla-la-palabra-cercana-la-acogida-fraterna-y-el-trabajo-perseverante\/\" \/>\n<meta property=\"og:locale\" content=\"es_ES\" \/>\n<meta property=\"og:type\" content=\"article\" \/>\n<meta property=\"og:title\" content=\"Papa Francisco: &quot;Oraci\u00f3n sencilla, palabra cercana, acogida fraterna y trabajo perseverante&quot; &#8211; Exaudi\" \/>\n<meta property=\"og:description\" content=\"Papa Francisco a los miembros de la Asociaci\u00f3n de Sacerdotes Hispanos que trabajan en los Estados Unidos\" \/>\n<meta property=\"og:url\" content=\"https:\/\/exaudi.org\/es\/lo-que-un-cura-puede-hacer-empieza-hoy-con-la-oracion-sencilla-la-palabra-cercana-la-acogida-fraterna-y-el-trabajo-perseverante\/\" \/>\n<meta property=\"og:site_name\" content=\"Exaudi\" \/>\n<meta property=\"article:publisher\" content=\"https:\/\/www.facebook.com\/ExaudiNews\" \/>\n<meta property=\"article:author\" content=\"https:\/\/www.facebook.com\/ExaudiNoticias\/\" \/>\n<meta property=\"article:published_time\" content=\"2023-11-17T08:50:24+00:00\" \/>\n<meta property=\"article:modified_time\" content=\"2023-11-19T12:19:20+00:00\" \/>\n<meta property=\"og:image\" content=\"https:\/\/exaudi.org\/wp-content\/uploads\/2023\/11\/cq5dam.thumbnail.cropped.750.422-3-1.jpeg\" \/>\n\t<meta property=\"og:image:width\" content=\"750\" \/>\n\t<meta property=\"og:image:height\" content=\"422\" \/>\n\t<meta property=\"og:image:type\" content=\"image\/jpeg\" \/>\n<meta name=\"author\" content=\"Exaudi Redacci\u00f3n\" \/>\n<meta name=\"twitter:card\" content=\"summary_large_image\" \/>\n<meta name=\"twitter:creator\" content=\"@Exaudi_noticias\" \/>\n<meta name=\"twitter:site\" content=\"@Exaudi_News\" \/>\n<meta name=\"twitter:label1\" content=\"Escrito por\" \/>\n\t<meta name=\"twitter:data1\" content=\"Exaudi Redacci\u00f3n\" \/>\n\t<meta name=\"twitter:label2\" content=\"Tiempo de lectura\" \/>\n\t<meta name=\"twitter:data2\" content=\"10 minutos\" \/>\n<script type=\"application\/ld+json\" class=\"yoast-schema-graph\">{\"@context\":\"https:\\\/\\\/schema.org\",\"@graph\":[{\"@type\":\"Article\",\"@id\":\"https:\\\/\\\/exaudi.org\\\/es\\\/lo-que-un-cura-puede-hacer-empieza-hoy-con-la-oracion-sencilla-la-palabra-cercana-la-acogida-fraterna-y-el-trabajo-perseverante\\\/#article\",\"isPartOf\":{\"@id\":\"https:\\\/\\\/exaudi.org\\\/es\\\/lo-que-un-cura-puede-hacer-empieza-hoy-con-la-oracion-sencilla-la-palabra-cercana-la-acogida-fraterna-y-el-trabajo-perseverante\\\/\"},\"author\":{\"name\":\"Exaudi Redacci\u00f3n\",\"@id\":\"https:\\\/\\\/exaudi.org\\\/#\\\/schema\\\/person\\\/f5fc8f063065e38742da7afe15f25df7\"},\"headline\":\"Papa Francisco: \u00abOraci\u00f3n sencilla, palabra cercana, acogida fraterna y trabajo perseverante\u00bb\",\"datePublished\":\"2023-11-17T08:50:24+00:00\",\"dateModified\":\"2023-11-19T12:19:20+00:00\",\"mainEntityOfPage\":{\"@id\":\"https:\\\/\\\/exaudi.org\\\/es\\\/lo-que-un-cura-puede-hacer-empieza-hoy-con-la-oracion-sencilla-la-palabra-cercana-la-acogida-fraterna-y-el-trabajo-perseverante\\\/\"},\"wordCount\":2084,\"image\":{\"@id\":\"https:\\\/\\\/exaudi.org\\\/es\\\/lo-que-un-cura-puede-hacer-empieza-hoy-con-la-oracion-sencilla-la-palabra-cercana-la-acogida-fraterna-y-el-trabajo-perseverante\\\/#primaryimage\"},\"thumbnailUrl\":\"https:\\\/\\\/exaudi.org\\\/wp-content\\\/uploads\\\/2023\\\/11\\\/cq5dam.thumbnail.cropped.750.422-3-1.jpeg\",\"keywords\":[\"AUDIENCIAS\",\"Estados Unidos\",\"Evangelizaci\u00f3n\",\"papa francisco\",\"Sacerdotes\",\"SACRAMENTOS\",\"Trending\"],\"articleSection\":[\"Encuentros\",\"Le\u00f3n XIV\"],\"inLanguage\":\"es\"},{\"@type\":\"WebPage\",\"@id\":\"https:\\\/\\\/exaudi.org\\\/es\\\/lo-que-un-cura-puede-hacer-empieza-hoy-con-la-oracion-sencilla-la-palabra-cercana-la-acogida-fraterna-y-el-trabajo-perseverante\\\/\",\"url\":\"https:\\\/\\\/exaudi.org\\\/es\\\/lo-que-un-cura-puede-hacer-empieza-hoy-con-la-oracion-sencilla-la-palabra-cercana-la-acogida-fraterna-y-el-trabajo-perseverante\\\/\",\"name\":\"Papa Francisco: \\\"Oraci\u00f3n sencilla, palabra cercana, acogida fraterna y trabajo perseverante\\\" &#8211; Exaudi\",\"isPartOf\":{\"@id\":\"https:\\\/\\\/exaudi.org\\\/#website\"},\"primaryImageOfPage\":{\"@id\":\"https:\\\/\\\/exaudi.org\\\/es\\\/lo-que-un-cura-puede-hacer-empieza-hoy-con-la-oracion-sencilla-la-palabra-cercana-la-acogida-fraterna-y-el-trabajo-perseverante\\\/#primaryimage\"},\"image\":{\"@id\":\"https:\\\/\\\/exaudi.org\\\/es\\\/lo-que-un-cura-puede-hacer-empieza-hoy-con-la-oracion-sencilla-la-palabra-cercana-la-acogida-fraterna-y-el-trabajo-perseverante\\\/#primaryimage\"},\"thumbnailUrl\":\"https:\\\/\\\/exaudi.org\\\/wp-content\\\/uploads\\\/2023\\\/11\\\/cq5dam.thumbnail.cropped.750.422-3-1.jpeg\",\"datePublished\":\"2023-11-17T08:50:24+00:00\",\"dateModified\":\"2023-11-19T12:19:20+00:00\",\"author\":{\"@id\":\"https:\\\/\\\/exaudi.org\\\/#\\\/schema\\\/person\\\/f5fc8f063065e38742da7afe15f25df7\"},\"breadcrumb\":{\"@id\":\"https:\\\/\\\/exaudi.org\\\/es\\\/lo-que-un-cura-puede-hacer-empieza-hoy-con-la-oracion-sencilla-la-palabra-cercana-la-acogida-fraterna-y-el-trabajo-perseverante\\\/#breadcrumb\"},\"inLanguage\":\"es\",\"potentialAction\":[{\"@type\":\"ReadAction\",\"target\":[\"https:\\\/\\\/exaudi.org\\\/es\\\/lo-que-un-cura-puede-hacer-empieza-hoy-con-la-oracion-sencilla-la-palabra-cercana-la-acogida-fraterna-y-el-trabajo-perseverante\\\/\"]}]},{\"@type\":\"ImageObject\",\"inLanguage\":\"es\",\"@id\":\"https:\\\/\\\/exaudi.org\\\/es\\\/lo-que-un-cura-puede-hacer-empieza-hoy-con-la-oracion-sencilla-la-palabra-cercana-la-acogida-fraterna-y-el-trabajo-perseverante\\\/#primaryimage\",\"url\":\"https:\\\/\\\/exaudi.org\\\/wp-content\\\/uploads\\\/2023\\\/11\\\/cq5dam.thumbnail.cropped.750.422-3-1.jpeg\",\"contentUrl\":\"https:\\\/\\\/exaudi.org\\\/wp-content\\\/uploads\\\/2023\\\/11\\\/cq5dam.thumbnail.cropped.750.422-3-1.jpeg\",\"width\":750,\"height\":422},{\"@type\":\"BreadcrumbList\",\"@id\":\"https:\\\/\\\/exaudi.org\\\/es\\\/lo-que-un-cura-puede-hacer-empieza-hoy-con-la-oracion-sencilla-la-palabra-cercana-la-acogida-fraterna-y-el-trabajo-perseverante\\\/#breadcrumb\",\"itemListElement\":[{\"@type\":\"ListItem\",\"position\":1,\"name\":\"Portada\",\"item\":\"https:\\\/\\\/exaudi.org\\\/es\\\/\"},{\"@type\":\"ListItem\",\"position\":2,\"name\":\"Papa Francisco: \u00abOraci\u00f3n sencilla, palabra cercana, acogida fraterna y trabajo perseverante\u00bb\"}]},{\"@type\":\"WebSite\",\"@id\":\"https:\\\/\\\/exaudi.org\\\/#website\",\"url\":\"https:\\\/\\\/exaudi.org\\\/\",\"name\":\"Exaudi\",\"description\":\"News\",\"potentialAction\":[{\"@type\":\"SearchAction\",\"target\":{\"@type\":\"EntryPoint\",\"urlTemplate\":\"https:\\\/\\\/exaudi.org\\\/?s={search_term_string}\"},\"query-input\":{\"@type\":\"PropertyValueSpecification\",\"valueRequired\":true,\"valueName\":\"search_term_string\"}}],\"inLanguage\":\"es\"},{\"@type\":\"Person\",\"@id\":\"https:\\\/\\\/exaudi.org\\\/#\\\/schema\\\/person\\\/f5fc8f063065e38742da7afe15f25df7\",\"name\":\"Exaudi Redacci\u00f3n\",\"image\":{\"@type\":\"ImageObject\",\"inLanguage\":\"es\",\"@id\":\"https:\\\/\\\/secure.gravatar.com\\\/avatar\\\/fe0f6a059fb68d9b3e11bc5850dd4899b1c7492091a3cb6dd9b01b56ad828be2?s=96&d=mm&r=g\",\"url\":\"https:\\\/\\\/secure.gravatar.com\\\/avatar\\\/fe0f6a059fb68d9b3e11bc5850dd4899b1c7492091a3cb6dd9b01b56ad828be2?s=96&d=mm&r=g\",\"contentUrl\":\"https:\\\/\\\/secure.gravatar.com\\\/avatar\\\/fe0f6a059fb68d9b3e11bc5850dd4899b1c7492091a3cb6dd9b01b56ad828be2?s=96&d=mm&r=g\",\"caption\":\"Exaudi Redacci\u00f3n\"},\"description\":\"\u00bfQu\u00e9 es Exaudi News? Exaudi News es un medio de comunicaci\u00f3n cat\u00f3lico internacional que informa, forma y transforma, diariamente en espa\u00f1ol, ingl\u00e9s e italiano. A trav\u00e9s de noticias, art\u00edculos de an\u00e1lisis y transmisiones en directo de los eventos del Papa, Exaudi busca fortalecer la unidad de los cristianos y contribuir a la evangelizaci\u00f3n del mundo, siempre guiados por la doctrina social de la Iglesia. Trabajamos para acercar la verdad y los valores cristianos a cada rinc\u00f3n del planeta. \u00a1Ay\u00fadanos a transformar el mundo con Exaudi! En Exaudi creemos que la evangelizaci\u00f3n y la informaci\u00f3n de calidad pueden cambiar vidas. Para continuar con nuestra misi\u00f3n y expandir nuestro alcance, necesitamos tu ayuda. Adem\u00e1s, buscamos personas comprometidas que deseen unirse a nuestro equipo. Con tu apoyo, lograremos llegar a m\u00e1s personas, difundir el mensaje de Cristo y reforzar la unidad de los cristianos. \u00bfTe unes a nuestra misi\u00f3n? Para m\u00e1s informaci\u00f3n sobre c\u00f3mo colaborar, visita Exaudi.org\\\/es o cont\u00e1ctanos directamente: info@exaudi.org Exaudi: Informa, forma y transforma.\",\"sameAs\":[\"https:\\\/\\\/www.facebook.com\\\/ExaudiNoticias\\\/\",\"https:\\\/\\\/www.instagram.com\\\/exaudi_noticias\\\/\",\"https:\\\/\\\/x.com\\\/Exaudi_noticias\",\"https:\\\/\\\/www.youtube.com\\\/@exaudicatholicnews\"],\"url\":\"https:\\\/\\\/exaudi.org\\\/es\\\/author\\\/redaccionexaudi\\\/\"}]}<\/script>\n<!-- \/ Yoast SEO plugin. -->","yoast_head_json":{"title":"Papa Francisco: \"Oraci\u00f3n sencilla, palabra cercana, acogida fraterna y trabajo perseverante\" &#8211; Exaudi","robots":{"index":"index","follow":"follow","max-snippet":"max-snippet:-1","max-image-preview":"max-image-preview:large","max-video-preview":"max-video-preview:-1"},"canonical":"https:\/\/exaudi.org\/es\/lo-que-un-cura-puede-hacer-empieza-hoy-con-la-oracion-sencilla-la-palabra-cercana-la-acogida-fraterna-y-el-trabajo-perseverante\/","og_locale":"es_ES","og_type":"article","og_title":"Papa Francisco: \"Oraci\u00f3n sencilla, palabra cercana, acogida fraterna y trabajo perseverante\" &#8211; Exaudi","og_description":"Papa Francisco a los miembros de la Asociaci\u00f3n de Sacerdotes Hispanos que trabajan en los Estados Unidos","og_url":"https:\/\/exaudi.org\/es\/lo-que-un-cura-puede-hacer-empieza-hoy-con-la-oracion-sencilla-la-palabra-cercana-la-acogida-fraterna-y-el-trabajo-perseverante\/","og_site_name":"Exaudi","article_publisher":"https:\/\/www.facebook.com\/ExaudiNews","article_author":"https:\/\/www.facebook.com\/ExaudiNoticias\/","article_published_time":"2023-11-17T08:50:24+00:00","article_modified_time":"2023-11-19T12:19:20+00:00","og_image":[{"width":750,"height":422,"url":"https:\/\/exaudi.org\/wp-content\/uploads\/2023\/11\/cq5dam.thumbnail.cropped.750.422-3-1.jpeg","type":"image\/jpeg"}],"author":"Exaudi Redacci\u00f3n","twitter_card":"summary_large_image","twitter_creator":"@Exaudi_noticias","twitter_site":"@Exaudi_News","twitter_misc":{"Escrito por":"Exaudi Redacci\u00f3n","Tiempo de lectura":"10 minutos"},"schema":{"@context":"https:\/\/schema.org","@graph":[{"@type":"Article","@id":"https:\/\/exaudi.org\/es\/lo-que-un-cura-puede-hacer-empieza-hoy-con-la-oracion-sencilla-la-palabra-cercana-la-acogida-fraterna-y-el-trabajo-perseverante\/#article","isPartOf":{"@id":"https:\/\/exaudi.org\/es\/lo-que-un-cura-puede-hacer-empieza-hoy-con-la-oracion-sencilla-la-palabra-cercana-la-acogida-fraterna-y-el-trabajo-perseverante\/"},"author":{"name":"Exaudi Redacci\u00f3n","@id":"https:\/\/exaudi.org\/#\/schema\/person\/f5fc8f063065e38742da7afe15f25df7"},"headline":"Papa Francisco: \u00abOraci\u00f3n sencilla, palabra cercana, acogida fraterna y trabajo perseverante\u00bb","datePublished":"2023-11-17T08:50:24+00:00","dateModified":"2023-11-19T12:19:20+00:00","mainEntityOfPage":{"@id":"https:\/\/exaudi.org\/es\/lo-que-un-cura-puede-hacer-empieza-hoy-con-la-oracion-sencilla-la-palabra-cercana-la-acogida-fraterna-y-el-trabajo-perseverante\/"},"wordCount":2084,"image":{"@id":"https:\/\/exaudi.org\/es\/lo-que-un-cura-puede-hacer-empieza-hoy-con-la-oracion-sencilla-la-palabra-cercana-la-acogida-fraterna-y-el-trabajo-perseverante\/#primaryimage"},"thumbnailUrl":"https:\/\/exaudi.org\/wp-content\/uploads\/2023\/11\/cq5dam.thumbnail.cropped.750.422-3-1.jpeg","keywords":["AUDIENCIAS","Estados Unidos","Evangelizaci\u00f3n","papa francisco","Sacerdotes","SACRAMENTOS","Trending"],"articleSection":["Encuentros","Le\u00f3n XIV"],"inLanguage":"es"},{"@type":"WebPage","@id":"https:\/\/exaudi.org\/es\/lo-que-un-cura-puede-hacer-empieza-hoy-con-la-oracion-sencilla-la-palabra-cercana-la-acogida-fraterna-y-el-trabajo-perseverante\/","url":"https:\/\/exaudi.org\/es\/lo-que-un-cura-puede-hacer-empieza-hoy-con-la-oracion-sencilla-la-palabra-cercana-la-acogida-fraterna-y-el-trabajo-perseverante\/","name":"Papa Francisco: \"Oraci\u00f3n sencilla, palabra cercana, acogida fraterna y trabajo perseverante\" &#8211; Exaudi","isPartOf":{"@id":"https:\/\/exaudi.org\/#website"},"primaryImageOfPage":{"@id":"https:\/\/exaudi.org\/es\/lo-que-un-cura-puede-hacer-empieza-hoy-con-la-oracion-sencilla-la-palabra-cercana-la-acogida-fraterna-y-el-trabajo-perseverante\/#primaryimage"},"image":{"@id":"https:\/\/exaudi.org\/es\/lo-que-un-cura-puede-hacer-empieza-hoy-con-la-oracion-sencilla-la-palabra-cercana-la-acogida-fraterna-y-el-trabajo-perseverante\/#primaryimage"},"thumbnailUrl":"https:\/\/exaudi.org\/wp-content\/uploads\/2023\/11\/cq5dam.thumbnail.cropped.750.422-3-1.jpeg","datePublished":"2023-11-17T08:50:24+00:00","dateModified":"2023-11-19T12:19:20+00:00","author":{"@id":"https:\/\/exaudi.org\/#\/schema\/person\/f5fc8f063065e38742da7afe15f25df7"},"breadcrumb":{"@id":"https:\/\/exaudi.org\/es\/lo-que-un-cura-puede-hacer-empieza-hoy-con-la-oracion-sencilla-la-palabra-cercana-la-acogida-fraterna-y-el-trabajo-perseverante\/#breadcrumb"},"inLanguage":"es","potentialAction":[{"@type":"ReadAction","target":["https:\/\/exaudi.org\/es\/lo-que-un-cura-puede-hacer-empieza-hoy-con-la-oracion-sencilla-la-palabra-cercana-la-acogida-fraterna-y-el-trabajo-perseverante\/"]}]},{"@type":"ImageObject","inLanguage":"es","@id":"https:\/\/exaudi.org\/es\/lo-que-un-cura-puede-hacer-empieza-hoy-con-la-oracion-sencilla-la-palabra-cercana-la-acogida-fraterna-y-el-trabajo-perseverante\/#primaryimage","url":"https:\/\/exaudi.org\/wp-content\/uploads\/2023\/11\/cq5dam.thumbnail.cropped.750.422-3-1.jpeg","contentUrl":"https:\/\/exaudi.org\/wp-content\/uploads\/2023\/11\/cq5dam.thumbnail.cropped.750.422-3-1.jpeg","width":750,"height":422},{"@type":"BreadcrumbList","@id":"https:\/\/exaudi.org\/es\/lo-que-un-cura-puede-hacer-empieza-hoy-con-la-oracion-sencilla-la-palabra-cercana-la-acogida-fraterna-y-el-trabajo-perseverante\/#breadcrumb","itemListElement":[{"@type":"ListItem","position":1,"name":"Portada","item":"https:\/\/exaudi.org\/es\/"},{"@type":"ListItem","position":2,"name":"Papa Francisco: \u00abOraci\u00f3n sencilla, palabra cercana, acogida fraterna y trabajo perseverante\u00bb"}]},{"@type":"WebSite","@id":"https:\/\/exaudi.org\/#website","url":"https:\/\/exaudi.org\/","name":"Exaudi","description":"News","potentialAction":[{"@type":"SearchAction","target":{"@type":"EntryPoint","urlTemplate":"https:\/\/exaudi.org\/?s={search_term_string}"},"query-input":{"@type":"PropertyValueSpecification","valueRequired":true,"valueName":"search_term_string"}}],"inLanguage":"es"},{"@type":"Person","@id":"https:\/\/exaudi.org\/#\/schema\/person\/f5fc8f063065e38742da7afe15f25df7","name":"Exaudi Redacci\u00f3n","image":{"@type":"ImageObject","inLanguage":"es","@id":"https:\/\/secure.gravatar.com\/avatar\/fe0f6a059fb68d9b3e11bc5850dd4899b1c7492091a3cb6dd9b01b56ad828be2?s=96&d=mm&r=g","url":"https:\/\/secure.gravatar.com\/avatar\/fe0f6a059fb68d9b3e11bc5850dd4899b1c7492091a3cb6dd9b01b56ad828be2?s=96&d=mm&r=g","contentUrl":"https:\/\/secure.gravatar.com\/avatar\/fe0f6a059fb68d9b3e11bc5850dd4899b1c7492091a3cb6dd9b01b56ad828be2?s=96&d=mm&r=g","caption":"Exaudi Redacci\u00f3n"},"description":"\u00bfQu\u00e9 es Exaudi News? Exaudi News es un medio de comunicaci\u00f3n cat\u00f3lico internacional que informa, forma y transforma, diariamente en espa\u00f1ol, ingl\u00e9s e italiano. A trav\u00e9s de noticias, art\u00edculos de an\u00e1lisis y transmisiones en directo de los eventos del Papa, Exaudi busca fortalecer la unidad de los cristianos y contribuir a la evangelizaci\u00f3n del mundo, siempre guiados por la doctrina social de la Iglesia. Trabajamos para acercar la verdad y los valores cristianos a cada rinc\u00f3n del planeta. \u00a1Ay\u00fadanos a transformar el mundo con Exaudi! En Exaudi creemos que la evangelizaci\u00f3n y la informaci\u00f3n de calidad pueden cambiar vidas. Para continuar con nuestra misi\u00f3n y expandir nuestro alcance, necesitamos tu ayuda. Adem\u00e1s, buscamos personas comprometidas que deseen unirse a nuestro equipo. Con tu apoyo, lograremos llegar a m\u00e1s personas, difundir el mensaje de Cristo y reforzar la unidad de los cristianos. \u00bfTe unes a nuestra misi\u00f3n? Para m\u00e1s informaci\u00f3n sobre c\u00f3mo colaborar, visita Exaudi.org\/es o cont\u00e1ctanos directamente: info@exaudi.org Exaudi: Informa, forma y transforma.","sameAs":["https:\/\/www.facebook.com\/ExaudiNoticias\/","https:\/\/www.instagram.com\/exaudi_noticias\/","https:\/\/x.com\/Exaudi_noticias","https:\/\/www.youtube.com\/@exaudicatholicnews"],"url":"https:\/\/exaudi.org\/es\/author\/redaccionexaudi\/"}]}},"jetpack_featured_media_url":"https:\/\/exaudi.org\/wp-content\/uploads\/2023\/11\/cq5dam.thumbnail.cropped.750.422-3-1.jpeg","jetpack_shortlink":"https:\/\/wp.me\/pgKjF2-mVm","_links":{"self":[{"href":"https:\/\/exaudi.org\/es\/wp-json\/wp\/v2\/posts\/88124","targetHints":{"allow":["GET"]}}],"collection":[{"href":"https:\/\/exaudi.org\/es\/wp-json\/wp\/v2\/posts"}],"about":[{"href":"https:\/\/exaudi.org\/es\/wp-json\/wp\/v2\/types\/post"}],"author":[{"embeddable":true,"href":"https:\/\/exaudi.org\/es\/wp-json\/wp\/v2\/users\/15"}],"replies":[{"embeddable":true,"href":"https:\/\/exaudi.org\/es\/wp-json\/wp\/v2\/comments?post=88124"}],"version-history":[{"count":0,"href":"https:\/\/exaudi.org\/es\/wp-json\/wp\/v2\/posts\/88124\/revisions"}],"wp:featuredmedia":[{"embeddable":true,"href":"https:\/\/exaudi.org\/es\/wp-json\/wp\/v2\/media\/88125"}],"wp:attachment":[{"href":"https:\/\/exaudi.org\/es\/wp-json\/wp\/v2\/media?parent=88124"}],"wp:term":[{"taxonomy":"category","embeddable":true,"href":"https:\/\/exaudi.org\/es\/wp-json\/wp\/v2\/categories?post=88124"},{"taxonomy":"post_tag","embeddable":true,"href":"https:\/\/exaudi.org\/es\/wp-json\/wp\/v2\/tags?post=88124"}],"curies":[{"name":"wp","href":"https:\/\/api.w.org\/{rel}","templated":true}]}}