{"id":88085,"date":"2023-11-17T08:39:42","date_gmt":"2023-11-17T07:39:42","guid":{"rendered":"https:\/\/exaudi.org\/?p=88085"},"modified":"2023-11-17T08:54:47","modified_gmt":"2023-11-17T07:54:47","slug":"la-congregacion-de-la-mision-en-la-jornada-mundial-de-los-pobres-400-anos-comprometidos-con-los-mas-necesitados","status":"publish","type":"post","link":"https:\/\/exaudi.org\/es\/la-congregacion-de-la-mision-en-la-jornada-mundial-de-los-pobres-400-anos-comprometidos-con-los-mas-necesitados\/","title":{"rendered":"La Congregaci\u00f3n de la Misi\u00f3n  en la Jornada Mundial de los Pobres:  400 a\u00f1os comprometidos con los m\u00e1s necesitados"},"content":{"rendered":"<audio class=\"wp-audio-shortcode\" id=\"audio-88085-1\" preload=\"none\" style=\"width: 100%;\" controls=\"controls\"><source type=\"audio\/mpeg\" src=\"https:\/\/exaudi.org\/wp-content\/uploads\/2023\/11\/JOrnada-pobres.mp3?_=1\" \/><a href=\"https:\/\/exaudi.org\/wp-content\/uploads\/2023\/11\/JOrnada-pobres.mp3\">https:\/\/exaudi.org\/wp-content\/uploads\/2023\/11\/JOrnada-pobres.mp3<\/a><\/audio>\n<p><span style=\"font-weight: 400\">La <\/span><b>Jornada Mundial de los Pobres<\/b><span style=\"font-weight: 400\"> celebra este a\u00f1o su s\u00e9ptima edici\u00f3n, y con ella la oportunidad de reflexionar sobre el compromiso de tantas personas en el mundo que dedican su tiempo y, en muchos casos su vida, a aliviar el sufrimiento y la soledad de los m\u00e1s pobres. El <\/span><b>Papa Francisco<\/b><span style=\"font-weight: 400\"> nos exhorta en el <\/span><a href=\"https:\/\/www.vatican.va\/content\/francesco\/es\/messages\/poveri\/documents\/20230613-messaggio-vii-giornatamondiale-poveri-2023.html\" target=\"_blank\" rel=\"noopener\"><b>Mensaje para la VII Jornada Mundial de los Pobres<\/b><\/a><span style=\"font-weight: 400\"> a no dar la espalda a la realidad, pues \u201cun r\u00edo de pobreza atraviesa nuestras ciudades y se hace cada vez m\u00e1s grande hasta desbordarse; ese r\u00edo parece arrastrarnos, tanto que el grito de nuestros hermanos y hermanas que piden ayuda, apoyo y solidaridad se hace cada vez m\u00e1s fuerte\u201d.\u00a0<\/span><\/p>\n<p><span style=\"font-weight: 400\">Como <\/span><a href=\"https:\/\/cmglobal.org\/\" target=\"_blank\" rel=\"noopener\"><b>Congregaci\u00f3n de la Misi\u00f3n<\/b><\/a><span style=\"font-weight: 400\"> nos unimos al deseo del Santo Padre para revivir \u201cel don y el compromiso de vivir la pobreza y de servir a los pobres\u201d tal como nos ense\u00f1\u00f3 San Vicente, fundador de nuestra Congregaci\u00f3n.<\/span><\/p>\n<p><span style=\"font-weight: 400\">En 1617, un evento decisivo marc\u00f3 la vida de <\/span><b>San Vicente de Pa\u00fal:<\/b><span style=\"font-weight: 400\"> el encuentro con un enfermo necesitado de atenci\u00f3n espiritual. Este suceso lo llev\u00f3 a comprometerse con la evangelizaci\u00f3n de los m\u00e1s necesitados. Entendi\u00f3 que <\/span><b>la caridad no deb\u00eda limitarse a palabras<\/b><span style=\"font-weight: 400\">, sino que tambi\u00e9n deb\u00eda abordar las necesidades materiales de las personas marginadas. As\u00ed naci\u00f3 la primera Cofrad\u00eda de la Caridad, un testimonio temprano de c\u00f3mo la caridad pr\u00e1ctica se convirti\u00f3 en una parte integral de la misi\u00f3n de nuestra Congregaci\u00f3n.<\/span><\/p>\n<p><span style=\"font-weight: 400\"><img loading=\"lazy\" decoding=\"async\" class=\"alignleft wp-image-88089\" src=\"https:\/\/exaudi.org\/wp-content\/uploads\/2023\/11\/07.-San-Vicente-de-Paul-Congregacion-de-la-Mision-Jornada-Mundial-de-los-Pobres-Credito_-Congregacion-de-la-MisionCredit_-Vincentian-Persons.png\" alt=\"\" width=\"164\" height=\"282\" srcset=\"https:\/\/exaudi.org\/wp-content\/uploads\/2023\/11\/07.-San-Vicente-de-Paul-Congregacion-de-la-Mision-Jornada-Mundial-de-los-Pobres-Credito_-Congregacion-de-la-MisionCredit_-Vincentian-Persons.png 1788w, https:\/\/exaudi.org\/wp-content\/uploads\/2023\/11\/07.-San-Vicente-de-Paul-Congregacion-de-la-Mision-Jornada-Mundial-de-los-Pobres-Credito_-Congregacion-de-la-MisionCredit_-Vincentian-Persons-175x300.png 175w, https:\/\/exaudi.org\/wp-content\/uploads\/2023\/11\/07.-San-Vicente-de-Paul-Congregacion-de-la-Mision-Jornada-Mundial-de-los-Pobres-Credito_-Congregacion-de-la-MisionCredit_-Vincentian-Persons-596x1024.png 596w, https:\/\/exaudi.org\/wp-content\/uploads\/2023\/11\/07.-San-Vicente-de-Paul-Congregacion-de-la-Mision-Jornada-Mundial-de-los-Pobres-Credito_-Congregacion-de-la-MisionCredit_-Vincentian-Persons-770x1323.png 770w, https:\/\/exaudi.org\/wp-content\/uploads\/2023\/11\/07.-San-Vicente-de-Paul-Congregacion-de-la-Mision-Jornada-Mundial-de-los-Pobres-Credito_-Congregacion-de-la-MisionCredit_-Vincentian-Persons-894x1536.png 894w, https:\/\/exaudi.org\/wp-content\/uploads\/2023\/11\/07.-San-Vicente-de-Paul-Congregacion-de-la-Mision-Jornada-Mundial-de-los-Pobres-Credito_-Congregacion-de-la-MisionCredit_-Vincentian-Persons-1192x2048.png 1192w, https:\/\/exaudi.org\/wp-content\/uploads\/2023\/11\/07.-San-Vicente-de-Paul-Congregacion-de-la-Mision-Jornada-Mundial-de-los-Pobres-Credito_-Congregacion-de-la-MisionCredit_-Vincentian-Persons-500x859.png 500w, https:\/\/exaudi.org\/wp-content\/uploads\/2023\/11\/07.-San-Vicente-de-Paul-Congregacion-de-la-Mision-Jornada-Mundial-de-los-Pobres-Credito_-Congregacion-de-la-MisionCredit_-Vincentian-Persons-293x503.png 293w, https:\/\/exaudi.org\/wp-content\/uploads\/2023\/11\/07.-San-Vicente-de-Paul-Congregacion-de-la-Mision-Jornada-Mundial-de-los-Pobres-Credito_-Congregacion-de-la-MisionCredit_-Vincentian-Persons-1400x2405.png 1400w, https:\/\/exaudi.org\/wp-content\/uploads\/2023\/11\/07.-San-Vicente-de-Paul-Congregacion-de-la-Mision-Jornada-Mundial-de-los-Pobres-Credito_-Congregacion-de-la-MisionCredit_-Vincentian-Persons-390x670.png 390w\" sizes=\"auto, (max-width: 164px) 100vw, 164px\" \/>San Vicente no eligi\u00f3 el camino f\u00e1cil, no se limit\u00f3 a continuar su camino, sino que decidi\u00f3 \u201cno apartar el rostro del pobre\u201d tal como nos invita el lema de esta Jornada Mundial de los Pobres. Aquel gesto debi\u00f3 pasar desapercibido en un primer momento para sus coet\u00e1neos pero m\u00e1s de <\/span><b>400 a\u00f1os despu\u00e9s sigue resonando con fuerza el eco de aquel acto en apariencia intrascendente. <\/b><span style=\"font-weight: 400\">A\u00f1os despu\u00e9s fundar\u00eda la <\/span><a href=\"https:\/\/cmglobal.org\/\" target=\"_blank\" rel=\"noopener\"><b>Congregaci\u00f3n de la Misi\u00f3n<\/b><\/a><span style=\"font-weight: 400\"> y desde entonces en muchas partes del mundo, miles de cohermanos trabajan silenciosamente por servir a los m\u00e1s necesitados.<\/span><\/p>\n<p><span style=\"font-weight: 400\">\u00bfPero c\u00f3mo podemos cada uno de nosotros imitar en nuestro d\u00eda a d\u00eda a San Vicente? \u00bfC\u00f3mo podemos hacer una caridad efectiva que alivie el sufrimiento de los m\u00e1s indefensos?<\/span><\/p>\n<p><span style=\"font-weight: 400\">Creo que nos podemos dejar iluminar por el lema de la Congregaci\u00f3n: \u00ab<\/span><i><span style=\"font-weight: 400\">Evangelizare pauperibus misit me<\/span><\/i><span style=\"font-weight: 400\">\u00bb (\u00abMe ha enviado a evangelizar a los pobres\u00bb). Este es el n\u00facleo de nuestro carisma pero es tambi\u00e9n una llamada a todos los cat\u00f3licos del mundo. Cada uno en su situaci\u00f3n personal tiene que <\/span><b>saberse llamado a evangelizar y a dejarse evangelizar por los pobres<\/b><span style=\"font-weight: 400\">. Evangelio, misi\u00f3n y pobres son los tres pilares de nuestra espiritualidad y el mayor deseo que Cristo ha inscrito en el coraz\u00f3n de cada misionero.\u00a0<\/span><\/p>\n<p><span style=\"font-weight: 400\">Los pobres son para cada uno de nosotros <\/span><b>una llamada para encontrarnos con Cristo<\/b><span style=\"font-weight: 400\">, que nos espera detr\u00e1s de cada rostro y de cada historia. Seguir adelante, pasar de largo o dejarse llevar por la indiferencia nos conducir\u00e1 -y en cierta manera lo estamos viendo- a una sociedad menos humana y, por tanto, menos cristiana. <\/span><b>Una Iglesia que da la espalda al pobre es una Iglesia que da la espalda a Cristo.\u00a0<\/b><\/p>\n<p><span style=\"font-weight: 400\">Dej\u00e9monos inspirar por San Vicente y tambi\u00e9n por tantos hermanos en la fe que dedican su vida al servicio de los m\u00e1s pobres. Pensad que si San Vicente hubiese decidido pasar de largo no habr\u00eda hoy alrededor de tres mil cohermanos y 507 comunidades en 99 pa\u00edses haciendo <\/span><b>una labor constante y muchas veces invisible para aliviar la pobreza en este mundo<\/b><span style=\"font-weight: 400\">. Y no somos nosotros los que salvamos a los m\u00e1s necesitados, sino que son ellos los que nos salvan a cada uno de nosotros, los que nos hacen redescubrir nuestra humanidad originaria.<\/span><\/p>\n<h3><b><img loading=\"lazy\" decoding=\"async\" class=\" wp-image-88086 alignright\" src=\"https:\/\/exaudi.org\/wp-content\/uploads\/2023\/11\/03.-Congregacion-de-la-Mision-Jornada-Mundial-de-los-Pobres-Credito_-Congregacion-de-la-Mision-scaled.jpg\" alt=\"\" width=\"719\" height=\"476\" srcset=\"https:\/\/exaudi.org\/wp-content\/uploads\/2023\/11\/03.-Congregacion-de-la-Mision-Jornada-Mundial-de-los-Pobres-Credito_-Congregacion-de-la-Mision-scaled.jpg 2560w, https:\/\/exaudi.org\/wp-content\/uploads\/2023\/11\/03.-Congregacion-de-la-Mision-Jornada-Mundial-de-los-Pobres-Credito_-Congregacion-de-la-Mision-300x199.jpg 300w, https:\/\/exaudi.org\/wp-content\/uploads\/2023\/11\/03.-Congregacion-de-la-Mision-Jornada-Mundial-de-los-Pobres-Credito_-Congregacion-de-la-Mision-1024x678.jpg 1024w, https:\/\/exaudi.org\/wp-content\/uploads\/2023\/11\/03.-Congregacion-de-la-Mision-Jornada-Mundial-de-los-Pobres-Credito_-Congregacion-de-la-Mision-770x510.jpg 770w, https:\/\/exaudi.org\/wp-content\/uploads\/2023\/11\/03.-Congregacion-de-la-Mision-Jornada-Mundial-de-los-Pobres-Credito_-Congregacion-de-la-Mision-1536x1017.jpg 1536w, https:\/\/exaudi.org\/wp-content\/uploads\/2023\/11\/03.-Congregacion-de-la-Mision-Jornada-Mundial-de-los-Pobres-Credito_-Congregacion-de-la-Mision-2048x1356.jpg 2048w, https:\/\/exaudi.org\/wp-content\/uploads\/2023\/11\/03.-Congregacion-de-la-Mision-Jornada-Mundial-de-los-Pobres-Credito_-Congregacion-de-la-Mision-500x331.jpg 500w, https:\/\/exaudi.org\/wp-content\/uploads\/2023\/11\/03.-Congregacion-de-la-Mision-Jornada-Mundial-de-los-Pobres-Credito_-Congregacion-de-la-Mision-293x194.jpg 293w, https:\/\/exaudi.org\/wp-content\/uploads\/2023\/11\/03.-Congregacion-de-la-Mision-Jornada-Mundial-de-los-Pobres-Credito_-Congregacion-de-la-Mision-1400x927.jpg 1400w, https:\/\/exaudi.org\/wp-content\/uploads\/2023\/11\/03.-Congregacion-de-la-Mision-Jornada-Mundial-de-los-Pobres-Credito_-Congregacion-de-la-Mision-120x80.jpg 120w, https:\/\/exaudi.org\/wp-content\/uploads\/2023\/11\/03.-Congregacion-de-la-Mision-Jornada-Mundial-de-los-Pobres-Credito_-Congregacion-de-la-Mision-240x160.jpg 240w, https:\/\/exaudi.org\/wp-content\/uploads\/2023\/11\/03.-Congregacion-de-la-Mision-Jornada-Mundial-de-los-Pobres-Credito_-Congregacion-de-la-Mision-390x258.jpg 390w\" sizes=\"auto, (max-width: 719px) 100vw, 719px\" \/>\u00a1Dej\u00e9monos salvar por los pobres!<\/b><\/h3>\n<p><span style=\"font-weight: 400\">En un mundo donde la pobreza y la necesidad siguen siendo desaf\u00edos apremiantes, desde la Congregaci\u00f3n de la Misi\u00f3n continuamos siguiendo a Cristo como evangelizador de los pobres, secundando el legado de San Vicente de Pa\u00fal. En este camino hacia el 400\u00ba aniversario (que celebraremos en 2025), la Congregaci\u00f3n se prepara para mantener vivo el carisma de nuestro fundador y su compromiso con los m\u00e1s necesitados. Pongamos nombre y apellido a cada rostro que nos solicita ayuda, sabiendo que aquel peque\u00f1o gesto es lo que nos salva.<\/span><\/p>\n<p><b>P. Toma\u017e Mavri\u010d, CM<span style=\"font-weight: 400\">. &#8211; <\/span>Superior General de la Congregaci\u00f3n de la Misi\u00f3n y de las Hijas de la Caridad.\u00a0<\/b><\/p>\n<p><img loading=\"lazy\" decoding=\"async\" class=\"size-full wp-image-88095 aligncenter\" src=\"https:\/\/exaudi.org\/wp-content\/uploads\/2023\/11\/Infographic-Jornada-Mundial-de-los-Pobres-ES--scaled.jpg\" alt=\"\" width=\"710\" height=\"2560\" srcset=\"https:\/\/exaudi.org\/wp-content\/uploads\/2023\/11\/Infographic-Jornada-Mundial-de-los-Pobres-ES--scaled.jpg 710w, https:\/\/exaudi.org\/wp-content\/uploads\/2023\/11\/Infographic-Jornada-Mundial-de-los-Pobres-ES--83x300.jpg 83w, https:\/\/exaudi.org\/wp-content\/uploads\/2023\/11\/Infographic-Jornada-Mundial-de-los-Pobres-ES--284x1024.jpg 284w, https:\/\/exaudi.org\/wp-content\/uploads\/2023\/11\/Infographic-Jornada-Mundial-de-los-Pobres-ES--770x2776.jpg 770w, https:\/\/exaudi.org\/wp-content\/uploads\/2023\/11\/Infographic-Jornada-Mundial-de-los-Pobres-ES--426x1536.jpg 426w, https:\/\/exaudi.org\/wp-content\/uploads\/2023\/11\/Infographic-Jornada-Mundial-de-los-Pobres-ES--568x2048.jpg 568w, https:\/\/exaudi.org\/wp-content\/uploads\/2023\/11\/Infographic-Jornada-Mundial-de-los-Pobres-ES--500x1802.jpg 500w, https:\/\/exaudi.org\/wp-content\/uploads\/2023\/11\/Infographic-Jornada-Mundial-de-los-Pobres-ES--293x1056.jpg 293w, https:\/\/exaudi.org\/wp-content\/uploads\/2023\/11\/Infographic-Jornada-Mundial-de-los-Pobres-ES--390x1406.jpg 390w\" sizes=\"auto, (max-width: 710px) 100vw, 710px\" \/><\/p>\n<p><span style=\"font-weight: 400\">***<\/span><\/p>\n<p><b>Acerca de la Congregaci\u00f3n de la Misi\u00f3n<\/b><b><br \/>\n<\/b><span style=\"font-weight: 400\">La Congregaci\u00f3n de la Misi\u00f3n, fundada por San Vicente de Pa\u00fal en 1625, se compromete a seguir a Cristo como evangelizador de los pobres. M\u00e1s 3100 miembros, repartidos en 95 pa\u00edses, trabajan en pos de una visi\u00f3n simple: servir a los m\u00e1s necesitados, a los marginados de la sociedad, a los m\u00e1s alejados de las periferias\u2026 a trav\u00e9s de la palabra de Dios y la acci\u00f3n. As\u00ed tambi\u00e9n los misioneros de la congregaci\u00f3n buscan ayudar a todos los que est\u00e9n a su alcance. En el impacto social en comunidades vulnerables, en la formaci\u00f3n a cl\u00e9rigos y laicos, en la atenci\u00f3n a peregrinos y personas que buscan a Dios en su vida diaria: toda la <\/span><a href=\"https:\/\/famvin.org\/\" target=\"_blank\" rel=\"noopener\"><span style=\"font-weight: 400\">familia vicentina<\/span><\/a><span style=\"font-weight: 400\"> \u2014que se hace presente a trav\u00e9s de instituciones, universidades, fundaciones y misiones afines\u2014 participa en esta extensa red del carisma que experimenta a Dios en el encuentro con los pobres. M\u00e1s informaci\u00f3n: <\/span><a href=\"http:\/\/www.cmglobal.org\" target=\"_blank\" rel=\"noopener\"><span style=\"font-weight: 400\">www.cmglobal.org<\/span> <\/a><\/p>\n<p><b>Acerca de Padre Toma\u017e Mavri\u010d, CM <\/b><b><br \/>\n<\/b><span style=\"font-weight: 400\">Es el vig\u00e9simo Quinto Superior General de la Congregaci\u00f3n de la Misi\u00f3n y de la Compa\u00f1\u00eda de las Hijas de la Caridad. Naci\u00f3 en Buenos Aires, Argentina, el 9 de mayo de 1959. Sus padres emigraron de Eslovenia, con familiares, huyendo del comunismo de 1945. Despu\u00e9s de la secundaria, pidi\u00f3 ingresar a la Congregaci\u00f3n de la Misi\u00f3n y entr\u00f3 a la Comunidad en la Provincia de Eslovenia, que en aquel momento se llamaba Provincia de Yugoslavia, de la que hac\u00edan parte cohermanos de Eslovenia, Croacia y Macedonia. En 1977 hizo el Seminario Interno en Belgrado, Serbia, e inici\u00f3 la filosof\u00eda en Liubliana, la capital de Eslovenia, all\u00ed tambi\u00e9n estudi\u00f3 Teolog\u00eda. Fue ordenado sacerdote en 1983. Trabaj\u00f3 en Toronto durante 10 a\u00f1os y luego regres\u00f3 a Eslovenia, donde trabaj\u00f3 por tres a\u00f1os. Despu\u00e9s estuvo 4 a\u00f1os en la ciudad de Niutalagil en los Urales. En 2004 fue enviado a la casa central, conocida como la \u201cCasa Don de Dios\u201d. Destinado en un principio a la formaci\u00f3n, en el Seminario Interno y despu\u00e9s, elegido, en 2009, Vice Visitador de la Viceprovincia de los Santos Cirilo y Metodio, hasta julio de 2016, cuando fue elegido en la Asamblea General en Chicago, como el Superior General n\u00famero 25 de la Congregaci\u00f3n de la Misi\u00f3n.<\/span><\/p>\n","protected":false},"excerpt":{"rendered":"<p>En la VII Jornada Mundial de los Pobres 2023, el Superior General de la Congregaci\u00f3n de la Misi\u00f3n reflexiona sobre el legado y el carisma de San Vicente, llamando a todos los cat\u00f3licos a dejarse salvar por los pobres<\/p>\n","protected":false},"author":15,"featured_media":88092,"comment_status":"closed","ping_status":"closed","sticky":false,"template":"","format":"standard","meta":{"_acf_changed":false,"_crdt_document":"","inline_featured_image":false,"footnotes":""},"categories":[74],"tags":[6558,10942,4881,158,4269,4953],"class_list":["post-88085","post","type-post","status-publish","format-standard","has-post-thumbnail","hentry","category-iglesia-y-mundo","tag-congregacion-de-la-mision","tag-congregacion-de-la-mision-y-de-las-hijas-de-la-caridad","tag-jornada-mundial-de-los-pobres","tag-papa-francisco","tag-san-vicente-de-paul","tag-trending-es"],"acf":[],"yoast_head":"<!-- This site is optimized with the Yoast SEO plugin v27.5 - https:\/\/yoast.com\/product\/yoast-seo-wordpress\/ -->\n<title>La Congregaci\u00f3n de la Misi\u00f3n en la Jornada Mundial de los Pobres: 400 a\u00f1os comprometidos con los m\u00e1s necesitados &#8211; Exaudi<\/title>\n<meta name=\"robots\" content=\"index, follow, max-snippet:-1, max-image-preview:large, max-video-preview:-1\" \/>\n<link rel=\"canonical\" href=\"https:\/\/exaudi.org\/es\/la-congregacion-de-la-mision-en-la-jornada-mundial-de-los-pobres-400-anos-comprometidos-con-los-mas-necesitados\/\" \/>\n<meta property=\"og:locale\" content=\"es_ES\" \/>\n<meta property=\"og:type\" content=\"article\" \/>\n<meta property=\"og:title\" content=\"La Congregaci\u00f3n de la Misi\u00f3n en la Jornada Mundial de los Pobres: 400 a\u00f1os comprometidos con los m\u00e1s necesitados &#8211; Exaudi\" \/>\n<meta property=\"og:description\" content=\"En la VII Jornada Mundial de los Pobres 2023, el Superior General de la Congregaci\u00f3n de la Misi\u00f3n reflexiona sobre el legado y el carisma de San Vicente, llamando a todos los cat\u00f3licos a dejarse salvar por los pobres\" \/>\n<meta property=\"og:url\" content=\"https:\/\/exaudi.org\/es\/la-congregacion-de-la-mision-en-la-jornada-mundial-de-los-pobres-400-anos-comprometidos-con-los-mas-necesitados\/\" \/>\n<meta property=\"og:site_name\" content=\"Exaudi\" \/>\n<meta property=\"article:publisher\" content=\"https:\/\/www.facebook.com\/ExaudiNews\" \/>\n<meta property=\"article:author\" content=\"https:\/\/www.facebook.com\/ExaudiNoticias\/\" \/>\n<meta property=\"article:published_time\" content=\"2023-11-17T07:39:42+00:00\" \/>\n<meta property=\"article:modified_time\" content=\"2023-11-17T07:54:47+00:00\" \/>\n<meta property=\"og:image\" content=\"https:\/\/exaudi.org\/wp-content\/uploads\/2023\/11\/06.-Congregacion-de-la-Mision-Jornada-Mundial-de-los-Pobres-Credito_-Congregacion-de-la-Mision-scaled.jpg\" \/>\n\t<meta property=\"og:image:width\" content=\"2560\" \/>\n\t<meta property=\"og:image:height\" content=\"1696\" \/>\n\t<meta property=\"og:image:type\" content=\"image\/jpeg\" \/>\n<meta name=\"author\" content=\"Exaudi Redacci\u00f3n\" \/>\n<meta name=\"twitter:card\" content=\"summary_large_image\" \/>\n<meta name=\"twitter:creator\" content=\"@Exaudi_noticias\" \/>\n<meta name=\"twitter:site\" content=\"@Exaudi_News\" \/>\n<meta name=\"twitter:label1\" content=\"Escrito por\" \/>\n\t<meta name=\"twitter:data1\" content=\"Exaudi Redacci\u00f3n\" \/>\n\t<meta name=\"twitter:label2\" content=\"Tiempo de lectura\" \/>\n\t<meta name=\"twitter:data2\" content=\"6 minutos\" \/>\n<script type=\"application\/ld+json\" class=\"yoast-schema-graph\">{\"@context\":\"https:\\\/\\\/schema.org\",\"@graph\":[{\"@type\":\"Article\",\"@id\":\"https:\\\/\\\/exaudi.org\\\/es\\\/la-congregacion-de-la-mision-en-la-jornada-mundial-de-los-pobres-400-anos-comprometidos-con-los-mas-necesitados\\\/#article\",\"isPartOf\":{\"@id\":\"https:\\\/\\\/exaudi.org\\\/es\\\/la-congregacion-de-la-mision-en-la-jornada-mundial-de-los-pobres-400-anos-comprometidos-con-los-mas-necesitados\\\/\"},\"author\":{\"name\":\"Exaudi Redacci\u00f3n\",\"@id\":\"https:\\\/\\\/exaudi.org\\\/#\\\/schema\\\/person\\\/f5fc8f063065e38742da7afe15f25df7\"},\"headline\":\"La Congregaci\u00f3n de la Misi\u00f3n en la Jornada Mundial de los Pobres: 400 a\u00f1os comprometidos con los m\u00e1s necesitados\",\"datePublished\":\"2023-11-17T07:39:42+00:00\",\"dateModified\":\"2023-11-17T07:54:47+00:00\",\"mainEntityOfPage\":{\"@id\":\"https:\\\/\\\/exaudi.org\\\/es\\\/la-congregacion-de-la-mision-en-la-jornada-mundial-de-los-pobres-400-anos-comprometidos-con-los-mas-necesitados\\\/\"},\"wordCount\":1215,\"image\":{\"@id\":\"https:\\\/\\\/exaudi.org\\\/es\\\/la-congregacion-de-la-mision-en-la-jornada-mundial-de-los-pobres-400-anos-comprometidos-con-los-mas-necesitados\\\/#primaryimage\"},\"thumbnailUrl\":\"https:\\\/\\\/exaudi.org\\\/wp-content\\\/uploads\\\/2023\\\/11\\\/06.-Congregacion-de-la-Mision-Jornada-Mundial-de-los-Pobres-Credito_-Congregacion-de-la-Mision-scaled.jpg\",\"keywords\":[\"Congregaci\u00f3n de la Misi\u00f3n\",\"Congregaci\u00f3n de la Misi\u00f3n y de las Hijas de la Caridad.\",\"Jornada Mundial de los Pobres\",\"papa francisco\",\"San Vicente de Pa\u00fal\",\"Trending\"],\"articleSection\":[\"Iglesia y Mundo\"],\"inLanguage\":\"es\"},{\"@type\":\"WebPage\",\"@id\":\"https:\\\/\\\/exaudi.org\\\/es\\\/la-congregacion-de-la-mision-en-la-jornada-mundial-de-los-pobres-400-anos-comprometidos-con-los-mas-necesitados\\\/\",\"url\":\"https:\\\/\\\/exaudi.org\\\/es\\\/la-congregacion-de-la-mision-en-la-jornada-mundial-de-los-pobres-400-anos-comprometidos-con-los-mas-necesitados\\\/\",\"name\":\"La Congregaci\u00f3n de la Misi\u00f3n en la Jornada Mundial de los Pobres: 400 a\u00f1os comprometidos con los m\u00e1s necesitados &#8211; Exaudi\",\"isPartOf\":{\"@id\":\"https:\\\/\\\/exaudi.org\\\/#website\"},\"primaryImageOfPage\":{\"@id\":\"https:\\\/\\\/exaudi.org\\\/es\\\/la-congregacion-de-la-mision-en-la-jornada-mundial-de-los-pobres-400-anos-comprometidos-con-los-mas-necesitados\\\/#primaryimage\"},\"image\":{\"@id\":\"https:\\\/\\\/exaudi.org\\\/es\\\/la-congregacion-de-la-mision-en-la-jornada-mundial-de-los-pobres-400-anos-comprometidos-con-los-mas-necesitados\\\/#primaryimage\"},\"thumbnailUrl\":\"https:\\\/\\\/exaudi.org\\\/wp-content\\\/uploads\\\/2023\\\/11\\\/06.-Congregacion-de-la-Mision-Jornada-Mundial-de-los-Pobres-Credito_-Congregacion-de-la-Mision-scaled.jpg\",\"datePublished\":\"2023-11-17T07:39:42+00:00\",\"dateModified\":\"2023-11-17T07:54:47+00:00\",\"author\":{\"@id\":\"https:\\\/\\\/exaudi.org\\\/#\\\/schema\\\/person\\\/f5fc8f063065e38742da7afe15f25df7\"},\"breadcrumb\":{\"@id\":\"https:\\\/\\\/exaudi.org\\\/es\\\/la-congregacion-de-la-mision-en-la-jornada-mundial-de-los-pobres-400-anos-comprometidos-con-los-mas-necesitados\\\/#breadcrumb\"},\"inLanguage\":\"es\",\"potentialAction\":[{\"@type\":\"ReadAction\",\"target\":[\"https:\\\/\\\/exaudi.org\\\/es\\\/la-congregacion-de-la-mision-en-la-jornada-mundial-de-los-pobres-400-anos-comprometidos-con-los-mas-necesitados\\\/\"]}]},{\"@type\":\"ImageObject\",\"inLanguage\":\"es\",\"@id\":\"https:\\\/\\\/exaudi.org\\\/es\\\/la-congregacion-de-la-mision-en-la-jornada-mundial-de-los-pobres-400-anos-comprometidos-con-los-mas-necesitados\\\/#primaryimage\",\"url\":\"https:\\\/\\\/exaudi.org\\\/wp-content\\\/uploads\\\/2023\\\/11\\\/06.-Congregacion-de-la-Mision-Jornada-Mundial-de-los-Pobres-Credito_-Congregacion-de-la-Mision-scaled.jpg\",\"contentUrl\":\"https:\\\/\\\/exaudi.org\\\/wp-content\\\/uploads\\\/2023\\\/11\\\/06.-Congregacion-de-la-Mision-Jornada-Mundial-de-los-Pobres-Credito_-Congregacion-de-la-Mision-scaled.jpg\",\"width\":2560,\"height\":1696},{\"@type\":\"BreadcrumbList\",\"@id\":\"https:\\\/\\\/exaudi.org\\\/es\\\/la-congregacion-de-la-mision-en-la-jornada-mundial-de-los-pobres-400-anos-comprometidos-con-los-mas-necesitados\\\/#breadcrumb\",\"itemListElement\":[{\"@type\":\"ListItem\",\"position\":1,\"name\":\"Portada\",\"item\":\"https:\\\/\\\/exaudi.org\\\/es\\\/\"},{\"@type\":\"ListItem\",\"position\":2,\"name\":\"La Congregaci\u00f3n de la Misi\u00f3n en la Jornada Mundial de los Pobres: 400 a\u00f1os comprometidos con los m\u00e1s necesitados\"}]},{\"@type\":\"WebSite\",\"@id\":\"https:\\\/\\\/exaudi.org\\\/#website\",\"url\":\"https:\\\/\\\/exaudi.org\\\/\",\"name\":\"Exaudi\",\"description\":\"News\",\"potentialAction\":[{\"@type\":\"SearchAction\",\"target\":{\"@type\":\"EntryPoint\",\"urlTemplate\":\"https:\\\/\\\/exaudi.org\\\/?s={search_term_string}\"},\"query-input\":{\"@type\":\"PropertyValueSpecification\",\"valueRequired\":true,\"valueName\":\"search_term_string\"}}],\"inLanguage\":\"es\"},{\"@type\":\"Person\",\"@id\":\"https:\\\/\\\/exaudi.org\\\/#\\\/schema\\\/person\\\/f5fc8f063065e38742da7afe15f25df7\",\"name\":\"Exaudi Redacci\u00f3n\",\"image\":{\"@type\":\"ImageObject\",\"inLanguage\":\"es\",\"@id\":\"https:\\\/\\\/secure.gravatar.com\\\/avatar\\\/fe0f6a059fb68d9b3e11bc5850dd4899b1c7492091a3cb6dd9b01b56ad828be2?s=96&d=mm&r=g\",\"url\":\"https:\\\/\\\/secure.gravatar.com\\\/avatar\\\/fe0f6a059fb68d9b3e11bc5850dd4899b1c7492091a3cb6dd9b01b56ad828be2?s=96&d=mm&r=g\",\"contentUrl\":\"https:\\\/\\\/secure.gravatar.com\\\/avatar\\\/fe0f6a059fb68d9b3e11bc5850dd4899b1c7492091a3cb6dd9b01b56ad828be2?s=96&d=mm&r=g\",\"caption\":\"Exaudi Redacci\u00f3n\"},\"description\":\"\u00bfQu\u00e9 es Exaudi News? Exaudi News es un medio de comunicaci\u00f3n cat\u00f3lico internacional que informa, forma y transforma, diariamente en espa\u00f1ol, ingl\u00e9s e italiano. A trav\u00e9s de noticias, art\u00edculos de an\u00e1lisis y transmisiones en directo de los eventos del Papa, Exaudi busca fortalecer la unidad de los cristianos y contribuir a la evangelizaci\u00f3n del mundo, siempre guiados por la doctrina social de la Iglesia. Trabajamos para acercar la verdad y los valores cristianos a cada rinc\u00f3n del planeta. \u00a1Ay\u00fadanos a transformar el mundo con Exaudi! En Exaudi creemos que la evangelizaci\u00f3n y la informaci\u00f3n de calidad pueden cambiar vidas. Para continuar con nuestra misi\u00f3n y expandir nuestro alcance, necesitamos tu ayuda. Adem\u00e1s, buscamos personas comprometidas que deseen unirse a nuestro equipo. Con tu apoyo, lograremos llegar a m\u00e1s personas, difundir el mensaje de Cristo y reforzar la unidad de los cristianos. \u00bfTe unes a nuestra misi\u00f3n? Para m\u00e1s informaci\u00f3n sobre c\u00f3mo colaborar, visita Exaudi.org\\\/es o cont\u00e1ctanos directamente: info@exaudi.org Exaudi: Informa, forma y transforma.\",\"sameAs\":[\"https:\\\/\\\/www.facebook.com\\\/ExaudiNoticias\\\/\",\"https:\\\/\\\/www.instagram.com\\\/exaudi_noticias\\\/\",\"https:\\\/\\\/x.com\\\/Exaudi_noticias\",\"https:\\\/\\\/www.youtube.com\\\/@exaudicatholicnews\"],\"url\":\"https:\\\/\\\/exaudi.org\\\/es\\\/author\\\/redaccionexaudi\\\/\"}]}<\/script>\n<!-- \/ Yoast SEO plugin. -->","yoast_head_json":{"title":"La Congregaci\u00f3n de la Misi\u00f3n en la Jornada Mundial de los Pobres: 400 a\u00f1os comprometidos con los m\u00e1s necesitados &#8211; Exaudi","robots":{"index":"index","follow":"follow","max-snippet":"max-snippet:-1","max-image-preview":"max-image-preview:large","max-video-preview":"max-video-preview:-1"},"canonical":"https:\/\/exaudi.org\/es\/la-congregacion-de-la-mision-en-la-jornada-mundial-de-los-pobres-400-anos-comprometidos-con-los-mas-necesitados\/","og_locale":"es_ES","og_type":"article","og_title":"La Congregaci\u00f3n de la Misi\u00f3n en la Jornada Mundial de los Pobres: 400 a\u00f1os comprometidos con los m\u00e1s necesitados &#8211; Exaudi","og_description":"En la VII Jornada Mundial de los Pobres 2023, el Superior General de la Congregaci\u00f3n de la Misi\u00f3n reflexiona sobre el legado y el carisma de San Vicente, llamando a todos los cat\u00f3licos a dejarse salvar por los pobres","og_url":"https:\/\/exaudi.org\/es\/la-congregacion-de-la-mision-en-la-jornada-mundial-de-los-pobres-400-anos-comprometidos-con-los-mas-necesitados\/","og_site_name":"Exaudi","article_publisher":"https:\/\/www.facebook.com\/ExaudiNews","article_author":"https:\/\/www.facebook.com\/ExaudiNoticias\/","article_published_time":"2023-11-17T07:39:42+00:00","article_modified_time":"2023-11-17T07:54:47+00:00","og_image":[{"width":2560,"height":1696,"url":"https:\/\/exaudi.org\/wp-content\/uploads\/2023\/11\/06.-Congregacion-de-la-Mision-Jornada-Mundial-de-los-Pobres-Credito_-Congregacion-de-la-Mision-scaled.jpg","type":"image\/jpeg"}],"author":"Exaudi Redacci\u00f3n","twitter_card":"summary_large_image","twitter_creator":"@Exaudi_noticias","twitter_site":"@Exaudi_News","twitter_misc":{"Escrito por":"Exaudi Redacci\u00f3n","Tiempo de lectura":"6 minutos"},"schema":{"@context":"https:\/\/schema.org","@graph":[{"@type":"Article","@id":"https:\/\/exaudi.org\/es\/la-congregacion-de-la-mision-en-la-jornada-mundial-de-los-pobres-400-anos-comprometidos-con-los-mas-necesitados\/#article","isPartOf":{"@id":"https:\/\/exaudi.org\/es\/la-congregacion-de-la-mision-en-la-jornada-mundial-de-los-pobres-400-anos-comprometidos-con-los-mas-necesitados\/"},"author":{"name":"Exaudi Redacci\u00f3n","@id":"https:\/\/exaudi.org\/#\/schema\/person\/f5fc8f063065e38742da7afe15f25df7"},"headline":"La Congregaci\u00f3n de la Misi\u00f3n en la Jornada Mundial de los Pobres: 400 a\u00f1os comprometidos con los m\u00e1s necesitados","datePublished":"2023-11-17T07:39:42+00:00","dateModified":"2023-11-17T07:54:47+00:00","mainEntityOfPage":{"@id":"https:\/\/exaudi.org\/es\/la-congregacion-de-la-mision-en-la-jornada-mundial-de-los-pobres-400-anos-comprometidos-con-los-mas-necesitados\/"},"wordCount":1215,"image":{"@id":"https:\/\/exaudi.org\/es\/la-congregacion-de-la-mision-en-la-jornada-mundial-de-los-pobres-400-anos-comprometidos-con-los-mas-necesitados\/#primaryimage"},"thumbnailUrl":"https:\/\/exaudi.org\/wp-content\/uploads\/2023\/11\/06.-Congregacion-de-la-Mision-Jornada-Mundial-de-los-Pobres-Credito_-Congregacion-de-la-Mision-scaled.jpg","keywords":["Congregaci\u00f3n de la Misi\u00f3n","Congregaci\u00f3n de la Misi\u00f3n y de las Hijas de la Caridad.","Jornada Mundial de los Pobres","papa francisco","San Vicente de Pa\u00fal","Trending"],"articleSection":["Iglesia y Mundo"],"inLanguage":"es"},{"@type":"WebPage","@id":"https:\/\/exaudi.org\/es\/la-congregacion-de-la-mision-en-la-jornada-mundial-de-los-pobres-400-anos-comprometidos-con-los-mas-necesitados\/","url":"https:\/\/exaudi.org\/es\/la-congregacion-de-la-mision-en-la-jornada-mundial-de-los-pobres-400-anos-comprometidos-con-los-mas-necesitados\/","name":"La Congregaci\u00f3n de la Misi\u00f3n en la Jornada Mundial de los Pobres: 400 a\u00f1os comprometidos con los m\u00e1s necesitados &#8211; Exaudi","isPartOf":{"@id":"https:\/\/exaudi.org\/#website"},"primaryImageOfPage":{"@id":"https:\/\/exaudi.org\/es\/la-congregacion-de-la-mision-en-la-jornada-mundial-de-los-pobres-400-anos-comprometidos-con-los-mas-necesitados\/#primaryimage"},"image":{"@id":"https:\/\/exaudi.org\/es\/la-congregacion-de-la-mision-en-la-jornada-mundial-de-los-pobres-400-anos-comprometidos-con-los-mas-necesitados\/#primaryimage"},"thumbnailUrl":"https:\/\/exaudi.org\/wp-content\/uploads\/2023\/11\/06.-Congregacion-de-la-Mision-Jornada-Mundial-de-los-Pobres-Credito_-Congregacion-de-la-Mision-scaled.jpg","datePublished":"2023-11-17T07:39:42+00:00","dateModified":"2023-11-17T07:54:47+00:00","author":{"@id":"https:\/\/exaudi.org\/#\/schema\/person\/f5fc8f063065e38742da7afe15f25df7"},"breadcrumb":{"@id":"https:\/\/exaudi.org\/es\/la-congregacion-de-la-mision-en-la-jornada-mundial-de-los-pobres-400-anos-comprometidos-con-los-mas-necesitados\/#breadcrumb"},"inLanguage":"es","potentialAction":[{"@type":"ReadAction","target":["https:\/\/exaudi.org\/es\/la-congregacion-de-la-mision-en-la-jornada-mundial-de-los-pobres-400-anos-comprometidos-con-los-mas-necesitados\/"]}]},{"@type":"ImageObject","inLanguage":"es","@id":"https:\/\/exaudi.org\/es\/la-congregacion-de-la-mision-en-la-jornada-mundial-de-los-pobres-400-anos-comprometidos-con-los-mas-necesitados\/#primaryimage","url":"https:\/\/exaudi.org\/wp-content\/uploads\/2023\/11\/06.-Congregacion-de-la-Mision-Jornada-Mundial-de-los-Pobres-Credito_-Congregacion-de-la-Mision-scaled.jpg","contentUrl":"https:\/\/exaudi.org\/wp-content\/uploads\/2023\/11\/06.-Congregacion-de-la-Mision-Jornada-Mundial-de-los-Pobres-Credito_-Congregacion-de-la-Mision-scaled.jpg","width":2560,"height":1696},{"@type":"BreadcrumbList","@id":"https:\/\/exaudi.org\/es\/la-congregacion-de-la-mision-en-la-jornada-mundial-de-los-pobres-400-anos-comprometidos-con-los-mas-necesitados\/#breadcrumb","itemListElement":[{"@type":"ListItem","position":1,"name":"Portada","item":"https:\/\/exaudi.org\/es\/"},{"@type":"ListItem","position":2,"name":"La Congregaci\u00f3n de la Misi\u00f3n en la Jornada Mundial de los Pobres: 400 a\u00f1os comprometidos con los m\u00e1s necesitados"}]},{"@type":"WebSite","@id":"https:\/\/exaudi.org\/#website","url":"https:\/\/exaudi.org\/","name":"Exaudi","description":"News","potentialAction":[{"@type":"SearchAction","target":{"@type":"EntryPoint","urlTemplate":"https:\/\/exaudi.org\/?s={search_term_string}"},"query-input":{"@type":"PropertyValueSpecification","valueRequired":true,"valueName":"search_term_string"}}],"inLanguage":"es"},{"@type":"Person","@id":"https:\/\/exaudi.org\/#\/schema\/person\/f5fc8f063065e38742da7afe15f25df7","name":"Exaudi Redacci\u00f3n","image":{"@type":"ImageObject","inLanguage":"es","@id":"https:\/\/secure.gravatar.com\/avatar\/fe0f6a059fb68d9b3e11bc5850dd4899b1c7492091a3cb6dd9b01b56ad828be2?s=96&d=mm&r=g","url":"https:\/\/secure.gravatar.com\/avatar\/fe0f6a059fb68d9b3e11bc5850dd4899b1c7492091a3cb6dd9b01b56ad828be2?s=96&d=mm&r=g","contentUrl":"https:\/\/secure.gravatar.com\/avatar\/fe0f6a059fb68d9b3e11bc5850dd4899b1c7492091a3cb6dd9b01b56ad828be2?s=96&d=mm&r=g","caption":"Exaudi Redacci\u00f3n"},"description":"\u00bfQu\u00e9 es Exaudi News? Exaudi News es un medio de comunicaci\u00f3n cat\u00f3lico internacional que informa, forma y transforma, diariamente en espa\u00f1ol, ingl\u00e9s e italiano. A trav\u00e9s de noticias, art\u00edculos de an\u00e1lisis y transmisiones en directo de los eventos del Papa, Exaudi busca fortalecer la unidad de los cristianos y contribuir a la evangelizaci\u00f3n del mundo, siempre guiados por la doctrina social de la Iglesia. Trabajamos para acercar la verdad y los valores cristianos a cada rinc\u00f3n del planeta. \u00a1Ay\u00fadanos a transformar el mundo con Exaudi! En Exaudi creemos que la evangelizaci\u00f3n y la informaci\u00f3n de calidad pueden cambiar vidas. Para continuar con nuestra misi\u00f3n y expandir nuestro alcance, necesitamos tu ayuda. Adem\u00e1s, buscamos personas comprometidas que deseen unirse a nuestro equipo. Con tu apoyo, lograremos llegar a m\u00e1s personas, difundir el mensaje de Cristo y reforzar la unidad de los cristianos. \u00bfTe unes a nuestra misi\u00f3n? Para m\u00e1s informaci\u00f3n sobre c\u00f3mo colaborar, visita Exaudi.org\/es o cont\u00e1ctanos directamente: info@exaudi.org Exaudi: Informa, forma y transforma.","sameAs":["https:\/\/www.facebook.com\/ExaudiNoticias\/","https:\/\/www.instagram.com\/exaudi_noticias\/","https:\/\/x.com\/Exaudi_noticias","https:\/\/www.youtube.com\/@exaudicatholicnews"],"url":"https:\/\/exaudi.org\/es\/author\/redaccionexaudi\/"}]}},"jetpack_featured_media_url":"https:\/\/exaudi.org\/wp-content\/uploads\/2023\/11\/06.-Congregacion-de-la-Mision-Jornada-Mundial-de-los-Pobres-Credito_-Congregacion-de-la-Mision-scaled.jpg","jetpack_shortlink":"https:\/\/wp.me\/pgKjF2-mUJ","_links":{"self":[{"href":"https:\/\/exaudi.org\/es\/wp-json\/wp\/v2\/posts\/88085","targetHints":{"allow":["GET"]}}],"collection":[{"href":"https:\/\/exaudi.org\/es\/wp-json\/wp\/v2\/posts"}],"about":[{"href":"https:\/\/exaudi.org\/es\/wp-json\/wp\/v2\/types\/post"}],"author":[{"embeddable":true,"href":"https:\/\/exaudi.org\/es\/wp-json\/wp\/v2\/users\/15"}],"replies":[{"embeddable":true,"href":"https:\/\/exaudi.org\/es\/wp-json\/wp\/v2\/comments?post=88085"}],"version-history":[{"count":0,"href":"https:\/\/exaudi.org\/es\/wp-json\/wp\/v2\/posts\/88085\/revisions"}],"wp:featuredmedia":[{"embeddable":true,"href":"https:\/\/exaudi.org\/es\/wp-json\/wp\/v2\/media\/88092"}],"wp:attachment":[{"href":"https:\/\/exaudi.org\/es\/wp-json\/wp\/v2\/media?parent=88085"}],"wp:term":[{"taxonomy":"category","embeddable":true,"href":"https:\/\/exaudi.org\/es\/wp-json\/wp\/v2\/categories?post=88085"},{"taxonomy":"post_tag","embeddable":true,"href":"https:\/\/exaudi.org\/es\/wp-json\/wp\/v2\/tags?post=88085"}],"curies":[{"name":"wp","href":"https:\/\/api.w.org\/{rel}","templated":true}]}}