{"id":88019,"date":"2023-11-17T08:30:24","date_gmt":"2023-11-17T07:30:24","guid":{"rendered":"https:\/\/exaudi.org\/?p=88019"},"modified":"2023-11-16T10:51:55","modified_gmt":"2023-11-16T09:51:55","slug":"en-uganda-una-familia-numerosa-no-es-un-suicidio","status":"publish","type":"post","link":"https:\/\/exaudi.org\/es\/en-uganda-una-familia-numerosa-no-es-un-suicidio\/","title":{"rendered":"En Uganda, una familia numerosa no es un suicidio"},"content":{"rendered":"<audio class=\"wp-audio-shortcode\" id=\"audio-88019-1\" preload=\"none\" style=\"width: 100%;\" controls=\"controls\"><source type=\"audio\/mpeg\" src=\"https:\/\/exaudi.org\/wp-content\/uploads\/2023\/11\/En-Uganda\ud83c\uddfa\ud83c\uddec-las-FamiliasNumerosas-\ud83d\udc68_\ud83d\udc69_\ud83d\udc67_\ud83d\udc66-son-semilleros-de-vocaciones-a-sacerdote-TESTIMONIO-128-kbps.mp3?_=1\" \/><a href=\"https:\/\/exaudi.org\/wp-content\/uploads\/2023\/11\/En-Uganda\ud83c\uddfa\ud83c\uddec-las-FamiliasNumerosas-\ud83d\udc68_\ud83d\udc69_\ud83d\udc67_\ud83d\udc66-son-semilleros-de-vocaciones-a-sacerdote-TESTIMONIO-128-kbps.mp3\">https:\/\/exaudi.org\/wp-content\/uploads\/2023\/11\/En-Uganda\ud83c\uddfa\ud83c\uddec-las-FamiliasNumerosas-\ud83d\udc68_\ud83d\udc69_\ud83d\udc67_\ud83d\udc66-son-semilleros-de-vocaciones-a-sacerdote-TESTIMONIO-128-kbps.mp3<\/a><\/audio>\n<p>Johnmary Mayanja Jjemba es un seminarista de la di\u00f3cesis de\u00a0<a href=\"https:\/\/fundacioncarf.org\/don-kitoolo-john-vianney-de-uganda\/\" target=\"_blank\" rel=\"noopener\" data-type=\"post\" data-id=\"173687\">Kampala<\/a>\u00a0(<a href=\"https:\/\/en.wikipedia.org\/wiki\/Catholic_Church_in_Uganda\" target=\"_blank\" rel=\"noreferrer noopener\" data-type=\"link\" data-id=\"https:\/\/en.wikipedia.org\/wiki\/Catholic_Church_in_Uganda\">Uganda<\/a>). Tiene 25 a\u00f1os y lleva dos estudiando para ser sacerdote en el\u00a0<a href=\"https:\/\/fundacioncarf.org\/seminario-internacional-bidasoa-fundacion-carf\/\" target=\"_blank\" rel=\"noopener\" data-type=\"post\" data-id=\"190038\">Seminario Internacional Bidasoa<\/a>\u00a0en Pamplona. De su familia lo aprendi\u00f3 todo, porque como \u00e9l dice\u00a0<strong>\u00absomos de la familia antes que vivir en comunidad y acudir a la iglesia\u00bb.\u00a0<\/strong>La familia es la ra\u00edz de casi todo lo que hacemos y el primer semillero de\u00a0<a href=\"https:\/\/fundacioncarf.org\/oracion-por-las-vocaciones-sacerdotales-y-religiosas\/\" target=\"_blank\" rel=\"noopener\" data-type=\"post\" data-id=\"167694\">vocaciones sacerdotales<\/a>.<\/p>\n<h3><strong>Una familia cat\u00f3lica y numerosa<\/strong><\/h3>\n<p>Su padre periodista, y su madre, ama de casa, formaron una familia de siete hijos: cuatro chicos y tres chicas. Una\u00a0<a href=\"https:\/\/fundacioncarf.org\/familia-cristiana-amoris-laetitia\/\" target=\"_blank\" rel=\"noopener\" data-type=\"post\" data-id=\"129676\">familia cat\u00f3lica y numerosa.<\/a>\u00a0Y al llegar a Espa\u00f1a, se ha dado cuenta que algunas personas con las que se ha cruzado le han mirado sorprendido, como diciendo: ser familia numerosa en Uganda es un suicidio.<\/p>\n<p><strong>Johnmary reconoce que no es todo perfecto en una familia tan grande<\/strong>, que hay momentos en que las necesidades econ\u00f3micas son urgentes y que no todo se consigue. En cambio, se aprende a respetar la decisi\u00f3n de los padres de dar a cada hijo lo que necesita en ese momento. Pero \u00e9l, a pesar de las dificultades, prefiere una familia numerosa. Porque lo que se aprende es m\u00e1s valioso que las necesidades materiales: se vive la verdadera vida de familia, se dejan los gustos personales, se aprende a buscar el bien com\u00fan.<\/p>\n<p>Una\u00a0<a href=\"https:\/\/fundacioncarf.org\/la-familia-cristiana-concepto-e-importancia\/\" target=\"_blank\" rel=\"noopener\" data-type=\"post\" data-id=\"167708\">familia numerosa<\/a>\u00a0aporta la riqueza de aprender a convivir, tolerar las diferencias de cada uno, trabajar en equipo y ayudar a los que necesitan apoyo.<\/p>\n<p>Y es que toda esta experiencia de vida le ha dejado huella en su etapa como seminarista: sabe lo que es la entrega a los dem\u00e1s,\u00a0<strong>vivir en comunidad con otros compa\u00f1eros<\/strong>, tolerar a cada uno con su car\u00e1cter\u2026 y comprender en un futuro, cuando sea sacerdote si Dios quiere, las preocupaciones de los fieles.<\/p>\n<p><iframe loading=\"lazy\" title=\"En Uganda\ud83c\uddfa\ud83c\uddec las #FamiliasNumerosas \ud83d\udc68\u200d\ud83d\udc69\u200d\ud83d\udc67\u200d\ud83d\udc66 son semilleros de vocaciones a #sacerdote - #TESTIMONIO\" width=\"500\" height=\"281\" src=\"https:\/\/www.youtube.com\/embed\/hVY429QWGI4?feature=oembed\" frameborder=\"0\" allow=\"accelerometer; autoplay; clipboard-write; encrypted-media; gyroscope; picture-in-picture; web-share\" referrerpolicy=\"strict-origin-when-cross-origin\" allowfullscreen><\/iframe><\/p>\n<h3 class=\"wp-block-heading\"><strong>El sacerdote en Uganda\u00a0<\/strong><\/h3>\n<p><strong>Una de las principales caracter\u00edsticas de un sacerdote en Uganda es que tiene que fortalecer a las\u00a0<a href=\"https:\/\/fundacioncarf.org\/oracion-en-familia-como-aprender-a-orar-en-familia\/\" target=\"_blank\" rel=\"noopener\" data-type=\"post\" data-id=\"167726\">familias<\/a>.<\/strong>\u00a0Los ni\u00f1os deben aprender la fe en casa. Para Johnmary esta es la clave de la evangelizaci\u00f3n en su pa\u00eds. De esta manera, aunque los j\u00f3venes abandonen la fe en alg\u00fan momento, ser\u00e1 m\u00e1s f\u00e1cil despu\u00e9s que vuelvan a la Iglesia. Este joven seminarista ugand\u00e9s cuenta que, en su pa\u00eds, los\u00a0<a href=\"https:\/\/fundacioncarf.org\/dani-guerrero-entregado-a-dios-como-sacerdote\/\" target=\"_blank\" rel=\"noopener\" data-type=\"post\" data-id=\"190426\">p\u00e1rrocos<\/a>\u00a0y capellanes han impulsado muchos\u00a0<a href=\"https:\/\/fundacioncarf.org\/papa-francisco-a-los-jovenes-vida-real\/\" target=\"_blank\" rel=\"noopener\" data-type=\"post\" data-id=\"189954\">movimientos juveniles<\/a>\u00a0como Y.C.S, Youth Alive y Focolare, que ayudan a los j\u00f3venes a fortalecer su fe a trav\u00e9s de actividades deportivas y artesanales, coros, conferencias, clases de teatro o drama, etc.<\/p>\n<p>Pero para llegar a las familias, a los j\u00f3venes, a los fieles, Johnmary es consciente de que un sacerdote debe\u00a0<a href=\"https:\/\/fundacioncarf.org\/formacion-de-sacerdotes\/\" target=\"_blank\" rel=\"noopener\" data-type=\"page\" data-id=\"169942\">prepararse muy bien<\/a>, ya sea en \u00c1frica o Europa: Jesucristo es el mismo all\u00ed que aqu\u00ed. \u00ab\u00c9l nos salv\u00f3 y los seminaristas deben aprender y servir como el Sumo Sacerdote. Los retos de esta generaci\u00f3n no tienen que preocuparnos porque tenemos al Salvador todopoderoso y la intercesi\u00f3n de la Virgen Mar\u00eda\u00bb.<\/p>\n<h3 class=\"wp-block-heading\"><strong>Con 14 a\u00f1os, a estudiar al seminario pero no para ser sacerdote<\/strong><\/h3>\n<p>Con 14 a\u00f1os su padre le env\u00edo a estudiar al seminario menor de san Gabriel y san Jos\u00e9, en Nswanjere, a 32 kil\u00f3metros de Kampala. No ingres\u00f3 para ser seminarista, sino para estudiar. La escuela era buena y as\u00ed lo decidi\u00f3 su padre. Porque Johnmary no ten\u00eda ninguna intenci\u00f3n de ser sacerdote.<\/p>\n<p>Pero despu\u00e9s de un a\u00f1o, Dios le hizo ver que le quer\u00eda para \u00c9l, que ser sacerdote era su vocaci\u00f3n. Uno de sus hermanos menores le ha seguido en el mismo camino y tambi\u00e9n es\u00a0<a href=\"https:\/\/fundacioncarf.org\/cinco-maneras-de-aumentar-numero-de-seminaristas\/\" target=\"_blank\" rel=\"noopener\" data-type=\"post\" data-id=\"190565\">seminarista<\/a>. Se llama V\u00edctor y est\u00e1 en el seminario mayor en Uganda donde estudi\u00f3 Johnmary.<\/p>\n<h3 class=\"wp-block-heading\"><strong><img loading=\"lazy\" decoding=\"async\" class=\"size-full wp-image-88026 alignright\" src=\"https:\/\/exaudi.org\/wp-content\/uploads\/2023\/11\/seminarista-uganda-sacerdote-2.png\" alt=\"\" width=\"800\" height=\"458\" srcset=\"https:\/\/exaudi.org\/wp-content\/uploads\/2023\/11\/seminarista-uganda-sacerdote-2.png 800w, https:\/\/exaudi.org\/wp-content\/uploads\/2023\/11\/seminarista-uganda-sacerdote-2-300x172.png 300w, https:\/\/exaudi.org\/wp-content\/uploads\/2023\/11\/seminarista-uganda-sacerdote-2-770x441.png 770w, https:\/\/exaudi.org\/wp-content\/uploads\/2023\/11\/seminarista-uganda-sacerdote-2-500x286.png 500w, https:\/\/exaudi.org\/wp-content\/uploads\/2023\/11\/seminarista-uganda-sacerdote-2-293x168.png 293w, https:\/\/exaudi.org\/wp-content\/uploads\/2023\/11\/seminarista-uganda-sacerdote-2-390x223.png 390w\" sizes=\"auto, (max-width: 800px) 100vw, 800px\" \/>Uganda, tierra de m\u00e1rtires\u00a0<\/strong><\/h3>\n<p>Todav\u00eda es un joven seminarista, pero las necesidades de su pa\u00eds le apremian.\u00a0<strong>Uganda tiene\u00a0<a href=\"https:\/\/fundacioncarf.org\/cuanto-cuesta-la-formacion-de-un-seminarista\/\" target=\"_blank\" rel=\"noopener\" data-type=\"post\" data-id=\"182707\">pocos sacerdotes<\/a>\u00a0para la\u00a0<a href=\"https:\/\/fundacioncarf.org\/catequesis-y-catequistas-para-la-nueva-evangelizacion\/\" target=\"_blank\" rel=\"noopener\" data-type=\"post\" data-id=\"183153\">evangelizaci\u00f3n<\/a>.\u00a0<\/strong>Le apena que en muchas parroquias solo se pueda\u00a0<a href=\"https:\/\/fundacioncarf.org\/partes-de-la-misa-catolica-explicada\/\" target=\"_blank\" rel=\"noopener\" data-type=\"post\" data-id=\"167732\">celebrar misa<\/a>\u00a0dos veces al mes, que no haya suficientes estructuras, que los fieles no tengan iglesias donde poder rezar, que haya pueblos sin templos.<\/p>\n<p><strong>Uganda es<a href=\"https:\/\/fundacioncarf.org\/don-charles-mulindwa-uganda-donde-las-nuevas-vocaciones-florecen\/\" target=\"_blank\" rel=\"noopener\" data-type=\"post\" data-id=\"173682\">\u00a0tierra de m\u00e1rtires<\/a>, m\u00e1rtires que han derramado su fe por Cristo.\u00a0<\/strong>Y los fieles de Uganda siguen el ejemplo de sus m\u00e1rtires. Les veneran.<\/p>\n<p>Adem\u00e1s de esta herencia, de fe y martirio que dejaron sus\u00a0<a href=\"https:\/\/fundacioncarf.org\/kenneth-seminarista-de-uganda\/\" target=\"_blank\" rel=\"noopener\" data-type=\"post\" data-id=\"147407\">antecesores<\/a>, Johnmary insiste en que la evangelizaci\u00f3n en su pa\u00eds pasa por las familias. Es fruto de las familias, porque\u00a0<a href=\"https:\/\/fundacioncarf.org\/la-catequesis-educacion-en-la-fe\/\" target=\"_blank\" rel=\"noopener\" data-type=\"post\" data-id=\"182916\">transmitir la fe<\/a>\u00a0desde ni\u00f1os, respetar otras religiones y saber convivir con personas que no piensan como uno, se aprende en la familia.<\/p>\n<h4 id=\"headline-5-184597\" class=\"ct-headline et_pb_module_header\"><a id=\"span-6-184597\" class=\"ct-link-text\" href=\"https:\/\/fundacioncarf.org\/donar\/pon-cara-a-tu-donativo\/\" target=\"_blank\" rel=\"noopener\"><span id=\"span-7-184597\" class=\"ct-span\">Ay\u00fadanos a formar seminaristas diocesanos de Uganda para servir a la Iglesia en todo el mundo.<\/span><\/a><\/h4>\n<p><img loading=\"lazy\" decoding=\"async\" class=\"size-full wp-image-88030 aligncenter\" src=\"https:\/\/exaudi.org\/wp-content\/uploads\/2023\/11\/CARF.jpg\" alt=\"\" width=\"1080\" height=\"1080\" srcset=\"https:\/\/exaudi.org\/wp-content\/uploads\/2023\/11\/CARF.jpg 1080w, https:\/\/exaudi.org\/wp-content\/uploads\/2023\/11\/CARF-300x300.jpg 300w, https:\/\/exaudi.org\/wp-content\/uploads\/2023\/11\/CARF-1024x1024.jpg 1024w, https:\/\/exaudi.org\/wp-content\/uploads\/2023\/11\/CARF-100x100.jpg?crop=1 100w, https:\/\/exaudi.org\/wp-content\/uploads\/2023\/11\/CARF-770x770.jpg 770w, https:\/\/exaudi.org\/wp-content\/uploads\/2023\/11\/CARF-500x500.jpg 500w, https:\/\/exaudi.org\/wp-content\/uploads\/2023\/11\/CARF-293x293.jpg 293w, https:\/\/exaudi.org\/wp-content\/uploads\/2023\/11\/CARF-390x390.jpg 390w, https:\/\/exaudi.org\/wp-content\/uploads\/2023\/11\/CARF-585x585.jpg 585w, https:\/\/exaudi.org\/wp-content\/uploads\/2023\/11\/CARF-900x900.jpg 900w\" sizes=\"auto, (max-width: 1080px) 100vw, 1080px\" \/><\/p>\n","protected":false},"excerpt":{"rendered":"<p>Una familia numerosa tiene la riqueza de una vida en com\u00fan, del trabajo en equipo y pensar en el bien de todos. Johnmary lo sabe bien. Su familia de nueve miembros no es un suicidio, sino una oportunidad, tambi\u00e9n en Uganda. Y fuente de vocaci\u00f3n de sacerdotes<\/p>\n","protected":false},"author":119,"featured_media":88023,"comment_status":"closed","ping_status":"closed","sticky":false,"template":"","format":"standard","meta":{"_acf_changed":false,"_crdt_document":"","inline_featured_image":false,"footnotes":""},"categories":[74,98],"tags":[9879,1926,2781,4953,10920,7440],"class_list":["post-88019","post","type-post","status-publish","format-standard","has-post-thumbnail","hentry","category-iglesia-y-mundo","category-testimonios","tag-fundacion-carf","tag-sacerdote","tag-testimonio","tag-trending-es","tag-uganda-3","tag-vocacion"],"acf":[],"yoast_head":"<!-- This site is optimized with the Yoast SEO plugin v27.5 - https:\/\/yoast.com\/product\/yoast-seo-wordpress\/ -->\n<title>En Uganda, una familia numerosa no es un suicidio &#8211; Exaudi<\/title>\n<meta name=\"robots\" content=\"index, follow, max-snippet:-1, max-image-preview:large, max-video-preview:-1\" \/>\n<link rel=\"canonical\" href=\"https:\/\/exaudi.org\/es\/en-uganda-una-familia-numerosa-no-es-un-suicidio\/\" \/>\n<meta property=\"og:locale\" content=\"es_ES\" \/>\n<meta property=\"og:type\" content=\"article\" \/>\n<meta property=\"og:title\" content=\"En Uganda, una familia numerosa no es un suicidio &#8211; Exaudi\" \/>\n<meta property=\"og:description\" content=\"Una familia numerosa tiene la riqueza de una vida en com\u00fan, del trabajo en equipo y pensar en el bien de todos. Johnmary lo sabe bien. Su familia de nueve miembros no es un suicidio, sino una oportunidad, tambi\u00e9n en Uganda. Y fuente de vocaci\u00f3n de sacerdotes\" \/>\n<meta property=\"og:url\" content=\"https:\/\/exaudi.org\/es\/en-uganda-una-familia-numerosa-no-es-un-suicidio\/\" \/>\n<meta property=\"og:site_name\" content=\"Exaudi\" \/>\n<meta property=\"article:publisher\" content=\"https:\/\/www.facebook.com\/ExaudiNews\" \/>\n<meta property=\"article:author\" content=\"https:\/\/www.facebook.com\/fundacioncarf\/\" \/>\n<meta property=\"article:published_time\" content=\"2023-11-17T07:30:24+00:00\" \/>\n<meta property=\"og:image\" content=\"https:\/\/exaudi.org\/wp-content\/uploads\/2023\/11\/seminarista-uganda-sacerdote-1.png\" \/>\n\t<meta property=\"og:image:width\" content=\"800\" \/>\n\t<meta property=\"og:image:height\" content=\"458\" \/>\n\t<meta property=\"og:image:type\" content=\"image\/png\" \/>\n<meta name=\"author\" content=\"Fundaci\u00f3n CARF\" \/>\n<meta name=\"twitter:card\" content=\"summary_large_image\" \/>\n<meta name=\"twitter:creator\" content=\"@https:\/\/x.com\/fundacioncarf\" \/>\n<meta name=\"twitter:site\" content=\"@Exaudi_News\" \/>\n<meta name=\"twitter:label1\" content=\"Escrito por\" \/>\n\t<meta name=\"twitter:data1\" content=\"Fundaci\u00f3n CARF\" \/>\n\t<meta name=\"twitter:label2\" content=\"Tiempo de lectura\" \/>\n\t<meta name=\"twitter:data2\" content=\"4 minutos\" \/>\n<script type=\"application\/ld+json\" class=\"yoast-schema-graph\">{\"@context\":\"https:\\\/\\\/schema.org\",\"@graph\":[{\"@type\":\"Article\",\"@id\":\"https:\\\/\\\/exaudi.org\\\/es\\\/en-uganda-una-familia-numerosa-no-es-un-suicidio\\\/#article\",\"isPartOf\":{\"@id\":\"https:\\\/\\\/exaudi.org\\\/es\\\/en-uganda-una-familia-numerosa-no-es-un-suicidio\\\/\"},\"author\":{\"name\":\"Fundaci\u00f3n CARF\",\"@id\":\"https:\\\/\\\/exaudi.org\\\/#\\\/schema\\\/person\\\/fab8261a088ccf38cb54b3c50baa7baf\"},\"headline\":\"En Uganda, una familia numerosa no es un suicidio\",\"datePublished\":\"2023-11-17T07:30:24+00:00\",\"mainEntityOfPage\":{\"@id\":\"https:\\\/\\\/exaudi.org\\\/es\\\/en-uganda-una-familia-numerosa-no-es-un-suicidio\\\/\"},\"wordCount\":839,\"image\":{\"@id\":\"https:\\\/\\\/exaudi.org\\\/es\\\/en-uganda-una-familia-numerosa-no-es-un-suicidio\\\/#primaryimage\"},\"thumbnailUrl\":\"https:\\\/\\\/exaudi.org\\\/wp-content\\\/uploads\\\/2023\\\/11\\\/seminarista-uganda-sacerdote-1.png\",\"keywords\":[\"Fundaci\u00f3n CARF\",\"Sacerdote\",\"Testimonio\",\"Trending\",\"Uganda\",\"Vocaci\u00f3n\"],\"articleSection\":[\"Iglesia y Mundo\",\"Testimonios\"],\"inLanguage\":\"es\"},{\"@type\":\"WebPage\",\"@id\":\"https:\\\/\\\/exaudi.org\\\/es\\\/en-uganda-una-familia-numerosa-no-es-un-suicidio\\\/\",\"url\":\"https:\\\/\\\/exaudi.org\\\/es\\\/en-uganda-una-familia-numerosa-no-es-un-suicidio\\\/\",\"name\":\"En Uganda, una familia numerosa no es un suicidio &#8211; Exaudi\",\"isPartOf\":{\"@id\":\"https:\\\/\\\/exaudi.org\\\/#website\"},\"primaryImageOfPage\":{\"@id\":\"https:\\\/\\\/exaudi.org\\\/es\\\/en-uganda-una-familia-numerosa-no-es-un-suicidio\\\/#primaryimage\"},\"image\":{\"@id\":\"https:\\\/\\\/exaudi.org\\\/es\\\/en-uganda-una-familia-numerosa-no-es-un-suicidio\\\/#primaryimage\"},\"thumbnailUrl\":\"https:\\\/\\\/exaudi.org\\\/wp-content\\\/uploads\\\/2023\\\/11\\\/seminarista-uganda-sacerdote-1.png\",\"datePublished\":\"2023-11-17T07:30:24+00:00\",\"author\":{\"@id\":\"https:\\\/\\\/exaudi.org\\\/#\\\/schema\\\/person\\\/fab8261a088ccf38cb54b3c50baa7baf\"},\"breadcrumb\":{\"@id\":\"https:\\\/\\\/exaudi.org\\\/es\\\/en-uganda-una-familia-numerosa-no-es-un-suicidio\\\/#breadcrumb\"},\"inLanguage\":\"es\",\"potentialAction\":[{\"@type\":\"ReadAction\",\"target\":[\"https:\\\/\\\/exaudi.org\\\/es\\\/en-uganda-una-familia-numerosa-no-es-un-suicidio\\\/\"]}]},{\"@type\":\"ImageObject\",\"inLanguage\":\"es\",\"@id\":\"https:\\\/\\\/exaudi.org\\\/es\\\/en-uganda-una-familia-numerosa-no-es-un-suicidio\\\/#primaryimage\",\"url\":\"https:\\\/\\\/exaudi.org\\\/wp-content\\\/uploads\\\/2023\\\/11\\\/seminarista-uganda-sacerdote-1.png\",\"contentUrl\":\"https:\\\/\\\/exaudi.org\\\/wp-content\\\/uploads\\\/2023\\\/11\\\/seminarista-uganda-sacerdote-1.png\",\"width\":800,\"height\":458},{\"@type\":\"BreadcrumbList\",\"@id\":\"https:\\\/\\\/exaudi.org\\\/es\\\/en-uganda-una-familia-numerosa-no-es-un-suicidio\\\/#breadcrumb\",\"itemListElement\":[{\"@type\":\"ListItem\",\"position\":1,\"name\":\"Portada\",\"item\":\"https:\\\/\\\/exaudi.org\\\/es\\\/\"},{\"@type\":\"ListItem\",\"position\":2,\"name\":\"En Uganda, una familia numerosa no es un suicidio\"}]},{\"@type\":\"WebSite\",\"@id\":\"https:\\\/\\\/exaudi.org\\\/#website\",\"url\":\"https:\\\/\\\/exaudi.org\\\/\",\"name\":\"Exaudi\",\"description\":\"News\",\"potentialAction\":[{\"@type\":\"SearchAction\",\"target\":{\"@type\":\"EntryPoint\",\"urlTemplate\":\"https:\\\/\\\/exaudi.org\\\/?s={search_term_string}\"},\"query-input\":{\"@type\":\"PropertyValueSpecification\",\"valueRequired\":true,\"valueName\":\"search_term_string\"}}],\"inLanguage\":\"es\"},{\"@type\":\"Person\",\"@id\":\"https:\\\/\\\/exaudi.org\\\/#\\\/schema\\\/person\\\/fab8261a088ccf38cb54b3c50baa7baf\",\"name\":\"Fundaci\u00f3n CARF\",\"image\":{\"@type\":\"ImageObject\",\"inLanguage\":\"es\",\"@id\":\"https:\\\/\\\/secure.gravatar.com\\\/avatar\\\/ab292d3529973c0d1cf4cda9208c6a8a7ee52923f0a291c39104715fa46aae4b?s=96&d=mm&r=g\",\"url\":\"https:\\\/\\\/secure.gravatar.com\\\/avatar\\\/ab292d3529973c0d1cf4cda9208c6a8a7ee52923f0a291c39104715fa46aae4b?s=96&d=mm&r=g\",\"contentUrl\":\"https:\\\/\\\/secure.gravatar.com\\\/avatar\\\/ab292d3529973c0d1cf4cda9208c6a8a7ee52923f0a291c39104715fa46aae4b?s=96&d=mm&r=g\",\"caption\":\"Fundaci\u00f3n CARF\"},\"description\":\"Trabajamos para llevar la sonrisa de Dios a todos los rincones del mundo a trav\u00e9s de los sacerdotes y ayudando a su formaci\u00f3n. Gracias a nuestros benefactores, ayudamos a la formaci\u00f3n de los sacerdotes, difundimos su buen nombre y rezamos por su fidelidad y las vocaciones. Trabajamos para servir a la Iglesia y que ninguna vocaci\u00f3n se pierda y luego ellos puedan transmitir en su labor pastoral toda la luz, ciencia y doctrina recibida. Acad\u00e9mico Las licenciaturas, programas de especializacio\u0301n o doctorados, otorgan a cada candidato una formaci\u00f3n espec\u00edfica en Teologi\u0301a, Filosofi\u0301a, Derecho Cano\u0301nico o Comunicacio\u0301n Social Institucional. Espiritual Los seminaristas y sacerdotes complementan su formacio\u0301n acade\u0301mica y humana con la espiritual, ya que deben estar preparados para seguir su vocaci\u00f3n y prestar su cuerpo y su espi\u0301ritu al Sen\u0303or. Humano A trave\u0301s del ambiente de familia y de preparaci\u00f3n, se consigue el desarrollo de actitudes, capacidades y valores que impactan en el crecimiento personal y social de los sacerdotes.\",\"sameAs\":[\"https:\\\/\\\/fundacioncarf.org\\\/\",\"https:\\\/\\\/www.facebook.com\\\/fundacioncarf\\\/\",\"https:\\\/\\\/www.instagram.com\\\/fundacioncarf\\\/\",\"https:\\\/\\\/www.linkedin.com\\\/company\\\/fundacioncarf\\\/posts\\\/?feedView=all\",\"https:\\\/\\\/x.com\\\/https:\\\/\\\/x.com\\\/fundacioncarf\",\"https:\\\/\\\/www.youtube.com\\\/c\\\/fundacioncarf\"],\"url\":\"https:\\\/\\\/exaudi.org\\\/es\\\/author\\\/carf\\\/\"}]}<\/script>\n<!-- \/ Yoast SEO plugin. -->","yoast_head_json":{"title":"En Uganda, una familia numerosa no es un suicidio &#8211; Exaudi","robots":{"index":"index","follow":"follow","max-snippet":"max-snippet:-1","max-image-preview":"max-image-preview:large","max-video-preview":"max-video-preview:-1"},"canonical":"https:\/\/exaudi.org\/es\/en-uganda-una-familia-numerosa-no-es-un-suicidio\/","og_locale":"es_ES","og_type":"article","og_title":"En Uganda, una familia numerosa no es un suicidio &#8211; Exaudi","og_description":"Una familia numerosa tiene la riqueza de una vida en com\u00fan, del trabajo en equipo y pensar en el bien de todos. Johnmary lo sabe bien. Su familia de nueve miembros no es un suicidio, sino una oportunidad, tambi\u00e9n en Uganda. Y fuente de vocaci\u00f3n de sacerdotes","og_url":"https:\/\/exaudi.org\/es\/en-uganda-una-familia-numerosa-no-es-un-suicidio\/","og_site_name":"Exaudi","article_publisher":"https:\/\/www.facebook.com\/ExaudiNews","article_author":"https:\/\/www.facebook.com\/fundacioncarf\/","article_published_time":"2023-11-17T07:30:24+00:00","og_image":[{"width":800,"height":458,"url":"https:\/\/exaudi.org\/wp-content\/uploads\/2023\/11\/seminarista-uganda-sacerdote-1.png","type":"image\/png"}],"author":"Fundaci\u00f3n CARF","twitter_card":"summary_large_image","twitter_creator":"@https:\/\/x.com\/fundacioncarf","twitter_site":"@Exaudi_News","twitter_misc":{"Escrito por":"Fundaci\u00f3n CARF","Tiempo de lectura":"4 minutos"},"schema":{"@context":"https:\/\/schema.org","@graph":[{"@type":"Article","@id":"https:\/\/exaudi.org\/es\/en-uganda-una-familia-numerosa-no-es-un-suicidio\/#article","isPartOf":{"@id":"https:\/\/exaudi.org\/es\/en-uganda-una-familia-numerosa-no-es-un-suicidio\/"},"author":{"name":"Fundaci\u00f3n CARF","@id":"https:\/\/exaudi.org\/#\/schema\/person\/fab8261a088ccf38cb54b3c50baa7baf"},"headline":"En Uganda, una familia numerosa no es un suicidio","datePublished":"2023-11-17T07:30:24+00:00","mainEntityOfPage":{"@id":"https:\/\/exaudi.org\/es\/en-uganda-una-familia-numerosa-no-es-un-suicidio\/"},"wordCount":839,"image":{"@id":"https:\/\/exaudi.org\/es\/en-uganda-una-familia-numerosa-no-es-un-suicidio\/#primaryimage"},"thumbnailUrl":"https:\/\/exaudi.org\/wp-content\/uploads\/2023\/11\/seminarista-uganda-sacerdote-1.png","keywords":["Fundaci\u00f3n CARF","Sacerdote","Testimonio","Trending","Uganda","Vocaci\u00f3n"],"articleSection":["Iglesia y Mundo","Testimonios"],"inLanguage":"es"},{"@type":"WebPage","@id":"https:\/\/exaudi.org\/es\/en-uganda-una-familia-numerosa-no-es-un-suicidio\/","url":"https:\/\/exaudi.org\/es\/en-uganda-una-familia-numerosa-no-es-un-suicidio\/","name":"En Uganda, una familia numerosa no es un suicidio &#8211; Exaudi","isPartOf":{"@id":"https:\/\/exaudi.org\/#website"},"primaryImageOfPage":{"@id":"https:\/\/exaudi.org\/es\/en-uganda-una-familia-numerosa-no-es-un-suicidio\/#primaryimage"},"image":{"@id":"https:\/\/exaudi.org\/es\/en-uganda-una-familia-numerosa-no-es-un-suicidio\/#primaryimage"},"thumbnailUrl":"https:\/\/exaudi.org\/wp-content\/uploads\/2023\/11\/seminarista-uganda-sacerdote-1.png","datePublished":"2023-11-17T07:30:24+00:00","author":{"@id":"https:\/\/exaudi.org\/#\/schema\/person\/fab8261a088ccf38cb54b3c50baa7baf"},"breadcrumb":{"@id":"https:\/\/exaudi.org\/es\/en-uganda-una-familia-numerosa-no-es-un-suicidio\/#breadcrumb"},"inLanguage":"es","potentialAction":[{"@type":"ReadAction","target":["https:\/\/exaudi.org\/es\/en-uganda-una-familia-numerosa-no-es-un-suicidio\/"]}]},{"@type":"ImageObject","inLanguage":"es","@id":"https:\/\/exaudi.org\/es\/en-uganda-una-familia-numerosa-no-es-un-suicidio\/#primaryimage","url":"https:\/\/exaudi.org\/wp-content\/uploads\/2023\/11\/seminarista-uganda-sacerdote-1.png","contentUrl":"https:\/\/exaudi.org\/wp-content\/uploads\/2023\/11\/seminarista-uganda-sacerdote-1.png","width":800,"height":458},{"@type":"BreadcrumbList","@id":"https:\/\/exaudi.org\/es\/en-uganda-una-familia-numerosa-no-es-un-suicidio\/#breadcrumb","itemListElement":[{"@type":"ListItem","position":1,"name":"Portada","item":"https:\/\/exaudi.org\/es\/"},{"@type":"ListItem","position":2,"name":"En Uganda, una familia numerosa no es un suicidio"}]},{"@type":"WebSite","@id":"https:\/\/exaudi.org\/#website","url":"https:\/\/exaudi.org\/","name":"Exaudi","description":"News","potentialAction":[{"@type":"SearchAction","target":{"@type":"EntryPoint","urlTemplate":"https:\/\/exaudi.org\/?s={search_term_string}"},"query-input":{"@type":"PropertyValueSpecification","valueRequired":true,"valueName":"search_term_string"}}],"inLanguage":"es"},{"@type":"Person","@id":"https:\/\/exaudi.org\/#\/schema\/person\/fab8261a088ccf38cb54b3c50baa7baf","name":"Fundaci\u00f3n CARF","image":{"@type":"ImageObject","inLanguage":"es","@id":"https:\/\/secure.gravatar.com\/avatar\/ab292d3529973c0d1cf4cda9208c6a8a7ee52923f0a291c39104715fa46aae4b?s=96&d=mm&r=g","url":"https:\/\/secure.gravatar.com\/avatar\/ab292d3529973c0d1cf4cda9208c6a8a7ee52923f0a291c39104715fa46aae4b?s=96&d=mm&r=g","contentUrl":"https:\/\/secure.gravatar.com\/avatar\/ab292d3529973c0d1cf4cda9208c6a8a7ee52923f0a291c39104715fa46aae4b?s=96&d=mm&r=g","caption":"Fundaci\u00f3n CARF"},"description":"Trabajamos para llevar la sonrisa de Dios a todos los rincones del mundo a trav\u00e9s de los sacerdotes y ayudando a su formaci\u00f3n. Gracias a nuestros benefactores, ayudamos a la formaci\u00f3n de los sacerdotes, difundimos su buen nombre y rezamos por su fidelidad y las vocaciones. Trabajamos para servir a la Iglesia y que ninguna vocaci\u00f3n se pierda y luego ellos puedan transmitir en su labor pastoral toda la luz, ciencia y doctrina recibida. Acad\u00e9mico Las licenciaturas, programas de especializacio\u0301n o doctorados, otorgan a cada candidato una formaci\u00f3n espec\u00edfica en Teologi\u0301a, Filosofi\u0301a, Derecho Cano\u0301nico o Comunicacio\u0301n Social Institucional. Espiritual Los seminaristas y sacerdotes complementan su formacio\u0301n acade\u0301mica y humana con la espiritual, ya que deben estar preparados para seguir su vocaci\u00f3n y prestar su cuerpo y su espi\u0301ritu al Sen\u0303or. Humano A trave\u0301s del ambiente de familia y de preparaci\u00f3n, se consigue el desarrollo de actitudes, capacidades y valores que impactan en el crecimiento personal y social de los sacerdotes.","sameAs":["https:\/\/fundacioncarf.org\/","https:\/\/www.facebook.com\/fundacioncarf\/","https:\/\/www.instagram.com\/fundacioncarf\/","https:\/\/www.linkedin.com\/company\/fundacioncarf\/posts\/?feedView=all","https:\/\/x.com\/https:\/\/x.com\/fundacioncarf","https:\/\/www.youtube.com\/c\/fundacioncarf"],"url":"https:\/\/exaudi.org\/es\/author\/carf\/"}]}},"jetpack_featured_media_url":"https:\/\/exaudi.org\/wp-content\/uploads\/2023\/11\/seminarista-uganda-sacerdote-1.png","jetpack_shortlink":"https:\/\/wp.me\/pgKjF2-mTF","_links":{"self":[{"href":"https:\/\/exaudi.org\/es\/wp-json\/wp\/v2\/posts\/88019","targetHints":{"allow":["GET"]}}],"collection":[{"href":"https:\/\/exaudi.org\/es\/wp-json\/wp\/v2\/posts"}],"about":[{"href":"https:\/\/exaudi.org\/es\/wp-json\/wp\/v2\/types\/post"}],"author":[{"embeddable":true,"href":"https:\/\/exaudi.org\/es\/wp-json\/wp\/v2\/users\/119"}],"replies":[{"embeddable":true,"href":"https:\/\/exaudi.org\/es\/wp-json\/wp\/v2\/comments?post=88019"}],"version-history":[{"count":0,"href":"https:\/\/exaudi.org\/es\/wp-json\/wp\/v2\/posts\/88019\/revisions"}],"wp:featuredmedia":[{"embeddable":true,"href":"https:\/\/exaudi.org\/es\/wp-json\/wp\/v2\/media\/88023"}],"wp:attachment":[{"href":"https:\/\/exaudi.org\/es\/wp-json\/wp\/v2\/media?parent=88019"}],"wp:term":[{"taxonomy":"category","embeddable":true,"href":"https:\/\/exaudi.org\/es\/wp-json\/wp\/v2\/categories?post=88019"},{"taxonomy":"post_tag","embeddable":true,"href":"https:\/\/exaudi.org\/es\/wp-json\/wp\/v2\/tags?post=88019"}],"curies":[{"name":"wp","href":"https:\/\/api.w.org\/{rel}","templated":true}]}}