{"id":87996,"date":"2023-11-16T08:37:33","date_gmt":"2023-11-16T07:37:33","guid":{"rendered":"https:\/\/exaudi.org\/?p=87996"},"modified":"2023-11-16T08:38:51","modified_gmt":"2023-11-16T07:38:51","slug":"el-cardenal-pizzaballa-pide-que-se-rece-por-los-inocentes","status":"publish","type":"post","link":"https:\/\/exaudi.org\/es\/el-cardenal-pizzaballa-pide-que-se-rece-por-los-inocentes\/","title":{"rendered":"El cardenal Pizzaballa pide que se rece por los inocentes"},"content":{"rendered":"<div class=\"article__text\">\n<p>&nbsp;<\/p>\n<audio class=\"wp-audio-shortcode\" id=\"audio-87996-1\" preload=\"none\" style=\"width: 100%;\" controls=\"controls\"><source type=\"audio\/mpeg\" src=\"https:\/\/exaudi.org\/wp-content\/uploads\/2023\/11\/El-cardenal-Pizzaballa.mp3?_=1\" \/><a href=\"https:\/\/exaudi.org\/wp-content\/uploads\/2023\/11\/El-cardenal-Pizzaballa.mp3\">https:\/\/exaudi.org\/wp-content\/uploads\/2023\/11\/El-cardenal-Pizzaballa.mp3<\/a><\/audio>\n<p>Un momento de gran participaci\u00f3n en el dolor y el sufrimiento de quienes viven el drama del conflicto en Tierra Santa: esta ma\u00f1ana, 15 de noviembre, los obispos italianos, reunidos en Asamblea General extraordinaria en As\u00eds, han escuchado el testimonio del cardenal Pierbattista Pizzaballa, patriarca latino de Jerusal\u00e9n, conectado durante la primera sesi\u00f3n de la jornada dedicada a la oraci\u00f3n por la paz. La conexi\u00f3n dur\u00f3 m\u00e1s de 20 minutos.<\/p>\n<h3><b>El drama de Gaza<\/b><\/h3>\n<p>El cardenal present\u00f3 la \u00abdram\u00e1tica situaci\u00f3n actual\u00bb: \u00abHay \u2013 explic\u00f3 \u20131.400 v\u00edctimas israel\u00edes del ataque del 7 de octubre, m\u00e1s de 11.000 muertos confirmados en Gaza, la mayor\u00eda civiles, de los cuales al menos 4.000 son menores. Hay unos 100.000 desplazados en Israel, y al menos un mill\u00f3n en Gaza\u00bb.<\/p>\n<p>Los cristianos presentes en Gaza, donde \u00ablas infraestructuras est\u00e1n completamente destruidas\u00bb, son \u00abmenos de mil, alojados en un centro ortodoxo y en una parroquia cat\u00f3lica de la zona norte, sometida a continuos bombardeos y en el centro de las operaciones militares\u00bb, precis\u00f3 adem\u00e1s el cardenal Pizzaballa.<\/p>\n<p>\u00abTambi\u00e9n estamos dando alojamiento \u2013 a\u00f1adi\u00f3 \u2013 a unos 3.000 musulmanes, alojados en los locales de una escuela. Grande \u2013 prosigui\u00f3 \u2013 es la preocupaci\u00f3n tambi\u00e9n por los cristianos de Bel\u00e9n y alrededores y por los dispersos en Cisjordania\u00bb.<\/p>\n<h3><b>Oraciones por los inocentes<\/b><\/h3>\n<p>Al tiempo que agradec\u00eda a la Iglesia italiana su cercan\u00eda concreta y espiritual, el cardenal expres\u00f3 su esperanza de que pronto se encuentre una soluci\u00f3n que garantice la paz y la seguridad para todos. \u00abRecemos \u2013concluy\u00f3 \u2013 por todas las v\u00edctimas inocentes. El sufrimiento de los inocentes ante Dios tiene un valor precioso y redentor, porque est\u00e1 unido al sufrimiento redentor de Cristo. \u00a1Que su sufrimiento acerque cada vez m\u00e1s la paz y no contribuya a generar m\u00e1s odio!\u00bb.<\/p>\n<h3><b>La cercan\u00eda de la Iglesia en Italia<\/b><\/h3>\n<p>Por su parte, el presidente de la Conferencia Episcopal Italiana, el cardenal Matteo Zuppi, en nombre de los obispos italianos, renov\u00f3 la cercan\u00eda de las Iglesias en Italia asegurando un recuerdo especial en la oraci\u00f3n por la paz que tendr\u00e1 lugar esta tarde. La invocaci\u00f3n por la paz ser\u00e1, de hecho, el hilo conductor de la segunda parte de la jornada: a las 17.45 horas, los obispos italianos se reunir\u00e1n en la bas\u00edlica de Santa Chiara para rezar las V\u00edsperas.<\/p>\n<p>Despu\u00e9s, en procesi\u00f3n, se dirigir\u00e1n a la Iglesia Inferior de la Bas\u00edlica de San Francisco para la celebraci\u00f3n de la Misa y la oraci\u00f3n ante la tumba del Santo. Ser\u00e1 monse\u00f1or Domenico Sorrentino, arzobispo-obispo de As\u00eds &#8211; Nocera Umbra &#8211; Gualdo Tadino y arzobispo-obispo de Foligno, quien presida las V\u00edsperas y la procesi\u00f3n, mientras que el cardenal Zuppi presidir\u00e1 la celebraci\u00f3n eucar\u00edstica.<\/p>\n<h3><b>Los obispos en oraci\u00f3n<\/b><\/h3>\n<p>\u00abLos corazones de todos nosotros \u2013 rezaron los obispos \u2013 est\u00e1n llenos de dolor por las guerras que laceran nuestro tiempo. Esta tarde, uni\u00e9ndonos al anhelo de paz que surge de todos los rincones de la tierra, nos disponemos a detenernos en oraci\u00f3n ante la tumba de san Francisco, hombre de reconciliaci\u00f3n y de fraternidad. Confi\u00e1ndonos a su intercesi\u00f3n, imploramos a Dios Padre, que en Cristo Jes\u00fas pacific\u00f3 el cielo y la tierra, que destierre los horrores de la violencia y nos conceda d\u00edas de paz\u00bb.<\/p>\n<\/div>\n","protected":false},"excerpt":{"rendered":"<p>El patriarca latino de Jerusal\u00e9n intervino esta ma\u00f1ana durante unos 20 minutos en la primera sesi\u00f3n de los trabajos de la Asamblea Extraordinaria que comienza el lunes en As\u00eds e ilustr\u00f3 la \u00abdram\u00e1tica situaci\u00f3n\u00bb de Gaza<\/p>\n","protected":false},"author":15,"featured_media":87997,"comment_status":"closed","ping_status":"closed","sticky":false,"template":"","format":"standard","meta":{"_acf_changed":false,"_crdt_document":"","inline_featured_image":false,"footnotes":""},"categories":[74],"tags":[10907,6545,3834,449,516,602,625,10366,392,4953],"class_list":["post-87996","post","type-post","status-publish","format-standard","has-post-thumbnail","hentry","category-iglesia-y-mundo","tag-cei-3","tag-conferencia-episcopal","tag-guerra-es","tag-iglesia-catolica","tag-italia","tag-obispos","tag-paz","tag-pierbattista-pizzaballa-2","tag-tierra-santa","tag-trending-es"],"acf":[],"yoast_head":"<!-- This site is optimized with the Yoast SEO plugin v27.4 - https:\/\/yoast.com\/product\/yoast-seo-wordpress\/ -->\n<title>El cardenal Pizzaballa pide que se rece por los inocentes &#8211; Exaudi<\/title>\n<meta name=\"robots\" content=\"index, follow, max-snippet:-1, max-image-preview:large, max-video-preview:-1\" \/>\n<link rel=\"canonical\" href=\"https:\/\/exaudi.org\/es\/el-cardenal-pizzaballa-pide-que-se-rece-por-los-inocentes\/\" \/>\n<meta property=\"og:locale\" content=\"es_ES\" \/>\n<meta property=\"og:type\" content=\"article\" \/>\n<meta property=\"og:title\" content=\"El cardenal Pizzaballa pide que se rece por los inocentes &#8211; Exaudi\" \/>\n<meta property=\"og:description\" content=\"El patriarca latino de Jerusal\u00e9n intervino esta ma\u00f1ana durante unos 20 minutos en la primera sesi\u00f3n de los trabajos de la Asamblea Extraordinaria que comienza el lunes en As\u00eds e ilustr\u00f3 la &quot;dram\u00e1tica situaci\u00f3n&quot; de Gaza\" \/>\n<meta property=\"og:url\" content=\"https:\/\/exaudi.org\/es\/el-cardenal-pizzaballa-pide-que-se-rece-por-los-inocentes\/\" \/>\n<meta property=\"og:site_name\" content=\"Exaudi\" \/>\n<meta property=\"article:publisher\" content=\"https:\/\/www.facebook.com\/ExaudiNews\" \/>\n<meta property=\"article:author\" content=\"https:\/\/www.facebook.com\/ExaudiNoticias\/\" \/>\n<meta property=\"article:published_time\" content=\"2023-11-16T07:37:33+00:00\" \/>\n<meta property=\"article:modified_time\" content=\"2023-11-16T07:38:51+00:00\" \/>\n<meta property=\"og:image\" content=\"https:\/\/exaudi.org\/wp-content\/uploads\/2023\/11\/cq5dam.thumbnail.cropped.750.422-21.jpeg\" \/>\n\t<meta property=\"og:image:width\" content=\"750\" \/>\n\t<meta property=\"og:image:height\" content=\"422\" \/>\n\t<meta property=\"og:image:type\" content=\"image\/jpeg\" \/>\n<meta name=\"author\" content=\"Exaudi Redacci\u00f3n\" \/>\n<meta name=\"twitter:card\" content=\"summary_large_image\" \/>\n<meta name=\"twitter:creator\" content=\"@Exaudi_noticias\" \/>\n<meta name=\"twitter:site\" content=\"@Exaudi_News\" \/>\n<meta name=\"twitter:label1\" content=\"Escrito por\" \/>\n\t<meta name=\"twitter:data1\" content=\"Exaudi Redacci\u00f3n\" \/>\n\t<meta name=\"twitter:label2\" content=\"Tiempo de lectura\" \/>\n\t<meta name=\"twitter:data2\" content=\"3 minutos\" \/>\n<script type=\"application\/ld+json\" class=\"yoast-schema-graph\">{\"@context\":\"https:\\\/\\\/schema.org\",\"@graph\":[{\"@type\":\"Article\",\"@id\":\"https:\\\/\\\/exaudi.org\\\/es\\\/el-cardenal-pizzaballa-pide-que-se-rece-por-los-inocentes\\\/#article\",\"isPartOf\":{\"@id\":\"https:\\\/\\\/exaudi.org\\\/es\\\/el-cardenal-pizzaballa-pide-que-se-rece-por-los-inocentes\\\/\"},\"author\":{\"name\":\"Exaudi Redacci\u00f3n\",\"@id\":\"https:\\\/\\\/exaudi.org\\\/#\\\/schema\\\/person\\\/f5fc8f063065e38742da7afe15f25df7\"},\"headline\":\"El cardenal Pizzaballa pide que se rece por los inocentes\",\"datePublished\":\"2023-11-16T07:37:33+00:00\",\"dateModified\":\"2023-11-16T07:38:51+00:00\",\"mainEntityOfPage\":{\"@id\":\"https:\\\/\\\/exaudi.org\\\/es\\\/el-cardenal-pizzaballa-pide-que-se-rece-por-los-inocentes\\\/\"},\"wordCount\":592,\"image\":{\"@id\":\"https:\\\/\\\/exaudi.org\\\/es\\\/el-cardenal-pizzaballa-pide-que-se-rece-por-los-inocentes\\\/#primaryimage\"},\"thumbnailUrl\":\"https:\\\/\\\/exaudi.org\\\/wp-content\\\/uploads\\\/2023\\\/11\\\/cq5dam.thumbnail.cropped.750.422-21.jpeg\",\"keywords\":[\"CEI\",\"Conferencia Episcopal\",\"guerra\",\"Iglesia cat\u00f3lica\",\"Italia\",\"obispos\",\"Paz\",\"PIERBATTISTA PIZZABALLA\",\"Tierra Santa\",\"Trending\"],\"articleSection\":[\"Iglesia y Mundo\"],\"inLanguage\":\"es\"},{\"@type\":\"WebPage\",\"@id\":\"https:\\\/\\\/exaudi.org\\\/es\\\/el-cardenal-pizzaballa-pide-que-se-rece-por-los-inocentes\\\/\",\"url\":\"https:\\\/\\\/exaudi.org\\\/es\\\/el-cardenal-pizzaballa-pide-que-se-rece-por-los-inocentes\\\/\",\"name\":\"El cardenal Pizzaballa pide que se rece por los inocentes &#8211; Exaudi\",\"isPartOf\":{\"@id\":\"https:\\\/\\\/exaudi.org\\\/#website\"},\"primaryImageOfPage\":{\"@id\":\"https:\\\/\\\/exaudi.org\\\/es\\\/el-cardenal-pizzaballa-pide-que-se-rece-por-los-inocentes\\\/#primaryimage\"},\"image\":{\"@id\":\"https:\\\/\\\/exaudi.org\\\/es\\\/el-cardenal-pizzaballa-pide-que-se-rece-por-los-inocentes\\\/#primaryimage\"},\"thumbnailUrl\":\"https:\\\/\\\/exaudi.org\\\/wp-content\\\/uploads\\\/2023\\\/11\\\/cq5dam.thumbnail.cropped.750.422-21.jpeg\",\"datePublished\":\"2023-11-16T07:37:33+00:00\",\"dateModified\":\"2023-11-16T07:38:51+00:00\",\"author\":{\"@id\":\"https:\\\/\\\/exaudi.org\\\/#\\\/schema\\\/person\\\/f5fc8f063065e38742da7afe15f25df7\"},\"breadcrumb\":{\"@id\":\"https:\\\/\\\/exaudi.org\\\/es\\\/el-cardenal-pizzaballa-pide-que-se-rece-por-los-inocentes\\\/#breadcrumb\"},\"inLanguage\":\"es\",\"potentialAction\":[{\"@type\":\"ReadAction\",\"target\":[\"https:\\\/\\\/exaudi.org\\\/es\\\/el-cardenal-pizzaballa-pide-que-se-rece-por-los-inocentes\\\/\"]}]},{\"@type\":\"ImageObject\",\"inLanguage\":\"es\",\"@id\":\"https:\\\/\\\/exaudi.org\\\/es\\\/el-cardenal-pizzaballa-pide-que-se-rece-por-los-inocentes\\\/#primaryimage\",\"url\":\"https:\\\/\\\/exaudi.org\\\/wp-content\\\/uploads\\\/2023\\\/11\\\/cq5dam.thumbnail.cropped.750.422-21.jpeg\",\"contentUrl\":\"https:\\\/\\\/exaudi.org\\\/wp-content\\\/uploads\\\/2023\\\/11\\\/cq5dam.thumbnail.cropped.750.422-21.jpeg\",\"width\":750,\"height\":422},{\"@type\":\"BreadcrumbList\",\"@id\":\"https:\\\/\\\/exaudi.org\\\/es\\\/el-cardenal-pizzaballa-pide-que-se-rece-por-los-inocentes\\\/#breadcrumb\",\"itemListElement\":[{\"@type\":\"ListItem\",\"position\":1,\"name\":\"Portada\",\"item\":\"https:\\\/\\\/exaudi.org\\\/es\\\/\"},{\"@type\":\"ListItem\",\"position\":2,\"name\":\"El cardenal Pizzaballa pide que se rece por los inocentes\"}]},{\"@type\":\"WebSite\",\"@id\":\"https:\\\/\\\/exaudi.org\\\/#website\",\"url\":\"https:\\\/\\\/exaudi.org\\\/\",\"name\":\"Exaudi\",\"description\":\"News\",\"potentialAction\":[{\"@type\":\"SearchAction\",\"target\":{\"@type\":\"EntryPoint\",\"urlTemplate\":\"https:\\\/\\\/exaudi.org\\\/?s={search_term_string}\"},\"query-input\":{\"@type\":\"PropertyValueSpecification\",\"valueRequired\":true,\"valueName\":\"search_term_string\"}}],\"inLanguage\":\"es\"},{\"@type\":\"Person\",\"@id\":\"https:\\\/\\\/exaudi.org\\\/#\\\/schema\\\/person\\\/f5fc8f063065e38742da7afe15f25df7\",\"name\":\"Exaudi Redacci\u00f3n\",\"image\":{\"@type\":\"ImageObject\",\"inLanguage\":\"es\",\"@id\":\"https:\\\/\\\/secure.gravatar.com\\\/avatar\\\/fe0f6a059fb68d9b3e11bc5850dd4899b1c7492091a3cb6dd9b01b56ad828be2?s=96&d=mm&r=g\",\"url\":\"https:\\\/\\\/secure.gravatar.com\\\/avatar\\\/fe0f6a059fb68d9b3e11bc5850dd4899b1c7492091a3cb6dd9b01b56ad828be2?s=96&d=mm&r=g\",\"contentUrl\":\"https:\\\/\\\/secure.gravatar.com\\\/avatar\\\/fe0f6a059fb68d9b3e11bc5850dd4899b1c7492091a3cb6dd9b01b56ad828be2?s=96&d=mm&r=g\",\"caption\":\"Exaudi Redacci\u00f3n\"},\"description\":\"\u00bfQu\u00e9 es Exaudi News? Exaudi News es un medio de comunicaci\u00f3n cat\u00f3lico internacional que informa, forma y transforma, diariamente en espa\u00f1ol, ingl\u00e9s e italiano. A trav\u00e9s de noticias, art\u00edculos de an\u00e1lisis y transmisiones en directo de los eventos del Papa, Exaudi busca fortalecer la unidad de los cristianos y contribuir a la evangelizaci\u00f3n del mundo, siempre guiados por la doctrina social de la Iglesia. Trabajamos para acercar la verdad y los valores cristianos a cada rinc\u00f3n del planeta. \u00a1Ay\u00fadanos a transformar el mundo con Exaudi! En Exaudi creemos que la evangelizaci\u00f3n y la informaci\u00f3n de calidad pueden cambiar vidas. Para continuar con nuestra misi\u00f3n y expandir nuestro alcance, necesitamos tu ayuda. Adem\u00e1s, buscamos personas comprometidas que deseen unirse a nuestro equipo. Con tu apoyo, lograremos llegar a m\u00e1s personas, difundir el mensaje de Cristo y reforzar la unidad de los cristianos. \u00bfTe unes a nuestra misi\u00f3n? Para m\u00e1s informaci\u00f3n sobre c\u00f3mo colaborar, visita Exaudi.org\\\/es o cont\u00e1ctanos directamente: info@exaudi.org Exaudi: Informa, forma y transforma.\",\"sameAs\":[\"https:\\\/\\\/www.facebook.com\\\/ExaudiNoticias\\\/\",\"https:\\\/\\\/www.instagram.com\\\/exaudi_noticias\\\/\",\"https:\\\/\\\/x.com\\\/Exaudi_noticias\",\"https:\\\/\\\/www.youtube.com\\\/@exaudicatholicnews\"],\"url\":\"https:\\\/\\\/exaudi.org\\\/es\\\/author\\\/redaccionexaudi\\\/\"}]}<\/script>\n<!-- \/ Yoast SEO plugin. -->","yoast_head_json":{"title":"El cardenal Pizzaballa pide que se rece por los inocentes &#8211; Exaudi","robots":{"index":"index","follow":"follow","max-snippet":"max-snippet:-1","max-image-preview":"max-image-preview:large","max-video-preview":"max-video-preview:-1"},"canonical":"https:\/\/exaudi.org\/es\/el-cardenal-pizzaballa-pide-que-se-rece-por-los-inocentes\/","og_locale":"es_ES","og_type":"article","og_title":"El cardenal Pizzaballa pide que se rece por los inocentes &#8211; Exaudi","og_description":"El patriarca latino de Jerusal\u00e9n intervino esta ma\u00f1ana durante unos 20 minutos en la primera sesi\u00f3n de los trabajos de la Asamblea Extraordinaria que comienza el lunes en As\u00eds e ilustr\u00f3 la \"dram\u00e1tica situaci\u00f3n\" de Gaza","og_url":"https:\/\/exaudi.org\/es\/el-cardenal-pizzaballa-pide-que-se-rece-por-los-inocentes\/","og_site_name":"Exaudi","article_publisher":"https:\/\/www.facebook.com\/ExaudiNews","article_author":"https:\/\/www.facebook.com\/ExaudiNoticias\/","article_published_time":"2023-11-16T07:37:33+00:00","article_modified_time":"2023-11-16T07:38:51+00:00","og_image":[{"width":750,"height":422,"url":"https:\/\/exaudi.org\/wp-content\/uploads\/2023\/11\/cq5dam.thumbnail.cropped.750.422-21.jpeg","type":"image\/jpeg"}],"author":"Exaudi Redacci\u00f3n","twitter_card":"summary_large_image","twitter_creator":"@Exaudi_noticias","twitter_site":"@Exaudi_News","twitter_misc":{"Escrito por":"Exaudi Redacci\u00f3n","Tiempo de lectura":"3 minutos"},"schema":{"@context":"https:\/\/schema.org","@graph":[{"@type":"Article","@id":"https:\/\/exaudi.org\/es\/el-cardenal-pizzaballa-pide-que-se-rece-por-los-inocentes\/#article","isPartOf":{"@id":"https:\/\/exaudi.org\/es\/el-cardenal-pizzaballa-pide-que-se-rece-por-los-inocentes\/"},"author":{"name":"Exaudi Redacci\u00f3n","@id":"https:\/\/exaudi.org\/#\/schema\/person\/f5fc8f063065e38742da7afe15f25df7"},"headline":"El cardenal Pizzaballa pide que se rece por los inocentes","datePublished":"2023-11-16T07:37:33+00:00","dateModified":"2023-11-16T07:38:51+00:00","mainEntityOfPage":{"@id":"https:\/\/exaudi.org\/es\/el-cardenal-pizzaballa-pide-que-se-rece-por-los-inocentes\/"},"wordCount":592,"image":{"@id":"https:\/\/exaudi.org\/es\/el-cardenal-pizzaballa-pide-que-se-rece-por-los-inocentes\/#primaryimage"},"thumbnailUrl":"https:\/\/exaudi.org\/wp-content\/uploads\/2023\/11\/cq5dam.thumbnail.cropped.750.422-21.jpeg","keywords":["CEI","Conferencia Episcopal","guerra","Iglesia cat\u00f3lica","Italia","obispos","Paz","PIERBATTISTA PIZZABALLA","Tierra Santa","Trending"],"articleSection":["Iglesia y Mundo"],"inLanguage":"es"},{"@type":"WebPage","@id":"https:\/\/exaudi.org\/es\/el-cardenal-pizzaballa-pide-que-se-rece-por-los-inocentes\/","url":"https:\/\/exaudi.org\/es\/el-cardenal-pizzaballa-pide-que-se-rece-por-los-inocentes\/","name":"El cardenal Pizzaballa pide que se rece por los inocentes &#8211; Exaudi","isPartOf":{"@id":"https:\/\/exaudi.org\/#website"},"primaryImageOfPage":{"@id":"https:\/\/exaudi.org\/es\/el-cardenal-pizzaballa-pide-que-se-rece-por-los-inocentes\/#primaryimage"},"image":{"@id":"https:\/\/exaudi.org\/es\/el-cardenal-pizzaballa-pide-que-se-rece-por-los-inocentes\/#primaryimage"},"thumbnailUrl":"https:\/\/exaudi.org\/wp-content\/uploads\/2023\/11\/cq5dam.thumbnail.cropped.750.422-21.jpeg","datePublished":"2023-11-16T07:37:33+00:00","dateModified":"2023-11-16T07:38:51+00:00","author":{"@id":"https:\/\/exaudi.org\/#\/schema\/person\/f5fc8f063065e38742da7afe15f25df7"},"breadcrumb":{"@id":"https:\/\/exaudi.org\/es\/el-cardenal-pizzaballa-pide-que-se-rece-por-los-inocentes\/#breadcrumb"},"inLanguage":"es","potentialAction":[{"@type":"ReadAction","target":["https:\/\/exaudi.org\/es\/el-cardenal-pizzaballa-pide-que-se-rece-por-los-inocentes\/"]}]},{"@type":"ImageObject","inLanguage":"es","@id":"https:\/\/exaudi.org\/es\/el-cardenal-pizzaballa-pide-que-se-rece-por-los-inocentes\/#primaryimage","url":"https:\/\/exaudi.org\/wp-content\/uploads\/2023\/11\/cq5dam.thumbnail.cropped.750.422-21.jpeg","contentUrl":"https:\/\/exaudi.org\/wp-content\/uploads\/2023\/11\/cq5dam.thumbnail.cropped.750.422-21.jpeg","width":750,"height":422},{"@type":"BreadcrumbList","@id":"https:\/\/exaudi.org\/es\/el-cardenal-pizzaballa-pide-que-se-rece-por-los-inocentes\/#breadcrumb","itemListElement":[{"@type":"ListItem","position":1,"name":"Portada","item":"https:\/\/exaudi.org\/es\/"},{"@type":"ListItem","position":2,"name":"El cardenal Pizzaballa pide que se rece por los inocentes"}]},{"@type":"WebSite","@id":"https:\/\/exaudi.org\/#website","url":"https:\/\/exaudi.org\/","name":"Exaudi","description":"News","potentialAction":[{"@type":"SearchAction","target":{"@type":"EntryPoint","urlTemplate":"https:\/\/exaudi.org\/?s={search_term_string}"},"query-input":{"@type":"PropertyValueSpecification","valueRequired":true,"valueName":"search_term_string"}}],"inLanguage":"es"},{"@type":"Person","@id":"https:\/\/exaudi.org\/#\/schema\/person\/f5fc8f063065e38742da7afe15f25df7","name":"Exaudi Redacci\u00f3n","image":{"@type":"ImageObject","inLanguage":"es","@id":"https:\/\/secure.gravatar.com\/avatar\/fe0f6a059fb68d9b3e11bc5850dd4899b1c7492091a3cb6dd9b01b56ad828be2?s=96&d=mm&r=g","url":"https:\/\/secure.gravatar.com\/avatar\/fe0f6a059fb68d9b3e11bc5850dd4899b1c7492091a3cb6dd9b01b56ad828be2?s=96&d=mm&r=g","contentUrl":"https:\/\/secure.gravatar.com\/avatar\/fe0f6a059fb68d9b3e11bc5850dd4899b1c7492091a3cb6dd9b01b56ad828be2?s=96&d=mm&r=g","caption":"Exaudi Redacci\u00f3n"},"description":"\u00bfQu\u00e9 es Exaudi News? Exaudi News es un medio de comunicaci\u00f3n cat\u00f3lico internacional que informa, forma y transforma, diariamente en espa\u00f1ol, ingl\u00e9s e italiano. A trav\u00e9s de noticias, art\u00edculos de an\u00e1lisis y transmisiones en directo de los eventos del Papa, Exaudi busca fortalecer la unidad de los cristianos y contribuir a la evangelizaci\u00f3n del mundo, siempre guiados por la doctrina social de la Iglesia. Trabajamos para acercar la verdad y los valores cristianos a cada rinc\u00f3n del planeta. \u00a1Ay\u00fadanos a transformar el mundo con Exaudi! En Exaudi creemos que la evangelizaci\u00f3n y la informaci\u00f3n de calidad pueden cambiar vidas. Para continuar con nuestra misi\u00f3n y expandir nuestro alcance, necesitamos tu ayuda. Adem\u00e1s, buscamos personas comprometidas que deseen unirse a nuestro equipo. Con tu apoyo, lograremos llegar a m\u00e1s personas, difundir el mensaje de Cristo y reforzar la unidad de los cristianos. \u00bfTe unes a nuestra misi\u00f3n? Para m\u00e1s informaci\u00f3n sobre c\u00f3mo colaborar, visita Exaudi.org\/es o cont\u00e1ctanos directamente: info@exaudi.org Exaudi: Informa, forma y transforma.","sameAs":["https:\/\/www.facebook.com\/ExaudiNoticias\/","https:\/\/www.instagram.com\/exaudi_noticias\/","https:\/\/x.com\/Exaudi_noticias","https:\/\/www.youtube.com\/@exaudicatholicnews"],"url":"https:\/\/exaudi.org\/es\/author\/redaccionexaudi\/"}]}},"jetpack_featured_media_url":"https:\/\/exaudi.org\/wp-content\/uploads\/2023\/11\/cq5dam.thumbnail.cropped.750.422-21.jpeg","jetpack_shortlink":"https:\/\/wp.me\/pgKjF2-mTi","_links":{"self":[{"href":"https:\/\/exaudi.org\/es\/wp-json\/wp\/v2\/posts\/87996","targetHints":{"allow":["GET"]}}],"collection":[{"href":"https:\/\/exaudi.org\/es\/wp-json\/wp\/v2\/posts"}],"about":[{"href":"https:\/\/exaudi.org\/es\/wp-json\/wp\/v2\/types\/post"}],"author":[{"embeddable":true,"href":"https:\/\/exaudi.org\/es\/wp-json\/wp\/v2\/users\/15"}],"replies":[{"embeddable":true,"href":"https:\/\/exaudi.org\/es\/wp-json\/wp\/v2\/comments?post=87996"}],"version-history":[{"count":0,"href":"https:\/\/exaudi.org\/es\/wp-json\/wp\/v2\/posts\/87996\/revisions"}],"wp:featuredmedia":[{"embeddable":true,"href":"https:\/\/exaudi.org\/es\/wp-json\/wp\/v2\/media\/87997"}],"wp:attachment":[{"href":"https:\/\/exaudi.org\/es\/wp-json\/wp\/v2\/media?parent=87996"}],"wp:term":[{"taxonomy":"category","embeddable":true,"href":"https:\/\/exaudi.org\/es\/wp-json\/wp\/v2\/categories?post=87996"},{"taxonomy":"post_tag","embeddable":true,"href":"https:\/\/exaudi.org\/es\/wp-json\/wp\/v2\/tags?post=87996"}],"curies":[{"name":"wp","href":"https:\/\/api.w.org\/{rel}","templated":true}]}}