{"id":87960,"date":"2023-11-15T13:49:21","date_gmt":"2023-11-15T12:49:21","guid":{"rendered":"https:\/\/exaudi.org\/?p=87960"},"modified":"2023-11-15T13:53:51","modified_gmt":"2023-11-15T12:53:51","slug":"el-papa-el-evangelio-es-un-anuncio-un-anuncio-de-alegria","status":"publish","type":"post","link":"https:\/\/exaudi.org\/es\/el-papa-el-evangelio-es-un-anuncio-un-anuncio-de-alegria\/","title":{"rendered":"El Papa: \u201cEl Evangelio es un anuncio, un anuncio de alegr\u00eda\u201d"},"content":{"rendered":"<p>La Audiencia General de esta ma\u00f1ana, mi\u00e9rcoles 15 de noviembre de 2023, tuvo lugar a las 9:00 horas en\u00a0 la Plaza de San Pedro.<\/p>\n<p>En su discurso en italiano, el Papa, continuando el ciclo de catequesis Pasi\u00f3n por la Evangelizaci\u00f3n: el celo apost\u00f3lico del creyente. <em>El anuncio es alegr\u00eda.<\/em><\/p>\n<p>En la audiencia general Francisco dijo que quer\u00eda resumir la catequesis sobre el celo apost\u00f3lico a la luz de la <em>Evangelii gaudium:<\/em> el anuncio de Cristo es siempre joven, el hombre de hoy y la sociedad \u00abque deja desiertos los espacios del sentido religioso\u00bb lo necesitan.<\/p>\n<p>Tras resumir su catequesis en las distintas lenguas, el Santo Padre dirigi\u00f3 expresiones especiales de saludo a los fieles presentes.<\/p>\n<p>La Audiencia General concluy\u00f3 con el rezo del\u00a0<em>Pater Noster<\/em>\u00a0y la Bendici\u00f3n Apost\u00f3lica.<\/p>\n<p>A continuaci\u00f3n, sigue el texto de la catequesis completa, los saludos y las palabras en espa\u00f1ol del Santo Padre.<\/p>\n<p>***<\/p>\n<p>&nbsp;<\/p>\n<p><b>Catequesis. La pasi\u00f3n por la evangelizaci\u00f3n: el celo apost\u00f3lico del creyente. 26.\u00a0<i>El anuncio es alegr\u00eda<\/i>.<\/b><\/p>\n<p>Queridos hermanos y hermanas, \u00a1buenos d\u00edas!<\/p>\n<p>Despu\u00e9s de haber encontrado diferentes testigos del anuncio del Evangelio, quiero sintetizar este ciclo sobre el celo apost\u00f3lico en cuatro puntos, inspirados en la\u00a0<a href=\"https:\/\/www.vatican.va\/content\/francesco\/es\/apost_exhortations\/documents\/papa-francesco_esortazione-ap_20131124_evangelii-gaudium.html\">exhortaci\u00f3n apost\u00f3lica\u00a0<i>Evangelii gaudium<\/i><\/a>, que este mes cumple diez a\u00f1os. El primer punto, que vemos hoy, el primero de los cuatro, se refiere a la actitud de la que depende la sustancia del gesto evangelizador: la alegr\u00eda. El mensaje cristiano, como hemos escuchado de las palabras que el \u00e1ngel dirige a los pastores, es el anuncio de \u00abuna gran alegr\u00eda\u00bb (<i>Lc<\/i>\u00a02,10). \u00bfLa raz\u00f3n? \u00bfUna buena noticia, una sorpresa, un bonito suceso? Mucho m\u00e1s, una persona: \u00a1Jes\u00fas! Jes\u00fas es la alegr\u00eda. Es \u00c9l el Dios hecho hombre que ha venido a nosotros. \u00a0La cuesti\u00f3n, queridos hermanos y hermanas, no es por tanto si anunciarlo, sino c\u00f3mo anunciarlo, y este \u201cc\u00f3mo\u201d es la alegr\u00eda. O anunciamos a Jes\u00fas con alegr\u00eda, o no lo anunciamos, porque otro camino para anunciarlo no es capaz de llevar la verdadera realidad de Jes\u00fas.<img loading=\"lazy\" decoding=\"async\" class=\"size-medium wp-image-87964 alignleft\" src=\"https:\/\/exaudi.org\/wp-content\/uploads\/2023\/11\/cq5dam.web_.800.800-36-300x200.jpeg\" alt=\"\" width=\"300\" height=\"200\" srcset=\"https:\/\/exaudi.org\/wp-content\/uploads\/2023\/11\/cq5dam.web_.800.800-36-300x200.jpeg 300w, https:\/\/exaudi.org\/wp-content\/uploads\/2023\/11\/cq5dam.web_.800.800-36-770x513.jpeg 770w, https:\/\/exaudi.org\/wp-content\/uploads\/2023\/11\/cq5dam.web_.800.800-36-360x240.jpeg?crop=1 360w, https:\/\/exaudi.org\/wp-content\/uploads\/2023\/11\/cq5dam.web_.800.800-36-500x333.jpeg 500w, https:\/\/exaudi.org\/wp-content\/uploads\/2023\/11\/cq5dam.web_.800.800-36-370x247.jpeg 370w, https:\/\/exaudi.org\/wp-content\/uploads\/2023\/11\/cq5dam.web_.800.800-36-293x195.jpeg 293w, https:\/\/exaudi.org\/wp-content\/uploads\/2023\/11\/cq5dam.web_.800.800-36-120x80.jpeg 120w, https:\/\/exaudi.org\/wp-content\/uploads\/2023\/11\/cq5dam.web_.800.800-36-240x160.jpeg 240w, https:\/\/exaudi.org\/wp-content\/uploads\/2023\/11\/cq5dam.web_.800.800-36-390x260.jpeg 390w, https:\/\/exaudi.org\/wp-content\/uploads\/2023\/11\/cq5dam.web_.800.800-36.jpeg 800w\" sizes=\"auto, (max-width: 300px) 100vw, 300px\" \/><\/p>\n<p>Es por eso que un cristiano infeliz, un cristiano triste, un cristiano insatisfecho o, peor todav\u00eda, resentido y rencoroso no es cre\u00edble. \u00a1Este hablar\u00e1 de Jes\u00fas, pero nadie le creer\u00e1! Una vez me dec\u00eda una persona, hablando de estos cristianos: \u201cPero son cristianos con cara de bacalao!\u201d, es decir, no expresan nada, son as\u00ed, y la alegr\u00eda es esencial. Es esencial vigilar sobre nuestros sentimientos. La evangelizaci\u00f3n obra la gratuidad, porque viene de la plenitud, no de la presi\u00f3n. Y cuando se hace una evangelizaci\u00f3n. \u2013 se quiere hacer, pero eso no va \u2013 en base a ideolog\u00edas, esto no es evangelizar, esto no es el Evangelio. El Evangelio no es una ideolog\u00eda: el Evangelio es un anuncio, un anuncio de alegr\u00eda. Las ideolog\u00edas son fr\u00edas, todas. El Evangelio tiene el calor de la alegr\u00eda. Las ideolog\u00edas no saben sonre\u00edr, el Evangelio es una sonrisa, te hace sonre\u00edr porque te toca el alma con la Buena Noticia.<\/p>\n<p>El nacimiento de Jes\u00fas, en la historia como en la vida, es el principio de la alegr\u00eda: pensad en lo que les sucedi\u00f3 a los disc\u00edpulos de Ema\u00fas que de la alegr\u00eda no pod\u00edan creer, y los otros, despu\u00e9s, los disc\u00edpulos todos juntos, cuando Jes\u00fas va al Cen\u00e1culo, no pod\u00edan creer de la alegr\u00eda (cfr.\u00a0<i>Lc<\/i>\u00a024,13-35). La alegr\u00eda de tener a Jes\u00fas resucitado. El encuentro con Jes\u00fas siempre te lleva a la alegr\u00eda y si esto no te sucede a ti, no es un verdadero encuentro con Jes\u00fas.<\/p>\n<p>Y esto que hace Jes\u00fas con los disc\u00edpulos nos dice que los primeros que deben ser evangelizados son los disc\u00edpulos, los primeros que deben ser evangelizados somos nosotros, cristianos: somos nosotros. Y esto es muy importante.<\/p>\n<p>Inmersos en el clima veloz y confuso de hoy, tambi\u00e9n nosotros, de hecho, podr\u00edamos encontrarnos viviendo la fe con un sutil sentido de renuncia, persuadidos que para el Evangelio no haya m\u00e1s escucha y que ya no valga la pena comprometerse para anunciarlo. Podr\u00edamos incluso ser tentados por la idea de dejar que \u201clos otros\u201d vayan por su camino. Sin embargo, precisamente este es el momento de volver al Evangelio para descubrir que Cristo \u00abes siempre joven y fuente constante de novedad\u00bb (<i>Evangelii gaudium<\/i>, 11).<\/p>\n<p><img loading=\"lazy\" decoding=\"async\" class=\"alignright size-medium wp-image-87967\" src=\"https:\/\/exaudi.org\/wp-content\/uploads\/2023\/11\/cq5dam.web_.800.800-37-300x200.jpeg\" alt=\"\" width=\"300\" height=\"200\" srcset=\"https:\/\/exaudi.org\/wp-content\/uploads\/2023\/11\/cq5dam.web_.800.800-37-300x200.jpeg 300w, https:\/\/exaudi.org\/wp-content\/uploads\/2023\/11\/cq5dam.web_.800.800-37-770x513.jpeg 770w, https:\/\/exaudi.org\/wp-content\/uploads\/2023\/11\/cq5dam.web_.800.800-37-360x240.jpeg?crop=1 360w, https:\/\/exaudi.org\/wp-content\/uploads\/2023\/11\/cq5dam.web_.800.800-37-500x333.jpeg 500w, https:\/\/exaudi.org\/wp-content\/uploads\/2023\/11\/cq5dam.web_.800.800-37-370x247.jpeg 370w, https:\/\/exaudi.org\/wp-content\/uploads\/2023\/11\/cq5dam.web_.800.800-37-293x195.jpeg 293w, https:\/\/exaudi.org\/wp-content\/uploads\/2023\/11\/cq5dam.web_.800.800-37-120x80.jpeg 120w, https:\/\/exaudi.org\/wp-content\/uploads\/2023\/11\/cq5dam.web_.800.800-37-240x160.jpeg 240w, https:\/\/exaudi.org\/wp-content\/uploads\/2023\/11\/cq5dam.web_.800.800-37-390x260.jpeg 390w, https:\/\/exaudi.org\/wp-content\/uploads\/2023\/11\/cq5dam.web_.800.800-37.jpeg 800w\" sizes=\"auto, (max-width: 300px) 100vw, 300px\" \/>As\u00ed, como los dos de Ema\u00fas, se vuelve a la vida cotidiana con el impulso de quien ha encontrado un tesoro: estaban felices, estos dos, porque hab\u00edan encontrado a Jes\u00fas, y ha cambiado su vida. Y se descubre que la humanidad abunda de hermanos y hermanas que esperan una palabra de esperanza. El Evangelio es esperado tambi\u00e9n hoy: el hombre de hoy es como el hombre de todo tiempo: lo necesita, tambi\u00e9n la civilizaci\u00f3n de la incredulidad programada y de la secularidad institucionalizada; es m\u00e1s, sobre todo la sociedad que deja desiertos los espacios del sentido religioso, necesita de Jes\u00fas. Este es el momento favorable al anuncio de Jes\u00fas. Por eso quisiera decir nuevamente a todos: \u00abLa alegr\u00eda del Evangelio\u00a0llena el coraz\u00f3n y la vida entera de los que se encuentran con Jes\u00fas. Quienes se dejan salvar por \u00c9l son liberados del pecado, de la tristeza, del vac\u00edo interior, del aislamiento. Con Jesucristo siempre nace y renace la alegr\u00eda\u00bb (<i>ibid<\/i>.,1). No olvidemos esto. Y si alguno de nosotros no percibe esta alegr\u00eda, se pregunte si ha encontrado a Jes\u00fas. Una alegr\u00eda interior. El Evangelio va en el camino de la alegr\u00eda, siempre, es el gran anuncio. Invito a todo cristiano, en cualquier lugar y situaci\u00f3n se encuentre, a renovar hoy mismo su encuentro con Jesucristo. Cada uno de nosotros hoy se tome un poco de tiempo y piense: \u201cJes\u00fas, T\u00fa est\u00e1s dentro de m\u00ed: yo quiero encontrarte todos los d\u00edas. T\u00fa eres una Persona, no eres una idea; T\u00fa eres un compa\u00f1ero de camino, no eres un programa. T\u00fa eres Amor que resuelve muchos problemas. T\u00fa eres el inicio de la evangelizaci\u00f3n. T\u00fa, Jes\u00fas eres la fuente de la alegr\u00eda\u201d. Am\u00e9n.<\/p>\n<p>__________________________________________<\/p>\n<p><b>Saludos<\/b><\/p>\n<p>Saludo cordialmente a los peregrinos de lengua espa\u00f1ola. Pidamos al Se\u00f1or que renueve cada d\u00eda nuestro encuentro con \u00c9l, que haga arder nuestro coraz\u00f3n con su Palabra, y\u00a0tambi\u00e9n que en la Eucarist\u00eda nazca en nosotros el impulso que anim\u00f3 a los disc\u00edpulos a salir a evangelizar al mundo. Que Jes\u00fas los bendiga y la Virgen Santa los cuide. Muchas\u00a0gracias.<\/p>\n<p>________________________________________<\/p>\n<p><b>Resumen le\u00eddo por el Santo Padre en espa\u00f1ol<\/b><\/p>\n<p>Queridos hermanos y hermanas:<\/p>\n<p>Para concluir con el ciclo de catequesis que hemos realizado sobre el celo apost\u00f3lico, quiero resumir su contenido en cuatro temas, inspirados en la exhortaci\u00f3n\u00a0<i><a href=\"https:\/\/www.vatican.va\/content\/francesco\/es\/apost_exhortations\/documents\/papa-francesco_esortazione-ap_20131124_evangelii-gaudium.html\">Evangelii gaudium<\/a><\/i>, en el d\u00e9cimo aniversario de\u00a0la publicaci\u00f3n. Hoy abordaremos la primera palabra: la alegr\u00eda. Como a los pastores en Bel\u00e9n, tambi\u00e9n a nosotros se nos anuncia una gran alegr\u00eda, que no es un concepto, ni siquiera una buena noticia, sino algo m\u00e1s, una persona, Jes\u00fas de Nazaret.<\/p>\n<p>Los cristianos no podemos ser gente triste ni mucho menos resentida, traumatizada por los propios fracasos o el devenir de la sociedad. Al contrario, la fuerza de nuestro anuncio est\u00e1 en ser capaces de comunicar la alegr\u00eda que nace del encuentro con Jes\u00fas, incluso en circunstancias dif\u00edciles. Pero para<b>\u00a0<\/b>eso\u00a0somos nosotros los primeros que debemos ser evangelizados. Como los disc\u00edpulos de Ema\u00fas, en medio de la desolaci\u00f3n de la cruz y la pasi\u00f3n, estamos llamados a redescubrir su presencia en nuestras vidas, dej\u00e1ndonos sorprender por la fuerza de su amor\u00a0y su alegr\u00eda.<\/p>\n<p><iframe loading=\"lazy\" title=\"Audiencia General - 15 noviembre 2023 - Papa Francisco\" width=\"500\" height=\"281\" src=\"https:\/\/www.youtube.com\/embed\/UM19dhrbjdw?feature=oembed\" frameborder=\"0\" allow=\"accelerometer; autoplay; clipboard-write; encrypted-media; gyroscope; picture-in-picture; web-share\" referrerpolicy=\"strict-origin-when-cross-origin\" allowfullscreen><\/iframe><\/p>\n","protected":false},"excerpt":{"rendered":"<p>Audiencia General<\/p>\n","protected":false},"author":15,"featured_media":87961,"comment_status":"closed","ping_status":"closed","sticky":false,"template":"","format":"standard","meta":{"_acf_changed":false,"_crdt_document":"","inline_featured_image":false,"footnotes":""},"categories":[112,68],"tags":[179,2419],"class_list":["post-87960","post","type-post","status-publish","format-standard","has-post-thumbnail","hentry","category-audiencia-general","category-leon-xiv","tag-audiencia-general","tag-featured"],"acf":[],"yoast_head":"<!-- This site is optimized with the Yoast SEO plugin v27.5 - https:\/\/yoast.com\/product\/yoast-seo-wordpress\/ -->\n<title>El Papa: \u201cEl Evangelio es un anuncio, un anuncio de alegr\u00eda\u201d &#8211; Exaudi<\/title>\n<meta name=\"robots\" content=\"index, follow, max-snippet:-1, max-image-preview:large, max-video-preview:-1\" \/>\n<link rel=\"canonical\" href=\"https:\/\/exaudi.org\/es\/el-papa-el-evangelio-es-un-anuncio-un-anuncio-de-alegria\/\" \/>\n<meta property=\"og:locale\" content=\"es_ES\" \/>\n<meta property=\"og:type\" content=\"article\" \/>\n<meta property=\"og:title\" content=\"El Papa: \u201cEl Evangelio es un anuncio, un anuncio de alegr\u00eda\u201d &#8211; Exaudi\" \/>\n<meta property=\"og:description\" content=\"Audiencia General\" \/>\n<meta property=\"og:url\" content=\"https:\/\/exaudi.org\/es\/el-papa-el-evangelio-es-un-anuncio-un-anuncio-de-alegria\/\" \/>\n<meta property=\"og:site_name\" content=\"Exaudi\" \/>\n<meta property=\"article:publisher\" content=\"https:\/\/www.facebook.com\/ExaudiNews\" \/>\n<meta property=\"article:author\" content=\"https:\/\/www.facebook.com\/ExaudiNoticias\/\" \/>\n<meta property=\"article:published_time\" content=\"2023-11-15T12:49:21+00:00\" \/>\n<meta property=\"article:modified_time\" content=\"2023-11-15T12:53:51+00:00\" \/>\n<meta property=\"og:image\" content=\"https:\/\/exaudi.org\/wp-content\/uploads\/2023\/11\/cq5dam.web_.800.800-35.jpeg\" \/>\n\t<meta property=\"og:image:width\" content=\"800\" \/>\n\t<meta property=\"og:image:height\" content=\"533\" \/>\n\t<meta property=\"og:image:type\" content=\"image\/jpeg\" \/>\n<meta name=\"author\" content=\"Exaudi Redacci\u00f3n\" \/>\n<meta name=\"twitter:card\" content=\"summary_large_image\" \/>\n<meta name=\"twitter:creator\" content=\"@Exaudi_noticias\" \/>\n<meta name=\"twitter:site\" content=\"@Exaudi_News\" \/>\n<meta name=\"twitter:label1\" content=\"Escrito por\" \/>\n\t<meta name=\"twitter:data1\" content=\"Exaudi Redacci\u00f3n\" \/>\n\t<meta name=\"twitter:label2\" content=\"Tiempo de lectura\" \/>\n\t<meta name=\"twitter:data2\" content=\"7 minutos\" \/>\n<script type=\"application\/ld+json\" class=\"yoast-schema-graph\">{\"@context\":\"https:\\\/\\\/schema.org\",\"@graph\":[{\"@type\":\"Article\",\"@id\":\"https:\\\/\\\/exaudi.org\\\/es\\\/el-papa-el-evangelio-es-un-anuncio-un-anuncio-de-alegria\\\/#article\",\"isPartOf\":{\"@id\":\"https:\\\/\\\/exaudi.org\\\/es\\\/el-papa-el-evangelio-es-un-anuncio-un-anuncio-de-alegria\\\/\"},\"author\":{\"name\":\"Exaudi Redacci\u00f3n\",\"@id\":\"https:\\\/\\\/exaudi.org\\\/#\\\/schema\\\/person\\\/f5fc8f063065e38742da7afe15f25df7\"},\"headline\":\"El Papa: \u201cEl Evangelio es un anuncio, un anuncio de alegr\u00eda\u201d\",\"datePublished\":\"2023-11-15T12:49:21+00:00\",\"dateModified\":\"2023-11-15T12:53:51+00:00\",\"mainEntityOfPage\":{\"@id\":\"https:\\\/\\\/exaudi.org\\\/es\\\/el-papa-el-evangelio-es-un-anuncio-un-anuncio-de-alegria\\\/\"},\"wordCount\":1369,\"image\":{\"@id\":\"https:\\\/\\\/exaudi.org\\\/es\\\/el-papa-el-evangelio-es-un-anuncio-un-anuncio-de-alegria\\\/#primaryimage\"},\"thumbnailUrl\":\"https:\\\/\\\/exaudi.org\\\/wp-content\\\/uploads\\\/2023\\\/11\\\/cq5dam.web_.800.800-35.jpeg\",\"keywords\":[\"audiencia general\",\"Featured\"],\"articleSection\":[\"Audiencia General\",\"Le\u00f3n XIV\"],\"inLanguage\":\"es\"},{\"@type\":\"WebPage\",\"@id\":\"https:\\\/\\\/exaudi.org\\\/es\\\/el-papa-el-evangelio-es-un-anuncio-un-anuncio-de-alegria\\\/\",\"url\":\"https:\\\/\\\/exaudi.org\\\/es\\\/el-papa-el-evangelio-es-un-anuncio-un-anuncio-de-alegria\\\/\",\"name\":\"El Papa: \u201cEl Evangelio es un anuncio, un anuncio de alegr\u00eda\u201d &#8211; Exaudi\",\"isPartOf\":{\"@id\":\"https:\\\/\\\/exaudi.org\\\/#website\"},\"primaryImageOfPage\":{\"@id\":\"https:\\\/\\\/exaudi.org\\\/es\\\/el-papa-el-evangelio-es-un-anuncio-un-anuncio-de-alegria\\\/#primaryimage\"},\"image\":{\"@id\":\"https:\\\/\\\/exaudi.org\\\/es\\\/el-papa-el-evangelio-es-un-anuncio-un-anuncio-de-alegria\\\/#primaryimage\"},\"thumbnailUrl\":\"https:\\\/\\\/exaudi.org\\\/wp-content\\\/uploads\\\/2023\\\/11\\\/cq5dam.web_.800.800-35.jpeg\",\"datePublished\":\"2023-11-15T12:49:21+00:00\",\"dateModified\":\"2023-11-15T12:53:51+00:00\",\"author\":{\"@id\":\"https:\\\/\\\/exaudi.org\\\/#\\\/schema\\\/person\\\/f5fc8f063065e38742da7afe15f25df7\"},\"breadcrumb\":{\"@id\":\"https:\\\/\\\/exaudi.org\\\/es\\\/el-papa-el-evangelio-es-un-anuncio-un-anuncio-de-alegria\\\/#breadcrumb\"},\"inLanguage\":\"es\",\"potentialAction\":[{\"@type\":\"ReadAction\",\"target\":[\"https:\\\/\\\/exaudi.org\\\/es\\\/el-papa-el-evangelio-es-un-anuncio-un-anuncio-de-alegria\\\/\"]}]},{\"@type\":\"ImageObject\",\"inLanguage\":\"es\",\"@id\":\"https:\\\/\\\/exaudi.org\\\/es\\\/el-papa-el-evangelio-es-un-anuncio-un-anuncio-de-alegria\\\/#primaryimage\",\"url\":\"https:\\\/\\\/exaudi.org\\\/wp-content\\\/uploads\\\/2023\\\/11\\\/cq5dam.web_.800.800-35.jpeg\",\"contentUrl\":\"https:\\\/\\\/exaudi.org\\\/wp-content\\\/uploads\\\/2023\\\/11\\\/cq5dam.web_.800.800-35.jpeg\",\"width\":800,\"height\":533,\"caption\":\"Vatican Media\"},{\"@type\":\"BreadcrumbList\",\"@id\":\"https:\\\/\\\/exaudi.org\\\/es\\\/el-papa-el-evangelio-es-un-anuncio-un-anuncio-de-alegria\\\/#breadcrumb\",\"itemListElement\":[{\"@type\":\"ListItem\",\"position\":1,\"name\":\"Portada\",\"item\":\"https:\\\/\\\/exaudi.org\\\/es\\\/\"},{\"@type\":\"ListItem\",\"position\":2,\"name\":\"El Papa: \u201cEl Evangelio es un anuncio, un anuncio de alegr\u00eda\u201d\"}]},{\"@type\":\"WebSite\",\"@id\":\"https:\\\/\\\/exaudi.org\\\/#website\",\"url\":\"https:\\\/\\\/exaudi.org\\\/\",\"name\":\"Exaudi\",\"description\":\"News\",\"potentialAction\":[{\"@type\":\"SearchAction\",\"target\":{\"@type\":\"EntryPoint\",\"urlTemplate\":\"https:\\\/\\\/exaudi.org\\\/?s={search_term_string}\"},\"query-input\":{\"@type\":\"PropertyValueSpecification\",\"valueRequired\":true,\"valueName\":\"search_term_string\"}}],\"inLanguage\":\"es\"},{\"@type\":\"Person\",\"@id\":\"https:\\\/\\\/exaudi.org\\\/#\\\/schema\\\/person\\\/f5fc8f063065e38742da7afe15f25df7\",\"name\":\"Exaudi Redacci\u00f3n\",\"image\":{\"@type\":\"ImageObject\",\"inLanguage\":\"es\",\"@id\":\"https:\\\/\\\/secure.gravatar.com\\\/avatar\\\/fe0f6a059fb68d9b3e11bc5850dd4899b1c7492091a3cb6dd9b01b56ad828be2?s=96&d=mm&r=g\",\"url\":\"https:\\\/\\\/secure.gravatar.com\\\/avatar\\\/fe0f6a059fb68d9b3e11bc5850dd4899b1c7492091a3cb6dd9b01b56ad828be2?s=96&d=mm&r=g\",\"contentUrl\":\"https:\\\/\\\/secure.gravatar.com\\\/avatar\\\/fe0f6a059fb68d9b3e11bc5850dd4899b1c7492091a3cb6dd9b01b56ad828be2?s=96&d=mm&r=g\",\"caption\":\"Exaudi Redacci\u00f3n\"},\"description\":\"\u00bfQu\u00e9 es Exaudi News? Exaudi News es un medio de comunicaci\u00f3n cat\u00f3lico internacional que informa, forma y transforma, diariamente en espa\u00f1ol, ingl\u00e9s e italiano. A trav\u00e9s de noticias, art\u00edculos de an\u00e1lisis y transmisiones en directo de los eventos del Papa, Exaudi busca fortalecer la unidad de los cristianos y contribuir a la evangelizaci\u00f3n del mundo, siempre guiados por la doctrina social de la Iglesia. Trabajamos para acercar la verdad y los valores cristianos a cada rinc\u00f3n del planeta. \u00a1Ay\u00fadanos a transformar el mundo con Exaudi! En Exaudi creemos que la evangelizaci\u00f3n y la informaci\u00f3n de calidad pueden cambiar vidas. Para continuar con nuestra misi\u00f3n y expandir nuestro alcance, necesitamos tu ayuda. Adem\u00e1s, buscamos personas comprometidas que deseen unirse a nuestro equipo. Con tu apoyo, lograremos llegar a m\u00e1s personas, difundir el mensaje de Cristo y reforzar la unidad de los cristianos. \u00bfTe unes a nuestra misi\u00f3n? Para m\u00e1s informaci\u00f3n sobre c\u00f3mo colaborar, visita Exaudi.org\\\/es o cont\u00e1ctanos directamente: info@exaudi.org Exaudi: Informa, forma y transforma.\",\"sameAs\":[\"https:\\\/\\\/www.facebook.com\\\/ExaudiNoticias\\\/\",\"https:\\\/\\\/www.instagram.com\\\/exaudi_noticias\\\/\",\"https:\\\/\\\/x.com\\\/Exaudi_noticias\",\"https:\\\/\\\/www.youtube.com\\\/@exaudicatholicnews\"],\"url\":\"https:\\\/\\\/exaudi.org\\\/es\\\/author\\\/redaccionexaudi\\\/\"}]}<\/script>\n<!-- \/ Yoast SEO plugin. -->","yoast_head_json":{"title":"El Papa: \u201cEl Evangelio es un anuncio, un anuncio de alegr\u00eda\u201d &#8211; Exaudi","robots":{"index":"index","follow":"follow","max-snippet":"max-snippet:-1","max-image-preview":"max-image-preview:large","max-video-preview":"max-video-preview:-1"},"canonical":"https:\/\/exaudi.org\/es\/el-papa-el-evangelio-es-un-anuncio-un-anuncio-de-alegria\/","og_locale":"es_ES","og_type":"article","og_title":"El Papa: \u201cEl Evangelio es un anuncio, un anuncio de alegr\u00eda\u201d &#8211; Exaudi","og_description":"Audiencia General","og_url":"https:\/\/exaudi.org\/es\/el-papa-el-evangelio-es-un-anuncio-un-anuncio-de-alegria\/","og_site_name":"Exaudi","article_publisher":"https:\/\/www.facebook.com\/ExaudiNews","article_author":"https:\/\/www.facebook.com\/ExaudiNoticias\/","article_published_time":"2023-11-15T12:49:21+00:00","article_modified_time":"2023-11-15T12:53:51+00:00","og_image":[{"width":800,"height":533,"url":"https:\/\/exaudi.org\/wp-content\/uploads\/2023\/11\/cq5dam.web_.800.800-35.jpeg","type":"image\/jpeg"}],"author":"Exaudi Redacci\u00f3n","twitter_card":"summary_large_image","twitter_creator":"@Exaudi_noticias","twitter_site":"@Exaudi_News","twitter_misc":{"Escrito por":"Exaudi Redacci\u00f3n","Tiempo de lectura":"7 minutos"},"schema":{"@context":"https:\/\/schema.org","@graph":[{"@type":"Article","@id":"https:\/\/exaudi.org\/es\/el-papa-el-evangelio-es-un-anuncio-un-anuncio-de-alegria\/#article","isPartOf":{"@id":"https:\/\/exaudi.org\/es\/el-papa-el-evangelio-es-un-anuncio-un-anuncio-de-alegria\/"},"author":{"name":"Exaudi Redacci\u00f3n","@id":"https:\/\/exaudi.org\/#\/schema\/person\/f5fc8f063065e38742da7afe15f25df7"},"headline":"El Papa: \u201cEl Evangelio es un anuncio, un anuncio de alegr\u00eda\u201d","datePublished":"2023-11-15T12:49:21+00:00","dateModified":"2023-11-15T12:53:51+00:00","mainEntityOfPage":{"@id":"https:\/\/exaudi.org\/es\/el-papa-el-evangelio-es-un-anuncio-un-anuncio-de-alegria\/"},"wordCount":1369,"image":{"@id":"https:\/\/exaudi.org\/es\/el-papa-el-evangelio-es-un-anuncio-un-anuncio-de-alegria\/#primaryimage"},"thumbnailUrl":"https:\/\/exaudi.org\/wp-content\/uploads\/2023\/11\/cq5dam.web_.800.800-35.jpeg","keywords":["audiencia general","Featured"],"articleSection":["Audiencia General","Le\u00f3n XIV"],"inLanguage":"es"},{"@type":"WebPage","@id":"https:\/\/exaudi.org\/es\/el-papa-el-evangelio-es-un-anuncio-un-anuncio-de-alegria\/","url":"https:\/\/exaudi.org\/es\/el-papa-el-evangelio-es-un-anuncio-un-anuncio-de-alegria\/","name":"El Papa: \u201cEl Evangelio es un anuncio, un anuncio de alegr\u00eda\u201d &#8211; Exaudi","isPartOf":{"@id":"https:\/\/exaudi.org\/#website"},"primaryImageOfPage":{"@id":"https:\/\/exaudi.org\/es\/el-papa-el-evangelio-es-un-anuncio-un-anuncio-de-alegria\/#primaryimage"},"image":{"@id":"https:\/\/exaudi.org\/es\/el-papa-el-evangelio-es-un-anuncio-un-anuncio-de-alegria\/#primaryimage"},"thumbnailUrl":"https:\/\/exaudi.org\/wp-content\/uploads\/2023\/11\/cq5dam.web_.800.800-35.jpeg","datePublished":"2023-11-15T12:49:21+00:00","dateModified":"2023-11-15T12:53:51+00:00","author":{"@id":"https:\/\/exaudi.org\/#\/schema\/person\/f5fc8f063065e38742da7afe15f25df7"},"breadcrumb":{"@id":"https:\/\/exaudi.org\/es\/el-papa-el-evangelio-es-un-anuncio-un-anuncio-de-alegria\/#breadcrumb"},"inLanguage":"es","potentialAction":[{"@type":"ReadAction","target":["https:\/\/exaudi.org\/es\/el-papa-el-evangelio-es-un-anuncio-un-anuncio-de-alegria\/"]}]},{"@type":"ImageObject","inLanguage":"es","@id":"https:\/\/exaudi.org\/es\/el-papa-el-evangelio-es-un-anuncio-un-anuncio-de-alegria\/#primaryimage","url":"https:\/\/exaudi.org\/wp-content\/uploads\/2023\/11\/cq5dam.web_.800.800-35.jpeg","contentUrl":"https:\/\/exaudi.org\/wp-content\/uploads\/2023\/11\/cq5dam.web_.800.800-35.jpeg","width":800,"height":533,"caption":"Vatican Media"},{"@type":"BreadcrumbList","@id":"https:\/\/exaudi.org\/es\/el-papa-el-evangelio-es-un-anuncio-un-anuncio-de-alegria\/#breadcrumb","itemListElement":[{"@type":"ListItem","position":1,"name":"Portada","item":"https:\/\/exaudi.org\/es\/"},{"@type":"ListItem","position":2,"name":"El Papa: \u201cEl Evangelio es un anuncio, un anuncio de alegr\u00eda\u201d"}]},{"@type":"WebSite","@id":"https:\/\/exaudi.org\/#website","url":"https:\/\/exaudi.org\/","name":"Exaudi","description":"News","potentialAction":[{"@type":"SearchAction","target":{"@type":"EntryPoint","urlTemplate":"https:\/\/exaudi.org\/?s={search_term_string}"},"query-input":{"@type":"PropertyValueSpecification","valueRequired":true,"valueName":"search_term_string"}}],"inLanguage":"es"},{"@type":"Person","@id":"https:\/\/exaudi.org\/#\/schema\/person\/f5fc8f063065e38742da7afe15f25df7","name":"Exaudi Redacci\u00f3n","image":{"@type":"ImageObject","inLanguage":"es","@id":"https:\/\/secure.gravatar.com\/avatar\/fe0f6a059fb68d9b3e11bc5850dd4899b1c7492091a3cb6dd9b01b56ad828be2?s=96&d=mm&r=g","url":"https:\/\/secure.gravatar.com\/avatar\/fe0f6a059fb68d9b3e11bc5850dd4899b1c7492091a3cb6dd9b01b56ad828be2?s=96&d=mm&r=g","contentUrl":"https:\/\/secure.gravatar.com\/avatar\/fe0f6a059fb68d9b3e11bc5850dd4899b1c7492091a3cb6dd9b01b56ad828be2?s=96&d=mm&r=g","caption":"Exaudi Redacci\u00f3n"},"description":"\u00bfQu\u00e9 es Exaudi News? Exaudi News es un medio de comunicaci\u00f3n cat\u00f3lico internacional que informa, forma y transforma, diariamente en espa\u00f1ol, ingl\u00e9s e italiano. A trav\u00e9s de noticias, art\u00edculos de an\u00e1lisis y transmisiones en directo de los eventos del Papa, Exaudi busca fortalecer la unidad de los cristianos y contribuir a la evangelizaci\u00f3n del mundo, siempre guiados por la doctrina social de la Iglesia. Trabajamos para acercar la verdad y los valores cristianos a cada rinc\u00f3n del planeta. \u00a1Ay\u00fadanos a transformar el mundo con Exaudi! En Exaudi creemos que la evangelizaci\u00f3n y la informaci\u00f3n de calidad pueden cambiar vidas. Para continuar con nuestra misi\u00f3n y expandir nuestro alcance, necesitamos tu ayuda. Adem\u00e1s, buscamos personas comprometidas que deseen unirse a nuestro equipo. Con tu apoyo, lograremos llegar a m\u00e1s personas, difundir el mensaje de Cristo y reforzar la unidad de los cristianos. \u00bfTe unes a nuestra misi\u00f3n? Para m\u00e1s informaci\u00f3n sobre c\u00f3mo colaborar, visita Exaudi.org\/es o cont\u00e1ctanos directamente: info@exaudi.org Exaudi: Informa, forma y transforma.","sameAs":["https:\/\/www.facebook.com\/ExaudiNoticias\/","https:\/\/www.instagram.com\/exaudi_noticias\/","https:\/\/x.com\/Exaudi_noticias","https:\/\/www.youtube.com\/@exaudicatholicnews"],"url":"https:\/\/exaudi.org\/es\/author\/redaccionexaudi\/"}]}},"jetpack_featured_media_url":"https:\/\/exaudi.org\/wp-content\/uploads\/2023\/11\/cq5dam.web_.800.800-35.jpeg","jetpack_shortlink":"https:\/\/wp.me\/pgKjF2-mSI","_links":{"self":[{"href":"https:\/\/exaudi.org\/es\/wp-json\/wp\/v2\/posts\/87960","targetHints":{"allow":["GET"]}}],"collection":[{"href":"https:\/\/exaudi.org\/es\/wp-json\/wp\/v2\/posts"}],"about":[{"href":"https:\/\/exaudi.org\/es\/wp-json\/wp\/v2\/types\/post"}],"author":[{"embeddable":true,"href":"https:\/\/exaudi.org\/es\/wp-json\/wp\/v2\/users\/15"}],"replies":[{"embeddable":true,"href":"https:\/\/exaudi.org\/es\/wp-json\/wp\/v2\/comments?post=87960"}],"version-history":[{"count":0,"href":"https:\/\/exaudi.org\/es\/wp-json\/wp\/v2\/posts\/87960\/revisions"}],"wp:featuredmedia":[{"embeddable":true,"href":"https:\/\/exaudi.org\/es\/wp-json\/wp\/v2\/media\/87961"}],"wp:attachment":[{"href":"https:\/\/exaudi.org\/es\/wp-json\/wp\/v2\/media?parent=87960"}],"wp:term":[{"taxonomy":"category","embeddable":true,"href":"https:\/\/exaudi.org\/es\/wp-json\/wp\/v2\/categories?post=87960"},{"taxonomy":"post_tag","embeddable":true,"href":"https:\/\/exaudi.org\/es\/wp-json\/wp\/v2\/tags?post=87960"}],"curies":[{"name":"wp","href":"https:\/\/api.w.org\/{rel}","templated":true}]}}