{"id":87914,"date":"2023-11-15T08:13:44","date_gmt":"2023-11-15T07:13:44","guid":{"rendered":"https:\/\/exaudi.org\/?p=87914"},"modified":"2023-11-15T08:16:33","modified_gmt":"2023-11-15T07:16:33","slug":"jubileo-2025-segundo-encuentro-santa-sede-italia","status":"publish","type":"post","link":"https:\/\/exaudi.org\/es\/jubileo-2025-segundo-encuentro-santa-sede-italia\/","title":{"rendered":"Jubileo 2025: segundo encuentro Santa Sede &#8211; Italia"},"content":{"rendered":"<audio class=\"wp-audio-shortcode\" id=\"audio-87914-1\" preload=\"none\" style=\"width: 100%;\" controls=\"controls\"><source type=\"audio\/mpeg\" src=\"https:\/\/exaudi.org\/wp-content\/uploads\/2023\/11\/Jubileo-1.mp3?_=1\" \/><a href=\"https:\/\/exaudi.org\/wp-content\/uploads\/2023\/11\/Jubileo-1.mp3\">https:\/\/exaudi.org\/wp-content\/uploads\/2023\/11\/Jubileo-1.mp3<\/a><\/audio>\n<p>Tras el encuentro del pasado\u00a0<a href=\"https:\/\/www.vaticannews.va\/es\/vaticano\/news\/2023-04\/jubileo-2025-parolin-meloni-objetivos-estructuras-organizacion.html\">19 de abril<\/a>, este martes 14 de noviembre por la tarde se efectu\u00f3 la segunda reuni\u00f3n bilateral entre la Santa Sede y el Gobierno Italiano en el Palazzo Chigi de Roma, en la sede del gobierno de la Rep\u00fablica italiana. El objetivo era realizar una puesta a punto sobre la organizaci\u00f3n del Jubileo de 2025,\u00a0<a href=\"https:\/\/press.vatican.va\/content\/salastampa\/it\/bollettino\/pubblico\/2023\/11\/14\/0795\/01742.html\" rel=\"external\">como informa un comunicado de la Oficina de Prensa de la Santa Sede<\/a>.<\/p>\n<p>Por Italia, estaban presentes la Primera Ministra, Giorgia Meloni; el Viceprimer Ministro; el Subsecretario; el Ministro del Interior; el Ministro de Econom\u00eda y Finanzas; el Ministro de Cultura; el Ministro de Sanidad; el Ministro de Asuntos Europeos; el Ministro de Turismo; la Ministra para las Discapacidades; el Comisario extraordinario del Gobierno; el Presidente de la Regi\u00f3n del Lacio y el Prefecto de Roma.<\/p>\n<p>Por la Santa Sede, junto con el Secretario de Estado, el Cardenal Pietro Parolin, estuvieron presentes Monse\u00f1or Rino Fisichella, Pro-Prefecto del Dicasterio para la Evangelizaci\u00f3n; el Secretario para las Relaciones con los Estados y las Organizaciones Internacionales; el Asesor para los Asuntos Generales; el Subsecretario del Dicasterio para la Evangelizaci\u00f3n; el Secretario para las Relaciones con los Estados y las Organizaciones Internacionales; el Subsecretario del Dicasterio para la Evangelizaci\u00f3n; el Vicesecretario General de la\u00a0 Gobernaci\u00f3n del Estado de la Ciudad del Vaticano; el Subdirector de Infraestructuras y Servicios y el Subdirector de los Servicios de Seguridad y Protecci\u00f3n Civil.<\/p>\n<p>Como refiere la Sala de Prensa vaticana, tras las palabras de bienvenida de la Primera Ministra, el Cardenal Secretario de Estado inform\u00f3 a los presentes sobre la pr\u00f3xima publicaci\u00f3n de la Bula de Convocaci\u00f3n del Jubileo, prevista para mayo de 2024, anticipando la expectaci\u00f3n de muchos peregrinos, para quienes las obras en activo anticipan una ciudad m\u00e1s habitable.<\/p>\n<p>Entre los temas del orden del d\u00eda, las partes dialogaron respecto del avance de los planes de seguridad, sanidad, contribuci\u00f3n y coordinaci\u00f3n de los voluntarios, protecci\u00f3n civil, transportes. Junto a ellos, la cumbre fue ocasi\u00f3n para algunas actualizaciones sobre temas de gran importancia, empezando por el acuerdo con el Ministerio de Asuntos Exteriores para la expedici\u00f3n de visados a los peregrinos que lleguen a Roma con motivo del A\u00f1o Santo.<\/p>\n<p>\u00abEl Pro-Prefecto del Dicastero para la Evangelizaci\u00f3n, prosigue el texto, agradeci\u00f3 al Ministerio de Turismo el Memor\u00e1ndum de Acuerdo, firmado el pasado mes de septiembre con el Ministro de Turismo y el Comisario extraordinario italiano, para la acogida de los turistas que visitan el pa\u00eds con motivo del Jubileo\u00bb. Luego, subray\u00f3 la importancia de que la dimensi\u00f3n cultural del A\u00f1o Santo se conozca tambi\u00e9n en las escuelas. De hecho, la reuni\u00f3n se centr\u00f3 tambi\u00e9n en el acuerdo relativo a los actos de la revista cultural \u00abEl Jubileo es Cultura\u00bb, que incluye exposiciones, espect\u00e1culos itinerantes y conciertos.<\/p>\n<p>Contin\u00faan las reuniones peri\u00f3dicas de las Mesas de Trabajo en el Campidoglio, en estrecha colaboraci\u00f3n entre la Prefectura, la Oficina de Apoyo al Comisario Extraordinario para el Jubileo, el Ayuntamiento de Roma y la Santa Sede. Tambi\u00e9n hay muchas novedades en cuanto a la organizaci\u00f3n de los actos del Jubileo, que se har\u00e1n oficiales en los pr\u00f3ximos d\u00edas en el\u00a0<a href=\"https:\/\/www.iubilaeum2025.va\/es.html\" rel=\"external\">sitio web<\/a>\u00a0y en la\u00a0<a href=\"https:\/\/www.iubilaeum2025.va\/es\/notizie\/comunicati\/2023\/app-giubileo.html\" rel=\"external\">app oficial<\/a>\u00a0Iubilaeum25.<\/p>\n","protected":false},"excerpt":{"rendered":"<p>El Secretario de Estado, Cardenal Pietro Parolin, inform\u00f3 sobre la pr\u00f3xima publicaci\u00f3n de la Bula de convocatoria del Jubileo, prevista para mayo de 2024<\/p>\n","protected":false},"author":15,"featured_media":87915,"comment_status":"closed","ping_status":"closed","sticky":false,"template":"","format":"standard","meta":{"_acf_changed":false,"_crdt_document":"","inline_featured_image":false,"footnotes":""},"categories":[74,132],"tags":[1187,449,516,10885,4385,1533,1891,4953],"class_list":["post-87914","post","type-post","status-publish","format-standard","has-post-thumbnail","hentry","category-iglesia-y-mundo","category-vaticano-es","tag-cardenal-pietro-parolin","tag-iglesia-catolica","tag-italia","tag-jefes-de-estado-y-de-gobierno","tag-jubileo","tag-roma-es","tag-santa-sede","tag-trending-es"],"acf":[],"yoast_head":"<!-- This site is optimized with the Yoast SEO plugin v27.5 - https:\/\/yoast.com\/product\/yoast-seo-wordpress\/ -->\n<title>Jubileo 2025: segundo encuentro Santa Sede - Italia &#8211; Exaudi<\/title>\n<meta name=\"robots\" content=\"index, follow, max-snippet:-1, max-image-preview:large, max-video-preview:-1\" \/>\n<link rel=\"canonical\" href=\"https:\/\/exaudi.org\/es\/jubileo-2025-segundo-encuentro-santa-sede-italia\/\" \/>\n<meta property=\"og:locale\" content=\"es_ES\" \/>\n<meta property=\"og:type\" content=\"article\" \/>\n<meta property=\"og:title\" content=\"Jubileo 2025: segundo encuentro Santa Sede - Italia &#8211; Exaudi\" \/>\n<meta property=\"og:description\" content=\"El Secretario de Estado, Cardenal Pietro Parolin, inform\u00f3 sobre la pr\u00f3xima publicaci\u00f3n de la Bula de convocatoria del Jubileo, prevista para mayo de 2024\" \/>\n<meta property=\"og:url\" content=\"https:\/\/exaudi.org\/es\/jubileo-2025-segundo-encuentro-santa-sede-italia\/\" \/>\n<meta property=\"og:site_name\" content=\"Exaudi\" \/>\n<meta property=\"article:publisher\" content=\"https:\/\/www.facebook.com\/ExaudiNews\" \/>\n<meta property=\"article:author\" content=\"https:\/\/www.facebook.com\/ExaudiNoticias\/\" \/>\n<meta property=\"article:published_time\" content=\"2023-11-15T07:13:44+00:00\" \/>\n<meta property=\"article:modified_time\" content=\"2023-11-15T07:16:33+00:00\" \/>\n<meta property=\"og:image\" content=\"https:\/\/exaudi.org\/wp-content\/uploads\/2023\/11\/cq5dam.thumbnail.cropped.750.422-20.jpeg\" \/>\n\t<meta property=\"og:image:width\" content=\"750\" \/>\n\t<meta property=\"og:image:height\" content=\"422\" \/>\n\t<meta property=\"og:image:type\" content=\"image\/jpeg\" \/>\n<meta name=\"author\" content=\"Exaudi Redacci\u00f3n\" \/>\n<meta name=\"twitter:card\" content=\"summary_large_image\" \/>\n<meta name=\"twitter:creator\" content=\"@Exaudi_noticias\" \/>\n<meta name=\"twitter:site\" content=\"@Exaudi_News\" \/>\n<meta name=\"twitter:label1\" content=\"Escrito por\" \/>\n\t<meta name=\"twitter:data1\" content=\"Exaudi Redacci\u00f3n\" \/>\n\t<meta name=\"twitter:label2\" content=\"Tiempo de lectura\" \/>\n\t<meta name=\"twitter:data2\" content=\"3 minutos\" \/>\n<script type=\"application\/ld+json\" class=\"yoast-schema-graph\">{\"@context\":\"https:\\\/\\\/schema.org\",\"@graph\":[{\"@type\":\"Article\",\"@id\":\"https:\\\/\\\/exaudi.org\\\/es\\\/jubileo-2025-segundo-encuentro-santa-sede-italia\\\/#article\",\"isPartOf\":{\"@id\":\"https:\\\/\\\/exaudi.org\\\/es\\\/jubileo-2025-segundo-encuentro-santa-sede-italia\\\/\"},\"author\":{\"name\":\"Exaudi Redacci\u00f3n\",\"@id\":\"https:\\\/\\\/exaudi.org\\\/#\\\/schema\\\/person\\\/f5fc8f063065e38742da7afe15f25df7\"},\"headline\":\"Jubileo 2025: segundo encuentro Santa Sede &#8211; Italia\",\"datePublished\":\"2023-11-15T07:13:44+00:00\",\"dateModified\":\"2023-11-15T07:16:33+00:00\",\"mainEntityOfPage\":{\"@id\":\"https:\\\/\\\/exaudi.org\\\/es\\\/jubileo-2025-segundo-encuentro-santa-sede-italia\\\/\"},\"wordCount\":580,\"image\":{\"@id\":\"https:\\\/\\\/exaudi.org\\\/es\\\/jubileo-2025-segundo-encuentro-santa-sede-italia\\\/#primaryimage\"},\"thumbnailUrl\":\"https:\\\/\\\/exaudi.org\\\/wp-content\\\/uploads\\\/2023\\\/11\\\/cq5dam.thumbnail.cropped.750.422-20.jpeg\",\"keywords\":[\"Cardenal Pietro Parolin\",\"Iglesia cat\u00f3lica\",\"Italia\",\"JEFES DE ESTADO Y DE GOBIERNO\",\"Jubileo\",\"Roma\",\"Santa Sede\",\"Trending\"],\"articleSection\":[\"Iglesia y Mundo\",\"Vaticano\"],\"inLanguage\":\"es\"},{\"@type\":\"WebPage\",\"@id\":\"https:\\\/\\\/exaudi.org\\\/es\\\/jubileo-2025-segundo-encuentro-santa-sede-italia\\\/\",\"url\":\"https:\\\/\\\/exaudi.org\\\/es\\\/jubileo-2025-segundo-encuentro-santa-sede-italia\\\/\",\"name\":\"Jubileo 2025: segundo encuentro Santa Sede - Italia &#8211; Exaudi\",\"isPartOf\":{\"@id\":\"https:\\\/\\\/exaudi.org\\\/#website\"},\"primaryImageOfPage\":{\"@id\":\"https:\\\/\\\/exaudi.org\\\/es\\\/jubileo-2025-segundo-encuentro-santa-sede-italia\\\/#primaryimage\"},\"image\":{\"@id\":\"https:\\\/\\\/exaudi.org\\\/es\\\/jubileo-2025-segundo-encuentro-santa-sede-italia\\\/#primaryimage\"},\"thumbnailUrl\":\"https:\\\/\\\/exaudi.org\\\/wp-content\\\/uploads\\\/2023\\\/11\\\/cq5dam.thumbnail.cropped.750.422-20.jpeg\",\"datePublished\":\"2023-11-15T07:13:44+00:00\",\"dateModified\":\"2023-11-15T07:16:33+00:00\",\"author\":{\"@id\":\"https:\\\/\\\/exaudi.org\\\/#\\\/schema\\\/person\\\/f5fc8f063065e38742da7afe15f25df7\"},\"breadcrumb\":{\"@id\":\"https:\\\/\\\/exaudi.org\\\/es\\\/jubileo-2025-segundo-encuentro-santa-sede-italia\\\/#breadcrumb\"},\"inLanguage\":\"es\",\"potentialAction\":[{\"@type\":\"ReadAction\",\"target\":[\"https:\\\/\\\/exaudi.org\\\/es\\\/jubileo-2025-segundo-encuentro-santa-sede-italia\\\/\"]}]},{\"@type\":\"ImageObject\",\"inLanguage\":\"es\",\"@id\":\"https:\\\/\\\/exaudi.org\\\/es\\\/jubileo-2025-segundo-encuentro-santa-sede-italia\\\/#primaryimage\",\"url\":\"https:\\\/\\\/exaudi.org\\\/wp-content\\\/uploads\\\/2023\\\/11\\\/cq5dam.thumbnail.cropped.750.422-20.jpeg\",\"contentUrl\":\"https:\\\/\\\/exaudi.org\\\/wp-content\\\/uploads\\\/2023\\\/11\\\/cq5dam.thumbnail.cropped.750.422-20.jpeg\",\"width\":750,\"height\":422},{\"@type\":\"BreadcrumbList\",\"@id\":\"https:\\\/\\\/exaudi.org\\\/es\\\/jubileo-2025-segundo-encuentro-santa-sede-italia\\\/#breadcrumb\",\"itemListElement\":[{\"@type\":\"ListItem\",\"position\":1,\"name\":\"Portada\",\"item\":\"https:\\\/\\\/exaudi.org\\\/es\\\/\"},{\"@type\":\"ListItem\",\"position\":2,\"name\":\"Jubileo 2025: segundo encuentro Santa Sede &#8211; Italia\"}]},{\"@type\":\"WebSite\",\"@id\":\"https:\\\/\\\/exaudi.org\\\/#website\",\"url\":\"https:\\\/\\\/exaudi.org\\\/\",\"name\":\"Exaudi\",\"description\":\"News\",\"potentialAction\":[{\"@type\":\"SearchAction\",\"target\":{\"@type\":\"EntryPoint\",\"urlTemplate\":\"https:\\\/\\\/exaudi.org\\\/?s={search_term_string}\"},\"query-input\":{\"@type\":\"PropertyValueSpecification\",\"valueRequired\":true,\"valueName\":\"search_term_string\"}}],\"inLanguage\":\"es\"},{\"@type\":\"Person\",\"@id\":\"https:\\\/\\\/exaudi.org\\\/#\\\/schema\\\/person\\\/f5fc8f063065e38742da7afe15f25df7\",\"name\":\"Exaudi Redacci\u00f3n\",\"image\":{\"@type\":\"ImageObject\",\"inLanguage\":\"es\",\"@id\":\"https:\\\/\\\/secure.gravatar.com\\\/avatar\\\/fe0f6a059fb68d9b3e11bc5850dd4899b1c7492091a3cb6dd9b01b56ad828be2?s=96&d=mm&r=g\",\"url\":\"https:\\\/\\\/secure.gravatar.com\\\/avatar\\\/fe0f6a059fb68d9b3e11bc5850dd4899b1c7492091a3cb6dd9b01b56ad828be2?s=96&d=mm&r=g\",\"contentUrl\":\"https:\\\/\\\/secure.gravatar.com\\\/avatar\\\/fe0f6a059fb68d9b3e11bc5850dd4899b1c7492091a3cb6dd9b01b56ad828be2?s=96&d=mm&r=g\",\"caption\":\"Exaudi Redacci\u00f3n\"},\"description\":\"\u00bfQu\u00e9 es Exaudi News? Exaudi News es un medio de comunicaci\u00f3n cat\u00f3lico internacional que informa, forma y transforma, diariamente en espa\u00f1ol, ingl\u00e9s e italiano. A trav\u00e9s de noticias, art\u00edculos de an\u00e1lisis y transmisiones en directo de los eventos del Papa, Exaudi busca fortalecer la unidad de los cristianos y contribuir a la evangelizaci\u00f3n del mundo, siempre guiados por la doctrina social de la Iglesia. Trabajamos para acercar la verdad y los valores cristianos a cada rinc\u00f3n del planeta. \u00a1Ay\u00fadanos a transformar el mundo con Exaudi! En Exaudi creemos que la evangelizaci\u00f3n y la informaci\u00f3n de calidad pueden cambiar vidas. Para continuar con nuestra misi\u00f3n y expandir nuestro alcance, necesitamos tu ayuda. Adem\u00e1s, buscamos personas comprometidas que deseen unirse a nuestro equipo. Con tu apoyo, lograremos llegar a m\u00e1s personas, difundir el mensaje de Cristo y reforzar la unidad de los cristianos. \u00bfTe unes a nuestra misi\u00f3n? Para m\u00e1s informaci\u00f3n sobre c\u00f3mo colaborar, visita Exaudi.org\\\/es o cont\u00e1ctanos directamente: info@exaudi.org Exaudi: Informa, forma y transforma.\",\"sameAs\":[\"https:\\\/\\\/www.facebook.com\\\/ExaudiNoticias\\\/\",\"https:\\\/\\\/www.instagram.com\\\/exaudi_noticias\\\/\",\"https:\\\/\\\/x.com\\\/Exaudi_noticias\",\"https:\\\/\\\/www.youtube.com\\\/@exaudicatholicnews\"],\"url\":\"https:\\\/\\\/exaudi.org\\\/es\\\/author\\\/redaccionexaudi\\\/\"}]}<\/script>\n<!-- \/ Yoast SEO plugin. -->","yoast_head_json":{"title":"Jubileo 2025: segundo encuentro Santa Sede - Italia &#8211; Exaudi","robots":{"index":"index","follow":"follow","max-snippet":"max-snippet:-1","max-image-preview":"max-image-preview:large","max-video-preview":"max-video-preview:-1"},"canonical":"https:\/\/exaudi.org\/es\/jubileo-2025-segundo-encuentro-santa-sede-italia\/","og_locale":"es_ES","og_type":"article","og_title":"Jubileo 2025: segundo encuentro Santa Sede - Italia &#8211; Exaudi","og_description":"El Secretario de Estado, Cardenal Pietro Parolin, inform\u00f3 sobre la pr\u00f3xima publicaci\u00f3n de la Bula de convocatoria del Jubileo, prevista para mayo de 2024","og_url":"https:\/\/exaudi.org\/es\/jubileo-2025-segundo-encuentro-santa-sede-italia\/","og_site_name":"Exaudi","article_publisher":"https:\/\/www.facebook.com\/ExaudiNews","article_author":"https:\/\/www.facebook.com\/ExaudiNoticias\/","article_published_time":"2023-11-15T07:13:44+00:00","article_modified_time":"2023-11-15T07:16:33+00:00","og_image":[{"width":750,"height":422,"url":"https:\/\/exaudi.org\/wp-content\/uploads\/2023\/11\/cq5dam.thumbnail.cropped.750.422-20.jpeg","type":"image\/jpeg"}],"author":"Exaudi Redacci\u00f3n","twitter_card":"summary_large_image","twitter_creator":"@Exaudi_noticias","twitter_site":"@Exaudi_News","twitter_misc":{"Escrito por":"Exaudi Redacci\u00f3n","Tiempo de lectura":"3 minutos"},"schema":{"@context":"https:\/\/schema.org","@graph":[{"@type":"Article","@id":"https:\/\/exaudi.org\/es\/jubileo-2025-segundo-encuentro-santa-sede-italia\/#article","isPartOf":{"@id":"https:\/\/exaudi.org\/es\/jubileo-2025-segundo-encuentro-santa-sede-italia\/"},"author":{"name":"Exaudi Redacci\u00f3n","@id":"https:\/\/exaudi.org\/#\/schema\/person\/f5fc8f063065e38742da7afe15f25df7"},"headline":"Jubileo 2025: segundo encuentro Santa Sede &#8211; Italia","datePublished":"2023-11-15T07:13:44+00:00","dateModified":"2023-11-15T07:16:33+00:00","mainEntityOfPage":{"@id":"https:\/\/exaudi.org\/es\/jubileo-2025-segundo-encuentro-santa-sede-italia\/"},"wordCount":580,"image":{"@id":"https:\/\/exaudi.org\/es\/jubileo-2025-segundo-encuentro-santa-sede-italia\/#primaryimage"},"thumbnailUrl":"https:\/\/exaudi.org\/wp-content\/uploads\/2023\/11\/cq5dam.thumbnail.cropped.750.422-20.jpeg","keywords":["Cardenal Pietro Parolin","Iglesia cat\u00f3lica","Italia","JEFES DE ESTADO Y DE GOBIERNO","Jubileo","Roma","Santa Sede","Trending"],"articleSection":["Iglesia y Mundo","Vaticano"],"inLanguage":"es"},{"@type":"WebPage","@id":"https:\/\/exaudi.org\/es\/jubileo-2025-segundo-encuentro-santa-sede-italia\/","url":"https:\/\/exaudi.org\/es\/jubileo-2025-segundo-encuentro-santa-sede-italia\/","name":"Jubileo 2025: segundo encuentro Santa Sede - Italia &#8211; Exaudi","isPartOf":{"@id":"https:\/\/exaudi.org\/#website"},"primaryImageOfPage":{"@id":"https:\/\/exaudi.org\/es\/jubileo-2025-segundo-encuentro-santa-sede-italia\/#primaryimage"},"image":{"@id":"https:\/\/exaudi.org\/es\/jubileo-2025-segundo-encuentro-santa-sede-italia\/#primaryimage"},"thumbnailUrl":"https:\/\/exaudi.org\/wp-content\/uploads\/2023\/11\/cq5dam.thumbnail.cropped.750.422-20.jpeg","datePublished":"2023-11-15T07:13:44+00:00","dateModified":"2023-11-15T07:16:33+00:00","author":{"@id":"https:\/\/exaudi.org\/#\/schema\/person\/f5fc8f063065e38742da7afe15f25df7"},"breadcrumb":{"@id":"https:\/\/exaudi.org\/es\/jubileo-2025-segundo-encuentro-santa-sede-italia\/#breadcrumb"},"inLanguage":"es","potentialAction":[{"@type":"ReadAction","target":["https:\/\/exaudi.org\/es\/jubileo-2025-segundo-encuentro-santa-sede-italia\/"]}]},{"@type":"ImageObject","inLanguage":"es","@id":"https:\/\/exaudi.org\/es\/jubileo-2025-segundo-encuentro-santa-sede-italia\/#primaryimage","url":"https:\/\/exaudi.org\/wp-content\/uploads\/2023\/11\/cq5dam.thumbnail.cropped.750.422-20.jpeg","contentUrl":"https:\/\/exaudi.org\/wp-content\/uploads\/2023\/11\/cq5dam.thumbnail.cropped.750.422-20.jpeg","width":750,"height":422},{"@type":"BreadcrumbList","@id":"https:\/\/exaudi.org\/es\/jubileo-2025-segundo-encuentro-santa-sede-italia\/#breadcrumb","itemListElement":[{"@type":"ListItem","position":1,"name":"Portada","item":"https:\/\/exaudi.org\/es\/"},{"@type":"ListItem","position":2,"name":"Jubileo 2025: segundo encuentro Santa Sede &#8211; Italia"}]},{"@type":"WebSite","@id":"https:\/\/exaudi.org\/#website","url":"https:\/\/exaudi.org\/","name":"Exaudi","description":"News","potentialAction":[{"@type":"SearchAction","target":{"@type":"EntryPoint","urlTemplate":"https:\/\/exaudi.org\/?s={search_term_string}"},"query-input":{"@type":"PropertyValueSpecification","valueRequired":true,"valueName":"search_term_string"}}],"inLanguage":"es"},{"@type":"Person","@id":"https:\/\/exaudi.org\/#\/schema\/person\/f5fc8f063065e38742da7afe15f25df7","name":"Exaudi Redacci\u00f3n","image":{"@type":"ImageObject","inLanguage":"es","@id":"https:\/\/secure.gravatar.com\/avatar\/fe0f6a059fb68d9b3e11bc5850dd4899b1c7492091a3cb6dd9b01b56ad828be2?s=96&d=mm&r=g","url":"https:\/\/secure.gravatar.com\/avatar\/fe0f6a059fb68d9b3e11bc5850dd4899b1c7492091a3cb6dd9b01b56ad828be2?s=96&d=mm&r=g","contentUrl":"https:\/\/secure.gravatar.com\/avatar\/fe0f6a059fb68d9b3e11bc5850dd4899b1c7492091a3cb6dd9b01b56ad828be2?s=96&d=mm&r=g","caption":"Exaudi Redacci\u00f3n"},"description":"\u00bfQu\u00e9 es Exaudi News? Exaudi News es un medio de comunicaci\u00f3n cat\u00f3lico internacional que informa, forma y transforma, diariamente en espa\u00f1ol, ingl\u00e9s e italiano. A trav\u00e9s de noticias, art\u00edculos de an\u00e1lisis y transmisiones en directo de los eventos del Papa, Exaudi busca fortalecer la unidad de los cristianos y contribuir a la evangelizaci\u00f3n del mundo, siempre guiados por la doctrina social de la Iglesia. Trabajamos para acercar la verdad y los valores cristianos a cada rinc\u00f3n del planeta. \u00a1Ay\u00fadanos a transformar el mundo con Exaudi! En Exaudi creemos que la evangelizaci\u00f3n y la informaci\u00f3n de calidad pueden cambiar vidas. Para continuar con nuestra misi\u00f3n y expandir nuestro alcance, necesitamos tu ayuda. Adem\u00e1s, buscamos personas comprometidas que deseen unirse a nuestro equipo. Con tu apoyo, lograremos llegar a m\u00e1s personas, difundir el mensaje de Cristo y reforzar la unidad de los cristianos. \u00bfTe unes a nuestra misi\u00f3n? Para m\u00e1s informaci\u00f3n sobre c\u00f3mo colaborar, visita Exaudi.org\/es o cont\u00e1ctanos directamente: info@exaudi.org Exaudi: Informa, forma y transforma.","sameAs":["https:\/\/www.facebook.com\/ExaudiNoticias\/","https:\/\/www.instagram.com\/exaudi_noticias\/","https:\/\/x.com\/Exaudi_noticias","https:\/\/www.youtube.com\/@exaudicatholicnews"],"url":"https:\/\/exaudi.org\/es\/author\/redaccionexaudi\/"}]}},"jetpack_featured_media_url":"https:\/\/exaudi.org\/wp-content\/uploads\/2023\/11\/cq5dam.thumbnail.cropped.750.422-20.jpeg","jetpack_shortlink":"https:\/\/wp.me\/pgKjF2-mRY","_links":{"self":[{"href":"https:\/\/exaudi.org\/es\/wp-json\/wp\/v2\/posts\/87914","targetHints":{"allow":["GET"]}}],"collection":[{"href":"https:\/\/exaudi.org\/es\/wp-json\/wp\/v2\/posts"}],"about":[{"href":"https:\/\/exaudi.org\/es\/wp-json\/wp\/v2\/types\/post"}],"author":[{"embeddable":true,"href":"https:\/\/exaudi.org\/es\/wp-json\/wp\/v2\/users\/15"}],"replies":[{"embeddable":true,"href":"https:\/\/exaudi.org\/es\/wp-json\/wp\/v2\/comments?post=87914"}],"version-history":[{"count":0,"href":"https:\/\/exaudi.org\/es\/wp-json\/wp\/v2\/posts\/87914\/revisions"}],"wp:featuredmedia":[{"embeddable":true,"href":"https:\/\/exaudi.org\/es\/wp-json\/wp\/v2\/media\/87915"}],"wp:attachment":[{"href":"https:\/\/exaudi.org\/es\/wp-json\/wp\/v2\/media?parent=87914"}],"wp:term":[{"taxonomy":"category","embeddable":true,"href":"https:\/\/exaudi.org\/es\/wp-json\/wp\/v2\/categories?post=87914"},{"taxonomy":"post_tag","embeddable":true,"href":"https:\/\/exaudi.org\/es\/wp-json\/wp\/v2\/tags?post=87914"}],"curies":[{"name":"wp","href":"https:\/\/api.w.org\/{rel}","templated":true}]}}