{"id":87877,"date":"2023-11-15T08:30:10","date_gmt":"2023-11-15T07:30:10","guid":{"rendered":"https:\/\/exaudi.org\/?p=87877"},"modified":"2023-11-15T10:32:41","modified_gmt":"2023-11-15T09:32:41","slug":"senores-de-la-vida-y-de-la-muerte","status":"publish","type":"post","link":"https:\/\/exaudi.org\/es\/senores-de-la-vida-y-de-la-muerte\/","title":{"rendered":"Se\u00f1ores de la vida y de la muerte"},"content":{"rendered":"<audio class=\"wp-audio-shortcode\" id=\"audio-87877-1\" preload=\"none\" style=\"width: 100%;\" controls=\"controls\"><source type=\"audio\/mpeg\" src=\"https:\/\/exaudi.org\/wp-content\/uploads\/2023\/11\/Senores-de-la-vida-y-de-la-muerte.mp3?_=1\" \/><a href=\"https:\/\/exaudi.org\/wp-content\/uploads\/2023\/11\/Senores-de-la-vida-y-de-la-muerte.mp3\">https:\/\/exaudi.org\/wp-content\/uploads\/2023\/11\/Senores-de-la-vida-y-de-la-muerte.mp3<\/a><\/audio>\n<p>Parece que los jueces brit\u00e1nicos gustan de excederse en sus atribuciones, consider\u00e1ndose una especie de \u201cor\u00e1culo\u201d, con capacidad de decidir qui\u00e9n debe vivir y qui\u00e9n no. Una vez m\u00e1s, como hace 5 a\u00f1os sucediera con Alfie Evans, han determinado que la beb\u00e9 de ocho meses, Indi Gregory, debe morir. Es lo mejor para ella -dicen-, y ellos son los \u00fanicos capacitados para determinar qu\u00e9 es lo mejor para la menor. No importa que los padres de la beb\u00e9 no est\u00e9n de acuerdo, ni siquiera que se le haya ofrecido tratamiento en el Hospital <em>Bambino Ges\u00fa <\/em>del Vaticano y que le fuera concedida la nacionalidad italiana por Giorgia Meloni, para poder ser atendida en ese pa\u00eds.<\/p>\n<p>De hecho, los jueces tomaron esa posibilidad como una especie de insulto. El juez Peter Jackson consider\u00f3 que la idea de que las autoridades italianas estaban en mejores condiciones de determinar los intereses del beb\u00e9 era completamente err\u00f3nea. \u00a1Claro, lo mejor para la beb\u00e9 es morir!, \u00bfqu\u00e9 duda cabe? No importa que los padres no piensen as\u00ed, ni los m\u00e9dicos del Hospital <em>Bambino Ges\u00fa<\/em>. No s\u00f3lo eso: la beb\u00e9 debe morir en el hospital, ni siquiera se autoriz\u00f3 a los padres a llevarla a su casa, mucho menos a sacarla del pa\u00eds. Y, \u00a1vaya que los atribulados padres hicieron la lucha! Acudieron primero al <em>Tribunal de Apelaciones de Londres<\/em> y despu\u00e9s al <em>Tribunal Europeo de Derechos Humanos<\/em> de Estrasburgo, Francia, con la intenci\u00f3n de revocar la decisi\u00f3n, sin obtener mayor \u00e9xito.<\/p>\n<p>Ahora bien, lo que est\u00e1 claro -a mi humilde entender-, es que los tribunales se est\u00e1n excediendo en lo que a sus atribuciones se refiere. Con esa serie de decisiones y de negativas a las sucesivas apelaciones de los padres, no parecen formar parte de una democracia europea del primer mundo, sino de una rep\u00fablica totalitaria. Con el mayor desparpajo han eliminado, de un plumazo, el derecho de los padres a la patria potestad de sus hijos, a decidir qu\u00e9 es lo mejor para ellos, a buscar todas las maneras posibles de beneficiarlos. En lugar de tomar su lugar, establecido claramente por el principio de subsidiariedad, se han arrogado la suprema autoridad sobre Indi Gregory, despojando a sus padres Dean Gregory y Claire Staniforth, de un derecho que les compete por naturaleza a ellos. Los padres son los responsables de los hijos, quienes los han tra\u00eddo al mundo, quienes velan por su alimentaci\u00f3n, salud y educaci\u00f3n, requiri\u00e9ndose los servicios del Estado s\u00f3lo de manera subsidiaria, en aquellos aspectos que los padres no puedan atender directamente, o a falta de los mismos.<\/p>\n<p>Lo triste del caso es que los jueces no est\u00e1n dispuestos a considerar su arbitraria decisi\u00f3n. No les importa el grave inc\u00f3modo de los padres, les tiene sin cuidado el que otro hospital se haya ofrecido para atender a la beb\u00e9. No, la beb\u00e9, s\u00ed o s\u00ed, debe morir, es lo mejor para ella, porque ellos lo han decidido as\u00ed. \u00bfCabe imaginar mayor prepotencia y abuso del poder? Si el <em>Queen&#8217;s Medical Center<\/em> de Nottingham ha dicho que no puede hacer m\u00e1s por la ni\u00f1a, el Hospital <em>Bambino Ges\u00fa<\/em>, le abri\u00f3 sus puertas. Si no ten\u00eda futuro en Gran Breta\u00f1a, Italia le quer\u00eda dar otra oportunidad, concedi\u00e9ndole incluso la nacionalidad, para hacerlo todo en regla.<\/p>\n<p>Los jueces negaron a los padres la posibilidad de llevar a su hija a Roma. \u00bfCon base en qu\u00e9 derecho te despojan de la capacidad de llevar a tus hijos a donde quieras? \u00bfCon qu\u00e9 sustento jur\u00eddico pueden impedirte acudir a otros m\u00e9dicos, cuando unos han reconocido que no pueden hacer m\u00e1s? \u00bfPor qu\u00e9 no pueden, ni siquiera, llevar a su hija a su hogar? \u00bfEso es propio de un \u201cEstado de Derecho\u201d? Simplemente el estado brit\u00e1nico despoj\u00f3 de sus derechos a los leg\u00edtimos padres, y dictamin\u00f3, unilateral y absolutamente, que la ni\u00f1a debe morir y no se le deben dar m\u00e1s tratamientos.<\/p>\n<p>No se trata, ni siquiera, de un caso de eutanasia. Se suele afirmar, eufem\u00edsticamente, que la eutanasia supone la consagraci\u00f3n de la capacidad de autodeterminaci\u00f3n del ser humano. Supone, en consecuencia, que el interesado quiera morir y lo exprese repetidas veces de modo incontrovertible: esa es su voluntad definitiva. El caso de Indi Gregory se parece m\u00e1s a una condena a muerte, que a una eutanasia. Ella, obviamente, no puede expresar su deseo de morir. Los responsables naturales de ella, sus padres, no quieren que muera y desean buscar otras opciones; opciones que encuentran, pero los jueces, arbitrariamente, les impiden acceder a ellas, y condenan, sin apelaci\u00f3n posible, a morir a la beb\u00e9. Ante casos como este uno se pregunta, \u00bfde qu\u00e9 nos sirve entonces el ordenamiento jur\u00eddico?<\/p>\n","protected":false},"excerpt":{"rendered":"<p>\u00bfDe qu\u00e9 nos sirve entonces el ordenamiento jur\u00eddico?<\/p>\n","protected":false},"author":116,"featured_media":87878,"comment_status":"closed","ping_status":"closed","sticky":false,"template":"","format":"standard","meta":{"_acf_changed":false,"_crdt_document":"","inline_featured_image":false,"footnotes":""},"categories":[130],"tags":[611,10876,10877,4953],"class_list":["post-87877","post","type-post","status-publish","format-standard","has-post-thumbnail","hentry","category-voces","tag-eutanasia","tag-indy","tag-ordenamiento-juridico","tag-trending-es"],"acf":[],"yoast_head":"<!-- This site is optimized with the Yoast SEO plugin v27.5 - https:\/\/yoast.com\/product\/yoast-seo-wordpress\/ -->\n<title>Se\u00f1ores de la vida y de la muerte &#8211; Exaudi<\/title>\n<meta name=\"robots\" content=\"index, follow, max-snippet:-1, max-image-preview:large, max-video-preview:-1\" \/>\n<link rel=\"canonical\" href=\"https:\/\/exaudi.org\/es\/senores-de-la-vida-y-de-la-muerte\/\" \/>\n<meta property=\"og:locale\" content=\"es_ES\" \/>\n<meta property=\"og:type\" content=\"article\" \/>\n<meta property=\"og:title\" content=\"Se\u00f1ores de la vida y de la muerte &#8211; Exaudi\" \/>\n<meta property=\"og:description\" content=\"\u00bfDe qu\u00e9 nos sirve entonces el ordenamiento jur\u00eddico?\" \/>\n<meta property=\"og:url\" content=\"https:\/\/exaudi.org\/es\/senores-de-la-vida-y-de-la-muerte\/\" \/>\n<meta property=\"og:site_name\" content=\"Exaudi\" \/>\n<meta property=\"article:publisher\" content=\"https:\/\/www.facebook.com\/ExaudiNews\" \/>\n<meta property=\"article:published_time\" content=\"2023-11-15T07:30:10+00:00\" \/>\n<meta property=\"article:modified_time\" content=\"2023-11-15T09:32:41+00:00\" \/>\n<meta property=\"og:image\" content=\"https:\/\/exaudi.org\/wp-content\/uploads\/2023\/11\/pexels-nothing-ahead-7264369-scaled.jpg\" \/>\n\t<meta property=\"og:image:width\" content=\"2560\" \/>\n\t<meta property=\"og:image:height\" content=\"1707\" \/>\n\t<meta property=\"og:image:type\" content=\"image\/jpeg\" \/>\n<meta name=\"author\" content=\"Salvador Fabre\" \/>\n<meta name=\"twitter:card\" content=\"summary_large_image\" \/>\n<meta name=\"twitter:creator\" content=\"@Exaudi_News\" \/>\n<meta name=\"twitter:site\" content=\"@Exaudi_News\" \/>\n<meta name=\"twitter:label1\" content=\"Escrito por\" \/>\n\t<meta name=\"twitter:data1\" content=\"Salvador Fabre\" \/>\n\t<meta name=\"twitter:label2\" content=\"Tiempo de lectura\" \/>\n\t<meta name=\"twitter:data2\" content=\"4 minutos\" \/>\n<script type=\"application\/ld+json\" class=\"yoast-schema-graph\">{\"@context\":\"https:\\\/\\\/schema.org\",\"@graph\":[{\"@type\":\"Article\",\"@id\":\"https:\\\/\\\/exaudi.org\\\/es\\\/senores-de-la-vida-y-de-la-muerte\\\/#article\",\"isPartOf\":{\"@id\":\"https:\\\/\\\/exaudi.org\\\/es\\\/senores-de-la-vida-y-de-la-muerte\\\/\"},\"author\":{\"name\":\"Salvador Fabre\",\"@id\":\"https:\\\/\\\/exaudi.org\\\/#\\\/schema\\\/person\\\/29b1dbd9f3952eecacfc704ca1a473a8\"},\"headline\":\"Se\u00f1ores de la vida y de la muerte\",\"datePublished\":\"2023-11-15T07:30:10+00:00\",\"dateModified\":\"2023-11-15T09:32:41+00:00\",\"mainEntityOfPage\":{\"@id\":\"https:\\\/\\\/exaudi.org\\\/es\\\/senores-de-la-vida-y-de-la-muerte\\\/\"},\"wordCount\":837,\"image\":{\"@id\":\"https:\\\/\\\/exaudi.org\\\/es\\\/senores-de-la-vida-y-de-la-muerte\\\/#primaryimage\"},\"thumbnailUrl\":\"https:\\\/\\\/exaudi.org\\\/wp-content\\\/uploads\\\/2023\\\/11\\\/pexels-nothing-ahead-7264369-scaled.jpg\",\"keywords\":[\"Eutanasia\",\"Indy\",\"Ordenamiento jur\u00eddico\",\"Trending\"],\"articleSection\":[\"Voces\"],\"inLanguage\":\"es\"},{\"@type\":\"WebPage\",\"@id\":\"https:\\\/\\\/exaudi.org\\\/es\\\/senores-de-la-vida-y-de-la-muerte\\\/\",\"url\":\"https:\\\/\\\/exaudi.org\\\/es\\\/senores-de-la-vida-y-de-la-muerte\\\/\",\"name\":\"Se\u00f1ores de la vida y de la muerte &#8211; Exaudi\",\"isPartOf\":{\"@id\":\"https:\\\/\\\/exaudi.org\\\/#website\"},\"primaryImageOfPage\":{\"@id\":\"https:\\\/\\\/exaudi.org\\\/es\\\/senores-de-la-vida-y-de-la-muerte\\\/#primaryimage\"},\"image\":{\"@id\":\"https:\\\/\\\/exaudi.org\\\/es\\\/senores-de-la-vida-y-de-la-muerte\\\/#primaryimage\"},\"thumbnailUrl\":\"https:\\\/\\\/exaudi.org\\\/wp-content\\\/uploads\\\/2023\\\/11\\\/pexels-nothing-ahead-7264369-scaled.jpg\",\"datePublished\":\"2023-11-15T07:30:10+00:00\",\"dateModified\":\"2023-11-15T09:32:41+00:00\",\"author\":{\"@id\":\"https:\\\/\\\/exaudi.org\\\/#\\\/schema\\\/person\\\/29b1dbd9f3952eecacfc704ca1a473a8\"},\"breadcrumb\":{\"@id\":\"https:\\\/\\\/exaudi.org\\\/es\\\/senores-de-la-vida-y-de-la-muerte\\\/#breadcrumb\"},\"inLanguage\":\"es\",\"potentialAction\":[{\"@type\":\"ReadAction\",\"target\":[\"https:\\\/\\\/exaudi.org\\\/es\\\/senores-de-la-vida-y-de-la-muerte\\\/\"]}]},{\"@type\":\"ImageObject\",\"inLanguage\":\"es\",\"@id\":\"https:\\\/\\\/exaudi.org\\\/es\\\/senores-de-la-vida-y-de-la-muerte\\\/#primaryimage\",\"url\":\"https:\\\/\\\/exaudi.org\\\/wp-content\\\/uploads\\\/2023\\\/11\\\/pexels-nothing-ahead-7264369-scaled.jpg\",\"contentUrl\":\"https:\\\/\\\/exaudi.org\\\/wp-content\\\/uploads\\\/2023\\\/11\\\/pexels-nothing-ahead-7264369-scaled.jpg\",\"width\":2560,\"height\":1707},{\"@type\":\"BreadcrumbList\",\"@id\":\"https:\\\/\\\/exaudi.org\\\/es\\\/senores-de-la-vida-y-de-la-muerte\\\/#breadcrumb\",\"itemListElement\":[{\"@type\":\"ListItem\",\"position\":1,\"name\":\"Portada\",\"item\":\"https:\\\/\\\/exaudi.org\\\/es\\\/\"},{\"@type\":\"ListItem\",\"position\":2,\"name\":\"Se\u00f1ores de la vida y de la muerte\"}]},{\"@type\":\"WebSite\",\"@id\":\"https:\\\/\\\/exaudi.org\\\/#website\",\"url\":\"https:\\\/\\\/exaudi.org\\\/\",\"name\":\"Exaudi\",\"description\":\"News\",\"potentialAction\":[{\"@type\":\"SearchAction\",\"target\":{\"@type\":\"EntryPoint\",\"urlTemplate\":\"https:\\\/\\\/exaudi.org\\\/?s={search_term_string}\"},\"query-input\":{\"@type\":\"PropertyValueSpecification\",\"valueRequired\":true,\"valueName\":\"search_term_string\"}}],\"inLanguage\":\"es\"},{\"@type\":\"Person\",\"@id\":\"https:\\\/\\\/exaudi.org\\\/#\\\/schema\\\/person\\\/29b1dbd9f3952eecacfc704ca1a473a8\",\"name\":\"Salvador Fabre\",\"image\":{\"@type\":\"ImageObject\",\"inLanguage\":\"es\",\"@id\":\"https:\\\/\\\/secure.gravatar.com\\\/avatar\\\/8d1a5a78ba86b9a8255e1c5b454943b9168b1dc31a275487309b73b631a7ac5d?s=96&d=mm&r=g\",\"url\":\"https:\\\/\\\/secure.gravatar.com\\\/avatar\\\/8d1a5a78ba86b9a8255e1c5b454943b9168b1dc31a275487309b73b631a7ac5d?s=96&d=mm&r=g\",\"contentUrl\":\"https:\\\/\\\/secure.gravatar.com\\\/avatar\\\/8d1a5a78ba86b9a8255e1c5b454943b9168b1dc31a275487309b73b631a7ac5d?s=96&d=mm&r=g\",\"caption\":\"Salvador Fabre\"},\"description\":\"Doctor en filosof\u00eda - Pensar en Cristiano\",\"url\":\"https:\\\/\\\/exaudi.org\\\/es\\\/author\\\/dr-salvador-fabre\\\/\"}]}<\/script>\n<!-- \/ Yoast SEO plugin. -->","yoast_head_json":{"title":"Se\u00f1ores de la vida y de la muerte &#8211; Exaudi","robots":{"index":"index","follow":"follow","max-snippet":"max-snippet:-1","max-image-preview":"max-image-preview:large","max-video-preview":"max-video-preview:-1"},"canonical":"https:\/\/exaudi.org\/es\/senores-de-la-vida-y-de-la-muerte\/","og_locale":"es_ES","og_type":"article","og_title":"Se\u00f1ores de la vida y de la muerte &#8211; Exaudi","og_description":"\u00bfDe qu\u00e9 nos sirve entonces el ordenamiento jur\u00eddico?","og_url":"https:\/\/exaudi.org\/es\/senores-de-la-vida-y-de-la-muerte\/","og_site_name":"Exaudi","article_publisher":"https:\/\/www.facebook.com\/ExaudiNews","article_published_time":"2023-11-15T07:30:10+00:00","article_modified_time":"2023-11-15T09:32:41+00:00","og_image":[{"width":2560,"height":1707,"url":"https:\/\/exaudi.org\/wp-content\/uploads\/2023\/11\/pexels-nothing-ahead-7264369-scaled.jpg","type":"image\/jpeg"}],"author":"Salvador Fabre","twitter_card":"summary_large_image","twitter_creator":"@Exaudi_News","twitter_site":"@Exaudi_News","twitter_misc":{"Escrito por":"Salvador Fabre","Tiempo de lectura":"4 minutos"},"schema":{"@context":"https:\/\/schema.org","@graph":[{"@type":"Article","@id":"https:\/\/exaudi.org\/es\/senores-de-la-vida-y-de-la-muerte\/#article","isPartOf":{"@id":"https:\/\/exaudi.org\/es\/senores-de-la-vida-y-de-la-muerte\/"},"author":{"name":"Salvador Fabre","@id":"https:\/\/exaudi.org\/#\/schema\/person\/29b1dbd9f3952eecacfc704ca1a473a8"},"headline":"Se\u00f1ores de la vida y de la muerte","datePublished":"2023-11-15T07:30:10+00:00","dateModified":"2023-11-15T09:32:41+00:00","mainEntityOfPage":{"@id":"https:\/\/exaudi.org\/es\/senores-de-la-vida-y-de-la-muerte\/"},"wordCount":837,"image":{"@id":"https:\/\/exaudi.org\/es\/senores-de-la-vida-y-de-la-muerte\/#primaryimage"},"thumbnailUrl":"https:\/\/exaudi.org\/wp-content\/uploads\/2023\/11\/pexels-nothing-ahead-7264369-scaled.jpg","keywords":["Eutanasia","Indy","Ordenamiento jur\u00eddico","Trending"],"articleSection":["Voces"],"inLanguage":"es"},{"@type":"WebPage","@id":"https:\/\/exaudi.org\/es\/senores-de-la-vida-y-de-la-muerte\/","url":"https:\/\/exaudi.org\/es\/senores-de-la-vida-y-de-la-muerte\/","name":"Se\u00f1ores de la vida y de la muerte &#8211; Exaudi","isPartOf":{"@id":"https:\/\/exaudi.org\/#website"},"primaryImageOfPage":{"@id":"https:\/\/exaudi.org\/es\/senores-de-la-vida-y-de-la-muerte\/#primaryimage"},"image":{"@id":"https:\/\/exaudi.org\/es\/senores-de-la-vida-y-de-la-muerte\/#primaryimage"},"thumbnailUrl":"https:\/\/exaudi.org\/wp-content\/uploads\/2023\/11\/pexels-nothing-ahead-7264369-scaled.jpg","datePublished":"2023-11-15T07:30:10+00:00","dateModified":"2023-11-15T09:32:41+00:00","author":{"@id":"https:\/\/exaudi.org\/#\/schema\/person\/29b1dbd9f3952eecacfc704ca1a473a8"},"breadcrumb":{"@id":"https:\/\/exaudi.org\/es\/senores-de-la-vida-y-de-la-muerte\/#breadcrumb"},"inLanguage":"es","potentialAction":[{"@type":"ReadAction","target":["https:\/\/exaudi.org\/es\/senores-de-la-vida-y-de-la-muerte\/"]}]},{"@type":"ImageObject","inLanguage":"es","@id":"https:\/\/exaudi.org\/es\/senores-de-la-vida-y-de-la-muerte\/#primaryimage","url":"https:\/\/exaudi.org\/wp-content\/uploads\/2023\/11\/pexels-nothing-ahead-7264369-scaled.jpg","contentUrl":"https:\/\/exaudi.org\/wp-content\/uploads\/2023\/11\/pexels-nothing-ahead-7264369-scaled.jpg","width":2560,"height":1707},{"@type":"BreadcrumbList","@id":"https:\/\/exaudi.org\/es\/senores-de-la-vida-y-de-la-muerte\/#breadcrumb","itemListElement":[{"@type":"ListItem","position":1,"name":"Portada","item":"https:\/\/exaudi.org\/es\/"},{"@type":"ListItem","position":2,"name":"Se\u00f1ores de la vida y de la muerte"}]},{"@type":"WebSite","@id":"https:\/\/exaudi.org\/#website","url":"https:\/\/exaudi.org\/","name":"Exaudi","description":"News","potentialAction":[{"@type":"SearchAction","target":{"@type":"EntryPoint","urlTemplate":"https:\/\/exaudi.org\/?s={search_term_string}"},"query-input":{"@type":"PropertyValueSpecification","valueRequired":true,"valueName":"search_term_string"}}],"inLanguage":"es"},{"@type":"Person","@id":"https:\/\/exaudi.org\/#\/schema\/person\/29b1dbd9f3952eecacfc704ca1a473a8","name":"Salvador Fabre","image":{"@type":"ImageObject","inLanguage":"es","@id":"https:\/\/secure.gravatar.com\/avatar\/8d1a5a78ba86b9a8255e1c5b454943b9168b1dc31a275487309b73b631a7ac5d?s=96&d=mm&r=g","url":"https:\/\/secure.gravatar.com\/avatar\/8d1a5a78ba86b9a8255e1c5b454943b9168b1dc31a275487309b73b631a7ac5d?s=96&d=mm&r=g","contentUrl":"https:\/\/secure.gravatar.com\/avatar\/8d1a5a78ba86b9a8255e1c5b454943b9168b1dc31a275487309b73b631a7ac5d?s=96&d=mm&r=g","caption":"Salvador Fabre"},"description":"Doctor en filosof\u00eda - Pensar en Cristiano","url":"https:\/\/exaudi.org\/es\/author\/dr-salvador-fabre\/"}]}},"jetpack_featured_media_url":"https:\/\/exaudi.org\/wp-content\/uploads\/2023\/11\/pexels-nothing-ahead-7264369-scaled.jpg","jetpack_shortlink":"https:\/\/wp.me\/pgKjF2-mRn","_links":{"self":[{"href":"https:\/\/exaudi.org\/es\/wp-json\/wp\/v2\/posts\/87877","targetHints":{"allow":["GET"]}}],"collection":[{"href":"https:\/\/exaudi.org\/es\/wp-json\/wp\/v2\/posts"}],"about":[{"href":"https:\/\/exaudi.org\/es\/wp-json\/wp\/v2\/types\/post"}],"author":[{"embeddable":true,"href":"https:\/\/exaudi.org\/es\/wp-json\/wp\/v2\/users\/116"}],"replies":[{"embeddable":true,"href":"https:\/\/exaudi.org\/es\/wp-json\/wp\/v2\/comments?post=87877"}],"version-history":[{"count":0,"href":"https:\/\/exaudi.org\/es\/wp-json\/wp\/v2\/posts\/87877\/revisions"}],"wp:featuredmedia":[{"embeddable":true,"href":"https:\/\/exaudi.org\/es\/wp-json\/wp\/v2\/media\/87878"}],"wp:attachment":[{"href":"https:\/\/exaudi.org\/es\/wp-json\/wp\/v2\/media?parent=87877"}],"wp:term":[{"taxonomy":"category","embeddable":true,"href":"https:\/\/exaudi.org\/es\/wp-json\/wp\/v2\/categories?post=87877"},{"taxonomy":"post_tag","embeddable":true,"href":"https:\/\/exaudi.org\/es\/wp-json\/wp\/v2\/tags?post=87877"}],"curies":[{"name":"wp","href":"https:\/\/api.w.org\/{rel}","templated":true}]}}