{"id":87806,"date":"2023-11-20T14:00:07","date_gmt":"2023-11-20T13:00:07","guid":{"rendered":"https:\/\/exaudi.org\/?p=87806"},"modified":"2023-11-30T09:14:14","modified_gmt":"2023-11-30T08:14:14","slug":"adoratrices-perpetuas-del-santisimo-sacramento","status":"publish","type":"post","link":"https:\/\/exaudi.org\/es\/adoratrices-perpetuas-del-santisimo-sacramento\/","title":{"rendered":"Adoratrices Perpetuas del Sant\u00edsimo Sacramento"},"content":{"rendered":"<audio class=\"wp-audio-shortcode\" id=\"audio-87806-1\" preload=\"none\" style=\"width: 100%;\" controls=\"controls\"><source type=\"audio\/mpeg\" src=\"https:\/\/exaudi.org\/wp-content\/uploads\/2023\/11\/Adoratrices.mp3?_=1\" \/><a href=\"https:\/\/exaudi.org\/wp-content\/uploads\/2023\/11\/Adoratrices.mp3\">https:\/\/exaudi.org\/wp-content\/uploads\/2023\/11\/Adoratrices.mp3<\/a><\/audio>\n<p>Las Adoratrices Perpetuas del Sant\u00edsimo Sacramento son un Instituto Religioso contemplativo de Derecho Pontificio, fundado por la\u00a0<strong>Beata Mar\u00eda Magdalena de la Encarnaci\u00f3n<\/strong>\u00a0en 1807 en Roma (Italia).<\/p>\n<h3 class=\"wp-block-heading\"><strong>HISTORIA<\/strong><\/h3>\n<p><strong>Catalina Sordini<\/strong>, Madre Fundadora, naci\u00f3 el 16 de Abril del a\u00f1o 1770 en Puerto San Esteban en la Toscana, provincia de Grosseto (Italia), y fue bautizada al d\u00eda siguiente.<\/p>\n<p>Catalina era la cuarta de nueve hijos de una familia rica y profundamente cristiana.<\/p>\n<p>A los diecis\u00e9is a\u00f1os, su padre la prometi\u00f3 en matrimonio a un joven propietario de un barco. Pero ocurri\u00f3 que este joven, antes de la boda, tuvo que realizar un largo viaje de varios meses. Durante esta ausencia, y a consecuencia de un ingenuo acto de vanidad, Catalina tuvo la visi\u00f3n de Jes\u00fas Crucificado y sufriente que la llam\u00f3 a convertirse y abrazar la vida religiosa.<\/p>\n<p><strong>El a\u00f1o 1788 ingres\u00f3 en el monasterio de las Terciarias Franciscanas de Ischia di Castro.<\/strong>\u00a0El 26 de octubre de 1788 recibi\u00f3 el h\u00e1bito religioso y\u00a0<strong>tom\u00f3 el nombre de sor Mar\u00eda Magdalena de la Encarnaci\u00f3n.<\/strong><\/p>\n<p>Durante el a\u00f1o de Noviciado, el jueves 19 de febrero de 1789, recibi\u00f3 de Dios la inspiraci\u00f3n de dar vida, a su debido tiempo, a una Orden mon\u00e1stica dedicada a la Adoraci\u00f3n Perpetua del Sant\u00edsimo Sacramento.<\/p>\n<p>En esa \u00e9poca encontr\u00f3 como director espiritual y gu\u00eda al sacerdote Don Juan Antonio Baldeschi, que le apoy\u00f3 en todo y luego fue un valioso colaborador de la nueva Fundaci\u00f3n.<\/p>\n<p>En 1802, a los treinta y dos a\u00f1os, la Madre Mar\u00eda Magdalena fue elegida abadesa del monasterio de Ischia di Castro.<\/p>\n<p>La Madre, debido a su uni\u00f3n con Dios y a su sabidur\u00eda espiritual, era considerada una \u201cmonja santa\u201d y eran muchos los que se acercaban al monasterio para pedirle consejos y oraciones, dejando cuantiosas limosnas para obras de caridad.<\/p>\n<p>En 1807, contando con la ayuda financiera del Marqu\u00e9s Negrete, y con el permiso del Papa P\u00edo VII, la Madre Mar\u00eda Magdalena march\u00f3 a Roma con dos Hermanas Franciscanas y un peque\u00f1o grupo de j\u00f3venes, para emprender la nueva Fundaci\u00f3n. Tambi\u00e9n les acompa\u00f1\u00f3 el Padre Baldeschi.<\/p>\n<p>Pero el 2 de febrero de 1808 los franceses ocuparon Roma, y el 10 de junio de 1809 la ciudad fue declarada \u201clegalmente\u201d ciudad francesa. El 6 de julio de ese mismo a\u00f1o, el Papa P\u00edo VII fue deportado y los religiosos que no eran de origen romano fueron exiliados.<\/p>\n<p>El 7 de mayo de 1811 la polic\u00eda se present\u00f3 en el monasterio de San Joaqu\u00edn y Santa Ana. El Padre Baldeschi fue arrestado y la Madre Mar\u00eda Magdalena fue exiliada, primero a Porto Santo Stefano y m\u00e1s tarde a Florencia.<\/p>\n<p>Pero Mar\u00eda Magdalena persever\u00f3 en la oraci\u00f3n pidiendo a Dios poder regresar a Roma. Por fin, en febrero de 1814 se promulg\u00f3 un decreto que permit\u00eda a los religiosos volver a Roma. La Madre se puso en camino y el 19 de marzo volvi\u00f3 de nuevo a la Ciudad Eterna acompa\u00f1ada de diez j\u00f3venes florentinas con las cuales dar\u00eda inicio a la Fundaci\u00f3n. El 13 de julio de 1814, en el monasterio de San Joaqu\u00edn y Santa Ana y contando con el apoyo del Santo Padre se restableci\u00f3 la exposici\u00f3n del Sant\u00edsimo Sacramento.<\/p>\n<p>Finalmente el\u00a0<strong>10 de mayo de 1818 la Santa Sede aprob\u00f3 la nueva Orden de la Adoraci\u00f3n Perpetua, las Reglas y las Constituciones.<\/strong><\/p>\n<p>Por fin, el proyecto divino que la Madre Mar\u00eda Magdalena llevaba adelante encontraba su feliz realizaci\u00f3n, despu\u00e9s de innumerables pruebas y sacrificios.<\/p>\n<p>La Fundaci\u00f3n ya estaba consolida, pero la salud de la Madre era precaria y el 29 de noviembre de 1824 \u201cal caer las hojas\u201d, como ella predijo, entreg\u00f3 su alma a Dios para proseguir en el cielo la adoraci\u00f3n que hab\u00eda comenzado aqu\u00ed en la tierra.<\/p>\n<h3 class=\"wp-block-heading\"><strong>CARISMA<\/strong><\/h3>\n<p>El Instituto tiene por carisma\u00a0<strong>reparar<\/strong>\u00a0las ofensas, ingratitudes y sacrilegios que recibe\u00a0<strong>Jes\u00fas en el Sant\u00edsimo Sacramento<\/strong>, as\u00ed como\u00a0<strong>interceder<\/strong>, con la ininterrumpida adoraci\u00f3n y alabanza, por la Iglesia y toda la humanidad.<\/p>\n<p>La vida mon\u00e1stica de las Adoratrices integra ocho elementos:\u00a0<strong>silencio, soledad, oraci\u00f3n, penitencia, liturgia, lectio divina, ascesis y trabajo<\/strong>.<\/p>\n<p>Su primer y fundamental apostolado, su modo t\u00edpico y caracter\u00edstico de ser Iglesia, de vivir en la Iglesia, de realizar la comuni\u00f3n con la Iglesia y de cumplir una misi\u00f3n en la Iglesia, es orar por las necesidades de la Iglesia Universal y del mundo, especialmente por la santidad de los sacerdotes.<\/p>\n<p>Est\u00e1n presentes en Italia, Espa\u00f1a (3 monasterios: Barcelona, Berga, Vic), Austria, Kenia, Chile, M\u00e9xico y Estados Unidos. Son cerca de mil monjas, repartidas en 70 monasterios.<\/p>\n<p><iframe loading=\"lazy\" title=\"Ora et labora: Monasterios y conventos necesitan ayuda.\" width=\"500\" height=\"281\" src=\"https:\/\/www.youtube.com\/embed\/tYW5OIqHFD0?feature=oembed\" frameborder=\"0\" allow=\"accelerometer; autoplay; clipboard-write; encrypted-media; gyroscope; picture-in-picture; web-share\" referrerpolicy=\"strict-origin-when-cross-origin\" allowfullscreen><\/iframe><\/p>\n<div class=\"gb-container gb-container-37fb706f animacion fade-in-up\">\n<div class=\"gb-inside-container\">\n<div class=\"gb-grid-wrapper gb-grid-wrapper-0688fa9d\">\n<div class=\"gb-grid-column gb-grid-column-ac6abccb\">\n<div class=\"gb-container gb-container-ac6abccb\">\n<div class=\"gb-inside-container\">\n<p><a href=\"https:\/\/exaudi.org\/es\/tag\/familias-de-ordenes-monasticas\/\" target=\"_blank\" rel=\"noopener\">Para saber m\u00e1s sobre las familias de \u00f3rdenes mon\u00e1sticas.<\/a><\/p>\n<p><iframe loading=\"lazy\" src=\"https:\/\/declausura.org\/ayuda\/donativos\/embed\/#?secret=GVfS0qzzr7#?secret=RIDGtrrmpp\" width=\"600\" height=\"535\" frameborder=\"0\" scrolling=\"no\"><\/iframe><\/p>\n<\/div>\n<\/div>\n<\/div>\n<\/div>\n<\/div>\n<\/div>\n","protected":false},"excerpt":{"rendered":"<p>Familias de \u00f3rdenes mon\u00e1sticas dedicadas a la vida contemplativa<\/p>\n","protected":false},"author":15,"featured_media":87807,"comment_status":"closed","ping_status":"closed","sticky":false,"template":"","format":"standard","meta":{"_acf_changed":false,"_crdt_document":"","inline_featured_image":false,"footnotes":""},"categories":[74],"tags":[10847,10848,10846,516,10849,1533,4953,11227],"class_list":["post-87806","post","type-post","status-publish","format-standard","has-post-thumbnail","hentry","category-iglesia-y-mundo","tag-adoratrices-perpetuas-del-santisimo-sacramento","tag-beata-maria-magdalena-de-la-encarnacion","tag-familias-de-ordenes-monasticas","tag-italia","tag-jesus-en-el-santisimo-sacramento","tag-roma-es","tag-trending-es","tag-vida-contemplativa"],"acf":[],"yoast_head":"<!-- This site is optimized with the Yoast SEO plugin v27.5 - https:\/\/yoast.com\/product\/yoast-seo-wordpress\/ -->\n<title>Adoratrices Perpetuas del Sant\u00edsimo Sacramento &#8211; Exaudi<\/title>\n<meta name=\"robots\" content=\"index, follow, max-snippet:-1, max-image-preview:large, max-video-preview:-1\" \/>\n<link rel=\"canonical\" href=\"https:\/\/exaudi.org\/es\/adoratrices-perpetuas-del-santisimo-sacramento\/\" \/>\n<meta property=\"og:locale\" content=\"es_ES\" \/>\n<meta property=\"og:type\" content=\"article\" \/>\n<meta property=\"og:title\" content=\"Adoratrices Perpetuas del Sant\u00edsimo Sacramento &#8211; Exaudi\" \/>\n<meta property=\"og:description\" content=\"Familias de \u00f3rdenes mon\u00e1sticas dedicadas a la vida contemplativa\" \/>\n<meta property=\"og:url\" content=\"https:\/\/exaudi.org\/es\/adoratrices-perpetuas-del-santisimo-sacramento\/\" \/>\n<meta property=\"og:site_name\" content=\"Exaudi\" \/>\n<meta property=\"article:publisher\" content=\"https:\/\/www.facebook.com\/ExaudiNews\" \/>\n<meta property=\"article:author\" content=\"https:\/\/www.facebook.com\/ExaudiNoticias\/\" \/>\n<meta property=\"article:published_time\" content=\"2023-11-20T13:00:07+00:00\" \/>\n<meta property=\"article:modified_time\" content=\"2023-11-30T08:14:14+00:00\" \/>\n<meta property=\"og:image\" content=\"https:\/\/exaudi.org\/wp-content\/uploads\/2023\/11\/02notidar022021.jpg\" \/>\n\t<meta property=\"og:image:width\" content=\"800\" \/>\n\t<meta property=\"og:image:height\" content=\"500\" \/>\n\t<meta property=\"og:image:type\" content=\"image\/jpeg\" \/>\n<meta name=\"author\" content=\"Exaudi Redacci\u00f3n\" \/>\n<meta name=\"twitter:card\" content=\"summary_large_image\" \/>\n<meta name=\"twitter:creator\" content=\"@Exaudi_noticias\" \/>\n<meta name=\"twitter:site\" content=\"@Exaudi_News\" \/>\n<meta name=\"twitter:label1\" content=\"Escrito por\" \/>\n\t<meta name=\"twitter:data1\" content=\"Exaudi Redacci\u00f3n\" \/>\n\t<meta name=\"twitter:label2\" content=\"Tiempo de lectura\" \/>\n\t<meta name=\"twitter:data2\" content=\"4 minutos\" \/>\n<script type=\"application\/ld+json\" class=\"yoast-schema-graph\">{\"@context\":\"https:\\\/\\\/schema.org\",\"@graph\":[{\"@type\":\"Article\",\"@id\":\"https:\\\/\\\/exaudi.org\\\/es\\\/adoratrices-perpetuas-del-santisimo-sacramento\\\/#article\",\"isPartOf\":{\"@id\":\"https:\\\/\\\/exaudi.org\\\/es\\\/adoratrices-perpetuas-del-santisimo-sacramento\\\/\"},\"author\":{\"name\":\"Exaudi Redacci\u00f3n\",\"@id\":\"https:\\\/\\\/exaudi.org\\\/#\\\/schema\\\/person\\\/f5fc8f063065e38742da7afe15f25df7\"},\"headline\":\"Adoratrices Perpetuas del Sant\u00edsimo Sacramento\",\"datePublished\":\"2023-11-20T13:00:07+00:00\",\"dateModified\":\"2023-11-30T08:14:14+00:00\",\"mainEntityOfPage\":{\"@id\":\"https:\\\/\\\/exaudi.org\\\/es\\\/adoratrices-perpetuas-del-santisimo-sacramento\\\/\"},\"wordCount\":827,\"image\":{\"@id\":\"https:\\\/\\\/exaudi.org\\\/es\\\/adoratrices-perpetuas-del-santisimo-sacramento\\\/#primaryimage\"},\"thumbnailUrl\":\"https:\\\/\\\/exaudi.org\\\/wp-content\\\/uploads\\\/2023\\\/11\\\/02notidar022021.jpg\",\"keywords\":[\"Adoratrices Perpetuas del Sant\u00edsimo Sacramento\",\"Beata Mar\u00eda Magdalena de la Encarnaci\u00f3n\",\"Familias de \u00f3rdenes mon\u00e1sticas\",\"Italia\",\"Jes\u00fas en el Sant\u00edsimo Sacramento\",\"Roma\",\"Trending\",\"vida contemplativa\"],\"articleSection\":[\"Iglesia y Mundo\"],\"inLanguage\":\"es\"},{\"@type\":\"WebPage\",\"@id\":\"https:\\\/\\\/exaudi.org\\\/es\\\/adoratrices-perpetuas-del-santisimo-sacramento\\\/\",\"url\":\"https:\\\/\\\/exaudi.org\\\/es\\\/adoratrices-perpetuas-del-santisimo-sacramento\\\/\",\"name\":\"Adoratrices Perpetuas del Sant\u00edsimo Sacramento &#8211; Exaudi\",\"isPartOf\":{\"@id\":\"https:\\\/\\\/exaudi.org\\\/#website\"},\"primaryImageOfPage\":{\"@id\":\"https:\\\/\\\/exaudi.org\\\/es\\\/adoratrices-perpetuas-del-santisimo-sacramento\\\/#primaryimage\"},\"image\":{\"@id\":\"https:\\\/\\\/exaudi.org\\\/es\\\/adoratrices-perpetuas-del-santisimo-sacramento\\\/#primaryimage\"},\"thumbnailUrl\":\"https:\\\/\\\/exaudi.org\\\/wp-content\\\/uploads\\\/2023\\\/11\\\/02notidar022021.jpg\",\"datePublished\":\"2023-11-20T13:00:07+00:00\",\"dateModified\":\"2023-11-30T08:14:14+00:00\",\"author\":{\"@id\":\"https:\\\/\\\/exaudi.org\\\/#\\\/schema\\\/person\\\/f5fc8f063065e38742da7afe15f25df7\"},\"breadcrumb\":{\"@id\":\"https:\\\/\\\/exaudi.org\\\/es\\\/adoratrices-perpetuas-del-santisimo-sacramento\\\/#breadcrumb\"},\"inLanguage\":\"es\",\"potentialAction\":[{\"@type\":\"ReadAction\",\"target\":[\"https:\\\/\\\/exaudi.org\\\/es\\\/adoratrices-perpetuas-del-santisimo-sacramento\\\/\"]}]},{\"@type\":\"ImageObject\",\"inLanguage\":\"es\",\"@id\":\"https:\\\/\\\/exaudi.org\\\/es\\\/adoratrices-perpetuas-del-santisimo-sacramento\\\/#primaryimage\",\"url\":\"https:\\\/\\\/exaudi.org\\\/wp-content\\\/uploads\\\/2023\\\/11\\\/02notidar022021.jpg\",\"contentUrl\":\"https:\\\/\\\/exaudi.org\\\/wp-content\\\/uploads\\\/2023\\\/11\\\/02notidar022021.jpg\",\"width\":800,\"height\":500},{\"@type\":\"BreadcrumbList\",\"@id\":\"https:\\\/\\\/exaudi.org\\\/es\\\/adoratrices-perpetuas-del-santisimo-sacramento\\\/#breadcrumb\",\"itemListElement\":[{\"@type\":\"ListItem\",\"position\":1,\"name\":\"Portada\",\"item\":\"https:\\\/\\\/exaudi.org\\\/es\\\/\"},{\"@type\":\"ListItem\",\"position\":2,\"name\":\"Adoratrices Perpetuas del Sant\u00edsimo Sacramento\"}]},{\"@type\":\"WebSite\",\"@id\":\"https:\\\/\\\/exaudi.org\\\/#website\",\"url\":\"https:\\\/\\\/exaudi.org\\\/\",\"name\":\"Exaudi\",\"description\":\"News\",\"potentialAction\":[{\"@type\":\"SearchAction\",\"target\":{\"@type\":\"EntryPoint\",\"urlTemplate\":\"https:\\\/\\\/exaudi.org\\\/?s={search_term_string}\"},\"query-input\":{\"@type\":\"PropertyValueSpecification\",\"valueRequired\":true,\"valueName\":\"search_term_string\"}}],\"inLanguage\":\"es\"},{\"@type\":\"Person\",\"@id\":\"https:\\\/\\\/exaudi.org\\\/#\\\/schema\\\/person\\\/f5fc8f063065e38742da7afe15f25df7\",\"name\":\"Exaudi Redacci\u00f3n\",\"image\":{\"@type\":\"ImageObject\",\"inLanguage\":\"es\",\"@id\":\"https:\\\/\\\/secure.gravatar.com\\\/avatar\\\/fe0f6a059fb68d9b3e11bc5850dd4899b1c7492091a3cb6dd9b01b56ad828be2?s=96&d=mm&r=g\",\"url\":\"https:\\\/\\\/secure.gravatar.com\\\/avatar\\\/fe0f6a059fb68d9b3e11bc5850dd4899b1c7492091a3cb6dd9b01b56ad828be2?s=96&d=mm&r=g\",\"contentUrl\":\"https:\\\/\\\/secure.gravatar.com\\\/avatar\\\/fe0f6a059fb68d9b3e11bc5850dd4899b1c7492091a3cb6dd9b01b56ad828be2?s=96&d=mm&r=g\",\"caption\":\"Exaudi Redacci\u00f3n\"},\"description\":\"\u00bfQu\u00e9 es Exaudi News? Exaudi News es un medio de comunicaci\u00f3n cat\u00f3lico internacional que informa, forma y transforma, diariamente en espa\u00f1ol, ingl\u00e9s e italiano. A trav\u00e9s de noticias, art\u00edculos de an\u00e1lisis y transmisiones en directo de los eventos del Papa, Exaudi busca fortalecer la unidad de los cristianos y contribuir a la evangelizaci\u00f3n del mundo, siempre guiados por la doctrina social de la Iglesia. Trabajamos para acercar la verdad y los valores cristianos a cada rinc\u00f3n del planeta. \u00a1Ay\u00fadanos a transformar el mundo con Exaudi! En Exaudi creemos que la evangelizaci\u00f3n y la informaci\u00f3n de calidad pueden cambiar vidas. Para continuar con nuestra misi\u00f3n y expandir nuestro alcance, necesitamos tu ayuda. Adem\u00e1s, buscamos personas comprometidas que deseen unirse a nuestro equipo. Con tu apoyo, lograremos llegar a m\u00e1s personas, difundir el mensaje de Cristo y reforzar la unidad de los cristianos. \u00bfTe unes a nuestra misi\u00f3n? Para m\u00e1s informaci\u00f3n sobre c\u00f3mo colaborar, visita Exaudi.org\\\/es o cont\u00e1ctanos directamente: info@exaudi.org Exaudi: Informa, forma y transforma.\",\"sameAs\":[\"https:\\\/\\\/www.facebook.com\\\/ExaudiNoticias\\\/\",\"https:\\\/\\\/www.instagram.com\\\/exaudi_noticias\\\/\",\"https:\\\/\\\/x.com\\\/Exaudi_noticias\",\"https:\\\/\\\/www.youtube.com\\\/@exaudicatholicnews\"],\"url\":\"https:\\\/\\\/exaudi.org\\\/es\\\/author\\\/redaccionexaudi\\\/\"}]}<\/script>\n<!-- \/ Yoast SEO plugin. -->","yoast_head_json":{"title":"Adoratrices Perpetuas del Sant\u00edsimo Sacramento &#8211; Exaudi","robots":{"index":"index","follow":"follow","max-snippet":"max-snippet:-1","max-image-preview":"max-image-preview:large","max-video-preview":"max-video-preview:-1"},"canonical":"https:\/\/exaudi.org\/es\/adoratrices-perpetuas-del-santisimo-sacramento\/","og_locale":"es_ES","og_type":"article","og_title":"Adoratrices Perpetuas del Sant\u00edsimo Sacramento &#8211; Exaudi","og_description":"Familias de \u00f3rdenes mon\u00e1sticas dedicadas a la vida contemplativa","og_url":"https:\/\/exaudi.org\/es\/adoratrices-perpetuas-del-santisimo-sacramento\/","og_site_name":"Exaudi","article_publisher":"https:\/\/www.facebook.com\/ExaudiNews","article_author":"https:\/\/www.facebook.com\/ExaudiNoticias\/","article_published_time":"2023-11-20T13:00:07+00:00","article_modified_time":"2023-11-30T08:14:14+00:00","og_image":[{"width":800,"height":500,"url":"https:\/\/exaudi.org\/wp-content\/uploads\/2023\/11\/02notidar022021.jpg","type":"image\/jpeg"}],"author":"Exaudi Redacci\u00f3n","twitter_card":"summary_large_image","twitter_creator":"@Exaudi_noticias","twitter_site":"@Exaudi_News","twitter_misc":{"Escrito por":"Exaudi Redacci\u00f3n","Tiempo de lectura":"4 minutos"},"schema":{"@context":"https:\/\/schema.org","@graph":[{"@type":"Article","@id":"https:\/\/exaudi.org\/es\/adoratrices-perpetuas-del-santisimo-sacramento\/#article","isPartOf":{"@id":"https:\/\/exaudi.org\/es\/adoratrices-perpetuas-del-santisimo-sacramento\/"},"author":{"name":"Exaudi Redacci\u00f3n","@id":"https:\/\/exaudi.org\/#\/schema\/person\/f5fc8f063065e38742da7afe15f25df7"},"headline":"Adoratrices Perpetuas del Sant\u00edsimo Sacramento","datePublished":"2023-11-20T13:00:07+00:00","dateModified":"2023-11-30T08:14:14+00:00","mainEntityOfPage":{"@id":"https:\/\/exaudi.org\/es\/adoratrices-perpetuas-del-santisimo-sacramento\/"},"wordCount":827,"image":{"@id":"https:\/\/exaudi.org\/es\/adoratrices-perpetuas-del-santisimo-sacramento\/#primaryimage"},"thumbnailUrl":"https:\/\/exaudi.org\/wp-content\/uploads\/2023\/11\/02notidar022021.jpg","keywords":["Adoratrices Perpetuas del Sant\u00edsimo Sacramento","Beata Mar\u00eda Magdalena de la Encarnaci\u00f3n","Familias de \u00f3rdenes mon\u00e1sticas","Italia","Jes\u00fas en el Sant\u00edsimo Sacramento","Roma","Trending","vida contemplativa"],"articleSection":["Iglesia y Mundo"],"inLanguage":"es"},{"@type":"WebPage","@id":"https:\/\/exaudi.org\/es\/adoratrices-perpetuas-del-santisimo-sacramento\/","url":"https:\/\/exaudi.org\/es\/adoratrices-perpetuas-del-santisimo-sacramento\/","name":"Adoratrices Perpetuas del Sant\u00edsimo Sacramento &#8211; Exaudi","isPartOf":{"@id":"https:\/\/exaudi.org\/#website"},"primaryImageOfPage":{"@id":"https:\/\/exaudi.org\/es\/adoratrices-perpetuas-del-santisimo-sacramento\/#primaryimage"},"image":{"@id":"https:\/\/exaudi.org\/es\/adoratrices-perpetuas-del-santisimo-sacramento\/#primaryimage"},"thumbnailUrl":"https:\/\/exaudi.org\/wp-content\/uploads\/2023\/11\/02notidar022021.jpg","datePublished":"2023-11-20T13:00:07+00:00","dateModified":"2023-11-30T08:14:14+00:00","author":{"@id":"https:\/\/exaudi.org\/#\/schema\/person\/f5fc8f063065e38742da7afe15f25df7"},"breadcrumb":{"@id":"https:\/\/exaudi.org\/es\/adoratrices-perpetuas-del-santisimo-sacramento\/#breadcrumb"},"inLanguage":"es","potentialAction":[{"@type":"ReadAction","target":["https:\/\/exaudi.org\/es\/adoratrices-perpetuas-del-santisimo-sacramento\/"]}]},{"@type":"ImageObject","inLanguage":"es","@id":"https:\/\/exaudi.org\/es\/adoratrices-perpetuas-del-santisimo-sacramento\/#primaryimage","url":"https:\/\/exaudi.org\/wp-content\/uploads\/2023\/11\/02notidar022021.jpg","contentUrl":"https:\/\/exaudi.org\/wp-content\/uploads\/2023\/11\/02notidar022021.jpg","width":800,"height":500},{"@type":"BreadcrumbList","@id":"https:\/\/exaudi.org\/es\/adoratrices-perpetuas-del-santisimo-sacramento\/#breadcrumb","itemListElement":[{"@type":"ListItem","position":1,"name":"Portada","item":"https:\/\/exaudi.org\/es\/"},{"@type":"ListItem","position":2,"name":"Adoratrices Perpetuas del Sant\u00edsimo Sacramento"}]},{"@type":"WebSite","@id":"https:\/\/exaudi.org\/#website","url":"https:\/\/exaudi.org\/","name":"Exaudi","description":"News","potentialAction":[{"@type":"SearchAction","target":{"@type":"EntryPoint","urlTemplate":"https:\/\/exaudi.org\/?s={search_term_string}"},"query-input":{"@type":"PropertyValueSpecification","valueRequired":true,"valueName":"search_term_string"}}],"inLanguage":"es"},{"@type":"Person","@id":"https:\/\/exaudi.org\/#\/schema\/person\/f5fc8f063065e38742da7afe15f25df7","name":"Exaudi Redacci\u00f3n","image":{"@type":"ImageObject","inLanguage":"es","@id":"https:\/\/secure.gravatar.com\/avatar\/fe0f6a059fb68d9b3e11bc5850dd4899b1c7492091a3cb6dd9b01b56ad828be2?s=96&d=mm&r=g","url":"https:\/\/secure.gravatar.com\/avatar\/fe0f6a059fb68d9b3e11bc5850dd4899b1c7492091a3cb6dd9b01b56ad828be2?s=96&d=mm&r=g","contentUrl":"https:\/\/secure.gravatar.com\/avatar\/fe0f6a059fb68d9b3e11bc5850dd4899b1c7492091a3cb6dd9b01b56ad828be2?s=96&d=mm&r=g","caption":"Exaudi Redacci\u00f3n"},"description":"\u00bfQu\u00e9 es Exaudi News? Exaudi News es un medio de comunicaci\u00f3n cat\u00f3lico internacional que informa, forma y transforma, diariamente en espa\u00f1ol, ingl\u00e9s e italiano. A trav\u00e9s de noticias, art\u00edculos de an\u00e1lisis y transmisiones en directo de los eventos del Papa, Exaudi busca fortalecer la unidad de los cristianos y contribuir a la evangelizaci\u00f3n del mundo, siempre guiados por la doctrina social de la Iglesia. Trabajamos para acercar la verdad y los valores cristianos a cada rinc\u00f3n del planeta. \u00a1Ay\u00fadanos a transformar el mundo con Exaudi! En Exaudi creemos que la evangelizaci\u00f3n y la informaci\u00f3n de calidad pueden cambiar vidas. Para continuar con nuestra misi\u00f3n y expandir nuestro alcance, necesitamos tu ayuda. Adem\u00e1s, buscamos personas comprometidas que deseen unirse a nuestro equipo. Con tu apoyo, lograremos llegar a m\u00e1s personas, difundir el mensaje de Cristo y reforzar la unidad de los cristianos. \u00bfTe unes a nuestra misi\u00f3n? Para m\u00e1s informaci\u00f3n sobre c\u00f3mo colaborar, visita Exaudi.org\/es o cont\u00e1ctanos directamente: info@exaudi.org Exaudi: Informa, forma y transforma.","sameAs":["https:\/\/www.facebook.com\/ExaudiNoticias\/","https:\/\/www.instagram.com\/exaudi_noticias\/","https:\/\/x.com\/Exaudi_noticias","https:\/\/www.youtube.com\/@exaudicatholicnews"],"url":"https:\/\/exaudi.org\/es\/author\/redaccionexaudi\/"}]}},"jetpack_featured_media_url":"https:\/\/exaudi.org\/wp-content\/uploads\/2023\/11\/02notidar022021.jpg","jetpack_shortlink":"https:\/\/wp.me\/pgKjF2-mQe","_links":{"self":[{"href":"https:\/\/exaudi.org\/es\/wp-json\/wp\/v2\/posts\/87806","targetHints":{"allow":["GET"]}}],"collection":[{"href":"https:\/\/exaudi.org\/es\/wp-json\/wp\/v2\/posts"}],"about":[{"href":"https:\/\/exaudi.org\/es\/wp-json\/wp\/v2\/types\/post"}],"author":[{"embeddable":true,"href":"https:\/\/exaudi.org\/es\/wp-json\/wp\/v2\/users\/15"}],"replies":[{"embeddable":true,"href":"https:\/\/exaudi.org\/es\/wp-json\/wp\/v2\/comments?post=87806"}],"version-history":[{"count":0,"href":"https:\/\/exaudi.org\/es\/wp-json\/wp\/v2\/posts\/87806\/revisions"}],"wp:featuredmedia":[{"embeddable":true,"href":"https:\/\/exaudi.org\/es\/wp-json\/wp\/v2\/media\/87807"}],"wp:attachment":[{"href":"https:\/\/exaudi.org\/es\/wp-json\/wp\/v2\/media?parent=87806"}],"wp:term":[{"taxonomy":"category","embeddable":true,"href":"https:\/\/exaudi.org\/es\/wp-json\/wp\/v2\/categories?post=87806"},{"taxonomy":"post_tag","embeddable":true,"href":"https:\/\/exaudi.org\/es\/wp-json\/wp\/v2\/tags?post=87806"}],"curies":[{"name":"wp","href":"https:\/\/api.w.org\/{rel}","templated":true}]}}