{"id":87702,"date":"2023-11-12T15:03:50","date_gmt":"2023-11-12T14:03:50","guid":{"rendered":"https:\/\/exaudi.org\/?p=87702"},"modified":"2023-11-12T20:15:53","modified_gmt":"2023-11-12T19:15:53","slug":"la-diferencia-entre-la-sabiduria-y-la-necedad-esta-en-el-cuidado-de-la-vida-interior","status":"publish","type":"post","link":"https:\/\/exaudi.org\/es\/la-diferencia-entre-la-sabiduria-y-la-necedad-esta-en-el-cuidado-de-la-vida-interior\/","title":{"rendered":"\u00abLa diferencia entre la sabidur\u00eda y la necedad est\u00e1 en el cuidado de la vida interior\u00bb"},"content":{"rendered":"<audio class=\"wp-audio-shortcode\" id=\"audio-87702-1\" preload=\"none\" style=\"width: 100%;\" controls=\"controls\"><source type=\"audio\/mpeg\" src=\"https:\/\/exaudi.org\/wp-content\/uploads\/2023\/11\/Palabras-del-Papa-en-el-Angelus.mp3?_=1\" \/><a href=\"https:\/\/exaudi.org\/wp-content\/uploads\/2023\/11\/Palabras-del-Papa-en-el-Angelus.mp3\">https:\/\/exaudi.org\/wp-content\/uploads\/2023\/11\/Palabras-del-Papa-en-el-Angelus.mp3<\/a><\/audio>\n<p>A las 12 del mediod\u00eda de este domingo, 12 de noviembre de 2023, el Santo Padre Francisco se asom\u00f3 a la ventana del estudio del Palacio Apost\u00f3lico Vaticano para recitar el \u00c1ngelus con los fieles y peregrinos congregados en la Plaza de San Pedro.<\/p>\n<p>Estas fueron las palabras del Papa al introducir la oraci\u00f3n mariana:<\/p>\n<p>***<\/p>\n<p>La diferencia entre la sabidur\u00eda y la necedad centra la alocuci\u00f3n del Papa antes del \u00c1ngelus de este domingo. Ante los fieles y peregrinos presentes en una Plaza de San Pedro sumergida en un gris oto\u00f1al, Francisco habla de la preparaci\u00f3n y el cuidado de la vida interior, que implica abandonar las apariencias, mirarnos a nosotros mismos y detenernos a escuchar el coraz\u00f3n, atender los pensamientos y los sentimientos.<\/p>\n<h3><strong>La diferencia entre la sabidur\u00eda y la necedad<\/strong><\/h3>\n<p><img loading=\"lazy\" decoding=\"async\" class=\"alignleft size-full wp-image-87723\" src=\"https:\/\/exaudi.org\/wp-content\/uploads\/2023\/11\/399788867_728889779275786_905732657355246158_n.jpg\" alt=\"\" width=\"853\" height=\"853\" srcset=\"https:\/\/exaudi.org\/wp-content\/uploads\/2023\/11\/399788867_728889779275786_905732657355246158_n.jpg 853w, https:\/\/exaudi.org\/wp-content\/uploads\/2023\/11\/399788867_728889779275786_905732657355246158_n-300x300.jpg 300w, https:\/\/exaudi.org\/wp-content\/uploads\/2023\/11\/399788867_728889779275786_905732657355246158_n-100x100.jpg?crop=1 100w, https:\/\/exaudi.org\/wp-content\/uploads\/2023\/11\/399788867_728889779275786_905732657355246158_n-770x770.jpg 770w, https:\/\/exaudi.org\/wp-content\/uploads\/2023\/11\/399788867_728889779275786_905732657355246158_n-500x500.jpg 500w, https:\/\/exaudi.org\/wp-content\/uploads\/2023\/11\/399788867_728889779275786_905732657355246158_n-293x293.jpg 293w, https:\/\/exaudi.org\/wp-content\/uploads\/2023\/11\/399788867_728889779275786_905732657355246158_n-390x390.jpg 390w, https:\/\/exaudi.org\/wp-content\/uploads\/2023\/11\/399788867_728889779275786_905732657355246158_n-585x585.jpg 585w\" sizes=\"auto, (max-width: 853px) 100vw, 853px\" \/>Inspirado en el Evangelio de hoy que propone la par\u00e1bola de las diez v\u00edrgenes, llamadas a salir al encuentro del esposo (cf. Mt 25,1-13), el Pont\u00edfice habla del sentido de la vida, que es \u201cuna gran preparaci\u00f3n\u201d para cuando seremos llamados a salir al encuentro con Jes\u00fas. Y justamente en la par\u00e1bola se plasma la diferencia entre la sabidur\u00eda y la necedad, de esas diez v\u00edrgenes, cinco son prudentes y cinco necias.<\/p>\n<p><i>\u201cTodas esas damas de honor est\u00e1n all\u00ed para acoger al esposo, es decir, quieren encontrarse con \u00e9l, como tambi\u00e9n nosotros deseamos una feliz realizaci\u00f3n de la vida: la diferencia entre la sabidur\u00eda y la necedad no est\u00e1, pues, en la buena voluntad. Tampoco radica en la prontitud con la que llegan al encuentro: todas est\u00e1n all\u00ed con sus l\u00e1mparas, a la espera. La diferencia entre las sabias y las necias es otra: la preparaci\u00f3n\u201d.<\/i><\/p>\n<h3><strong>El cuidado de la vida interior<\/strong><\/h3>\n<p>Y esa preparaci\u00f3n en el texto evang\u00e9lico est\u00e1 en la premura con que las sabias \u00abjunto con sus l\u00e1mparas, tomaron tambi\u00e9n aceite\u00bb y las necias, no. Una diferencia que \u2013 afirma el Papa \u2013 est\u00e1 en el aceite, sin el cual las l\u00e1mparas no dan luz.<\/p>\n<p><i>\u201cNos miramos a nosotros mismos y vemos que nuestra vida corre el mismo riesgo: hoy estamos muy atentos a las apariencias, lo que nos importa es cuidar bien nuestra imagen y dar una buena impresi\u00f3n ante los dem\u00e1s. Pero Jes\u00fas dice que la sabidur\u00eda de la vida est\u00e1 en otra dimensi\u00f3n: en cuidar lo que no se ve, pero que es m\u00e1s importante, porque est\u00e1 dentro de nosotros. Es el cuidado de la vida interior\u201d.<\/i><\/p>\n<h3><strong>Dar espacio a Dios<\/strong><\/h3>\n<p>Francisco explica que el cuidado de la vida interior implica detenerse a escuchar al coraz\u00f3n, atender los pensamientos y sentimientos.<\/p>\n<p><i>\u201cSignifica saber dar espacio al silencio, para ser capaces de escuchar. Significa saber renunciar al tiempo pasado delante de la pantalla del tel\u00e9fono para mirar la luz en los ojos de los dem\u00e1s, en el propio coraz\u00f3n, en la mirada de Dios hacia nosotros. Significa, sobre todo para quienes desempe\u00f1an un rol en la Iglesia, no dejarse atrapar por el activismo, sino dedicar tiempo al Se\u00f1or, a la escucha de su Palabra, a la adoraci\u00f3n\u201d.<\/i><\/p>\n<h3><strong>Preparar el aceite del alma<\/strong><\/h3>\n<p>El Santo Padre recuerda que es el mismo Evangelio el que propone la preparaci\u00f3n como la clave para no descuidar el aceite de la vida interior, \u00abel aceite del alma\u00bb. De hecho, Francisco refiere que las v\u00edrgenes, si bien tienen las l\u00e1mparas, las deben preparar, comprar el aceite, colocarlo en las l\u00e1mparas, y los mismo, nos dice, debemos hacer nosotros.<\/p>\n<p><i>\u201cLa vida interior no se improvisa, no es una cuesti\u00f3n de un momento, de vez en cuando, de una vez para siempre; hay que prepararla dedicando un poco de tiempo cada d\u00eda, con constancia, como se hace para cada cosa importante\u201d.<\/i><\/p>\n<p>Como siempre, el Papa concluye el \u00c1ngelus con una invitaci\u00f3n a reflexionar, esta vez, para saber c\u00f3mo est\u00e1 el aceite de nuestras almas, si lo alimentamos y conservamos, o si distra\u00eddos en la cotidianidad de la vida \u201cintentando ahorrar algo\u201d, \u201cpensando en una casa o en un coche nuevo o en proyectos concretos\u201d, no estamos dedicando tiempo \u201cal coraz\u00f3n, a la oraci\u00f3n, al servicio a los dem\u00e1s, al Se\u00f1or que es la meta de la vida\u201d. Y as\u00ed, el Pont\u00edfice encomend\u00f3 a la Virgen a que nos ayude a custodiar el aceite de la vida interior.<\/p>\n<p><iframe loading=\"lazy\" title=\"\u00c1ngelus - 12 noviembre 2023 - Papa Francisco\" width=\"500\" height=\"281\" src=\"https:\/\/www.youtube.com\/embed\/NCfa3dCBTSE?feature=oembed\" frameborder=\"0\" allow=\"accelerometer; autoplay; clipboard-write; encrypted-media; gyroscope; picture-in-picture; web-share\" referrerpolicy=\"strict-origin-when-cross-origin\" allowfullscreen><\/iframe><\/p>\n","protected":false},"excerpt":{"rendered":"<p>Palabras del Papa en el \u00c1ngelus<\/p>\n","protected":false},"author":15,"featured_media":87717,"comment_status":"closed","ping_status":"closed","sticky":false,"template":"","format":"standard","meta":{"_acf_changed":false,"_crdt_document":"","inline_featured_image":false,"footnotes":""},"categories":[70,68],"tags":[191,2419,158],"class_list":["post-87702","post","type-post","status-publish","format-standard","has-post-thumbnail","hentry","category-angelus-es","category-leon-xiv","tag-angelus","tag-featured","tag-papa-francisco"],"acf":[],"yoast_head":"<!-- This site is optimized with the Yoast SEO plugin v27.4 - https:\/\/yoast.com\/product\/yoast-seo-wordpress\/ -->\n<title>&quot;La diferencia entre la sabidur\u00eda y la necedad est\u00e1 en el cuidado de la vida interior&quot; &#8211; Exaudi<\/title>\n<meta name=\"robots\" content=\"index, follow, max-snippet:-1, max-image-preview:large, max-video-preview:-1\" \/>\n<link rel=\"canonical\" href=\"https:\/\/exaudi.org\/es\/la-diferencia-entre-la-sabiduria-y-la-necedad-esta-en-el-cuidado-de-la-vida-interior\/\" \/>\n<meta property=\"og:locale\" content=\"es_ES\" \/>\n<meta property=\"og:type\" content=\"article\" \/>\n<meta property=\"og:title\" content=\"&quot;La diferencia entre la sabidur\u00eda y la necedad est\u00e1 en el cuidado de la vida interior&quot; &#8211; Exaudi\" \/>\n<meta property=\"og:description\" content=\"Palabras del Papa en el \u00c1ngelus\" \/>\n<meta property=\"og:url\" content=\"https:\/\/exaudi.org\/es\/la-diferencia-entre-la-sabiduria-y-la-necedad-esta-en-el-cuidado-de-la-vida-interior\/\" \/>\n<meta property=\"og:site_name\" content=\"Exaudi\" \/>\n<meta property=\"article:publisher\" content=\"https:\/\/www.facebook.com\/ExaudiNews\" \/>\n<meta property=\"article:author\" content=\"https:\/\/www.facebook.com\/ExaudiNoticias\/\" \/>\n<meta property=\"article:published_time\" content=\"2023-11-12T14:03:50+00:00\" \/>\n<meta property=\"article:modified_time\" content=\"2023-11-12T19:15:53+00:00\" \/>\n<meta property=\"og:image\" content=\"https:\/\/exaudi.org\/wp-content\/uploads\/2023\/11\/399697533_728889692609128_2529681188877137614_n.jpg\" \/>\n\t<meta property=\"og:image:width\" content=\"853\" \/>\n\t<meta property=\"og:image:height\" content=\"853\" \/>\n\t<meta property=\"og:image:type\" content=\"image\/jpeg\" \/>\n<meta name=\"author\" content=\"Exaudi Redacci\u00f3n\" \/>\n<meta name=\"twitter:card\" content=\"summary_large_image\" \/>\n<meta name=\"twitter:creator\" content=\"@Exaudi_noticias\" \/>\n<meta name=\"twitter:site\" content=\"@Exaudi_News\" \/>\n<meta name=\"twitter:label1\" content=\"Escrito por\" \/>\n\t<meta name=\"twitter:data1\" content=\"Exaudi Redacci\u00f3n\" \/>\n\t<meta name=\"twitter:label2\" content=\"Tiempo de lectura\" \/>\n\t<meta name=\"twitter:data2\" content=\"4 minutos\" \/>\n<script type=\"application\/ld+json\" class=\"yoast-schema-graph\">{\"@context\":\"https:\\\/\\\/schema.org\",\"@graph\":[{\"@type\":\"Article\",\"@id\":\"https:\\\/\\\/exaudi.org\\\/es\\\/la-diferencia-entre-la-sabiduria-y-la-necedad-esta-en-el-cuidado-de-la-vida-interior\\\/#article\",\"isPartOf\":{\"@id\":\"https:\\\/\\\/exaudi.org\\\/es\\\/la-diferencia-entre-la-sabiduria-y-la-necedad-esta-en-el-cuidado-de-la-vida-interior\\\/\"},\"author\":{\"name\":\"Exaudi Redacci\u00f3n\",\"@id\":\"https:\\\/\\\/exaudi.org\\\/#\\\/schema\\\/person\\\/f5fc8f063065e38742da7afe15f25df7\"},\"headline\":\"\u00abLa diferencia entre la sabidur\u00eda y la necedad est\u00e1 en el cuidado de la vida interior\u00bb\",\"datePublished\":\"2023-11-12T14:03:50+00:00\",\"dateModified\":\"2023-11-12T19:15:53+00:00\",\"mainEntityOfPage\":{\"@id\":\"https:\\\/\\\/exaudi.org\\\/es\\\/la-diferencia-entre-la-sabiduria-y-la-necedad-esta-en-el-cuidado-de-la-vida-interior\\\/\"},\"wordCount\":789,\"image\":{\"@id\":\"https:\\\/\\\/exaudi.org\\\/es\\\/la-diferencia-entre-la-sabiduria-y-la-necedad-esta-en-el-cuidado-de-la-vida-interior\\\/#primaryimage\"},\"thumbnailUrl\":\"https:\\\/\\\/exaudi.org\\\/wp-content\\\/uploads\\\/2023\\\/11\\\/399697533_728889692609128_2529681188877137614_n.jpg\",\"keywords\":[\"\u00e1ngelus\",\"Featured\",\"papa francisco\"],\"articleSection\":[\"\u00c1ngelus\",\"Le\u00f3n XIV\"],\"inLanguage\":\"es\"},{\"@type\":\"WebPage\",\"@id\":\"https:\\\/\\\/exaudi.org\\\/es\\\/la-diferencia-entre-la-sabiduria-y-la-necedad-esta-en-el-cuidado-de-la-vida-interior\\\/\",\"url\":\"https:\\\/\\\/exaudi.org\\\/es\\\/la-diferencia-entre-la-sabiduria-y-la-necedad-esta-en-el-cuidado-de-la-vida-interior\\\/\",\"name\":\"\\\"La diferencia entre la sabidur\u00eda y la necedad est\u00e1 en el cuidado de la vida interior\\\" &#8211; Exaudi\",\"isPartOf\":{\"@id\":\"https:\\\/\\\/exaudi.org\\\/#website\"},\"primaryImageOfPage\":{\"@id\":\"https:\\\/\\\/exaudi.org\\\/es\\\/la-diferencia-entre-la-sabiduria-y-la-necedad-esta-en-el-cuidado-de-la-vida-interior\\\/#primaryimage\"},\"image\":{\"@id\":\"https:\\\/\\\/exaudi.org\\\/es\\\/la-diferencia-entre-la-sabiduria-y-la-necedad-esta-en-el-cuidado-de-la-vida-interior\\\/#primaryimage\"},\"thumbnailUrl\":\"https:\\\/\\\/exaudi.org\\\/wp-content\\\/uploads\\\/2023\\\/11\\\/399697533_728889692609128_2529681188877137614_n.jpg\",\"datePublished\":\"2023-11-12T14:03:50+00:00\",\"dateModified\":\"2023-11-12T19:15:53+00:00\",\"author\":{\"@id\":\"https:\\\/\\\/exaudi.org\\\/#\\\/schema\\\/person\\\/f5fc8f063065e38742da7afe15f25df7\"},\"breadcrumb\":{\"@id\":\"https:\\\/\\\/exaudi.org\\\/es\\\/la-diferencia-entre-la-sabiduria-y-la-necedad-esta-en-el-cuidado-de-la-vida-interior\\\/#breadcrumb\"},\"inLanguage\":\"es\",\"potentialAction\":[{\"@type\":\"ReadAction\",\"target\":[\"https:\\\/\\\/exaudi.org\\\/es\\\/la-diferencia-entre-la-sabiduria-y-la-necedad-esta-en-el-cuidado-de-la-vida-interior\\\/\"]}]},{\"@type\":\"ImageObject\",\"inLanguage\":\"es\",\"@id\":\"https:\\\/\\\/exaudi.org\\\/es\\\/la-diferencia-entre-la-sabiduria-y-la-necedad-esta-en-el-cuidado-de-la-vida-interior\\\/#primaryimage\",\"url\":\"https:\\\/\\\/exaudi.org\\\/wp-content\\\/uploads\\\/2023\\\/11\\\/399697533_728889692609128_2529681188877137614_n.jpg\",\"contentUrl\":\"https:\\\/\\\/exaudi.org\\\/wp-content\\\/uploads\\\/2023\\\/11\\\/399697533_728889692609128_2529681188877137614_n.jpg\",\"width\":853,\"height\":853,\"caption\":\"Vatican Media\"},{\"@type\":\"BreadcrumbList\",\"@id\":\"https:\\\/\\\/exaudi.org\\\/es\\\/la-diferencia-entre-la-sabiduria-y-la-necedad-esta-en-el-cuidado-de-la-vida-interior\\\/#breadcrumb\",\"itemListElement\":[{\"@type\":\"ListItem\",\"position\":1,\"name\":\"Portada\",\"item\":\"https:\\\/\\\/exaudi.org\\\/es\\\/\"},{\"@type\":\"ListItem\",\"position\":2,\"name\":\"\u00abLa diferencia entre la sabidur\u00eda y la necedad est\u00e1 en el cuidado de la vida interior\u00bb\"}]},{\"@type\":\"WebSite\",\"@id\":\"https:\\\/\\\/exaudi.org\\\/#website\",\"url\":\"https:\\\/\\\/exaudi.org\\\/\",\"name\":\"Exaudi\",\"description\":\"News\",\"potentialAction\":[{\"@type\":\"SearchAction\",\"target\":{\"@type\":\"EntryPoint\",\"urlTemplate\":\"https:\\\/\\\/exaudi.org\\\/?s={search_term_string}\"},\"query-input\":{\"@type\":\"PropertyValueSpecification\",\"valueRequired\":true,\"valueName\":\"search_term_string\"}}],\"inLanguage\":\"es\"},{\"@type\":\"Person\",\"@id\":\"https:\\\/\\\/exaudi.org\\\/#\\\/schema\\\/person\\\/f5fc8f063065e38742da7afe15f25df7\",\"name\":\"Exaudi Redacci\u00f3n\",\"image\":{\"@type\":\"ImageObject\",\"inLanguage\":\"es\",\"@id\":\"https:\\\/\\\/secure.gravatar.com\\\/avatar\\\/fe0f6a059fb68d9b3e11bc5850dd4899b1c7492091a3cb6dd9b01b56ad828be2?s=96&d=mm&r=g\",\"url\":\"https:\\\/\\\/secure.gravatar.com\\\/avatar\\\/fe0f6a059fb68d9b3e11bc5850dd4899b1c7492091a3cb6dd9b01b56ad828be2?s=96&d=mm&r=g\",\"contentUrl\":\"https:\\\/\\\/secure.gravatar.com\\\/avatar\\\/fe0f6a059fb68d9b3e11bc5850dd4899b1c7492091a3cb6dd9b01b56ad828be2?s=96&d=mm&r=g\",\"caption\":\"Exaudi Redacci\u00f3n\"},\"description\":\"\u00bfQu\u00e9 es Exaudi News? Exaudi News es un medio de comunicaci\u00f3n cat\u00f3lico internacional que informa, forma y transforma, diariamente en espa\u00f1ol, ingl\u00e9s e italiano. A trav\u00e9s de noticias, art\u00edculos de an\u00e1lisis y transmisiones en directo de los eventos del Papa, Exaudi busca fortalecer la unidad de los cristianos y contribuir a la evangelizaci\u00f3n del mundo, siempre guiados por la doctrina social de la Iglesia. Trabajamos para acercar la verdad y los valores cristianos a cada rinc\u00f3n del planeta. \u00a1Ay\u00fadanos a transformar el mundo con Exaudi! En Exaudi creemos que la evangelizaci\u00f3n y la informaci\u00f3n de calidad pueden cambiar vidas. Para continuar con nuestra misi\u00f3n y expandir nuestro alcance, necesitamos tu ayuda. Adem\u00e1s, buscamos personas comprometidas que deseen unirse a nuestro equipo. Con tu apoyo, lograremos llegar a m\u00e1s personas, difundir el mensaje de Cristo y reforzar la unidad de los cristianos. \u00bfTe unes a nuestra misi\u00f3n? Para m\u00e1s informaci\u00f3n sobre c\u00f3mo colaborar, visita Exaudi.org\\\/es o cont\u00e1ctanos directamente: info@exaudi.org Exaudi: Informa, forma y transforma.\",\"sameAs\":[\"https:\\\/\\\/www.facebook.com\\\/ExaudiNoticias\\\/\",\"https:\\\/\\\/www.instagram.com\\\/exaudi_noticias\\\/\",\"https:\\\/\\\/x.com\\\/Exaudi_noticias\",\"https:\\\/\\\/www.youtube.com\\\/@exaudicatholicnews\"],\"url\":\"https:\\\/\\\/exaudi.org\\\/es\\\/author\\\/redaccionexaudi\\\/\"}]}<\/script>\n<!-- \/ Yoast SEO plugin. -->","yoast_head_json":{"title":"\"La diferencia entre la sabidur\u00eda y la necedad est\u00e1 en el cuidado de la vida interior\" &#8211; Exaudi","robots":{"index":"index","follow":"follow","max-snippet":"max-snippet:-1","max-image-preview":"max-image-preview:large","max-video-preview":"max-video-preview:-1"},"canonical":"https:\/\/exaudi.org\/es\/la-diferencia-entre-la-sabiduria-y-la-necedad-esta-en-el-cuidado-de-la-vida-interior\/","og_locale":"es_ES","og_type":"article","og_title":"\"La diferencia entre la sabidur\u00eda y la necedad est\u00e1 en el cuidado de la vida interior\" &#8211; Exaudi","og_description":"Palabras del Papa en el \u00c1ngelus","og_url":"https:\/\/exaudi.org\/es\/la-diferencia-entre-la-sabiduria-y-la-necedad-esta-en-el-cuidado-de-la-vida-interior\/","og_site_name":"Exaudi","article_publisher":"https:\/\/www.facebook.com\/ExaudiNews","article_author":"https:\/\/www.facebook.com\/ExaudiNoticias\/","article_published_time":"2023-11-12T14:03:50+00:00","article_modified_time":"2023-11-12T19:15:53+00:00","og_image":[{"width":853,"height":853,"url":"https:\/\/exaudi.org\/wp-content\/uploads\/2023\/11\/399697533_728889692609128_2529681188877137614_n.jpg","type":"image\/jpeg"}],"author":"Exaudi Redacci\u00f3n","twitter_card":"summary_large_image","twitter_creator":"@Exaudi_noticias","twitter_site":"@Exaudi_News","twitter_misc":{"Escrito por":"Exaudi Redacci\u00f3n","Tiempo de lectura":"4 minutos"},"schema":{"@context":"https:\/\/schema.org","@graph":[{"@type":"Article","@id":"https:\/\/exaudi.org\/es\/la-diferencia-entre-la-sabiduria-y-la-necedad-esta-en-el-cuidado-de-la-vida-interior\/#article","isPartOf":{"@id":"https:\/\/exaudi.org\/es\/la-diferencia-entre-la-sabiduria-y-la-necedad-esta-en-el-cuidado-de-la-vida-interior\/"},"author":{"name":"Exaudi Redacci\u00f3n","@id":"https:\/\/exaudi.org\/#\/schema\/person\/f5fc8f063065e38742da7afe15f25df7"},"headline":"\u00abLa diferencia entre la sabidur\u00eda y la necedad est\u00e1 en el cuidado de la vida interior\u00bb","datePublished":"2023-11-12T14:03:50+00:00","dateModified":"2023-11-12T19:15:53+00:00","mainEntityOfPage":{"@id":"https:\/\/exaudi.org\/es\/la-diferencia-entre-la-sabiduria-y-la-necedad-esta-en-el-cuidado-de-la-vida-interior\/"},"wordCount":789,"image":{"@id":"https:\/\/exaudi.org\/es\/la-diferencia-entre-la-sabiduria-y-la-necedad-esta-en-el-cuidado-de-la-vida-interior\/#primaryimage"},"thumbnailUrl":"https:\/\/exaudi.org\/wp-content\/uploads\/2023\/11\/399697533_728889692609128_2529681188877137614_n.jpg","keywords":["\u00e1ngelus","Featured","papa francisco"],"articleSection":["\u00c1ngelus","Le\u00f3n XIV"],"inLanguage":"es"},{"@type":"WebPage","@id":"https:\/\/exaudi.org\/es\/la-diferencia-entre-la-sabiduria-y-la-necedad-esta-en-el-cuidado-de-la-vida-interior\/","url":"https:\/\/exaudi.org\/es\/la-diferencia-entre-la-sabiduria-y-la-necedad-esta-en-el-cuidado-de-la-vida-interior\/","name":"\"La diferencia entre la sabidur\u00eda y la necedad est\u00e1 en el cuidado de la vida interior\" &#8211; Exaudi","isPartOf":{"@id":"https:\/\/exaudi.org\/#website"},"primaryImageOfPage":{"@id":"https:\/\/exaudi.org\/es\/la-diferencia-entre-la-sabiduria-y-la-necedad-esta-en-el-cuidado-de-la-vida-interior\/#primaryimage"},"image":{"@id":"https:\/\/exaudi.org\/es\/la-diferencia-entre-la-sabiduria-y-la-necedad-esta-en-el-cuidado-de-la-vida-interior\/#primaryimage"},"thumbnailUrl":"https:\/\/exaudi.org\/wp-content\/uploads\/2023\/11\/399697533_728889692609128_2529681188877137614_n.jpg","datePublished":"2023-11-12T14:03:50+00:00","dateModified":"2023-11-12T19:15:53+00:00","author":{"@id":"https:\/\/exaudi.org\/#\/schema\/person\/f5fc8f063065e38742da7afe15f25df7"},"breadcrumb":{"@id":"https:\/\/exaudi.org\/es\/la-diferencia-entre-la-sabiduria-y-la-necedad-esta-en-el-cuidado-de-la-vida-interior\/#breadcrumb"},"inLanguage":"es","potentialAction":[{"@type":"ReadAction","target":["https:\/\/exaudi.org\/es\/la-diferencia-entre-la-sabiduria-y-la-necedad-esta-en-el-cuidado-de-la-vida-interior\/"]}]},{"@type":"ImageObject","inLanguage":"es","@id":"https:\/\/exaudi.org\/es\/la-diferencia-entre-la-sabiduria-y-la-necedad-esta-en-el-cuidado-de-la-vida-interior\/#primaryimage","url":"https:\/\/exaudi.org\/wp-content\/uploads\/2023\/11\/399697533_728889692609128_2529681188877137614_n.jpg","contentUrl":"https:\/\/exaudi.org\/wp-content\/uploads\/2023\/11\/399697533_728889692609128_2529681188877137614_n.jpg","width":853,"height":853,"caption":"Vatican Media"},{"@type":"BreadcrumbList","@id":"https:\/\/exaudi.org\/es\/la-diferencia-entre-la-sabiduria-y-la-necedad-esta-en-el-cuidado-de-la-vida-interior\/#breadcrumb","itemListElement":[{"@type":"ListItem","position":1,"name":"Portada","item":"https:\/\/exaudi.org\/es\/"},{"@type":"ListItem","position":2,"name":"\u00abLa diferencia entre la sabidur\u00eda y la necedad est\u00e1 en el cuidado de la vida interior\u00bb"}]},{"@type":"WebSite","@id":"https:\/\/exaudi.org\/#website","url":"https:\/\/exaudi.org\/","name":"Exaudi","description":"News","potentialAction":[{"@type":"SearchAction","target":{"@type":"EntryPoint","urlTemplate":"https:\/\/exaudi.org\/?s={search_term_string}"},"query-input":{"@type":"PropertyValueSpecification","valueRequired":true,"valueName":"search_term_string"}}],"inLanguage":"es"},{"@type":"Person","@id":"https:\/\/exaudi.org\/#\/schema\/person\/f5fc8f063065e38742da7afe15f25df7","name":"Exaudi Redacci\u00f3n","image":{"@type":"ImageObject","inLanguage":"es","@id":"https:\/\/secure.gravatar.com\/avatar\/fe0f6a059fb68d9b3e11bc5850dd4899b1c7492091a3cb6dd9b01b56ad828be2?s=96&d=mm&r=g","url":"https:\/\/secure.gravatar.com\/avatar\/fe0f6a059fb68d9b3e11bc5850dd4899b1c7492091a3cb6dd9b01b56ad828be2?s=96&d=mm&r=g","contentUrl":"https:\/\/secure.gravatar.com\/avatar\/fe0f6a059fb68d9b3e11bc5850dd4899b1c7492091a3cb6dd9b01b56ad828be2?s=96&d=mm&r=g","caption":"Exaudi Redacci\u00f3n"},"description":"\u00bfQu\u00e9 es Exaudi News? Exaudi News es un medio de comunicaci\u00f3n cat\u00f3lico internacional que informa, forma y transforma, diariamente en espa\u00f1ol, ingl\u00e9s e italiano. A trav\u00e9s de noticias, art\u00edculos de an\u00e1lisis y transmisiones en directo de los eventos del Papa, Exaudi busca fortalecer la unidad de los cristianos y contribuir a la evangelizaci\u00f3n del mundo, siempre guiados por la doctrina social de la Iglesia. Trabajamos para acercar la verdad y los valores cristianos a cada rinc\u00f3n del planeta. \u00a1Ay\u00fadanos a transformar el mundo con Exaudi! En Exaudi creemos que la evangelizaci\u00f3n y la informaci\u00f3n de calidad pueden cambiar vidas. Para continuar con nuestra misi\u00f3n y expandir nuestro alcance, necesitamos tu ayuda. Adem\u00e1s, buscamos personas comprometidas que deseen unirse a nuestro equipo. Con tu apoyo, lograremos llegar a m\u00e1s personas, difundir el mensaje de Cristo y reforzar la unidad de los cristianos. \u00bfTe unes a nuestra misi\u00f3n? Para m\u00e1s informaci\u00f3n sobre c\u00f3mo colaborar, visita Exaudi.org\/es o cont\u00e1ctanos directamente: info@exaudi.org Exaudi: Informa, forma y transforma.","sameAs":["https:\/\/www.facebook.com\/ExaudiNoticias\/","https:\/\/www.instagram.com\/exaudi_noticias\/","https:\/\/x.com\/Exaudi_noticias","https:\/\/www.youtube.com\/@exaudicatholicnews"],"url":"https:\/\/exaudi.org\/es\/author\/redaccionexaudi\/"}]}},"jetpack_featured_media_url":"https:\/\/exaudi.org\/wp-content\/uploads\/2023\/11\/399697533_728889692609128_2529681188877137614_n.jpg","jetpack_shortlink":"https:\/\/wp.me\/pgKjF2-mOy","_links":{"self":[{"href":"https:\/\/exaudi.org\/es\/wp-json\/wp\/v2\/posts\/87702","targetHints":{"allow":["GET"]}}],"collection":[{"href":"https:\/\/exaudi.org\/es\/wp-json\/wp\/v2\/posts"}],"about":[{"href":"https:\/\/exaudi.org\/es\/wp-json\/wp\/v2\/types\/post"}],"author":[{"embeddable":true,"href":"https:\/\/exaudi.org\/es\/wp-json\/wp\/v2\/users\/15"}],"replies":[{"embeddable":true,"href":"https:\/\/exaudi.org\/es\/wp-json\/wp\/v2\/comments?post=87702"}],"version-history":[{"count":0,"href":"https:\/\/exaudi.org\/es\/wp-json\/wp\/v2\/posts\/87702\/revisions"}],"wp:featuredmedia":[{"embeddable":true,"href":"https:\/\/exaudi.org\/es\/wp-json\/wp\/v2\/media\/87717"}],"wp:attachment":[{"href":"https:\/\/exaudi.org\/es\/wp-json\/wp\/v2\/media?parent=87702"}],"wp:term":[{"taxonomy":"category","embeddable":true,"href":"https:\/\/exaudi.org\/es\/wp-json\/wp\/v2\/categories?post=87702"},{"taxonomy":"post_tag","embeddable":true,"href":"https:\/\/exaudi.org\/es\/wp-json\/wp\/v2\/tags?post=87702"}],"curies":[{"name":"wp","href":"https:\/\/api.w.org\/{rel}","templated":true}]}}