{"id":87693,"date":"2023-11-12T10:00:26","date_gmt":"2023-11-12T09:00:26","guid":{"rendered":"https:\/\/exaudi.org\/?p=87693"},"modified":"2023-11-11T19:15:04","modified_gmt":"2023-11-11T18:15:04","slug":"el-santuario-casa-de-oracion","status":"publish","type":"post","link":"https:\/\/exaudi.org\/es\/el-santuario-casa-de-oracion\/","title":{"rendered":"\u201cEl Santuario: casa de oraci\u00f3n\u201d"},"content":{"rendered":"<p>Este s\u00e1bado 11de noviembre de 2023, en el Aula Pablo VI, el Santo Padre Francisco ha recibido en Audiencia a los participantes en el II Encuentro Internacional de Rectores y Operarios de Santuarios, organizado por la Secci\u00f3n para las Cuestiones Fundamentales de la Evangelizaci\u00f3n en el Mundo del Dicasterio para la Evangelizaci\u00f3n en Roma, del 9 al 11 de noviembre de 2023, sobre el tema \u00abEl santuario: casa de oraci\u00f3n\u00bb.<\/p>\n<p>En su discurso a los participantes en el II Encuentro Internacional de Rectores y Operarios de Santuarios, el Papa Francisco subray\u00f3 la importancia de los santuarios como lugares de encuentro con Dios, de consuelo y de esperanza.<\/p>\n<p>Publicamos a continuaci\u00f3n el discurso que el Papa dirigi\u00f3 a los presentes durante la Audiencia:<\/p>\n<p>***<\/p>\n<h3><strong>Discurso del Papa<\/strong><\/h3>\n<p>Queridos amigos, \u00a1buenos d\u00edas!<\/p>\n<p>Os doy la bienvenida con ocasi\u00f3n de vuestro segundo Encuentro internacional, porque conoc\u00e9is bien mi preocupaci\u00f3n por la vida de los santuarios. Doy las gracias a S.E. el arzobispo Fisichella por esta iniciativa y por el compromiso del Dicasterio en el cuidado pastoral de los santuarios. Son lugares especiales, donde el pueblo fiel de Dios acude a rezar, a consolarse y a mirar al futuro con mayor confianza.<\/p>\n<p><img loading=\"lazy\" decoding=\"async\" class=\"alignright size-medium wp-image-87671\" src=\"https:\/\/exaudi.org\/wp-content\/uploads\/2023\/11\/cq5dam.web_.800.800-2-1-300x200.jpeg\" alt=\"\" width=\"300\" height=\"200\" srcset=\"https:\/\/exaudi.org\/wp-content\/uploads\/2023\/11\/cq5dam.web_.800.800-2-1-300x200.jpeg 300w, https:\/\/exaudi.org\/wp-content\/uploads\/2023\/11\/cq5dam.web_.800.800-2-1-770x513.jpeg 770w, https:\/\/exaudi.org\/wp-content\/uploads\/2023\/11\/cq5dam.web_.800.800-2-1-360x240.jpeg?crop=1 360w, https:\/\/exaudi.org\/wp-content\/uploads\/2023\/11\/cq5dam.web_.800.800-2-1-500x333.jpeg 500w, https:\/\/exaudi.org\/wp-content\/uploads\/2023\/11\/cq5dam.web_.800.800-2-1-370x247.jpeg 370w, https:\/\/exaudi.org\/wp-content\/uploads\/2023\/11\/cq5dam.web_.800.800-2-1-293x195.jpeg 293w, https:\/\/exaudi.org\/wp-content\/uploads\/2023\/11\/cq5dam.web_.800.800-2-1-120x80.jpeg 120w, https:\/\/exaudi.org\/wp-content\/uploads\/2023\/11\/cq5dam.web_.800.800-2-1-240x160.jpeg 240w, https:\/\/exaudi.org\/wp-content\/uploads\/2023\/11\/cq5dam.web_.800.800-2-1-390x260.jpeg 390w, https:\/\/exaudi.org\/wp-content\/uploads\/2023\/11\/cq5dam.web_.800.800-2-1.jpeg 800w\" sizes=\"auto, (max-width: 300px) 100vw, 300px\" \/>Al Santuario se viene, sobre todo, a rezar. Por nuestra parte, es necesario que tengamos siempre presente que nuestros Santuarios son verdaderos lugares privilegiados de oraci\u00f3n. S\u00e9 con qu\u00e9 esmero se celebra all\u00ed la Sagrada Eucarist\u00eda y cu\u00e1nto esfuerzo se dedica al Sacramento de la Reconciliaci\u00f3n. Recomiendo que, en la elecci\u00f3n de los sacerdotes para las confesiones, haya un buen discernimiento, para que no suceda que quienes se acercan al confesionario atra\u00eddos por la misericordia del Padre encuentren obst\u00e1culos para experimentar la plena reconciliaci\u00f3n. El Sacramento de la Reconciliaci\u00f3n es para perdonar, siempre para perdonar. No puede suceder, especialmente en los santuarios, que encuentren obst\u00e1culos, porque en ellos la misericordia de Dios exige expresarse de modo sobreabundante, por su propia naturaleza. As\u00ed los perciben justamente los fieles: como lugares especiales en los que encontrar la gracia de Dios. Perdonad siempre como el Padre perdona. Perdonar.<\/p>\n<p>En la historia de cada Santuario, es f\u00e1cil tocar la fe de nuestro pueblo fiel, que se mantiene viva y se alimenta de la oraci\u00f3n, principalmente del Rosario, que ayuda a orar a trav\u00e9s de la meditaci\u00f3n de los misterios de la vida de Jes\u00fas y de la Virgen Mar\u00eda. Entrar espiritualmente en esos misterios, sentirse parte viva de lo que constituye nuestra historia de salvaci\u00f3n, es un dulce compromiso que da sabor evang\u00e9lico a la vida cotidiana.<\/p>\n<p>Es importante prestar especial atenci\u00f3n a la adoraci\u00f3n en los santuarios. Hemos perdido un poco el sentido de la adoraci\u00f3n, debemos recuperarlo. Quiz\u00e1 debamos constatar que el marco y el ambiente de nuestras iglesias no siempre invitan a reunirse y adorar. Fomentar en los peregrinos la experiencia del silencio contemplativo -y no es f\u00e1cil-, del silencio adorante, significa ayudarles a fijar su mirada en lo esencial de la fe. La adoraci\u00f3n no es un alejamiento de la vida, sino el espacio para dar sentido a todo, para recibir el don del amor de Dios y poder testimoniarlo en la caridad fraterna. Podemos hacernos la pregunta: \u00abY yo, \u00bfestoy acostumbrado a la oraci\u00f3n de adoraci\u00f3n?\u00bb. Es importante responder.<\/p>\n<p>Tambi\u00e9n se acude a los santuarios para ser consolado. El misterio del consuelo. \u00a1Cu\u00e1ntas personas van all\u00ed porque llevan en su esp\u00edritu y en su cuerpo una carga, un dolor, una preocupaci\u00f3n! La enfermedad de un ser querido, la p\u00e9rdida de un familiar, tantas situaciones de la vida son a menudo causas de soledad y tristeza, que se depositan en el altar y esperan una respuesta. El consuelo no es una idea abstracta, y no se compone principalmente de palabras, sino de una cercan\u00eda compasiva y tierna que comprende el dolor y el sufrimiento. Este es el estilo de Dios: cercano, compasivo y tierno. Este es el estilo del Se\u00f1or. Consolar es hacer tangible la misericordia de Dios; por eso el servicio de consolaci\u00f3n no puede faltar en nuestros Santuarios. Quienes cuidan el Santuario deben hacer suyas las palabras del Ap\u00f3stol: \u00ab\u00c9l nos consuela en todas nuestras tribulaciones, para que tambi\u00e9n nosotros podamos consolar a los que est\u00e1n en cualquier clase de aflicci\u00f3n con el consuelo con que nosotros mismos somos consolados por Dios\u00bb (2 Co 1,4). Una, dos, tres, cuatro veces en dos l\u00edneas la palabra consolaci\u00f3n o consolar: este texto de Pablo es denso. Puedo ser un signo eficaz de consolaci\u00f3n en la medida en que he experimentado personalmente ser consolado por el sufrimiento salvador de Jes\u00fas y he encontrado refugio en \u00c9l. No lo olvid\u00e9is. En nuestra historia, cada uno de nosotros tiene momentos duros, malos, en los que el Se\u00f1or nos ha consolado. No lo olvidemos. Recordar nuestra propia experiencia de consuelo nos ayudar\u00e1 a consolar a los dem\u00e1s. Y esta experiencia pasa por la maternidad de Mar\u00eda, la \u00abConsolata\u00bb por excelencia. \u00a1Que el consuelo y la misericordia abunden en nuestros Santuarios!<\/p>\n<p><img loading=\"lazy\" decoding=\"async\" class=\"size-medium wp-image-87674 alignleft\" src=\"https:\/\/exaudi.org\/wp-content\/uploads\/2023\/11\/cq5dam.web_.800.800-1-1-300x200.jpeg\" alt=\"\" width=\"300\" height=\"200\" srcset=\"https:\/\/exaudi.org\/wp-content\/uploads\/2023\/11\/cq5dam.web_.800.800-1-1-300x200.jpeg 300w, https:\/\/exaudi.org\/wp-content\/uploads\/2023\/11\/cq5dam.web_.800.800-1-1-770x513.jpeg 770w, https:\/\/exaudi.org\/wp-content\/uploads\/2023\/11\/cq5dam.web_.800.800-1-1-360x240.jpeg?crop=1 360w, https:\/\/exaudi.org\/wp-content\/uploads\/2023\/11\/cq5dam.web_.800.800-1-1-500x333.jpeg 500w, https:\/\/exaudi.org\/wp-content\/uploads\/2023\/11\/cq5dam.web_.800.800-1-1-370x247.jpeg 370w, https:\/\/exaudi.org\/wp-content\/uploads\/2023\/11\/cq5dam.web_.800.800-1-1-293x195.jpeg 293w, https:\/\/exaudi.org\/wp-content\/uploads\/2023\/11\/cq5dam.web_.800.800-1-1-120x80.jpeg 120w, https:\/\/exaudi.org\/wp-content\/uploads\/2023\/11\/cq5dam.web_.800.800-1-1-240x160.jpeg 240w, https:\/\/exaudi.org\/wp-content\/uploads\/2023\/11\/cq5dam.web_.800.800-1-1-390x260.jpeg 390w, https:\/\/exaudi.org\/wp-content\/uploads\/2023\/11\/cq5dam.web_.800.800-1-1.jpeg 800w\" sizes=\"auto, (max-width: 300px) 100vw, 300px\" \/>Por \u00faltimo, vamos al Santuario para mirar al futuro con mayor confianza. El peregrino necesita esperanza. La busca en el acto mismo de peregrinar: se pone en camino en busca de un destino seguro al que llegar. Pide esperanza con su oraci\u00f3n, porque sabe que s\u00f3lo una fe sencilla y humilde puede obtener la gracia que necesita. Luego es importante que, al volver a casa, sienta que se le ha concedido y se llene de serenidad porque ha puesto su confianza en Dios. En nuestros santuarios se pone mucho cuidado en acoger -no lo olvid\u00e9is: acoger bien a los peregrinos-, y con raz\u00f3n. Al mismo tiempo, hay que prestar el mismo cuidado pastoral al momento en que los peregrinos abandonan el santuario para volver a su vida ordinaria: que reciban palabras y signos de esperanza, para que la peregrinaci\u00f3n que han realizado alcance su pleno sentido.<\/p>\n<p>He querido que el pr\u00f3ximo a\u00f1o, en preparaci\u00f3n del Jubileo de 2025, est\u00e9 enteramente dedicado a la oraci\u00f3n. Pronto se publicar\u00e1n subsidios que pueden ayudar a redescubrir la centralidad de la oraci\u00f3n. Os los recomiendo: ser\u00e1n una buena lectura, que estimular\u00e1 a orar con sencillez y seg\u00fan el coraz\u00f3n de Cristo. Renovemos cada d\u00eda la alegr\u00eda y el compromiso de ser hombres y mujeres de oraci\u00f3n. Orar con el coraz\u00f3n, no como papagayos. No. Desde el coraz\u00f3n. Que las palabras pronunciadas salgan del coraz\u00f3n. Vosotros, en los santuarios, lo har\u00e9is a trav\u00e9s de la espiritualidad t\u00edpica que los caracteriza.<\/p>\n<p>Que desde todos los santuarios salga un canto de acci\u00f3n de gracias al Se\u00f1or por las maravillas que obra tambi\u00e9n en nuestro tiempo. E imploremos la intercesi\u00f3n de la Madre de Dios para que, en estos tiempos agitados, tantos hermanos nuestros que sufren encuentren paz y esperanza.<\/p>\n<p>Os acompa\u00f1o con mi Bendici\u00f3n. Y os pido, por favor, que en vuestros Santuarios os acord\u00e9is de rezar tambi\u00e9n por m\u00ed. Gracias.<\/p>\n","protected":false},"excerpt":{"rendered":"<p>El Papa en el II Encuentro Internacional de Rectores y Operarios de santuarios<\/p>\n","protected":false},"author":15,"featured_media":87668,"comment_status":"closed","ping_status":"closed","sticky":false,"template":"","format":"standard","meta":{"_acf_changed":false,"_crdt_document":"","inline_featured_image":false,"footnotes":""},"categories":[124,68],"tags":[1595,158,10811,4953],"class_list":["post-87693","post","type-post","status-publish","format-standard","has-post-thumbnail","hentry","category-discursos","category-leon-xiv","tag-encuentro","tag-papa-francisco","tag-rectores-operarios-santuarios","tag-trending-es"],"acf":[],"yoast_head":"<!-- This site is optimized with the Yoast SEO plugin v27.5 - https:\/\/yoast.com\/product\/yoast-seo-wordpress\/ -->\n<title>\u201cEl Santuario: casa de oraci\u00f3n\u201d &#8211; Exaudi<\/title>\n<meta name=\"robots\" content=\"index, follow, max-snippet:-1, max-image-preview:large, max-video-preview:-1\" \/>\n<link rel=\"canonical\" href=\"https:\/\/exaudi.org\/es\/el-santuario-casa-de-oracion\/\" \/>\n<meta property=\"og:locale\" content=\"es_ES\" \/>\n<meta property=\"og:type\" content=\"article\" \/>\n<meta property=\"og:title\" content=\"\u201cEl Santuario: casa de oraci\u00f3n\u201d &#8211; Exaudi\" \/>\n<meta property=\"og:description\" content=\"El Papa en el II Encuentro Internacional de Rectores y Operarios de santuarios\" \/>\n<meta property=\"og:url\" content=\"https:\/\/exaudi.org\/es\/el-santuario-casa-de-oracion\/\" \/>\n<meta property=\"og:site_name\" content=\"Exaudi\" \/>\n<meta property=\"article:publisher\" content=\"https:\/\/www.facebook.com\/ExaudiNews\" \/>\n<meta property=\"article:author\" content=\"https:\/\/www.facebook.com\/ExaudiNoticias\/\" \/>\n<meta property=\"article:published_time\" content=\"2023-11-12T09:00:26+00:00\" \/>\n<meta property=\"og:image\" content=\"https:\/\/exaudi.org\/wp-content\/uploads\/2023\/11\/cq5dam.web_.800.800-3.jpeg\" \/>\n\t<meta property=\"og:image:width\" content=\"800\" \/>\n\t<meta property=\"og:image:height\" content=\"533\" \/>\n\t<meta property=\"og:image:type\" content=\"image\/jpeg\" \/>\n<meta name=\"author\" content=\"Exaudi Redacci\u00f3n\" \/>\n<meta name=\"twitter:card\" content=\"summary_large_image\" \/>\n<meta name=\"twitter:creator\" content=\"@Exaudi_noticias\" \/>\n<meta name=\"twitter:site\" content=\"@Exaudi_News\" \/>\n<meta name=\"twitter:label1\" content=\"Escrito por\" \/>\n\t<meta name=\"twitter:data1\" content=\"Exaudi Redacci\u00f3n\" \/>\n\t<meta name=\"twitter:label2\" content=\"Tiempo de lectura\" \/>\n\t<meta name=\"twitter:data2\" content=\"6 minutos\" \/>\n<script type=\"application\/ld+json\" class=\"yoast-schema-graph\">{\"@context\":\"https:\\\/\\\/schema.org\",\"@graph\":[{\"@type\":\"Article\",\"@id\":\"https:\\\/\\\/exaudi.org\\\/es\\\/el-santuario-casa-de-oracion\\\/#article\",\"isPartOf\":{\"@id\":\"https:\\\/\\\/exaudi.org\\\/es\\\/el-santuario-casa-de-oracion\\\/\"},\"author\":{\"name\":\"Exaudi Redacci\u00f3n\",\"@id\":\"https:\\\/\\\/exaudi.org\\\/#\\\/schema\\\/person\\\/f5fc8f063065e38742da7afe15f25df7\"},\"headline\":\"\u201cEl Santuario: casa de oraci\u00f3n\u201d\",\"datePublished\":\"2023-11-12T09:00:26+00:00\",\"mainEntityOfPage\":{\"@id\":\"https:\\\/\\\/exaudi.org\\\/es\\\/el-santuario-casa-de-oracion\\\/\"},\"wordCount\":1223,\"image\":{\"@id\":\"https:\\\/\\\/exaudi.org\\\/es\\\/el-santuario-casa-de-oracion\\\/#primaryimage\"},\"thumbnailUrl\":\"https:\\\/\\\/exaudi.org\\\/wp-content\\\/uploads\\\/2023\\\/11\\\/cq5dam.web_.800.800-3.jpeg\",\"keywords\":[\"Encuentro\",\"papa francisco\",\"Rectores operarios santuarios\",\"Trending\"],\"articleSection\":[\"Discursos\",\"Le\u00f3n XIV\"],\"inLanguage\":\"es\"},{\"@type\":\"WebPage\",\"@id\":\"https:\\\/\\\/exaudi.org\\\/es\\\/el-santuario-casa-de-oracion\\\/\",\"url\":\"https:\\\/\\\/exaudi.org\\\/es\\\/el-santuario-casa-de-oracion\\\/\",\"name\":\"\u201cEl Santuario: casa de oraci\u00f3n\u201d &#8211; Exaudi\",\"isPartOf\":{\"@id\":\"https:\\\/\\\/exaudi.org\\\/#website\"},\"primaryImageOfPage\":{\"@id\":\"https:\\\/\\\/exaudi.org\\\/es\\\/el-santuario-casa-de-oracion\\\/#primaryimage\"},\"image\":{\"@id\":\"https:\\\/\\\/exaudi.org\\\/es\\\/el-santuario-casa-de-oracion\\\/#primaryimage\"},\"thumbnailUrl\":\"https:\\\/\\\/exaudi.org\\\/wp-content\\\/uploads\\\/2023\\\/11\\\/cq5dam.web_.800.800-3.jpeg\",\"datePublished\":\"2023-11-12T09:00:26+00:00\",\"author\":{\"@id\":\"https:\\\/\\\/exaudi.org\\\/#\\\/schema\\\/person\\\/f5fc8f063065e38742da7afe15f25df7\"},\"breadcrumb\":{\"@id\":\"https:\\\/\\\/exaudi.org\\\/es\\\/el-santuario-casa-de-oracion\\\/#breadcrumb\"},\"inLanguage\":\"es\",\"potentialAction\":[{\"@type\":\"ReadAction\",\"target\":[\"https:\\\/\\\/exaudi.org\\\/es\\\/el-santuario-casa-de-oracion\\\/\"]}]},{\"@type\":\"ImageObject\",\"inLanguage\":\"es\",\"@id\":\"https:\\\/\\\/exaudi.org\\\/es\\\/el-santuario-casa-de-oracion\\\/#primaryimage\",\"url\":\"https:\\\/\\\/exaudi.org\\\/wp-content\\\/uploads\\\/2023\\\/11\\\/cq5dam.web_.800.800-3.jpeg\",\"contentUrl\":\"https:\\\/\\\/exaudi.org\\\/wp-content\\\/uploads\\\/2023\\\/11\\\/cq5dam.web_.800.800-3.jpeg\",\"width\":800,\"height\":533,\"caption\":\"Vatican Media\"},{\"@type\":\"BreadcrumbList\",\"@id\":\"https:\\\/\\\/exaudi.org\\\/es\\\/el-santuario-casa-de-oracion\\\/#breadcrumb\",\"itemListElement\":[{\"@type\":\"ListItem\",\"position\":1,\"name\":\"Portada\",\"item\":\"https:\\\/\\\/exaudi.org\\\/es\\\/\"},{\"@type\":\"ListItem\",\"position\":2,\"name\":\"\u201cEl Santuario: casa de oraci\u00f3n\u201d\"}]},{\"@type\":\"WebSite\",\"@id\":\"https:\\\/\\\/exaudi.org\\\/#website\",\"url\":\"https:\\\/\\\/exaudi.org\\\/\",\"name\":\"Exaudi\",\"description\":\"News\",\"potentialAction\":[{\"@type\":\"SearchAction\",\"target\":{\"@type\":\"EntryPoint\",\"urlTemplate\":\"https:\\\/\\\/exaudi.org\\\/?s={search_term_string}\"},\"query-input\":{\"@type\":\"PropertyValueSpecification\",\"valueRequired\":true,\"valueName\":\"search_term_string\"}}],\"inLanguage\":\"es\"},{\"@type\":\"Person\",\"@id\":\"https:\\\/\\\/exaudi.org\\\/#\\\/schema\\\/person\\\/f5fc8f063065e38742da7afe15f25df7\",\"name\":\"Exaudi Redacci\u00f3n\",\"image\":{\"@type\":\"ImageObject\",\"inLanguage\":\"es\",\"@id\":\"https:\\\/\\\/secure.gravatar.com\\\/avatar\\\/fe0f6a059fb68d9b3e11bc5850dd4899b1c7492091a3cb6dd9b01b56ad828be2?s=96&d=mm&r=g\",\"url\":\"https:\\\/\\\/secure.gravatar.com\\\/avatar\\\/fe0f6a059fb68d9b3e11bc5850dd4899b1c7492091a3cb6dd9b01b56ad828be2?s=96&d=mm&r=g\",\"contentUrl\":\"https:\\\/\\\/secure.gravatar.com\\\/avatar\\\/fe0f6a059fb68d9b3e11bc5850dd4899b1c7492091a3cb6dd9b01b56ad828be2?s=96&d=mm&r=g\",\"caption\":\"Exaudi Redacci\u00f3n\"},\"description\":\"\u00bfQu\u00e9 es Exaudi News? Exaudi News es un medio de comunicaci\u00f3n cat\u00f3lico internacional que informa, forma y transforma, diariamente en espa\u00f1ol, ingl\u00e9s e italiano. A trav\u00e9s de noticias, art\u00edculos de an\u00e1lisis y transmisiones en directo de los eventos del Papa, Exaudi busca fortalecer la unidad de los cristianos y contribuir a la evangelizaci\u00f3n del mundo, siempre guiados por la doctrina social de la Iglesia. Trabajamos para acercar la verdad y los valores cristianos a cada rinc\u00f3n del planeta. \u00a1Ay\u00fadanos a transformar el mundo con Exaudi! En Exaudi creemos que la evangelizaci\u00f3n y la informaci\u00f3n de calidad pueden cambiar vidas. Para continuar con nuestra misi\u00f3n y expandir nuestro alcance, necesitamos tu ayuda. Adem\u00e1s, buscamos personas comprometidas que deseen unirse a nuestro equipo. Con tu apoyo, lograremos llegar a m\u00e1s personas, difundir el mensaje de Cristo y reforzar la unidad de los cristianos. \u00bfTe unes a nuestra misi\u00f3n? Para m\u00e1s informaci\u00f3n sobre c\u00f3mo colaborar, visita Exaudi.org\\\/es o cont\u00e1ctanos directamente: info@exaudi.org Exaudi: Informa, forma y transforma.\",\"sameAs\":[\"https:\\\/\\\/www.facebook.com\\\/ExaudiNoticias\\\/\",\"https:\\\/\\\/www.instagram.com\\\/exaudi_noticias\\\/\",\"https:\\\/\\\/x.com\\\/Exaudi_noticias\",\"https:\\\/\\\/www.youtube.com\\\/@exaudicatholicnews\"],\"url\":\"https:\\\/\\\/exaudi.org\\\/es\\\/author\\\/redaccionexaudi\\\/\"}]}<\/script>\n<!-- \/ Yoast SEO plugin. -->","yoast_head_json":{"title":"\u201cEl Santuario: casa de oraci\u00f3n\u201d &#8211; Exaudi","robots":{"index":"index","follow":"follow","max-snippet":"max-snippet:-1","max-image-preview":"max-image-preview:large","max-video-preview":"max-video-preview:-1"},"canonical":"https:\/\/exaudi.org\/es\/el-santuario-casa-de-oracion\/","og_locale":"es_ES","og_type":"article","og_title":"\u201cEl Santuario: casa de oraci\u00f3n\u201d &#8211; Exaudi","og_description":"El Papa en el II Encuentro Internacional de Rectores y Operarios de santuarios","og_url":"https:\/\/exaudi.org\/es\/el-santuario-casa-de-oracion\/","og_site_name":"Exaudi","article_publisher":"https:\/\/www.facebook.com\/ExaudiNews","article_author":"https:\/\/www.facebook.com\/ExaudiNoticias\/","article_published_time":"2023-11-12T09:00:26+00:00","og_image":[{"width":800,"height":533,"url":"https:\/\/exaudi.org\/wp-content\/uploads\/2023\/11\/cq5dam.web_.800.800-3.jpeg","type":"image\/jpeg"}],"author":"Exaudi Redacci\u00f3n","twitter_card":"summary_large_image","twitter_creator":"@Exaudi_noticias","twitter_site":"@Exaudi_News","twitter_misc":{"Escrito por":"Exaudi Redacci\u00f3n","Tiempo de lectura":"6 minutos"},"schema":{"@context":"https:\/\/schema.org","@graph":[{"@type":"Article","@id":"https:\/\/exaudi.org\/es\/el-santuario-casa-de-oracion\/#article","isPartOf":{"@id":"https:\/\/exaudi.org\/es\/el-santuario-casa-de-oracion\/"},"author":{"name":"Exaudi Redacci\u00f3n","@id":"https:\/\/exaudi.org\/#\/schema\/person\/f5fc8f063065e38742da7afe15f25df7"},"headline":"\u201cEl Santuario: casa de oraci\u00f3n\u201d","datePublished":"2023-11-12T09:00:26+00:00","mainEntityOfPage":{"@id":"https:\/\/exaudi.org\/es\/el-santuario-casa-de-oracion\/"},"wordCount":1223,"image":{"@id":"https:\/\/exaudi.org\/es\/el-santuario-casa-de-oracion\/#primaryimage"},"thumbnailUrl":"https:\/\/exaudi.org\/wp-content\/uploads\/2023\/11\/cq5dam.web_.800.800-3.jpeg","keywords":["Encuentro","papa francisco","Rectores operarios santuarios","Trending"],"articleSection":["Discursos","Le\u00f3n XIV"],"inLanguage":"es"},{"@type":"WebPage","@id":"https:\/\/exaudi.org\/es\/el-santuario-casa-de-oracion\/","url":"https:\/\/exaudi.org\/es\/el-santuario-casa-de-oracion\/","name":"\u201cEl Santuario: casa de oraci\u00f3n\u201d &#8211; Exaudi","isPartOf":{"@id":"https:\/\/exaudi.org\/#website"},"primaryImageOfPage":{"@id":"https:\/\/exaudi.org\/es\/el-santuario-casa-de-oracion\/#primaryimage"},"image":{"@id":"https:\/\/exaudi.org\/es\/el-santuario-casa-de-oracion\/#primaryimage"},"thumbnailUrl":"https:\/\/exaudi.org\/wp-content\/uploads\/2023\/11\/cq5dam.web_.800.800-3.jpeg","datePublished":"2023-11-12T09:00:26+00:00","author":{"@id":"https:\/\/exaudi.org\/#\/schema\/person\/f5fc8f063065e38742da7afe15f25df7"},"breadcrumb":{"@id":"https:\/\/exaudi.org\/es\/el-santuario-casa-de-oracion\/#breadcrumb"},"inLanguage":"es","potentialAction":[{"@type":"ReadAction","target":["https:\/\/exaudi.org\/es\/el-santuario-casa-de-oracion\/"]}]},{"@type":"ImageObject","inLanguage":"es","@id":"https:\/\/exaudi.org\/es\/el-santuario-casa-de-oracion\/#primaryimage","url":"https:\/\/exaudi.org\/wp-content\/uploads\/2023\/11\/cq5dam.web_.800.800-3.jpeg","contentUrl":"https:\/\/exaudi.org\/wp-content\/uploads\/2023\/11\/cq5dam.web_.800.800-3.jpeg","width":800,"height":533,"caption":"Vatican Media"},{"@type":"BreadcrumbList","@id":"https:\/\/exaudi.org\/es\/el-santuario-casa-de-oracion\/#breadcrumb","itemListElement":[{"@type":"ListItem","position":1,"name":"Portada","item":"https:\/\/exaudi.org\/es\/"},{"@type":"ListItem","position":2,"name":"\u201cEl Santuario: casa de oraci\u00f3n\u201d"}]},{"@type":"WebSite","@id":"https:\/\/exaudi.org\/#website","url":"https:\/\/exaudi.org\/","name":"Exaudi","description":"News","potentialAction":[{"@type":"SearchAction","target":{"@type":"EntryPoint","urlTemplate":"https:\/\/exaudi.org\/?s={search_term_string}"},"query-input":{"@type":"PropertyValueSpecification","valueRequired":true,"valueName":"search_term_string"}}],"inLanguage":"es"},{"@type":"Person","@id":"https:\/\/exaudi.org\/#\/schema\/person\/f5fc8f063065e38742da7afe15f25df7","name":"Exaudi Redacci\u00f3n","image":{"@type":"ImageObject","inLanguage":"es","@id":"https:\/\/secure.gravatar.com\/avatar\/fe0f6a059fb68d9b3e11bc5850dd4899b1c7492091a3cb6dd9b01b56ad828be2?s=96&d=mm&r=g","url":"https:\/\/secure.gravatar.com\/avatar\/fe0f6a059fb68d9b3e11bc5850dd4899b1c7492091a3cb6dd9b01b56ad828be2?s=96&d=mm&r=g","contentUrl":"https:\/\/secure.gravatar.com\/avatar\/fe0f6a059fb68d9b3e11bc5850dd4899b1c7492091a3cb6dd9b01b56ad828be2?s=96&d=mm&r=g","caption":"Exaudi Redacci\u00f3n"},"description":"\u00bfQu\u00e9 es Exaudi News? Exaudi News es un medio de comunicaci\u00f3n cat\u00f3lico internacional que informa, forma y transforma, diariamente en espa\u00f1ol, ingl\u00e9s e italiano. A trav\u00e9s de noticias, art\u00edculos de an\u00e1lisis y transmisiones en directo de los eventos del Papa, Exaudi busca fortalecer la unidad de los cristianos y contribuir a la evangelizaci\u00f3n del mundo, siempre guiados por la doctrina social de la Iglesia. Trabajamos para acercar la verdad y los valores cristianos a cada rinc\u00f3n del planeta. \u00a1Ay\u00fadanos a transformar el mundo con Exaudi! En Exaudi creemos que la evangelizaci\u00f3n y la informaci\u00f3n de calidad pueden cambiar vidas. Para continuar con nuestra misi\u00f3n y expandir nuestro alcance, necesitamos tu ayuda. Adem\u00e1s, buscamos personas comprometidas que deseen unirse a nuestro equipo. Con tu apoyo, lograremos llegar a m\u00e1s personas, difundir el mensaje de Cristo y reforzar la unidad de los cristianos. \u00bfTe unes a nuestra misi\u00f3n? Para m\u00e1s informaci\u00f3n sobre c\u00f3mo colaborar, visita Exaudi.org\/es o cont\u00e1ctanos directamente: info@exaudi.org Exaudi: Informa, forma y transforma.","sameAs":["https:\/\/www.facebook.com\/ExaudiNoticias\/","https:\/\/www.instagram.com\/exaudi_noticias\/","https:\/\/x.com\/Exaudi_noticias","https:\/\/www.youtube.com\/@exaudicatholicnews"],"url":"https:\/\/exaudi.org\/es\/author\/redaccionexaudi\/"}]}},"jetpack_featured_media_url":"https:\/\/exaudi.org\/wp-content\/uploads\/2023\/11\/cq5dam.web_.800.800-3.jpeg","jetpack_shortlink":"https:\/\/wp.me\/pgKjF2-mOp","_links":{"self":[{"href":"https:\/\/exaudi.org\/es\/wp-json\/wp\/v2\/posts\/87693","targetHints":{"allow":["GET"]}}],"collection":[{"href":"https:\/\/exaudi.org\/es\/wp-json\/wp\/v2\/posts"}],"about":[{"href":"https:\/\/exaudi.org\/es\/wp-json\/wp\/v2\/types\/post"}],"author":[{"embeddable":true,"href":"https:\/\/exaudi.org\/es\/wp-json\/wp\/v2\/users\/15"}],"replies":[{"embeddable":true,"href":"https:\/\/exaudi.org\/es\/wp-json\/wp\/v2\/comments?post=87693"}],"version-history":[{"count":0,"href":"https:\/\/exaudi.org\/es\/wp-json\/wp\/v2\/posts\/87693\/revisions"}],"wp:featuredmedia":[{"embeddable":true,"href":"https:\/\/exaudi.org\/es\/wp-json\/wp\/v2\/media\/87668"}],"wp:attachment":[{"href":"https:\/\/exaudi.org\/es\/wp-json\/wp\/v2\/media?parent=87693"}],"wp:term":[{"taxonomy":"category","embeddable":true,"href":"https:\/\/exaudi.org\/es\/wp-json\/wp\/v2\/categories?post=87693"},{"taxonomy":"post_tag","embeddable":true,"href":"https:\/\/exaudi.org\/es\/wp-json\/wp\/v2\/tags?post=87693"}],"curies":[{"name":"wp","href":"https:\/\/api.w.org\/{rel}","templated":true}]}}