{"id":87576,"date":"2025-11-10T08:00:12","date_gmt":"2025-11-10T07:00:12","guid":{"rendered":"https:\/\/exaudi.org\/?p=87576"},"modified":"2025-11-10T10:52:43","modified_gmt":"2025-11-10T09:52:43","slug":"san-leon-magno-10-de-noviembre","status":"publish","type":"post","link":"https:\/\/exaudi.org\/es\/san-leon-magno-10-de-noviembre\/","title":{"rendered":"San Le\u00f3n Magno, 10 de noviembre"},"content":{"rendered":"<p>A\u00f1o 452 d.C. La Pen\u00ednsula it\u00e1lica tiembla frente a los Hunos, capitaneadas por Atila. Gran parte del norte de Italia ya ha ca\u00eddo en manos del invasor. Las ciudades de Aquilea, Padua y Mil\u00e1n han sido conquistadas, saqueadas y rasadas al suelo. Ahora Atila prosigue su avance, est\u00e1 cerca de Mantua, sobre el r\u00edo Mincio. All\u00ed la Historia se detiene y se forma: Le\u00f3n Magno, elegido Papa doce a\u00f1os antes, encabeza una delegaci\u00f3n de Roma, se encuentra con Atila y lo disuade de proseguir la guerra de invasi\u00f3n. La leyenda \u2013 retomada despu\u00e9s por Rafael en los frescos de las \u201cEstancias\u201d \u2013 narra que el rey de los Hunos se retira tras haber visto aparecer, detr\u00e1s de Le\u00f3n, a los Ap\u00f3stoles Pedro y Pablo, armados con espadas. Tres a\u00f1os despu\u00e9s, en el 455, una vez m\u00e1s el \u201cPapa Magno\u201d, si bien desarmado, detiene a las puertas de Roma a los V\u00e1ndalos de \u00c1frica, guiados por el rey Genserico. Gracias a su intervenci\u00f3n, la ciudad s\u00ed es saqueada, pero no incendiada. Permanecen de pie las Bas\u00edlicas de San Pedro, San Pablo y San Juan, en las que encuentra refugio gran parte de la poblaci\u00f3n, que as\u00ed ha salvado su vida.<\/p>\n<p><iframe title=\"Spotify Embed: San Le\u00f3n Magno, 10 de noviembre\" style=\"border-radius: 12px\" width=\"100%\" height=\"152\" frameborder=\"0\" allowfullscreen allow=\"autoplay; clipboard-write; encrypted-media; fullscreen; picture-in-picture\" loading=\"lazy\" src=\"https:\/\/open.spotify.com\/embed\/episode\/6nJRi0BqTaGl4B1qUftHnl?si=e22fa66fba55475d&#038;utm_source=oembed\"><\/iframe><\/p>\n<h3><strong>\u201cPedro ha hablado por boca de Le\u00f3n\u201d<\/strong><\/h3>\n<p>Pero la vida de Le\u00f3n no se explicita s\u00f3lo en el empe\u00f1o por la paz, llevando adelante con coraje y sin detenerse. El Pont\u00edfice tambi\u00e9n se dedica mucho a la tutela de la doctrina: es \u00e9l, en efecto, el que inspira el Concilio ecum\u00e9nico de Calcedonia (hoy Kadik\u00f6y, en Turqu\u00eda), que reconoce y afirma la uni\u00f3n en Cristo de las dos naturalezas \u2013 humana y divina \u2013 rechazando la herej\u00eda de Eutiquio, que niega la esencia humana del Hijo de Dios. La intervenci\u00f3n de Le\u00f3n en el Concilio se produce a trav\u00e9s de un texto doctrinal fundamental: el \u201cTomo a Flaviano\u201d, Obispo de Constantinopla. El documento es le\u00eddo p\u00fablicamente a los 350 Padres conciliares que lo acogen por aclamaci\u00f3n afirmando: \u201cPedro ha hablado por boca de Le\u00f3n, Le\u00f3n ha ense\u00f1ado seg\u00fan la piedad y la verdad\u201d.<\/p>\n<h3><strong>Te\u00f3logo y pastor<\/strong><\/h3>\n<p>Defensor y promotor del Primado de Roma, el \u201cPont\u00edfice Magno\u201d deja a la historia casi 100 sermones y casi 150 cartas, demostr\u00e1ndose as\u00ed tanto te\u00f3logo cuanto pastor, atento a la comuni\u00f3n entre las diversas Iglesias, sin olvidarse de las necesidades de los fieles. En efecto para ellos anima las obras de caridad en una Roma doblegada por las carest\u00edas, la pobreza, las injusticias y las supersticiones paganas. Lleva adelante todas las acciones indispensables \u2013 tal como se lee en sus escritos \u2013 para \u201ctener justicia con constancia\u201d y \u201cofrecer amorosamente la clemencia\u201d, puesto que \u201csin Cristo no podemos nada, pero con \u00c9l, podemos todo\u201d.<\/p>\n<h3><strong>El 45\u00b0 Papa de la historia<\/strong><\/h3>\n<p>Nacido en la Tuscia y convertido en di\u00e1cono de la Iglesia de Roma alrededor del a\u00f1o 430, en el 440 Le\u00f3n es enviado por la emperatriz Galla Placidia a pacificar Galia, contendida entre el general Flavio Aecio y el prefecto del pretorio Albino. Pocos meses despu\u00e9s, muere el Papa Sixto III. Le sucede Le\u00f3n, su consejero. La consagraci\u00f3n como Pont\u00edfice \u2013 el 45\u00b0 de la historia de la Iglesia \u2013 se produce el 29 de septiembre del 440.<\/p>\n<h3><strong>Un Pontificado de \u201cr\u00e9cords\u201d<\/strong><\/h3>\n<p>Su Pontificado, que dur\u00f3 21 a\u00f1os, re\u00fane diversos r\u00e9cords: primer Obispo de Roma que lleva el nombre de Le\u00f3n; primer Sucesor de Pedro en ser llamado \u201cMagno\u201d; primer Papa de quien nos ha llegado la predicaci\u00f3n, tambi\u00e9n es uno de los dos \u00fanicos Pont\u00edfices (el otro es Gregorio Magno) que ha recibido, en 1754, por voluntad de Benedicto XIV, el t\u00edtulo de \u201cDoctor de la Iglesia\u201d. Su muerte se produjo el 10 de noviembre del 461 y, seg\u00fan algunos historiadores, Le\u00f3n Magno tambi\u00e9n fue el primer Papa en ser sepultado dentro de la Bas\u00edlica Vaticana. A\u00fan hoy, sus reliquias se conservan en San Pedro, concretamente en la Capilla de la \u201cVirgen de la Columna\u201d.<\/p>\n<p><a href=\"https:\/\/exaudi.org\/es\/san-leon-magno-vive-fe-con-alegria\/\" target=\"_blank\" rel=\"noopener\">Papa Francisco sobre San Le\u00f3n<\/a><\/p>\n<p><img loading=\"lazy\" decoding=\"async\" class=\"size-full wp-image-145711 alignnone\" src=\"https:\/\/exaudi.org\/wp-content\/uploads\/2025\/11\/Santoral-1-3.jpg\" alt=\"\" width=\"1080\" height=\"1080\" srcset=\"https:\/\/exaudi.org\/wp-content\/uploads\/2025\/11\/Santoral-1-3.jpg 1080w, https:\/\/exaudi.org\/wp-content\/uploads\/2025\/11\/Santoral-1-3-300x300.jpg 300w, https:\/\/exaudi.org\/wp-content\/uploads\/2025\/11\/Santoral-1-3-1024x1024.jpg 1024w, https:\/\/exaudi.org\/wp-content\/uploads\/2025\/11\/Santoral-1-3-100x100.jpg?crop=1 100w, https:\/\/exaudi.org\/wp-content\/uploads\/2025\/11\/Santoral-1-3-770x770.jpg 770w, https:\/\/exaudi.org\/wp-content\/uploads\/2025\/11\/Santoral-1-3-500x500.jpg 500w\" sizes=\"auto, (max-width: 1080px) 100vw, 1080px\" \/><\/p>\n<p><img loading=\"lazy\" decoding=\"async\" class=\"size-full wp-image-145714 alignnone\" src=\"https:\/\/exaudi.org\/wp-content\/uploads\/2025\/11\/480974271_1052793426886680_5663361504669595061_n.jpg\" alt=\"\" width=\"1080\" height=\"1080\" srcset=\"https:\/\/exaudi.org\/wp-content\/uploads\/2025\/11\/480974271_1052793426886680_5663361504669595061_n.jpg 1080w, https:\/\/exaudi.org\/wp-content\/uploads\/2025\/11\/480974271_1052793426886680_5663361504669595061_n-300x300.jpg 300w, https:\/\/exaudi.org\/wp-content\/uploads\/2025\/11\/480974271_1052793426886680_5663361504669595061_n-1024x1024.jpg 1024w, https:\/\/exaudi.org\/wp-content\/uploads\/2025\/11\/480974271_1052793426886680_5663361504669595061_n-100x100.jpg?crop=1 100w, https:\/\/exaudi.org\/wp-content\/uploads\/2025\/11\/480974271_1052793426886680_5663361504669595061_n-770x770.jpg 770w, https:\/\/exaudi.org\/wp-content\/uploads\/2025\/11\/480974271_1052793426886680_5663361504669595061_n-500x500.jpg 500w\" sizes=\"auto, (max-width: 1080px) 100vw, 1080px\" \/><\/p>\n","protected":false},"excerpt":{"rendered":"<p>Papa y Doctor de la Iglesia<\/p>\n","protected":false},"author":15,"featured_media":145708,"comment_status":"closed","ping_status":"closed","sticky":false,"template":"","format":"standard","meta":{"_acf_changed":false,"_crdt_document":"","inline_featured_image":false,"footnotes":""},"categories":[74,2772],"tags":[3519,436,4836,387,58880],"class_list":["post-87576","post","type-post","status-publish","format-standard","has-post-thumbnail","hentry","category-iglesia-y-mundo","category-santoral","tag-doctor-de-la-iglesia-es","tag-papa-es","tag-san-leon-magno","tag-santoral","tag-trending-es-151"],"acf":[],"yoast_head":"<!-- This site is optimized with the Yoast SEO plugin v27.5 - https:\/\/yoast.com\/product\/yoast-seo-wordpress\/ -->\n<title>San Le\u00f3n Magno, 10 de noviembre &#8211; Exaudi<\/title>\n<meta name=\"robots\" content=\"index, follow, max-snippet:-1, max-image-preview:large, max-video-preview:-1\" \/>\n<link rel=\"canonical\" href=\"https:\/\/exaudi.org\/es\/san-leon-magno-10-de-noviembre\/\" \/>\n<meta property=\"og:locale\" content=\"es_ES\" \/>\n<meta property=\"og:type\" content=\"article\" \/>\n<meta property=\"og:title\" content=\"San Le\u00f3n Magno, 10 de noviembre &#8211; Exaudi\" \/>\n<meta property=\"og:description\" content=\"Papa y Doctor de la Iglesia\" \/>\n<meta property=\"og:url\" content=\"https:\/\/exaudi.org\/es\/san-leon-magno-10-de-noviembre\/\" \/>\n<meta property=\"og:site_name\" content=\"Exaudi\" \/>\n<meta property=\"article:publisher\" content=\"https:\/\/www.facebook.com\/ExaudiNews\" \/>\n<meta property=\"article:author\" content=\"https:\/\/www.facebook.com\/ExaudiNoticias\/\" \/>\n<meta property=\"article:published_time\" content=\"2025-11-10T07:00:12+00:00\" \/>\n<meta property=\"article:modified_time\" content=\"2025-11-10T09:52:43+00:00\" \/>\n<meta property=\"og:image\" content=\"https:\/\/exaudi.org\/wp-content\/uploads\/2025\/11\/1_20.jpeg\" \/>\n\t<meta property=\"og:image:width\" content=\"1180\" \/>\n\t<meta property=\"og:image:height\" content=\"664\" \/>\n\t<meta property=\"og:image:type\" content=\"image\/jpeg\" \/>\n<meta name=\"author\" content=\"Exaudi Redacci\u00f3n\" \/>\n<meta name=\"twitter:card\" content=\"summary_large_image\" \/>\n<meta name=\"twitter:creator\" content=\"@Exaudi_noticias\" \/>\n<meta name=\"twitter:site\" content=\"@Exaudi_News\" \/>\n<meta name=\"twitter:label1\" content=\"Escrito por\" \/>\n\t<meta name=\"twitter:data1\" content=\"Exaudi Redacci\u00f3n\" \/>\n\t<meta name=\"twitter:label2\" content=\"Tiempo de lectura\" \/>\n\t<meta name=\"twitter:data2\" content=\"4 minutos\" \/>\n<script type=\"application\/ld+json\" class=\"yoast-schema-graph\">{\"@context\":\"https:\\\/\\\/schema.org\",\"@graph\":[{\"@type\":\"Article\",\"@id\":\"https:\\\/\\\/exaudi.org\\\/es\\\/san-leon-magno-10-de-noviembre\\\/#article\",\"isPartOf\":{\"@id\":\"https:\\\/\\\/exaudi.org\\\/es\\\/san-leon-magno-10-de-noviembre\\\/\"},\"author\":{\"name\":\"Exaudi Redacci\u00f3n\",\"@id\":\"https:\\\/\\\/exaudi.org\\\/#\\\/schema\\\/person\\\/f5fc8f063065e38742da7afe15f25df7\"},\"headline\":\"San Le\u00f3n Magno, 10 de noviembre\",\"datePublished\":\"2025-11-10T07:00:12+00:00\",\"dateModified\":\"2025-11-10T09:52:43+00:00\",\"mainEntityOfPage\":{\"@id\":\"https:\\\/\\\/exaudi.org\\\/es\\\/san-leon-magno-10-de-noviembre\\\/\"},\"wordCount\":724,\"image\":{\"@id\":\"https:\\\/\\\/exaudi.org\\\/es\\\/san-leon-magno-10-de-noviembre\\\/#primaryimage\"},\"thumbnailUrl\":\"https:\\\/\\\/exaudi.org\\\/wp-content\\\/uploads\\\/2025\\\/11\\\/1_20.jpeg\",\"keywords\":[\"Doctor de la Iglesia\",\"Papa\",\"San Le\u00f3n Magno\",\"Santoral\",\"Trending\"],\"articleSection\":[\"Iglesia y Mundo\",\"Santoral\"],\"inLanguage\":\"es\"},{\"@type\":\"WebPage\",\"@id\":\"https:\\\/\\\/exaudi.org\\\/es\\\/san-leon-magno-10-de-noviembre\\\/\",\"url\":\"https:\\\/\\\/exaudi.org\\\/es\\\/san-leon-magno-10-de-noviembre\\\/\",\"name\":\"San Le\u00f3n Magno, 10 de noviembre &#8211; Exaudi\",\"isPartOf\":{\"@id\":\"https:\\\/\\\/exaudi.org\\\/#website\"},\"primaryImageOfPage\":{\"@id\":\"https:\\\/\\\/exaudi.org\\\/es\\\/san-leon-magno-10-de-noviembre\\\/#primaryimage\"},\"image\":{\"@id\":\"https:\\\/\\\/exaudi.org\\\/es\\\/san-leon-magno-10-de-noviembre\\\/#primaryimage\"},\"thumbnailUrl\":\"https:\\\/\\\/exaudi.org\\\/wp-content\\\/uploads\\\/2025\\\/11\\\/1_20.jpeg\",\"datePublished\":\"2025-11-10T07:00:12+00:00\",\"dateModified\":\"2025-11-10T09:52:43+00:00\",\"author\":{\"@id\":\"https:\\\/\\\/exaudi.org\\\/#\\\/schema\\\/person\\\/f5fc8f063065e38742da7afe15f25df7\"},\"breadcrumb\":{\"@id\":\"https:\\\/\\\/exaudi.org\\\/es\\\/san-leon-magno-10-de-noviembre\\\/#breadcrumb\"},\"inLanguage\":\"es\",\"potentialAction\":[{\"@type\":\"ReadAction\",\"target\":[\"https:\\\/\\\/exaudi.org\\\/es\\\/san-leon-magno-10-de-noviembre\\\/\"]}]},{\"@type\":\"ImageObject\",\"inLanguage\":\"es\",\"@id\":\"https:\\\/\\\/exaudi.org\\\/es\\\/san-leon-magno-10-de-noviembre\\\/#primaryimage\",\"url\":\"https:\\\/\\\/exaudi.org\\\/wp-content\\\/uploads\\\/2025\\\/11\\\/1_20.jpeg\",\"contentUrl\":\"https:\\\/\\\/exaudi.org\\\/wp-content\\\/uploads\\\/2025\\\/11\\\/1_20.jpeg\",\"width\":1180,\"height\":664},{\"@type\":\"BreadcrumbList\",\"@id\":\"https:\\\/\\\/exaudi.org\\\/es\\\/san-leon-magno-10-de-noviembre\\\/#breadcrumb\",\"itemListElement\":[{\"@type\":\"ListItem\",\"position\":1,\"name\":\"Portada\",\"item\":\"https:\\\/\\\/exaudi.org\\\/es\\\/\"},{\"@type\":\"ListItem\",\"position\":2,\"name\":\"San Le\u00f3n Magno, 10 de noviembre\"}]},{\"@type\":\"WebSite\",\"@id\":\"https:\\\/\\\/exaudi.org\\\/#website\",\"url\":\"https:\\\/\\\/exaudi.org\\\/\",\"name\":\"Exaudi\",\"description\":\"News\",\"potentialAction\":[{\"@type\":\"SearchAction\",\"target\":{\"@type\":\"EntryPoint\",\"urlTemplate\":\"https:\\\/\\\/exaudi.org\\\/?s={search_term_string}\"},\"query-input\":{\"@type\":\"PropertyValueSpecification\",\"valueRequired\":true,\"valueName\":\"search_term_string\"}}],\"inLanguage\":\"es\"},{\"@type\":\"Person\",\"@id\":\"https:\\\/\\\/exaudi.org\\\/#\\\/schema\\\/person\\\/f5fc8f063065e38742da7afe15f25df7\",\"name\":\"Exaudi Redacci\u00f3n\",\"image\":{\"@type\":\"ImageObject\",\"inLanguage\":\"es\",\"@id\":\"https:\\\/\\\/secure.gravatar.com\\\/avatar\\\/fe0f6a059fb68d9b3e11bc5850dd4899b1c7492091a3cb6dd9b01b56ad828be2?s=96&d=mm&r=g\",\"url\":\"https:\\\/\\\/secure.gravatar.com\\\/avatar\\\/fe0f6a059fb68d9b3e11bc5850dd4899b1c7492091a3cb6dd9b01b56ad828be2?s=96&d=mm&r=g\",\"contentUrl\":\"https:\\\/\\\/secure.gravatar.com\\\/avatar\\\/fe0f6a059fb68d9b3e11bc5850dd4899b1c7492091a3cb6dd9b01b56ad828be2?s=96&d=mm&r=g\",\"caption\":\"Exaudi Redacci\u00f3n\"},\"description\":\"\u00bfQu\u00e9 es Exaudi News? Exaudi News es un medio de comunicaci\u00f3n cat\u00f3lico internacional que informa, forma y transforma, diariamente en espa\u00f1ol, ingl\u00e9s e italiano. A trav\u00e9s de noticias, art\u00edculos de an\u00e1lisis y transmisiones en directo de los eventos del Papa, Exaudi busca fortalecer la unidad de los cristianos y contribuir a la evangelizaci\u00f3n del mundo, siempre guiados por la doctrina social de la Iglesia. Trabajamos para acercar la verdad y los valores cristianos a cada rinc\u00f3n del planeta. \u00a1Ay\u00fadanos a transformar el mundo con Exaudi! En Exaudi creemos que la evangelizaci\u00f3n y la informaci\u00f3n de calidad pueden cambiar vidas. Para continuar con nuestra misi\u00f3n y expandir nuestro alcance, necesitamos tu ayuda. Adem\u00e1s, buscamos personas comprometidas que deseen unirse a nuestro equipo. Con tu apoyo, lograremos llegar a m\u00e1s personas, difundir el mensaje de Cristo y reforzar la unidad de los cristianos. \u00bfTe unes a nuestra misi\u00f3n? Para m\u00e1s informaci\u00f3n sobre c\u00f3mo colaborar, visita Exaudi.org\\\/es o cont\u00e1ctanos directamente: info@exaudi.org Exaudi: Informa, forma y transforma.\",\"sameAs\":[\"https:\\\/\\\/www.facebook.com\\\/ExaudiNoticias\\\/\",\"https:\\\/\\\/www.instagram.com\\\/exaudi_noticias\\\/\",\"https:\\\/\\\/x.com\\\/Exaudi_noticias\",\"https:\\\/\\\/www.youtube.com\\\/@exaudicatholicnews\"],\"url\":\"https:\\\/\\\/exaudi.org\\\/es\\\/author\\\/redaccionexaudi\\\/\"}]}<\/script>\n<!-- \/ Yoast SEO plugin. -->","yoast_head_json":{"title":"San Le\u00f3n Magno, 10 de noviembre &#8211; Exaudi","robots":{"index":"index","follow":"follow","max-snippet":"max-snippet:-1","max-image-preview":"max-image-preview:large","max-video-preview":"max-video-preview:-1"},"canonical":"https:\/\/exaudi.org\/es\/san-leon-magno-10-de-noviembre\/","og_locale":"es_ES","og_type":"article","og_title":"San Le\u00f3n Magno, 10 de noviembre &#8211; Exaudi","og_description":"Papa y Doctor de la Iglesia","og_url":"https:\/\/exaudi.org\/es\/san-leon-magno-10-de-noviembre\/","og_site_name":"Exaudi","article_publisher":"https:\/\/www.facebook.com\/ExaudiNews","article_author":"https:\/\/www.facebook.com\/ExaudiNoticias\/","article_published_time":"2025-11-10T07:00:12+00:00","article_modified_time":"2025-11-10T09:52:43+00:00","og_image":[{"width":1180,"height":664,"url":"https:\/\/exaudi.org\/wp-content\/uploads\/2025\/11\/1_20.jpeg","type":"image\/jpeg"}],"author":"Exaudi Redacci\u00f3n","twitter_card":"summary_large_image","twitter_creator":"@Exaudi_noticias","twitter_site":"@Exaudi_News","twitter_misc":{"Escrito por":"Exaudi Redacci\u00f3n","Tiempo de lectura":"4 minutos"},"schema":{"@context":"https:\/\/schema.org","@graph":[{"@type":"Article","@id":"https:\/\/exaudi.org\/es\/san-leon-magno-10-de-noviembre\/#article","isPartOf":{"@id":"https:\/\/exaudi.org\/es\/san-leon-magno-10-de-noviembre\/"},"author":{"name":"Exaudi Redacci\u00f3n","@id":"https:\/\/exaudi.org\/#\/schema\/person\/f5fc8f063065e38742da7afe15f25df7"},"headline":"San Le\u00f3n Magno, 10 de noviembre","datePublished":"2025-11-10T07:00:12+00:00","dateModified":"2025-11-10T09:52:43+00:00","mainEntityOfPage":{"@id":"https:\/\/exaudi.org\/es\/san-leon-magno-10-de-noviembre\/"},"wordCount":724,"image":{"@id":"https:\/\/exaudi.org\/es\/san-leon-magno-10-de-noviembre\/#primaryimage"},"thumbnailUrl":"https:\/\/exaudi.org\/wp-content\/uploads\/2025\/11\/1_20.jpeg","keywords":["Doctor de la Iglesia","Papa","San Le\u00f3n Magno","Santoral","Trending"],"articleSection":["Iglesia y Mundo","Santoral"],"inLanguage":"es"},{"@type":"WebPage","@id":"https:\/\/exaudi.org\/es\/san-leon-magno-10-de-noviembre\/","url":"https:\/\/exaudi.org\/es\/san-leon-magno-10-de-noviembre\/","name":"San Le\u00f3n Magno, 10 de noviembre &#8211; Exaudi","isPartOf":{"@id":"https:\/\/exaudi.org\/#website"},"primaryImageOfPage":{"@id":"https:\/\/exaudi.org\/es\/san-leon-magno-10-de-noviembre\/#primaryimage"},"image":{"@id":"https:\/\/exaudi.org\/es\/san-leon-magno-10-de-noviembre\/#primaryimage"},"thumbnailUrl":"https:\/\/exaudi.org\/wp-content\/uploads\/2025\/11\/1_20.jpeg","datePublished":"2025-11-10T07:00:12+00:00","dateModified":"2025-11-10T09:52:43+00:00","author":{"@id":"https:\/\/exaudi.org\/#\/schema\/person\/f5fc8f063065e38742da7afe15f25df7"},"breadcrumb":{"@id":"https:\/\/exaudi.org\/es\/san-leon-magno-10-de-noviembre\/#breadcrumb"},"inLanguage":"es","potentialAction":[{"@type":"ReadAction","target":["https:\/\/exaudi.org\/es\/san-leon-magno-10-de-noviembre\/"]}]},{"@type":"ImageObject","inLanguage":"es","@id":"https:\/\/exaudi.org\/es\/san-leon-magno-10-de-noviembre\/#primaryimage","url":"https:\/\/exaudi.org\/wp-content\/uploads\/2025\/11\/1_20.jpeg","contentUrl":"https:\/\/exaudi.org\/wp-content\/uploads\/2025\/11\/1_20.jpeg","width":1180,"height":664},{"@type":"BreadcrumbList","@id":"https:\/\/exaudi.org\/es\/san-leon-magno-10-de-noviembre\/#breadcrumb","itemListElement":[{"@type":"ListItem","position":1,"name":"Portada","item":"https:\/\/exaudi.org\/es\/"},{"@type":"ListItem","position":2,"name":"San Le\u00f3n Magno, 10 de noviembre"}]},{"@type":"WebSite","@id":"https:\/\/exaudi.org\/#website","url":"https:\/\/exaudi.org\/","name":"Exaudi","description":"News","potentialAction":[{"@type":"SearchAction","target":{"@type":"EntryPoint","urlTemplate":"https:\/\/exaudi.org\/?s={search_term_string}"},"query-input":{"@type":"PropertyValueSpecification","valueRequired":true,"valueName":"search_term_string"}}],"inLanguage":"es"},{"@type":"Person","@id":"https:\/\/exaudi.org\/#\/schema\/person\/f5fc8f063065e38742da7afe15f25df7","name":"Exaudi Redacci\u00f3n","image":{"@type":"ImageObject","inLanguage":"es","@id":"https:\/\/secure.gravatar.com\/avatar\/fe0f6a059fb68d9b3e11bc5850dd4899b1c7492091a3cb6dd9b01b56ad828be2?s=96&d=mm&r=g","url":"https:\/\/secure.gravatar.com\/avatar\/fe0f6a059fb68d9b3e11bc5850dd4899b1c7492091a3cb6dd9b01b56ad828be2?s=96&d=mm&r=g","contentUrl":"https:\/\/secure.gravatar.com\/avatar\/fe0f6a059fb68d9b3e11bc5850dd4899b1c7492091a3cb6dd9b01b56ad828be2?s=96&d=mm&r=g","caption":"Exaudi Redacci\u00f3n"},"description":"\u00bfQu\u00e9 es Exaudi News? Exaudi News es un medio de comunicaci\u00f3n cat\u00f3lico internacional que informa, forma y transforma, diariamente en espa\u00f1ol, ingl\u00e9s e italiano. A trav\u00e9s de noticias, art\u00edculos de an\u00e1lisis y transmisiones en directo de los eventos del Papa, Exaudi busca fortalecer la unidad de los cristianos y contribuir a la evangelizaci\u00f3n del mundo, siempre guiados por la doctrina social de la Iglesia. Trabajamos para acercar la verdad y los valores cristianos a cada rinc\u00f3n del planeta. \u00a1Ay\u00fadanos a transformar el mundo con Exaudi! En Exaudi creemos que la evangelizaci\u00f3n y la informaci\u00f3n de calidad pueden cambiar vidas. Para continuar con nuestra misi\u00f3n y expandir nuestro alcance, necesitamos tu ayuda. Adem\u00e1s, buscamos personas comprometidas que deseen unirse a nuestro equipo. Con tu apoyo, lograremos llegar a m\u00e1s personas, difundir el mensaje de Cristo y reforzar la unidad de los cristianos. \u00bfTe unes a nuestra misi\u00f3n? Para m\u00e1s informaci\u00f3n sobre c\u00f3mo colaborar, visita Exaudi.org\/es o cont\u00e1ctanos directamente: info@exaudi.org Exaudi: Informa, forma y transforma.","sameAs":["https:\/\/www.facebook.com\/ExaudiNoticias\/","https:\/\/www.instagram.com\/exaudi_noticias\/","https:\/\/x.com\/Exaudi_noticias","https:\/\/www.youtube.com\/@exaudicatholicnews"],"url":"https:\/\/exaudi.org\/es\/author\/redaccionexaudi\/"}]}},"jetpack_featured_media_url":"https:\/\/exaudi.org\/wp-content\/uploads\/2025\/11\/1_20.jpeg","jetpack_shortlink":"https:\/\/wp.me\/pgKjF2-mMw","_links":{"self":[{"href":"https:\/\/exaudi.org\/es\/wp-json\/wp\/v2\/posts\/87576","targetHints":{"allow":["GET"]}}],"collection":[{"href":"https:\/\/exaudi.org\/es\/wp-json\/wp\/v2\/posts"}],"about":[{"href":"https:\/\/exaudi.org\/es\/wp-json\/wp\/v2\/types\/post"}],"author":[{"embeddable":true,"href":"https:\/\/exaudi.org\/es\/wp-json\/wp\/v2\/users\/15"}],"replies":[{"embeddable":true,"href":"https:\/\/exaudi.org\/es\/wp-json\/wp\/v2\/comments?post=87576"}],"version-history":[{"count":4,"href":"https:\/\/exaudi.org\/es\/wp-json\/wp\/v2\/posts\/87576\/revisions"}],"predecessor-version":[{"id":145759,"href":"https:\/\/exaudi.org\/es\/wp-json\/wp\/v2\/posts\/87576\/revisions\/145759"}],"wp:featuredmedia":[{"embeddable":true,"href":"https:\/\/exaudi.org\/es\/wp-json\/wp\/v2\/media\/145708"}],"wp:attachment":[{"href":"https:\/\/exaudi.org\/es\/wp-json\/wp\/v2\/media?parent=87576"}],"wp:term":[{"taxonomy":"category","embeddable":true,"href":"https:\/\/exaudi.org\/es\/wp-json\/wp\/v2\/categories?post=87576"},{"taxonomy":"post_tag","embeddable":true,"href":"https:\/\/exaudi.org\/es\/wp-json\/wp\/v2\/tags?post=87576"}],"curies":[{"name":"wp","href":"https:\/\/api.w.org\/{rel}","templated":true}]}}