{"id":87398,"date":"2023-11-08T08:15:01","date_gmt":"2023-11-08T07:15:01","guid":{"rendered":"https:\/\/exaudi.org\/?p=87398"},"modified":"2023-11-08T10:33:33","modified_gmt":"2023-11-08T09:33:33","slug":"el-sinodo-y-las-mujeres","status":"publish","type":"post","link":"https:\/\/exaudi.org\/es\/el-sinodo-y-las-mujeres\/","title":{"rendered":"El S\u00ednodo y las mujeres"},"content":{"rendered":"<audio class=\"wp-audio-shortcode\" id=\"audio-87398-1\" preload=\"none\" style=\"width: 100%;\" controls=\"controls\"><source type=\"audio\/mpeg\" src=\"https:\/\/exaudi.org\/wp-content\/uploads\/2023\/11\/El-Sinodo-y-las-mujeres.mp3?_=1\" \/><a href=\"https:\/\/exaudi.org\/wp-content\/uploads\/2023\/11\/El-Sinodo-y-las-mujeres.mp3\">https:\/\/exaudi.org\/wp-content\/uploads\/2023\/11\/El-Sinodo-y-las-mujeres.mp3<\/a><\/audio>\n<p>El\u00a0<a href=\"https:\/\/exaudi.org\/es\/author\/felipearizmendi\/\" target=\"_blank\" rel=\"noopener\">cardenal Felipe Arizmendi<\/a>, obispo em\u00e9rito de San Crist\u00f3bal de Las Casas y responsable de la Doctrina de la Fe en la\u00a0<a href=\"https:\/\/www.cem.org.mx\/\" target=\"_blank\" rel=\"noopener\">Conferencia del Episcopado Mexicano (CEM)<\/a>, ofrece a los lectores de Exaudi su art\u00edculo semanal titulado\u00a0<strong>\u201cEl S\u00ednodo y las mujeres\u201d<\/strong>.<\/p>\n<p>***<\/p>\n<h3><strong>MIRAR<\/strong><\/h3>\n<p>Algunas mujeres esperaban que la reciente asamblea del S\u00ednodo de los Obispos les abriera las puertas no s\u00f3lo al diaconado, sino al presbiterado y dem\u00e1s. Recordemos que a\u00fan no es el momento de tomar decisiones, sino de escuchar propuestas que llegan de todo el mundo, de personas de muy diferentes culturas y orientaciones teol\u00f3gicas y pastorales. Se siguen analizando opiniones sobre este y otros temas. Cuando, en octubre de 2024, se concluya la segunda sesi\u00f3n del S\u00ednodo y se entreguen las propuestas al Papa, \u00e9l, con la autoridad que le viene del mismo Jes\u00fas, nos indicar\u00e1 el camino a seguir. Que el Esp\u00edritu Santo lo ilumine.<\/p>\n<p>He tenido oportunidad de tratar a muchas mujeres, a muchas religiosas, y ninguna me ha insistido en que tienen derecho a asumir el ministerio diaconal o presbiteral. Son mujeres ejemplares y heroicas en su servicio apost\u00f3lico y pastoral. Se sienten realizadas con lo que hacen y no est\u00e1n esperando otra cosa. Sin embargo, es necesario seguir discutiendo este tema con toda libertad, para que, juntos, encontremos lo que Dios quiere para su Iglesia. Otras denominaciones protestantes han dado este paso, y no por ello la evangelizaci\u00f3n ha avanzado mucho en sus pa\u00edses. El actual C\u00f3digo de Derecho Can\u00f3nico permite que puedan bautizar y presidir matrimonios, as\u00ed como otros muchos servicios; s\u00f3lo hace falta ponerlo en pr\u00e1ctica.<\/p>\n<p>\u00bfQu\u00e9 se dijo en el S\u00ednodo sobre este asunto? Comparto algunos puntos.<\/p>\n<h3><strong>DISCERNIR<\/strong><\/h3>\n<p><strong>Convergencias en que todos estuvieron de acuerdo:<\/strong><\/p>\n<ol>\n<li><em>\u201c<\/em><em>Fuimos creados var\u00f3n y mujer, a imagen y semejanza de Dios. Desde el principio, la creaci\u00f3n articula unidad y diferencia, dando a la mujer y al hombre una naturaleza, una vocaci\u00f3n y un destino compartidos y dos experiencias distintas de lo humano. La Sagrada Escritura da testimonio de la complementariedad y reciprocidad de la mujer y el hombre. Jes\u00fas consider\u00f3 a las mujeres sus interlocutoras<\/em><em>.<\/em><\/li>\n<li><em>En Cristo, mujeres y hombres est\u00e1n revestidos de la misma dignidad bautismal y reciben por igual la variedad de los dones del Esp\u00edritu. Hombres y mujeres est\u00e1n llamados a una comuni\u00f3n caracterizada por una corresponsabilidad no competitiva, que debe encarnarse en todos los niveles de la vida de la Iglesia.<\/em><\/li>\n<li><em>P<\/em><em>edimos a la Iglesia que crezca en su compromiso de comprender y acompa\u00f1ar pastoral y sacramentalmente a las mujeres. <\/em><\/li>\n<li><em>Las mujeres constituyen la mayor\u00eda de los fieles y a menudo son las primeras misioneras de la fe en la familia. Las mujeres consagradas, en la vida contemplativa y apost\u00f3lica, constituyen un don, un signo y un testimonio de fundamental importancia entre nosotros.<\/em><\/li>\n<li><em>Mar\u00eda de Nazaret, mujer de fe y madre de Dios, sigue siendo para todos una fuente extraordinaria de sentido desde el punto de vista teol\u00f3gico, eclesial y espiritual. <\/em><\/li>\n<li><em>Muchas mujeres expresaron su profunda gratitud por la labor de sacerdotes y obispos, pero tambi\u00e9n hablaron de una Iglesia que duele. El clericalismo, el machismo y el uso inadecuado de la autoridad siguen marcando el rostro de la Iglesia y da\u00f1ando la comuni\u00f3n. Es necesaria una profunda conversi\u00f3n espiritual como base de cualquier cambio estructural. Los abusos sexuales, de poder y econ\u00f3micos siguen exigiendo justicia, sanaci\u00f3n y reconciliaci\u00f3n. Nos preguntamos c\u00f3mo puede convertirse la Iglesia en un espacio capaz de proteger a todos.<\/em><\/li>\n<li><em>El proceso sinodal muestra que es necesaria una renovaci\u00f3n de las relaciones y cambios estructurales. As\u00ed podremos acoger mejor la participaci\u00f3n y la contribuci\u00f3n de todos -laicos y laicas, consagrados y consagradas, di\u00e1conos, sacerdotes y obispos- como disc\u00edpulos corresponsables de la misi\u00f3n.<\/em><\/li>\n<li><em>E<\/em><em>vitemos repetir el error de hablar de las mujeres como una cuesti\u00f3n o un problema. Por el contrario, deseamos promover una Iglesia en la que hombres y mujeres dialoguen para comprender mejor la profundidad del plan de Dios, en el que aparecen juntos como protagonistas, sin subordinaci\u00f3n, exclusi\u00f3n ni competencia<\/em><em>\u201d<\/em><em>.<\/em><\/li>\n<\/ol>\n<p><strong>Cuestiones que deben abordarse<\/strong><strong> y analizarse:<\/strong><\/p>\n<ol>\n<li><em>\u201cE<\/em><em>xigencia de un mayor reconocimiento y valorizaci\u00f3n de la aportaci\u00f3n de las mujeres y de un aumento de las responsabilidades pastorales que se les conf\u00edan en todos los \u00e1mbitos de la vida y la misi\u00f3n de la Iglesia. \u00bf<\/em><em>C<\/em><em>\u00f3mo puede la Iglesia incluir a m\u00e1s mujeres en las funciones y ministerios existentes?<\/em><\/li>\n<li><em>Se han expresado diferentes posturas sobre el acceso de las mujeres al ministerio diaconal. Algunos consideran que este paso ser\u00eda inaceptable, ya que estar\u00eda en discontinuidad con la Tradici\u00f3n. Para otros, sin embargo, conceder a las mujeres el acceso al diaconado restaurar\u00eda una pr\u00e1ctica de la Iglesia primitiva. Otros ven en este paso una respuesta adecuada y necesaria a los signos de los tiempos, fiel a la Tradici\u00f3n y capaz de encontrar eco en los corazones de muchos que buscan una renovada vitalidad y energ\u00eda en la Iglesia. Algunos expresan el temor de que esta petici\u00f3n sea expresi\u00f3n de una peligrosa confusi\u00f3n antropol\u00f3gica, acogiendo con agrado que la Iglesia se alinee con el esp\u00edritu de los tiempos<\/em><em>\u201d<\/em><em>.<\/em><\/li>\n<\/ol>\n<p><strong>Propuestas<\/strong><strong>:<\/strong><\/p>\n<ol>\n<li><em>\u201cA<\/em><em>mpliar <\/em><em>el<\/em><em> servicio de escucha, acompa\u00f1amiento y atenci\u00f3n a las mujeres m\u00e1s marginadas en los distintos contextos sociales.<\/em><\/li>\n<li><em>Es<\/em> <em>urgente<\/em> <em>garantizar<\/em> <em>que<\/em> <em>las<\/em> <em>mujeres<\/em> <em>puedan<\/em> <em>participar<\/em> <em>en<\/em> <em>los<\/em> <em>procesos<\/em> <em>de<\/em> <em>toma<\/em> <em>de<\/em> <em>decisiones<\/em> <em>y<\/em> <em>asumir funciones de responsabilidad en el trabajo pastoral y el ministerio. El derecho can\u00f3nico debe adaptarse en consecuencia.<\/em><\/li>\n<li><em>La investigaci\u00f3n teol\u00f3gica y pastoral sobre el acceso de las mujeres al diaconado debe continuar.<\/em><\/li>\n<li><em>Hay<\/em><em> casos de discriminaci\u00f3n laboral y de desigualdad de remuneraci\u00f3n en el seno de la Iglesia, en particular con respecto a las mujeres consagradas, consideradas con demasiada frecuencia mano de obra barata.<\/em><\/li>\n<li><em>Las mujeres deben ser incluidas en los programas de ense\u00f1anza y formaci\u00f3n de los seminarios .<\/em><\/li>\n<li><em>Que los textos lit\u00fargicos y los documentos de la Iglesia est\u00e9n m\u00e1s atentos no s\u00f3lo al uso de un lenguaje que tenga en cuenta por igual a hombres y mujeres, sino tambi\u00e9n a la inclusi\u00f3n de una gama de palabras, im\u00e1genes e historias que se inspiren con mayor vitalidad en la experiencia de las mujeres<\/em><em>\u201d<\/em><em>.<\/em><\/li>\n<\/ol>\n<h3><strong>ACTUAR<\/strong><\/h3>\n<p>Tomemos en cuenta lo que nuestros representantes en el S\u00ednodo dijeron, para que no se quede en papel, y demos a la mujer el lugar que Dios quiere para ella desde el hogar y la comunidad. Los cl\u00e9rigos meditemos lo que se nos indica y que el Esp\u00edritu Santo nos ayude a convertirnos en aquellos puntos que no van de acuerdo con la voluntad de Dios.<\/p>\n","protected":false},"excerpt":{"rendered":"<p>Demos a la mujer el lugar que Dios quiere para ella desde el hogar y la comunidad<\/p>\n","protected":false},"author":24,"featured_media":87399,"comment_status":"closed","ping_status":"closed","sticky":false,"template":"","format":"standard","meta":{"_acf_changed":false,"_crdt_document":"","inline_featured_image":false,"footnotes":""},"categories":[],"tags":[159],"class_list":["post-87398","post","type-post","status-publish","format-standard","has-post-thumbnail","hentry","tag-mujeres"],"acf":[],"yoast_head":"<!-- This site is optimized with the Yoast SEO plugin v27.5 - https:\/\/yoast.com\/product\/yoast-seo-wordpress\/ -->\n<title>El S\u00ednodo y las mujeres &#8211; Exaudi<\/title>\n<meta name=\"robots\" content=\"index, follow, max-snippet:-1, max-image-preview:large, max-video-preview:-1\" \/>\n<link rel=\"canonical\" href=\"https:\/\/exaudi.org\/es\/el-sinodo-y-las-mujeres\/\" \/>\n<meta property=\"og:locale\" content=\"es_ES\" \/>\n<meta property=\"og:type\" content=\"article\" \/>\n<meta property=\"og:title\" content=\"El S\u00ednodo y las mujeres &#8211; Exaudi\" \/>\n<meta property=\"og:description\" content=\"Demos a la mujer el lugar que Dios quiere para ella desde el hogar y la comunidad\" \/>\n<meta property=\"og:url\" content=\"https:\/\/exaudi.org\/es\/el-sinodo-y-las-mujeres\/\" \/>\n<meta property=\"og:site_name\" content=\"Exaudi\" \/>\n<meta property=\"article:publisher\" content=\"https:\/\/www.facebook.com\/ExaudiNews\" \/>\n<meta property=\"article:published_time\" content=\"2023-11-08T07:15:01+00:00\" \/>\n<meta property=\"article:modified_time\" content=\"2023-11-08T09:33:33+00:00\" \/>\n<meta property=\"og:image\" content=\"https:\/\/exaudi.org\/wp-content\/uploads\/2023\/11\/392749678_18389214502050570_7428743657778090388_n.jpg\" \/>\n\t<meta property=\"og:image:width\" content=\"1080\" \/>\n\t<meta property=\"og:image:height\" content=\"810\" \/>\n\t<meta property=\"og:image:type\" content=\"image\/jpeg\" \/>\n<meta name=\"author\" content=\"Cardenal Felipe Arizmendi\" \/>\n<meta name=\"twitter:card\" content=\"summary_large_image\" \/>\n<meta name=\"twitter:creator\" content=\"@Exaudi_News\" \/>\n<meta name=\"twitter:site\" content=\"@Exaudi_News\" \/>\n<meta name=\"twitter:label1\" content=\"Escrito por\" \/>\n\t<meta name=\"twitter:data1\" content=\"Cardenal Felipe Arizmendi\" \/>\n\t<meta name=\"twitter:label2\" content=\"Tiempo de lectura\" \/>\n\t<meta name=\"twitter:data2\" content=\"6 minutos\" \/>\n<script type=\"application\/ld+json\" class=\"yoast-schema-graph\">{\"@context\":\"https:\\\/\\\/schema.org\",\"@graph\":[{\"@type\":\"Article\",\"@id\":\"https:\\\/\\\/exaudi.org\\\/es\\\/el-sinodo-y-las-mujeres\\\/#article\",\"isPartOf\":{\"@id\":\"https:\\\/\\\/exaudi.org\\\/es\\\/el-sinodo-y-las-mujeres\\\/\"},\"author\":{\"name\":\"Cardenal Felipe Arizmendi\",\"@id\":\"https:\\\/\\\/exaudi.org\\\/#\\\/schema\\\/person\\\/c7d223f87e58f1105d044d8da1439102\"},\"headline\":\"El S\u00ednodo y las mujeres\",\"datePublished\":\"2023-11-08T07:15:01+00:00\",\"dateModified\":\"2023-11-08T09:33:33+00:00\",\"mainEntityOfPage\":{\"@id\":\"https:\\\/\\\/exaudi.org\\\/es\\\/el-sinodo-y-las-mujeres\\\/\"},\"wordCount\":1186,\"image\":{\"@id\":\"https:\\\/\\\/exaudi.org\\\/es\\\/el-sinodo-y-las-mujeres\\\/#primaryimage\"},\"thumbnailUrl\":\"https:\\\/\\\/exaudi.org\\\/wp-content\\\/uploads\\\/2023\\\/11\\\/392749678_18389214502050570_7428743657778090388_n.jpg\",\"keywords\":[\"mujeres\"],\"inLanguage\":\"es\"},{\"@type\":\"WebPage\",\"@id\":\"https:\\\/\\\/exaudi.org\\\/es\\\/el-sinodo-y-las-mujeres\\\/\",\"url\":\"https:\\\/\\\/exaudi.org\\\/es\\\/el-sinodo-y-las-mujeres\\\/\",\"name\":\"El S\u00ednodo y las mujeres &#8211; Exaudi\",\"isPartOf\":{\"@id\":\"https:\\\/\\\/exaudi.org\\\/#website\"},\"primaryImageOfPage\":{\"@id\":\"https:\\\/\\\/exaudi.org\\\/es\\\/el-sinodo-y-las-mujeres\\\/#primaryimage\"},\"image\":{\"@id\":\"https:\\\/\\\/exaudi.org\\\/es\\\/el-sinodo-y-las-mujeres\\\/#primaryimage\"},\"thumbnailUrl\":\"https:\\\/\\\/exaudi.org\\\/wp-content\\\/uploads\\\/2023\\\/11\\\/392749678_18389214502050570_7428743657778090388_n.jpg\",\"datePublished\":\"2023-11-08T07:15:01+00:00\",\"dateModified\":\"2023-11-08T09:33:33+00:00\",\"author\":{\"@id\":\"https:\\\/\\\/exaudi.org\\\/#\\\/schema\\\/person\\\/c7d223f87e58f1105d044d8da1439102\"},\"breadcrumb\":{\"@id\":\"https:\\\/\\\/exaudi.org\\\/es\\\/el-sinodo-y-las-mujeres\\\/#breadcrumb\"},\"inLanguage\":\"es\",\"potentialAction\":[{\"@type\":\"ReadAction\",\"target\":[\"https:\\\/\\\/exaudi.org\\\/es\\\/el-sinodo-y-las-mujeres\\\/\"]}]},{\"@type\":\"ImageObject\",\"inLanguage\":\"es\",\"@id\":\"https:\\\/\\\/exaudi.org\\\/es\\\/el-sinodo-y-las-mujeres\\\/#primaryimage\",\"url\":\"https:\\\/\\\/exaudi.org\\\/wp-content\\\/uploads\\\/2023\\\/11\\\/392749678_18389214502050570_7428743657778090388_n.jpg\",\"contentUrl\":\"https:\\\/\\\/exaudi.org\\\/wp-content\\\/uploads\\\/2023\\\/11\\\/392749678_18389214502050570_7428743657778090388_n.jpg\",\"width\":1080,\"height\":810,\"caption\":\"xiskya\"},{\"@type\":\"BreadcrumbList\",\"@id\":\"https:\\\/\\\/exaudi.org\\\/es\\\/el-sinodo-y-las-mujeres\\\/#breadcrumb\",\"itemListElement\":[{\"@type\":\"ListItem\",\"position\":1,\"name\":\"Portada\",\"item\":\"https:\\\/\\\/exaudi.org\\\/es\\\/\"},{\"@type\":\"ListItem\",\"position\":2,\"name\":\"El S\u00ednodo y las mujeres\"}]},{\"@type\":\"WebSite\",\"@id\":\"https:\\\/\\\/exaudi.org\\\/#website\",\"url\":\"https:\\\/\\\/exaudi.org\\\/\",\"name\":\"Exaudi\",\"description\":\"News\",\"potentialAction\":[{\"@type\":\"SearchAction\",\"target\":{\"@type\":\"EntryPoint\",\"urlTemplate\":\"https:\\\/\\\/exaudi.org\\\/?s={search_term_string}\"},\"query-input\":{\"@type\":\"PropertyValueSpecification\",\"valueRequired\":true,\"valueName\":\"search_term_string\"}}],\"inLanguage\":\"es\"},{\"@type\":\"Person\",\"@id\":\"https:\\\/\\\/exaudi.org\\\/#\\\/schema\\\/person\\\/c7d223f87e58f1105d044d8da1439102\",\"name\":\"Cardenal Felipe Arizmendi\",\"image\":{\"@type\":\"ImageObject\",\"inLanguage\":\"es\",\"@id\":\"https:\\\/\\\/secure.gravatar.com\\\/avatar\\\/4ffc5520d896b86d39346168903de33a17ef0f23d16de0ff45062c1ff422ed2f?s=96&d=mm&r=g\",\"url\":\"https:\\\/\\\/secure.gravatar.com\\\/avatar\\\/4ffc5520d896b86d39346168903de33a17ef0f23d16de0ff45062c1ff422ed2f?s=96&d=mm&r=g\",\"contentUrl\":\"https:\\\/\\\/secure.gravatar.com\\\/avatar\\\/4ffc5520d896b86d39346168903de33a17ef0f23d16de0ff45062c1ff422ed2f?s=96&d=mm&r=g\",\"caption\":\"Cardenal Felipe Arizmendi\"},\"description\":\"Nacido en Chiltepec el 1 de mayo de 1940. Estudi\u00f3 Humanidades y Filosof\u00eda en el Seminario de Toluca, de 1952 a 1959. Curs\u00f3 la Teolog\u00eda en la Universidad Pontificia de Salamanca, Espa\u00f1a, de 1959 a 1963, obteniendo la licenciatura en Teolog\u00eda Dogm\u00e1tica. Por su cuenta, se especializ\u00f3 en Liturgia. Fue ordenado sacerdote el 25 de agosto de 1963 en Toluca. Sirvi\u00f3 como Vicario Parroquial en tres parroquias por tres a\u00f1os y medio y fue p\u00e1rroco de una comunidad ind\u00edgena otom\u00ed, de 1967 a 1970. Fue Director Espiritual del Seminario de Toluca por diez a\u00f1os, y Rector del mismo de 1981 a 1991. El 7 de marzo de 1991, fue ordenado obispo de la di\u00f3cesis de Tapachula, donde estuvo hasta el 30 de abril del a\u00f1o 2000. El 1 de mayo del 2000, inici\u00f3 su ministerio episcopal como XLVI obispo de la di\u00f3cesis de San Crist\u00f3bal de las Casas, Chiapas, una de las di\u00f3cesis m\u00e1s antiguas de M\u00e9xico, erigida en 1539; all\u00ed sirvi\u00f3 por casi 18 a\u00f1os. Ha ocupado diversos cargos en la Conferencia del Episcopado Mexicano y en el CELAM. El 3 de noviembre de 2017, el Papa Francisco le acept\u00f3, por edad, su renuncia al servicio episcopal en esta di\u00f3cesis, que entreg\u00f3 a su sucesor el 3 de enero de 2018. Desde entonces, reside en la ciudad de Toluca. Desde 1979, escribe art\u00edculos de actualidad en varios medios religiosos y civiles. Es autor de varias publicaciones.\",\"url\":\"https:\\\/\\\/exaudi.org\\\/es\\\/author\\\/felipearizmendi\\\/\"}]}<\/script>\n<!-- \/ Yoast SEO plugin. -->","yoast_head_json":{"title":"El S\u00ednodo y las mujeres &#8211; Exaudi","robots":{"index":"index","follow":"follow","max-snippet":"max-snippet:-1","max-image-preview":"max-image-preview:large","max-video-preview":"max-video-preview:-1"},"canonical":"https:\/\/exaudi.org\/es\/el-sinodo-y-las-mujeres\/","og_locale":"es_ES","og_type":"article","og_title":"El S\u00ednodo y las mujeres &#8211; Exaudi","og_description":"Demos a la mujer el lugar que Dios quiere para ella desde el hogar y la comunidad","og_url":"https:\/\/exaudi.org\/es\/el-sinodo-y-las-mujeres\/","og_site_name":"Exaudi","article_publisher":"https:\/\/www.facebook.com\/ExaudiNews","article_published_time":"2023-11-08T07:15:01+00:00","article_modified_time":"2023-11-08T09:33:33+00:00","og_image":[{"width":1080,"height":810,"url":"https:\/\/exaudi.org\/wp-content\/uploads\/2023\/11\/392749678_18389214502050570_7428743657778090388_n.jpg","type":"image\/jpeg"}],"author":"Cardenal Felipe Arizmendi","twitter_card":"summary_large_image","twitter_creator":"@Exaudi_News","twitter_site":"@Exaudi_News","twitter_misc":{"Escrito por":"Cardenal Felipe Arizmendi","Tiempo de lectura":"6 minutos"},"schema":{"@context":"https:\/\/schema.org","@graph":[{"@type":"Article","@id":"https:\/\/exaudi.org\/es\/el-sinodo-y-las-mujeres\/#article","isPartOf":{"@id":"https:\/\/exaudi.org\/es\/el-sinodo-y-las-mujeres\/"},"author":{"name":"Cardenal Felipe Arizmendi","@id":"https:\/\/exaudi.org\/#\/schema\/person\/c7d223f87e58f1105d044d8da1439102"},"headline":"El S\u00ednodo y las mujeres","datePublished":"2023-11-08T07:15:01+00:00","dateModified":"2023-11-08T09:33:33+00:00","mainEntityOfPage":{"@id":"https:\/\/exaudi.org\/es\/el-sinodo-y-las-mujeres\/"},"wordCount":1186,"image":{"@id":"https:\/\/exaudi.org\/es\/el-sinodo-y-las-mujeres\/#primaryimage"},"thumbnailUrl":"https:\/\/exaudi.org\/wp-content\/uploads\/2023\/11\/392749678_18389214502050570_7428743657778090388_n.jpg","keywords":["mujeres"],"inLanguage":"es"},{"@type":"WebPage","@id":"https:\/\/exaudi.org\/es\/el-sinodo-y-las-mujeres\/","url":"https:\/\/exaudi.org\/es\/el-sinodo-y-las-mujeres\/","name":"El S\u00ednodo y las mujeres &#8211; Exaudi","isPartOf":{"@id":"https:\/\/exaudi.org\/#website"},"primaryImageOfPage":{"@id":"https:\/\/exaudi.org\/es\/el-sinodo-y-las-mujeres\/#primaryimage"},"image":{"@id":"https:\/\/exaudi.org\/es\/el-sinodo-y-las-mujeres\/#primaryimage"},"thumbnailUrl":"https:\/\/exaudi.org\/wp-content\/uploads\/2023\/11\/392749678_18389214502050570_7428743657778090388_n.jpg","datePublished":"2023-11-08T07:15:01+00:00","dateModified":"2023-11-08T09:33:33+00:00","author":{"@id":"https:\/\/exaudi.org\/#\/schema\/person\/c7d223f87e58f1105d044d8da1439102"},"breadcrumb":{"@id":"https:\/\/exaudi.org\/es\/el-sinodo-y-las-mujeres\/#breadcrumb"},"inLanguage":"es","potentialAction":[{"@type":"ReadAction","target":["https:\/\/exaudi.org\/es\/el-sinodo-y-las-mujeres\/"]}]},{"@type":"ImageObject","inLanguage":"es","@id":"https:\/\/exaudi.org\/es\/el-sinodo-y-las-mujeres\/#primaryimage","url":"https:\/\/exaudi.org\/wp-content\/uploads\/2023\/11\/392749678_18389214502050570_7428743657778090388_n.jpg","contentUrl":"https:\/\/exaudi.org\/wp-content\/uploads\/2023\/11\/392749678_18389214502050570_7428743657778090388_n.jpg","width":1080,"height":810,"caption":"xiskya"},{"@type":"BreadcrumbList","@id":"https:\/\/exaudi.org\/es\/el-sinodo-y-las-mujeres\/#breadcrumb","itemListElement":[{"@type":"ListItem","position":1,"name":"Portada","item":"https:\/\/exaudi.org\/es\/"},{"@type":"ListItem","position":2,"name":"El S\u00ednodo y las mujeres"}]},{"@type":"WebSite","@id":"https:\/\/exaudi.org\/#website","url":"https:\/\/exaudi.org\/","name":"Exaudi","description":"News","potentialAction":[{"@type":"SearchAction","target":{"@type":"EntryPoint","urlTemplate":"https:\/\/exaudi.org\/?s={search_term_string}"},"query-input":{"@type":"PropertyValueSpecification","valueRequired":true,"valueName":"search_term_string"}}],"inLanguage":"es"},{"@type":"Person","@id":"https:\/\/exaudi.org\/#\/schema\/person\/c7d223f87e58f1105d044d8da1439102","name":"Cardenal Felipe Arizmendi","image":{"@type":"ImageObject","inLanguage":"es","@id":"https:\/\/secure.gravatar.com\/avatar\/4ffc5520d896b86d39346168903de33a17ef0f23d16de0ff45062c1ff422ed2f?s=96&d=mm&r=g","url":"https:\/\/secure.gravatar.com\/avatar\/4ffc5520d896b86d39346168903de33a17ef0f23d16de0ff45062c1ff422ed2f?s=96&d=mm&r=g","contentUrl":"https:\/\/secure.gravatar.com\/avatar\/4ffc5520d896b86d39346168903de33a17ef0f23d16de0ff45062c1ff422ed2f?s=96&d=mm&r=g","caption":"Cardenal Felipe Arizmendi"},"description":"Nacido en Chiltepec el 1 de mayo de 1940. Estudi\u00f3 Humanidades y Filosof\u00eda en el Seminario de Toluca, de 1952 a 1959. Curs\u00f3 la Teolog\u00eda en la Universidad Pontificia de Salamanca, Espa\u00f1a, de 1959 a 1963, obteniendo la licenciatura en Teolog\u00eda Dogm\u00e1tica. Por su cuenta, se especializ\u00f3 en Liturgia. Fue ordenado sacerdote el 25 de agosto de 1963 en Toluca. Sirvi\u00f3 como Vicario Parroquial en tres parroquias por tres a\u00f1os y medio y fue p\u00e1rroco de una comunidad ind\u00edgena otom\u00ed, de 1967 a 1970. Fue Director Espiritual del Seminario de Toluca por diez a\u00f1os, y Rector del mismo de 1981 a 1991. El 7 de marzo de 1991, fue ordenado obispo de la di\u00f3cesis de Tapachula, donde estuvo hasta el 30 de abril del a\u00f1o 2000. El 1 de mayo del 2000, inici\u00f3 su ministerio episcopal como XLVI obispo de la di\u00f3cesis de San Crist\u00f3bal de las Casas, Chiapas, una de las di\u00f3cesis m\u00e1s antiguas de M\u00e9xico, erigida en 1539; all\u00ed sirvi\u00f3 por casi 18 a\u00f1os. Ha ocupado diversos cargos en la Conferencia del Episcopado Mexicano y en el CELAM. El 3 de noviembre de 2017, el Papa Francisco le acept\u00f3, por edad, su renuncia al servicio episcopal en esta di\u00f3cesis, que entreg\u00f3 a su sucesor el 3 de enero de 2018. Desde entonces, reside en la ciudad de Toluca. Desde 1979, escribe art\u00edculos de actualidad en varios medios religiosos y civiles. Es autor de varias publicaciones.","url":"https:\/\/exaudi.org\/es\/author\/felipearizmendi\/"}]}},"jetpack_featured_media_url":"https:\/\/exaudi.org\/wp-content\/uploads\/2023\/11\/392749678_18389214502050570_7428743657778090388_n.jpg","jetpack_shortlink":"https:\/\/wp.me\/pgKjF2-mJE","_links":{"self":[{"href":"https:\/\/exaudi.org\/es\/wp-json\/wp\/v2\/posts\/87398","targetHints":{"allow":["GET"]}}],"collection":[{"href":"https:\/\/exaudi.org\/es\/wp-json\/wp\/v2\/posts"}],"about":[{"href":"https:\/\/exaudi.org\/es\/wp-json\/wp\/v2\/types\/post"}],"author":[{"embeddable":true,"href":"https:\/\/exaudi.org\/es\/wp-json\/wp\/v2\/users\/24"}],"replies":[{"embeddable":true,"href":"https:\/\/exaudi.org\/es\/wp-json\/wp\/v2\/comments?post=87398"}],"version-history":[{"count":0,"href":"https:\/\/exaudi.org\/es\/wp-json\/wp\/v2\/posts\/87398\/revisions"}],"wp:featuredmedia":[{"embeddable":true,"href":"https:\/\/exaudi.org\/es\/wp-json\/wp\/v2\/media\/87399"}],"wp:attachment":[{"href":"https:\/\/exaudi.org\/es\/wp-json\/wp\/v2\/media?parent=87398"}],"wp:term":[{"taxonomy":"category","embeddable":true,"href":"https:\/\/exaudi.org\/es\/wp-json\/wp\/v2\/categories?post=87398"},{"taxonomy":"post_tag","embeddable":true,"href":"https:\/\/exaudi.org\/es\/wp-json\/wp\/v2\/tags?post=87398"}],"curies":[{"name":"wp","href":"https:\/\/api.w.org\/{rel}","templated":true}]}}