{"id":87341,"date":"2023-11-07T09:35:41","date_gmt":"2023-11-07T08:35:41","guid":{"rendered":"https:\/\/exaudi.org\/?p=87341"},"modified":"2023-11-07T10:01:01","modified_gmt":"2023-11-07T09:01:01","slug":"dos-alas-del-pensamiento","status":"publish","type":"post","link":"https:\/\/exaudi.org\/es\/dos-alas-del-pensamiento\/","title":{"rendered":"Dos alas del pensamiento"},"content":{"rendered":"<audio class=\"wp-audio-shortcode\" id=\"audio-87341-1\" preload=\"none\" style=\"width: 100%;\" controls=\"controls\"><source type=\"audio\/mpeg\" src=\"https:\/\/exaudi.org\/wp-content\/uploads\/2023\/11\/Dos-alas-de-pensamiento.mp3?_=1\" \/><a href=\"https:\/\/exaudi.org\/wp-content\/uploads\/2023\/11\/Dos-alas-de-pensamiento.mp3\">https:\/\/exaudi.org\/wp-content\/uploads\/2023\/11\/Dos-alas-de-pensamiento.mp3<\/a><\/audio>\n<p>El\u00a0sacerdote <a href=\"https:\/\/exaudi.org\/es\/author\/jesus-ortiz-lopez\/\" target=\"_blank\" rel=\"noopener\">Jes\u00fas Ortiz L\u00f3pez<\/a> ofrece a los lectores de Exaudi su art\u00edculo titulado\u00a0<strong>\u201cDos alas del pensamiento\u201d<\/strong>.<\/p>\n<p>***<\/p>\n<p><strong>Preguntas y respuestas<\/strong><\/p>\n<p>Bienvenidos sean esas obras sobre la eterna cuesti\u00f3n de la existencia de Dios, se\u00f1al de que siempre es actual la pregunta sobre la causa de todo cuanto existe; las ciencias experimentales responden seg\u00fan su m\u00e9todo propio y la filosof\u00eda de acuerdo con el suyo: \u00a0son dos planos distintos. Se refieren siempre al recto uso de la raz\u00f3n que piensa sobre la realidad y su sentido para el hombre<em>: el eterno pregunt\u00f3n<\/em> sobre el c\u00f3mo y los porqu\u00e9s del mundo.<\/p>\n<p><img loading=\"lazy\" decoding=\"async\" class=\"alignleft wp-image-87349\" src=\"https:\/\/exaudi.org\/wp-content\/uploads\/2023\/11\/maxresdefault-1.jpg\" alt=\"\" width=\"601\" height=\"338\" srcset=\"https:\/\/exaudi.org\/wp-content\/uploads\/2023\/11\/maxresdefault-1.jpg 1280w, https:\/\/exaudi.org\/wp-content\/uploads\/2023\/11\/maxresdefault-1-300x169.jpg 300w, https:\/\/exaudi.org\/wp-content\/uploads\/2023\/11\/maxresdefault-1-1024x576.jpg 1024w, https:\/\/exaudi.org\/wp-content\/uploads\/2023\/11\/maxresdefault-1-770x433.jpg 770w, https:\/\/exaudi.org\/wp-content\/uploads\/2023\/11\/maxresdefault-1-500x281.jpg 500w, https:\/\/exaudi.org\/wp-content\/uploads\/2023\/11\/maxresdefault-1-293x165.jpg 293w, https:\/\/exaudi.org\/wp-content\/uploads\/2023\/11\/maxresdefault-1-390x219.jpg 390w\" sizes=\"auto, (max-width: 601px) 100vw, 601px\" \/>El libro de Gonz\u00e1lez-Hurtado presenta muchas evidencias alcanzadas por el desarrollo extraordinario de las ciencias en los dos \u00faltimos siglos. Y cita a muchos cient\u00edficos que se declaran te\u00edstas ante los hallazgos cient\u00edficos y por convicci\u00f3n racional. Unos son m\u00e1s conocidos por el p\u00fablico y otros principalmente por los cient\u00edficos, como vemos a continuaci\u00f3n.<\/p>\n<p><em>\u00abToda persona que se interese seriamente por la ciencia, cualquiera que sea su campo de estudio, leer\u00e1 la siguiente inscripci\u00f3n sobre la puerta del templo del conocimiento: \u201cCree\u201d. La fe es una caracter\u00edstica de la que no puede carecer el cient\u00edfico\u00bb. Max Planck<\/em><\/p>\n<p><em>\u00abEl material de ADN ha mostrado, por la casi incre\u00edble complejidad de las disposiciones que son necesarias para producir la vida, que una inteligencia ha tenido que estar involucrada\u00bb. Antoy Flew.<\/em><\/p>\n<p><em>\u00abLa teor\u00eda de que la vida ha sido creada por una inteligencia es tan evidente que uno se pregunta por qu\u00e9 no es com\u00fanmente aceptada. Las razones son m\u00e1s psicol\u00f3gicas que cient\u00edficas\u00bb. Fred Hoyle.<\/em><\/p>\n<p><em>\u00abLa coincidencia es la forma que tiene Dios para permanecer an\u00f3nimo\u00bb. Albert Einstein<\/em><\/p>\n<p><em>\u00abEl primer trago del vaso de las ciencias naturales te convertir\u00e1 en ateo, pero al fondo del vaso, Dios est\u00e1 esper\u00e1ndote\u00bb. Werner Heisenberg.<\/em><\/p>\n<p><em>\u00abCuando m\u00e1s trabajo con los poderes de la Naturaleza m\u00e1s siento la benevolencia de Dios hacia el hombre y estoy m\u00e1s cerca de la gran verdad de que todo depende del Creador y Sostenedor Eterno\u00bb. Guillermo Marconi.<\/em><\/p>\n<p><em>\u00abYo creo firmemente en la existencia de Dios, bas\u00e1ndome en la intuici\u00f3n, en las observaciones, en la l\u00f3gica y tambi\u00e9n en los conocimientos cient\u00edficos\u00bb. Charles Townes.<\/em><\/p>\n<p><em>\u00abDios existi\u00f3 antes de que hubiera seres humanos en la Tierra (\u2026) y \u00c9l permanecer\u00e1 entronizado a un nivel inaccesible a la comprensi\u00f3n humana despu\u00e9s de que la Tierra y todo lo que tiene haya desaparecido en ruinas\u00bb. Max Plank<\/em><\/p>\n<p><strong>Encuentro de fe y raz\u00f3n<\/strong><\/p>\n<p>Se cumplen ahora veinticinco a\u00f1os de la enc\u00edclica <em>Fides et ratio<\/em> de Juan Pablo II en la que aborda la relaci\u00f3n entre la fe y la raz\u00f3n no como dos realidades distintas sino como el uso de la inteligencia a partir de los hechos conocidos, bien por la experiencia o bien por la recepci\u00f3n de la revelaci\u00f3n; en ambos casos es la misma raz\u00f3n que camina paso a paso desde el an\u00e1lisis de los fen\u00f3menos hasta su fundamento. Por eso hablaba Juan Pablo II sobre la \u00abcircularidad entre fe y raz\u00f3n\u00bb, raz\u00f3n y fe, algo que se entiende cuando no hay prejuicios o esquemas mentales r\u00edgidos. Y a\u00f1ad\u00eda que son como las dos alas por las cuales la inteligencia se remonta al conocimiento de la verdad. Porque hay unas verdades comprobables por experimentaci\u00f3n y otras que proceden de razonamiento metaf\u00edsico, y lo habitual es que convivan en la misma persona y en el desarrollo de la cultura.<\/p>\n<p>No sorprende que los \u00faltimos pont\u00edfices aborden tambi\u00e9n las relaciones entre la fe y la raz\u00f3n. As\u00ed Benedicto XVI presentaba el encuentro entre fe y raz\u00f3n que responden a la pasi\u00f3n del hombre por la verdad de las cosas y de su propia existencia. Y a\u00f1ad\u00eda que ese encuentro se realiza en la forma de relaci\u00f3n personal con la Verdad en la Persona de Jesucristo: no es solo su doctrina y su ejemplo, ambos luminosos y aceptables por todos, sino que \u00c9l es la Verdad personificada, la Palabra eterna del Padre, algo que conocemos en plenitud por revelaci\u00f3n pero que la raz\u00f3n profundiza y relaciona mediante la teolog\u00eda: es el Verbo o logos sobre Dios en s\u00ed mismo y en su relaci\u00f3n con los hombres, as\u00ed como su manifestaci\u00f3n en la historia.<\/p>\n<p>El papa Francisco tambi\u00e9n ha escrito sobre ello en la enc\u00edclica <em>Lumen Fidei<\/em>, a cuatro manos ha dicho, porque la hab\u00eda empezado Benedicto XVI y \u00e9l la ha terminado; en ella denunciaba que algunos han utilizado la ciencia y su verdad como instrumento de dominio sobre otras personas. En cambio, ha invitado a descubrir y transmitir la buena noticia, el Evangelio de Jesucristo que no es solo fe y piedad sino raz\u00f3n de la vida de todo hombre como buscador del infinito, y all\u00ed va a encontrar a Dios.<\/p>\n","protected":false},"excerpt":{"rendered":"<p>\u00abNuevas evidencias cient\u00edficas de la existencia de Dios\u00bb. Es el t\u00edtulo de la reciente obra de Jos\u00e9 Carlos Gonz\u00e1lez-Hurtado. Estos d\u00edas se habla tambi\u00e9n del libro de los cient\u00edficos franceses Olivier Bonnassies y Michel-Yves Bollor\u00e9 , titulado. \u00abDios, La Ciencia, Las Pruebas\u00bb<\/p>\n","protected":false},"author":128,"featured_media":87364,"comment_status":"closed","ping_status":"closed","sticky":false,"template":"","format":"standard","meta":{"_acf_changed":false,"_crdt_document":"","inline_featured_image":false,"footnotes":""},"categories":[130],"tags":[515,10739,10736,795,10738,10737,10737,10737,10737],"class_list":["post-87341","post","type-post","status-publish","format-standard","has-post-thumbnail","hentry","category-voces","tag-benedicto-xvi","tag-existencia-de-dios","tag-jose-carlos-gonzalez-hurtado","tag-juan-pablo-ii","tag-michel-yves-bollore","tag-olivier-bonnassies"],"acf":[],"yoast_head":"<!-- This site is optimized with the Yoast SEO plugin v27.5 - https:\/\/yoast.com\/product\/yoast-seo-wordpress\/ -->\n<title>Dos alas del pensamiento &#8211; Exaudi<\/title>\n<meta name=\"robots\" content=\"index, follow, max-snippet:-1, max-image-preview:large, max-video-preview:-1\" \/>\n<link rel=\"canonical\" href=\"https:\/\/exaudi.org\/es\/dos-alas-del-pensamiento\/\" \/>\n<meta property=\"og:locale\" content=\"es_ES\" \/>\n<meta property=\"og:type\" content=\"article\" \/>\n<meta property=\"og:title\" content=\"Dos alas del pensamiento &#8211; Exaudi\" \/>\n<meta property=\"og:description\" content=\"\u00abNuevas evidencias cient\u00edficas de la existencia de Dios\u00bb. Es el t\u00edtulo de la reciente obra de Jos\u00e9 Carlos Gonz\u00e1lez-Hurtado. Estos d\u00edas se habla tambi\u00e9n del libro de los cient\u00edficos franceses Olivier Bonnassies y Michel-Yves Bollor\u00e9 , titulado. &quot;Dios, La Ciencia, Las Pruebas&quot;\" \/>\n<meta property=\"og:url\" content=\"https:\/\/exaudi.org\/es\/dos-alas-del-pensamiento\/\" \/>\n<meta property=\"og:site_name\" content=\"Exaudi\" \/>\n<meta property=\"article:publisher\" content=\"https:\/\/www.facebook.com\/ExaudiNews\" \/>\n<meta property=\"article:published_time\" content=\"2023-11-07T08:35:41+00:00\" \/>\n<meta property=\"article:modified_time\" content=\"2023-11-07T09:01:01+00:00\" \/>\n<meta property=\"og:image\" content=\"https:\/\/exaudi.org\/wp-content\/uploads\/2023\/11\/pexels-julia-volk-5272962-scaled.jpg\" \/>\n\t<meta property=\"og:image:width\" content=\"2560\" \/>\n\t<meta property=\"og:image:height\" content=\"1707\" \/>\n\t<meta property=\"og:image:type\" content=\"image\/jpeg\" \/>\n<meta name=\"author\" content=\"Jes\u00fas Ortiz L\u00f3pez\" \/>\n<meta name=\"twitter:card\" content=\"summary_large_image\" \/>\n<meta name=\"twitter:creator\" content=\"@Exaudi_News\" \/>\n<meta name=\"twitter:site\" content=\"@Exaudi_News\" \/>\n<meta name=\"twitter:label1\" content=\"Escrito por\" \/>\n\t<meta name=\"twitter:data1\" content=\"Jes\u00fas Ortiz L\u00f3pez\" \/>\n\t<meta name=\"twitter:label2\" content=\"Tiempo de lectura\" \/>\n\t<meta name=\"twitter:data2\" content=\"4 minutos\" \/>\n<script type=\"application\/ld+json\" class=\"yoast-schema-graph\">{\"@context\":\"https:\\\/\\\/schema.org\",\"@graph\":[{\"@type\":\"Article\",\"@id\":\"https:\\\/\\\/exaudi.org\\\/es\\\/dos-alas-del-pensamiento\\\/#article\",\"isPartOf\":{\"@id\":\"https:\\\/\\\/exaudi.org\\\/es\\\/dos-alas-del-pensamiento\\\/\"},\"author\":{\"name\":\"Jes\u00fas Ortiz L\u00f3pez\",\"@id\":\"https:\\\/\\\/exaudi.org\\\/#\\\/schema\\\/person\\\/3c3d6c1d74b3326212e45cd4d50eb7bc\"},\"headline\":\"Dos alas del pensamiento\",\"datePublished\":\"2023-11-07T08:35:41+00:00\",\"dateModified\":\"2023-11-07T09:01:01+00:00\",\"mainEntityOfPage\":{\"@id\":\"https:\\\/\\\/exaudi.org\\\/es\\\/dos-alas-del-pensamiento\\\/\"},\"wordCount\":873,\"image\":{\"@id\":\"https:\\\/\\\/exaudi.org\\\/es\\\/dos-alas-del-pensamiento\\\/#primaryimage\"},\"thumbnailUrl\":\"https:\\\/\\\/exaudi.org\\\/wp-content\\\/uploads\\\/2023\\\/11\\\/pexels-julia-volk-5272962-scaled.jpg\",\"keywords\":[\"Benedicto XVI\",\"Existencia de Dios\",\"Jos\u00e9 Carlos Gonz\u00e1lez-Hurtado\",\"Juan Pablo II\",\"Michel-Yves Bollor\u00e9\",\"Olivier Bonnassies\",\"Olivier Bonnassies\",\"Olivier Bonnassies\",\"Olivier Bonnassies\"],\"articleSection\":[\"Voces\"],\"inLanguage\":\"es\"},{\"@type\":\"WebPage\",\"@id\":\"https:\\\/\\\/exaudi.org\\\/es\\\/dos-alas-del-pensamiento\\\/\",\"url\":\"https:\\\/\\\/exaudi.org\\\/es\\\/dos-alas-del-pensamiento\\\/\",\"name\":\"Dos alas del pensamiento &#8211; Exaudi\",\"isPartOf\":{\"@id\":\"https:\\\/\\\/exaudi.org\\\/#website\"},\"primaryImageOfPage\":{\"@id\":\"https:\\\/\\\/exaudi.org\\\/es\\\/dos-alas-del-pensamiento\\\/#primaryimage\"},\"image\":{\"@id\":\"https:\\\/\\\/exaudi.org\\\/es\\\/dos-alas-del-pensamiento\\\/#primaryimage\"},\"thumbnailUrl\":\"https:\\\/\\\/exaudi.org\\\/wp-content\\\/uploads\\\/2023\\\/11\\\/pexels-julia-volk-5272962-scaled.jpg\",\"datePublished\":\"2023-11-07T08:35:41+00:00\",\"dateModified\":\"2023-11-07T09:01:01+00:00\",\"author\":{\"@id\":\"https:\\\/\\\/exaudi.org\\\/#\\\/schema\\\/person\\\/3c3d6c1d74b3326212e45cd4d50eb7bc\"},\"breadcrumb\":{\"@id\":\"https:\\\/\\\/exaudi.org\\\/es\\\/dos-alas-del-pensamiento\\\/#breadcrumb\"},\"inLanguage\":\"es\",\"potentialAction\":[{\"@type\":\"ReadAction\",\"target\":[\"https:\\\/\\\/exaudi.org\\\/es\\\/dos-alas-del-pensamiento\\\/\"]}]},{\"@type\":\"ImageObject\",\"inLanguage\":\"es\",\"@id\":\"https:\\\/\\\/exaudi.org\\\/es\\\/dos-alas-del-pensamiento\\\/#primaryimage\",\"url\":\"https:\\\/\\\/exaudi.org\\\/wp-content\\\/uploads\\\/2023\\\/11\\\/pexels-julia-volk-5272962-scaled.jpg\",\"contentUrl\":\"https:\\\/\\\/exaudi.org\\\/wp-content\\\/uploads\\\/2023\\\/11\\\/pexels-julia-volk-5272962-scaled.jpg\",\"width\":2560,\"height\":1707},{\"@type\":\"BreadcrumbList\",\"@id\":\"https:\\\/\\\/exaudi.org\\\/es\\\/dos-alas-del-pensamiento\\\/#breadcrumb\",\"itemListElement\":[{\"@type\":\"ListItem\",\"position\":1,\"name\":\"Portada\",\"item\":\"https:\\\/\\\/exaudi.org\\\/es\\\/\"},{\"@type\":\"ListItem\",\"position\":2,\"name\":\"Dos alas del pensamiento\"}]},{\"@type\":\"WebSite\",\"@id\":\"https:\\\/\\\/exaudi.org\\\/#website\",\"url\":\"https:\\\/\\\/exaudi.org\\\/\",\"name\":\"Exaudi\",\"description\":\"News\",\"potentialAction\":[{\"@type\":\"SearchAction\",\"target\":{\"@type\":\"EntryPoint\",\"urlTemplate\":\"https:\\\/\\\/exaudi.org\\\/?s={search_term_string}\"},\"query-input\":{\"@type\":\"PropertyValueSpecification\",\"valueRequired\":true,\"valueName\":\"search_term_string\"}}],\"inLanguage\":\"es\"},{\"@type\":\"Person\",\"@id\":\"https:\\\/\\\/exaudi.org\\\/#\\\/schema\\\/person\\\/3c3d6c1d74b3326212e45cd4d50eb7bc\",\"name\":\"Jes\u00fas Ortiz L\u00f3pez\",\"image\":{\"@type\":\"ImageObject\",\"inLanguage\":\"es\",\"@id\":\"https:\\\/\\\/secure.gravatar.com\\\/avatar\\\/2d7ee77dedc332dcc206ca43529a8190285a10671f125c6318eb213d610dab47?s=96&d=mm&r=g\",\"url\":\"https:\\\/\\\/secure.gravatar.com\\\/avatar\\\/2d7ee77dedc332dcc206ca43529a8190285a10671f125c6318eb213d610dab47?s=96&d=mm&r=g\",\"contentUrl\":\"https:\\\/\\\/secure.gravatar.com\\\/avatar\\\/2d7ee77dedc332dcc206ca43529a8190285a10671f125c6318eb213d610dab47?s=96&d=mm&r=g\",\"caption\":\"Jes\u00fas Ortiz L\u00f3pez\"},\"description\":\"Jes\u00fas Ortiz L\u00f3pez es sacerdote que ejerce su labor pastoral en Madrid. Doctor en Pedagog\u00eda, por la Universidad de Navarra, y tambi\u00e9n Doctor en Derecho Can\u00f3nico. Durante varios a\u00f1os ha ejercido la docencia en esa misma Universidad, como Profesor del actual Instituto Superior de Ciencias Religiosas. Ha dirigido cursos de pedagog\u00eda religiosa para profesores de religi\u00f3n. Es autor de varias obras de sobre aspectos fundamentales de teolog\u00eda y catequ\u00e9tica, tales como: Creo pero no practico; Conocer a Dios; Preguntas comprometidas; Tres pilares de la vida cristiana.\",\"url\":\"https:\\\/\\\/exaudi.org\\\/es\\\/author\\\/jesus-ortiz-lopez\\\/\"}]}<\/script>\n<!-- \/ Yoast SEO plugin. -->","yoast_head_json":{"title":"Dos alas del pensamiento &#8211; Exaudi","robots":{"index":"index","follow":"follow","max-snippet":"max-snippet:-1","max-image-preview":"max-image-preview:large","max-video-preview":"max-video-preview:-1"},"canonical":"https:\/\/exaudi.org\/es\/dos-alas-del-pensamiento\/","og_locale":"es_ES","og_type":"article","og_title":"Dos alas del pensamiento &#8211; Exaudi","og_description":"\u00abNuevas evidencias cient\u00edficas de la existencia de Dios\u00bb. Es el t\u00edtulo de la reciente obra de Jos\u00e9 Carlos Gonz\u00e1lez-Hurtado. Estos d\u00edas se habla tambi\u00e9n del libro de los cient\u00edficos franceses Olivier Bonnassies y Michel-Yves Bollor\u00e9 , titulado. \"Dios, La Ciencia, Las Pruebas\"","og_url":"https:\/\/exaudi.org\/es\/dos-alas-del-pensamiento\/","og_site_name":"Exaudi","article_publisher":"https:\/\/www.facebook.com\/ExaudiNews","article_published_time":"2023-11-07T08:35:41+00:00","article_modified_time":"2023-11-07T09:01:01+00:00","og_image":[{"width":2560,"height":1707,"url":"https:\/\/exaudi.org\/wp-content\/uploads\/2023\/11\/pexels-julia-volk-5272962-scaled.jpg","type":"image\/jpeg"}],"author":"Jes\u00fas Ortiz L\u00f3pez","twitter_card":"summary_large_image","twitter_creator":"@Exaudi_News","twitter_site":"@Exaudi_News","twitter_misc":{"Escrito por":"Jes\u00fas Ortiz L\u00f3pez","Tiempo de lectura":"4 minutos"},"schema":{"@context":"https:\/\/schema.org","@graph":[{"@type":"Article","@id":"https:\/\/exaudi.org\/es\/dos-alas-del-pensamiento\/#article","isPartOf":{"@id":"https:\/\/exaudi.org\/es\/dos-alas-del-pensamiento\/"},"author":{"name":"Jes\u00fas Ortiz L\u00f3pez","@id":"https:\/\/exaudi.org\/#\/schema\/person\/3c3d6c1d74b3326212e45cd4d50eb7bc"},"headline":"Dos alas del pensamiento","datePublished":"2023-11-07T08:35:41+00:00","dateModified":"2023-11-07T09:01:01+00:00","mainEntityOfPage":{"@id":"https:\/\/exaudi.org\/es\/dos-alas-del-pensamiento\/"},"wordCount":873,"image":{"@id":"https:\/\/exaudi.org\/es\/dos-alas-del-pensamiento\/#primaryimage"},"thumbnailUrl":"https:\/\/exaudi.org\/wp-content\/uploads\/2023\/11\/pexels-julia-volk-5272962-scaled.jpg","keywords":["Benedicto XVI","Existencia de Dios","Jos\u00e9 Carlos Gonz\u00e1lez-Hurtado","Juan Pablo II","Michel-Yves Bollor\u00e9","Olivier Bonnassies","Olivier Bonnassies","Olivier Bonnassies","Olivier Bonnassies"],"articleSection":["Voces"],"inLanguage":"es"},{"@type":"WebPage","@id":"https:\/\/exaudi.org\/es\/dos-alas-del-pensamiento\/","url":"https:\/\/exaudi.org\/es\/dos-alas-del-pensamiento\/","name":"Dos alas del pensamiento &#8211; Exaudi","isPartOf":{"@id":"https:\/\/exaudi.org\/#website"},"primaryImageOfPage":{"@id":"https:\/\/exaudi.org\/es\/dos-alas-del-pensamiento\/#primaryimage"},"image":{"@id":"https:\/\/exaudi.org\/es\/dos-alas-del-pensamiento\/#primaryimage"},"thumbnailUrl":"https:\/\/exaudi.org\/wp-content\/uploads\/2023\/11\/pexels-julia-volk-5272962-scaled.jpg","datePublished":"2023-11-07T08:35:41+00:00","dateModified":"2023-11-07T09:01:01+00:00","author":{"@id":"https:\/\/exaudi.org\/#\/schema\/person\/3c3d6c1d74b3326212e45cd4d50eb7bc"},"breadcrumb":{"@id":"https:\/\/exaudi.org\/es\/dos-alas-del-pensamiento\/#breadcrumb"},"inLanguage":"es","potentialAction":[{"@type":"ReadAction","target":["https:\/\/exaudi.org\/es\/dos-alas-del-pensamiento\/"]}]},{"@type":"ImageObject","inLanguage":"es","@id":"https:\/\/exaudi.org\/es\/dos-alas-del-pensamiento\/#primaryimage","url":"https:\/\/exaudi.org\/wp-content\/uploads\/2023\/11\/pexels-julia-volk-5272962-scaled.jpg","contentUrl":"https:\/\/exaudi.org\/wp-content\/uploads\/2023\/11\/pexels-julia-volk-5272962-scaled.jpg","width":2560,"height":1707},{"@type":"BreadcrumbList","@id":"https:\/\/exaudi.org\/es\/dos-alas-del-pensamiento\/#breadcrumb","itemListElement":[{"@type":"ListItem","position":1,"name":"Portada","item":"https:\/\/exaudi.org\/es\/"},{"@type":"ListItem","position":2,"name":"Dos alas del pensamiento"}]},{"@type":"WebSite","@id":"https:\/\/exaudi.org\/#website","url":"https:\/\/exaudi.org\/","name":"Exaudi","description":"News","potentialAction":[{"@type":"SearchAction","target":{"@type":"EntryPoint","urlTemplate":"https:\/\/exaudi.org\/?s={search_term_string}"},"query-input":{"@type":"PropertyValueSpecification","valueRequired":true,"valueName":"search_term_string"}}],"inLanguage":"es"},{"@type":"Person","@id":"https:\/\/exaudi.org\/#\/schema\/person\/3c3d6c1d74b3326212e45cd4d50eb7bc","name":"Jes\u00fas Ortiz L\u00f3pez","image":{"@type":"ImageObject","inLanguage":"es","@id":"https:\/\/secure.gravatar.com\/avatar\/2d7ee77dedc332dcc206ca43529a8190285a10671f125c6318eb213d610dab47?s=96&d=mm&r=g","url":"https:\/\/secure.gravatar.com\/avatar\/2d7ee77dedc332dcc206ca43529a8190285a10671f125c6318eb213d610dab47?s=96&d=mm&r=g","contentUrl":"https:\/\/secure.gravatar.com\/avatar\/2d7ee77dedc332dcc206ca43529a8190285a10671f125c6318eb213d610dab47?s=96&d=mm&r=g","caption":"Jes\u00fas Ortiz L\u00f3pez"},"description":"Jes\u00fas Ortiz L\u00f3pez es sacerdote que ejerce su labor pastoral en Madrid. Doctor en Pedagog\u00eda, por la Universidad de Navarra, y tambi\u00e9n Doctor en Derecho Can\u00f3nico. Durante varios a\u00f1os ha ejercido la docencia en esa misma Universidad, como Profesor del actual Instituto Superior de Ciencias Religiosas. Ha dirigido cursos de pedagog\u00eda religiosa para profesores de religi\u00f3n. Es autor de varias obras de sobre aspectos fundamentales de teolog\u00eda y catequ\u00e9tica, tales como: Creo pero no practico; Conocer a Dios; Preguntas comprometidas; Tres pilares de la vida cristiana.","url":"https:\/\/exaudi.org\/es\/author\/jesus-ortiz-lopez\/"}]}},"jetpack_featured_media_url":"https:\/\/exaudi.org\/wp-content\/uploads\/2023\/11\/pexels-julia-volk-5272962-scaled.jpg","jetpack_shortlink":"https:\/\/wp.me\/pgKjF2-mIJ","_links":{"self":[{"href":"https:\/\/exaudi.org\/es\/wp-json\/wp\/v2\/posts\/87341","targetHints":{"allow":["GET"]}}],"collection":[{"href":"https:\/\/exaudi.org\/es\/wp-json\/wp\/v2\/posts"}],"about":[{"href":"https:\/\/exaudi.org\/es\/wp-json\/wp\/v2\/types\/post"}],"author":[{"embeddable":true,"href":"https:\/\/exaudi.org\/es\/wp-json\/wp\/v2\/users\/128"}],"replies":[{"embeddable":true,"href":"https:\/\/exaudi.org\/es\/wp-json\/wp\/v2\/comments?post=87341"}],"version-history":[{"count":0,"href":"https:\/\/exaudi.org\/es\/wp-json\/wp\/v2\/posts\/87341\/revisions"}],"wp:featuredmedia":[{"embeddable":true,"href":"https:\/\/exaudi.org\/es\/wp-json\/wp\/v2\/media\/87364"}],"wp:attachment":[{"href":"https:\/\/exaudi.org\/es\/wp-json\/wp\/v2\/media?parent=87341"}],"wp:term":[{"taxonomy":"category","embeddable":true,"href":"https:\/\/exaudi.org\/es\/wp-json\/wp\/v2\/categories?post=87341"},{"taxonomy":"post_tag","embeddable":true,"href":"https:\/\/exaudi.org\/es\/wp-json\/wp\/v2\/tags?post=87341"}],"curies":[{"name":"wp","href":"https:\/\/api.w.org\/{rel}","templated":true}]}}