{"id":87281,"date":"2023-11-06T16:51:36","date_gmt":"2023-11-06T15:51:36","guid":{"rendered":"https:\/\/exaudi.org\/?p=87281"},"modified":"2023-11-06T16:51:36","modified_gmt":"2023-11-06T15:51:36","slug":"el-papa-que-los-creyentes-seamos-testigos-del-dialogo","status":"publish","type":"post","link":"https:\/\/exaudi.org\/es\/el-papa-que-los-creyentes-seamos-testigos-del-dialogo\/","title":{"rendered":"El Papa: \u201cQue los creyentes seamos testigos del di\u00e1logo\u201d"},"content":{"rendered":"<p>Esta ma\u00f1ana, lunes 6 noviembre 2023, en el Palacio Apost\u00f3lico Vaticano, el Santo Padre Francisco ha recibido en audiencia a la Delegaci\u00f3n de la Conferencia de Rabinos Europeos\u00a0y lanza de nuevo su llamamiento por Tierra Santa, \u00abgolpeada por la bajeza del odio y al ruido mort\u00edfero de las armas\u00bb. A continuaci\u00f3n, expresa toda su preocupaci\u00f3n y condena por \u00abla difusi\u00f3n de manifestaciones antisemitas\u00bb.<\/p>\n<p>Publicamos a continuaci\u00f3n el texto del discurso que el Papa hab\u00eda preparado para la ocasi\u00f3n y pronunciado ante los presentes:<\/p>\n<p>***<\/p>\n<p>Buenos d\u00edas.<\/p>\n<p>Os saludo a todos y os doy la bienvenida. Gracias por esta visita que tanto me gusta. Pero ocurre que no me encuentro bien de salud y por eso prefiero no leer el discurso, sino entreg\u00e1roslo y que os lo llev\u00e9is con vosotros. Hagamos todo lo posible por mantener este clima de di\u00e1logo fraterno que el cardenal Koch y sus colaboradores tratan continuamente de promover. Y ahora quisiera saludarles uno por uno.<\/p>\n<p>_________________________________________________<\/p>\n<h3><strong>Discurso del Santo Padre<\/strong><\/h3>\n<p>Queridos hermanos<\/p>\n<p>Os saludo d\u00e1ndoos una cordial bienvenida y agradeci\u00e9ndoos vuestra grata visita. En el pasado ya me reun\u00ed con vuestra organizaci\u00f3n, voz de los rabinos en Europa, en el Vaticano. Me complace que hayamos podido intensificar nuestras relaciones a lo largo del tiempo y, en particular, en los \u00faltimos a\u00f1os.<\/p>\n<p>Mi primer pensamiento y mi oraci\u00f3n, sin embargo, se dirigen sobre todo a lo que ha sucedido en las \u00faltimas semanas. Una vez m\u00e1s, la violencia y la guerra han estallado en esa Tierra que, bendecida por el Alt\u00edsimo, parece continuamente zarandeada por la bajeza del odio y el ruido mort\u00edfero de las armas. Y es preocupante la difusi\u00f3n de manifestaciones antisemitas, que condeno firmemente.<\/p>\n<p>Queridos hermanos y hermanas, en la noche de los conflictos, nosotros, creyentes en el \u00fanico Dios, miramos a Aquel a quien el profeta Isa\u00edas llama \u00abjuez entre las naciones y \u00e1rbitro entre muchos pueblos\u00bb, a\u00f1adiendo, casi como consecuencia de su juicio, una maravillosa profec\u00eda de paz: \u00abQuebrar\u00e1n sus espadas y har\u00e1n de ellas rejas de arado, har\u00e1n de sus lanzas guada\u00f1as; no alzar\u00e1 una naci\u00f3n su espada contra otra naci\u00f3n, no aprender\u00e1n m\u00e1s el arte de la guerra\u00bb (<em>Is<\/em> 2,4). En este tiempo de destrucci\u00f3n, los creyentes estamos llamados, para todos y ante todos, a construir la fraternidad y a abrir caminos de reconciliaci\u00f3n, en nombre del Todopoderoso que, como dice otro profeta, tiene \u00abplanes de paz y no de desgracia\u00bb (<em>Jr<\/em> 29,11). No son las armas, ni el terrorismo, ni la guerra, sino la compasi\u00f3n, la justicia y el di\u00e1logo los medios adecuados para construir la paz.<\/p>\n<p>Me detengo precisamente en el arte del di\u00e1logo. El ser humano, que tiene una naturaleza social y se encuentra en contacto con los dem\u00e1s, se realiza en la red de las relaciones sociales. En este sentido, no s\u00f3lo es capaz de dialogar, sino que \u00e9l mismo es di\u00e1logo. Suspendido entre el cielo y la tierra, s\u00f3lo en di\u00e1logo con el M\u00e1s All\u00e1 que le trasciende y con el Otro que acompa\u00f1a sus pasos, puede comprenderse a s\u00ed mismo y madurar. La palabra \u00abdi\u00e1logo\u00bb significa etimol\u00f3gicamente \u00aba trav\u00e9s de la palabra\u00bb. La Palabra del Alt\u00edsimo es la l\u00e1mpara que ilumina los caminos de la vida (cf. Sal 119,105): orienta nuestros pasos precisamente a la b\u00fasqueda del pr\u00f3jimo, a la acogida, a la paciencia; ciertamente no a la precipitaci\u00f3n repentina de la venganza y a la locura del odio guerrero. \u00a1Qu\u00e9 importante es, pues, que los creyentes seamos testigos del di\u00e1logo!<\/p>\n<p>Si aplicamos estas conclusiones al di\u00e1logo judeo-cristiano, podemos decir que nos acercamos unos a otros mediante el encuentro, la escucha y el intercambio fraterno, reconoci\u00e9ndonos servidores y disc\u00edpulos de esa Palabra divina, lecho vital en el que germinan nuestras palabras. As\u00ed, para ser constructores de paz, estamos llamados a ser constructores de di\u00e1logo. No s\u00f3lo con nuestras propias fuerzas y capacidades, sino con la ayuda del Todopoderoso. Porque \u00absi el Se\u00f1or no construye la casa, en vano trabajan los alba\u00f1iles\u00bb (<em>Sal<\/em> 127,1).<\/p>\n<p>El di\u00e1logo con el juda\u00edsmo es de particular importancia para nosotros los cristianos, porque tenemos ra\u00edces jud\u00edas. Jes\u00fas naci\u00f3 y vivi\u00f3 como jud\u00edo; \u00c9l mismo es el primer garante de la herencia jud\u00eda dentro del cristianismo y nosotros, que somos de Cristo, necesitamos de vosotros, queridos hermanos, necesitamos del juda\u00edsmo para comprendernos mejor a nosotros mismos. Por eso es importante que el di\u00e1logo judeo-cristiano mantenga viva la dimensi\u00f3n teol\u00f3gica, sin dejar de abordar las cuestiones sociales, culturales y pol\u00edticas.<\/p>\n<p>Nuestras tradiciones religiosas est\u00e1n estrechamente conectadas: no son dos credos inconexos que se desarrollaron independientemente en espacios separados y sin influirse mutuamente. El Papa Juan Pablo II, durante su visita a la Sinagoga de Roma, observ\u00f3 que la religi\u00f3n jud\u00eda no es extr\u00ednseca, \u00absino que, en cierto modo, es &#8216;intr\u00ednseca&#8217; a nuestra religi\u00f3n\u00bb. Os llam\u00f3 \u00abnuestros queridos hermanos\u00bb, \u00abnuestros hermanos mayores\u00bb (Discurso, 13 de abril de 1986). Se podr\u00eda decir, pues, que el nuestro, m\u00e1s que un di\u00e1logo interreligioso, es un di\u00e1logo de familia. De hecho, cuando fui a la Sinagoga de Roma, dije que \u00abpertenecemos a una sola familia, la familia de Dios, que nos acompa\u00f1a y nos protege como pueblo suyo\u00bb (Discurso, 17 de enero de 2016).<\/p>\n<p>Queridos hermanos y hermanas, estamos vinculados unos a otros ante el \u00fanico Dios; juntos estamos llamados a testimoniar con nuestro di\u00e1logo su palabra y con nuestra conducta su paz. Que el Se\u00f1or de la historia y de la vida nos d\u00e9 valor y paciencia para hacerlo. Shalom.<\/p>\n","protected":false},"excerpt":{"rendered":"<p>Audiencia a la Delegaci\u00f3n de la Conferencia de Rabinos Europeos<\/p>\n","protected":false},"author":15,"featured_media":87282,"comment_status":"closed","ping_status":"closed","sticky":false,"template":"","format":"standard","meta":{"_acf_changed":false,"_crdt_document":"","inline_featured_image":false,"footnotes":""},"categories":[124,68],"tags":[10729,4953],"class_list":["post-87281","post","type-post","status-publish","format-standard","has-post-thumbnail","hentry","category-discursos","category-leon-xiv","tag-encuentro-europeo-de-rabinos","tag-trending-es"],"acf":[],"yoast_head":"<!-- This site is optimized with the Yoast SEO plugin v27.4 - https:\/\/yoast.com\/product\/yoast-seo-wordpress\/ -->\n<title>El Papa: \u201cQue los creyentes seamos testigos del di\u00e1logo\u201d &#8211; Exaudi<\/title>\n<meta name=\"robots\" content=\"index, follow, max-snippet:-1, max-image-preview:large, max-video-preview:-1\" \/>\n<link rel=\"canonical\" href=\"https:\/\/exaudi.org\/es\/el-papa-que-los-creyentes-seamos-testigos-del-dialogo\/\" \/>\n<meta property=\"og:locale\" content=\"es_ES\" \/>\n<meta property=\"og:type\" content=\"article\" \/>\n<meta property=\"og:title\" content=\"El Papa: \u201cQue los creyentes seamos testigos del di\u00e1logo\u201d &#8211; Exaudi\" \/>\n<meta property=\"og:description\" content=\"Audiencia a la Delegaci\u00f3n de la Conferencia de Rabinos Europeos\" \/>\n<meta property=\"og:url\" content=\"https:\/\/exaudi.org\/es\/el-papa-que-los-creyentes-seamos-testigos-del-dialogo\/\" \/>\n<meta property=\"og:site_name\" content=\"Exaudi\" \/>\n<meta property=\"article:publisher\" content=\"https:\/\/www.facebook.com\/ExaudiNews\" \/>\n<meta property=\"article:author\" content=\"https:\/\/www.facebook.com\/ExaudiNoticias\/\" \/>\n<meta property=\"article:published_time\" content=\"2023-11-06T15:51:36+00:00\" \/>\n<meta property=\"og:image\" content=\"https:\/\/exaudi.org\/wp-content\/uploads\/2023\/11\/cq5dam.web_.800.800-29.jpeg\" \/>\n\t<meta property=\"og:image:width\" content=\"800\" \/>\n\t<meta property=\"og:image:height\" content=\"533\" \/>\n\t<meta property=\"og:image:type\" content=\"image\/jpeg\" \/>\n<meta name=\"author\" content=\"Exaudi Redacci\u00f3n\" \/>\n<meta name=\"twitter:card\" content=\"summary_large_image\" \/>\n<meta name=\"twitter:creator\" content=\"@Exaudi_noticias\" \/>\n<meta name=\"twitter:site\" content=\"@Exaudi_News\" \/>\n<meta name=\"twitter:label1\" content=\"Escrito por\" \/>\n\t<meta name=\"twitter:data1\" content=\"Exaudi Redacci\u00f3n\" \/>\n\t<meta name=\"twitter:label2\" content=\"Tiempo de lectura\" \/>\n\t<meta name=\"twitter:data2\" content=\"5 minutos\" \/>\n<script type=\"application\/ld+json\" class=\"yoast-schema-graph\">{\"@context\":\"https:\\\/\\\/schema.org\",\"@graph\":[{\"@type\":\"Article\",\"@id\":\"https:\\\/\\\/exaudi.org\\\/es\\\/el-papa-que-los-creyentes-seamos-testigos-del-dialogo\\\/#article\",\"isPartOf\":{\"@id\":\"https:\\\/\\\/exaudi.org\\\/es\\\/el-papa-que-los-creyentes-seamos-testigos-del-dialogo\\\/\"},\"author\":{\"name\":\"Exaudi Redacci\u00f3n\",\"@id\":\"https:\\\/\\\/exaudi.org\\\/#\\\/schema\\\/person\\\/f5fc8f063065e38742da7afe15f25df7\"},\"headline\":\"El Papa: \u201cQue los creyentes seamos testigos del di\u00e1logo\u201d\",\"datePublished\":\"2023-11-06T15:51:36+00:00\",\"mainEntityOfPage\":{\"@id\":\"https:\\\/\\\/exaudi.org\\\/es\\\/el-papa-que-los-creyentes-seamos-testigos-del-dialogo\\\/\"},\"wordCount\":989,\"image\":{\"@id\":\"https:\\\/\\\/exaudi.org\\\/es\\\/el-papa-que-los-creyentes-seamos-testigos-del-dialogo\\\/#primaryimage\"},\"thumbnailUrl\":\"https:\\\/\\\/exaudi.org\\\/wp-content\\\/uploads\\\/2023\\\/11\\\/cq5dam.web_.800.800-29.jpeg\",\"keywords\":[\"Encuentro Europeo de Rabinos\",\"Trending\"],\"articleSection\":[\"Discursos\",\"Le\u00f3n XIV\"],\"inLanguage\":\"es\"},{\"@type\":\"WebPage\",\"@id\":\"https:\\\/\\\/exaudi.org\\\/es\\\/el-papa-que-los-creyentes-seamos-testigos-del-dialogo\\\/\",\"url\":\"https:\\\/\\\/exaudi.org\\\/es\\\/el-papa-que-los-creyentes-seamos-testigos-del-dialogo\\\/\",\"name\":\"El Papa: \u201cQue los creyentes seamos testigos del di\u00e1logo\u201d &#8211; Exaudi\",\"isPartOf\":{\"@id\":\"https:\\\/\\\/exaudi.org\\\/#website\"},\"primaryImageOfPage\":{\"@id\":\"https:\\\/\\\/exaudi.org\\\/es\\\/el-papa-que-los-creyentes-seamos-testigos-del-dialogo\\\/#primaryimage\"},\"image\":{\"@id\":\"https:\\\/\\\/exaudi.org\\\/es\\\/el-papa-que-los-creyentes-seamos-testigos-del-dialogo\\\/#primaryimage\"},\"thumbnailUrl\":\"https:\\\/\\\/exaudi.org\\\/wp-content\\\/uploads\\\/2023\\\/11\\\/cq5dam.web_.800.800-29.jpeg\",\"datePublished\":\"2023-11-06T15:51:36+00:00\",\"author\":{\"@id\":\"https:\\\/\\\/exaudi.org\\\/#\\\/schema\\\/person\\\/f5fc8f063065e38742da7afe15f25df7\"},\"breadcrumb\":{\"@id\":\"https:\\\/\\\/exaudi.org\\\/es\\\/el-papa-que-los-creyentes-seamos-testigos-del-dialogo\\\/#breadcrumb\"},\"inLanguage\":\"es\",\"potentialAction\":[{\"@type\":\"ReadAction\",\"target\":[\"https:\\\/\\\/exaudi.org\\\/es\\\/el-papa-que-los-creyentes-seamos-testigos-del-dialogo\\\/\"]}]},{\"@type\":\"ImageObject\",\"inLanguage\":\"es\",\"@id\":\"https:\\\/\\\/exaudi.org\\\/es\\\/el-papa-que-los-creyentes-seamos-testigos-del-dialogo\\\/#primaryimage\",\"url\":\"https:\\\/\\\/exaudi.org\\\/wp-content\\\/uploads\\\/2023\\\/11\\\/cq5dam.web_.800.800-29.jpeg\",\"contentUrl\":\"https:\\\/\\\/exaudi.org\\\/wp-content\\\/uploads\\\/2023\\\/11\\\/cq5dam.web_.800.800-29.jpeg\",\"width\":800,\"height\":533,\"caption\":\"Vatican Media\"},{\"@type\":\"BreadcrumbList\",\"@id\":\"https:\\\/\\\/exaudi.org\\\/es\\\/el-papa-que-los-creyentes-seamos-testigos-del-dialogo\\\/#breadcrumb\",\"itemListElement\":[{\"@type\":\"ListItem\",\"position\":1,\"name\":\"Portada\",\"item\":\"https:\\\/\\\/exaudi.org\\\/es\\\/\"},{\"@type\":\"ListItem\",\"position\":2,\"name\":\"El Papa: \u201cQue los creyentes seamos testigos del di\u00e1logo\u201d\"}]},{\"@type\":\"WebSite\",\"@id\":\"https:\\\/\\\/exaudi.org\\\/#website\",\"url\":\"https:\\\/\\\/exaudi.org\\\/\",\"name\":\"Exaudi\",\"description\":\"News\",\"potentialAction\":[{\"@type\":\"SearchAction\",\"target\":{\"@type\":\"EntryPoint\",\"urlTemplate\":\"https:\\\/\\\/exaudi.org\\\/?s={search_term_string}\"},\"query-input\":{\"@type\":\"PropertyValueSpecification\",\"valueRequired\":true,\"valueName\":\"search_term_string\"}}],\"inLanguage\":\"es\"},{\"@type\":\"Person\",\"@id\":\"https:\\\/\\\/exaudi.org\\\/#\\\/schema\\\/person\\\/f5fc8f063065e38742da7afe15f25df7\",\"name\":\"Exaudi Redacci\u00f3n\",\"image\":{\"@type\":\"ImageObject\",\"inLanguage\":\"es\",\"@id\":\"https:\\\/\\\/secure.gravatar.com\\\/avatar\\\/fe0f6a059fb68d9b3e11bc5850dd4899b1c7492091a3cb6dd9b01b56ad828be2?s=96&d=mm&r=g\",\"url\":\"https:\\\/\\\/secure.gravatar.com\\\/avatar\\\/fe0f6a059fb68d9b3e11bc5850dd4899b1c7492091a3cb6dd9b01b56ad828be2?s=96&d=mm&r=g\",\"contentUrl\":\"https:\\\/\\\/secure.gravatar.com\\\/avatar\\\/fe0f6a059fb68d9b3e11bc5850dd4899b1c7492091a3cb6dd9b01b56ad828be2?s=96&d=mm&r=g\",\"caption\":\"Exaudi Redacci\u00f3n\"},\"description\":\"\u00bfQu\u00e9 es Exaudi News? Exaudi News es un medio de comunicaci\u00f3n cat\u00f3lico internacional que informa, forma y transforma, diariamente en espa\u00f1ol, ingl\u00e9s e italiano. A trav\u00e9s de noticias, art\u00edculos de an\u00e1lisis y transmisiones en directo de los eventos del Papa, Exaudi busca fortalecer la unidad de los cristianos y contribuir a la evangelizaci\u00f3n del mundo, siempre guiados por la doctrina social de la Iglesia. Trabajamos para acercar la verdad y los valores cristianos a cada rinc\u00f3n del planeta. \u00a1Ay\u00fadanos a transformar el mundo con Exaudi! En Exaudi creemos que la evangelizaci\u00f3n y la informaci\u00f3n de calidad pueden cambiar vidas. Para continuar con nuestra misi\u00f3n y expandir nuestro alcance, necesitamos tu ayuda. Adem\u00e1s, buscamos personas comprometidas que deseen unirse a nuestro equipo. Con tu apoyo, lograremos llegar a m\u00e1s personas, difundir el mensaje de Cristo y reforzar la unidad de los cristianos. \u00bfTe unes a nuestra misi\u00f3n? Para m\u00e1s informaci\u00f3n sobre c\u00f3mo colaborar, visita Exaudi.org\\\/es o cont\u00e1ctanos directamente: info@exaudi.org Exaudi: Informa, forma y transforma.\",\"sameAs\":[\"https:\\\/\\\/www.facebook.com\\\/ExaudiNoticias\\\/\",\"https:\\\/\\\/www.instagram.com\\\/exaudi_noticias\\\/\",\"https:\\\/\\\/x.com\\\/Exaudi_noticias\",\"https:\\\/\\\/www.youtube.com\\\/@exaudicatholicnews\"],\"url\":\"https:\\\/\\\/exaudi.org\\\/es\\\/author\\\/redaccionexaudi\\\/\"}]}<\/script>\n<!-- \/ Yoast SEO plugin. -->","yoast_head_json":{"title":"El Papa: \u201cQue los creyentes seamos testigos del di\u00e1logo\u201d &#8211; Exaudi","robots":{"index":"index","follow":"follow","max-snippet":"max-snippet:-1","max-image-preview":"max-image-preview:large","max-video-preview":"max-video-preview:-1"},"canonical":"https:\/\/exaudi.org\/es\/el-papa-que-los-creyentes-seamos-testigos-del-dialogo\/","og_locale":"es_ES","og_type":"article","og_title":"El Papa: \u201cQue los creyentes seamos testigos del di\u00e1logo\u201d &#8211; Exaudi","og_description":"Audiencia a la Delegaci\u00f3n de la Conferencia de Rabinos Europeos","og_url":"https:\/\/exaudi.org\/es\/el-papa-que-los-creyentes-seamos-testigos-del-dialogo\/","og_site_name":"Exaudi","article_publisher":"https:\/\/www.facebook.com\/ExaudiNews","article_author":"https:\/\/www.facebook.com\/ExaudiNoticias\/","article_published_time":"2023-11-06T15:51:36+00:00","og_image":[{"width":800,"height":533,"url":"https:\/\/exaudi.org\/wp-content\/uploads\/2023\/11\/cq5dam.web_.800.800-29.jpeg","type":"image\/jpeg"}],"author":"Exaudi Redacci\u00f3n","twitter_card":"summary_large_image","twitter_creator":"@Exaudi_noticias","twitter_site":"@Exaudi_News","twitter_misc":{"Escrito por":"Exaudi Redacci\u00f3n","Tiempo de lectura":"5 minutos"},"schema":{"@context":"https:\/\/schema.org","@graph":[{"@type":"Article","@id":"https:\/\/exaudi.org\/es\/el-papa-que-los-creyentes-seamos-testigos-del-dialogo\/#article","isPartOf":{"@id":"https:\/\/exaudi.org\/es\/el-papa-que-los-creyentes-seamos-testigos-del-dialogo\/"},"author":{"name":"Exaudi Redacci\u00f3n","@id":"https:\/\/exaudi.org\/#\/schema\/person\/f5fc8f063065e38742da7afe15f25df7"},"headline":"El Papa: \u201cQue los creyentes seamos testigos del di\u00e1logo\u201d","datePublished":"2023-11-06T15:51:36+00:00","mainEntityOfPage":{"@id":"https:\/\/exaudi.org\/es\/el-papa-que-los-creyentes-seamos-testigos-del-dialogo\/"},"wordCount":989,"image":{"@id":"https:\/\/exaudi.org\/es\/el-papa-que-los-creyentes-seamos-testigos-del-dialogo\/#primaryimage"},"thumbnailUrl":"https:\/\/exaudi.org\/wp-content\/uploads\/2023\/11\/cq5dam.web_.800.800-29.jpeg","keywords":["Encuentro Europeo de Rabinos","Trending"],"articleSection":["Discursos","Le\u00f3n XIV"],"inLanguage":"es"},{"@type":"WebPage","@id":"https:\/\/exaudi.org\/es\/el-papa-que-los-creyentes-seamos-testigos-del-dialogo\/","url":"https:\/\/exaudi.org\/es\/el-papa-que-los-creyentes-seamos-testigos-del-dialogo\/","name":"El Papa: \u201cQue los creyentes seamos testigos del di\u00e1logo\u201d &#8211; Exaudi","isPartOf":{"@id":"https:\/\/exaudi.org\/#website"},"primaryImageOfPage":{"@id":"https:\/\/exaudi.org\/es\/el-papa-que-los-creyentes-seamos-testigos-del-dialogo\/#primaryimage"},"image":{"@id":"https:\/\/exaudi.org\/es\/el-papa-que-los-creyentes-seamos-testigos-del-dialogo\/#primaryimage"},"thumbnailUrl":"https:\/\/exaudi.org\/wp-content\/uploads\/2023\/11\/cq5dam.web_.800.800-29.jpeg","datePublished":"2023-11-06T15:51:36+00:00","author":{"@id":"https:\/\/exaudi.org\/#\/schema\/person\/f5fc8f063065e38742da7afe15f25df7"},"breadcrumb":{"@id":"https:\/\/exaudi.org\/es\/el-papa-que-los-creyentes-seamos-testigos-del-dialogo\/#breadcrumb"},"inLanguage":"es","potentialAction":[{"@type":"ReadAction","target":["https:\/\/exaudi.org\/es\/el-papa-que-los-creyentes-seamos-testigos-del-dialogo\/"]}]},{"@type":"ImageObject","inLanguage":"es","@id":"https:\/\/exaudi.org\/es\/el-papa-que-los-creyentes-seamos-testigos-del-dialogo\/#primaryimage","url":"https:\/\/exaudi.org\/wp-content\/uploads\/2023\/11\/cq5dam.web_.800.800-29.jpeg","contentUrl":"https:\/\/exaudi.org\/wp-content\/uploads\/2023\/11\/cq5dam.web_.800.800-29.jpeg","width":800,"height":533,"caption":"Vatican Media"},{"@type":"BreadcrumbList","@id":"https:\/\/exaudi.org\/es\/el-papa-que-los-creyentes-seamos-testigos-del-dialogo\/#breadcrumb","itemListElement":[{"@type":"ListItem","position":1,"name":"Portada","item":"https:\/\/exaudi.org\/es\/"},{"@type":"ListItem","position":2,"name":"El Papa: \u201cQue los creyentes seamos testigos del di\u00e1logo\u201d"}]},{"@type":"WebSite","@id":"https:\/\/exaudi.org\/#website","url":"https:\/\/exaudi.org\/","name":"Exaudi","description":"News","potentialAction":[{"@type":"SearchAction","target":{"@type":"EntryPoint","urlTemplate":"https:\/\/exaudi.org\/?s={search_term_string}"},"query-input":{"@type":"PropertyValueSpecification","valueRequired":true,"valueName":"search_term_string"}}],"inLanguage":"es"},{"@type":"Person","@id":"https:\/\/exaudi.org\/#\/schema\/person\/f5fc8f063065e38742da7afe15f25df7","name":"Exaudi Redacci\u00f3n","image":{"@type":"ImageObject","inLanguage":"es","@id":"https:\/\/secure.gravatar.com\/avatar\/fe0f6a059fb68d9b3e11bc5850dd4899b1c7492091a3cb6dd9b01b56ad828be2?s=96&d=mm&r=g","url":"https:\/\/secure.gravatar.com\/avatar\/fe0f6a059fb68d9b3e11bc5850dd4899b1c7492091a3cb6dd9b01b56ad828be2?s=96&d=mm&r=g","contentUrl":"https:\/\/secure.gravatar.com\/avatar\/fe0f6a059fb68d9b3e11bc5850dd4899b1c7492091a3cb6dd9b01b56ad828be2?s=96&d=mm&r=g","caption":"Exaudi Redacci\u00f3n"},"description":"\u00bfQu\u00e9 es Exaudi News? Exaudi News es un medio de comunicaci\u00f3n cat\u00f3lico internacional que informa, forma y transforma, diariamente en espa\u00f1ol, ingl\u00e9s e italiano. A trav\u00e9s de noticias, art\u00edculos de an\u00e1lisis y transmisiones en directo de los eventos del Papa, Exaudi busca fortalecer la unidad de los cristianos y contribuir a la evangelizaci\u00f3n del mundo, siempre guiados por la doctrina social de la Iglesia. Trabajamos para acercar la verdad y los valores cristianos a cada rinc\u00f3n del planeta. \u00a1Ay\u00fadanos a transformar el mundo con Exaudi! En Exaudi creemos que la evangelizaci\u00f3n y la informaci\u00f3n de calidad pueden cambiar vidas. Para continuar con nuestra misi\u00f3n y expandir nuestro alcance, necesitamos tu ayuda. Adem\u00e1s, buscamos personas comprometidas que deseen unirse a nuestro equipo. Con tu apoyo, lograremos llegar a m\u00e1s personas, difundir el mensaje de Cristo y reforzar la unidad de los cristianos. \u00bfTe unes a nuestra misi\u00f3n? Para m\u00e1s informaci\u00f3n sobre c\u00f3mo colaborar, visita Exaudi.org\/es o cont\u00e1ctanos directamente: info@exaudi.org Exaudi: Informa, forma y transforma.","sameAs":["https:\/\/www.facebook.com\/ExaudiNoticias\/","https:\/\/www.instagram.com\/exaudi_noticias\/","https:\/\/x.com\/Exaudi_noticias","https:\/\/www.youtube.com\/@exaudicatholicnews"],"url":"https:\/\/exaudi.org\/es\/author\/redaccionexaudi\/"}]}},"jetpack_featured_media_url":"https:\/\/exaudi.org\/wp-content\/uploads\/2023\/11\/cq5dam.web_.800.800-29.jpeg","jetpack_shortlink":"https:\/\/wp.me\/pgKjF2-mHL","_links":{"self":[{"href":"https:\/\/exaudi.org\/es\/wp-json\/wp\/v2\/posts\/87281","targetHints":{"allow":["GET"]}}],"collection":[{"href":"https:\/\/exaudi.org\/es\/wp-json\/wp\/v2\/posts"}],"about":[{"href":"https:\/\/exaudi.org\/es\/wp-json\/wp\/v2\/types\/post"}],"author":[{"embeddable":true,"href":"https:\/\/exaudi.org\/es\/wp-json\/wp\/v2\/users\/15"}],"replies":[{"embeddable":true,"href":"https:\/\/exaudi.org\/es\/wp-json\/wp\/v2\/comments?post=87281"}],"version-history":[{"count":0,"href":"https:\/\/exaudi.org\/es\/wp-json\/wp\/v2\/posts\/87281\/revisions"}],"wp:featuredmedia":[{"embeddable":true,"href":"https:\/\/exaudi.org\/es\/wp-json\/wp\/v2\/media\/87282"}],"wp:attachment":[{"href":"https:\/\/exaudi.org\/es\/wp-json\/wp\/v2\/media?parent=87281"}],"wp:term":[{"taxonomy":"category","embeddable":true,"href":"https:\/\/exaudi.org\/es\/wp-json\/wp\/v2\/categories?post=87281"},{"taxonomy":"post_tag","embeddable":true,"href":"https:\/\/exaudi.org\/es\/wp-json\/wp\/v2\/tags?post=87281"}],"curies":[{"name":"wp","href":"https:\/\/api.w.org\/{rel}","templated":true}]}}