{"id":87233,"date":"2023-11-07T09:00:10","date_gmt":"2023-11-07T08:00:10","guid":{"rendered":"https:\/\/exaudi.org\/?p=87233"},"modified":"2023-11-06T13:12:09","modified_gmt":"2023-11-06T12:12:09","slug":"cuando-dios-te-llama-y-no-le-escuchas","status":"publish","type":"post","link":"https:\/\/exaudi.org\/es\/cuando-dios-te-llama-y-no-le-escuchas\/","title":{"rendered":"Cuando Dios te llama y no le escuchas"},"content":{"rendered":"<audio class=\"wp-audio-shortcode\" id=\"audio-87233-1\" preload=\"none\" style=\"width: 100%;\" controls=\"controls\"><source type=\"audio\/mpeg\" src=\"https:\/\/exaudi.org\/wp-content\/uploads\/2023\/11\/Mi-relacion-con-DIOS-era-solo-de-domingo-Simone-seminarista-de-COMUNION-Y-LIBERACION-128-kbps.mp3?_=1\" \/><a href=\"https:\/\/exaudi.org\/wp-content\/uploads\/2023\/11\/Mi-relacion-con-DIOS-era-solo-de-domingo-Simone-seminarista-de-COMUNION-Y-LIBERACION-128-kbps.mp3\">https:\/\/exaudi.org\/wp-content\/uploads\/2023\/11\/Mi-relacion-con-DIOS-era-solo-de-domingo-Simone-seminarista-de-COMUNION-Y-LIBERACION-128-kbps.mp3<\/a><\/audio>\n<p><strong>Simone Moretti\u00a0<\/strong>se prepara para ser\u00a0<a href=\"https:\/\/fundacioncarf.org\/que-es-un-sacerdote\/\" target=\"_blank\" rel=\"noopener\" data-type=\"page\" data-id=\"169908\">sacerdote<\/a>\u00a0de la Fraternidad de san Carlos Borromeo, perteneciente al carisma de Comuni\u00f3n y Liberaci\u00f3n, estudia en la Universidad Pontificia de la Santa Cruz en Roma. Naci\u00f3 en 1988 en el seno de una familia cat\u00f3lica que le educ\u00f3 en la fe. Como muchos j\u00f3venes de ahora, despu\u00e9s de recibir el sacramento de la Confirmaci\u00f3n, se alej\u00f3 de la Iglesia.\u00a0<strong>No ve\u00eda la conexi\u00f3n entre la fe y la vida concreta.\u00a0<\/strong><\/p>\n<h3 class=\"wp-block-heading\"><strong>El encuentro con el Se\u00f1or\u00a0<\/strong><\/h3>\n<p>Sin embargo, el Se\u00f1or no le dej\u00f3 y volvi\u00f3 a salir a su encuentro. Le recuper\u00f3 en una actividad de\u00a0<a href=\"https:\/\/espanol.clonline.org\/\" target=\"_blank\" rel=\"noreferrer noopener\">Comuni\u00f3n y Liberaci\u00f3n<\/a>\u00a0(CyL) cuando era todav\u00eda un adolescente. Aquella experiencia le marc\u00f3 su vida. Un verano le invitaron a un campamento en las monta\u00f1as de Juventud Estudiantil, el grupo de j\u00f3venes de CyL.<\/p>\n<p>En esta comunidad, participando en campamentos, retiros y vida comunitaria, tambi\u00e9n vio y experiment\u00f3 una intensidad de vida que le fascin\u00f3.<\/p>\n<h3 class=\"wp-block-heading\"><strong>El descubrimiento de la Iglesia Cat\u00f3lica a trav\u00e9s de Comuni\u00f3n y Liberaci\u00f3n\u00a0\u00a0<\/strong><\/h3>\n<p>Con el tiempo se dio cuenta de que la fuente de esa vida intensa estaba en la fe. Participando en la vida del movimiento vio que la relaci\u00f3n con Dios, que se hab\u00eda ido deshilachando, recuperaba su consistencia y adquir\u00eda vigor y fuerza. A trav\u00e9s de este encuentro, redescubri\u00f3 su relaci\u00f3n con Jes\u00fas y volvi\u00f3 a la Iglesia,\u00a0<strong>un lugar donde Jesucristo le tend\u00eda la mano y le acompa\u00f1aba<\/strong>.<\/p>\n<h3 class=\"wp-block-heading\"><strong>\u00ab\u00bfY si Dios quiere que sea sacerdote?<\/strong>\u00bb<\/h3>\n<p>En ese ambiente de fe, oraci\u00f3n y amistad fue cuando Simone pens\u00f3 por primera vez en el\u00a0<a href=\"https:\/\/fundacioncarf.org\/sacerdocio\/\" target=\"_blank\" rel=\"noopener\" data-type=\"page\" data-id=\"169905\">sacerdocio<\/a>. Un d\u00eda, durante la Misa en la parroquia, se imagin\u00f3 en el lugar del sacerdote durante la homil\u00eda, pensando en lo que podr\u00eda decir. Despu\u00e9s de la Misa, tuvo la sensaci\u00f3n de que aquella imagen no era casual.<\/p>\n<p>Con esa idea en la cabeza, acudi\u00f3 a su madre, aquella que le hab\u00eda transmitido su fe. Y le pregunt\u00f3: \u00ab\u00bfY si Dios quiere que sea sacerdote?, porque \u00a1yo no quiero!\u00bb. Su sabia respuesta se le clav\u00f3 en el coraz\u00f3n:\u00a0<strong>\u00ab\u00bfCrees que Dios podr\u00eda pedirte algo en contra de tu felicidad?\u00bb.<\/strong><\/p>\n<p>Durante los siguientes a\u00f1os de bachillerato, la alegr\u00eda y el gozo de aquel encuentro con Cristo fueron germinando, gracias tambi\u00e9n a una peregrinaci\u00f3n a\u00a0la Virgen Negra de Cz\u0119stochowa, Polonia, donde conoci\u00f3 por primera vez a algunos sacerdotes de la san Carlos Borromeo, la fraternidad de Comuni\u00f3n y Liberaci\u00f3n.<\/p>\n<p><iframe loading=\"lazy\" title=\"Mi relaci\u00f3n con #DIOS era solo de #domingo - Simone, seminarista de COMUNI\u00d3N Y LIBERACI\u00d3N\" width=\"500\" height=\"281\" src=\"https:\/\/www.youtube.com\/embed\/ASXeBwfp-Ac?feature=oembed\" frameborder=\"0\" allow=\"accelerometer; autoplay; clipboard-write; encrypted-media; gyroscope; picture-in-picture; web-share\" referrerpolicy=\"strict-origin-when-cross-origin\" allowfullscreen><\/iframe><\/p>\n<h3><strong>Los estudios de F\u00edsica<\/strong><\/h3>\n<p>Con aquella semilla en su coraz\u00f3n, comenz\u00f3 sus estudios universitarios de F\u00edsica a la vez que participaba de las actividades y formaci\u00f3n con otros miembros de Comuni\u00f3n y Liberaci\u00f3n. En esta realidad de la Iglesia, forj\u00f3 algunas de sus amistades m\u00e1s profundas, unidas todas por el v\u00ednculo con Cristo.<\/p>\n<p>En aquellos a\u00f1os pudo experimentar c\u00f3mo la fe en Jes\u00fas ten\u00eda que ver con todo: con el estudio, con las clases en la universidad, con las amistades, y c\u00f3mo lo hac\u00eda todo m\u00e1s bello y verdadero. Como dice una frase de Romano Guardini,\u00a0<em>en la experiencia de un gran amor todo lo que sucede se convierte en un acontecimiento en su propia esfera.\u00a0<\/em><\/p>\n<h3><strong>El amigo que dej\u00f3 todo por Cristo\u00a0<\/strong><\/h3>\n<p><img loading=\"lazy\" decoding=\"async\" class=\"size-full wp-image-87240 alignright\" src=\"https:\/\/exaudi.org\/wp-content\/uploads\/2023\/11\/sacerdote-comunion-y-liberacion-2.png\" alt=\"\" width=\"1024\" height=\"586\" srcset=\"https:\/\/exaudi.org\/wp-content\/uploads\/2023\/11\/sacerdote-comunion-y-liberacion-2.png 1024w, https:\/\/exaudi.org\/wp-content\/uploads\/2023\/11\/sacerdote-comunion-y-liberacion-2-300x172.png 300w, https:\/\/exaudi.org\/wp-content\/uploads\/2023\/11\/sacerdote-comunion-y-liberacion-2-770x441.png 770w, https:\/\/exaudi.org\/wp-content\/uploads\/2023\/11\/sacerdote-comunion-y-liberacion-2-500x286.png 500w, https:\/\/exaudi.org\/wp-content\/uploads\/2023\/11\/sacerdote-comunion-y-liberacion-2-293x168.png 293w, https:\/\/exaudi.org\/wp-content\/uploads\/2023\/11\/sacerdote-comunion-y-liberacion-2-390x223.png 390w\" sizes=\"auto, (max-width: 1024px) 100vw, 1024px\" \/>Y lleg\u00f3 otro momento decisivo en su vida. Dios no le dejaba de su mano. Hacia los \u00faltimos a\u00f1os de universidad, un\u00a0<strong>amigo le dijo que pensaba entregar toda su vida a Cristo.\u00a0<\/strong>Y fue cuando pas\u00f3 por su mente y por su coraz\u00f3n que \u00e9l podr\u00eda hacer lo mismo. Al principio, no le sent\u00f3 muy bien: ten\u00eda otros planes, una novia\u2026<\/p>\n<p>Intent\u00f3 continuar con su proyecto de vida, pero el Se\u00f1or segu\u00eda llamando a la puerta de su coraz\u00f3n. No le dejaba tranquilo. As\u00ed que termin\u00f3 con su novia y se fue a Espa\u00f1a a realizar el doctorado en F\u00edsica, pensando que aquel aguij\u00f3n de Dios desaparecer\u00eda. Despu\u00e9s trabaj\u00f3 en la universidad y fue investigador y PhD en F\u00edsica en Espa\u00f1a.<\/p>\n<p>Pero el aguij\u00f3n del Se\u00f1or no desaparec\u00eda&#8230;<\/p>\n<h3><strong>En busca de un camino<\/strong><\/h3>\n<p>\u00abDurante todo este tiempo, sin embargo, no dej\u00e9 de pedir al Se\u00f1or que me ayudara, que me acompa\u00f1ara. Sobre todo, le ped\u00eda que me mostrara el camino y me diera fuerzas para seguirlo. A menudo me ven\u00edan a la mente sus palabras: \u00ab\u00bfDe qu\u00e9 le sirve al hombre ganar el mundo entero si luego se pierde a s\u00ed mismo?\u00bb\u00bb.<\/p>\n<p>Simone ten\u00eda todo lo que pod\u00eda desear: un buen trabajo que le gustaba, un buen sueldo, otra novia, pero cuanto m\u00e1s ignoraba la invitaci\u00f3n del Se\u00f1or, m\u00e1s perd\u00edan su sabor todas las cosas que ten\u00eda.<\/p>\n<p><strong>Finalmente, se dio por vencido<\/strong>: \u00abDecid\u00ed afrontar esta invitaci\u00f3n del Se\u00f1or que fue muy paciente conmigo y esper\u00f3 tanto tiempo, sin dejar de llamarme suavemente. As\u00ed que entr\u00e9 en el\u00a0<a href=\"https:\/\/fundacioncarf.org\/formacion-de-sacerdotes\/\" target=\"_blank\" rel=\"noopener\" data-type=\"page\" data-id=\"169942\">seminario<\/a>\u00a0y por fin experiment\u00e9 la paz de responder al Se\u00f1or, la paz y la alegr\u00eda de decirle cada d\u00eda \u00abAqu\u00ed estoy\u00bb, apost\u00e1ndolo todo a su fidelidad\u0300 y a su gracia\u00bb.<\/p>\n<hr class=\"wp-block-separator has-alpha-channel-opacity\" \/>\n<p><strong>Gerardo Ferrara<\/strong><br \/>\nLicenciado en Historia y en Ciencias Pol\u00edticas, especializado en Oriente Medio.<br \/>\nResponsable del alumnado en la Universidad Pontificia de la Santa Cruz de Roma.<\/p>\n<div id=\"div_block-3-184597\" class=\"ct-div-block et_pb_blurb_container\">\n<h4 id=\"headline-5-184597\" class=\"ct-headline et_pb_module_header\"><a id=\"span-6-184597\" class=\"ct-link-text\" href=\"https:\/\/fundacioncarf.org\/donar\/pon-cara-a-tu-donativo\/\" target=\"_blank\" rel=\"noopener\"><span id=\"span-7-184597\" class=\"ct-span\">Ay\u00fadanos a formar sacerdotes y seminaristas de Comuni\u00f3n y Liberaci\u00f3n para servir a la Iglesia en todo el mundo. \u00a1Dona ahora!<\/span><\/a><\/h4>\n<p><img loading=\"lazy\" decoding=\"async\" class=\"size-full wp-image-87243 aligncenter\" src=\"https:\/\/exaudi.org\/wp-content\/uploads\/2023\/11\/Frases.jpg\" alt=\"\" width=\"1080\" height=\"1080\" srcset=\"https:\/\/exaudi.org\/wp-content\/uploads\/2023\/11\/Frases.jpg 1080w, https:\/\/exaudi.org\/wp-content\/uploads\/2023\/11\/Frases-300x300.jpg 300w, https:\/\/exaudi.org\/wp-content\/uploads\/2023\/11\/Frases-1024x1024.jpg 1024w, https:\/\/exaudi.org\/wp-content\/uploads\/2023\/11\/Frases-100x100.jpg?crop=1 100w, https:\/\/exaudi.org\/wp-content\/uploads\/2023\/11\/Frases-770x770.jpg 770w, https:\/\/exaudi.org\/wp-content\/uploads\/2023\/11\/Frases-500x500.jpg 500w, https:\/\/exaudi.org\/wp-content\/uploads\/2023\/11\/Frases-293x293.jpg 293w, https:\/\/exaudi.org\/wp-content\/uploads\/2023\/11\/Frases-390x390.jpg 390w, https:\/\/exaudi.org\/wp-content\/uploads\/2023\/11\/Frases-585x585.jpg 585w, https:\/\/exaudi.org\/wp-content\/uploads\/2023\/11\/Frases-900x900.jpg 900w\" sizes=\"auto, (max-width: 1080px) 100vw, 1080px\" \/><\/p>\n<\/div>\n","protected":false},"excerpt":{"rendered":"<p>El Se\u00f1or le clav\u00f3 el aguij\u00f3n del sacerdocio de joven, pero Simone cerr\u00f3 los ojos y los o\u00eddos. Pasaron muchos a\u00f1os y muchas vivencias hasta que decidi\u00f3 dejarlo todo por Jesucristo<\/p>\n","protected":false},"author":119,"featured_media":87237,"comment_status":"closed","ping_status":"closed","sticky":false,"template":"","format":"standard","meta":{"_acf_changed":false,"_crdt_document":"","inline_featured_image":false,"footnotes":""},"categories":[74,98],"tags":[9879,1926,4953,7440],"class_list":["post-87233","post","type-post","status-publish","format-standard","has-post-thumbnail","hentry","category-iglesia-y-mundo","category-testimonios","tag-fundacion-carf","tag-sacerdote","tag-trending-es","tag-vocacion"],"acf":[],"yoast_head":"<!-- This site is optimized with the Yoast SEO plugin v27.5 - https:\/\/yoast.com\/product\/yoast-seo-wordpress\/ -->\n<title>Cuando Dios te llama y no le escuchas &#8211; Exaudi<\/title>\n<meta name=\"robots\" content=\"index, follow, max-snippet:-1, max-image-preview:large, max-video-preview:-1\" \/>\n<link rel=\"canonical\" href=\"https:\/\/exaudi.org\/es\/cuando-dios-te-llama-y-no-le-escuchas\/\" \/>\n<meta property=\"og:locale\" content=\"es_ES\" \/>\n<meta property=\"og:type\" content=\"article\" \/>\n<meta property=\"og:title\" content=\"Cuando Dios te llama y no le escuchas &#8211; Exaudi\" \/>\n<meta property=\"og:description\" content=\"El Se\u00f1or le clav\u00f3 el aguij\u00f3n del sacerdocio de joven, pero Simone cerr\u00f3 los ojos y los o\u00eddos. Pasaron muchos a\u00f1os y muchas vivencias hasta que decidi\u00f3 dejarlo todo por Jesucristo\" \/>\n<meta property=\"og:url\" content=\"https:\/\/exaudi.org\/es\/cuando-dios-te-llama-y-no-le-escuchas\/\" \/>\n<meta property=\"og:site_name\" content=\"Exaudi\" \/>\n<meta property=\"article:publisher\" content=\"https:\/\/www.facebook.com\/ExaudiNews\" \/>\n<meta property=\"article:author\" content=\"https:\/\/www.facebook.com\/fundacioncarf\/\" \/>\n<meta property=\"article:published_time\" content=\"2023-11-07T08:00:10+00:00\" \/>\n<meta property=\"og:image\" content=\"https:\/\/exaudi.org\/wp-content\/uploads\/2023\/11\/sacerdote-comunion-y-liberacion-1.png\" \/>\n\t<meta property=\"og:image:width\" content=\"1290\" \/>\n\t<meta property=\"og:image:height\" content=\"738\" \/>\n\t<meta property=\"og:image:type\" content=\"image\/png\" \/>\n<meta name=\"author\" content=\"Fundaci\u00f3n CARF\" \/>\n<meta name=\"twitter:card\" content=\"summary_large_image\" \/>\n<meta name=\"twitter:creator\" content=\"@https:\/\/x.com\/fundacioncarf\" \/>\n<meta name=\"twitter:site\" content=\"@Exaudi_News\" \/>\n<meta name=\"twitter:label1\" content=\"Escrito por\" \/>\n\t<meta name=\"twitter:data1\" content=\"Fundaci\u00f3n CARF\" \/>\n\t<meta name=\"twitter:label2\" content=\"Tiempo de lectura\" \/>\n\t<meta name=\"twitter:data2\" content=\"5 minutos\" \/>\n<script type=\"application\/ld+json\" class=\"yoast-schema-graph\">{\"@context\":\"https:\\\/\\\/schema.org\",\"@graph\":[{\"@type\":\"Article\",\"@id\":\"https:\\\/\\\/exaudi.org\\\/es\\\/cuando-dios-te-llama-y-no-le-escuchas\\\/#article\",\"isPartOf\":{\"@id\":\"https:\\\/\\\/exaudi.org\\\/es\\\/cuando-dios-te-llama-y-no-le-escuchas\\\/\"},\"author\":{\"name\":\"Fundaci\u00f3n CARF\",\"@id\":\"https:\\\/\\\/exaudi.org\\\/#\\\/schema\\\/person\\\/fab8261a088ccf38cb54b3c50baa7baf\"},\"headline\":\"Cuando Dios te llama y no le escuchas\",\"datePublished\":\"2023-11-07T08:00:10+00:00\",\"mainEntityOfPage\":{\"@id\":\"https:\\\/\\\/exaudi.org\\\/es\\\/cuando-dios-te-llama-y-no-le-escuchas\\\/\"},\"wordCount\":983,\"image\":{\"@id\":\"https:\\\/\\\/exaudi.org\\\/es\\\/cuando-dios-te-llama-y-no-le-escuchas\\\/#primaryimage\"},\"thumbnailUrl\":\"https:\\\/\\\/exaudi.org\\\/wp-content\\\/uploads\\\/2023\\\/11\\\/sacerdote-comunion-y-liberacion-1.png\",\"keywords\":[\"Fundaci\u00f3n CARF\",\"Sacerdote\",\"Trending\",\"Vocaci\u00f3n\"],\"articleSection\":[\"Iglesia y Mundo\",\"Testimonios\"],\"inLanguage\":\"es\"},{\"@type\":\"WebPage\",\"@id\":\"https:\\\/\\\/exaudi.org\\\/es\\\/cuando-dios-te-llama-y-no-le-escuchas\\\/\",\"url\":\"https:\\\/\\\/exaudi.org\\\/es\\\/cuando-dios-te-llama-y-no-le-escuchas\\\/\",\"name\":\"Cuando Dios te llama y no le escuchas &#8211; Exaudi\",\"isPartOf\":{\"@id\":\"https:\\\/\\\/exaudi.org\\\/#website\"},\"primaryImageOfPage\":{\"@id\":\"https:\\\/\\\/exaudi.org\\\/es\\\/cuando-dios-te-llama-y-no-le-escuchas\\\/#primaryimage\"},\"image\":{\"@id\":\"https:\\\/\\\/exaudi.org\\\/es\\\/cuando-dios-te-llama-y-no-le-escuchas\\\/#primaryimage\"},\"thumbnailUrl\":\"https:\\\/\\\/exaudi.org\\\/wp-content\\\/uploads\\\/2023\\\/11\\\/sacerdote-comunion-y-liberacion-1.png\",\"datePublished\":\"2023-11-07T08:00:10+00:00\",\"author\":{\"@id\":\"https:\\\/\\\/exaudi.org\\\/#\\\/schema\\\/person\\\/fab8261a088ccf38cb54b3c50baa7baf\"},\"breadcrumb\":{\"@id\":\"https:\\\/\\\/exaudi.org\\\/es\\\/cuando-dios-te-llama-y-no-le-escuchas\\\/#breadcrumb\"},\"inLanguage\":\"es\",\"potentialAction\":[{\"@type\":\"ReadAction\",\"target\":[\"https:\\\/\\\/exaudi.org\\\/es\\\/cuando-dios-te-llama-y-no-le-escuchas\\\/\"]}]},{\"@type\":\"ImageObject\",\"inLanguage\":\"es\",\"@id\":\"https:\\\/\\\/exaudi.org\\\/es\\\/cuando-dios-te-llama-y-no-le-escuchas\\\/#primaryimage\",\"url\":\"https:\\\/\\\/exaudi.org\\\/wp-content\\\/uploads\\\/2023\\\/11\\\/sacerdote-comunion-y-liberacion-1.png\",\"contentUrl\":\"https:\\\/\\\/exaudi.org\\\/wp-content\\\/uploads\\\/2023\\\/11\\\/sacerdote-comunion-y-liberacion-1.png\",\"width\":1290,\"height\":738},{\"@type\":\"BreadcrumbList\",\"@id\":\"https:\\\/\\\/exaudi.org\\\/es\\\/cuando-dios-te-llama-y-no-le-escuchas\\\/#breadcrumb\",\"itemListElement\":[{\"@type\":\"ListItem\",\"position\":1,\"name\":\"Portada\",\"item\":\"https:\\\/\\\/exaudi.org\\\/es\\\/\"},{\"@type\":\"ListItem\",\"position\":2,\"name\":\"Cuando Dios te llama y no le escuchas\"}]},{\"@type\":\"WebSite\",\"@id\":\"https:\\\/\\\/exaudi.org\\\/#website\",\"url\":\"https:\\\/\\\/exaudi.org\\\/\",\"name\":\"Exaudi\",\"description\":\"News\",\"potentialAction\":[{\"@type\":\"SearchAction\",\"target\":{\"@type\":\"EntryPoint\",\"urlTemplate\":\"https:\\\/\\\/exaudi.org\\\/?s={search_term_string}\"},\"query-input\":{\"@type\":\"PropertyValueSpecification\",\"valueRequired\":true,\"valueName\":\"search_term_string\"}}],\"inLanguage\":\"es\"},{\"@type\":\"Person\",\"@id\":\"https:\\\/\\\/exaudi.org\\\/#\\\/schema\\\/person\\\/fab8261a088ccf38cb54b3c50baa7baf\",\"name\":\"Fundaci\u00f3n CARF\",\"image\":{\"@type\":\"ImageObject\",\"inLanguage\":\"es\",\"@id\":\"https:\\\/\\\/secure.gravatar.com\\\/avatar\\\/ab292d3529973c0d1cf4cda9208c6a8a7ee52923f0a291c39104715fa46aae4b?s=96&d=mm&r=g\",\"url\":\"https:\\\/\\\/secure.gravatar.com\\\/avatar\\\/ab292d3529973c0d1cf4cda9208c6a8a7ee52923f0a291c39104715fa46aae4b?s=96&d=mm&r=g\",\"contentUrl\":\"https:\\\/\\\/secure.gravatar.com\\\/avatar\\\/ab292d3529973c0d1cf4cda9208c6a8a7ee52923f0a291c39104715fa46aae4b?s=96&d=mm&r=g\",\"caption\":\"Fundaci\u00f3n CARF\"},\"description\":\"Trabajamos para llevar la sonrisa de Dios a todos los rincones del mundo a trav\u00e9s de los sacerdotes y ayudando a su formaci\u00f3n. Gracias a nuestros benefactores, ayudamos a la formaci\u00f3n de los sacerdotes, difundimos su buen nombre y rezamos por su fidelidad y las vocaciones. Trabajamos para servir a la Iglesia y que ninguna vocaci\u00f3n se pierda y luego ellos puedan transmitir en su labor pastoral toda la luz, ciencia y doctrina recibida. Acad\u00e9mico Las licenciaturas, programas de especializacio\u0301n o doctorados, otorgan a cada candidato una formaci\u00f3n espec\u00edfica en Teologi\u0301a, Filosofi\u0301a, Derecho Cano\u0301nico o Comunicacio\u0301n Social Institucional. Espiritual Los seminaristas y sacerdotes complementan su formacio\u0301n acade\u0301mica y humana con la espiritual, ya que deben estar preparados para seguir su vocaci\u00f3n y prestar su cuerpo y su espi\u0301ritu al Sen\u0303or. Humano A trave\u0301s del ambiente de familia y de preparaci\u00f3n, se consigue el desarrollo de actitudes, capacidades y valores que impactan en el crecimiento personal y social de los sacerdotes.\",\"sameAs\":[\"https:\\\/\\\/fundacioncarf.org\\\/\",\"https:\\\/\\\/www.facebook.com\\\/fundacioncarf\\\/\",\"https:\\\/\\\/www.instagram.com\\\/fundacioncarf\\\/\",\"https:\\\/\\\/www.linkedin.com\\\/company\\\/fundacioncarf\\\/posts\\\/?feedView=all\",\"https:\\\/\\\/x.com\\\/https:\\\/\\\/x.com\\\/fundacioncarf\",\"https:\\\/\\\/www.youtube.com\\\/c\\\/fundacioncarf\"],\"url\":\"https:\\\/\\\/exaudi.org\\\/es\\\/author\\\/carf\\\/\"}]}<\/script>\n<!-- \/ Yoast SEO plugin. -->","yoast_head_json":{"title":"Cuando Dios te llama y no le escuchas &#8211; Exaudi","robots":{"index":"index","follow":"follow","max-snippet":"max-snippet:-1","max-image-preview":"max-image-preview:large","max-video-preview":"max-video-preview:-1"},"canonical":"https:\/\/exaudi.org\/es\/cuando-dios-te-llama-y-no-le-escuchas\/","og_locale":"es_ES","og_type":"article","og_title":"Cuando Dios te llama y no le escuchas &#8211; Exaudi","og_description":"El Se\u00f1or le clav\u00f3 el aguij\u00f3n del sacerdocio de joven, pero Simone cerr\u00f3 los ojos y los o\u00eddos. Pasaron muchos a\u00f1os y muchas vivencias hasta que decidi\u00f3 dejarlo todo por Jesucristo","og_url":"https:\/\/exaudi.org\/es\/cuando-dios-te-llama-y-no-le-escuchas\/","og_site_name":"Exaudi","article_publisher":"https:\/\/www.facebook.com\/ExaudiNews","article_author":"https:\/\/www.facebook.com\/fundacioncarf\/","article_published_time":"2023-11-07T08:00:10+00:00","og_image":[{"width":1290,"height":738,"url":"https:\/\/exaudi.org\/wp-content\/uploads\/2023\/11\/sacerdote-comunion-y-liberacion-1.png","type":"image\/png"}],"author":"Fundaci\u00f3n CARF","twitter_card":"summary_large_image","twitter_creator":"@https:\/\/x.com\/fundacioncarf","twitter_site":"@Exaudi_News","twitter_misc":{"Escrito por":"Fundaci\u00f3n CARF","Tiempo de lectura":"5 minutos"},"schema":{"@context":"https:\/\/schema.org","@graph":[{"@type":"Article","@id":"https:\/\/exaudi.org\/es\/cuando-dios-te-llama-y-no-le-escuchas\/#article","isPartOf":{"@id":"https:\/\/exaudi.org\/es\/cuando-dios-te-llama-y-no-le-escuchas\/"},"author":{"name":"Fundaci\u00f3n CARF","@id":"https:\/\/exaudi.org\/#\/schema\/person\/fab8261a088ccf38cb54b3c50baa7baf"},"headline":"Cuando Dios te llama y no le escuchas","datePublished":"2023-11-07T08:00:10+00:00","mainEntityOfPage":{"@id":"https:\/\/exaudi.org\/es\/cuando-dios-te-llama-y-no-le-escuchas\/"},"wordCount":983,"image":{"@id":"https:\/\/exaudi.org\/es\/cuando-dios-te-llama-y-no-le-escuchas\/#primaryimage"},"thumbnailUrl":"https:\/\/exaudi.org\/wp-content\/uploads\/2023\/11\/sacerdote-comunion-y-liberacion-1.png","keywords":["Fundaci\u00f3n CARF","Sacerdote","Trending","Vocaci\u00f3n"],"articleSection":["Iglesia y Mundo","Testimonios"],"inLanguage":"es"},{"@type":"WebPage","@id":"https:\/\/exaudi.org\/es\/cuando-dios-te-llama-y-no-le-escuchas\/","url":"https:\/\/exaudi.org\/es\/cuando-dios-te-llama-y-no-le-escuchas\/","name":"Cuando Dios te llama y no le escuchas &#8211; Exaudi","isPartOf":{"@id":"https:\/\/exaudi.org\/#website"},"primaryImageOfPage":{"@id":"https:\/\/exaudi.org\/es\/cuando-dios-te-llama-y-no-le-escuchas\/#primaryimage"},"image":{"@id":"https:\/\/exaudi.org\/es\/cuando-dios-te-llama-y-no-le-escuchas\/#primaryimage"},"thumbnailUrl":"https:\/\/exaudi.org\/wp-content\/uploads\/2023\/11\/sacerdote-comunion-y-liberacion-1.png","datePublished":"2023-11-07T08:00:10+00:00","author":{"@id":"https:\/\/exaudi.org\/#\/schema\/person\/fab8261a088ccf38cb54b3c50baa7baf"},"breadcrumb":{"@id":"https:\/\/exaudi.org\/es\/cuando-dios-te-llama-y-no-le-escuchas\/#breadcrumb"},"inLanguage":"es","potentialAction":[{"@type":"ReadAction","target":["https:\/\/exaudi.org\/es\/cuando-dios-te-llama-y-no-le-escuchas\/"]}]},{"@type":"ImageObject","inLanguage":"es","@id":"https:\/\/exaudi.org\/es\/cuando-dios-te-llama-y-no-le-escuchas\/#primaryimage","url":"https:\/\/exaudi.org\/wp-content\/uploads\/2023\/11\/sacerdote-comunion-y-liberacion-1.png","contentUrl":"https:\/\/exaudi.org\/wp-content\/uploads\/2023\/11\/sacerdote-comunion-y-liberacion-1.png","width":1290,"height":738},{"@type":"BreadcrumbList","@id":"https:\/\/exaudi.org\/es\/cuando-dios-te-llama-y-no-le-escuchas\/#breadcrumb","itemListElement":[{"@type":"ListItem","position":1,"name":"Portada","item":"https:\/\/exaudi.org\/es\/"},{"@type":"ListItem","position":2,"name":"Cuando Dios te llama y no le escuchas"}]},{"@type":"WebSite","@id":"https:\/\/exaudi.org\/#website","url":"https:\/\/exaudi.org\/","name":"Exaudi","description":"News","potentialAction":[{"@type":"SearchAction","target":{"@type":"EntryPoint","urlTemplate":"https:\/\/exaudi.org\/?s={search_term_string}"},"query-input":{"@type":"PropertyValueSpecification","valueRequired":true,"valueName":"search_term_string"}}],"inLanguage":"es"},{"@type":"Person","@id":"https:\/\/exaudi.org\/#\/schema\/person\/fab8261a088ccf38cb54b3c50baa7baf","name":"Fundaci\u00f3n CARF","image":{"@type":"ImageObject","inLanguage":"es","@id":"https:\/\/secure.gravatar.com\/avatar\/ab292d3529973c0d1cf4cda9208c6a8a7ee52923f0a291c39104715fa46aae4b?s=96&d=mm&r=g","url":"https:\/\/secure.gravatar.com\/avatar\/ab292d3529973c0d1cf4cda9208c6a8a7ee52923f0a291c39104715fa46aae4b?s=96&d=mm&r=g","contentUrl":"https:\/\/secure.gravatar.com\/avatar\/ab292d3529973c0d1cf4cda9208c6a8a7ee52923f0a291c39104715fa46aae4b?s=96&d=mm&r=g","caption":"Fundaci\u00f3n CARF"},"description":"Trabajamos para llevar la sonrisa de Dios a todos los rincones del mundo a trav\u00e9s de los sacerdotes y ayudando a su formaci\u00f3n. Gracias a nuestros benefactores, ayudamos a la formaci\u00f3n de los sacerdotes, difundimos su buen nombre y rezamos por su fidelidad y las vocaciones. Trabajamos para servir a la Iglesia y que ninguna vocaci\u00f3n se pierda y luego ellos puedan transmitir en su labor pastoral toda la luz, ciencia y doctrina recibida. Acad\u00e9mico Las licenciaturas, programas de especializacio\u0301n o doctorados, otorgan a cada candidato una formaci\u00f3n espec\u00edfica en Teologi\u0301a, Filosofi\u0301a, Derecho Cano\u0301nico o Comunicacio\u0301n Social Institucional. Espiritual Los seminaristas y sacerdotes complementan su formacio\u0301n acade\u0301mica y humana con la espiritual, ya que deben estar preparados para seguir su vocaci\u00f3n y prestar su cuerpo y su espi\u0301ritu al Sen\u0303or. Humano A trave\u0301s del ambiente de familia y de preparaci\u00f3n, se consigue el desarrollo de actitudes, capacidades y valores que impactan en el crecimiento personal y social de los sacerdotes.","sameAs":["https:\/\/fundacioncarf.org\/","https:\/\/www.facebook.com\/fundacioncarf\/","https:\/\/www.instagram.com\/fundacioncarf\/","https:\/\/www.linkedin.com\/company\/fundacioncarf\/posts\/?feedView=all","https:\/\/x.com\/https:\/\/x.com\/fundacioncarf","https:\/\/www.youtube.com\/c\/fundacioncarf"],"url":"https:\/\/exaudi.org\/es\/author\/carf\/"}]}},"jetpack_featured_media_url":"https:\/\/exaudi.org\/wp-content\/uploads\/2023\/11\/sacerdote-comunion-y-liberacion-1.png","jetpack_shortlink":"https:\/\/wp.me\/pgKjF2-mGZ","_links":{"self":[{"href":"https:\/\/exaudi.org\/es\/wp-json\/wp\/v2\/posts\/87233","targetHints":{"allow":["GET"]}}],"collection":[{"href":"https:\/\/exaudi.org\/es\/wp-json\/wp\/v2\/posts"}],"about":[{"href":"https:\/\/exaudi.org\/es\/wp-json\/wp\/v2\/types\/post"}],"author":[{"embeddable":true,"href":"https:\/\/exaudi.org\/es\/wp-json\/wp\/v2\/users\/119"}],"replies":[{"embeddable":true,"href":"https:\/\/exaudi.org\/es\/wp-json\/wp\/v2\/comments?post=87233"}],"version-history":[{"count":0,"href":"https:\/\/exaudi.org\/es\/wp-json\/wp\/v2\/posts\/87233\/revisions"}],"wp:featuredmedia":[{"embeddable":true,"href":"https:\/\/exaudi.org\/es\/wp-json\/wp\/v2\/media\/87237"}],"wp:attachment":[{"href":"https:\/\/exaudi.org\/es\/wp-json\/wp\/v2\/media?parent=87233"}],"wp:term":[{"taxonomy":"category","embeddable":true,"href":"https:\/\/exaudi.org\/es\/wp-json\/wp\/v2\/categories?post=87233"},{"taxonomy":"post_tag","embeddable":true,"href":"https:\/\/exaudi.org\/es\/wp-json\/wp\/v2\/tags?post=87233"}],"curies":[{"name":"wp","href":"https:\/\/api.w.org\/{rel}","templated":true}]}}