{"id":87155,"date":"2023-11-06T08:40:26","date_gmt":"2023-11-06T07:40:26","guid":{"rendered":"https:\/\/exaudi.org\/?p=87155"},"modified":"2023-11-06T08:41:00","modified_gmt":"2023-11-06T07:41:00","slug":"sin-fe-no-podria-continuar-ni-siquiera-un-minuto","status":"publish","type":"post","link":"https:\/\/exaudi.org\/es\/sin-fe-no-podria-continuar-ni-siquiera-un-minuto\/","title":{"rendered":"&#8216;Sin fe, no podr\u00eda continuar ni siquiera un minuto&#8217;"},"content":{"rendered":"<audio class=\"wp-audio-shortcode\" id=\"audio-87155-1\" preload=\"none\" style=\"width: 100%;\" controls=\"controls\"><source type=\"audio\/mpeg\" src=\"https:\/\/exaudi.org\/wp-content\/uploads\/2023\/11\/Belen.mp3?_=1\" \/><a href=\"https:\/\/exaudi.org\/wp-content\/uploads\/2023\/11\/Belen.mp3\">https:\/\/exaudi.org\/wp-content\/uploads\/2023\/11\/Belen.mp3<\/a><\/audio>\n<p><em>En una entrevista con la fundaci\u00f3n Aid to the Church in Need (ACN), Rony Tabash, miembro de una familia de cristianos de Bel\u00e9n desde hace generaciones, describi\u00f3 c\u00f3mo el actual conflicto est\u00e1 afectando directamente a la comunidad cristiana en Cisjordania. En medio de la desesperanza y la incertidumbre, muchos residentes de Bel\u00e9n se enfrentan a la dif\u00edcil decisi\u00f3n de abandonar su hogar debido a la p\u00e9rdida de esperanza y la falta de oportunidades.<\/em><\/p>\n<p>\u00abLa situaci\u00f3n es terrible, no es nada f\u00e1cil. Cada d\u00eda vienen retos nuevos. \u00a1Nunca he vivido esto antes, nunca! Esto es una guerra, no es <em>como<\/em> una guerra; es una guerra\u00bb, manifiesta Rony Tabash con profunda preocupaci\u00f3n.<\/p>\n<figure id=\"attachment_87169\" aria-describedby=\"caption-attachment-87169\" style=\"width: 173px\" class=\"wp-caption alignleft\"><img loading=\"lazy\" decoding=\"async\" class=\" wp-image-87169\" src=\"https:\/\/exaudi.org\/wp-content\/uploads\/2023\/11\/20121207_017-scaled.jpg\" alt=\"ACN\" width=\"173\" height=\"230\" srcset=\"https:\/\/exaudi.org\/wp-content\/uploads\/2023\/11\/20121207_017-scaled.jpg 1920w, https:\/\/exaudi.org\/wp-content\/uploads\/2023\/11\/20121207_017-225x300.jpg 225w, https:\/\/exaudi.org\/wp-content\/uploads\/2023\/11\/20121207_017-768x1024.jpg 768w, https:\/\/exaudi.org\/wp-content\/uploads\/2023\/11\/20121207_017-770x1027.jpg 770w, https:\/\/exaudi.org\/wp-content\/uploads\/2023\/11\/20121207_017-1152x1536.jpg 1152w, https:\/\/exaudi.org\/wp-content\/uploads\/2023\/11\/20121207_017-1536x2048.jpg 1536w, https:\/\/exaudi.org\/wp-content\/uploads\/2023\/11\/20121207_017-500x667.jpg 500w, https:\/\/exaudi.org\/wp-content\/uploads\/2023\/11\/20121207_017-370x490.jpg 370w, https:\/\/exaudi.org\/wp-content\/uploads\/2023\/11\/20121207_017-585x775.jpg 585w, https:\/\/exaudi.org\/wp-content\/uploads\/2023\/11\/20121207_017-293x391.jpg 293w, https:\/\/exaudi.org\/wp-content\/uploads\/2023\/11\/20121207_017-1400x1867.jpg 1400w, https:\/\/exaudi.org\/wp-content\/uploads\/2023\/11\/20121207_017-390x520.jpg 390w\" sizes=\"auto, (max-width: 173px) 100vw, 173px\" \/><figcaption id=\"caption-attachment-87169\" class=\"wp-caption-text\">(Holy Land) Palestine, Bethlehem 01.12.2012<br \/>The entrance to nativity church in Bethlehem. It is said that it has been made so low to prevent the Turcs from riding on horse into the church.<br \/>Trip of Oliver Maksan<\/figcaption><\/figure>\n<p>Tabash, propietario de una tienda de art\u00edculos religiosos en la plaza del Pesebre de Bel\u00e9n, esperaba por fin poder pagar sus deudas y recuperarse econ\u00f3micamente despu\u00e9s de la pandemia de COVID-19. Ahora se encuentra enfrentando una realidad desoladora: la ausencia de peregrinos ha dejado a la econom\u00eda local en ruinas, afectando a todos los sectores que dependen del turismo religioso, desde hoteles y restaurantes hasta la artesan\u00eda con madera de olivo y la venta de souvenirs.<\/p>\n<p>Seg\u00fan Tabash, la importancia de los peregrinos para la comunidad cristiana en Bel\u00e9n es enorme y la falta de visitantes ha dejado a muchas familias \u201csin empleo y sin esperanza\u201d.<\/p>\n<p>\u00abNo hay peregrinos, todo est\u00e1 vac\u00edo, no hay nadie. Y dicen que va a durar hasta Pascua. Yo no s\u00f3lo estoy preocupado por el dinero o la econom\u00eda, aunque no s\u00e9 c\u00f3mo voy a llegar a final de mes; estoy preocupado por el futuro de los lugares sagrados y de las familias cristianas\u00bb, se lamenta el joven cristiano.<\/p>\n<h3><strong>Bombas sobre el cielo de Bel\u00e9n<\/strong><\/h3>\n<p>El propietario de la tienda de souvenirs comparti\u00f3 en la conversaci\u00f3n con ACN su preocupaci\u00f3n por la seguridad de su familia y de los ciudadanos de Bel\u00e9n. \u00abEn estos d\u00edas tambi\u00e9n hay bombas sobre el cielo de Bel\u00e9n, los ni\u00f1os tienen miedo, mis hijos no quieren separarse de nuestro lado\u00bb, dice.<\/p>\n<p>Tabash tambi\u00e9n destaca las dificultades adicionales que enfrentan aquellos que, \u201cdebido a la pandemia y a que no hab\u00eda peregrinos en Cisjordania durante ese tiempo, buscaron trabajo en Jerusal\u00e9n ya que ahora los checkpoints est\u00e1n cerrados y los permisos de entrada han sido bloqueados para los palestinos\u201d.<\/p>\n<p>Las pocas personas que tienen doble nacionalidad se est\u00e1n yendo de su patria porque han perdido la esperanza: \u201cUn amigo m\u00edo que ten\u00eda una peque\u00f1a empresa de autobuses va a dejar este fin de semana Tierra Santa\u201d. \u00a0Sin embargo, la gran mayor\u00eda no tiene esta posibilidad. Otros han tomado la decisi\u00f3n de quedarse a pesar de que podr\u00edan irse, como Tabash: \u201cYo sigo abriendo mi tienda cada d\u00eda: voy a la plaza, ante la bas\u00edlica del Nacimiento, la gente me pregunta por qu\u00e9 voy, ya que soy el \u00fanico que est\u00e1 abriendo la tienda. Lo \u00fanico que me sostiene es la fe, sin fe no podr\u00eda continuar ni siquiera un minuto. Hemos perdido la esperanza, lo \u00fanico que nos queda es la fe\u00bb, se lamenta el joven cristiano.<\/p>\n<h3><strong>Un lugar sagrado para todos<\/strong><\/h3>\n<p>\u00abYo no puedo dejar esto, no puedo dejar a mi padre\u00bb, afirma Tabash. \u00abNuestra familia lleva esta tienda desde 1927, cuando empez\u00f3 a alquilar el local a la Iglesia armenia. Mi padre me dice <em>&#8216;ten fe, Bel\u00e9n es un lugar sagrado, no va a ser tocado<\/em>&#8216;. S\u00ed, yo voy a quedarme porque es un lugar sagrado, estamos viviendo en el lugar donde naci\u00f3 Jes\u00fas, no podemos irnos. Si no fuera por eso, me ir\u00eda al instante\u201d.<\/p>\n<p>\u00abComo cristiano palestino, siento que mi misi\u00f3n es estar aqu\u00ed; pero cada d\u00eda vienen nuevos retos\u2026 la guerra tiene que acabar. Estamos cansados, queremos la paz, solo la paz para nuestros ni\u00f1os y nuestras familias\u00bb, expresa Tabash.<\/p>\n<p>En la conversaci\u00f3n con la fundaci\u00f3n internacional, Tabash hizo un llamado a la solidaridad internacional para preservar el lugar sagrado donde naci\u00f3 Jes\u00fas. \u201c\u00bfEs este un lugar s\u00f3lo sagrado para m\u00ed, para mi familia, para nosotros los palestinos de Cisjordania? \u00bfNo es un lugar sagrado para todos los cristianos del mundo?, se pregunta. \u201cMucha gente tiene el deseo de venir a Tierra Santa. Es la hora de ayudarnos, de estar presentes en estos lugares santos\u00bb, dice con convicci\u00f3n.<\/p>\n<p>Debido a las restricciones de viaje y al peligro de la regi\u00f3n, Tabash sabe que no es posible que las personas vengan f\u00edsicamente, pero les insta a estar presentes de otras formas: \u00abVengan con sus rezos, vengan con su acci\u00f3n pidiendo la paz, vengan defendiendo la integridad de estos lugares. El silencio me da miedo. Vengan, con su ayuda a las familias cristianas\u00bb.<\/p>\n<p><em>Nota para los editores: La fundaci\u00f3n Aid to the Church in Need es una organizaci\u00f3n internacional sin fines de lucro que brinda apoyo a la Iglesia cat\u00f3lica en \u00e1reas de conflicto y persecuci\u00f3n religiosa. Su misi\u00f3n es ayudar a las comunidades cristianas en todo el mundo, especialmente en aquellos lugares donde enfrentan desaf\u00edos significativos para practicar su fe. Para obtener m\u00e1s informaci\u00f3n, visite <a href=\"https:\/\/acninternational.org\/\" target=\"_blank\" rel=\"noopener\">https:\/\/acninternational.org\/<\/a><\/em><\/p>\n","protected":false},"excerpt":{"rendered":"<p>El desgarrador lamento de Bel\u00e9n<\/p>\n","protected":false},"author":89,"featured_media":87156,"comment_status":"closed","ping_status":"closed","sticky":false,"template":"","format":"standard","meta":{"_acf_changed":false,"_crdt_document":"","inline_featured_image":false,"footnotes":""},"categories":[108,74],"tags":[1462,4699,4953],"class_list":["post-87155","post","type-post","status-publish","format-standard","has-post-thumbnail","hentry","category-entrevistas","category-iglesia-y-mundo","tag-ayuda-a-la-iglesia-necesitada-acn","tag-belen","tag-trending-es"],"acf":[],"yoast_head":"<!-- This site is optimized with the Yoast SEO plugin v27.4 - https:\/\/yoast.com\/product\/yoast-seo-wordpress\/ -->\n<title>&#039;Sin fe, no podr\u00eda continuar ni siquiera un minuto&#039; &#8211; Exaudi<\/title>\n<meta name=\"robots\" content=\"index, follow, max-snippet:-1, max-image-preview:large, max-video-preview:-1\" \/>\n<link rel=\"canonical\" href=\"https:\/\/exaudi.org\/es\/sin-fe-no-podria-continuar-ni-siquiera-un-minuto\/\" \/>\n<meta property=\"og:locale\" content=\"es_ES\" \/>\n<meta property=\"og:type\" content=\"article\" \/>\n<meta property=\"og:title\" content=\"&#039;Sin fe, no podr\u00eda continuar ni siquiera un minuto&#039; &#8211; Exaudi\" \/>\n<meta property=\"og:description\" content=\"El desgarrador lamento de Bel\u00e9n\" \/>\n<meta property=\"og:url\" content=\"https:\/\/exaudi.org\/es\/sin-fe-no-podria-continuar-ni-siquiera-un-minuto\/\" \/>\n<meta property=\"og:site_name\" content=\"Exaudi\" \/>\n<meta property=\"article:publisher\" content=\"https:\/\/www.facebook.com\/ExaudiNews\" \/>\n<meta property=\"article:author\" content=\"https:\/\/www.facebook.com\/ayudaalaiglesianecesitada\/?ref=ts\" \/>\n<meta property=\"article:published_time\" content=\"2023-11-06T07:40:26+00:00\" \/>\n<meta property=\"article:modified_time\" content=\"2023-11-06T07:41:00+00:00\" \/>\n<meta property=\"og:image\" content=\"https:\/\/exaudi.org\/wp-content\/uploads\/2023\/11\/ACN-20141030-15514-scaled.jpg\" \/>\n\t<meta property=\"og:image:width\" content=\"1707\" \/>\n\t<meta property=\"og:image:height\" content=\"2560\" \/>\n\t<meta property=\"og:image:type\" content=\"image\/jpeg\" \/>\n<meta name=\"author\" content=\"Ayuda a la Iglesia Necesitada\" \/>\n<meta name=\"twitter:card\" content=\"summary_large_image\" \/>\n<meta name=\"twitter:creator\" content=\"@https:\/\/x.com\/AyudaIglesNeces\" \/>\n<meta name=\"twitter:site\" content=\"@Exaudi_News\" \/>\n<meta name=\"twitter:label1\" content=\"Escrito por\" \/>\n\t<meta name=\"twitter:data1\" content=\"Ayuda a la Iglesia Necesitada\" \/>\n\t<meta name=\"twitter:label2\" content=\"Tiempo de lectura\" \/>\n\t<meta name=\"twitter:data2\" content=\"5 minutos\" \/>\n<script type=\"application\/ld+json\" class=\"yoast-schema-graph\">{\"@context\":\"https:\\\/\\\/schema.org\",\"@graph\":[{\"@type\":\"Article\",\"@id\":\"https:\\\/\\\/exaudi.org\\\/es\\\/sin-fe-no-podria-continuar-ni-siquiera-un-minuto\\\/#article\",\"isPartOf\":{\"@id\":\"https:\\\/\\\/exaudi.org\\\/es\\\/sin-fe-no-podria-continuar-ni-siquiera-un-minuto\\\/\"},\"author\":{\"name\":\"Ayuda a la Iglesia Necesitada\",\"@id\":\"https:\\\/\\\/exaudi.org\\\/#\\\/schema\\\/person\\\/d4906ab3b6c174ffe37d722c51c73317\"},\"headline\":\"&#8216;Sin fe, no podr\u00eda continuar ni siquiera un minuto&#8217;\",\"datePublished\":\"2023-11-06T07:40:26+00:00\",\"dateModified\":\"2023-11-06T07:41:00+00:00\",\"mainEntityOfPage\":{\"@id\":\"https:\\\/\\\/exaudi.org\\\/es\\\/sin-fe-no-podria-continuar-ni-siquiera-un-minuto\\\/\"},\"wordCount\":960,\"image\":{\"@id\":\"https:\\\/\\\/exaudi.org\\\/es\\\/sin-fe-no-podria-continuar-ni-siquiera-un-minuto\\\/#primaryimage\"},\"thumbnailUrl\":\"https:\\\/\\\/exaudi.org\\\/wp-content\\\/uploads\\\/2023\\\/11\\\/ACN-20141030-15514-scaled.jpg\",\"keywords\":[\"Ayuda a la Iglesia Necesitada (ACN)\",\"Bel\u00e9n\",\"Trending\"],\"articleSection\":[\"Entrevistas\",\"Iglesia y Mundo\"],\"inLanguage\":\"es\"},{\"@type\":\"WebPage\",\"@id\":\"https:\\\/\\\/exaudi.org\\\/es\\\/sin-fe-no-podria-continuar-ni-siquiera-un-minuto\\\/\",\"url\":\"https:\\\/\\\/exaudi.org\\\/es\\\/sin-fe-no-podria-continuar-ni-siquiera-un-minuto\\\/\",\"name\":\"'Sin fe, no podr\u00eda continuar ni siquiera un minuto' &#8211; Exaudi\",\"isPartOf\":{\"@id\":\"https:\\\/\\\/exaudi.org\\\/#website\"},\"primaryImageOfPage\":{\"@id\":\"https:\\\/\\\/exaudi.org\\\/es\\\/sin-fe-no-podria-continuar-ni-siquiera-un-minuto\\\/#primaryimage\"},\"image\":{\"@id\":\"https:\\\/\\\/exaudi.org\\\/es\\\/sin-fe-no-podria-continuar-ni-siquiera-un-minuto\\\/#primaryimage\"},\"thumbnailUrl\":\"https:\\\/\\\/exaudi.org\\\/wp-content\\\/uploads\\\/2023\\\/11\\\/ACN-20141030-15514-scaled.jpg\",\"datePublished\":\"2023-11-06T07:40:26+00:00\",\"dateModified\":\"2023-11-06T07:41:00+00:00\",\"author\":{\"@id\":\"https:\\\/\\\/exaudi.org\\\/#\\\/schema\\\/person\\\/d4906ab3b6c174ffe37d722c51c73317\"},\"breadcrumb\":{\"@id\":\"https:\\\/\\\/exaudi.org\\\/es\\\/sin-fe-no-podria-continuar-ni-siquiera-un-minuto\\\/#breadcrumb\"},\"inLanguage\":\"es\",\"potentialAction\":[{\"@type\":\"ReadAction\",\"target\":[\"https:\\\/\\\/exaudi.org\\\/es\\\/sin-fe-no-podria-continuar-ni-siquiera-un-minuto\\\/\"]}]},{\"@type\":\"ImageObject\",\"inLanguage\":\"es\",\"@id\":\"https:\\\/\\\/exaudi.org\\\/es\\\/sin-fe-no-podria-continuar-ni-siquiera-un-minuto\\\/#primaryimage\",\"url\":\"https:\\\/\\\/exaudi.org\\\/wp-content\\\/uploads\\\/2023\\\/11\\\/ACN-20141030-15514-scaled.jpg\",\"contentUrl\":\"https:\\\/\\\/exaudi.org\\\/wp-content\\\/uploads\\\/2023\\\/11\\\/ACN-20141030-15514-scaled.jpg\",\"width\":1707,\"height\":2560,\"caption\":\"Ilona Budzbon\\\/ACN\"},{\"@type\":\"BreadcrumbList\",\"@id\":\"https:\\\/\\\/exaudi.org\\\/es\\\/sin-fe-no-podria-continuar-ni-siquiera-un-minuto\\\/#breadcrumb\",\"itemListElement\":[{\"@type\":\"ListItem\",\"position\":1,\"name\":\"Portada\",\"item\":\"https:\\\/\\\/exaudi.org\\\/es\\\/\"},{\"@type\":\"ListItem\",\"position\":2,\"name\":\"&#8216;Sin fe, no podr\u00eda continuar ni siquiera un minuto&#8217;\"}]},{\"@type\":\"WebSite\",\"@id\":\"https:\\\/\\\/exaudi.org\\\/#website\",\"url\":\"https:\\\/\\\/exaudi.org\\\/\",\"name\":\"Exaudi\",\"description\":\"News\",\"potentialAction\":[{\"@type\":\"SearchAction\",\"target\":{\"@type\":\"EntryPoint\",\"urlTemplate\":\"https:\\\/\\\/exaudi.org\\\/?s={search_term_string}\"},\"query-input\":{\"@type\":\"PropertyValueSpecification\",\"valueRequired\":true,\"valueName\":\"search_term_string\"}}],\"inLanguage\":\"es\"},{\"@type\":\"Person\",\"@id\":\"https:\\\/\\\/exaudi.org\\\/#\\\/schema\\\/person\\\/d4906ab3b6c174ffe37d722c51c73317\",\"name\":\"Ayuda a la Iglesia Necesitada\",\"image\":{\"@type\":\"ImageObject\",\"inLanguage\":\"es\",\"@id\":\"https:\\\/\\\/secure.gravatar.com\\\/avatar\\\/18b646e6575a46729bc25d1c374d5965acb9854728a2929ada390e85905160db?s=96&d=mm&r=g\",\"url\":\"https:\\\/\\\/secure.gravatar.com\\\/avatar\\\/18b646e6575a46729bc25d1c374d5965acb9854728a2929ada390e85905160db?s=96&d=mm&r=g\",\"contentUrl\":\"https:\\\/\\\/secure.gravatar.com\\\/avatar\\\/18b646e6575a46729bc25d1c374d5965acb9854728a2929ada390e85905160db?s=96&d=mm&r=g\",\"caption\":\"Ayuda a la Iglesia Necesitada\"},\"description\":\"Ayuda a la Iglesia Necesitada (ACN) es la Fundaci\u00f3n Pontificia que apoya a la Iglesia cat\u00f3lica en su labor evangelizadora en las comunidades m\u00e1s necesitadas, discriminadas y perseguidas del mundo. Cada a\u00f1o, ACN financia m\u00e1s de 5.000 proyectos pastorales y de emergencia humanitaria en m\u00e1s de 130 pa\u00edses. Cuenta con m\u00e1s de 20 oficinas en el mundo (en Espa\u00f1a desde 1965), dedicadas a informar sobre la realidad de estos cristianos; al fomento de la oraci\u00f3n, y a la recaudaci\u00f3n de fondos para la cobertura de proyectos. El 100% de los proyectos que desarrolla ACN se sostienen gracias a los donativos de personas f\u00edsicas u organizaciones que valoran la labor de la Iglesia en el mundo. La Fundaci\u00f3n no recibe subvenciones de organismos p\u00fablicos.\",\"sameAs\":[\"https:\\\/\\\/www.facebook.com\\\/ayudaalaiglesianecesitada\\\/?ref=ts\",\"https:\\\/\\\/www.instagram.com\\\/ayudaiglesianecesitada\\\/\",\"https:\\\/\\\/x.com\\\/https:\\\/\\\/x.com\\\/AyudaIglesNeces\",\"https:\\\/\\\/www.youtube.com\\\/user\\\/AINorg\"],\"url\":\"https:\\\/\\\/exaudi.org\\\/es\\\/author\\\/ayudaalaiglesianecesitada\\\/\"}]}<\/script>\n<!-- \/ Yoast SEO plugin. -->","yoast_head_json":{"title":"'Sin fe, no podr\u00eda continuar ni siquiera un minuto' &#8211; Exaudi","robots":{"index":"index","follow":"follow","max-snippet":"max-snippet:-1","max-image-preview":"max-image-preview:large","max-video-preview":"max-video-preview:-1"},"canonical":"https:\/\/exaudi.org\/es\/sin-fe-no-podria-continuar-ni-siquiera-un-minuto\/","og_locale":"es_ES","og_type":"article","og_title":"'Sin fe, no podr\u00eda continuar ni siquiera un minuto' &#8211; Exaudi","og_description":"El desgarrador lamento de Bel\u00e9n","og_url":"https:\/\/exaudi.org\/es\/sin-fe-no-podria-continuar-ni-siquiera-un-minuto\/","og_site_name":"Exaudi","article_publisher":"https:\/\/www.facebook.com\/ExaudiNews","article_author":"https:\/\/www.facebook.com\/ayudaalaiglesianecesitada\/?ref=ts","article_published_time":"2023-11-06T07:40:26+00:00","article_modified_time":"2023-11-06T07:41:00+00:00","og_image":[{"width":1707,"height":2560,"url":"https:\/\/exaudi.org\/wp-content\/uploads\/2023\/11\/ACN-20141030-15514-scaled.jpg","type":"image\/jpeg"}],"author":"Ayuda a la Iglesia Necesitada","twitter_card":"summary_large_image","twitter_creator":"@https:\/\/x.com\/AyudaIglesNeces","twitter_site":"@Exaudi_News","twitter_misc":{"Escrito por":"Ayuda a la Iglesia Necesitada","Tiempo de lectura":"5 minutos"},"schema":{"@context":"https:\/\/schema.org","@graph":[{"@type":"Article","@id":"https:\/\/exaudi.org\/es\/sin-fe-no-podria-continuar-ni-siquiera-un-minuto\/#article","isPartOf":{"@id":"https:\/\/exaudi.org\/es\/sin-fe-no-podria-continuar-ni-siquiera-un-minuto\/"},"author":{"name":"Ayuda a la Iglesia Necesitada","@id":"https:\/\/exaudi.org\/#\/schema\/person\/d4906ab3b6c174ffe37d722c51c73317"},"headline":"&#8216;Sin fe, no podr\u00eda continuar ni siquiera un minuto&#8217;","datePublished":"2023-11-06T07:40:26+00:00","dateModified":"2023-11-06T07:41:00+00:00","mainEntityOfPage":{"@id":"https:\/\/exaudi.org\/es\/sin-fe-no-podria-continuar-ni-siquiera-un-minuto\/"},"wordCount":960,"image":{"@id":"https:\/\/exaudi.org\/es\/sin-fe-no-podria-continuar-ni-siquiera-un-minuto\/#primaryimage"},"thumbnailUrl":"https:\/\/exaudi.org\/wp-content\/uploads\/2023\/11\/ACN-20141030-15514-scaled.jpg","keywords":["Ayuda a la Iglesia Necesitada (ACN)","Bel\u00e9n","Trending"],"articleSection":["Entrevistas","Iglesia y Mundo"],"inLanguage":"es"},{"@type":"WebPage","@id":"https:\/\/exaudi.org\/es\/sin-fe-no-podria-continuar-ni-siquiera-un-minuto\/","url":"https:\/\/exaudi.org\/es\/sin-fe-no-podria-continuar-ni-siquiera-un-minuto\/","name":"'Sin fe, no podr\u00eda continuar ni siquiera un minuto' &#8211; Exaudi","isPartOf":{"@id":"https:\/\/exaudi.org\/#website"},"primaryImageOfPage":{"@id":"https:\/\/exaudi.org\/es\/sin-fe-no-podria-continuar-ni-siquiera-un-minuto\/#primaryimage"},"image":{"@id":"https:\/\/exaudi.org\/es\/sin-fe-no-podria-continuar-ni-siquiera-un-minuto\/#primaryimage"},"thumbnailUrl":"https:\/\/exaudi.org\/wp-content\/uploads\/2023\/11\/ACN-20141030-15514-scaled.jpg","datePublished":"2023-11-06T07:40:26+00:00","dateModified":"2023-11-06T07:41:00+00:00","author":{"@id":"https:\/\/exaudi.org\/#\/schema\/person\/d4906ab3b6c174ffe37d722c51c73317"},"breadcrumb":{"@id":"https:\/\/exaudi.org\/es\/sin-fe-no-podria-continuar-ni-siquiera-un-minuto\/#breadcrumb"},"inLanguage":"es","potentialAction":[{"@type":"ReadAction","target":["https:\/\/exaudi.org\/es\/sin-fe-no-podria-continuar-ni-siquiera-un-minuto\/"]}]},{"@type":"ImageObject","inLanguage":"es","@id":"https:\/\/exaudi.org\/es\/sin-fe-no-podria-continuar-ni-siquiera-un-minuto\/#primaryimage","url":"https:\/\/exaudi.org\/wp-content\/uploads\/2023\/11\/ACN-20141030-15514-scaled.jpg","contentUrl":"https:\/\/exaudi.org\/wp-content\/uploads\/2023\/11\/ACN-20141030-15514-scaled.jpg","width":1707,"height":2560,"caption":"Ilona Budzbon\/ACN"},{"@type":"BreadcrumbList","@id":"https:\/\/exaudi.org\/es\/sin-fe-no-podria-continuar-ni-siquiera-un-minuto\/#breadcrumb","itemListElement":[{"@type":"ListItem","position":1,"name":"Portada","item":"https:\/\/exaudi.org\/es\/"},{"@type":"ListItem","position":2,"name":"&#8216;Sin fe, no podr\u00eda continuar ni siquiera un minuto&#8217;"}]},{"@type":"WebSite","@id":"https:\/\/exaudi.org\/#website","url":"https:\/\/exaudi.org\/","name":"Exaudi","description":"News","potentialAction":[{"@type":"SearchAction","target":{"@type":"EntryPoint","urlTemplate":"https:\/\/exaudi.org\/?s={search_term_string}"},"query-input":{"@type":"PropertyValueSpecification","valueRequired":true,"valueName":"search_term_string"}}],"inLanguage":"es"},{"@type":"Person","@id":"https:\/\/exaudi.org\/#\/schema\/person\/d4906ab3b6c174ffe37d722c51c73317","name":"Ayuda a la Iglesia Necesitada","image":{"@type":"ImageObject","inLanguage":"es","@id":"https:\/\/secure.gravatar.com\/avatar\/18b646e6575a46729bc25d1c374d5965acb9854728a2929ada390e85905160db?s=96&d=mm&r=g","url":"https:\/\/secure.gravatar.com\/avatar\/18b646e6575a46729bc25d1c374d5965acb9854728a2929ada390e85905160db?s=96&d=mm&r=g","contentUrl":"https:\/\/secure.gravatar.com\/avatar\/18b646e6575a46729bc25d1c374d5965acb9854728a2929ada390e85905160db?s=96&d=mm&r=g","caption":"Ayuda a la Iglesia Necesitada"},"description":"Ayuda a la Iglesia Necesitada (ACN) es la Fundaci\u00f3n Pontificia que apoya a la Iglesia cat\u00f3lica en su labor evangelizadora en las comunidades m\u00e1s necesitadas, discriminadas y perseguidas del mundo. Cada a\u00f1o, ACN financia m\u00e1s de 5.000 proyectos pastorales y de emergencia humanitaria en m\u00e1s de 130 pa\u00edses. Cuenta con m\u00e1s de 20 oficinas en el mundo (en Espa\u00f1a desde 1965), dedicadas a informar sobre la realidad de estos cristianos; al fomento de la oraci\u00f3n, y a la recaudaci\u00f3n de fondos para la cobertura de proyectos. El 100% de los proyectos que desarrolla ACN se sostienen gracias a los donativos de personas f\u00edsicas u organizaciones que valoran la labor de la Iglesia en el mundo. La Fundaci\u00f3n no recibe subvenciones de organismos p\u00fablicos.","sameAs":["https:\/\/www.facebook.com\/ayudaalaiglesianecesitada\/?ref=ts","https:\/\/www.instagram.com\/ayudaiglesianecesitada\/","https:\/\/x.com\/https:\/\/x.com\/AyudaIglesNeces","https:\/\/www.youtube.com\/user\/AINorg"],"url":"https:\/\/exaudi.org\/es\/author\/ayudaalaiglesianecesitada\/"}]}},"jetpack_featured_media_url":"https:\/\/exaudi.org\/wp-content\/uploads\/2023\/11\/ACN-20141030-15514-scaled.jpg","jetpack_shortlink":"https:\/\/wp.me\/pgKjF2-mFJ","_links":{"self":[{"href":"https:\/\/exaudi.org\/es\/wp-json\/wp\/v2\/posts\/87155","targetHints":{"allow":["GET"]}}],"collection":[{"href":"https:\/\/exaudi.org\/es\/wp-json\/wp\/v2\/posts"}],"about":[{"href":"https:\/\/exaudi.org\/es\/wp-json\/wp\/v2\/types\/post"}],"author":[{"embeddable":true,"href":"https:\/\/exaudi.org\/es\/wp-json\/wp\/v2\/users\/89"}],"replies":[{"embeddable":true,"href":"https:\/\/exaudi.org\/es\/wp-json\/wp\/v2\/comments?post=87155"}],"version-history":[{"count":0,"href":"https:\/\/exaudi.org\/es\/wp-json\/wp\/v2\/posts\/87155\/revisions"}],"wp:featuredmedia":[{"embeddable":true,"href":"https:\/\/exaudi.org\/es\/wp-json\/wp\/v2\/media\/87156"}],"wp:attachment":[{"href":"https:\/\/exaudi.org\/es\/wp-json\/wp\/v2\/media?parent=87155"}],"wp:term":[{"taxonomy":"category","embeddable":true,"href":"https:\/\/exaudi.org\/es\/wp-json\/wp\/v2\/categories?post=87155"},{"taxonomy":"post_tag","embeddable":true,"href":"https:\/\/exaudi.org\/es\/wp-json\/wp\/v2\/tags?post=87155"}],"curies":[{"name":"wp","href":"https:\/\/api.w.org\/{rel}","templated":true}]}}