{"id":87108,"date":"2023-11-05T10:45:41","date_gmt":"2023-11-05T09:45:41","guid":{"rendered":"https:\/\/exaudi.org\/?p=87108"},"modified":"2023-11-05T14:23:40","modified_gmt":"2023-11-05T13:23:40","slug":"la-solidaridad-sin-limites-de-la-renovacion-carismatica","status":"publish","type":"post","link":"https:\/\/exaudi.org\/es\/la-solidaridad-sin-limites-de-la-renovacion-carismatica\/","title":{"rendered":"\u201cLa solidaridad sin l\u00edmites de la Renovaci\u00f3n Carism\u00e1tica\u201d"},"content":{"rendered":"<p>Desde el Aula Pablo VI, audiencia del Papa Francisco a los participantes del encuentro promovido por CHARIS \u00abLlamados, Transformados y Enviados\u00bb.<\/p>\n<p>El Encuentro promovido por el Servicio Internacional de la Renovaci\u00f3n Carism\u00e1tica Cat\u00f3lica (CHARIS) fue un acontecimiento hist\u00f3rico que reuni\u00f3 a l\u00edderes y participantes de todo el mundo para celebrar la Renovaci\u00f3n Carism\u00e1tica Cat\u00f3lica y reflexionar sobre su futuro. El evento se celebr\u00f3 en Roma, Italia, del 2 al 4 de noviembre de 2023 y cont\u00f3 con la presencia del Papa Francisco, que envi\u00f3 un mensaje de \u00e1nimo a los participantes.<\/p>\n<p>Los comentarios sobre la reuni\u00f3n fueron en general positivos. Los participantes expresaron su alegr\u00eda por la oportunidad de reunirse y compartir sus experiencias de renovaci\u00f3n carism\u00e1tica. Tambi\u00e9n destacaron la importancia del encuentro para fomentar la unidad y la colaboraci\u00f3n entre las distintas realidades carism\u00e1ticas.<\/p>\n<p>En general, la reuni\u00f3n promovida por CHARIS fue un \u00e9xito que alcanz\u00f3 sus objetivos. El encuentro ayud\u00f3 a promover la unidad y la colaboraci\u00f3n entre las diferentes realidades carism\u00e1ticas y ofreci\u00f3 una oportunidad para reflexionar sobre el futuro del movimiento.<\/p>\n<p>***<\/p>\n<h3><strong>Discurso del Santo Padre<\/strong><\/h3>\n<p><i>Queridos hermanos y hermanas, \u00a1buenos d\u00edas!<\/i><\/p>\n<p>Me complace encontrarme con ustedes, despu\u00e9s de cinco a\u00f1os del inicio efectivo de vuestra actividad como \u00aborganismo de servicio internacional para todas las expresiones de la Renovaci\u00f3n Carism\u00e1tica Cat\u00f3lica\u00bb (Estatutos de CHARIS, art. 1 \u00a7 1).<\/p>\n<p>S\u00e9 que est\u00e1n en fase de revisi\u00f3n, y por ello es oportuno hacerse algunas preguntas: \u00bfc\u00f3mo marcha el trabajo de CHARIS?, \u00bfc\u00f3mo se est\u00e1n desarrollando los servicios locales de comuni\u00f3n?, \u00bfqu\u00e9 mensajes nos dan?, \u00bfcu\u00e1l es el estado de salud de la Renovaci\u00f3n Carism\u00e1tica Cat\u00f3lica en el mundo?, \u00bfse est\u00e1 creciendo en madurez eclesial? Este \u00faltimo es, de hecho, el objetivo principal de vuestro servicio que hay que tener siempre presente, sobre todo, en la oraci\u00f3n: crecer en la madurez eclesial.<\/p>\n<p><img loading=\"lazy\" decoding=\"async\" class=\"alignright size-medium wp-image-87109\" src=\"https:\/\/exaudi.org\/wp-content\/uploads\/2023\/11\/cq5dam.web_.800.800-28-300x200.jpeg\" alt=\"\" width=\"300\" height=\"200\" srcset=\"https:\/\/exaudi.org\/wp-content\/uploads\/2023\/11\/cq5dam.web_.800.800-28-300x200.jpeg 300w, https:\/\/exaudi.org\/wp-content\/uploads\/2023\/11\/cq5dam.web_.800.800-28-770x513.jpeg 770w, https:\/\/exaudi.org\/wp-content\/uploads\/2023\/11\/cq5dam.web_.800.800-28-360x240.jpeg?crop=1 360w, https:\/\/exaudi.org\/wp-content\/uploads\/2023\/11\/cq5dam.web_.800.800-28-500x333.jpeg 500w, https:\/\/exaudi.org\/wp-content\/uploads\/2023\/11\/cq5dam.web_.800.800-28-370x247.jpeg 370w, https:\/\/exaudi.org\/wp-content\/uploads\/2023\/11\/cq5dam.web_.800.800-28-293x195.jpeg 293w, https:\/\/exaudi.org\/wp-content\/uploads\/2023\/11\/cq5dam.web_.800.800-28-120x80.jpeg 120w, https:\/\/exaudi.org\/wp-content\/uploads\/2023\/11\/cq5dam.web_.800.800-28-240x160.jpeg 240w, https:\/\/exaudi.org\/wp-content\/uploads\/2023\/11\/cq5dam.web_.800.800-28-390x260.jpeg 390w, https:\/\/exaudi.org\/wp-content\/uploads\/2023\/11\/cq5dam.web_.800.800-28.jpeg 800w\" sizes=\"auto, (max-width: 300px) 100vw, 300px\" \/>Al escuchar y acoger todo lo que se ha desarrollado en estos a\u00f1os, dentro de la \u00abcorriente de gracia\u00bb \u2014as\u00ed debemos llamarla:\u00a0<i>corriente de gracia\u2014\u00a0<\/i>que representa la Renovaci\u00f3n Carism\u00e1tica Cat\u00f3lica, se puede decir que CHARIS est\u00e1 llamada a ser una voz que acompa\u00f1e e indique a todas las comunidades un camino a seguir en comuni\u00f3n. CHARIS es, por as\u00ed decirlo, una \u201cventana\u201d en el vasto y variado mundo de la Renovaci\u00f3n Carism\u00e1tica Cat\u00f3lica. Las personas que trabajan all\u00ed, tienen la gran oportunidad de \u201casomarse\u201d por esta ventana, y mirar m\u00e1s all\u00e1. De superar la propia experiencia local, y reconocer la riqueza que el Esp\u00edritu Santo suscita en todas partes; en contextos culturales, sociales y eclesiales muy diferentes del propio. Es tambi\u00e9n gracias al discernimiento y a la puesta com\u00fan de esta multiplicidad de experiencias y conocimientos, que CHARIS puede llevar a cabo su servicio, ayudando as\u00ed a los peque\u00f1os grupos a salir de una cierta estrechez de miras, d\u00e1ndoles un respiro carism\u00e1tico y eclesial m\u00e1s amplio. Hablando de esta estrechez de miras: en una ocasi\u00f3n, una santa monja me dec\u00eda que algunos cat\u00f3licos son como los caballos que llevan anteojeras y son incapaces di mirar a un lado o a otro. Esta estrechez de miras, gracias a Dios, ustedes la han superado y luchan contra ella. Eso me gusta.<\/p>\n<p>Un objetivo que se han propuesto, y que yo mismo he animado, es el multiplicar los, as\u00ed llamados, \u201cSeminarios de vida nueva\u201d en todo lugar y para todos. Se trata de momentos de \u201cprimer anuncio\u201d, muy kerigm\u00e1ticos, que ofrecen a las personas la posibilidad de un encuentro con Jes\u00fas vivo, con su Palabra con su Esp\u00edritu, con su Iglesia percibida como un ambiente de acogida, como un lugar de gracia, de reconciliaci\u00f3n y de regeneraci\u00f3n. Por ello los he exhortado a proponer estos Seminarios en el modo m\u00e1s amplio posible. As\u00ed pues, hoy les pregunto: \u00bfse est\u00e1n ofreciendo estos Seminarios de vida nueva en los distintos contextos eclesiales, a\u00fan en aquellos m\u00e1s remotos y peque\u00f1os, incluso entre los pobres y en las periferias? Cada uno d\u00e9 una respuesta en su coraz\u00f3n. Un obst\u00e1culo podr\u00eda ser pensar que estos Seminarios est\u00e1n destinados solo para las grandes estructuras y para los l\u00edderes m\u00e1s destacados, cuando en realidad tambi\u00e9n los peque\u00f1os grupos parroquiales y los responsables locales pueden organizarlos y ofrecerlos a las personas de su territorio.<\/p>\n<p>Habr\u00eda que considerar tambi\u00e9n que los Seminarios de vida nueva suelen ser vividos por las personas como experiencias muy fuertes, que les resultan determinantes para un verdadero cambio de vida. Cambio de vida: \u00a1despu\u00e9s de un seminario la gente cambia de vida! Sin embargo, solo son el comienzo, un fuego muy intenso que se enciende, pero que corre el riesgo de extinguirse si no se alimenta. Por eso, despu\u00e9s de los Seminarios, son indispensables los itinerarios formativos que ayuden a tener viva la gracia recibida, y sostengan un proceso gradual de crecimiento en la fe, en la vida de oraci\u00f3n, en la conducta moral; as\u00ed como la participaci\u00f3n en los sacramentos y en la acci\u00f3n caritativa y misionera de la Iglesia.<\/p>\n<p>Quisiera ahora recordarles dos aspectos presentes en los estatutos de CHARIS.<\/p>\n<figure id=\"attachment_87102\" aria-describedby=\"caption-attachment-87102\" style=\"width: 300px\" class=\"wp-caption alignleft\"><img loading=\"lazy\" decoding=\"async\" class=\"size-medium wp-image-87102\" src=\"https:\/\/exaudi.org\/wp-content\/uploads\/2023\/11\/cq5dam.thumbnail.cropped.750.422-35-1-300x169.jpeg\" alt=\"\" width=\"300\" height=\"169\" srcset=\"https:\/\/exaudi.org\/wp-content\/uploads\/2023\/11\/cq5dam.thumbnail.cropped.750.422-35-1-300x169.jpeg 300w, https:\/\/exaudi.org\/wp-content\/uploads\/2023\/11\/cq5dam.thumbnail.cropped.750.422-35-1-500x281.jpeg 500w, https:\/\/exaudi.org\/wp-content\/uploads\/2023\/11\/cq5dam.thumbnail.cropped.750.422-35-1-293x165.jpeg 293w, https:\/\/exaudi.org\/wp-content\/uploads\/2023\/11\/cq5dam.thumbnail.cropped.750.422-35-1-390x219.jpeg 390w, https:\/\/exaudi.org\/wp-content\/uploads\/2023\/11\/cq5dam.thumbnail.cropped.750.422-35-1.jpeg 750w\" sizes=\"auto, (max-width: 300px) 100vw, 300px\" \/><figcaption id=\"caption-attachment-87102\" class=\"wp-caption-text\">Vatican News<\/figcaption><\/figure>\n<p>El primero es la importancia de \u00abpromover el ejercicio de los carismas no solo en la Renovaci\u00f3n Carism\u00e1tica Cat\u00f3lica sino tambi\u00e9n en toda la Iglesia\u00bb (Art. 3 \u00a7 b). El servicio que puede prestar CHARIS es precisamente el de promover los carismas, motivando a que se dispongan en favor de toda la Iglesia.\u00a0<i>Promover:<\/i>\u00a0no\u00a0<i>controlar<\/i>\u00a0los carismas. Y para eso, para promover el carisma, hay que seguir a aqu\u00e9l que es el Maestro en promover el carisma: el Esp\u00edritu Santo. Pensemos en la ma\u00f1ana de Pentecost\u00e9s, no se pod\u00eda entender nada, un gran desorden; pero \u00c9l mismo es quien hace que haya armon\u00eda en esa gran diversidad. Y \u00e9ste es el Maestro que nos ense\u00f1a c\u00f3mo se promueven los carismas. En particular, deber\u00edan valorarse siempre los carismas en pro de la evangelizaci\u00f3n y de la actividad misionera, sobre todo cuando est\u00e1n dirigidos hacia los que a\u00fan no conocen a Jesucristo.<\/p>\n<p>El segundo es el de \u00abalentar la profundizaci\u00f3n espiritual y la santidad de las personas que viven la experiencia del bautismo en el Esp\u00edritu Santo\u00bb (Art. 3 \u00a7 c). No debe darse por supuesto que una vez que se ha recibido este bautismo en el Esp\u00edritu, ya se es plenamente cristiano. El camino de la santidad es siempre progresivo, en la conversi\u00f3n personal y en la donaci\u00f3n generosa de s\u00ed mismo a Cristo y a los dem\u00e1s, y no solo en el \u201cbienestar espiritual\u201d.<\/p>\n<p>Queridos amigos, les agradezco su servicio. No olviden que su tarea no es juzgar qui\u00e9n es un \u201caut\u00e9ntico carism\u00e1tico\u201d y qui\u00e9n no lo es, eso no les toca ustedes. Est\u00e1 es una tentaci\u00f3n de la Iglesia desde el principio: \u201cYo soy de Pablo\u201d \u2013 \u201cyo de Apolo\u201d \u2013 \u201cyo de Cefas\u201d (cf\u00a0<i>1 Cor<\/i>\u00a01,12).No, esto no funciona.\u00a0Est\u00e1n llamados, por el contrario, a ofrecer apoyo y consejo a los Pastores, para acompa\u00f1ar a todos los grupos y realidades multiformes que hacen referencia a la Renovaci\u00f3n carism\u00e1tica. Y si alguien me pregunta: \u201cPero d\u00edgame una se\u00f1a: \u00bfqu\u00e9 hace la verdadera vida de renovaci\u00f3n en una persona?\u00bb. Lo que me viene a la mente es que las personas que viven plenamente la renovaci\u00f3n saben sonre\u00edr. Saben sonre\u00edr. Y esta sonrisa les ayudar\u00e1 a permanecer vigilantes en no caer en la tentaci\u00f3n de los juegos de poder y de influencia, rechazando el deseo de primeriar y de mandar. La aut\u00e9ntica tarea consiste en servir. Es bueno dejar espacio a las nuevas generaciones de responsables, para as\u00ed comprometerse firmemente con la formaci\u00f3n de los j\u00f3venes, de entre los cuales surgir\u00e1n los futuros l\u00edderes.<\/p>\n<p><a href=\"https:\/\/www.vatican.va\/content\/francesco\/es\/speeches\/2019\/june\/documents\/papa-francesco_20190608_charis.html\">En ocasi\u00f3n de nuestro primer encuentro, en junio del 2019<\/a>\u00a0\u2014ya han pasado algunos a\u00f1os\u2014, hicimos un momento de silencio rezando por la paz, recordando el encuentro en el Vaticano de los presidentes del Estado de Palestina y del Estado de Israel. Hermanos y hermanas la guerra destruye tambi\u00e9n la memoria de los pasos dados en favor de la paz. Miremos esta orquesta que hace un gran esfuerzo por la paz. Miremos este olivo, aqu\u00ed, como signo de paz. La guerra destruye todo, todo. Quita la humanidad. El otro d\u00eda,\u00a0<a href=\"https:\/\/www.vatican.va\/content\/francesco\/es\/homilies\/2023\/documents\/20231102_omelia-fedelidefunti.html\">2 de noviembre, fui a celebrar misa al cementerio militar de la Commonwealth<\/a>; al entrar, miraba las edades de los ca\u00eddos se\u00f1aladas sobre las tumbas: todos eran j\u00f3venes, de entre 20 y 30 a\u00f1os. La guerra destruye la juventud, no sabe hacer otra cosa que\u00a0<i>destruir.\u00a0<\/i>Por favor, luchemos por la paz. \u00a1No dejemos que nos roben esta memoria de la paz! Ahora los invito a rezar en silencio por la paz.<\/p>\n<p>Gracias. Que la Virgen los mantenga en la alegr\u00eda del servicio. Gracias.<\/p>\n","protected":false},"excerpt":{"rendered":"<p>Evento \u201cLlamados, Transformados y Enviados\u201d organizado por Charis<\/p>\n","protected":false},"author":15,"featured_media":87107,"comment_status":"closed","ping_status":"closed","sticky":false,"template":"","format":"standard","meta":{"_acf_changed":false,"_crdt_document":"","inline_featured_image":false,"footnotes":""},"categories":[124,68],"tags":[10706,9726,4953],"class_list":["post-87108","post","type-post","status-publish","format-standard","has-post-thumbnail","hentry","category-discursos","category-leon-xiv","tag-encuentro-del-2-al-4-de-noviembre-de-2023","tag-renovacion-carismatica-catolica","tag-trending-es"],"acf":[],"yoast_head":"<!-- This site is optimized with the Yoast SEO plugin v27.5 - https:\/\/yoast.com\/product\/yoast-seo-wordpress\/ -->\n<title>\u201cLa solidaridad sin l\u00edmites de la Renovaci\u00f3n Carism\u00e1tica\u201d &#8211; Exaudi<\/title>\n<meta name=\"robots\" content=\"index, follow, max-snippet:-1, max-image-preview:large, max-video-preview:-1\" \/>\n<link rel=\"canonical\" href=\"https:\/\/exaudi.org\/es\/la-solidaridad-sin-limites-de-la-renovacion-carismatica\/\" \/>\n<meta property=\"og:locale\" content=\"es_ES\" \/>\n<meta property=\"og:type\" content=\"article\" \/>\n<meta property=\"og:title\" content=\"\u201cLa solidaridad sin l\u00edmites de la Renovaci\u00f3n Carism\u00e1tica\u201d &#8211; Exaudi\" \/>\n<meta property=\"og:description\" content=\"Evento \u201cLlamados, Transformados y Enviados\u201d organizado por Charis\" \/>\n<meta property=\"og:url\" content=\"https:\/\/exaudi.org\/es\/la-solidaridad-sin-limites-de-la-renovacion-carismatica\/\" \/>\n<meta property=\"og:site_name\" content=\"Exaudi\" \/>\n<meta property=\"article:publisher\" content=\"https:\/\/www.facebook.com\/ExaudiNews\" \/>\n<meta property=\"article:author\" content=\"https:\/\/www.facebook.com\/ExaudiNoticias\/\" \/>\n<meta property=\"article:published_time\" content=\"2023-11-05T09:45:41+00:00\" \/>\n<meta property=\"article:modified_time\" content=\"2023-11-05T13:23:40+00:00\" \/>\n<meta property=\"og:image\" content=\"https:\/\/exaudi.org\/wp-content\/uploads\/2023\/11\/cq5dam.thumbnail.cropped.750.422-35-2.jpeg\" \/>\n\t<meta property=\"og:image:width\" content=\"800\" \/>\n\t<meta property=\"og:image:height\" content=\"533\" \/>\n\t<meta property=\"og:image:type\" content=\"image\/jpeg\" \/>\n<meta name=\"author\" content=\"Exaudi Redacci\u00f3n\" \/>\n<meta name=\"twitter:card\" content=\"summary_large_image\" \/>\n<meta name=\"twitter:creator\" content=\"@Exaudi_noticias\" \/>\n<meta name=\"twitter:site\" content=\"@Exaudi_News\" \/>\n<meta name=\"twitter:label1\" content=\"Escrito por\" \/>\n\t<meta name=\"twitter:data1\" content=\"Exaudi Redacci\u00f3n\" \/>\n\t<meta name=\"twitter:label2\" content=\"Tiempo de lectura\" \/>\n\t<meta name=\"twitter:data2\" content=\"8 minutos\" \/>\n<script type=\"application\/ld+json\" class=\"yoast-schema-graph\">{\"@context\":\"https:\\\/\\\/schema.org\",\"@graph\":[{\"@type\":\"Article\",\"@id\":\"https:\\\/\\\/exaudi.org\\\/es\\\/la-solidaridad-sin-limites-de-la-renovacion-carismatica\\\/#article\",\"isPartOf\":{\"@id\":\"https:\\\/\\\/exaudi.org\\\/es\\\/la-solidaridad-sin-limites-de-la-renovacion-carismatica\\\/\"},\"author\":{\"name\":\"Exaudi Redacci\u00f3n\",\"@id\":\"https:\\\/\\\/exaudi.org\\\/#\\\/schema\\\/person\\\/f5fc8f063065e38742da7afe15f25df7\"},\"headline\":\"\u201cLa solidaridad sin l\u00edmites de la Renovaci\u00f3n Carism\u00e1tica\u201d\",\"datePublished\":\"2023-11-05T09:45:41+00:00\",\"dateModified\":\"2023-11-05T13:23:40+00:00\",\"mainEntityOfPage\":{\"@id\":\"https:\\\/\\\/exaudi.org\\\/es\\\/la-solidaridad-sin-limites-de-la-renovacion-carismatica\\\/\"},\"wordCount\":1562,\"image\":{\"@id\":\"https:\\\/\\\/exaudi.org\\\/es\\\/la-solidaridad-sin-limites-de-la-renovacion-carismatica\\\/#primaryimage\"},\"thumbnailUrl\":\"https:\\\/\\\/exaudi.org\\\/wp-content\\\/uploads\\\/2023\\\/11\\\/cq5dam.thumbnail.cropped.750.422-35-2.jpeg\",\"keywords\":[\"Encuentro del 2 al 4 de noviembre de 2023\",\"Renovaci\u00f3n Carism\u00e1tica Cat\u00f3lica\",\"Trending\"],\"articleSection\":[\"Discursos\",\"Le\u00f3n XIV\"],\"inLanguage\":\"es\"},{\"@type\":\"WebPage\",\"@id\":\"https:\\\/\\\/exaudi.org\\\/es\\\/la-solidaridad-sin-limites-de-la-renovacion-carismatica\\\/\",\"url\":\"https:\\\/\\\/exaudi.org\\\/es\\\/la-solidaridad-sin-limites-de-la-renovacion-carismatica\\\/\",\"name\":\"\u201cLa solidaridad sin l\u00edmites de la Renovaci\u00f3n Carism\u00e1tica\u201d &#8211; Exaudi\",\"isPartOf\":{\"@id\":\"https:\\\/\\\/exaudi.org\\\/#website\"},\"primaryImageOfPage\":{\"@id\":\"https:\\\/\\\/exaudi.org\\\/es\\\/la-solidaridad-sin-limites-de-la-renovacion-carismatica\\\/#primaryimage\"},\"image\":{\"@id\":\"https:\\\/\\\/exaudi.org\\\/es\\\/la-solidaridad-sin-limites-de-la-renovacion-carismatica\\\/#primaryimage\"},\"thumbnailUrl\":\"https:\\\/\\\/exaudi.org\\\/wp-content\\\/uploads\\\/2023\\\/11\\\/cq5dam.thumbnail.cropped.750.422-35-2.jpeg\",\"datePublished\":\"2023-11-05T09:45:41+00:00\",\"dateModified\":\"2023-11-05T13:23:40+00:00\",\"author\":{\"@id\":\"https:\\\/\\\/exaudi.org\\\/#\\\/schema\\\/person\\\/f5fc8f063065e38742da7afe15f25df7\"},\"breadcrumb\":{\"@id\":\"https:\\\/\\\/exaudi.org\\\/es\\\/la-solidaridad-sin-limites-de-la-renovacion-carismatica\\\/#breadcrumb\"},\"inLanguage\":\"es\",\"potentialAction\":[{\"@type\":\"ReadAction\",\"target\":[\"https:\\\/\\\/exaudi.org\\\/es\\\/la-solidaridad-sin-limites-de-la-renovacion-carismatica\\\/\"]}]},{\"@type\":\"ImageObject\",\"inLanguage\":\"es\",\"@id\":\"https:\\\/\\\/exaudi.org\\\/es\\\/la-solidaridad-sin-limites-de-la-renovacion-carismatica\\\/#primaryimage\",\"url\":\"https:\\\/\\\/exaudi.org\\\/wp-content\\\/uploads\\\/2023\\\/11\\\/cq5dam.thumbnail.cropped.750.422-35-2.jpeg\",\"contentUrl\":\"https:\\\/\\\/exaudi.org\\\/wp-content\\\/uploads\\\/2023\\\/11\\\/cq5dam.thumbnail.cropped.750.422-35-2.jpeg\",\"width\":800,\"height\":533,\"caption\":\"Vatican Media\"},{\"@type\":\"BreadcrumbList\",\"@id\":\"https:\\\/\\\/exaudi.org\\\/es\\\/la-solidaridad-sin-limites-de-la-renovacion-carismatica\\\/#breadcrumb\",\"itemListElement\":[{\"@type\":\"ListItem\",\"position\":1,\"name\":\"Portada\",\"item\":\"https:\\\/\\\/exaudi.org\\\/es\\\/\"},{\"@type\":\"ListItem\",\"position\":2,\"name\":\"\u201cLa solidaridad sin l\u00edmites de la Renovaci\u00f3n Carism\u00e1tica\u201d\"}]},{\"@type\":\"WebSite\",\"@id\":\"https:\\\/\\\/exaudi.org\\\/#website\",\"url\":\"https:\\\/\\\/exaudi.org\\\/\",\"name\":\"Exaudi\",\"description\":\"News\",\"potentialAction\":[{\"@type\":\"SearchAction\",\"target\":{\"@type\":\"EntryPoint\",\"urlTemplate\":\"https:\\\/\\\/exaudi.org\\\/?s={search_term_string}\"},\"query-input\":{\"@type\":\"PropertyValueSpecification\",\"valueRequired\":true,\"valueName\":\"search_term_string\"}}],\"inLanguage\":\"es\"},{\"@type\":\"Person\",\"@id\":\"https:\\\/\\\/exaudi.org\\\/#\\\/schema\\\/person\\\/f5fc8f063065e38742da7afe15f25df7\",\"name\":\"Exaudi Redacci\u00f3n\",\"image\":{\"@type\":\"ImageObject\",\"inLanguage\":\"es\",\"@id\":\"https:\\\/\\\/secure.gravatar.com\\\/avatar\\\/fe0f6a059fb68d9b3e11bc5850dd4899b1c7492091a3cb6dd9b01b56ad828be2?s=96&d=mm&r=g\",\"url\":\"https:\\\/\\\/secure.gravatar.com\\\/avatar\\\/fe0f6a059fb68d9b3e11bc5850dd4899b1c7492091a3cb6dd9b01b56ad828be2?s=96&d=mm&r=g\",\"contentUrl\":\"https:\\\/\\\/secure.gravatar.com\\\/avatar\\\/fe0f6a059fb68d9b3e11bc5850dd4899b1c7492091a3cb6dd9b01b56ad828be2?s=96&d=mm&r=g\",\"caption\":\"Exaudi Redacci\u00f3n\"},\"description\":\"\u00bfQu\u00e9 es Exaudi News? Exaudi News es un medio de comunicaci\u00f3n cat\u00f3lico internacional que informa, forma y transforma, diariamente en espa\u00f1ol, ingl\u00e9s e italiano. A trav\u00e9s de noticias, art\u00edculos de an\u00e1lisis y transmisiones en directo de los eventos del Papa, Exaudi busca fortalecer la unidad de los cristianos y contribuir a la evangelizaci\u00f3n del mundo, siempre guiados por la doctrina social de la Iglesia. Trabajamos para acercar la verdad y los valores cristianos a cada rinc\u00f3n del planeta. \u00a1Ay\u00fadanos a transformar el mundo con Exaudi! En Exaudi creemos que la evangelizaci\u00f3n y la informaci\u00f3n de calidad pueden cambiar vidas. Para continuar con nuestra misi\u00f3n y expandir nuestro alcance, necesitamos tu ayuda. Adem\u00e1s, buscamos personas comprometidas que deseen unirse a nuestro equipo. Con tu apoyo, lograremos llegar a m\u00e1s personas, difundir el mensaje de Cristo y reforzar la unidad de los cristianos. \u00bfTe unes a nuestra misi\u00f3n? Para m\u00e1s informaci\u00f3n sobre c\u00f3mo colaborar, visita Exaudi.org\\\/es o cont\u00e1ctanos directamente: info@exaudi.org Exaudi: Informa, forma y transforma.\",\"sameAs\":[\"https:\\\/\\\/www.facebook.com\\\/ExaudiNoticias\\\/\",\"https:\\\/\\\/www.instagram.com\\\/exaudi_noticias\\\/\",\"https:\\\/\\\/x.com\\\/Exaudi_noticias\",\"https:\\\/\\\/www.youtube.com\\\/@exaudicatholicnews\"],\"url\":\"https:\\\/\\\/exaudi.org\\\/es\\\/author\\\/redaccionexaudi\\\/\"}]}<\/script>\n<!-- \/ Yoast SEO plugin. -->","yoast_head_json":{"title":"\u201cLa solidaridad sin l\u00edmites de la Renovaci\u00f3n Carism\u00e1tica\u201d &#8211; Exaudi","robots":{"index":"index","follow":"follow","max-snippet":"max-snippet:-1","max-image-preview":"max-image-preview:large","max-video-preview":"max-video-preview:-1"},"canonical":"https:\/\/exaudi.org\/es\/la-solidaridad-sin-limites-de-la-renovacion-carismatica\/","og_locale":"es_ES","og_type":"article","og_title":"\u201cLa solidaridad sin l\u00edmites de la Renovaci\u00f3n Carism\u00e1tica\u201d &#8211; Exaudi","og_description":"Evento \u201cLlamados, Transformados y Enviados\u201d organizado por Charis","og_url":"https:\/\/exaudi.org\/es\/la-solidaridad-sin-limites-de-la-renovacion-carismatica\/","og_site_name":"Exaudi","article_publisher":"https:\/\/www.facebook.com\/ExaudiNews","article_author":"https:\/\/www.facebook.com\/ExaudiNoticias\/","article_published_time":"2023-11-05T09:45:41+00:00","article_modified_time":"2023-11-05T13:23:40+00:00","og_image":[{"width":800,"height":533,"url":"https:\/\/exaudi.org\/wp-content\/uploads\/2023\/11\/cq5dam.thumbnail.cropped.750.422-35-2.jpeg","type":"image\/jpeg"}],"author":"Exaudi Redacci\u00f3n","twitter_card":"summary_large_image","twitter_creator":"@Exaudi_noticias","twitter_site":"@Exaudi_News","twitter_misc":{"Escrito por":"Exaudi Redacci\u00f3n","Tiempo de lectura":"8 minutos"},"schema":{"@context":"https:\/\/schema.org","@graph":[{"@type":"Article","@id":"https:\/\/exaudi.org\/es\/la-solidaridad-sin-limites-de-la-renovacion-carismatica\/#article","isPartOf":{"@id":"https:\/\/exaudi.org\/es\/la-solidaridad-sin-limites-de-la-renovacion-carismatica\/"},"author":{"name":"Exaudi Redacci\u00f3n","@id":"https:\/\/exaudi.org\/#\/schema\/person\/f5fc8f063065e38742da7afe15f25df7"},"headline":"\u201cLa solidaridad sin l\u00edmites de la Renovaci\u00f3n Carism\u00e1tica\u201d","datePublished":"2023-11-05T09:45:41+00:00","dateModified":"2023-11-05T13:23:40+00:00","mainEntityOfPage":{"@id":"https:\/\/exaudi.org\/es\/la-solidaridad-sin-limites-de-la-renovacion-carismatica\/"},"wordCount":1562,"image":{"@id":"https:\/\/exaudi.org\/es\/la-solidaridad-sin-limites-de-la-renovacion-carismatica\/#primaryimage"},"thumbnailUrl":"https:\/\/exaudi.org\/wp-content\/uploads\/2023\/11\/cq5dam.thumbnail.cropped.750.422-35-2.jpeg","keywords":["Encuentro del 2 al 4 de noviembre de 2023","Renovaci\u00f3n Carism\u00e1tica Cat\u00f3lica","Trending"],"articleSection":["Discursos","Le\u00f3n XIV"],"inLanguage":"es"},{"@type":"WebPage","@id":"https:\/\/exaudi.org\/es\/la-solidaridad-sin-limites-de-la-renovacion-carismatica\/","url":"https:\/\/exaudi.org\/es\/la-solidaridad-sin-limites-de-la-renovacion-carismatica\/","name":"\u201cLa solidaridad sin l\u00edmites de la Renovaci\u00f3n Carism\u00e1tica\u201d &#8211; Exaudi","isPartOf":{"@id":"https:\/\/exaudi.org\/#website"},"primaryImageOfPage":{"@id":"https:\/\/exaudi.org\/es\/la-solidaridad-sin-limites-de-la-renovacion-carismatica\/#primaryimage"},"image":{"@id":"https:\/\/exaudi.org\/es\/la-solidaridad-sin-limites-de-la-renovacion-carismatica\/#primaryimage"},"thumbnailUrl":"https:\/\/exaudi.org\/wp-content\/uploads\/2023\/11\/cq5dam.thumbnail.cropped.750.422-35-2.jpeg","datePublished":"2023-11-05T09:45:41+00:00","dateModified":"2023-11-05T13:23:40+00:00","author":{"@id":"https:\/\/exaudi.org\/#\/schema\/person\/f5fc8f063065e38742da7afe15f25df7"},"breadcrumb":{"@id":"https:\/\/exaudi.org\/es\/la-solidaridad-sin-limites-de-la-renovacion-carismatica\/#breadcrumb"},"inLanguage":"es","potentialAction":[{"@type":"ReadAction","target":["https:\/\/exaudi.org\/es\/la-solidaridad-sin-limites-de-la-renovacion-carismatica\/"]}]},{"@type":"ImageObject","inLanguage":"es","@id":"https:\/\/exaudi.org\/es\/la-solidaridad-sin-limites-de-la-renovacion-carismatica\/#primaryimage","url":"https:\/\/exaudi.org\/wp-content\/uploads\/2023\/11\/cq5dam.thumbnail.cropped.750.422-35-2.jpeg","contentUrl":"https:\/\/exaudi.org\/wp-content\/uploads\/2023\/11\/cq5dam.thumbnail.cropped.750.422-35-2.jpeg","width":800,"height":533,"caption":"Vatican Media"},{"@type":"BreadcrumbList","@id":"https:\/\/exaudi.org\/es\/la-solidaridad-sin-limites-de-la-renovacion-carismatica\/#breadcrumb","itemListElement":[{"@type":"ListItem","position":1,"name":"Portada","item":"https:\/\/exaudi.org\/es\/"},{"@type":"ListItem","position":2,"name":"\u201cLa solidaridad sin l\u00edmites de la Renovaci\u00f3n Carism\u00e1tica\u201d"}]},{"@type":"WebSite","@id":"https:\/\/exaudi.org\/#website","url":"https:\/\/exaudi.org\/","name":"Exaudi","description":"News","potentialAction":[{"@type":"SearchAction","target":{"@type":"EntryPoint","urlTemplate":"https:\/\/exaudi.org\/?s={search_term_string}"},"query-input":{"@type":"PropertyValueSpecification","valueRequired":true,"valueName":"search_term_string"}}],"inLanguage":"es"},{"@type":"Person","@id":"https:\/\/exaudi.org\/#\/schema\/person\/f5fc8f063065e38742da7afe15f25df7","name":"Exaudi Redacci\u00f3n","image":{"@type":"ImageObject","inLanguage":"es","@id":"https:\/\/secure.gravatar.com\/avatar\/fe0f6a059fb68d9b3e11bc5850dd4899b1c7492091a3cb6dd9b01b56ad828be2?s=96&d=mm&r=g","url":"https:\/\/secure.gravatar.com\/avatar\/fe0f6a059fb68d9b3e11bc5850dd4899b1c7492091a3cb6dd9b01b56ad828be2?s=96&d=mm&r=g","contentUrl":"https:\/\/secure.gravatar.com\/avatar\/fe0f6a059fb68d9b3e11bc5850dd4899b1c7492091a3cb6dd9b01b56ad828be2?s=96&d=mm&r=g","caption":"Exaudi Redacci\u00f3n"},"description":"\u00bfQu\u00e9 es Exaudi News? Exaudi News es un medio de comunicaci\u00f3n cat\u00f3lico internacional que informa, forma y transforma, diariamente en espa\u00f1ol, ingl\u00e9s e italiano. A trav\u00e9s de noticias, art\u00edculos de an\u00e1lisis y transmisiones en directo de los eventos del Papa, Exaudi busca fortalecer la unidad de los cristianos y contribuir a la evangelizaci\u00f3n del mundo, siempre guiados por la doctrina social de la Iglesia. Trabajamos para acercar la verdad y los valores cristianos a cada rinc\u00f3n del planeta. \u00a1Ay\u00fadanos a transformar el mundo con Exaudi! En Exaudi creemos que la evangelizaci\u00f3n y la informaci\u00f3n de calidad pueden cambiar vidas. Para continuar con nuestra misi\u00f3n y expandir nuestro alcance, necesitamos tu ayuda. Adem\u00e1s, buscamos personas comprometidas que deseen unirse a nuestro equipo. Con tu apoyo, lograremos llegar a m\u00e1s personas, difundir el mensaje de Cristo y reforzar la unidad de los cristianos. \u00bfTe unes a nuestra misi\u00f3n? Para m\u00e1s informaci\u00f3n sobre c\u00f3mo colaborar, visita Exaudi.org\/es o cont\u00e1ctanos directamente: info@exaudi.org Exaudi: Informa, forma y transforma.","sameAs":["https:\/\/www.facebook.com\/ExaudiNoticias\/","https:\/\/www.instagram.com\/exaudi_noticias\/","https:\/\/x.com\/Exaudi_noticias","https:\/\/www.youtube.com\/@exaudicatholicnews"],"url":"https:\/\/exaudi.org\/es\/author\/redaccionexaudi\/"}]}},"jetpack_featured_media_url":"https:\/\/exaudi.org\/wp-content\/uploads\/2023\/11\/cq5dam.thumbnail.cropped.750.422-35-2.jpeg","jetpack_shortlink":"https:\/\/wp.me\/pgKjF2-mEY","_links":{"self":[{"href":"https:\/\/exaudi.org\/es\/wp-json\/wp\/v2\/posts\/87108","targetHints":{"allow":["GET"]}}],"collection":[{"href":"https:\/\/exaudi.org\/es\/wp-json\/wp\/v2\/posts"}],"about":[{"href":"https:\/\/exaudi.org\/es\/wp-json\/wp\/v2\/types\/post"}],"author":[{"embeddable":true,"href":"https:\/\/exaudi.org\/es\/wp-json\/wp\/v2\/users\/15"}],"replies":[{"embeddable":true,"href":"https:\/\/exaudi.org\/es\/wp-json\/wp\/v2\/comments?post=87108"}],"version-history":[{"count":0,"href":"https:\/\/exaudi.org\/es\/wp-json\/wp\/v2\/posts\/87108\/revisions"}],"wp:featuredmedia":[{"embeddable":true,"href":"https:\/\/exaudi.org\/es\/wp-json\/wp\/v2\/media\/87107"}],"wp:attachment":[{"href":"https:\/\/exaudi.org\/es\/wp-json\/wp\/v2\/media?parent=87108"}],"wp:term":[{"taxonomy":"category","embeddable":true,"href":"https:\/\/exaudi.org\/es\/wp-json\/wp\/v2\/categories?post=87108"},{"taxonomy":"post_tag","embeddable":true,"href":"https:\/\/exaudi.org\/es\/wp-json\/wp\/v2\/tags?post=87108"}],"curies":[{"name":"wp","href":"https:\/\/api.w.org\/{rel}","templated":true}]}}