{"id":86880,"date":"2023-10-31T16:37:42","date_gmt":"2023-10-31T15:37:42","guid":{"rendered":"https:\/\/exaudi.org\/?p=86880"},"modified":"2023-11-03T18:23:52","modified_gmt":"2023-11-03T17:23:52","slug":"que-vas-a-regalar-este-8-de-diciembre-a-tu-madre-del-cielo","status":"publish","type":"post","link":"https:\/\/exaudi.org\/es\/que-vas-a-regalar-este-8-de-diciembre-a-tu-madre-del-cielo\/","title":{"rendered":"\u00bfQu\u00e9 vas a regalar este 8 de diciembre a tu Madre del cielo?"},"content":{"rendered":"<audio class=\"wp-audio-shortcode\" id=\"audio-86880-1\" preload=\"none\" style=\"width: 100%;\" controls=\"controls\"><source type=\"audio\/mpeg\" src=\"https:\/\/exaudi.org\/wp-content\/uploads\/2023\/10\/Que-vas-a-regalar-a-la-Virgen.mp3?_=1\" \/><a href=\"https:\/\/exaudi.org\/wp-content\/uploads\/2023\/10\/Que-vas-a-regalar-a-la-Virgen.mp3\">https:\/\/exaudi.org\/wp-content\/uploads\/2023\/10\/Que-vas-a-regalar-a-la-Virgen.mp3<\/a><\/audio>\n<p><b>El 8 de diciembre es la Inmaculada<\/b><span style=\"font-weight: 400\">, madre de todos y patrona de Espa\u00f1a y desde <a href=\"https:\/\/exaudi.org\/es\/\" target=\"_blank\" rel=\"noopener\">Exaudi<\/a> y la <a href=\"https:\/\/enraizados.org\/\" target=\"_blank\" rel=\"noopener\">Asociaci\u00f3n Enraizados<\/a> queremos hacerle un regalo muy especial en forma de poemas y canciones.<\/span><\/p>\n<p><span style=\"font-weight: 400\">Es por ello que hemos puesto en marcha el primer certamen de Poemas y Canciones para la Inmaculada.<\/span><\/p>\n<p><span style=\"font-weight: 400\">Mar\u00eda es vida. Mar\u00eda es fidelidad y por supuesto, encarna la confianza en Dios y en sus planes.\u00a0<\/span><\/p>\n<p><b>El contenido literario de los poemas, como tambi\u00e9n la letra de las canciones, debe girar en torno a la vida y el derecho a vivir de todo ser humano desde la concepci\u00f3n hasta la muerte natural. La maternidad y la familia y\/o tambi\u00e9n, sobre Mar\u00eda Inmaculada, nuestra madre del cielo, patrona de Espa\u00f1a.<\/b><\/p>\n<p><span style=\"font-weight: 400\">La misma vida gira en torno a todas esas peque\u00f1as grandes cosas que hacen las madres cada d\u00eda sin pedir nada a cambio con generosidad y entusiasmo, porque todo lo que quieren es el bienestar de sus hijos. Abrazarlos, quererlos y mimarlos. Generalmente com\u00e9rselos a besos.\u00a0<\/span><\/p>\n<p><span style=\"font-weight: 400\">Son una inspiraci\u00f3n permanente que inexorablemente nos empuja a ser mejores personas y nos ense\u00f1a lo grande que es tener una familia. Siempre est\u00e1n atentas a todo lo imaginable. De ellas nos llega la comprensi\u00f3n, la paciencia y el perd\u00f3n cuando nos equivocamos. Dios las hizo verdaderamente especiales.<\/span><\/p>\n<p><b>El concurso est\u00e1 abierto a personas de todas las edades y los participantes podr\u00e1n presentar una \u00fanica obra in\u00e9dita (en espa\u00f1ol) por categor\u00eda: canci\u00f3n y\/o poes\u00eda.<\/b><\/p>\n<p><span style=\"font-weight: 400\">Se editar\u00e1 un libro con todos los poemas recibidos y tambi\u00e9n se crear\u00e1 una secci\u00f3n en la plataforma Spotify donde se recoger\u00e1n todas las canciones participantes.<\/span><\/p>\n<p><span style=\"font-weight: 400\">El plazo de entrega para recibir poemas y canciones, finaliza a las 23:59 h del d\u00eda 4 de diciembre de 2023\u00a0<\/span><\/p>\n<p><span style=\"font-weight: 400\">El d\u00eda 8 de diciembre, se publicar\u00e1 una web donde estar\u00e1n alojadas todos los poemas y canciones recibidos como OFRENDA A LA VIRGEN.\u00a0<\/span><\/p>\n<p><span style=\"font-weight: 400\">Y como no pod\u00eda ser de otra manera, el premio, en ambas categor\u00edas consistir\u00e1 en una<\/span><b> imagen singular y bendecida, de Nuestra Se\u00f1ora de la Inmaculada<\/b><span style=\"font-weight: 400\">.<\/span><\/p>\n<p><span style=\"font-weight: 400\">\u00a0Toda la informaci\u00f3n completa as\u00ed como las bases completas del concurso puedes encontrarlas en <\/span><a href=\"https:\/\/enraizados.org\/wp-content\/uploads\/2023\/10\/Bases-I-Certamen-Inamculada.pdf\" target=\"_blank\" rel=\"noopener\"><b>este documento<\/b><\/a><\/p>\n","protected":false},"excerpt":{"rendered":"<p>Contamos contigo para hacerle el mejor regalo a nuestra Madre<\/p>\n","protected":false},"author":15,"featured_media":14476,"comment_status":"closed","ping_status":"closed","sticky":false,"template":"","format":"standard","meta":{"_acf_changed":false,"_crdt_document":"","inline_featured_image":false,"footnotes":""},"categories":[72,74],"tags":[10664,10662,3743,5049,10663,4953],"class_list":["post-86880","post","type-post","status-publish","format-standard","has-post-thumbnail","hentry","category-analisis","category-iglesia-y-mundo","tag-canciones","tag-certamen","tag-concurso","tag-inmaculada","tag-poemas","tag-trending-es"],"acf":[],"yoast_head":"<!-- This site is optimized with the Yoast SEO plugin v27.4 - https:\/\/yoast.com\/product\/yoast-seo-wordpress\/ -->\n<title>\u00bfQu\u00e9 vas a regalar este 8 de diciembre a tu Madre del cielo? &#8211; Exaudi<\/title>\n<meta name=\"robots\" content=\"index, follow, max-snippet:-1, max-image-preview:large, max-video-preview:-1\" \/>\n<link rel=\"canonical\" href=\"https:\/\/exaudi.org\/es\/que-vas-a-regalar-este-8-de-diciembre-a-tu-madre-del-cielo\/\" \/>\n<meta property=\"og:locale\" content=\"es_ES\" \/>\n<meta property=\"og:type\" content=\"article\" \/>\n<meta property=\"og:title\" content=\"\u00bfQu\u00e9 vas a regalar este 8 de diciembre a tu Madre del cielo? &#8211; Exaudi\" \/>\n<meta property=\"og:description\" content=\"Contamos contigo para hacerle el mejor regalo a nuestra Madre\" \/>\n<meta property=\"og:url\" content=\"https:\/\/exaudi.org\/es\/que-vas-a-regalar-este-8-de-diciembre-a-tu-madre-del-cielo\/\" \/>\n<meta property=\"og:site_name\" content=\"Exaudi\" \/>\n<meta property=\"article:publisher\" content=\"https:\/\/www.facebook.com\/ExaudiNews\" \/>\n<meta property=\"article:author\" content=\"https:\/\/www.facebook.com\/ExaudiNoticias\/\" \/>\n<meta property=\"article:published_time\" content=\"2023-10-31T15:37:42+00:00\" \/>\n<meta property=\"article:modified_time\" content=\"2023-11-03T17:23:52+00:00\" \/>\n<meta property=\"og:image\" content=\"https:\/\/exaudi.org\/wp-content\/uploads\/2021\/05\/cathopic_149484272033970-scaled.jpg\" \/>\n\t<meta property=\"og:image:width\" content=\"2560\" \/>\n\t<meta property=\"og:image:height\" content=\"2560\" \/>\n\t<meta property=\"og:image:type\" content=\"image\/jpeg\" \/>\n<meta name=\"author\" content=\"Exaudi Redacci\u00f3n\" \/>\n<meta name=\"twitter:card\" content=\"summary_large_image\" \/>\n<meta name=\"twitter:creator\" content=\"@Exaudi_noticias\" \/>\n<meta name=\"twitter:site\" content=\"@Exaudi_News\" \/>\n<meta name=\"twitter:label1\" content=\"Escrito por\" \/>\n\t<meta name=\"twitter:data1\" content=\"Exaudi Redacci\u00f3n\" \/>\n\t<meta name=\"twitter:label2\" content=\"Tiempo de lectura\" \/>\n\t<meta name=\"twitter:data2\" content=\"2 minutos\" \/>\n<script type=\"application\/ld+json\" class=\"yoast-schema-graph\">{\"@context\":\"https:\\\/\\\/schema.org\",\"@graph\":[{\"@type\":\"Article\",\"@id\":\"https:\\\/\\\/exaudi.org\\\/es\\\/que-vas-a-regalar-este-8-de-diciembre-a-tu-madre-del-cielo\\\/#article\",\"isPartOf\":{\"@id\":\"https:\\\/\\\/exaudi.org\\\/es\\\/que-vas-a-regalar-este-8-de-diciembre-a-tu-madre-del-cielo\\\/\"},\"author\":{\"name\":\"Exaudi Redacci\u00f3n\",\"@id\":\"https:\\\/\\\/exaudi.org\\\/#\\\/schema\\\/person\\\/f5fc8f063065e38742da7afe15f25df7\"},\"headline\":\"\u00bfQu\u00e9 vas a regalar este 8 de diciembre a tu Madre del cielo?\",\"datePublished\":\"2023-10-31T15:37:42+00:00\",\"dateModified\":\"2023-11-03T17:23:52+00:00\",\"mainEntityOfPage\":{\"@id\":\"https:\\\/\\\/exaudi.org\\\/es\\\/que-vas-a-regalar-este-8-de-diciembre-a-tu-madre-del-cielo\\\/\"},\"wordCount\":406,\"image\":{\"@id\":\"https:\\\/\\\/exaudi.org\\\/es\\\/que-vas-a-regalar-este-8-de-diciembre-a-tu-madre-del-cielo\\\/#primaryimage\"},\"thumbnailUrl\":\"https:\\\/\\\/exaudi.org\\\/wp-content\\\/uploads\\\/2021\\\/05\\\/cathopic_149484272033970-scaled.jpg\",\"keywords\":[\"Canciones\",\"Certamen\",\"Concurso\",\"Inmaculada\",\"Poemas\",\"Trending\"],\"articleSection\":[\"An\u00e1lisis\",\"Iglesia y Mundo\"],\"inLanguage\":\"es\"},{\"@type\":\"WebPage\",\"@id\":\"https:\\\/\\\/exaudi.org\\\/es\\\/que-vas-a-regalar-este-8-de-diciembre-a-tu-madre-del-cielo\\\/\",\"url\":\"https:\\\/\\\/exaudi.org\\\/es\\\/que-vas-a-regalar-este-8-de-diciembre-a-tu-madre-del-cielo\\\/\",\"name\":\"\u00bfQu\u00e9 vas a regalar este 8 de diciembre a tu Madre del cielo? &#8211; Exaudi\",\"isPartOf\":{\"@id\":\"https:\\\/\\\/exaudi.org\\\/#website\"},\"primaryImageOfPage\":{\"@id\":\"https:\\\/\\\/exaudi.org\\\/es\\\/que-vas-a-regalar-este-8-de-diciembre-a-tu-madre-del-cielo\\\/#primaryimage\"},\"image\":{\"@id\":\"https:\\\/\\\/exaudi.org\\\/es\\\/que-vas-a-regalar-este-8-de-diciembre-a-tu-madre-del-cielo\\\/#primaryimage\"},\"thumbnailUrl\":\"https:\\\/\\\/exaudi.org\\\/wp-content\\\/uploads\\\/2021\\\/05\\\/cathopic_149484272033970-scaled.jpg\",\"datePublished\":\"2023-10-31T15:37:42+00:00\",\"dateModified\":\"2023-11-03T17:23:52+00:00\",\"author\":{\"@id\":\"https:\\\/\\\/exaudi.org\\\/#\\\/schema\\\/person\\\/f5fc8f063065e38742da7afe15f25df7\"},\"breadcrumb\":{\"@id\":\"https:\\\/\\\/exaudi.org\\\/es\\\/que-vas-a-regalar-este-8-de-diciembre-a-tu-madre-del-cielo\\\/#breadcrumb\"},\"inLanguage\":\"es\",\"potentialAction\":[{\"@type\":\"ReadAction\",\"target\":[\"https:\\\/\\\/exaudi.org\\\/es\\\/que-vas-a-regalar-este-8-de-diciembre-a-tu-madre-del-cielo\\\/\"]}]},{\"@type\":\"ImageObject\",\"inLanguage\":\"es\",\"@id\":\"https:\\\/\\\/exaudi.org\\\/es\\\/que-vas-a-regalar-este-8-de-diciembre-a-tu-madre-del-cielo\\\/#primaryimage\",\"url\":\"https:\\\/\\\/exaudi.org\\\/wp-content\\\/uploads\\\/2021\\\/05\\\/cathopic_149484272033970-scaled.jpg\",\"contentUrl\":\"https:\\\/\\\/exaudi.org\\\/wp-content\\\/uploads\\\/2021\\\/05\\\/cathopic_149484272033970-scaled.jpg\",\"width\":2560,\"height\":2560,\"caption\":\"Virgen Mar\u00eda \u00a9 Cathopic. Stefan Wise LC\"},{\"@type\":\"BreadcrumbList\",\"@id\":\"https:\\\/\\\/exaudi.org\\\/es\\\/que-vas-a-regalar-este-8-de-diciembre-a-tu-madre-del-cielo\\\/#breadcrumb\",\"itemListElement\":[{\"@type\":\"ListItem\",\"position\":1,\"name\":\"Portada\",\"item\":\"https:\\\/\\\/exaudi.org\\\/es\\\/\"},{\"@type\":\"ListItem\",\"position\":2,\"name\":\"\u00bfQu\u00e9 vas a regalar este 8 de diciembre a tu Madre del cielo?\"}]},{\"@type\":\"WebSite\",\"@id\":\"https:\\\/\\\/exaudi.org\\\/#website\",\"url\":\"https:\\\/\\\/exaudi.org\\\/\",\"name\":\"Exaudi\",\"description\":\"News\",\"potentialAction\":[{\"@type\":\"SearchAction\",\"target\":{\"@type\":\"EntryPoint\",\"urlTemplate\":\"https:\\\/\\\/exaudi.org\\\/?s={search_term_string}\"},\"query-input\":{\"@type\":\"PropertyValueSpecification\",\"valueRequired\":true,\"valueName\":\"search_term_string\"}}],\"inLanguage\":\"es\"},{\"@type\":\"Person\",\"@id\":\"https:\\\/\\\/exaudi.org\\\/#\\\/schema\\\/person\\\/f5fc8f063065e38742da7afe15f25df7\",\"name\":\"Exaudi Redacci\u00f3n\",\"image\":{\"@type\":\"ImageObject\",\"inLanguage\":\"es\",\"@id\":\"https:\\\/\\\/secure.gravatar.com\\\/avatar\\\/fe0f6a059fb68d9b3e11bc5850dd4899b1c7492091a3cb6dd9b01b56ad828be2?s=96&d=mm&r=g\",\"url\":\"https:\\\/\\\/secure.gravatar.com\\\/avatar\\\/fe0f6a059fb68d9b3e11bc5850dd4899b1c7492091a3cb6dd9b01b56ad828be2?s=96&d=mm&r=g\",\"contentUrl\":\"https:\\\/\\\/secure.gravatar.com\\\/avatar\\\/fe0f6a059fb68d9b3e11bc5850dd4899b1c7492091a3cb6dd9b01b56ad828be2?s=96&d=mm&r=g\",\"caption\":\"Exaudi Redacci\u00f3n\"},\"description\":\"\u00bfQu\u00e9 es Exaudi News? Exaudi News es un medio de comunicaci\u00f3n cat\u00f3lico internacional que informa, forma y transforma, diariamente en espa\u00f1ol, ingl\u00e9s e italiano. A trav\u00e9s de noticias, art\u00edculos de an\u00e1lisis y transmisiones en directo de los eventos del Papa, Exaudi busca fortalecer la unidad de los cristianos y contribuir a la evangelizaci\u00f3n del mundo, siempre guiados por la doctrina social de la Iglesia. Trabajamos para acercar la verdad y los valores cristianos a cada rinc\u00f3n del planeta. \u00a1Ay\u00fadanos a transformar el mundo con Exaudi! En Exaudi creemos que la evangelizaci\u00f3n y la informaci\u00f3n de calidad pueden cambiar vidas. Para continuar con nuestra misi\u00f3n y expandir nuestro alcance, necesitamos tu ayuda. Adem\u00e1s, buscamos personas comprometidas que deseen unirse a nuestro equipo. Con tu apoyo, lograremos llegar a m\u00e1s personas, difundir el mensaje de Cristo y reforzar la unidad de los cristianos. \u00bfTe unes a nuestra misi\u00f3n? Para m\u00e1s informaci\u00f3n sobre c\u00f3mo colaborar, visita Exaudi.org\\\/es o cont\u00e1ctanos directamente: info@exaudi.org Exaudi: Informa, forma y transforma.\",\"sameAs\":[\"https:\\\/\\\/www.facebook.com\\\/ExaudiNoticias\\\/\",\"https:\\\/\\\/www.instagram.com\\\/exaudi_noticias\\\/\",\"https:\\\/\\\/x.com\\\/Exaudi_noticias\",\"https:\\\/\\\/www.youtube.com\\\/@exaudicatholicnews\"],\"url\":\"https:\\\/\\\/exaudi.org\\\/es\\\/author\\\/redaccionexaudi\\\/\"}]}<\/script>\n<!-- \/ Yoast SEO plugin. -->","yoast_head_json":{"title":"\u00bfQu\u00e9 vas a regalar este 8 de diciembre a tu Madre del cielo? &#8211; Exaudi","robots":{"index":"index","follow":"follow","max-snippet":"max-snippet:-1","max-image-preview":"max-image-preview:large","max-video-preview":"max-video-preview:-1"},"canonical":"https:\/\/exaudi.org\/es\/que-vas-a-regalar-este-8-de-diciembre-a-tu-madre-del-cielo\/","og_locale":"es_ES","og_type":"article","og_title":"\u00bfQu\u00e9 vas a regalar este 8 de diciembre a tu Madre del cielo? &#8211; Exaudi","og_description":"Contamos contigo para hacerle el mejor regalo a nuestra Madre","og_url":"https:\/\/exaudi.org\/es\/que-vas-a-regalar-este-8-de-diciembre-a-tu-madre-del-cielo\/","og_site_name":"Exaudi","article_publisher":"https:\/\/www.facebook.com\/ExaudiNews","article_author":"https:\/\/www.facebook.com\/ExaudiNoticias\/","article_published_time":"2023-10-31T15:37:42+00:00","article_modified_time":"2023-11-03T17:23:52+00:00","og_image":[{"width":2560,"height":2560,"url":"https:\/\/exaudi.org\/wp-content\/uploads\/2021\/05\/cathopic_149484272033970-scaled.jpg","type":"image\/jpeg"}],"author":"Exaudi Redacci\u00f3n","twitter_card":"summary_large_image","twitter_creator":"@Exaudi_noticias","twitter_site":"@Exaudi_News","twitter_misc":{"Escrito por":"Exaudi Redacci\u00f3n","Tiempo de lectura":"2 minutos"},"schema":{"@context":"https:\/\/schema.org","@graph":[{"@type":"Article","@id":"https:\/\/exaudi.org\/es\/que-vas-a-regalar-este-8-de-diciembre-a-tu-madre-del-cielo\/#article","isPartOf":{"@id":"https:\/\/exaudi.org\/es\/que-vas-a-regalar-este-8-de-diciembre-a-tu-madre-del-cielo\/"},"author":{"name":"Exaudi Redacci\u00f3n","@id":"https:\/\/exaudi.org\/#\/schema\/person\/f5fc8f063065e38742da7afe15f25df7"},"headline":"\u00bfQu\u00e9 vas a regalar este 8 de diciembre a tu Madre del cielo?","datePublished":"2023-10-31T15:37:42+00:00","dateModified":"2023-11-03T17:23:52+00:00","mainEntityOfPage":{"@id":"https:\/\/exaudi.org\/es\/que-vas-a-regalar-este-8-de-diciembre-a-tu-madre-del-cielo\/"},"wordCount":406,"image":{"@id":"https:\/\/exaudi.org\/es\/que-vas-a-regalar-este-8-de-diciembre-a-tu-madre-del-cielo\/#primaryimage"},"thumbnailUrl":"https:\/\/exaudi.org\/wp-content\/uploads\/2021\/05\/cathopic_149484272033970-scaled.jpg","keywords":["Canciones","Certamen","Concurso","Inmaculada","Poemas","Trending"],"articleSection":["An\u00e1lisis","Iglesia y Mundo"],"inLanguage":"es"},{"@type":"WebPage","@id":"https:\/\/exaudi.org\/es\/que-vas-a-regalar-este-8-de-diciembre-a-tu-madre-del-cielo\/","url":"https:\/\/exaudi.org\/es\/que-vas-a-regalar-este-8-de-diciembre-a-tu-madre-del-cielo\/","name":"\u00bfQu\u00e9 vas a regalar este 8 de diciembre a tu Madre del cielo? &#8211; Exaudi","isPartOf":{"@id":"https:\/\/exaudi.org\/#website"},"primaryImageOfPage":{"@id":"https:\/\/exaudi.org\/es\/que-vas-a-regalar-este-8-de-diciembre-a-tu-madre-del-cielo\/#primaryimage"},"image":{"@id":"https:\/\/exaudi.org\/es\/que-vas-a-regalar-este-8-de-diciembre-a-tu-madre-del-cielo\/#primaryimage"},"thumbnailUrl":"https:\/\/exaudi.org\/wp-content\/uploads\/2021\/05\/cathopic_149484272033970-scaled.jpg","datePublished":"2023-10-31T15:37:42+00:00","dateModified":"2023-11-03T17:23:52+00:00","author":{"@id":"https:\/\/exaudi.org\/#\/schema\/person\/f5fc8f063065e38742da7afe15f25df7"},"breadcrumb":{"@id":"https:\/\/exaudi.org\/es\/que-vas-a-regalar-este-8-de-diciembre-a-tu-madre-del-cielo\/#breadcrumb"},"inLanguage":"es","potentialAction":[{"@type":"ReadAction","target":["https:\/\/exaudi.org\/es\/que-vas-a-regalar-este-8-de-diciembre-a-tu-madre-del-cielo\/"]}]},{"@type":"ImageObject","inLanguage":"es","@id":"https:\/\/exaudi.org\/es\/que-vas-a-regalar-este-8-de-diciembre-a-tu-madre-del-cielo\/#primaryimage","url":"https:\/\/exaudi.org\/wp-content\/uploads\/2021\/05\/cathopic_149484272033970-scaled.jpg","contentUrl":"https:\/\/exaudi.org\/wp-content\/uploads\/2021\/05\/cathopic_149484272033970-scaled.jpg","width":2560,"height":2560,"caption":"Virgen Mar\u00eda \u00a9 Cathopic. Stefan Wise LC"},{"@type":"BreadcrumbList","@id":"https:\/\/exaudi.org\/es\/que-vas-a-regalar-este-8-de-diciembre-a-tu-madre-del-cielo\/#breadcrumb","itemListElement":[{"@type":"ListItem","position":1,"name":"Portada","item":"https:\/\/exaudi.org\/es\/"},{"@type":"ListItem","position":2,"name":"\u00bfQu\u00e9 vas a regalar este 8 de diciembre a tu Madre del cielo?"}]},{"@type":"WebSite","@id":"https:\/\/exaudi.org\/#website","url":"https:\/\/exaudi.org\/","name":"Exaudi","description":"News","potentialAction":[{"@type":"SearchAction","target":{"@type":"EntryPoint","urlTemplate":"https:\/\/exaudi.org\/?s={search_term_string}"},"query-input":{"@type":"PropertyValueSpecification","valueRequired":true,"valueName":"search_term_string"}}],"inLanguage":"es"},{"@type":"Person","@id":"https:\/\/exaudi.org\/#\/schema\/person\/f5fc8f063065e38742da7afe15f25df7","name":"Exaudi Redacci\u00f3n","image":{"@type":"ImageObject","inLanguage":"es","@id":"https:\/\/secure.gravatar.com\/avatar\/fe0f6a059fb68d9b3e11bc5850dd4899b1c7492091a3cb6dd9b01b56ad828be2?s=96&d=mm&r=g","url":"https:\/\/secure.gravatar.com\/avatar\/fe0f6a059fb68d9b3e11bc5850dd4899b1c7492091a3cb6dd9b01b56ad828be2?s=96&d=mm&r=g","contentUrl":"https:\/\/secure.gravatar.com\/avatar\/fe0f6a059fb68d9b3e11bc5850dd4899b1c7492091a3cb6dd9b01b56ad828be2?s=96&d=mm&r=g","caption":"Exaudi Redacci\u00f3n"},"description":"\u00bfQu\u00e9 es Exaudi News? Exaudi News es un medio de comunicaci\u00f3n cat\u00f3lico internacional que informa, forma y transforma, diariamente en espa\u00f1ol, ingl\u00e9s e italiano. A trav\u00e9s de noticias, art\u00edculos de an\u00e1lisis y transmisiones en directo de los eventos del Papa, Exaudi busca fortalecer la unidad de los cristianos y contribuir a la evangelizaci\u00f3n del mundo, siempre guiados por la doctrina social de la Iglesia. Trabajamos para acercar la verdad y los valores cristianos a cada rinc\u00f3n del planeta. \u00a1Ay\u00fadanos a transformar el mundo con Exaudi! En Exaudi creemos que la evangelizaci\u00f3n y la informaci\u00f3n de calidad pueden cambiar vidas. Para continuar con nuestra misi\u00f3n y expandir nuestro alcance, necesitamos tu ayuda. Adem\u00e1s, buscamos personas comprometidas que deseen unirse a nuestro equipo. Con tu apoyo, lograremos llegar a m\u00e1s personas, difundir el mensaje de Cristo y reforzar la unidad de los cristianos. \u00bfTe unes a nuestra misi\u00f3n? Para m\u00e1s informaci\u00f3n sobre c\u00f3mo colaborar, visita Exaudi.org\/es o cont\u00e1ctanos directamente: info@exaudi.org Exaudi: Informa, forma y transforma.","sameAs":["https:\/\/www.facebook.com\/ExaudiNoticias\/","https:\/\/www.instagram.com\/exaudi_noticias\/","https:\/\/x.com\/Exaudi_noticias","https:\/\/www.youtube.com\/@exaudicatholicnews"],"url":"https:\/\/exaudi.org\/es\/author\/redaccionexaudi\/"}]}},"jetpack_featured_media_url":"https:\/\/exaudi.org\/wp-content\/uploads\/2021\/05\/cathopic_149484272033970-scaled.jpg","jetpack_shortlink":"https:\/\/wp.me\/pgKjF2-mBi","_links":{"self":[{"href":"https:\/\/exaudi.org\/es\/wp-json\/wp\/v2\/posts\/86880","targetHints":{"allow":["GET"]}}],"collection":[{"href":"https:\/\/exaudi.org\/es\/wp-json\/wp\/v2\/posts"}],"about":[{"href":"https:\/\/exaudi.org\/es\/wp-json\/wp\/v2\/types\/post"}],"author":[{"embeddable":true,"href":"https:\/\/exaudi.org\/es\/wp-json\/wp\/v2\/users\/15"}],"replies":[{"embeddable":true,"href":"https:\/\/exaudi.org\/es\/wp-json\/wp\/v2\/comments?post=86880"}],"version-history":[{"count":0,"href":"https:\/\/exaudi.org\/es\/wp-json\/wp\/v2\/posts\/86880\/revisions"}],"wp:featuredmedia":[{"embeddable":true,"href":"https:\/\/exaudi.org\/es\/wp-json\/wp\/v2\/media\/14476"}],"wp:attachment":[{"href":"https:\/\/exaudi.org\/es\/wp-json\/wp\/v2\/media?parent=86880"}],"wp:term":[{"taxonomy":"category","embeddable":true,"href":"https:\/\/exaudi.org\/es\/wp-json\/wp\/v2\/categories?post=86880"},{"taxonomy":"post_tag","embeddable":true,"href":"https:\/\/exaudi.org\/es\/wp-json\/wp\/v2\/tags?post=86880"}],"curies":[{"name":"wp","href":"https:\/\/api.w.org\/{rel}","templated":true}]}}