{"id":86768,"date":"2025-11-03T07:30:01","date_gmt":"2025-11-03T06:30:01","guid":{"rendered":"https:\/\/exaudi.org\/?p=86768"},"modified":"2025-10-31T10:38:03","modified_gmt":"2025-10-31T09:38:03","slug":"beato-manuel-lozano-garrido-lolo-3-de-noviembre","status":"publish","type":"post","link":"https:\/\/exaudi.org\/es\/beato-manuel-lozano-garrido-lolo-3-de-noviembre\/","title":{"rendered":"Beato Manuel Lozano Garrido \u00abLolo\u00bb, 3 de noviembre"},"content":{"rendered":"<p>Adentrarse en la lectura de la obra de Lolo, como era conocido, supone descubrir, junto a una prosa amena, \u00e1gil y llena de poes\u00eda, el hondo latido de un coraz\u00f3n que trasluc\u00eda su fe, con una alegr\u00eda proverbial. Dif\u00edcil creer que proven\u00eda de un hombre apresado en una silla de ruedas, discapacidad con la que no naci\u00f3, pero a la que desde los 22 a\u00f1os se fueron a\u00f1adiendo, sin pausa alguna, ceguera y graves complicaciones. Desenfadado en la descripci\u00f3n de su vida, rasgo de su sentido del humor, sus trabajos muestran una sensibilidad y fortaleza imposibles de simular, que le permit\u00edan escalar el cielo abri\u00e9ndose paso en esa mara\u00f1a de dificultades que deb\u00eda sortear d\u00eda tras d\u00eda.<\/p>\n<p><iframe title=\"Spotify Embed: Beato Manuel Lozano Garrido \u00abLolo\u00bb, 3 de noviembre \" style=\"border-radius: 12px\" width=\"100%\" height=\"152\" frameborder=\"0\" allowfullscreen allow=\"autoplay; clipboard-write; encrypted-media; fullscreen; picture-in-picture\" loading=\"lazy\" src=\"https:\/\/open.spotify.com\/embed\/episode\/7fOyP9QtO3QS1YLV2gnE2f?si=47cb4c21be6043df&#038;utm_source=oembed\"><\/iframe><\/p>\n<p>Naci\u00f3 en Linares, Ja\u00e9n, Espa\u00f1a, el 9 de agosto de 1920. Era el quinto de siete hermanos. Sus padres Agust\u00edn y Luc\u00eda se preocuparon de que recibiera educaci\u00f3n con los PP. Escolapios, y su vocaci\u00f3n al amor con may\u00fasculas estuvo marcada desde el principio. A los once a\u00f1os se afili\u00f3 a la Acci\u00f3n Cat\u00f3lica increment\u00e1ndose sus afanes espirituales y apost\u00f3licos que discurrieron en una \u00e9poca dif\u00edcil de la historia espa\u00f1ola, tiempos convulsos para quienes mostraban abiertamente su filiaci\u00f3n cat\u00f3lica. En esos instantes que presagiaban graves zozobras, a\u00f1o 1935, qued\u00f3 hu\u00e9rfano; antes hab\u00eda perdido a su padre. En este segundo envite fallecieron su madre y su abuelo, art\u00edfices del sostenimiento de la familia.<\/p>\n<p>Entonces ya se apreciaba c\u00f3mo deb\u00eda esculpir Dios su esp\u00edritu a trav\u00e9s de la oraci\u00f3n que presid\u00eda su vida. De ella brotaba su prontitud para cumplir la voluntad divina y su inocencia evang\u00e9lica. Rezo del Rosario, grupos de oraci\u00f3n con j\u00f3venes\u2026 presid\u00edan su acontecer. El gozo en el semblante trasluc\u00eda la riqueza de este enamorado del Sant\u00edsimo Sacramento, que mostraba una gran pasi\u00f3n filial por Mar\u00eda. Coherencia, intrepidez, y valent\u00eda, esa fe que no conoce m\u00e1s temor que el de Dios, no pasaron desapercibidas a los responsables de la Acci\u00f3n cat\u00f3lica que tuvieron en el beato uno de sus m\u00e1s insignes colaboradores; se ocupaba de llevar la Eucarist\u00eda a personas cercanas y conocidas. Los rasgos inequ\u00edvocos de este compromiso espiritual conllevaron la pena de c\u00e1rcel para \u00e9l y dos hermanas suyas durante tres meses. Un manojo de flores fue la excusa perfecta para su hermana Luc\u00eda que introdujo as\u00ed el hostiario en el penal un Jueves Santo, y Lolo pudo adorar a Cristo, algo que nunca olvid\u00f3.<\/p>\n<p>Pas\u00f3 penurias en el frente durante la guerra en la que estuvo destinado en Motril, Granada, y tras la contienda de nuevo sirvi\u00f3 como soldado en Madrid. En esa \u00e9poca ten\u00eda tatuado el dolor en su organismo, y ser\u00eda su fiel compa\u00f1ero de viaje. A la par se iba convirtiendo en un ap\u00f3stol de las ondas y de la prensa escrita. Vert\u00eda su sabidur\u00eda en la escritura encendiendo el \u00e1nimo de las gentes que iban reconoci\u00e9ndole en su talento y virtud. Viv\u00eda en un lugar privilegiado, contemplando la parroquia dedicada a Santa Mar\u00eda desde el balc\u00f3n de su domicilio. Dejaba por unos segundos la tarea, y fijando su mirada en el templo hac\u00eda notar tiernamente: \u00abAhora frente a frente con el Sagrario voy a echar con \u00c9l un parrafillo\u00bb.<\/p>\n<p>Hay formas de encarar el dolor. \u00c9l apreci\u00f3 maravillosamente el instrumento poderoso que Dios puso ante s\u00ed. Cuando lo reconoc\u00eda como una \u00abvocaci\u00f3n\u00bb, la \u00abde enfermo\u00bb, y aludiendo a su profesi\u00f3n declaraba: \u00abinv\u00e1lido\u00bb, lo hac\u00eda con toda naturalidad, sin dejarse atrapar por el c\u00famulo de limitaciones que fueron llegando a su vida. No hubo quejas ni lamentos. S\u00ed una meridiana claridad que anclada en su libertad espiritual le permit\u00eda relatar su d\u00eda a d\u00eda. Ah\u00ed est\u00e1 como muestra \u00abLas estrellas se ven de noche\u00bb. Se comprende el atosigante dolor que deb\u00eda sufrir al irse mermando tan seriamente su salud. Hubo un instante en que ya no pudo escribir con la mano derecha y puso el coraje de aprender a hacerlo con la izquierda. Antes de que la par\u00e1lisis atenazara por completo sus manos, ataba el l\u00e1piz a sus dedos. Finalmente comenz\u00f3 a dictar sus obras en un magnet\u00f3fono: se hab\u00eda fugado la luz de sus ojos. Solamente estas pinceladas de su vida ponen de manifiesto la talla humana y espiritual de este hijo de Dios que se neg\u00f3 a recluirse en ese silencio y oscuridad est\u00e9riles que le brindaba la enfermedad. \u00ab\u2026Ya s\u00e9 que el dolor sin m\u00e1s, as\u00e9ptico, desnudo, con la arista como fin, no tiene cabida en el dulce para\u00edso del Amor. Ser santo, y paciente, y amante, y loco de Cruz es vivir la magia de las adivinaciones, el milagro de las transmutaciones&#8230;\u00bb, hab\u00eda escrito.<\/p>\n<p>Recibi\u00f3 su m\u00e1quina de escribir con la serena persuasi\u00f3n del ap\u00f3stol al que gu\u00eda \u00fanico fin: transmitir la palabra de Dios. Y as\u00ed las primeras teclas que puls\u00f3 tradujeron los rebosantes sentimientos de su coraz\u00f3n: \u00abSe\u00f1or, gracias. La primera palabra, tu nombre; que sea siempre la fuerza y el alma de esta m\u00e1quina&#8230; Que tu luz y tu transparencia est\u00e9n siempre en la mente y en el coraz\u00f3n de todos los que trabajen en ella, para que lo que se haga sea noble, limpio y esperanzador\u00bb. Y eso sucedi\u00f3. Cre\u00f3 los grupos de oraci\u00f3n por la prensa, Obra P\u00eda \u00abSina\u00ed\u00bb, vinculando monasterios de clausura y centenares de enfermos incurables, que animaba y sosten\u00eda a trav\u00e9s de una revista mensual que puso en marcha al efecto, adem\u00e1s de sembrar el bien por doquier.<\/p>\n<p>Obtuvo numerosos premios con sus obras que abarcaron distintos g\u00e9neros: ensayo, novela, diarios, textos de espiritualidad, casi un millar de art\u00edculos de prensa\u2026 Escritos en el espacio y mismo escenario de siempre, del que apenas sali\u00f3, mientras la par\u00e1lisis le invad\u00eda. \u00abYa, Se\u00f1or, puedo concluir; pero antes desear\u00eda pedirte que esta idea de tu encarnaci\u00f3n en el dolor me la dejes quieta, inm\u00f3vil, imborrable, como en esos cortes de las pel\u00edculas rancias en que un hombre, se nos queda para rato con el vaso en el aire, a dos dedos de los labios\u00bb\u2026<\/p>\n<p>Este profeta de esperanzas, de contagiosa alegr\u00eda, muri\u00f3 el 3 de noviembre de 1971. Fue beatificado en su ciudad natal el 12 de junio de 2010.<\/p>\n<p><img loading=\"lazy\" decoding=\"async\" class=\"size-full wp-image-144406 alignnone\" src=\"https:\/\/exaudi.org\/wp-content\/uploads\/2025\/11\/Santoral-1-1.jpg\" alt=\"\" width=\"1080\" height=\"1080\" srcset=\"https:\/\/exaudi.org\/wp-content\/uploads\/2025\/11\/Santoral-1-1.jpg 1080w, https:\/\/exaudi.org\/wp-content\/uploads\/2025\/11\/Santoral-1-1-300x300.jpg 300w, https:\/\/exaudi.org\/wp-content\/uploads\/2025\/11\/Santoral-1-1-1024x1024.jpg 1024w, https:\/\/exaudi.org\/wp-content\/uploads\/2025\/11\/Santoral-1-1-100x100.jpg?crop=1 100w, https:\/\/exaudi.org\/wp-content\/uploads\/2025\/11\/Santoral-1-1-770x770.jpg 770w, https:\/\/exaudi.org\/wp-content\/uploads\/2025\/11\/Santoral-1-1-500x500.jpg 500w\" sizes=\"auto, (max-width: 1080px) 100vw, 1080px\" \/><\/p>\n<h6><em>\u00a9\u00a0<a href=\"https:\/\/exaudi.wpengine.com\/es\/author\/isabelorellana\/\" target=\"_blank\" rel=\"noopener noreferrer\">Isabel Orellana Vilches<\/a>, 2023<\/em><\/h6>\n<h6><em>Autora vinculada a<\/em><\/h6>\n<h6><em><img loading=\"lazy\" decoding=\"async\" class=\"alignright wp-image-2208 td-animation-stack-type0-2\" src=\"https:\/\/exaudi.org\/wp-content\/uploads\/2021\/02\/santoral-scaled-1-725x1024.jpg\" alt=\"santoral Isabel Orellana\" width=\"262\" height=\"370\" \/><\/em><img loading=\"lazy\" decoding=\"async\" class=\"alignnone size-full wp-image-41949 td-animation-stack-type0-2\" src=\"https:\/\/www.idente.org\/wp-content\/uploads\/logo-cedro-v01-843x295-1-e1603384654546.png\" alt=\"\" width=\"80\" height=\"28\" \/><br \/>\nObra protegida por derechos de autor.<br \/>\nInscrita en el Registro de la Propiedad Intelectual el 24 de noviembre de 2014.<br \/>\n________________<br \/>\nDerechos de edici\u00f3n reservados:<br \/>\n<a href=\"https:\/\/rielo.com\/\" target=\"_blank\" rel=\"noopener noreferrer\">Fundaci\u00f3n Fernando Rielo<\/a><br \/>\nGoya 20, 4.\u00ba izq. int. 28001 Madrid<br \/>\nTlf.: (34) 91 575 40 91<br \/>\nCorreo electr\u00f3nico:\u00a0fundacion@rielo.com<\/h6>\n<div class=\"page\" title=\"Page 4\">\n<div class=\"layoutArea\">\n<div class=\"column\">\n<h6>Dep\u00f3sito legal: M-18664-2020<br \/>\nISBN: 978-84-946646-6-3<\/h6>\n<\/div>\n<\/div>\n<\/div>\n","protected":false},"excerpt":{"rendered":"<p>Pionero del \u00abbuen decir y comunicar\u00bb<\/p>\n","protected":false},"author":23,"featured_media":86769,"comment_status":"closed","ping_status":"closed","sticky":false,"template":"","format":"standard","meta":{"_acf_changed":false,"_crdt_document":"","inline_featured_image":false,"footnotes":""},"categories":[74,2772],"tags":[388,10637,10636,387,58880],"class_list":["post-86768","post","type-post","status-publish","format-standard","has-post-thumbnail","hentry","category-iglesia-y-mundo","category-santoral","tag-isabel-orellana-vilches","tag-lolo","tag-manuel-lozano","tag-santoral","tag-trending-es-151"],"acf":[],"yoast_head":"<!-- This site is optimized with the Yoast SEO plugin v27.5 - https:\/\/yoast.com\/product\/yoast-seo-wordpress\/ -->\n<title>Beato Manuel Lozano Garrido \u00abLolo\u00bb, 3 de noviembre &#8211; Exaudi<\/title>\n<meta name=\"robots\" content=\"index, follow, max-snippet:-1, max-image-preview:large, max-video-preview:-1\" \/>\n<link rel=\"canonical\" href=\"https:\/\/exaudi.org\/es\/beato-manuel-lozano-garrido-lolo-3-de-noviembre\/\" \/>\n<meta property=\"og:locale\" content=\"es_ES\" \/>\n<meta property=\"og:type\" content=\"article\" \/>\n<meta property=\"og:title\" content=\"Beato Manuel Lozano Garrido \u00abLolo\u00bb, 3 de noviembre &#8211; Exaudi\" \/>\n<meta property=\"og:description\" content=\"Pionero del \u00abbuen decir y comunicar\u00bb\" \/>\n<meta property=\"og:url\" content=\"https:\/\/exaudi.org\/es\/beato-manuel-lozano-garrido-lolo-3-de-noviembre\/\" \/>\n<meta property=\"og:site_name\" content=\"Exaudi\" \/>\n<meta property=\"article:publisher\" content=\"https:\/\/www.facebook.com\/ExaudiNews\" \/>\n<meta property=\"article:published_time\" content=\"2025-11-03T06:30:01+00:00\" \/>\n<meta property=\"og:image\" content=\"https:\/\/exaudi.org\/wp-content\/uploads\/2023\/10\/lolo-Grafico.jpg\" \/>\n\t<meta property=\"og:image:width\" content=\"1600\" \/>\n\t<meta property=\"og:image:height\" content=\"1201\" \/>\n\t<meta property=\"og:image:type\" content=\"image\/jpeg\" \/>\n<meta name=\"author\" content=\"Isabel Orellana\" \/>\n<meta name=\"twitter:card\" content=\"summary_large_image\" \/>\n<meta name=\"twitter:creator\" content=\"@Exaudi_News\" \/>\n<meta name=\"twitter:site\" content=\"@Exaudi_News\" \/>\n<meta name=\"twitter:label1\" content=\"Escrito por\" \/>\n\t<meta name=\"twitter:data1\" content=\"Isabel Orellana\" \/>\n\t<meta name=\"twitter:label2\" content=\"Tiempo de lectura\" \/>\n\t<meta name=\"twitter:data2\" content=\"6 minutos\" \/>\n<script type=\"application\/ld+json\" class=\"yoast-schema-graph\">{\"@context\":\"https:\\\/\\\/schema.org\",\"@graph\":[{\"@type\":\"Article\",\"@id\":\"https:\\\/\\\/exaudi.org\\\/es\\\/beato-manuel-lozano-garrido-lolo-3-de-noviembre\\\/#article\",\"isPartOf\":{\"@id\":\"https:\\\/\\\/exaudi.org\\\/es\\\/beato-manuel-lozano-garrido-lolo-3-de-noviembre\\\/\"},\"author\":{\"name\":\"Isabel Orellana\",\"@id\":\"https:\\\/\\\/exaudi.org\\\/#\\\/schema\\\/person\\\/64e18b96fd6118559a9217b5b3375fdc\"},\"headline\":\"Beato Manuel Lozano Garrido \u00abLolo\u00bb, 3 de noviembre\",\"datePublished\":\"2025-11-03T06:30:01+00:00\",\"mainEntityOfPage\":{\"@id\":\"https:\\\/\\\/exaudi.org\\\/es\\\/beato-manuel-lozano-garrido-lolo-3-de-noviembre\\\/\"},\"wordCount\":1195,\"image\":{\"@id\":\"https:\\\/\\\/exaudi.org\\\/es\\\/beato-manuel-lozano-garrido-lolo-3-de-noviembre\\\/#primaryimage\"},\"thumbnailUrl\":\"https:\\\/\\\/exaudi.org\\\/wp-content\\\/uploads\\\/2023\\\/10\\\/lolo-Grafico.jpg\",\"keywords\":[\"Isabel Orellana Vilches\",\"Lolo\",\"Manuel Lozano\",\"Santoral\",\"Trending\"],\"articleSection\":[\"Iglesia y Mundo\",\"Santoral\"],\"inLanguage\":\"es\"},{\"@type\":\"WebPage\",\"@id\":\"https:\\\/\\\/exaudi.org\\\/es\\\/beato-manuel-lozano-garrido-lolo-3-de-noviembre\\\/\",\"url\":\"https:\\\/\\\/exaudi.org\\\/es\\\/beato-manuel-lozano-garrido-lolo-3-de-noviembre\\\/\",\"name\":\"Beato Manuel Lozano Garrido \u00abLolo\u00bb, 3 de noviembre &#8211; Exaudi\",\"isPartOf\":{\"@id\":\"https:\\\/\\\/exaudi.org\\\/#website\"},\"primaryImageOfPage\":{\"@id\":\"https:\\\/\\\/exaudi.org\\\/es\\\/beato-manuel-lozano-garrido-lolo-3-de-noviembre\\\/#primaryimage\"},\"image\":{\"@id\":\"https:\\\/\\\/exaudi.org\\\/es\\\/beato-manuel-lozano-garrido-lolo-3-de-noviembre\\\/#primaryimage\"},\"thumbnailUrl\":\"https:\\\/\\\/exaudi.org\\\/wp-content\\\/uploads\\\/2023\\\/10\\\/lolo-Grafico.jpg\",\"datePublished\":\"2025-11-03T06:30:01+00:00\",\"author\":{\"@id\":\"https:\\\/\\\/exaudi.org\\\/#\\\/schema\\\/person\\\/64e18b96fd6118559a9217b5b3375fdc\"},\"breadcrumb\":{\"@id\":\"https:\\\/\\\/exaudi.org\\\/es\\\/beato-manuel-lozano-garrido-lolo-3-de-noviembre\\\/#breadcrumb\"},\"inLanguage\":\"es\",\"potentialAction\":[{\"@type\":\"ReadAction\",\"target\":[\"https:\\\/\\\/exaudi.org\\\/es\\\/beato-manuel-lozano-garrido-lolo-3-de-noviembre\\\/\"]}]},{\"@type\":\"ImageObject\",\"inLanguage\":\"es\",\"@id\":\"https:\\\/\\\/exaudi.org\\\/es\\\/beato-manuel-lozano-garrido-lolo-3-de-noviembre\\\/#primaryimage\",\"url\":\"https:\\\/\\\/exaudi.org\\\/wp-content\\\/uploads\\\/2023\\\/10\\\/lolo-Grafico.jpg\",\"contentUrl\":\"https:\\\/\\\/exaudi.org\\\/wp-content\\\/uploads\\\/2023\\\/10\\\/lolo-Grafico.jpg\",\"width\":1600,\"height\":1201},{\"@type\":\"BreadcrumbList\",\"@id\":\"https:\\\/\\\/exaudi.org\\\/es\\\/beato-manuel-lozano-garrido-lolo-3-de-noviembre\\\/#breadcrumb\",\"itemListElement\":[{\"@type\":\"ListItem\",\"position\":1,\"name\":\"Portada\",\"item\":\"https:\\\/\\\/exaudi.org\\\/es\\\/\"},{\"@type\":\"ListItem\",\"position\":2,\"name\":\"Beato Manuel Lozano Garrido \u00abLolo\u00bb, 3 de noviembre\"}]},{\"@type\":\"WebSite\",\"@id\":\"https:\\\/\\\/exaudi.org\\\/#website\",\"url\":\"https:\\\/\\\/exaudi.org\\\/\",\"name\":\"Exaudi\",\"description\":\"News\",\"potentialAction\":[{\"@type\":\"SearchAction\",\"target\":{\"@type\":\"EntryPoint\",\"urlTemplate\":\"https:\\\/\\\/exaudi.org\\\/?s={search_term_string}\"},\"query-input\":{\"@type\":\"PropertyValueSpecification\",\"valueRequired\":true,\"valueName\":\"search_term_string\"}}],\"inLanguage\":\"es\"},{\"@type\":\"Person\",\"@id\":\"https:\\\/\\\/exaudi.org\\\/#\\\/schema\\\/person\\\/64e18b96fd6118559a9217b5b3375fdc\",\"name\":\"Isabel Orellana\",\"image\":{\"@type\":\"ImageObject\",\"inLanguage\":\"es\",\"@id\":\"https:\\\/\\\/secure.gravatar.com\\\/avatar\\\/51968380bbb6b22ae85c605634860366fd9a2a611c6341125115bca32cd6c171?s=96&d=mm&r=g\",\"url\":\"https:\\\/\\\/secure.gravatar.com\\\/avatar\\\/51968380bbb6b22ae85c605634860366fd9a2a611c6341125115bca32cd6c171?s=96&d=mm&r=g\",\"contentUrl\":\"https:\\\/\\\/secure.gravatar.com\\\/avatar\\\/51968380bbb6b22ae85c605634860366fd9a2a611c6341125115bca32cd6c171?s=96&d=mm&r=g\",\"caption\":\"Isabel Orellana\"},\"description\":\"Isabel Orellana Vilches Misionera idente. Doctora en Filosof\u00eda por la Universidad Aut\u00f3noma de Barcelona con la tesis Realismo y progreso cient\u00edfico en la epistemolog\u00eda popperiana. Ha cursado estudios de teolog\u00eda en la Universidad Pontificia de Salamanca. Con amplia actividad docente desde 1986, ha publicado libros como: Realismo y progreso cient\u00edfico en la epistemolog\u00eda popperiana, Universitat Aut\u00f2noma de Barcelona, 1993; El evangelio habla a los j\u00f3venes, Atenas, Madrid, 1997; Qu\u00e9 es... LA TOLERANCIA, Paulinas, Madrid, 1999; Pedagog\u00eda del dolor. Ensayo antropol\u00f3gico, Palabra, Madrid, 1999; En colaboraci\u00f3n con Enrique Rivera de Ventosa (\u2020) OFM. Cap. San Francisco de As\u00eds y Fernando Rielo: Convergencias. Respuestas desde la fe a los interrogantes del hombre de hoy, Universidad Pontificia, Salamanca, 2001; La \\\"mirada\\\" del cine. Recursos did\u00e1cticos del s\u00e9ptimo arte. Librer\u00eda Cervantes, Salamanca, 2001; Paradojas de la convivencia, San Pablo, Madrid, 2002; En la Universidad T\u00e9cnica Particular de Loja, Ecuador, ha publicado: La confianza. El arte de amar, 2002; Educar para la responsabilidad, 2003; Apuntes de \u00e9tica en Karl R. Popper, 2003; De soledades y comunicaci\u00f3n, 2005; Yo educo; t\u00fa respondes, 2008; Humanismo y fe en un crisol de culturas, 2008; Repensar lo cotidiano, 2008; Convivir: un constante desaf\u00edo, 2009; La l\u00f3gica del amor, 2010; El dolor del amor. Apuntes sobre la enfermedad y el dolor en relaci\u00f3n con la virtud heroica, el martirio y la vida santa. Seminario Diocesano de M\u00e1laga, 2006 y Universidad T\u00e9cnica Particular de Loja, Ecuador (2007). Cuenta con numerosas colaboraciones en obras colectivas, as\u00ed como relatos, cuentos, f\u00e1bula y novela juvenil, adem\u00e1s de art\u00edculos de tem\u00e1tica cient\u00edfica, pedag\u00f3gica y espiritual, que viene publicando en distintas revistas nacionales e internacionales. En 2012 culmin\u00f3 el santoral Llamados a ser santos y poco m\u00e1s tarde Epopeyas de amor prologado por mons. Fernando Sebasti\u00e1n. Es la bi\u00f3grafa oficial del fundador de su familia espiritual, autora de Fernando Rielo Pardal. Fundador de los Misioneros Identes, Descl\u00e9e de Brouwer, Bilbao, 2009. Culmina la biograf\u00eda completa. Encargada del santoral de ZENIT desde 2012 a 2020 y ahora en Exaudi\",\"url\":\"https:\\\/\\\/exaudi.org\\\/es\\\/author\\\/isabelorellana\\\/\"}]}<\/script>\n<!-- \/ Yoast SEO plugin. -->","yoast_head_json":{"title":"Beato Manuel Lozano Garrido \u00abLolo\u00bb, 3 de noviembre &#8211; Exaudi","robots":{"index":"index","follow":"follow","max-snippet":"max-snippet:-1","max-image-preview":"max-image-preview:large","max-video-preview":"max-video-preview:-1"},"canonical":"https:\/\/exaudi.org\/es\/beato-manuel-lozano-garrido-lolo-3-de-noviembre\/","og_locale":"es_ES","og_type":"article","og_title":"Beato Manuel Lozano Garrido \u00abLolo\u00bb, 3 de noviembre &#8211; Exaudi","og_description":"Pionero del \u00abbuen decir y comunicar\u00bb","og_url":"https:\/\/exaudi.org\/es\/beato-manuel-lozano-garrido-lolo-3-de-noviembre\/","og_site_name":"Exaudi","article_publisher":"https:\/\/www.facebook.com\/ExaudiNews","article_published_time":"2025-11-03T06:30:01+00:00","og_image":[{"width":1600,"height":1201,"url":"https:\/\/exaudi.org\/wp-content\/uploads\/2023\/10\/lolo-Grafico.jpg","type":"image\/jpeg"}],"author":"Isabel Orellana","twitter_card":"summary_large_image","twitter_creator":"@Exaudi_News","twitter_site":"@Exaudi_News","twitter_misc":{"Escrito por":"Isabel Orellana","Tiempo de lectura":"6 minutos"},"schema":{"@context":"https:\/\/schema.org","@graph":[{"@type":"Article","@id":"https:\/\/exaudi.org\/es\/beato-manuel-lozano-garrido-lolo-3-de-noviembre\/#article","isPartOf":{"@id":"https:\/\/exaudi.org\/es\/beato-manuel-lozano-garrido-lolo-3-de-noviembre\/"},"author":{"name":"Isabel Orellana","@id":"https:\/\/exaudi.org\/#\/schema\/person\/64e18b96fd6118559a9217b5b3375fdc"},"headline":"Beato Manuel Lozano Garrido \u00abLolo\u00bb, 3 de noviembre","datePublished":"2025-11-03T06:30:01+00:00","mainEntityOfPage":{"@id":"https:\/\/exaudi.org\/es\/beato-manuel-lozano-garrido-lolo-3-de-noviembre\/"},"wordCount":1195,"image":{"@id":"https:\/\/exaudi.org\/es\/beato-manuel-lozano-garrido-lolo-3-de-noviembre\/#primaryimage"},"thumbnailUrl":"https:\/\/exaudi.org\/wp-content\/uploads\/2023\/10\/lolo-Grafico.jpg","keywords":["Isabel Orellana Vilches","Lolo","Manuel Lozano","Santoral","Trending"],"articleSection":["Iglesia y Mundo","Santoral"],"inLanguage":"es"},{"@type":"WebPage","@id":"https:\/\/exaudi.org\/es\/beato-manuel-lozano-garrido-lolo-3-de-noviembre\/","url":"https:\/\/exaudi.org\/es\/beato-manuel-lozano-garrido-lolo-3-de-noviembre\/","name":"Beato Manuel Lozano Garrido \u00abLolo\u00bb, 3 de noviembre &#8211; Exaudi","isPartOf":{"@id":"https:\/\/exaudi.org\/#website"},"primaryImageOfPage":{"@id":"https:\/\/exaudi.org\/es\/beato-manuel-lozano-garrido-lolo-3-de-noviembre\/#primaryimage"},"image":{"@id":"https:\/\/exaudi.org\/es\/beato-manuel-lozano-garrido-lolo-3-de-noviembre\/#primaryimage"},"thumbnailUrl":"https:\/\/exaudi.org\/wp-content\/uploads\/2023\/10\/lolo-Grafico.jpg","datePublished":"2025-11-03T06:30:01+00:00","author":{"@id":"https:\/\/exaudi.org\/#\/schema\/person\/64e18b96fd6118559a9217b5b3375fdc"},"breadcrumb":{"@id":"https:\/\/exaudi.org\/es\/beato-manuel-lozano-garrido-lolo-3-de-noviembre\/#breadcrumb"},"inLanguage":"es","potentialAction":[{"@type":"ReadAction","target":["https:\/\/exaudi.org\/es\/beato-manuel-lozano-garrido-lolo-3-de-noviembre\/"]}]},{"@type":"ImageObject","inLanguage":"es","@id":"https:\/\/exaudi.org\/es\/beato-manuel-lozano-garrido-lolo-3-de-noviembre\/#primaryimage","url":"https:\/\/exaudi.org\/wp-content\/uploads\/2023\/10\/lolo-Grafico.jpg","contentUrl":"https:\/\/exaudi.org\/wp-content\/uploads\/2023\/10\/lolo-Grafico.jpg","width":1600,"height":1201},{"@type":"BreadcrumbList","@id":"https:\/\/exaudi.org\/es\/beato-manuel-lozano-garrido-lolo-3-de-noviembre\/#breadcrumb","itemListElement":[{"@type":"ListItem","position":1,"name":"Portada","item":"https:\/\/exaudi.org\/es\/"},{"@type":"ListItem","position":2,"name":"Beato Manuel Lozano Garrido \u00abLolo\u00bb, 3 de noviembre"}]},{"@type":"WebSite","@id":"https:\/\/exaudi.org\/#website","url":"https:\/\/exaudi.org\/","name":"Exaudi","description":"News","potentialAction":[{"@type":"SearchAction","target":{"@type":"EntryPoint","urlTemplate":"https:\/\/exaudi.org\/?s={search_term_string}"},"query-input":{"@type":"PropertyValueSpecification","valueRequired":true,"valueName":"search_term_string"}}],"inLanguage":"es"},{"@type":"Person","@id":"https:\/\/exaudi.org\/#\/schema\/person\/64e18b96fd6118559a9217b5b3375fdc","name":"Isabel Orellana","image":{"@type":"ImageObject","inLanguage":"es","@id":"https:\/\/secure.gravatar.com\/avatar\/51968380bbb6b22ae85c605634860366fd9a2a611c6341125115bca32cd6c171?s=96&d=mm&r=g","url":"https:\/\/secure.gravatar.com\/avatar\/51968380bbb6b22ae85c605634860366fd9a2a611c6341125115bca32cd6c171?s=96&d=mm&r=g","contentUrl":"https:\/\/secure.gravatar.com\/avatar\/51968380bbb6b22ae85c605634860366fd9a2a611c6341125115bca32cd6c171?s=96&d=mm&r=g","caption":"Isabel Orellana"},"description":"Isabel Orellana Vilches Misionera idente. Doctora en Filosof\u00eda por la Universidad Aut\u00f3noma de Barcelona con la tesis Realismo y progreso cient\u00edfico en la epistemolog\u00eda popperiana. Ha cursado estudios de teolog\u00eda en la Universidad Pontificia de Salamanca. Con amplia actividad docente desde 1986, ha publicado libros como: Realismo y progreso cient\u00edfico en la epistemolog\u00eda popperiana, Universitat Aut\u00f2noma de Barcelona, 1993; El evangelio habla a los j\u00f3venes, Atenas, Madrid, 1997; Qu\u00e9 es... LA TOLERANCIA, Paulinas, Madrid, 1999; Pedagog\u00eda del dolor. Ensayo antropol\u00f3gico, Palabra, Madrid, 1999; En colaboraci\u00f3n con Enrique Rivera de Ventosa (\u2020) OFM. Cap. San Francisco de As\u00eds y Fernando Rielo: Convergencias. Respuestas desde la fe a los interrogantes del hombre de hoy, Universidad Pontificia, Salamanca, 2001; La \"mirada\" del cine. Recursos did\u00e1cticos del s\u00e9ptimo arte. Librer\u00eda Cervantes, Salamanca, 2001; Paradojas de la convivencia, San Pablo, Madrid, 2002; En la Universidad T\u00e9cnica Particular de Loja, Ecuador, ha publicado: La confianza. El arte de amar, 2002; Educar para la responsabilidad, 2003; Apuntes de \u00e9tica en Karl R. Popper, 2003; De soledades y comunicaci\u00f3n, 2005; Yo educo; t\u00fa respondes, 2008; Humanismo y fe en un crisol de culturas, 2008; Repensar lo cotidiano, 2008; Convivir: un constante desaf\u00edo, 2009; La l\u00f3gica del amor, 2010; El dolor del amor. Apuntes sobre la enfermedad y el dolor en relaci\u00f3n con la virtud heroica, el martirio y la vida santa. Seminario Diocesano de M\u00e1laga, 2006 y Universidad T\u00e9cnica Particular de Loja, Ecuador (2007). Cuenta con numerosas colaboraciones en obras colectivas, as\u00ed como relatos, cuentos, f\u00e1bula y novela juvenil, adem\u00e1s de art\u00edculos de tem\u00e1tica cient\u00edfica, pedag\u00f3gica y espiritual, que viene publicando en distintas revistas nacionales e internacionales. En 2012 culmin\u00f3 el santoral Llamados a ser santos y poco m\u00e1s tarde Epopeyas de amor prologado por mons. Fernando Sebasti\u00e1n. Es la bi\u00f3grafa oficial del fundador de su familia espiritual, autora de Fernando Rielo Pardal. Fundador de los Misioneros Identes, Descl\u00e9e de Brouwer, Bilbao, 2009. Culmina la biograf\u00eda completa. Encargada del santoral de ZENIT desde 2012 a 2020 y ahora en Exaudi","url":"https:\/\/exaudi.org\/es\/author\/isabelorellana\/"}]}},"jetpack_featured_media_url":"https:\/\/exaudi.org\/wp-content\/uploads\/2023\/10\/lolo-Grafico.jpg","jetpack_shortlink":"https:\/\/wp.me\/pgKjF2-mzu","_links":{"self":[{"href":"https:\/\/exaudi.org\/es\/wp-json\/wp\/v2\/posts\/86768","targetHints":{"allow":["GET"]}}],"collection":[{"href":"https:\/\/exaudi.org\/es\/wp-json\/wp\/v2\/posts"}],"about":[{"href":"https:\/\/exaudi.org\/es\/wp-json\/wp\/v2\/types\/post"}],"author":[{"embeddable":true,"href":"https:\/\/exaudi.org\/es\/wp-json\/wp\/v2\/users\/23"}],"replies":[{"embeddable":true,"href":"https:\/\/exaudi.org\/es\/wp-json\/wp\/v2\/comments?post=86768"}],"version-history":[{"count":4,"href":"https:\/\/exaudi.org\/es\/wp-json\/wp\/v2\/posts\/86768\/revisions"}],"predecessor-version":[{"id":144425,"href":"https:\/\/exaudi.org\/es\/wp-json\/wp\/v2\/posts\/86768\/revisions\/144425"}],"wp:featuredmedia":[{"embeddable":true,"href":"https:\/\/exaudi.org\/es\/wp-json\/wp\/v2\/media\/86769"}],"wp:attachment":[{"href":"https:\/\/exaudi.org\/es\/wp-json\/wp\/v2\/media?parent=86768"}],"wp:term":[{"taxonomy":"category","embeddable":true,"href":"https:\/\/exaudi.org\/es\/wp-json\/wp\/v2\/categories?post=86768"},{"taxonomy":"post_tag","embeddable":true,"href":"https:\/\/exaudi.org\/es\/wp-json\/wp\/v2\/tags?post=86768"}],"curies":[{"name":"wp","href":"https:\/\/api.w.org\/{rel}","templated":true}]}}