{"id":86716,"date":"2023-10-29T09:37:11","date_gmt":"2023-10-29T08:37:11","guid":{"rendered":"https:\/\/exaudi.org\/?p=86716"},"modified":"2023-10-29T09:39:30","modified_gmt":"2023-10-29T08:39:30","slug":"el-papa-expresa-su-consternacion-por-el-tiroteo-masivo-en-lewiston-2","status":"publish","type":"post","link":"https:\/\/exaudi.org\/es\/el-papa-expresa-su-consternacion-por-el-tiroteo-masivo-en-lewiston-2\/","title":{"rendered":"El Papa expresa su consternaci\u00f3n por el tiroteo masivo en Lewiston"},"content":{"rendered":"<p>El 25 de octubre de 2023, un hombre armado identificado como Robert Card, militar de reserva de 40 a\u00f1os, abri\u00f3 fuego en una bolera y un restaurante de Lewiston, Maine. El tiroteo caus\u00f3 18 muertos y 13 heridos.<\/p>\n<p>La masacre de Lewiston fue el tiroteo masivo m\u00e1s mort\u00edfero en Estados Unidos en lo que va de a\u00f1o. Fue un suceso tr\u00e1gico y horrible que conmocion\u00f3 a la naci\u00f3n.<\/p>\n<p>La masacre de Lewiston fue un suceso tr\u00e1gico y horrible. Es importante que recordemos a las v\u00edctimas y a sus familias y que trabajemos para evitar que vuelva a ocurrir algo similar.<\/p>\n<p>Publicamos a continuaci\u00f3n el telegrama de p\u00e9same por las v\u00edctimas de la masacre ocurrida en Lewiston (EE.UU.), enviado -en nombre del Santo Padre Francisco- por el Cardenal Secretario de Estado, Pietro Parolin, al Obispo de Portland, S.E. Monse\u00f1or Robert Deeley:<\/p>\n<p>***<\/p>\n<h3><strong>Telegrama del Papa Francisco<\/strong><\/h3>\n<p>REVEREND\u00cdSIMO ROBERT DEELEY<\/p>\n<p>OBISPO DE PORTLAND<\/p>\n<p>SU SANTIDAD EL PAPA FRANCISCO HA RECIBIDO CON PROFUNDA TRISTEZA LA NOTICIA DE LA TERRIBLE P\u00c9RDIDA DE VIDAS CAUSADA POR EL TIROTEO MASIVO EN LEWISTON Y EXPRESA SU CERCAN\u00cdA ESPIRITUAL A TODOS LOS QUE SUFREN POR ESTA TRAGEDIA INDESCRIPTIBLE, ESPECIALMENTE A LAS FAMILIAS QUE HAN PERDIDO A SUS SERES QUERIDOS. SU SANTIDAD ENCOMIENDA LAS ALMAS DE LOS DIFUNTOS A LA AMOROSA MISERICORDIA DE DIOS TODOPODEROSO Y REZA POR LA CURACI\u00d3N DE LOS HERIDOS Y DEL PERSONAL M\u00c9DICO QUE LOS ATIENDE. CON LA FIRME CONFIANZA DE QUE, AYUDADOS POR LA GRACIA DE DIOS, PODEMOS VENCER EL MAL CON EL BIEN (CF. ROM 12,21), EL SANTO PADRE INVOCA SOBRE EL PUEBLO DE LEWISTON Y, DE HECHO, SOBRE TODO EL PA\u00cdS, LAS BENDICIONES DE FUERZA Y\u00a0 PAZ DE DIOS TODOPODEROSO.<\/p>\n<p>CARDENAL PIETRO PAROLIN<\/p>\n<p>SECRETARIO DE ESTADO<\/p>\n","protected":false},"excerpt":{"rendered":"<p>El telegrama de condolencia pide que se act\u00fae para prevenir la violencia armada<\/p>\n","protected":false},"author":15,"featured_media":86692,"comment_status":"closed","ping_status":"closed","sticky":false,"template":"","format":"standard","meta":{"_acf_changed":false,"_crdt_document":"","inline_featured_image":false,"footnotes":""},"categories":[68],"tags":[5923,10617,158,10622,3746,4953],"class_list":["post-86716","post","type-post","status-publish","format-standard","has-post-thumbnail","hentry","category-leon-xiv","tag-condolencias","tag-lewiston","tag-papa-francisco","tag-telewgrama","tag-tiroteo","tag-trending-es"],"acf":[],"yoast_head":"<!-- This site is optimized with the Yoast SEO plugin v27.5 - https:\/\/yoast.com\/product\/yoast-seo-wordpress\/ -->\n<title>El Papa expresa su consternaci\u00f3n por el tiroteo masivo en Lewiston &#8211; Exaudi<\/title>\n<meta name=\"robots\" content=\"index, follow, max-snippet:-1, max-image-preview:large, max-video-preview:-1\" \/>\n<link rel=\"canonical\" href=\"https:\/\/exaudi.org\/es\/el-papa-expresa-su-consternacion-por-el-tiroteo-masivo-en-lewiston-2\/\" \/>\n<meta property=\"og:locale\" content=\"es_ES\" \/>\n<meta property=\"og:type\" content=\"article\" \/>\n<meta property=\"og:title\" content=\"El Papa expresa su consternaci\u00f3n por el tiroteo masivo en Lewiston &#8211; Exaudi\" \/>\n<meta property=\"og:description\" content=\"El telegrama de condolencia pide que se act\u00fae para prevenir la violencia armada\" \/>\n<meta property=\"og:url\" content=\"https:\/\/exaudi.org\/es\/el-papa-expresa-su-consternacion-por-el-tiroteo-masivo-en-lewiston-2\/\" \/>\n<meta property=\"og:site_name\" content=\"Exaudi\" \/>\n<meta property=\"article:publisher\" content=\"https:\/\/www.facebook.com\/ExaudiNews\" \/>\n<meta property=\"article:author\" content=\"https:\/\/www.facebook.com\/ExaudiNoticias\/\" \/>\n<meta property=\"article:published_time\" content=\"2023-10-29T08:37:11+00:00\" \/>\n<meta property=\"article:modified_time\" content=\"2023-10-29T08:39:30+00:00\" \/>\n<meta property=\"og:image\" content=\"https:\/\/exaudi.org\/wp-content\/uploads\/2023\/10\/cq5dam.web_.800.800-5.jpeg\" \/>\n\t<meta property=\"og:image:width\" content=\"750\" \/>\n\t<meta property=\"og:image:height\" content=\"422\" \/>\n\t<meta property=\"og:image:type\" content=\"image\/jpeg\" \/>\n<meta name=\"author\" content=\"Exaudi Redacci\u00f3n\" \/>\n<meta name=\"twitter:card\" content=\"summary_large_image\" \/>\n<meta name=\"twitter:creator\" content=\"@Exaudi_noticias\" \/>\n<meta name=\"twitter:site\" content=\"@Exaudi_News\" \/>\n<meta name=\"twitter:label1\" content=\"Escrito por\" \/>\n\t<meta name=\"twitter:data1\" content=\"Exaudi Redacci\u00f3n\" \/>\n\t<meta name=\"twitter:label2\" content=\"Tiempo de lectura\" \/>\n\t<meta name=\"twitter:data2\" content=\"1 minuto\" \/>\n<script type=\"application\/ld+json\" class=\"yoast-schema-graph\">{\"@context\":\"https:\\\/\\\/schema.org\",\"@graph\":[{\"@type\":\"Article\",\"@id\":\"https:\\\/\\\/exaudi.org\\\/es\\\/el-papa-expresa-su-consternacion-por-el-tiroteo-masivo-en-lewiston-2\\\/#article\",\"isPartOf\":{\"@id\":\"https:\\\/\\\/exaudi.org\\\/es\\\/el-papa-expresa-su-consternacion-por-el-tiroteo-masivo-en-lewiston-2\\\/\"},\"author\":{\"name\":\"Exaudi Redacci\u00f3n\",\"@id\":\"https:\\\/\\\/exaudi.org\\\/#\\\/schema\\\/person\\\/f5fc8f063065e38742da7afe15f25df7\"},\"headline\":\"El Papa expresa su consternaci\u00f3n por el tiroteo masivo en Lewiston\",\"datePublished\":\"2023-10-29T08:37:11+00:00\",\"dateModified\":\"2023-10-29T08:39:30+00:00\",\"mainEntityOfPage\":{\"@id\":\"https:\\\/\\\/exaudi.org\\\/es\\\/el-papa-expresa-su-consternacion-por-el-tiroteo-masivo-en-lewiston-2\\\/\"},\"wordCount\":309,\"image\":{\"@id\":\"https:\\\/\\\/exaudi.org\\\/es\\\/el-papa-expresa-su-consternacion-por-el-tiroteo-masivo-en-lewiston-2\\\/#primaryimage\"},\"thumbnailUrl\":\"https:\\\/\\\/exaudi.org\\\/wp-content\\\/uploads\\\/2023\\\/10\\\/cq5dam.web_.800.800-5.jpeg\",\"keywords\":[\"Condolencias\",\"Lewiston\",\"papa francisco\",\"Telewgrama\",\"Tiroteo\",\"Trending\"],\"articleSection\":[\"Le\u00f3n XIV\"],\"inLanguage\":\"es\"},{\"@type\":\"WebPage\",\"@id\":\"https:\\\/\\\/exaudi.org\\\/es\\\/el-papa-expresa-su-consternacion-por-el-tiroteo-masivo-en-lewiston-2\\\/\",\"url\":\"https:\\\/\\\/exaudi.org\\\/es\\\/el-papa-expresa-su-consternacion-por-el-tiroteo-masivo-en-lewiston-2\\\/\",\"name\":\"El Papa expresa su consternaci\u00f3n por el tiroteo masivo en Lewiston &#8211; Exaudi\",\"isPartOf\":{\"@id\":\"https:\\\/\\\/exaudi.org\\\/#website\"},\"primaryImageOfPage\":{\"@id\":\"https:\\\/\\\/exaudi.org\\\/es\\\/el-papa-expresa-su-consternacion-por-el-tiroteo-masivo-en-lewiston-2\\\/#primaryimage\"},\"image\":{\"@id\":\"https:\\\/\\\/exaudi.org\\\/es\\\/el-papa-expresa-su-consternacion-por-el-tiroteo-masivo-en-lewiston-2\\\/#primaryimage\"},\"thumbnailUrl\":\"https:\\\/\\\/exaudi.org\\\/wp-content\\\/uploads\\\/2023\\\/10\\\/cq5dam.web_.800.800-5.jpeg\",\"datePublished\":\"2023-10-29T08:37:11+00:00\",\"dateModified\":\"2023-10-29T08:39:30+00:00\",\"author\":{\"@id\":\"https:\\\/\\\/exaudi.org\\\/#\\\/schema\\\/person\\\/f5fc8f063065e38742da7afe15f25df7\"},\"breadcrumb\":{\"@id\":\"https:\\\/\\\/exaudi.org\\\/es\\\/el-papa-expresa-su-consternacion-por-el-tiroteo-masivo-en-lewiston-2\\\/#breadcrumb\"},\"inLanguage\":\"es\",\"potentialAction\":[{\"@type\":\"ReadAction\",\"target\":[\"https:\\\/\\\/exaudi.org\\\/es\\\/el-papa-expresa-su-consternacion-por-el-tiroteo-masivo-en-lewiston-2\\\/\"]}]},{\"@type\":\"ImageObject\",\"inLanguage\":\"es\",\"@id\":\"https:\\\/\\\/exaudi.org\\\/es\\\/el-papa-expresa-su-consternacion-por-el-tiroteo-masivo-en-lewiston-2\\\/#primaryimage\",\"url\":\"https:\\\/\\\/exaudi.org\\\/wp-content\\\/uploads\\\/2023\\\/10\\\/cq5dam.web_.800.800-5.jpeg\",\"contentUrl\":\"https:\\\/\\\/exaudi.org\\\/wp-content\\\/uploads\\\/2023\\\/10\\\/cq5dam.web_.800.800-5.jpeg\",\"width\":750,\"height\":422,\"caption\":\"Mensajes de esperanza en los \u00e1rboles de Lewiston (ANSA)\"},{\"@type\":\"BreadcrumbList\",\"@id\":\"https:\\\/\\\/exaudi.org\\\/es\\\/el-papa-expresa-su-consternacion-por-el-tiroteo-masivo-en-lewiston-2\\\/#breadcrumb\",\"itemListElement\":[{\"@type\":\"ListItem\",\"position\":1,\"name\":\"Portada\",\"item\":\"https:\\\/\\\/exaudi.org\\\/es\\\/\"},{\"@type\":\"ListItem\",\"position\":2,\"name\":\"El Papa expresa su consternaci\u00f3n por el tiroteo masivo en Lewiston\"}]},{\"@type\":\"WebSite\",\"@id\":\"https:\\\/\\\/exaudi.org\\\/#website\",\"url\":\"https:\\\/\\\/exaudi.org\\\/\",\"name\":\"Exaudi\",\"description\":\"News\",\"potentialAction\":[{\"@type\":\"SearchAction\",\"target\":{\"@type\":\"EntryPoint\",\"urlTemplate\":\"https:\\\/\\\/exaudi.org\\\/?s={search_term_string}\"},\"query-input\":{\"@type\":\"PropertyValueSpecification\",\"valueRequired\":true,\"valueName\":\"search_term_string\"}}],\"inLanguage\":\"es\"},{\"@type\":\"Person\",\"@id\":\"https:\\\/\\\/exaudi.org\\\/#\\\/schema\\\/person\\\/f5fc8f063065e38742da7afe15f25df7\",\"name\":\"Exaudi Redacci\u00f3n\",\"image\":{\"@type\":\"ImageObject\",\"inLanguage\":\"es\",\"@id\":\"https:\\\/\\\/secure.gravatar.com\\\/avatar\\\/fe0f6a059fb68d9b3e11bc5850dd4899b1c7492091a3cb6dd9b01b56ad828be2?s=96&d=mm&r=g\",\"url\":\"https:\\\/\\\/secure.gravatar.com\\\/avatar\\\/fe0f6a059fb68d9b3e11bc5850dd4899b1c7492091a3cb6dd9b01b56ad828be2?s=96&d=mm&r=g\",\"contentUrl\":\"https:\\\/\\\/secure.gravatar.com\\\/avatar\\\/fe0f6a059fb68d9b3e11bc5850dd4899b1c7492091a3cb6dd9b01b56ad828be2?s=96&d=mm&r=g\",\"caption\":\"Exaudi Redacci\u00f3n\"},\"description\":\"\u00bfQu\u00e9 es Exaudi News? Exaudi News es un medio de comunicaci\u00f3n cat\u00f3lico internacional que informa, forma y transforma, diariamente en espa\u00f1ol, ingl\u00e9s e italiano. A trav\u00e9s de noticias, art\u00edculos de an\u00e1lisis y transmisiones en directo de los eventos del Papa, Exaudi busca fortalecer la unidad de los cristianos y contribuir a la evangelizaci\u00f3n del mundo, siempre guiados por la doctrina social de la Iglesia. Trabajamos para acercar la verdad y los valores cristianos a cada rinc\u00f3n del planeta. \u00a1Ay\u00fadanos a transformar el mundo con Exaudi! En Exaudi creemos que la evangelizaci\u00f3n y la informaci\u00f3n de calidad pueden cambiar vidas. Para continuar con nuestra misi\u00f3n y expandir nuestro alcance, necesitamos tu ayuda. Adem\u00e1s, buscamos personas comprometidas que deseen unirse a nuestro equipo. Con tu apoyo, lograremos llegar a m\u00e1s personas, difundir el mensaje de Cristo y reforzar la unidad de los cristianos. \u00bfTe unes a nuestra misi\u00f3n? Para m\u00e1s informaci\u00f3n sobre c\u00f3mo colaborar, visita Exaudi.org\\\/es o cont\u00e1ctanos directamente: info@exaudi.org Exaudi: Informa, forma y transforma.\",\"sameAs\":[\"https:\\\/\\\/www.facebook.com\\\/ExaudiNoticias\\\/\",\"https:\\\/\\\/www.instagram.com\\\/exaudi_noticias\\\/\",\"https:\\\/\\\/x.com\\\/Exaudi_noticias\",\"https:\\\/\\\/www.youtube.com\\\/@exaudicatholicnews\"],\"url\":\"https:\\\/\\\/exaudi.org\\\/es\\\/author\\\/redaccionexaudi\\\/\"}]}<\/script>\n<!-- \/ Yoast SEO plugin. -->","yoast_head_json":{"title":"El Papa expresa su consternaci\u00f3n por el tiroteo masivo en Lewiston &#8211; Exaudi","robots":{"index":"index","follow":"follow","max-snippet":"max-snippet:-1","max-image-preview":"max-image-preview:large","max-video-preview":"max-video-preview:-1"},"canonical":"https:\/\/exaudi.org\/es\/el-papa-expresa-su-consternacion-por-el-tiroteo-masivo-en-lewiston-2\/","og_locale":"es_ES","og_type":"article","og_title":"El Papa expresa su consternaci\u00f3n por el tiroteo masivo en Lewiston &#8211; Exaudi","og_description":"El telegrama de condolencia pide que se act\u00fae para prevenir la violencia armada","og_url":"https:\/\/exaudi.org\/es\/el-papa-expresa-su-consternacion-por-el-tiroteo-masivo-en-lewiston-2\/","og_site_name":"Exaudi","article_publisher":"https:\/\/www.facebook.com\/ExaudiNews","article_author":"https:\/\/www.facebook.com\/ExaudiNoticias\/","article_published_time":"2023-10-29T08:37:11+00:00","article_modified_time":"2023-10-29T08:39:30+00:00","og_image":[{"width":750,"height":422,"url":"https:\/\/exaudi.org\/wp-content\/uploads\/2023\/10\/cq5dam.web_.800.800-5.jpeg","type":"image\/jpeg"}],"author":"Exaudi Redacci\u00f3n","twitter_card":"summary_large_image","twitter_creator":"@Exaudi_noticias","twitter_site":"@Exaudi_News","twitter_misc":{"Escrito por":"Exaudi Redacci\u00f3n","Tiempo de lectura":"1 minuto"},"schema":{"@context":"https:\/\/schema.org","@graph":[{"@type":"Article","@id":"https:\/\/exaudi.org\/es\/el-papa-expresa-su-consternacion-por-el-tiroteo-masivo-en-lewiston-2\/#article","isPartOf":{"@id":"https:\/\/exaudi.org\/es\/el-papa-expresa-su-consternacion-por-el-tiroteo-masivo-en-lewiston-2\/"},"author":{"name":"Exaudi Redacci\u00f3n","@id":"https:\/\/exaudi.org\/#\/schema\/person\/f5fc8f063065e38742da7afe15f25df7"},"headline":"El Papa expresa su consternaci\u00f3n por el tiroteo masivo en Lewiston","datePublished":"2023-10-29T08:37:11+00:00","dateModified":"2023-10-29T08:39:30+00:00","mainEntityOfPage":{"@id":"https:\/\/exaudi.org\/es\/el-papa-expresa-su-consternacion-por-el-tiroteo-masivo-en-lewiston-2\/"},"wordCount":309,"image":{"@id":"https:\/\/exaudi.org\/es\/el-papa-expresa-su-consternacion-por-el-tiroteo-masivo-en-lewiston-2\/#primaryimage"},"thumbnailUrl":"https:\/\/exaudi.org\/wp-content\/uploads\/2023\/10\/cq5dam.web_.800.800-5.jpeg","keywords":["Condolencias","Lewiston","papa francisco","Telewgrama","Tiroteo","Trending"],"articleSection":["Le\u00f3n XIV"],"inLanguage":"es"},{"@type":"WebPage","@id":"https:\/\/exaudi.org\/es\/el-papa-expresa-su-consternacion-por-el-tiroteo-masivo-en-lewiston-2\/","url":"https:\/\/exaudi.org\/es\/el-papa-expresa-su-consternacion-por-el-tiroteo-masivo-en-lewiston-2\/","name":"El Papa expresa su consternaci\u00f3n por el tiroteo masivo en Lewiston &#8211; Exaudi","isPartOf":{"@id":"https:\/\/exaudi.org\/#website"},"primaryImageOfPage":{"@id":"https:\/\/exaudi.org\/es\/el-papa-expresa-su-consternacion-por-el-tiroteo-masivo-en-lewiston-2\/#primaryimage"},"image":{"@id":"https:\/\/exaudi.org\/es\/el-papa-expresa-su-consternacion-por-el-tiroteo-masivo-en-lewiston-2\/#primaryimage"},"thumbnailUrl":"https:\/\/exaudi.org\/wp-content\/uploads\/2023\/10\/cq5dam.web_.800.800-5.jpeg","datePublished":"2023-10-29T08:37:11+00:00","dateModified":"2023-10-29T08:39:30+00:00","author":{"@id":"https:\/\/exaudi.org\/#\/schema\/person\/f5fc8f063065e38742da7afe15f25df7"},"breadcrumb":{"@id":"https:\/\/exaudi.org\/es\/el-papa-expresa-su-consternacion-por-el-tiroteo-masivo-en-lewiston-2\/#breadcrumb"},"inLanguage":"es","potentialAction":[{"@type":"ReadAction","target":["https:\/\/exaudi.org\/es\/el-papa-expresa-su-consternacion-por-el-tiroteo-masivo-en-lewiston-2\/"]}]},{"@type":"ImageObject","inLanguage":"es","@id":"https:\/\/exaudi.org\/es\/el-papa-expresa-su-consternacion-por-el-tiroteo-masivo-en-lewiston-2\/#primaryimage","url":"https:\/\/exaudi.org\/wp-content\/uploads\/2023\/10\/cq5dam.web_.800.800-5.jpeg","contentUrl":"https:\/\/exaudi.org\/wp-content\/uploads\/2023\/10\/cq5dam.web_.800.800-5.jpeg","width":750,"height":422,"caption":"Mensajes de esperanza en los \u00e1rboles de Lewiston (ANSA)"},{"@type":"BreadcrumbList","@id":"https:\/\/exaudi.org\/es\/el-papa-expresa-su-consternacion-por-el-tiroteo-masivo-en-lewiston-2\/#breadcrumb","itemListElement":[{"@type":"ListItem","position":1,"name":"Portada","item":"https:\/\/exaudi.org\/es\/"},{"@type":"ListItem","position":2,"name":"El Papa expresa su consternaci\u00f3n por el tiroteo masivo en Lewiston"}]},{"@type":"WebSite","@id":"https:\/\/exaudi.org\/#website","url":"https:\/\/exaudi.org\/","name":"Exaudi","description":"News","potentialAction":[{"@type":"SearchAction","target":{"@type":"EntryPoint","urlTemplate":"https:\/\/exaudi.org\/?s={search_term_string}"},"query-input":{"@type":"PropertyValueSpecification","valueRequired":true,"valueName":"search_term_string"}}],"inLanguage":"es"},{"@type":"Person","@id":"https:\/\/exaudi.org\/#\/schema\/person\/f5fc8f063065e38742da7afe15f25df7","name":"Exaudi Redacci\u00f3n","image":{"@type":"ImageObject","inLanguage":"es","@id":"https:\/\/secure.gravatar.com\/avatar\/fe0f6a059fb68d9b3e11bc5850dd4899b1c7492091a3cb6dd9b01b56ad828be2?s=96&d=mm&r=g","url":"https:\/\/secure.gravatar.com\/avatar\/fe0f6a059fb68d9b3e11bc5850dd4899b1c7492091a3cb6dd9b01b56ad828be2?s=96&d=mm&r=g","contentUrl":"https:\/\/secure.gravatar.com\/avatar\/fe0f6a059fb68d9b3e11bc5850dd4899b1c7492091a3cb6dd9b01b56ad828be2?s=96&d=mm&r=g","caption":"Exaudi Redacci\u00f3n"},"description":"\u00bfQu\u00e9 es Exaudi News? Exaudi News es un medio de comunicaci\u00f3n cat\u00f3lico internacional que informa, forma y transforma, diariamente en espa\u00f1ol, ingl\u00e9s e italiano. A trav\u00e9s de noticias, art\u00edculos de an\u00e1lisis y transmisiones en directo de los eventos del Papa, Exaudi busca fortalecer la unidad de los cristianos y contribuir a la evangelizaci\u00f3n del mundo, siempre guiados por la doctrina social de la Iglesia. Trabajamos para acercar la verdad y los valores cristianos a cada rinc\u00f3n del planeta. \u00a1Ay\u00fadanos a transformar el mundo con Exaudi! En Exaudi creemos que la evangelizaci\u00f3n y la informaci\u00f3n de calidad pueden cambiar vidas. Para continuar con nuestra misi\u00f3n y expandir nuestro alcance, necesitamos tu ayuda. Adem\u00e1s, buscamos personas comprometidas que deseen unirse a nuestro equipo. Con tu apoyo, lograremos llegar a m\u00e1s personas, difundir el mensaje de Cristo y reforzar la unidad de los cristianos. \u00bfTe unes a nuestra misi\u00f3n? Para m\u00e1s informaci\u00f3n sobre c\u00f3mo colaborar, visita Exaudi.org\/es o cont\u00e1ctanos directamente: info@exaudi.org Exaudi: Informa, forma y transforma.","sameAs":["https:\/\/www.facebook.com\/ExaudiNoticias\/","https:\/\/www.instagram.com\/exaudi_noticias\/","https:\/\/x.com\/Exaudi_noticias","https:\/\/www.youtube.com\/@exaudicatholicnews"],"url":"https:\/\/exaudi.org\/es\/author\/redaccionexaudi\/"}]}},"jetpack_featured_media_url":"https:\/\/exaudi.org\/wp-content\/uploads\/2023\/10\/cq5dam.web_.800.800-5.jpeg","jetpack_shortlink":"https:\/\/wp.me\/pgKjF2-myE","_links":{"self":[{"href":"https:\/\/exaudi.org\/es\/wp-json\/wp\/v2\/posts\/86716","targetHints":{"allow":["GET"]}}],"collection":[{"href":"https:\/\/exaudi.org\/es\/wp-json\/wp\/v2\/posts"}],"about":[{"href":"https:\/\/exaudi.org\/es\/wp-json\/wp\/v2\/types\/post"}],"author":[{"embeddable":true,"href":"https:\/\/exaudi.org\/es\/wp-json\/wp\/v2\/users\/15"}],"replies":[{"embeddable":true,"href":"https:\/\/exaudi.org\/es\/wp-json\/wp\/v2\/comments?post=86716"}],"version-history":[{"count":0,"href":"https:\/\/exaudi.org\/es\/wp-json\/wp\/v2\/posts\/86716\/revisions"}],"wp:featuredmedia":[{"embeddable":true,"href":"https:\/\/exaudi.org\/es\/wp-json\/wp\/v2\/media\/86692"}],"wp:attachment":[{"href":"https:\/\/exaudi.org\/es\/wp-json\/wp\/v2\/media?parent=86716"}],"wp:term":[{"taxonomy":"category","embeddable":true,"href":"https:\/\/exaudi.org\/es\/wp-json\/wp\/v2\/categories?post=86716"},{"taxonomy":"post_tag","embeddable":true,"href":"https:\/\/exaudi.org\/es\/wp-json\/wp\/v2\/tags?post=86716"}],"curies":[{"name":"wp","href":"https:\/\/api.w.org\/{rel}","templated":true}]}}