{"id":86588,"date":"2023-10-27T10:50:02","date_gmt":"2023-10-27T08:50:02","guid":{"rendered":"https:\/\/exaudi.org\/?p=86588"},"modified":"2023-10-27T10:56:20","modified_gmt":"2023-10-27T08:56:20","slug":"obispos-de-la-ue-atencion-a-las-normas-que-atentan-contra-la-dignidad-humana","status":"publish","type":"post","link":"https:\/\/exaudi.org\/es\/obispos-de-la-ue-atencion-a-las-normas-que-atentan-contra-la-dignidad-humana\/","title":{"rendered":"Obispos de la UE: Atenci\u00f3n a las normas que atentan contra la dignidad humana"},"content":{"rendered":"<audio class=\"wp-audio-shortcode\" id=\"audio-86588-1\" preload=\"none\" style=\"width: 100%;\" controls=\"controls\"><source type=\"audio\/mpeg\" src=\"https:\/\/exaudi.org\/wp-content\/uploads\/2023\/10\/Obispos-UE.mp3?_=1\" \/><a href=\"https:\/\/exaudi.org\/wp-content\/uploads\/2023\/10\/Obispos-UE.mp3\">https:\/\/exaudi.org\/wp-content\/uploads\/2023\/10\/Obispos-UE.mp3<\/a><\/audio>\n<p>El objetivo del reglamento aprobado el pasado mes de septiembre por el Parlamento de la Uni\u00f3n Europea es garantizar un alto nivel de salud para los ciudadanos de la UE a trav\u00e9s de par\u00e1metros de calidad y seguridad de las sustancias de origen humano. \u00bb Conscientes de la gran importancia de las sustancias de origen humano para la atenci\u00f3n m\u00e9dica moderna de sus ciudadanos &#8211; reza el texto publicado por ComeceE con fecha 23 de octubre &#8211; la Uni\u00f3n Europea debe garantizar un suministro adecuado a trav\u00e9s de medidas de control y apoyo. Acogemos con satisfacci\u00f3n la necesidad general de este reglamento y su alineaci\u00f3n con el principio de donaci\u00f3n voluntaria y no remunerada de sustancias de origen humano, que se basa en el altruismo del donante y la solidaridad entre donante y receptor\u00bb.<\/p>\n<h3><strong>Algunas preocupaciones sobre el uso de embriones<\/strong><\/h3>\n<p>Sin embargo, los obispos de las Iglesias cat\u00f3licas de la Uni\u00f3n Europea expresan a continuaci\u00f3n en su nota su preocupaci\u00f3n \u00abpor algunos contenidos normativos esenciales de la propuesta de reglamento\u00bb, agrupando sus cr\u00edticas en tres puntos (A B C). El primer punto A se refiere a la definici\u00f3n de \u00abSoHo\u00bb contenida en el proyecto de reglamento, que es muy amplia. \u00abEn el art\u00edculo 3 n\u00ba 5, la definici\u00f3n no s\u00f3lo se refiere a las c\u00e9lulas germinales no fecundadas (espermatozoides, ovocitos y ovocitos degenerados) en el \u00e1mbito de la medicina reproductiva, sino que tambi\u00e9n incluye embriones y fetos. Esto puede ser relevante, por ejemplo, para la extracci\u00f3n y utilizaci\u00f3n de embriones y fetos fallecidos o matados, as\u00ed como para el uso alternativo de embriones sobrantes producidos in vitro\u00bb.<\/p>\n<h3><strong>El embri\u00f3n posee una dignidad humana independiente<\/strong><\/h3>\n<p>La segunda observaci\u00f3n es que, en virtud del Art. 3 n\u00ba 12,15 del Reglamento SoHO, el embri\u00f3n humano tambi\u00e9n puede considerarse un \u00abpreparado de SoHo\u00bb. El art. 3 n\u00ba 3 y 15 define el t\u00e9rmino \u00bb procesamiento \u00bb para incluir la fecundaci\u00f3n. \u00abEsto es \u00e9ticamente inaceptable\u00bb, afirman los obispos. \u00abEl embri\u00f3n humano no s\u00f3lo es una sustancia de origen humano, sino que est\u00e1 dotado de dignidad humana independiente. Sugerimos aclarar en el reglamento con certeza jur\u00eddica que ni los embriones ni los fetos ni el tejido fetal, independientemente de que hayan sido creados por concepci\u00f3n natural o por inseminaci\u00f3n artificial con fines reproductivos o de otro tipo, est\u00e1n cubiertos por el t\u00e9rmino &#8216;SoHO&#8217; o &#8216;preparaci\u00f3n de SoHO&#8217; y, por tanto, quedan excluidos del \u00e1mbito de aplicaci\u00f3n del reglamento\u00bb.<\/p>\n<h3><strong>El peligro de la selecci\u00f3n de la vida humana<\/strong><\/h3>\n<p>Volviendo al punto B, se se\u00f1ala que \u00abla concepci\u00f3n de la protecci\u00f3n de los receptores de SoHO y de la descendencia nacida de la procreaci\u00f3n m\u00e9dicamente asistida propuesta en el cap\u00edtulo VII del reglamento SoHO plantea otros interrogantes. Las instalaciones de SoHO estar\u00e1n obligadas, en virtud del art\u00edculo 58 del reglamento SoHO, a excluir la transmisi\u00f3n de enfermedades gen\u00e9ticas, entre otras, a los receptores o a la progenie. Esto s\u00f3lo ser\u00e1 posible mediante la realizaci\u00f3n de pruebas en embriones o fetos para detectar dichas enfermedades\u00bb. La Comisi\u00f3n de las Conferencias Episcopales de la Comunidad Europea advierte en el texto: \u00abVemos el peligro de una selecci\u00f3n de la vida humana que atentar\u00eda contra la dignidad humana. Adem\u00e1s, los Estados miembros han desarrollado m\u00faltiples y complejas legislaciones en virtud de las cuales se pueden llevar a cabo pruebas apropiadas en la descendencia. Vemos el peligro de una colisi\u00f3n entre la legislaci\u00f3n de la UE y la de los Estados miembros. Adem\u00e1s, es cuestionable c\u00f3mo se equilibrar\u00e1 la compatibilidad de una posible obligaci\u00f3n de pruebas gen\u00e9ticas con el derecho a la autodeterminaci\u00f3n del donante y el receptor\u00bb.<\/p>\n<h3><strong>Establecer la primac\u00eda nacional sobre las decisiones \u00e9ticas<\/strong><\/h3>\n<p>Por \u00faltimo, en relaci\u00f3n con el punto C, leemos: \u00abEl art\u00edculo 1 de la propuesta de Reglamento prev\u00e9 que los Estados miembros de la UE puedan establecer normas relativas a aspectos de la SoHO distintos de su calidad y seguridad y de la seguridad de los donantes de SoHO. Pero s\u00f3lo el art. 16 del<\/p>\n<p>Reglamento SoHO establece que el Reglamento no debe interferir con las decisiones \u00e9ticas tomadas por los Estados miembros.\u00bb \u00abSugerimos -escriben los obispos europeos- que la posibilidad de que los Estados miembros establezcan normas jur\u00eddicas diferentes basadas en decisiones \u00e9ticas se incluya en el texto operativo del reglamento, preferiblemente en el art\u00edculo 1, para que el reglamento de la UE no afecte a la legislaci\u00f3n nacional en estos casos\u00bb. Esto ser\u00e1 necesario -concluyen- para anclar la primac\u00eda nacional sobre las decisiones \u00e9ticas de una manera jur\u00eddicamente segura.<\/p>\n","protected":false},"excerpt":{"rendered":"<p>En su sesi\u00f3n plenaria del 12 de septiembre, el Parlamento Europeo aprob\u00f3 la propuesta de reglamento sobre los par\u00e1metros de calidad y seguridad de las sustancias de origen humano destinadas a ser aplicadas a los seres humanos. En una nota, Comece, la Comisi\u00f3n de las Conferencias Episcopales de la Comunidad Europea, expresa su opini\u00f3n al respecto, destacando algunos aspectos cr\u00edticos del texto<\/p>\n","protected":false},"author":15,"featured_media":86589,"comment_status":"closed","ping_status":"closed","sticky":false,"template":"","format":"standard","meta":{"_acf_changed":false,"_crdt_document":"","inline_featured_image":false,"footnotes":""},"categories":[74],"tags":[1901,728,10573,449,602,4953,10572,1313],"class_list":["post-86588","post","type-post","status-publish","format-standard","has-post-thumbnail","hentry","category-iglesia-y-mundo","tag-asamblea-plenaria","tag-bioetica","tag-comece-2","tag-iglesia-catolica","tag-obispos","tag-trending-es","tag-tutela","tag-vida"],"acf":[],"yoast_head":"<!-- This site is optimized with the Yoast SEO plugin v27.4 - https:\/\/yoast.com\/product\/yoast-seo-wordpress\/ -->\n<title>Obispos de la UE: Atenci\u00f3n a las normas que atentan contra la dignidad humana &#8211; Exaudi<\/title>\n<meta name=\"robots\" content=\"index, follow, max-snippet:-1, max-image-preview:large, max-video-preview:-1\" \/>\n<link rel=\"canonical\" href=\"https:\/\/exaudi.org\/es\/obispos-de-la-ue-atencion-a-las-normas-que-atentan-contra-la-dignidad-humana\/\" \/>\n<meta property=\"og:locale\" content=\"es_ES\" \/>\n<meta property=\"og:type\" content=\"article\" \/>\n<meta property=\"og:title\" content=\"Obispos de la UE: Atenci\u00f3n a las normas que atentan contra la dignidad humana &#8211; Exaudi\" \/>\n<meta property=\"og:description\" content=\"En su sesi\u00f3n plenaria del 12 de septiembre, el Parlamento Europeo aprob\u00f3 la propuesta de reglamento sobre los par\u00e1metros de calidad y seguridad de las sustancias de origen humano destinadas a ser aplicadas a los seres humanos. En una nota, Comece, la Comisi\u00f3n de las Conferencias Episcopales de la Comunidad Europea, expresa su opini\u00f3n al respecto, destacando algunos aspectos cr\u00edticos del texto\" \/>\n<meta property=\"og:url\" content=\"https:\/\/exaudi.org\/es\/obispos-de-la-ue-atencion-a-las-normas-que-atentan-contra-la-dignidad-humana\/\" \/>\n<meta property=\"og:site_name\" content=\"Exaudi\" \/>\n<meta property=\"article:publisher\" content=\"https:\/\/www.facebook.com\/ExaudiNews\" \/>\n<meta property=\"article:author\" content=\"https:\/\/www.facebook.com\/ExaudiNoticias\/\" \/>\n<meta property=\"article:published_time\" content=\"2023-10-27T08:50:02+00:00\" \/>\n<meta property=\"article:modified_time\" content=\"2023-10-27T08:56:20+00:00\" \/>\n<meta property=\"og:image\" content=\"https:\/\/exaudi.org\/wp-content\/uploads\/2023\/10\/cq5dam.thumbnail.cropped.750.422-1-13.jpeg\" \/>\n\t<meta property=\"og:image:width\" content=\"750\" \/>\n\t<meta property=\"og:image:height\" content=\"422\" \/>\n\t<meta property=\"og:image:type\" content=\"image\/jpeg\" \/>\n<meta name=\"author\" content=\"Exaudi Redacci\u00f3n\" \/>\n<meta name=\"twitter:card\" content=\"summary_large_image\" \/>\n<meta name=\"twitter:creator\" content=\"@Exaudi_noticias\" \/>\n<meta name=\"twitter:site\" content=\"@Exaudi_News\" \/>\n<meta name=\"twitter:label1\" content=\"Escrito por\" \/>\n\t<meta name=\"twitter:data1\" content=\"Exaudi Redacci\u00f3n\" \/>\n\t<meta name=\"twitter:label2\" content=\"Tiempo de lectura\" \/>\n\t<meta name=\"twitter:data2\" content=\"4 minutos\" \/>\n<script type=\"application\/ld+json\" class=\"yoast-schema-graph\">{\"@context\":\"https:\\\/\\\/schema.org\",\"@graph\":[{\"@type\":\"Article\",\"@id\":\"https:\\\/\\\/exaudi.org\\\/es\\\/obispos-de-la-ue-atencion-a-las-normas-que-atentan-contra-la-dignidad-humana\\\/#article\",\"isPartOf\":{\"@id\":\"https:\\\/\\\/exaudi.org\\\/es\\\/obispos-de-la-ue-atencion-a-las-normas-que-atentan-contra-la-dignidad-humana\\\/\"},\"author\":{\"name\":\"Exaudi Redacci\u00f3n\",\"@id\":\"https:\\\/\\\/exaudi.org\\\/#\\\/schema\\\/person\\\/f5fc8f063065e38742da7afe15f25df7\"},\"headline\":\"Obispos de la UE: Atenci\u00f3n a las normas que atentan contra la dignidad humana\",\"datePublished\":\"2023-10-27T08:50:02+00:00\",\"dateModified\":\"2023-10-27T08:56:20+00:00\",\"mainEntityOfPage\":{\"@id\":\"https:\\\/\\\/exaudi.org\\\/es\\\/obispos-de-la-ue-atencion-a-las-normas-que-atentan-contra-la-dignidad-humana\\\/\"},\"wordCount\":827,\"image\":{\"@id\":\"https:\\\/\\\/exaudi.org\\\/es\\\/obispos-de-la-ue-atencion-a-las-normas-que-atentan-contra-la-dignidad-humana\\\/#primaryimage\"},\"thumbnailUrl\":\"https:\\\/\\\/exaudi.org\\\/wp-content\\\/uploads\\\/2023\\\/10\\\/cq5dam.thumbnail.cropped.750.422-1-13.jpeg\",\"keywords\":[\"Asamblea Plenaria\",\"Bio\u00e9tica\",\"COMECE\",\"Iglesia cat\u00f3lica\",\"obispos\",\"Trending\",\"TUTELA\",\"Vida\"],\"articleSection\":[\"Iglesia y Mundo\"],\"inLanguage\":\"es\"},{\"@type\":\"WebPage\",\"@id\":\"https:\\\/\\\/exaudi.org\\\/es\\\/obispos-de-la-ue-atencion-a-las-normas-que-atentan-contra-la-dignidad-humana\\\/\",\"url\":\"https:\\\/\\\/exaudi.org\\\/es\\\/obispos-de-la-ue-atencion-a-las-normas-que-atentan-contra-la-dignidad-humana\\\/\",\"name\":\"Obispos de la UE: Atenci\u00f3n a las normas que atentan contra la dignidad humana &#8211; Exaudi\",\"isPartOf\":{\"@id\":\"https:\\\/\\\/exaudi.org\\\/#website\"},\"primaryImageOfPage\":{\"@id\":\"https:\\\/\\\/exaudi.org\\\/es\\\/obispos-de-la-ue-atencion-a-las-normas-que-atentan-contra-la-dignidad-humana\\\/#primaryimage\"},\"image\":{\"@id\":\"https:\\\/\\\/exaudi.org\\\/es\\\/obispos-de-la-ue-atencion-a-las-normas-que-atentan-contra-la-dignidad-humana\\\/#primaryimage\"},\"thumbnailUrl\":\"https:\\\/\\\/exaudi.org\\\/wp-content\\\/uploads\\\/2023\\\/10\\\/cq5dam.thumbnail.cropped.750.422-1-13.jpeg\",\"datePublished\":\"2023-10-27T08:50:02+00:00\",\"dateModified\":\"2023-10-27T08:56:20+00:00\",\"author\":{\"@id\":\"https:\\\/\\\/exaudi.org\\\/#\\\/schema\\\/person\\\/f5fc8f063065e38742da7afe15f25df7\"},\"breadcrumb\":{\"@id\":\"https:\\\/\\\/exaudi.org\\\/es\\\/obispos-de-la-ue-atencion-a-las-normas-que-atentan-contra-la-dignidad-humana\\\/#breadcrumb\"},\"inLanguage\":\"es\",\"potentialAction\":[{\"@type\":\"ReadAction\",\"target\":[\"https:\\\/\\\/exaudi.org\\\/es\\\/obispos-de-la-ue-atencion-a-las-normas-que-atentan-contra-la-dignidad-humana\\\/\"]}]},{\"@type\":\"ImageObject\",\"inLanguage\":\"es\",\"@id\":\"https:\\\/\\\/exaudi.org\\\/es\\\/obispos-de-la-ue-atencion-a-las-normas-que-atentan-contra-la-dignidad-humana\\\/#primaryimage\",\"url\":\"https:\\\/\\\/exaudi.org\\\/wp-content\\\/uploads\\\/2023\\\/10\\\/cq5dam.thumbnail.cropped.750.422-1-13.jpeg\",\"contentUrl\":\"https:\\\/\\\/exaudi.org\\\/wp-content\\\/uploads\\\/2023\\\/10\\\/cq5dam.thumbnail.cropped.750.422-1-13.jpeg\",\"width\":750,\"height\":422,\"caption\":\"La vida humana en estado embrionario (\u00a9unlimit3d - stock.adobe.com)\"},{\"@type\":\"BreadcrumbList\",\"@id\":\"https:\\\/\\\/exaudi.org\\\/es\\\/obispos-de-la-ue-atencion-a-las-normas-que-atentan-contra-la-dignidad-humana\\\/#breadcrumb\",\"itemListElement\":[{\"@type\":\"ListItem\",\"position\":1,\"name\":\"Portada\",\"item\":\"https:\\\/\\\/exaudi.org\\\/es\\\/\"},{\"@type\":\"ListItem\",\"position\":2,\"name\":\"Obispos de la UE: Atenci\u00f3n a las normas que atentan contra la dignidad humana\"}]},{\"@type\":\"WebSite\",\"@id\":\"https:\\\/\\\/exaudi.org\\\/#website\",\"url\":\"https:\\\/\\\/exaudi.org\\\/\",\"name\":\"Exaudi\",\"description\":\"News\",\"potentialAction\":[{\"@type\":\"SearchAction\",\"target\":{\"@type\":\"EntryPoint\",\"urlTemplate\":\"https:\\\/\\\/exaudi.org\\\/?s={search_term_string}\"},\"query-input\":{\"@type\":\"PropertyValueSpecification\",\"valueRequired\":true,\"valueName\":\"search_term_string\"}}],\"inLanguage\":\"es\"},{\"@type\":\"Person\",\"@id\":\"https:\\\/\\\/exaudi.org\\\/#\\\/schema\\\/person\\\/f5fc8f063065e38742da7afe15f25df7\",\"name\":\"Exaudi Redacci\u00f3n\",\"image\":{\"@type\":\"ImageObject\",\"inLanguage\":\"es\",\"@id\":\"https:\\\/\\\/secure.gravatar.com\\\/avatar\\\/fe0f6a059fb68d9b3e11bc5850dd4899b1c7492091a3cb6dd9b01b56ad828be2?s=96&d=mm&r=g\",\"url\":\"https:\\\/\\\/secure.gravatar.com\\\/avatar\\\/fe0f6a059fb68d9b3e11bc5850dd4899b1c7492091a3cb6dd9b01b56ad828be2?s=96&d=mm&r=g\",\"contentUrl\":\"https:\\\/\\\/secure.gravatar.com\\\/avatar\\\/fe0f6a059fb68d9b3e11bc5850dd4899b1c7492091a3cb6dd9b01b56ad828be2?s=96&d=mm&r=g\",\"caption\":\"Exaudi Redacci\u00f3n\"},\"description\":\"\u00bfQu\u00e9 es Exaudi News? Exaudi News es un medio de comunicaci\u00f3n cat\u00f3lico internacional que informa, forma y transforma, diariamente en espa\u00f1ol, ingl\u00e9s e italiano. A trav\u00e9s de noticias, art\u00edculos de an\u00e1lisis y transmisiones en directo de los eventos del Papa, Exaudi busca fortalecer la unidad de los cristianos y contribuir a la evangelizaci\u00f3n del mundo, siempre guiados por la doctrina social de la Iglesia. Trabajamos para acercar la verdad y los valores cristianos a cada rinc\u00f3n del planeta. \u00a1Ay\u00fadanos a transformar el mundo con Exaudi! En Exaudi creemos que la evangelizaci\u00f3n y la informaci\u00f3n de calidad pueden cambiar vidas. Para continuar con nuestra misi\u00f3n y expandir nuestro alcance, necesitamos tu ayuda. Adem\u00e1s, buscamos personas comprometidas que deseen unirse a nuestro equipo. Con tu apoyo, lograremos llegar a m\u00e1s personas, difundir el mensaje de Cristo y reforzar la unidad de los cristianos. \u00bfTe unes a nuestra misi\u00f3n? Para m\u00e1s informaci\u00f3n sobre c\u00f3mo colaborar, visita Exaudi.org\\\/es o cont\u00e1ctanos directamente: info@exaudi.org Exaudi: Informa, forma y transforma.\",\"sameAs\":[\"https:\\\/\\\/www.facebook.com\\\/ExaudiNoticias\\\/\",\"https:\\\/\\\/www.instagram.com\\\/exaudi_noticias\\\/\",\"https:\\\/\\\/x.com\\\/Exaudi_noticias\",\"https:\\\/\\\/www.youtube.com\\\/@exaudicatholicnews\"],\"url\":\"https:\\\/\\\/exaudi.org\\\/es\\\/author\\\/redaccionexaudi\\\/\"}]}<\/script>\n<!-- \/ Yoast SEO plugin. -->","yoast_head_json":{"title":"Obispos de la UE: Atenci\u00f3n a las normas que atentan contra la dignidad humana &#8211; Exaudi","robots":{"index":"index","follow":"follow","max-snippet":"max-snippet:-1","max-image-preview":"max-image-preview:large","max-video-preview":"max-video-preview:-1"},"canonical":"https:\/\/exaudi.org\/es\/obispos-de-la-ue-atencion-a-las-normas-que-atentan-contra-la-dignidad-humana\/","og_locale":"es_ES","og_type":"article","og_title":"Obispos de la UE: Atenci\u00f3n a las normas que atentan contra la dignidad humana &#8211; Exaudi","og_description":"En su sesi\u00f3n plenaria del 12 de septiembre, el Parlamento Europeo aprob\u00f3 la propuesta de reglamento sobre los par\u00e1metros de calidad y seguridad de las sustancias de origen humano destinadas a ser aplicadas a los seres humanos. En una nota, Comece, la Comisi\u00f3n de las Conferencias Episcopales de la Comunidad Europea, expresa su opini\u00f3n al respecto, destacando algunos aspectos cr\u00edticos del texto","og_url":"https:\/\/exaudi.org\/es\/obispos-de-la-ue-atencion-a-las-normas-que-atentan-contra-la-dignidad-humana\/","og_site_name":"Exaudi","article_publisher":"https:\/\/www.facebook.com\/ExaudiNews","article_author":"https:\/\/www.facebook.com\/ExaudiNoticias\/","article_published_time":"2023-10-27T08:50:02+00:00","article_modified_time":"2023-10-27T08:56:20+00:00","og_image":[{"width":750,"height":422,"url":"https:\/\/exaudi.org\/wp-content\/uploads\/2023\/10\/cq5dam.thumbnail.cropped.750.422-1-13.jpeg","type":"image\/jpeg"}],"author":"Exaudi Redacci\u00f3n","twitter_card":"summary_large_image","twitter_creator":"@Exaudi_noticias","twitter_site":"@Exaudi_News","twitter_misc":{"Escrito por":"Exaudi Redacci\u00f3n","Tiempo de lectura":"4 minutos"},"schema":{"@context":"https:\/\/schema.org","@graph":[{"@type":"Article","@id":"https:\/\/exaudi.org\/es\/obispos-de-la-ue-atencion-a-las-normas-que-atentan-contra-la-dignidad-humana\/#article","isPartOf":{"@id":"https:\/\/exaudi.org\/es\/obispos-de-la-ue-atencion-a-las-normas-que-atentan-contra-la-dignidad-humana\/"},"author":{"name":"Exaudi Redacci\u00f3n","@id":"https:\/\/exaudi.org\/#\/schema\/person\/f5fc8f063065e38742da7afe15f25df7"},"headline":"Obispos de la UE: Atenci\u00f3n a las normas que atentan contra la dignidad humana","datePublished":"2023-10-27T08:50:02+00:00","dateModified":"2023-10-27T08:56:20+00:00","mainEntityOfPage":{"@id":"https:\/\/exaudi.org\/es\/obispos-de-la-ue-atencion-a-las-normas-que-atentan-contra-la-dignidad-humana\/"},"wordCount":827,"image":{"@id":"https:\/\/exaudi.org\/es\/obispos-de-la-ue-atencion-a-las-normas-que-atentan-contra-la-dignidad-humana\/#primaryimage"},"thumbnailUrl":"https:\/\/exaudi.org\/wp-content\/uploads\/2023\/10\/cq5dam.thumbnail.cropped.750.422-1-13.jpeg","keywords":["Asamblea Plenaria","Bio\u00e9tica","COMECE","Iglesia cat\u00f3lica","obispos","Trending","TUTELA","Vida"],"articleSection":["Iglesia y Mundo"],"inLanguage":"es"},{"@type":"WebPage","@id":"https:\/\/exaudi.org\/es\/obispos-de-la-ue-atencion-a-las-normas-que-atentan-contra-la-dignidad-humana\/","url":"https:\/\/exaudi.org\/es\/obispos-de-la-ue-atencion-a-las-normas-que-atentan-contra-la-dignidad-humana\/","name":"Obispos de la UE: Atenci\u00f3n a las normas que atentan contra la dignidad humana &#8211; Exaudi","isPartOf":{"@id":"https:\/\/exaudi.org\/#website"},"primaryImageOfPage":{"@id":"https:\/\/exaudi.org\/es\/obispos-de-la-ue-atencion-a-las-normas-que-atentan-contra-la-dignidad-humana\/#primaryimage"},"image":{"@id":"https:\/\/exaudi.org\/es\/obispos-de-la-ue-atencion-a-las-normas-que-atentan-contra-la-dignidad-humana\/#primaryimage"},"thumbnailUrl":"https:\/\/exaudi.org\/wp-content\/uploads\/2023\/10\/cq5dam.thumbnail.cropped.750.422-1-13.jpeg","datePublished":"2023-10-27T08:50:02+00:00","dateModified":"2023-10-27T08:56:20+00:00","author":{"@id":"https:\/\/exaudi.org\/#\/schema\/person\/f5fc8f063065e38742da7afe15f25df7"},"breadcrumb":{"@id":"https:\/\/exaudi.org\/es\/obispos-de-la-ue-atencion-a-las-normas-que-atentan-contra-la-dignidad-humana\/#breadcrumb"},"inLanguage":"es","potentialAction":[{"@type":"ReadAction","target":["https:\/\/exaudi.org\/es\/obispos-de-la-ue-atencion-a-las-normas-que-atentan-contra-la-dignidad-humana\/"]}]},{"@type":"ImageObject","inLanguage":"es","@id":"https:\/\/exaudi.org\/es\/obispos-de-la-ue-atencion-a-las-normas-que-atentan-contra-la-dignidad-humana\/#primaryimage","url":"https:\/\/exaudi.org\/wp-content\/uploads\/2023\/10\/cq5dam.thumbnail.cropped.750.422-1-13.jpeg","contentUrl":"https:\/\/exaudi.org\/wp-content\/uploads\/2023\/10\/cq5dam.thumbnail.cropped.750.422-1-13.jpeg","width":750,"height":422,"caption":"La vida humana en estado embrionario (\u00a9unlimit3d - stock.adobe.com)"},{"@type":"BreadcrumbList","@id":"https:\/\/exaudi.org\/es\/obispos-de-la-ue-atencion-a-las-normas-que-atentan-contra-la-dignidad-humana\/#breadcrumb","itemListElement":[{"@type":"ListItem","position":1,"name":"Portada","item":"https:\/\/exaudi.org\/es\/"},{"@type":"ListItem","position":2,"name":"Obispos de la UE: Atenci\u00f3n a las normas que atentan contra la dignidad humana"}]},{"@type":"WebSite","@id":"https:\/\/exaudi.org\/#website","url":"https:\/\/exaudi.org\/","name":"Exaudi","description":"News","potentialAction":[{"@type":"SearchAction","target":{"@type":"EntryPoint","urlTemplate":"https:\/\/exaudi.org\/?s={search_term_string}"},"query-input":{"@type":"PropertyValueSpecification","valueRequired":true,"valueName":"search_term_string"}}],"inLanguage":"es"},{"@type":"Person","@id":"https:\/\/exaudi.org\/#\/schema\/person\/f5fc8f063065e38742da7afe15f25df7","name":"Exaudi Redacci\u00f3n","image":{"@type":"ImageObject","inLanguage":"es","@id":"https:\/\/secure.gravatar.com\/avatar\/fe0f6a059fb68d9b3e11bc5850dd4899b1c7492091a3cb6dd9b01b56ad828be2?s=96&d=mm&r=g","url":"https:\/\/secure.gravatar.com\/avatar\/fe0f6a059fb68d9b3e11bc5850dd4899b1c7492091a3cb6dd9b01b56ad828be2?s=96&d=mm&r=g","contentUrl":"https:\/\/secure.gravatar.com\/avatar\/fe0f6a059fb68d9b3e11bc5850dd4899b1c7492091a3cb6dd9b01b56ad828be2?s=96&d=mm&r=g","caption":"Exaudi Redacci\u00f3n"},"description":"\u00bfQu\u00e9 es Exaudi News? Exaudi News es un medio de comunicaci\u00f3n cat\u00f3lico internacional que informa, forma y transforma, diariamente en espa\u00f1ol, ingl\u00e9s e italiano. A trav\u00e9s de noticias, art\u00edculos de an\u00e1lisis y transmisiones en directo de los eventos del Papa, Exaudi busca fortalecer la unidad de los cristianos y contribuir a la evangelizaci\u00f3n del mundo, siempre guiados por la doctrina social de la Iglesia. Trabajamos para acercar la verdad y los valores cristianos a cada rinc\u00f3n del planeta. \u00a1Ay\u00fadanos a transformar el mundo con Exaudi! En Exaudi creemos que la evangelizaci\u00f3n y la informaci\u00f3n de calidad pueden cambiar vidas. Para continuar con nuestra misi\u00f3n y expandir nuestro alcance, necesitamos tu ayuda. Adem\u00e1s, buscamos personas comprometidas que deseen unirse a nuestro equipo. Con tu apoyo, lograremos llegar a m\u00e1s personas, difundir el mensaje de Cristo y reforzar la unidad de los cristianos. \u00bfTe unes a nuestra misi\u00f3n? Para m\u00e1s informaci\u00f3n sobre c\u00f3mo colaborar, visita Exaudi.org\/es o cont\u00e1ctanos directamente: info@exaudi.org Exaudi: Informa, forma y transforma.","sameAs":["https:\/\/www.facebook.com\/ExaudiNoticias\/","https:\/\/www.instagram.com\/exaudi_noticias\/","https:\/\/x.com\/Exaudi_noticias","https:\/\/www.youtube.com\/@exaudicatholicnews"],"url":"https:\/\/exaudi.org\/es\/author\/redaccionexaudi\/"}]}},"jetpack_featured_media_url":"https:\/\/exaudi.org\/wp-content\/uploads\/2023\/10\/cq5dam.thumbnail.cropped.750.422-1-13.jpeg","jetpack_shortlink":"https:\/\/wp.me\/pgKjF2-mwA","_links":{"self":[{"href":"https:\/\/exaudi.org\/es\/wp-json\/wp\/v2\/posts\/86588","targetHints":{"allow":["GET"]}}],"collection":[{"href":"https:\/\/exaudi.org\/es\/wp-json\/wp\/v2\/posts"}],"about":[{"href":"https:\/\/exaudi.org\/es\/wp-json\/wp\/v2\/types\/post"}],"author":[{"embeddable":true,"href":"https:\/\/exaudi.org\/es\/wp-json\/wp\/v2\/users\/15"}],"replies":[{"embeddable":true,"href":"https:\/\/exaudi.org\/es\/wp-json\/wp\/v2\/comments?post=86588"}],"version-history":[{"count":0,"href":"https:\/\/exaudi.org\/es\/wp-json\/wp\/v2\/posts\/86588\/revisions"}],"wp:featuredmedia":[{"embeddable":true,"href":"https:\/\/exaudi.org\/es\/wp-json\/wp\/v2\/media\/86589"}],"wp:attachment":[{"href":"https:\/\/exaudi.org\/es\/wp-json\/wp\/v2\/media?parent=86588"}],"wp:term":[{"taxonomy":"category","embeddable":true,"href":"https:\/\/exaudi.org\/es\/wp-json\/wp\/v2\/categories?post=86588"},{"taxonomy":"post_tag","embeddable":true,"href":"https:\/\/exaudi.org\/es\/wp-json\/wp\/v2\/tags?post=86588"}],"curies":[{"name":"wp","href":"https:\/\/api.w.org\/{rel}","templated":true}]}}