{"id":85915,"date":"2023-10-18T11:14:10","date_gmt":"2023-10-18T09:14:10","guid":{"rendered":"https:\/\/exaudi.org\/?p=85915"},"modified":"2023-10-18T11:16:13","modified_gmt":"2023-10-18T09:16:13","slug":"la-confianza-y-el-amor","status":"publish","type":"post","link":"https:\/\/exaudi.org\/es\/la-confianza-y-el-amor\/","title":{"rendered":"La confianza y el amor"},"content":{"rendered":"<audio class=\"wp-audio-shortcode\" id=\"audio-85915-1\" preload=\"none\" style=\"width: 100%;\" controls=\"controls\"><source type=\"audio\/mpeg\" src=\"https:\/\/exaudi.org\/wp-content\/uploads\/2023\/10\/La-confianza-del-amor.mp3?_=1\" \/><a href=\"https:\/\/exaudi.org\/wp-content\/uploads\/2023\/10\/La-confianza-del-amor.mp3\">https:\/\/exaudi.org\/wp-content\/uploads\/2023\/10\/La-confianza-del-amor.mp3<\/a><\/audio>\n<p>Francisco nos ha vuelto a sorprender. Apenas once d\u00edas despu\u00e9s de la publicaci\u00f3n de su Exhortaci\u00f3n Apost\u00f3lica <em>Laudate Deum<\/em> (4-X-2023), nos ofrece una nueva entrega, con la Exhortaci\u00f3n Apost\u00f3lica <em>C\u00b4est la confiance<\/em> (15-X-2023). Si la primera fue objeto de algunas cr\u00edticas, porque se consideraba que el tema no ata\u00f1e directamente a la revelaci\u00f3n y al magisterio -lo que no es del todo exacto-, y por sus escasas referencias teol\u00f3gicas y nulas espirituales, el nuevo texto, por contraste, est\u00e1 repleto de referencias espirituales y teol\u00f3gicas. Digamos que los dos escritos nos ofrecen una imagen balanceada de su magisterio.<\/p>\n<p>Si <em>Laudate Deum<\/em> est\u00e1 llena de tecnicismos especializados, que la pueden tornar un poco \u00e1rida de leer -aunque es muy breve-, <em>C\u00b4est la confiance<\/em>, por contraste, supone una deliciosa lectura, una p\u00e1gina excepcional del Magisterio, que entra de lleno en el acervo de la literatura espiritual cat\u00f3lica. El nuevo texto de Francisco, est\u00e1 cuajado de consideraciones espirituales, m\u00edsticas y sobrenaturales, lo que lo convierte en un documento indispensable de la literatura espiritual contempor\u00e1nea. Esta caracter\u00edstica otorga una originalidad particular a <em>C\u00b4est la confiance<\/em>, porque no es normal que los textos magisteriales tomen este cariz, de aut\u00e9ntica meditaci\u00f3n espiritual. Suelen ser m\u00e1s t\u00e9cnicos y teol\u00f3gicos, no propiamente espirituales. Quiz\u00e1 el \u00fanico texto del magisterio reciente de la Iglesia, con el que se le puede comparar es la <em>Carta de Benedicto XVI con la que convocaba al a\u00f1o sacerdotal<\/em>, con motivo de los 150 a\u00f1os de la muerte de san Juan Mar\u00eda Vianney, el Cura de Ars, fechada el 16 de junio del 2009. Ambos escritos resuman espiritualidad, y pueden tomarse como gu\u00eda para la vida espiritual del cristiano.<\/p>\n<p><em>C\u00b4est la confiance <\/em>nos permite asomarnos un poquito a la vida espiritual de Francisco, a sus fuentes espirituales y, de paso, nos ayuda a comprender algunas de sus ense\u00f1anzas medulares, como la necesidad de volver al <em>Kerigma<\/em> (n\u00facleo central de la revelaci\u00f3n cristiana), en este caso, de la mano de santa Teresita de Ni\u00f1o Jes\u00fas y de la Santa Faz. Por eso denomina a santa Teresita como la \u201cdoctora de la s\u00edntesis\u201d, pues nos conduce a lo verdaderamente medular de la fe: \u201cla belleza del amor salv\u00edfico de Dios manifestado en Jesucristo muerto y resucitado.\u201d Por eso Francisco, refiri\u00e9ndose a santa Teresita, afirma: \u201csu genialidad consiste en llevarnos al centro, a lo que es esencial, a lo que es indispensable.\u201d<\/p>\n<p>\u00bfY qu\u00e9 es lo esencial y lo indispensable en la vida del cristiano en particular y de la Iglesia en general? Podr\u00eda resumirse, a tenor de lo que ense\u00f1a el documento papal, en una palabra, con dos ideas. Lo central es Jes\u00fas. Jes\u00fas es el centro de la Iglesia y el centro de la vida espiritual del cristiano, cuando est\u00e1 bien planteada. Las dos ideas son: primero, la certeza del amor que Jes\u00fas tiene por mi y por cada uno de los seres humanos -santa Teresita pon\u00eda el \u00e9nfasis, por ejemplo, en el amor de Jes\u00fas por los ateos-. En segundo lugar, la otra idea madre es que lo esencial de la vida espiritual cat\u00f3lica es amar a Cristo, y por \u00c9l a todos los hombres. Primero es preciso caer en la cuenta, deslumbrados, del amor de Jesucristo por cada uno de nosotros, como somos realmente, con nuestras limitaciones y defectos. En segundo lugar, la s\u00edntesis y el sentido de toda la vida espiritual de la Iglesia, de toda forma concreta de culto o pr\u00e1cticas espirituales y asc\u00e9ticas, es el amor a Jesucristo, cuya piedra de toque es el amor al pr\u00f3jimo.<\/p>\n<p>Francisco, sin decirlo expresamente en el texto, nos recuerda as\u00ed que la labor m\u00e1s importante del cristiano y de la Iglesia es la oraci\u00f3n, precisamente por poner a santa Teresita como un modelo actual. La caracter\u00edstica fundamental de la oraci\u00f3n para la santa es la confianza. La confianza nos abre las puertas del amor de Dios.<\/p>\n<p>Lo parad\u00f3jico de la figura de la santa es que ha sido proclamada patrona de las misiones en la Iglesia por P\u00edo XI, cuando ella desarroll\u00f3 su vida dentro de los muros del convento de Lisieux y, paralelamente, san Juan Pablo II le dio el titulo de \u201cDoctora de la Iglesia\u201d, sin haber realizado estudios teol\u00f3gicos, ni tener publicaciones teol\u00f3gicas, sino exclusivamente espirituales. Su vida y su mensaje nos recuerdan la finalidad primordialmente espiritual de la Iglesia, la cual nos ayuda a comprender mejor su misterio sobrenatural: \u201cComprend\u00ed que la Iglesia ten\u00eda un coraz\u00f3n, y que ese coraz\u00f3n estaba ardiendo de amor. Comprend\u00ed que s\u00f3lo el amor pod\u00eda hacer actuar a los miembros de la Iglesia\u2026 Comprend\u00ed que el amor encerraba en s\u00ed todas las vocaciones, que el amor lo era todo\u2026 En una palabra, \u00a1que el amor es eterno!\u201d<\/p>\n","protected":false},"excerpt":{"rendered":"<p>Jes\u00fas es el centro de la Iglesia y el centro de la vida espiritual del cristiano<\/p>\n","protected":false},"author":116,"featured_media":85916,"comment_status":"closed","ping_status":"closed","sticky":false,"template":"","format":"standard","meta":{"_acf_changed":false,"_crdt_document":"","inline_featured_image":false,"footnotes":""},"categories":[130],"tags":[1761,10370,836,10251,158,4953],"class_list":["post-85915","post","type-post","status-publish","format-standard","has-post-thumbnail","hentry","category-voces","tag-amor","tag-cest-la-confiance","tag-confianza","tag-laudate-deum","tag-papa-francisco","tag-trending-es"],"acf":[],"yoast_head":"<!-- This site is optimized with the Yoast SEO plugin v27.5 - https:\/\/yoast.com\/product\/yoast-seo-wordpress\/ -->\n<title>La confianza y el amor &#8211; Exaudi<\/title>\n<meta name=\"robots\" content=\"index, follow, max-snippet:-1, max-image-preview:large, max-video-preview:-1\" \/>\n<link rel=\"canonical\" href=\"https:\/\/exaudi.org\/es\/la-confianza-y-el-amor\/\" \/>\n<meta property=\"og:locale\" content=\"es_ES\" \/>\n<meta property=\"og:type\" content=\"article\" \/>\n<meta property=\"og:title\" content=\"La confianza y el amor &#8211; Exaudi\" \/>\n<meta property=\"og:description\" content=\"Jes\u00fas es el centro de la Iglesia y el centro de la vida espiritual del cristiano\" \/>\n<meta property=\"og:url\" content=\"https:\/\/exaudi.org\/es\/la-confianza-y-el-amor\/\" \/>\n<meta property=\"og:site_name\" content=\"Exaudi\" \/>\n<meta property=\"article:publisher\" content=\"https:\/\/www.facebook.com\/ExaudiNews\" \/>\n<meta property=\"article:published_time\" content=\"2023-10-18T09:14:10+00:00\" \/>\n<meta property=\"article:modified_time\" content=\"2023-10-18T09:16:13+00:00\" \/>\n<meta property=\"og:image\" content=\"https:\/\/exaudi.org\/wp-content\/uploads\/2023\/10\/cq5dam.thumbnail.cropped.1500.844-7.jpeg\" \/>\n\t<meta property=\"og:image:width\" content=\"960\" \/>\n\t<meta property=\"og:image:height\" content=\"540\" \/>\n\t<meta property=\"og:image:type\" content=\"image\/jpeg\" \/>\n<meta name=\"author\" content=\"Salvador Fabre\" \/>\n<meta name=\"twitter:card\" content=\"summary_large_image\" \/>\n<meta name=\"twitter:creator\" content=\"@Exaudi_News\" \/>\n<meta name=\"twitter:site\" content=\"@Exaudi_News\" \/>\n<meta name=\"twitter:label1\" content=\"Escrito por\" \/>\n\t<meta name=\"twitter:data1\" content=\"Salvador Fabre\" \/>\n\t<meta name=\"twitter:label2\" content=\"Tiempo de lectura\" \/>\n\t<meta name=\"twitter:data2\" content=\"4 minutos\" \/>\n<script type=\"application\/ld+json\" class=\"yoast-schema-graph\">{\"@context\":\"https:\\\/\\\/schema.org\",\"@graph\":[{\"@type\":\"Article\",\"@id\":\"https:\\\/\\\/exaudi.org\\\/es\\\/la-confianza-y-el-amor\\\/#article\",\"isPartOf\":{\"@id\":\"https:\\\/\\\/exaudi.org\\\/es\\\/la-confianza-y-el-amor\\\/\"},\"author\":{\"name\":\"Salvador Fabre\",\"@id\":\"https:\\\/\\\/exaudi.org\\\/#\\\/schema\\\/person\\\/29b1dbd9f3952eecacfc704ca1a473a8\"},\"headline\":\"La confianza y el amor\",\"datePublished\":\"2023-10-18T09:14:10+00:00\",\"dateModified\":\"2023-10-18T09:16:13+00:00\",\"mainEntityOfPage\":{\"@id\":\"https:\\\/\\\/exaudi.org\\\/es\\\/la-confianza-y-el-amor\\\/\"},\"wordCount\":857,\"image\":{\"@id\":\"https:\\\/\\\/exaudi.org\\\/es\\\/la-confianza-y-el-amor\\\/#primaryimage\"},\"thumbnailUrl\":\"https:\\\/\\\/exaudi.org\\\/wp-content\\\/uploads\\\/2023\\\/10\\\/cq5dam.thumbnail.cropped.1500.844-7.jpeg\",\"keywords\":[\"Amor\",\"C\u2019est La Confiance\",\"Confianza\",\"Laudate Deum\",\"papa francisco\",\"Trending\"],\"articleSection\":[\"Voces\"],\"inLanguage\":\"es\"},{\"@type\":\"WebPage\",\"@id\":\"https:\\\/\\\/exaudi.org\\\/es\\\/la-confianza-y-el-amor\\\/\",\"url\":\"https:\\\/\\\/exaudi.org\\\/es\\\/la-confianza-y-el-amor\\\/\",\"name\":\"La confianza y el amor &#8211; Exaudi\",\"isPartOf\":{\"@id\":\"https:\\\/\\\/exaudi.org\\\/#website\"},\"primaryImageOfPage\":{\"@id\":\"https:\\\/\\\/exaudi.org\\\/es\\\/la-confianza-y-el-amor\\\/#primaryimage\"},\"image\":{\"@id\":\"https:\\\/\\\/exaudi.org\\\/es\\\/la-confianza-y-el-amor\\\/#primaryimage\"},\"thumbnailUrl\":\"https:\\\/\\\/exaudi.org\\\/wp-content\\\/uploads\\\/2023\\\/10\\\/cq5dam.thumbnail.cropped.1500.844-7.jpeg\",\"datePublished\":\"2023-10-18T09:14:10+00:00\",\"dateModified\":\"2023-10-18T09:16:13+00:00\",\"author\":{\"@id\":\"https:\\\/\\\/exaudi.org\\\/#\\\/schema\\\/person\\\/29b1dbd9f3952eecacfc704ca1a473a8\"},\"breadcrumb\":{\"@id\":\"https:\\\/\\\/exaudi.org\\\/es\\\/la-confianza-y-el-amor\\\/#breadcrumb\"},\"inLanguage\":\"es\",\"potentialAction\":[{\"@type\":\"ReadAction\",\"target\":[\"https:\\\/\\\/exaudi.org\\\/es\\\/la-confianza-y-el-amor\\\/\"]}]},{\"@type\":\"ImageObject\",\"inLanguage\":\"es\",\"@id\":\"https:\\\/\\\/exaudi.org\\\/es\\\/la-confianza-y-el-amor\\\/#primaryimage\",\"url\":\"https:\\\/\\\/exaudi.org\\\/wp-content\\\/uploads\\\/2023\\\/10\\\/cq5dam.thumbnail.cropped.1500.844-7.jpeg\",\"contentUrl\":\"https:\\\/\\\/exaudi.org\\\/wp-content\\\/uploads\\\/2023\\\/10\\\/cq5dam.thumbnail.cropped.1500.844-7.jpeg\",\"width\":960,\"height\":540},{\"@type\":\"BreadcrumbList\",\"@id\":\"https:\\\/\\\/exaudi.org\\\/es\\\/la-confianza-y-el-amor\\\/#breadcrumb\",\"itemListElement\":[{\"@type\":\"ListItem\",\"position\":1,\"name\":\"Portada\",\"item\":\"https:\\\/\\\/exaudi.org\\\/es\\\/\"},{\"@type\":\"ListItem\",\"position\":2,\"name\":\"La confianza y el amor\"}]},{\"@type\":\"WebSite\",\"@id\":\"https:\\\/\\\/exaudi.org\\\/#website\",\"url\":\"https:\\\/\\\/exaudi.org\\\/\",\"name\":\"Exaudi\",\"description\":\"News\",\"potentialAction\":[{\"@type\":\"SearchAction\",\"target\":{\"@type\":\"EntryPoint\",\"urlTemplate\":\"https:\\\/\\\/exaudi.org\\\/?s={search_term_string}\"},\"query-input\":{\"@type\":\"PropertyValueSpecification\",\"valueRequired\":true,\"valueName\":\"search_term_string\"}}],\"inLanguage\":\"es\"},{\"@type\":\"Person\",\"@id\":\"https:\\\/\\\/exaudi.org\\\/#\\\/schema\\\/person\\\/29b1dbd9f3952eecacfc704ca1a473a8\",\"name\":\"Salvador Fabre\",\"image\":{\"@type\":\"ImageObject\",\"inLanguage\":\"es\",\"@id\":\"https:\\\/\\\/secure.gravatar.com\\\/avatar\\\/8d1a5a78ba86b9a8255e1c5b454943b9168b1dc31a275487309b73b631a7ac5d?s=96&d=mm&r=g\",\"url\":\"https:\\\/\\\/secure.gravatar.com\\\/avatar\\\/8d1a5a78ba86b9a8255e1c5b454943b9168b1dc31a275487309b73b631a7ac5d?s=96&d=mm&r=g\",\"contentUrl\":\"https:\\\/\\\/secure.gravatar.com\\\/avatar\\\/8d1a5a78ba86b9a8255e1c5b454943b9168b1dc31a275487309b73b631a7ac5d?s=96&d=mm&r=g\",\"caption\":\"Salvador Fabre\"},\"description\":\"Doctor en filosof\u00eda - Pensar en Cristiano\",\"url\":\"https:\\\/\\\/exaudi.org\\\/es\\\/author\\\/dr-salvador-fabre\\\/\"}]}<\/script>\n<!-- \/ Yoast SEO plugin. -->","yoast_head_json":{"title":"La confianza y el amor &#8211; Exaudi","robots":{"index":"index","follow":"follow","max-snippet":"max-snippet:-1","max-image-preview":"max-image-preview:large","max-video-preview":"max-video-preview:-1"},"canonical":"https:\/\/exaudi.org\/es\/la-confianza-y-el-amor\/","og_locale":"es_ES","og_type":"article","og_title":"La confianza y el amor &#8211; Exaudi","og_description":"Jes\u00fas es el centro de la Iglesia y el centro de la vida espiritual del cristiano","og_url":"https:\/\/exaudi.org\/es\/la-confianza-y-el-amor\/","og_site_name":"Exaudi","article_publisher":"https:\/\/www.facebook.com\/ExaudiNews","article_published_time":"2023-10-18T09:14:10+00:00","article_modified_time":"2023-10-18T09:16:13+00:00","og_image":[{"width":960,"height":540,"url":"https:\/\/exaudi.org\/wp-content\/uploads\/2023\/10\/cq5dam.thumbnail.cropped.1500.844-7.jpeg","type":"image\/jpeg"}],"author":"Salvador Fabre","twitter_card":"summary_large_image","twitter_creator":"@Exaudi_News","twitter_site":"@Exaudi_News","twitter_misc":{"Escrito por":"Salvador Fabre","Tiempo de lectura":"4 minutos"},"schema":{"@context":"https:\/\/schema.org","@graph":[{"@type":"Article","@id":"https:\/\/exaudi.org\/es\/la-confianza-y-el-amor\/#article","isPartOf":{"@id":"https:\/\/exaudi.org\/es\/la-confianza-y-el-amor\/"},"author":{"name":"Salvador Fabre","@id":"https:\/\/exaudi.org\/#\/schema\/person\/29b1dbd9f3952eecacfc704ca1a473a8"},"headline":"La confianza y el amor","datePublished":"2023-10-18T09:14:10+00:00","dateModified":"2023-10-18T09:16:13+00:00","mainEntityOfPage":{"@id":"https:\/\/exaudi.org\/es\/la-confianza-y-el-amor\/"},"wordCount":857,"image":{"@id":"https:\/\/exaudi.org\/es\/la-confianza-y-el-amor\/#primaryimage"},"thumbnailUrl":"https:\/\/exaudi.org\/wp-content\/uploads\/2023\/10\/cq5dam.thumbnail.cropped.1500.844-7.jpeg","keywords":["Amor","C\u2019est La Confiance","Confianza","Laudate Deum","papa francisco","Trending"],"articleSection":["Voces"],"inLanguage":"es"},{"@type":"WebPage","@id":"https:\/\/exaudi.org\/es\/la-confianza-y-el-amor\/","url":"https:\/\/exaudi.org\/es\/la-confianza-y-el-amor\/","name":"La confianza y el amor &#8211; Exaudi","isPartOf":{"@id":"https:\/\/exaudi.org\/#website"},"primaryImageOfPage":{"@id":"https:\/\/exaudi.org\/es\/la-confianza-y-el-amor\/#primaryimage"},"image":{"@id":"https:\/\/exaudi.org\/es\/la-confianza-y-el-amor\/#primaryimage"},"thumbnailUrl":"https:\/\/exaudi.org\/wp-content\/uploads\/2023\/10\/cq5dam.thumbnail.cropped.1500.844-7.jpeg","datePublished":"2023-10-18T09:14:10+00:00","dateModified":"2023-10-18T09:16:13+00:00","author":{"@id":"https:\/\/exaudi.org\/#\/schema\/person\/29b1dbd9f3952eecacfc704ca1a473a8"},"breadcrumb":{"@id":"https:\/\/exaudi.org\/es\/la-confianza-y-el-amor\/#breadcrumb"},"inLanguage":"es","potentialAction":[{"@type":"ReadAction","target":["https:\/\/exaudi.org\/es\/la-confianza-y-el-amor\/"]}]},{"@type":"ImageObject","inLanguage":"es","@id":"https:\/\/exaudi.org\/es\/la-confianza-y-el-amor\/#primaryimage","url":"https:\/\/exaudi.org\/wp-content\/uploads\/2023\/10\/cq5dam.thumbnail.cropped.1500.844-7.jpeg","contentUrl":"https:\/\/exaudi.org\/wp-content\/uploads\/2023\/10\/cq5dam.thumbnail.cropped.1500.844-7.jpeg","width":960,"height":540},{"@type":"BreadcrumbList","@id":"https:\/\/exaudi.org\/es\/la-confianza-y-el-amor\/#breadcrumb","itemListElement":[{"@type":"ListItem","position":1,"name":"Portada","item":"https:\/\/exaudi.org\/es\/"},{"@type":"ListItem","position":2,"name":"La confianza y el amor"}]},{"@type":"WebSite","@id":"https:\/\/exaudi.org\/#website","url":"https:\/\/exaudi.org\/","name":"Exaudi","description":"News","potentialAction":[{"@type":"SearchAction","target":{"@type":"EntryPoint","urlTemplate":"https:\/\/exaudi.org\/?s={search_term_string}"},"query-input":{"@type":"PropertyValueSpecification","valueRequired":true,"valueName":"search_term_string"}}],"inLanguage":"es"},{"@type":"Person","@id":"https:\/\/exaudi.org\/#\/schema\/person\/29b1dbd9f3952eecacfc704ca1a473a8","name":"Salvador Fabre","image":{"@type":"ImageObject","inLanguage":"es","@id":"https:\/\/secure.gravatar.com\/avatar\/8d1a5a78ba86b9a8255e1c5b454943b9168b1dc31a275487309b73b631a7ac5d?s=96&d=mm&r=g","url":"https:\/\/secure.gravatar.com\/avatar\/8d1a5a78ba86b9a8255e1c5b454943b9168b1dc31a275487309b73b631a7ac5d?s=96&d=mm&r=g","contentUrl":"https:\/\/secure.gravatar.com\/avatar\/8d1a5a78ba86b9a8255e1c5b454943b9168b1dc31a275487309b73b631a7ac5d?s=96&d=mm&r=g","caption":"Salvador Fabre"},"description":"Doctor en filosof\u00eda - Pensar en Cristiano","url":"https:\/\/exaudi.org\/es\/author\/dr-salvador-fabre\/"}]}},"jetpack_featured_media_url":"https:\/\/exaudi.org\/wp-content\/uploads\/2023\/10\/cq5dam.thumbnail.cropped.1500.844-7.jpeg","jetpack_shortlink":"https:\/\/wp.me\/pgKjF2-mlJ","_links":{"self":[{"href":"https:\/\/exaudi.org\/es\/wp-json\/wp\/v2\/posts\/85915","targetHints":{"allow":["GET"]}}],"collection":[{"href":"https:\/\/exaudi.org\/es\/wp-json\/wp\/v2\/posts"}],"about":[{"href":"https:\/\/exaudi.org\/es\/wp-json\/wp\/v2\/types\/post"}],"author":[{"embeddable":true,"href":"https:\/\/exaudi.org\/es\/wp-json\/wp\/v2\/users\/116"}],"replies":[{"embeddable":true,"href":"https:\/\/exaudi.org\/es\/wp-json\/wp\/v2\/comments?post=85915"}],"version-history":[{"count":0,"href":"https:\/\/exaudi.org\/es\/wp-json\/wp\/v2\/posts\/85915\/revisions"}],"wp:featuredmedia":[{"embeddable":true,"href":"https:\/\/exaudi.org\/es\/wp-json\/wp\/v2\/media\/85916"}],"wp:attachment":[{"href":"https:\/\/exaudi.org\/es\/wp-json\/wp\/v2\/media?parent=85915"}],"wp:term":[{"taxonomy":"category","embeddable":true,"href":"https:\/\/exaudi.org\/es\/wp-json\/wp\/v2\/categories?post=85915"},{"taxonomy":"post_tag","embeddable":true,"href":"https:\/\/exaudi.org\/es\/wp-json\/wp\/v2\/tags?post=85915"}],"curies":[{"name":"wp","href":"https:\/\/api.w.org\/{rel}","templated":true}]}}