{"id":85833,"date":"2023-10-17T08:43:43","date_gmt":"2023-10-17T06:43:43","guid":{"rendered":"https:\/\/exaudi.org\/?p=85833"},"modified":"2023-10-17T08:49:04","modified_gmt":"2023-10-17T06:49:04","slug":"el-papa-para-superar-las-crisis-necesitamos-protagonistas-de-humanidad","status":"publish","type":"post","link":"https:\/\/exaudi.org\/es\/el-papa-para-superar-las-crisis-necesitamos-protagonistas-de-humanidad\/","title":{"rendered":"El Papa: Para superar las crisis necesitamos protagonistas de humanidad"},"content":{"rendered":"<audio class=\"wp-audio-shortcode\" id=\"audio-85833-1\" preload=\"none\" style=\"width: 100%;\" controls=\"controls\"><source type=\"audio\/mpeg\" src=\"https:\/\/exaudi.org\/wp-content\/uploads\/2023\/10\/El-Papa-Para-superar-las-crisis-necesitamos-protagonistas-de-humanidad.mp3?_=1\" \/><a href=\"https:\/\/exaudi.org\/wp-content\/uploads\/2023\/10\/El-Papa-Para-superar-las-crisis-necesitamos-protagonistas-de-humanidad.mp3\">https:\/\/exaudi.org\/wp-content\/uploads\/2023\/10\/El-Papa-Para-superar-las-crisis-necesitamos-protagonistas-de-humanidad.mp3<\/a><\/audio>\n<p>\u201cLa explotaci\u00f3n es uno de los or\u00edgenes de la guerra. El otro origen es de tipo geopol\u00edtico del dominio de territorio\u201d, indic\u00f3 el Papa Francisco en una entrevista a la agencia de noticias T\u00e9lam. En la que abord\u00f3 otros temas como la crisis y los falsos mes\u00edas, el trabajo, la inteligencia artificial, el s\u00ednodo y la esperanza.<\/p>\n<p>\u201cLa palabra crisis me gusta porque tiene movimiento interno. Pero de una crisis se sale para arriba, no se sale con enjuagues. Se sale para arriba y no se sale solo. Los que quieren salir solos convierten ese camino de salida en un laberinto, que siempre da vueltas y vueltas\u201d, dijo el Papa.<\/p>\n<p>Considerando tambi\u00e9n la importancia de ense\u00f1ar a los j\u00f3venes \u201ca resolver las crisis. Porque eso da madurez\u201d, y puedan advertir de los mesianismos: \u201cNinguno puede prometer la resoluci\u00f3n de conflictos, si no es a trav\u00e9s de las crisis saliendo hacia arriba. Y no solo\u201d.<\/p>\n<h3><strong><img loading=\"lazy\" decoding=\"async\" class=\"alignleft size-full wp-image-85840\" src=\"https:\/\/exaudi.org\/wp-content\/uploads\/2023\/10\/cq5dam.thumbnail.cropped.750.422-3-1.jpeg\" alt=\"\" width=\"750\" height=\"422\" srcset=\"https:\/\/exaudi.org\/wp-content\/uploads\/2023\/10\/cq5dam.thumbnail.cropped.750.422-3-1.jpeg 750w, https:\/\/exaudi.org\/wp-content\/uploads\/2023\/10\/cq5dam.thumbnail.cropped.750.422-3-1-300x169.jpeg 300w, https:\/\/exaudi.org\/wp-content\/uploads\/2023\/10\/cq5dam.thumbnail.cropped.750.422-3-1-500x281.jpeg 500w, https:\/\/exaudi.org\/wp-content\/uploads\/2023\/10\/cq5dam.thumbnail.cropped.750.422-3-1-293x165.jpeg 293w, https:\/\/exaudi.org\/wp-content\/uploads\/2023\/10\/cq5dam.thumbnail.cropped.750.422-3-1-390x219.jpeg 390w\" sizes=\"auto, (max-width: 750px) 100vw, 750px\" \/>La crisis de humanidad<\/strong><\/h3>\n<p>La periodista de\u00a0<a href=\"https:\/\/www.telam.com.ar\/notas\/202310\/643280-papa-francisco-guerra-dialogo-crisis-mesianismo-esperanza.html\" target=\"_blank\" rel=\"external nofollow noopener\">T\u00e9lam<\/a>, Bernarda Llorente, le consult\u00f3 al Papa: \u00bfQu\u00e9 le est\u00e1 faltando a la humanidad y qu\u00e9 le est\u00e1 sobrando? Respondiendo Francisco a la necesidad de impulsar \u201clos verdaderos valores\u201d:<\/p>\n<div>\n<div class=\"article__embed article__embed--border embed_style\">\n<blockquote><p>\u201cA la humanidad le falta protagonistas de humanidad, que haga ver su protagonismo humano. A veces noto que falta esa capacidad de gestionar las crisis y de hacer aflorar la propia cultura. No tengamos miedo a que salgan los verdaderos valores de un pa\u00eds. Las crisis son como voces que nos se\u00f1alan d\u00f3nde hay que proceder\u201d<\/p><\/blockquote>\n<\/div>\n<\/div>\n<p>Advirtiendo adem\u00e1s que \u201cel pensamiento \u00fanico destierra la riqueza humana. Y la riqueza humana tiene que contemplar tres realidades, tres lenguajes: de la cabeza, del coraz\u00f3n y de las manos. De tal manera que uno piense lo que sienta y lo que hace, sienta lo que piensa y lo que hace y haga lo que piensa y sienta. Esa es la armon\u00eda humana. Si a uno le falta alguno de estos tres lenguajes, hay un desequilibrio tal que lo lleva al sentimiento \u00fanico, al pragmatismo \u00fanico o al pensamiento \u00fanico. Son traiciones a la humanidad\u201d.<\/p>\n<h3><strong>La dignidad del Trabajo<\/strong><\/h3>\n<p>Sobre el tema del trabajo el Pont\u00edfice record\u00f3 la dignidad del trabajo y el grave pecado de la explotaci\u00f3n: \u201clo que te unge digno es el trabajo. Ahora, la traici\u00f3n m\u00e1s grande a este camino de dignidad es la explotaci\u00f3n. No de la tierra para que produzca m\u00e1s, sino la explotaci\u00f3n del trabajador. Explotar a la gente es uno de los pecados m\u00e1s graves. Y explotarla para provecho propio\u201d.<\/p>\n<p>Asimismo, resalt\u00f3 la necesidad de los derechos de los trabajadores, para que no se conviertan en esclavos: \u201cCuando un trabajador no tiene derechos o se lo contrata por poco tiempo para ir cambi\u00e1ndolos y no pagar aportes, se lo convierte en esclavo y uno se transforma en verdugo\u201d, dijo.<\/p>\n<p>Francisco lament\u00f3 que algunos lo llamen dictador cuando escuchan sobre sus enc\u00edclicas sociales: \u201cNo es as\u00ed. El Papa agarra el Evangelio y dice lo que dice el Evangelio. Ya en el Antiguo Testamento, el derecho hebreo ped\u00eda que se cuidara a la viuda, al hu\u00e9rfano y al extranjero. Si una sociedad cumple estas tres cosas anda fen\u00f3meno\u201d.<\/p>\n<p>\u201cY aclaro que no soy comunista como dicen algunos. El Papa sigue el Evangelio\u201d, reiter\u00f3 Francisco.<\/p>\n<h3><strong>El se\u00f1or\u00edo de la persona sobre la tecnolog\u00eda<\/strong><\/h3>\n<p>Tambi\u00e9n fue consultado sobre los avances de la tecnolog\u00eda y sus implicaciones.: \u201cLa pauta de un progreso cultural, entre ellos la inteligencia artificial, es la capacidad que tenga el hombre y la mujer de manejarlo, asimilarlo y regirlo. O sea, el hombre y la mujer son se\u00f1ores de la Creaci\u00f3n, y en eso no hay que claudicar. El se\u00f1or\u00edo de la persona sobre cualquier cosa. El cambio cient\u00edfico serio es progreso. Hay que estar abierto a eso\u201d, respondi\u00f3 el Papa.<\/p>\n<h3><strong><img loading=\"lazy\" decoding=\"async\" class=\"size-full wp-image-85837 alignright\" src=\"https:\/\/exaudi.org\/wp-content\/uploads\/2023\/10\/cq5dam.thumbnail.cropped.750.422-2-3.jpeg\" alt=\"\" width=\"750\" height=\"422\" srcset=\"https:\/\/exaudi.org\/wp-content\/uploads\/2023\/10\/cq5dam.thumbnail.cropped.750.422-2-3.jpeg 750w, https:\/\/exaudi.org\/wp-content\/uploads\/2023\/10\/cq5dam.thumbnail.cropped.750.422-2-3-300x169.jpeg 300w, https:\/\/exaudi.org\/wp-content\/uploads\/2023\/10\/cq5dam.thumbnail.cropped.750.422-2-3-500x281.jpeg 500w, https:\/\/exaudi.org\/wp-content\/uploads\/2023\/10\/cq5dam.thumbnail.cropped.750.422-2-3-293x165.jpeg 293w, https:\/\/exaudi.org\/wp-content\/uploads\/2023\/10\/cq5dam.thumbnail.cropped.750.422-2-3-390x219.jpeg 390w\" sizes=\"auto, (max-width: 750px) 100vw, 750px\" \/>La seguridad universal<\/strong><\/h3>\n<p>Y retomando el tema de la guerra, hizo un llamado a la seguridad universal a trav\u00e9s del di\u00e1logo: \u201cUno no puede hablar de una seguridad social si no hay una seguridad universal, o que est\u00e9 en proceso de universalizarse. Creo que el di\u00e1logo no puede ser solo nacionalista, es universal, sobre todo hoy d\u00eda con todas las facilidades que hay para comunicarse. Por eso hablo de di\u00e1logo universal, de armon\u00eda universal, de encuentro universal. Y claro, el enemigo de esto es la guerra\u201d.<\/p>\n<p>El Papa Francisco considera que \u201cla explotaci\u00f3n\u201d y \u201cel dominio de los territorios\u201d son los or\u00edgenes de las guerras \u201cfomentadas por dictaduras\u201d.<\/p>\n<p>Para la construcci\u00f3n de la paz y el bien com\u00fan el Santo Padre exhorta a \u201cque se tenga conciencia de la propia identidad. Uno no puede dialogar con otro si no tiene conciencia desde d\u00f3nde. Cuando dos identidades conscientes se encuentran, pueden dialogar y dar pasos hacia un acuerdo, al progreso, al caminar juntos\u201d.<\/p>\n<h3><b>La Iglesia en armon\u00eda<\/b><\/h3>\n<p>Sobre el desarrollo del S\u00ednodo, y consultado en esta entrevista sobre \u00bfqu\u00e9 Iglesia se necesita para estos tiempos? El Pont\u00edfice evoc\u00f3: \u201cdesde los inicios del Concilio Vaticano II, Juan XXIII tuvo una percepci\u00f3n muy clara: la Iglesia ten\u00eda que cambiar. Pablo VI coincidi\u00f3 y continu\u00f3, al igual que los Papas que los sucedieron. No se trata solamente de cambiar de moda, se trata de un cambio de crecimiento y en favor de la dignidad de las personas. Y ah\u00ed est\u00e1 la progresi\u00f3n teol\u00f3gica, de la teolog\u00eda moral y todas las ciencias eclesi\u00e1sticas, incluso la interpretaci\u00f3n de las escrituras, que han ido progresando de acuerdo al sentir de la Iglesia. Siempre en armon\u00eda\u201d.<\/p>\n<h3><strong>La esperanza, un saz\u00f3n cotidiana<\/strong><\/h3>\n<p>La entrevista contin\u00faa abordando los temas personales como la relaci\u00f3n con Dios: \u201cel Se\u00f1or es un buen amigo, me trata bien\u201d; y sobre la capacidad de re\u00edr: \u201cel sentido del humor humaniza\u201d. Y la importancia de la virtud de la esperanza:<\/p>\n<p>\u201cNo podemos vivir sin esperanza. Si cort\u00e1ramos las peque\u00f1as esperanzas de cada d\u00eda, perder\u00edamos la identidad. No nos damos cuenta que vivimos de esperanzas. Y la esperanza teologal es muy humilde pero es la que sazona los condimentos cotidianos\u201d.<\/p>\n<p>Sobre sus viajes apost\u00f3licos, mencion\u00f3 que le gustar\u00eda ir a Argentina. \u201cHablando de los m\u00e1s lejos, me queda Pap\u00faa Nueva Guinea\u201d, dijo.<\/p>\n<p><a href=\"https:\/\/www.youtube.com\/watch?v=bRe4u9U8f_c\" rel=\"nofollow\">https:\/\/www.youtube.com\/watch?v=bRe4u9U8f_c<\/a><\/p>\n","protected":false},"excerpt":{"rendered":"<p>\u201cNo tengamos miedo a que salgan los verdaderos valores de un pa\u00eds\u201d, manifest\u00f3 el Santo Padre en una entrevista a la agencia argentina T\u00e9lam. Afrontando diversos temas, como la crisis y los falsos mesianismos, la guerra, el s\u00ednodo, y la virtud de la esperanza.<\/p>\n","protected":false},"author":15,"featured_media":85834,"comment_status":"closed","ping_status":"closed","sticky":false,"template":"","format":"standard","meta":{"_acf_changed":false,"_crdt_document":"","inline_featured_image":false,"footnotes":""},"categories":[68],"tags":[1550,393,2419,3834,158,625,634,2008],"class_list":["post-85833","post","type-post","status-publish","format-standard","has-post-thumbnail","hentry","category-leon-xiv","tag-argentina","tag-entrevista","tag-featured","tag-guerra-es","tag-papa-francisco","tag-paz","tag-politica","tag-trabajo"],"acf":[],"yoast_head":"<!-- This site is optimized with the Yoast SEO plugin v27.4 - https:\/\/yoast.com\/product\/yoast-seo-wordpress\/ -->\n<title>El Papa: Para superar las crisis necesitamos protagonistas de humanidad &#8211; Exaudi<\/title>\n<meta name=\"robots\" content=\"index, follow, max-snippet:-1, max-image-preview:large, max-video-preview:-1\" \/>\n<link rel=\"canonical\" href=\"https:\/\/exaudi.org\/es\/el-papa-para-superar-las-crisis-necesitamos-protagonistas-de-humanidad\/\" \/>\n<meta property=\"og:locale\" content=\"es_ES\" \/>\n<meta property=\"og:type\" content=\"article\" \/>\n<meta property=\"og:title\" content=\"El Papa: Para superar las crisis necesitamos protagonistas de humanidad &#8211; Exaudi\" \/>\n<meta property=\"og:description\" content=\"\u201cNo tengamos miedo a que salgan los verdaderos valores de un pa\u00eds\u201d, manifest\u00f3 el Santo Padre en una entrevista a la agencia argentina T\u00e9lam. Afrontando diversos temas, como la crisis y los falsos mesianismos, la guerra, el s\u00ednodo, y la virtud de la esperanza.\" \/>\n<meta property=\"og:url\" content=\"https:\/\/exaudi.org\/es\/el-papa-para-superar-las-crisis-necesitamos-protagonistas-de-humanidad\/\" \/>\n<meta property=\"og:site_name\" content=\"Exaudi\" \/>\n<meta property=\"article:publisher\" content=\"https:\/\/www.facebook.com\/ExaudiNews\" \/>\n<meta property=\"article:author\" content=\"https:\/\/www.facebook.com\/ExaudiNoticias\/\" \/>\n<meta property=\"article:published_time\" content=\"2023-10-17T06:43:43+00:00\" \/>\n<meta property=\"article:modified_time\" content=\"2023-10-17T06:49:04+00:00\" \/>\n<meta property=\"og:image\" content=\"https:\/\/exaudi.org\/wp-content\/uploads\/2023\/10\/cq5dam.thumbnail.cropped.750.422-1-9.jpeg\" \/>\n\t<meta property=\"og:image:width\" content=\"750\" \/>\n\t<meta property=\"og:image:height\" content=\"422\" \/>\n\t<meta property=\"og:image:type\" content=\"image\/jpeg\" \/>\n<meta name=\"author\" content=\"Exaudi Redacci\u00f3n\" \/>\n<meta name=\"twitter:card\" content=\"summary_large_image\" \/>\n<meta name=\"twitter:creator\" content=\"@Exaudi_noticias\" \/>\n<meta name=\"twitter:site\" content=\"@Exaudi_News\" \/>\n<meta name=\"twitter:label1\" content=\"Escrito por\" \/>\n\t<meta name=\"twitter:data1\" content=\"Exaudi Redacci\u00f3n\" \/>\n\t<meta name=\"twitter:label2\" content=\"Tiempo de lectura\" \/>\n\t<meta name=\"twitter:data2\" content=\"6 minutos\" \/>\n<script type=\"application\/ld+json\" class=\"yoast-schema-graph\">{\"@context\":\"https:\\\/\\\/schema.org\",\"@graph\":[{\"@type\":\"Article\",\"@id\":\"https:\\\/\\\/exaudi.org\\\/es\\\/el-papa-para-superar-las-crisis-necesitamos-protagonistas-de-humanidad\\\/#article\",\"isPartOf\":{\"@id\":\"https:\\\/\\\/exaudi.org\\\/es\\\/el-papa-para-superar-las-crisis-necesitamos-protagonistas-de-humanidad\\\/\"},\"author\":{\"name\":\"Exaudi Redacci\u00f3n\",\"@id\":\"https:\\\/\\\/exaudi.org\\\/#\\\/schema\\\/person\\\/f5fc8f063065e38742da7afe15f25df7\"},\"headline\":\"El Papa: Para superar las crisis necesitamos protagonistas de humanidad\",\"datePublished\":\"2023-10-17T06:43:43+00:00\",\"dateModified\":\"2023-10-17T06:49:04+00:00\",\"mainEntityOfPage\":{\"@id\":\"https:\\\/\\\/exaudi.org\\\/es\\\/el-papa-para-superar-las-crisis-necesitamos-protagonistas-de-humanidad\\\/\"},\"wordCount\":1116,\"image\":{\"@id\":\"https:\\\/\\\/exaudi.org\\\/es\\\/el-papa-para-superar-las-crisis-necesitamos-protagonistas-de-humanidad\\\/#primaryimage\"},\"thumbnailUrl\":\"https:\\\/\\\/exaudi.org\\\/wp-content\\\/uploads\\\/2023\\\/10\\\/cq5dam.thumbnail.cropped.750.422-1-9.jpeg\",\"keywords\":[\"Argentina\",\"Entrevista\",\"Featured\",\"guerra\",\"papa francisco\",\"Paz\",\"Pol\u00edtica\",\"Trabajo\"],\"articleSection\":[\"Le\u00f3n XIV\"],\"inLanguage\":\"es\"},{\"@type\":\"WebPage\",\"@id\":\"https:\\\/\\\/exaudi.org\\\/es\\\/el-papa-para-superar-las-crisis-necesitamos-protagonistas-de-humanidad\\\/\",\"url\":\"https:\\\/\\\/exaudi.org\\\/es\\\/el-papa-para-superar-las-crisis-necesitamos-protagonistas-de-humanidad\\\/\",\"name\":\"El Papa: Para superar las crisis necesitamos protagonistas de humanidad &#8211; Exaudi\",\"isPartOf\":{\"@id\":\"https:\\\/\\\/exaudi.org\\\/#website\"},\"primaryImageOfPage\":{\"@id\":\"https:\\\/\\\/exaudi.org\\\/es\\\/el-papa-para-superar-las-crisis-necesitamos-protagonistas-de-humanidad\\\/#primaryimage\"},\"image\":{\"@id\":\"https:\\\/\\\/exaudi.org\\\/es\\\/el-papa-para-superar-las-crisis-necesitamos-protagonistas-de-humanidad\\\/#primaryimage\"},\"thumbnailUrl\":\"https:\\\/\\\/exaudi.org\\\/wp-content\\\/uploads\\\/2023\\\/10\\\/cq5dam.thumbnail.cropped.750.422-1-9.jpeg\",\"datePublished\":\"2023-10-17T06:43:43+00:00\",\"dateModified\":\"2023-10-17T06:49:04+00:00\",\"author\":{\"@id\":\"https:\\\/\\\/exaudi.org\\\/#\\\/schema\\\/person\\\/f5fc8f063065e38742da7afe15f25df7\"},\"breadcrumb\":{\"@id\":\"https:\\\/\\\/exaudi.org\\\/es\\\/el-papa-para-superar-las-crisis-necesitamos-protagonistas-de-humanidad\\\/#breadcrumb\"},\"inLanguage\":\"es\",\"potentialAction\":[{\"@type\":\"ReadAction\",\"target\":[\"https:\\\/\\\/exaudi.org\\\/es\\\/el-papa-para-superar-las-crisis-necesitamos-protagonistas-de-humanidad\\\/\"]}]},{\"@type\":\"ImageObject\",\"inLanguage\":\"es\",\"@id\":\"https:\\\/\\\/exaudi.org\\\/es\\\/el-papa-para-superar-las-crisis-necesitamos-protagonistas-de-humanidad\\\/#primaryimage\",\"url\":\"https:\\\/\\\/exaudi.org\\\/wp-content\\\/uploads\\\/2023\\\/10\\\/cq5dam.thumbnail.cropped.750.422-1-9.jpeg\",\"contentUrl\":\"https:\\\/\\\/exaudi.org\\\/wp-content\\\/uploads\\\/2023\\\/10\\\/cq5dam.thumbnail.cropped.750.422-1-9.jpeg\",\"width\":750,\"height\":422},{\"@type\":\"BreadcrumbList\",\"@id\":\"https:\\\/\\\/exaudi.org\\\/es\\\/el-papa-para-superar-las-crisis-necesitamos-protagonistas-de-humanidad\\\/#breadcrumb\",\"itemListElement\":[{\"@type\":\"ListItem\",\"position\":1,\"name\":\"Portada\",\"item\":\"https:\\\/\\\/exaudi.org\\\/es\\\/\"},{\"@type\":\"ListItem\",\"position\":2,\"name\":\"El Papa: Para superar las crisis necesitamos protagonistas de humanidad\"}]},{\"@type\":\"WebSite\",\"@id\":\"https:\\\/\\\/exaudi.org\\\/#website\",\"url\":\"https:\\\/\\\/exaudi.org\\\/\",\"name\":\"Exaudi\",\"description\":\"News\",\"potentialAction\":[{\"@type\":\"SearchAction\",\"target\":{\"@type\":\"EntryPoint\",\"urlTemplate\":\"https:\\\/\\\/exaudi.org\\\/?s={search_term_string}\"},\"query-input\":{\"@type\":\"PropertyValueSpecification\",\"valueRequired\":true,\"valueName\":\"search_term_string\"}}],\"inLanguage\":\"es\"},{\"@type\":\"Person\",\"@id\":\"https:\\\/\\\/exaudi.org\\\/#\\\/schema\\\/person\\\/f5fc8f063065e38742da7afe15f25df7\",\"name\":\"Exaudi Redacci\u00f3n\",\"image\":{\"@type\":\"ImageObject\",\"inLanguage\":\"es\",\"@id\":\"https:\\\/\\\/secure.gravatar.com\\\/avatar\\\/fe0f6a059fb68d9b3e11bc5850dd4899b1c7492091a3cb6dd9b01b56ad828be2?s=96&d=mm&r=g\",\"url\":\"https:\\\/\\\/secure.gravatar.com\\\/avatar\\\/fe0f6a059fb68d9b3e11bc5850dd4899b1c7492091a3cb6dd9b01b56ad828be2?s=96&d=mm&r=g\",\"contentUrl\":\"https:\\\/\\\/secure.gravatar.com\\\/avatar\\\/fe0f6a059fb68d9b3e11bc5850dd4899b1c7492091a3cb6dd9b01b56ad828be2?s=96&d=mm&r=g\",\"caption\":\"Exaudi Redacci\u00f3n\"},\"description\":\"\u00bfQu\u00e9 es Exaudi News? Exaudi News es un medio de comunicaci\u00f3n cat\u00f3lico internacional que informa, forma y transforma, diariamente en espa\u00f1ol, ingl\u00e9s e italiano. A trav\u00e9s de noticias, art\u00edculos de an\u00e1lisis y transmisiones en directo de los eventos del Papa, Exaudi busca fortalecer la unidad de los cristianos y contribuir a la evangelizaci\u00f3n del mundo, siempre guiados por la doctrina social de la Iglesia. Trabajamos para acercar la verdad y los valores cristianos a cada rinc\u00f3n del planeta. \u00a1Ay\u00fadanos a transformar el mundo con Exaudi! En Exaudi creemos que la evangelizaci\u00f3n y la informaci\u00f3n de calidad pueden cambiar vidas. Para continuar con nuestra misi\u00f3n y expandir nuestro alcance, necesitamos tu ayuda. Adem\u00e1s, buscamos personas comprometidas que deseen unirse a nuestro equipo. Con tu apoyo, lograremos llegar a m\u00e1s personas, difundir el mensaje de Cristo y reforzar la unidad de los cristianos. \u00bfTe unes a nuestra misi\u00f3n? Para m\u00e1s informaci\u00f3n sobre c\u00f3mo colaborar, visita Exaudi.org\\\/es o cont\u00e1ctanos directamente: info@exaudi.org Exaudi: Informa, forma y transforma.\",\"sameAs\":[\"https:\\\/\\\/www.facebook.com\\\/ExaudiNoticias\\\/\",\"https:\\\/\\\/www.instagram.com\\\/exaudi_noticias\\\/\",\"https:\\\/\\\/x.com\\\/Exaudi_noticias\",\"https:\\\/\\\/www.youtube.com\\\/@exaudicatholicnews\"],\"url\":\"https:\\\/\\\/exaudi.org\\\/es\\\/author\\\/redaccionexaudi\\\/\"}]}<\/script>\n<!-- \/ Yoast SEO plugin. -->","yoast_head_json":{"title":"El Papa: Para superar las crisis necesitamos protagonistas de humanidad &#8211; Exaudi","robots":{"index":"index","follow":"follow","max-snippet":"max-snippet:-1","max-image-preview":"max-image-preview:large","max-video-preview":"max-video-preview:-1"},"canonical":"https:\/\/exaudi.org\/es\/el-papa-para-superar-las-crisis-necesitamos-protagonistas-de-humanidad\/","og_locale":"es_ES","og_type":"article","og_title":"El Papa: Para superar las crisis necesitamos protagonistas de humanidad &#8211; Exaudi","og_description":"\u201cNo tengamos miedo a que salgan los verdaderos valores de un pa\u00eds\u201d, manifest\u00f3 el Santo Padre en una entrevista a la agencia argentina T\u00e9lam. Afrontando diversos temas, como la crisis y los falsos mesianismos, la guerra, el s\u00ednodo, y la virtud de la esperanza.","og_url":"https:\/\/exaudi.org\/es\/el-papa-para-superar-las-crisis-necesitamos-protagonistas-de-humanidad\/","og_site_name":"Exaudi","article_publisher":"https:\/\/www.facebook.com\/ExaudiNews","article_author":"https:\/\/www.facebook.com\/ExaudiNoticias\/","article_published_time":"2023-10-17T06:43:43+00:00","article_modified_time":"2023-10-17T06:49:04+00:00","og_image":[{"width":750,"height":422,"url":"https:\/\/exaudi.org\/wp-content\/uploads\/2023\/10\/cq5dam.thumbnail.cropped.750.422-1-9.jpeg","type":"image\/jpeg"}],"author":"Exaudi Redacci\u00f3n","twitter_card":"summary_large_image","twitter_creator":"@Exaudi_noticias","twitter_site":"@Exaudi_News","twitter_misc":{"Escrito por":"Exaudi Redacci\u00f3n","Tiempo de lectura":"6 minutos"},"schema":{"@context":"https:\/\/schema.org","@graph":[{"@type":"Article","@id":"https:\/\/exaudi.org\/es\/el-papa-para-superar-las-crisis-necesitamos-protagonistas-de-humanidad\/#article","isPartOf":{"@id":"https:\/\/exaudi.org\/es\/el-papa-para-superar-las-crisis-necesitamos-protagonistas-de-humanidad\/"},"author":{"name":"Exaudi Redacci\u00f3n","@id":"https:\/\/exaudi.org\/#\/schema\/person\/f5fc8f063065e38742da7afe15f25df7"},"headline":"El Papa: Para superar las crisis necesitamos protagonistas de humanidad","datePublished":"2023-10-17T06:43:43+00:00","dateModified":"2023-10-17T06:49:04+00:00","mainEntityOfPage":{"@id":"https:\/\/exaudi.org\/es\/el-papa-para-superar-las-crisis-necesitamos-protagonistas-de-humanidad\/"},"wordCount":1116,"image":{"@id":"https:\/\/exaudi.org\/es\/el-papa-para-superar-las-crisis-necesitamos-protagonistas-de-humanidad\/#primaryimage"},"thumbnailUrl":"https:\/\/exaudi.org\/wp-content\/uploads\/2023\/10\/cq5dam.thumbnail.cropped.750.422-1-9.jpeg","keywords":["Argentina","Entrevista","Featured","guerra","papa francisco","Paz","Pol\u00edtica","Trabajo"],"articleSection":["Le\u00f3n XIV"],"inLanguage":"es"},{"@type":"WebPage","@id":"https:\/\/exaudi.org\/es\/el-papa-para-superar-las-crisis-necesitamos-protagonistas-de-humanidad\/","url":"https:\/\/exaudi.org\/es\/el-papa-para-superar-las-crisis-necesitamos-protagonistas-de-humanidad\/","name":"El Papa: Para superar las crisis necesitamos protagonistas de humanidad &#8211; Exaudi","isPartOf":{"@id":"https:\/\/exaudi.org\/#website"},"primaryImageOfPage":{"@id":"https:\/\/exaudi.org\/es\/el-papa-para-superar-las-crisis-necesitamos-protagonistas-de-humanidad\/#primaryimage"},"image":{"@id":"https:\/\/exaudi.org\/es\/el-papa-para-superar-las-crisis-necesitamos-protagonistas-de-humanidad\/#primaryimage"},"thumbnailUrl":"https:\/\/exaudi.org\/wp-content\/uploads\/2023\/10\/cq5dam.thumbnail.cropped.750.422-1-9.jpeg","datePublished":"2023-10-17T06:43:43+00:00","dateModified":"2023-10-17T06:49:04+00:00","author":{"@id":"https:\/\/exaudi.org\/#\/schema\/person\/f5fc8f063065e38742da7afe15f25df7"},"breadcrumb":{"@id":"https:\/\/exaudi.org\/es\/el-papa-para-superar-las-crisis-necesitamos-protagonistas-de-humanidad\/#breadcrumb"},"inLanguage":"es","potentialAction":[{"@type":"ReadAction","target":["https:\/\/exaudi.org\/es\/el-papa-para-superar-las-crisis-necesitamos-protagonistas-de-humanidad\/"]}]},{"@type":"ImageObject","inLanguage":"es","@id":"https:\/\/exaudi.org\/es\/el-papa-para-superar-las-crisis-necesitamos-protagonistas-de-humanidad\/#primaryimage","url":"https:\/\/exaudi.org\/wp-content\/uploads\/2023\/10\/cq5dam.thumbnail.cropped.750.422-1-9.jpeg","contentUrl":"https:\/\/exaudi.org\/wp-content\/uploads\/2023\/10\/cq5dam.thumbnail.cropped.750.422-1-9.jpeg","width":750,"height":422},{"@type":"BreadcrumbList","@id":"https:\/\/exaudi.org\/es\/el-papa-para-superar-las-crisis-necesitamos-protagonistas-de-humanidad\/#breadcrumb","itemListElement":[{"@type":"ListItem","position":1,"name":"Portada","item":"https:\/\/exaudi.org\/es\/"},{"@type":"ListItem","position":2,"name":"El Papa: Para superar las crisis necesitamos protagonistas de humanidad"}]},{"@type":"WebSite","@id":"https:\/\/exaudi.org\/#website","url":"https:\/\/exaudi.org\/","name":"Exaudi","description":"News","potentialAction":[{"@type":"SearchAction","target":{"@type":"EntryPoint","urlTemplate":"https:\/\/exaudi.org\/?s={search_term_string}"},"query-input":{"@type":"PropertyValueSpecification","valueRequired":true,"valueName":"search_term_string"}}],"inLanguage":"es"},{"@type":"Person","@id":"https:\/\/exaudi.org\/#\/schema\/person\/f5fc8f063065e38742da7afe15f25df7","name":"Exaudi Redacci\u00f3n","image":{"@type":"ImageObject","inLanguage":"es","@id":"https:\/\/secure.gravatar.com\/avatar\/fe0f6a059fb68d9b3e11bc5850dd4899b1c7492091a3cb6dd9b01b56ad828be2?s=96&d=mm&r=g","url":"https:\/\/secure.gravatar.com\/avatar\/fe0f6a059fb68d9b3e11bc5850dd4899b1c7492091a3cb6dd9b01b56ad828be2?s=96&d=mm&r=g","contentUrl":"https:\/\/secure.gravatar.com\/avatar\/fe0f6a059fb68d9b3e11bc5850dd4899b1c7492091a3cb6dd9b01b56ad828be2?s=96&d=mm&r=g","caption":"Exaudi Redacci\u00f3n"},"description":"\u00bfQu\u00e9 es Exaudi News? Exaudi News es un medio de comunicaci\u00f3n cat\u00f3lico internacional que informa, forma y transforma, diariamente en espa\u00f1ol, ingl\u00e9s e italiano. A trav\u00e9s de noticias, art\u00edculos de an\u00e1lisis y transmisiones en directo de los eventos del Papa, Exaudi busca fortalecer la unidad de los cristianos y contribuir a la evangelizaci\u00f3n del mundo, siempre guiados por la doctrina social de la Iglesia. Trabajamos para acercar la verdad y los valores cristianos a cada rinc\u00f3n del planeta. \u00a1Ay\u00fadanos a transformar el mundo con Exaudi! En Exaudi creemos que la evangelizaci\u00f3n y la informaci\u00f3n de calidad pueden cambiar vidas. Para continuar con nuestra misi\u00f3n y expandir nuestro alcance, necesitamos tu ayuda. Adem\u00e1s, buscamos personas comprometidas que deseen unirse a nuestro equipo. Con tu apoyo, lograremos llegar a m\u00e1s personas, difundir el mensaje de Cristo y reforzar la unidad de los cristianos. \u00bfTe unes a nuestra misi\u00f3n? Para m\u00e1s informaci\u00f3n sobre c\u00f3mo colaborar, visita Exaudi.org\/es o cont\u00e1ctanos directamente: info@exaudi.org Exaudi: Informa, forma y transforma.","sameAs":["https:\/\/www.facebook.com\/ExaudiNoticias\/","https:\/\/www.instagram.com\/exaudi_noticias\/","https:\/\/x.com\/Exaudi_noticias","https:\/\/www.youtube.com\/@exaudicatholicnews"],"url":"https:\/\/exaudi.org\/es\/author\/redaccionexaudi\/"}]}},"jetpack_featured_media_url":"https:\/\/exaudi.org\/wp-content\/uploads\/2023\/10\/cq5dam.thumbnail.cropped.750.422-1-9.jpeg","jetpack_shortlink":"https:\/\/wp.me\/pgKjF2-mkp","_links":{"self":[{"href":"https:\/\/exaudi.org\/es\/wp-json\/wp\/v2\/posts\/85833","targetHints":{"allow":["GET"]}}],"collection":[{"href":"https:\/\/exaudi.org\/es\/wp-json\/wp\/v2\/posts"}],"about":[{"href":"https:\/\/exaudi.org\/es\/wp-json\/wp\/v2\/types\/post"}],"author":[{"embeddable":true,"href":"https:\/\/exaudi.org\/es\/wp-json\/wp\/v2\/users\/15"}],"replies":[{"embeddable":true,"href":"https:\/\/exaudi.org\/es\/wp-json\/wp\/v2\/comments?post=85833"}],"version-history":[{"count":0,"href":"https:\/\/exaudi.org\/es\/wp-json\/wp\/v2\/posts\/85833\/revisions"}],"wp:featuredmedia":[{"embeddable":true,"href":"https:\/\/exaudi.org\/es\/wp-json\/wp\/v2\/media\/85834"}],"wp:attachment":[{"href":"https:\/\/exaudi.org\/es\/wp-json\/wp\/v2\/media?parent=85833"}],"wp:term":[{"taxonomy":"category","embeddable":true,"href":"https:\/\/exaudi.org\/es\/wp-json\/wp\/v2\/categories?post=85833"},{"taxonomy":"post_tag","embeddable":true,"href":"https:\/\/exaudi.org\/es\/wp-json\/wp\/v2\/tags?post=85833"}],"curies":[{"name":"wp","href":"https:\/\/api.w.org\/{rel}","templated":true}]}}