{"id":85554,"date":"2023-10-13T08:30:07","date_gmt":"2023-10-13T06:30:07","guid":{"rendered":"https:\/\/exaudi.org\/?p=85554"},"modified":"2023-10-13T08:39:57","modified_gmt":"2023-10-13T06:39:57","slug":"cardenal-arizmendi-nueva-ley-sobre-traducciones-liturgicas","status":"publish","type":"post","link":"https:\/\/exaudi.org\/es\/cardenal-arizmendi-nueva-ley-sobre-traducciones-liturgicas\/","title":{"rendered":"Cardenal Arizmendi: Nueva ley sobre traducciones lit\u00fargicas"},"content":{"rendered":"<audio class=\"wp-audio-shortcode\" id=\"audio-85554-1\" preload=\"none\" style=\"width: 100%;\" controls=\"controls\"><source type=\"audio\/mpeg\" src=\"https:\/\/exaudi.org\/wp-content\/uploads\/2023\/10\/Arizmendi-Nahuatl.mp3?_=1\" \/><a href=\"https:\/\/exaudi.org\/wp-content\/uploads\/2023\/10\/Arizmendi-Nahuatl.mp3\">https:\/\/exaudi.org\/wp-content\/uploads\/2023\/10\/Arizmendi-Nahuatl.mp3<\/a><\/audio>\n<p>El\u00a0<a href=\"https:\/\/exaudi.org\/es\/author\/felipearizmendi\/\" target=\"_blank\" rel=\"noopener\">cardenal Felipe Arizmendi<\/a>, obispo em\u00e9rito de San Crist\u00f3bal de Las Casas y responsable de la Doctrina de la Fe en la\u00a0<a href=\"https:\/\/www.cem.org.mx\/\" target=\"_blank\" rel=\"noopener\">Conferencia del Episcopado Mexicano (CEM)<\/a>, ofrece a los lectores de Exaudi su art\u00edculo semanal titulado\u00a0<strong>\u201cNueva ley sobre traducciones lit\u00fargicas\u201d<\/strong>, publicado el 20 de septiembre de 2017.<\/p>\n<p>***<\/p>\n<h3><strong>VER<\/strong><\/h3>\n<p>Hace m\u00e1s de diez a\u00f1os, las comisiones episcopales de Liturgia, Biblia, Doctrina de la Fe, Cultura y Pastoral Ind\u00edgena, de nuestra Conferencia Episcopal, revisaron las traducciones de la Misa a los idiomas ind\u00edgenas tseltal y tsotsil de nuestra di\u00f3cesis. Estuvieron con nosotros en dos ocasiones, tres d\u00edas cada vez, para analizar los textos, juntamente con nuestros traductores, sacerdotes, di\u00e1conos, religiosas, catequistas y otros fieles laicos, que por a\u00f1os las hab\u00edan realizado, consult\u00e1ndolas siempre con las comunidades. Preguntaban el por qu\u00e9 de una palabra, de un giro, de una circunlocuci\u00f3n, de un s\u00edmbolo. Hicieron las observaciones y correcciones que consideraban oportunas. Despu\u00e9s, se presentaron las traducciones al pleno de la Conferencia Episcopal, que en forma un\u00e1nime les dio su aprobaci\u00f3n. Se mandaron a Roma, a la Congregaci\u00f3n para el Culto Divino y la Disciplina de los Sacramentos, para solicitar el respectivo reconocimiento, la <em>recognitio<\/em>, que en la pr\u00e1ctica era la aprobaci\u00f3n final y decisiva, como si lo hecho por la Conferencia Episcopal no fuera digno de confianza<em>. <\/em>All\u00e1 nos han presentado dudas y objeciones, que hemos tratado de explicar, conforme a la cultura local. Desconociendo lo propio de una cultura ind\u00edgena, es muy dif\u00edcil que se comprendan otros lenguajes, algunas palabras y ciertos giros, que dicen lo mismo, pero con otras formas y expresiones. Desde luego que hemos procurado ser siempre fieles a la fe cat\u00f3lica y a la liturgia universal de la Iglesia.<\/p>\n<p>Ante tanta tardanza y resistencia en concedernos la <em>recognitio, <\/em>a pesar de visitas y di\u00e1logos que hemos tenido, acudimos directamente al Papa Francisco. Nos dijo que esta pr\u00e1ctica deb\u00eda cambiar, pues es imposible que en Roma se conozcan todas las culturas; no pueden definir all\u00e1 lo que no se conoce. Desde hace m\u00e1s de tres a\u00f1os, nos dijo que ser\u00edan las Conferencias Episcopales de cada pa\u00eds las que deber\u00edan aprobar estos textos, siempre en comuni\u00f3n con la Sede Apost\u00f3lica, pues no se puede tener una aut\u00e9ntica liturgia cat\u00f3lica sin esta comuni\u00f3n eclesial.<\/p>\n<p>Lo mismo nos pas\u00f3 con la traducci\u00f3n n\u00e1huatl de la Misa. Se hizo la traducci\u00f3n con el trabajo arduo de m\u00e1s de cuarenta traductores de las casi 20 di\u00f3cesis del pa\u00eds donde se habla este idioma. El proceso fue acompa\u00f1ado por las mismas cinco comisiones de la Conferencia Episcopal, para cuidar la fidelidad lit\u00fargica, b\u00edblica, teol\u00f3gica y cultural. Fue aprobada por la asamblea episcopal y enviada a Roma. Desde all\u00e1, han objetado unas palabras en n\u00e1huatl que, fuera del contexto cultural, no se comprenden rectamente; pero aqu\u00ed, no presentan ning\u00fan problema doctrinal o pastoral.<\/p>\n<p>Este largo proceso y la tardanza en aprobar estas traducciones, lleg\u00f3 a causarnos desalientos, cansancios, resistencias. Sin embargo, la promesa del Papa y su visita a Chiapas nos alent\u00f3 mucho.<\/p>\n<h3><strong>PENSAR<\/strong><\/h3>\n<p>Por fin, el 3 de septiembre de este a\u00f1o, se public\u00f3 el cambio esperado, por orden precisa del Papa Francisco. Se modificaron dos par\u00e1grafos del canon 838 del C\u00f3digo de Derecho Can\u00f3nico.<\/p>\n<p>El par\u00e1grafo 2 indica que a la Sede Apost\u00f3lica corresponde, entre otras cosas, dar la <em>recognitio<\/em>, que es como la aprobaci\u00f3n final, a las adaptaciones que hayan aprobado las Conferencias Episcopales, para cuidar la fidelidad a la fe y a la sana tradici\u00f3n de la Iglesia. Esto es correcto y adecuado, pues se trata no de traducciones, sino de adaptaciones, como cambiar unos s\u00edmbolos por otros, unos ritos por otros, y esto es muy delicado. De todos modos, son las Conferencias Episcopales las que aprueban estas adaptaciones; pero su aprobaci\u00f3n no es la definitiva, sino la de Roma.<\/p>\n<p>El cambio m\u00e1s importante est\u00e1 en el par\u00e1grafo 3. Lo transcribo en lat\u00edn: <em>\u00a7 3. Ad Episcoporum Conferentias spectat versiones librorum liturgicorum in linguas vernaculas fideliter et convenienter intra limites definitos accommodatas parare et approbare atque libros liturgicos, pro regionibus ad quas pertinent, post confirmationem Apostolicae Sedis, edere.<\/em><\/p>\n<p>En lo esencial, dice que a las Conferencias Episcopales corresponde no solo preparar las traducciones y luego enviarlas a Roma para su reconocimiento o aprobaci\u00f3n final, como se dec\u00eda antes en el mismo canon, sino que les compete aprobar dichas traducciones. A Roma, por tanto, solo le toca <em>confirmar <\/em>lo aprobado por los obispos de un pa\u00eds, y esto solo para la edici\u00f3n de los libros lit\u00fargicos. \u00bfQu\u00e9 es confirmar? No es la <em>recognitio <\/em>de antes; no es revisar texto por texto, como lo hac\u00edan hasta ahora. Es, a mi entender, comprobar que el proceso seguido por los obispos es correcto, pues no todas las Conferencias tienen los recursos humanos para hacer una aprobaci\u00f3n confiable. Ser\u00eda absurdo que all\u00e1 quisieran volver a hacer la revision palabra por palabra. Entiendo que les toca solo confirmar que lo hecho por obispos ha sido conforme a la fe y a las normas de la Iglesia. Este es un cambio muy notable, que los pueblos originarios agradecen de coraz\u00f3n.<\/p>\n<h3><strong>ACTUAR<\/strong><\/h3>\n<p>Animamos a los obispos y dem\u00e1s agentes de pastoral de otras regiones del pa\u00eds, y de otras naciones, para que dediquen tiempo, personal y recursos, que hagan las traducciones b\u00edblicas y lit\u00fargicas a los idiomas ind\u00edgenas, pues es un derecho que ellos tienen de escuchar la Palabra de Dios y de celebrar la liturgia en su propio idioma.<\/p>\n<p><img loading=\"lazy\" decoding=\"async\" class=\"size-full wp-image-85555 aligncenter\" src=\"https:\/\/exaudi.org\/wp-content\/uploads\/2023\/10\/Inv.-Eucaristia-en-Lengua-Nahualt.jpeg\" alt=\"\" width=\"1080\" height=\"1080\" srcset=\"https:\/\/exaudi.org\/wp-content\/uploads\/2023\/10\/Inv.-Eucaristia-en-Lengua-Nahualt.jpeg 1080w, https:\/\/exaudi.org\/wp-content\/uploads\/2023\/10\/Inv.-Eucaristia-en-Lengua-Nahualt-300x300.jpeg 300w, https:\/\/exaudi.org\/wp-content\/uploads\/2023\/10\/Inv.-Eucaristia-en-Lengua-Nahualt-1024x1024.jpeg 1024w, https:\/\/exaudi.org\/wp-content\/uploads\/2023\/10\/Inv.-Eucaristia-en-Lengua-Nahualt-100x100.jpeg?crop=1 100w, https:\/\/exaudi.org\/wp-content\/uploads\/2023\/10\/Inv.-Eucaristia-en-Lengua-Nahualt-770x770.jpeg 770w, https:\/\/exaudi.org\/wp-content\/uploads\/2023\/10\/Inv.-Eucaristia-en-Lengua-Nahualt-500x500.jpeg 500w, https:\/\/exaudi.org\/wp-content\/uploads\/2023\/10\/Inv.-Eucaristia-en-Lengua-Nahualt-293x293.jpeg 293w, https:\/\/exaudi.org\/wp-content\/uploads\/2023\/10\/Inv.-Eucaristia-en-Lengua-Nahualt-390x390.jpeg 390w, https:\/\/exaudi.org\/wp-content\/uploads\/2023\/10\/Inv.-Eucaristia-en-Lengua-Nahualt-585x585.jpeg 585w, https:\/\/exaudi.org\/wp-content\/uploads\/2023\/10\/Inv.-Eucaristia-en-Lengua-Nahualt-900x900.jpeg 900w\" sizes=\"auto, (max-width: 1080px) 100vw, 1080px\" \/><\/p>\n","protected":false},"excerpt":{"rendered":"<p>El\u00a0cardenal Felipe Arizmendi, obispo em\u00e9rito de San Crist\u00f3bal de Las Casas y responsable de la Doctrina de la Fe en la\u00a0Conferencia del Episcopado Mexicano (CEM), ofrece a los lectores de Exaudi su art\u00edculo semanal titulado\u00a0\u201cNueva ley sobre traducciones lit\u00fargicas\u201d, publicado el 20 de septiembre de 2017. *** VER Hace m\u00e1s de diez a\u00f1os, las comisiones [&hellip;]<\/p>\n","protected":false},"author":24,"featured_media":85555,"comment_status":"closed","ping_status":"closed","sticky":false,"template":"","format":"standard","meta":{"_acf_changed":false,"_crdt_document":"","inline_featured_image":false,"footnotes":""},"categories":[130],"tags":[10363,2002,415,10362,4953],"class_list":["post-85554","post","type-post","status-publish","format-standard","has-post-thumbnail","hentry","category-voces","tag-basilica-guadalupe","tag-eucaristia-es","tag-mexico","tag-nahuatl","tag-trending-es"],"acf":[],"yoast_head":"<!-- This site is optimized with the Yoast SEO plugin v27.4 - https:\/\/yoast.com\/product\/yoast-seo-wordpress\/ -->\n<title>Cardenal Arizmendi: Nueva ley sobre traducciones lit\u00fargicas &#8211; Exaudi<\/title>\n<meta name=\"robots\" content=\"index, follow, max-snippet:-1, max-image-preview:large, max-video-preview:-1\" \/>\n<link rel=\"canonical\" href=\"https:\/\/exaudi.org\/es\/cardenal-arizmendi-nueva-ley-sobre-traducciones-liturgicas\/\" \/>\n<meta property=\"og:locale\" content=\"es_ES\" \/>\n<meta property=\"og:type\" content=\"article\" \/>\n<meta property=\"og:title\" content=\"Cardenal Arizmendi: Nueva ley sobre traducciones lit\u00fargicas &#8211; Exaudi\" \/>\n<meta property=\"og:description\" content=\"El\u00a0cardenal Felipe Arizmendi, obispo em\u00e9rito de San Crist\u00f3bal de Las Casas y responsable de la Doctrina de la Fe en la\u00a0Conferencia del Episcopado Mexicano (CEM), ofrece a los lectores de Exaudi su art\u00edculo semanal titulado\u00a0\u201cNueva ley sobre traducciones lit\u00fargicas\u201d, publicado el 20 de septiembre de 2017. *** VER Hace m\u00e1s de diez a\u00f1os, las comisiones [&hellip;]\" \/>\n<meta property=\"og:url\" content=\"https:\/\/exaudi.org\/es\/cardenal-arizmendi-nueva-ley-sobre-traducciones-liturgicas\/\" \/>\n<meta property=\"og:site_name\" content=\"Exaudi\" \/>\n<meta property=\"article:publisher\" content=\"https:\/\/www.facebook.com\/ExaudiNews\" \/>\n<meta property=\"article:published_time\" content=\"2023-10-13T06:30:07+00:00\" \/>\n<meta property=\"article:modified_time\" content=\"2023-10-13T06:39:57+00:00\" \/>\n<meta property=\"og:image\" content=\"https:\/\/exaudi.org\/wp-content\/uploads\/2023\/10\/Inv.-Eucaristia-en-Lengua-Nahualt.jpeg\" \/>\n\t<meta property=\"og:image:width\" content=\"1080\" \/>\n\t<meta property=\"og:image:height\" content=\"1080\" \/>\n\t<meta property=\"og:image:type\" content=\"image\/jpeg\" \/>\n<meta name=\"author\" content=\"Cardenal Felipe Arizmendi\" \/>\n<meta name=\"twitter:card\" content=\"summary_large_image\" \/>\n<meta name=\"twitter:creator\" content=\"@Exaudi_News\" \/>\n<meta name=\"twitter:site\" content=\"@Exaudi_News\" \/>\n<meta name=\"twitter:label1\" content=\"Escrito por\" \/>\n\t<meta name=\"twitter:data1\" content=\"Cardenal Felipe Arizmendi\" \/>\n\t<meta name=\"twitter:label2\" content=\"Tiempo de lectura\" \/>\n\t<meta name=\"twitter:data2\" content=\"5 minutos\" \/>\n<script type=\"application\/ld+json\" class=\"yoast-schema-graph\">{\"@context\":\"https:\\\/\\\/schema.org\",\"@graph\":[{\"@type\":\"Article\",\"@id\":\"https:\\\/\\\/exaudi.org\\\/es\\\/cardenal-arizmendi-nueva-ley-sobre-traducciones-liturgicas\\\/#article\",\"isPartOf\":{\"@id\":\"https:\\\/\\\/exaudi.org\\\/es\\\/cardenal-arizmendi-nueva-ley-sobre-traducciones-liturgicas\\\/\"},\"author\":{\"name\":\"Cardenal Felipe Arizmendi\",\"@id\":\"https:\\\/\\\/exaudi.org\\\/#\\\/schema\\\/person\\\/c7d223f87e58f1105d044d8da1439102\"},\"headline\":\"Cardenal Arizmendi: Nueva ley sobre traducciones lit\u00fargicas\",\"datePublished\":\"2023-10-13T06:30:07+00:00\",\"dateModified\":\"2023-10-13T06:39:57+00:00\",\"mainEntityOfPage\":{\"@id\":\"https:\\\/\\\/exaudi.org\\\/es\\\/cardenal-arizmendi-nueva-ley-sobre-traducciones-liturgicas\\\/\"},\"wordCount\":988,\"image\":{\"@id\":\"https:\\\/\\\/exaudi.org\\\/es\\\/cardenal-arizmendi-nueva-ley-sobre-traducciones-liturgicas\\\/#primaryimage\"},\"thumbnailUrl\":\"https:\\\/\\\/exaudi.org\\\/wp-content\\\/uploads\\\/2023\\\/10\\\/Inv.-Eucaristia-en-Lengua-Nahualt.jpeg\",\"keywords\":[\"Bas\u00edlica Guadalupe\",\"Eucaristia\",\"M\u00e9xico\",\"Nahuatl\",\"Trending\"],\"articleSection\":[\"Voces\"],\"inLanguage\":\"es\"},{\"@type\":\"WebPage\",\"@id\":\"https:\\\/\\\/exaudi.org\\\/es\\\/cardenal-arizmendi-nueva-ley-sobre-traducciones-liturgicas\\\/\",\"url\":\"https:\\\/\\\/exaudi.org\\\/es\\\/cardenal-arizmendi-nueva-ley-sobre-traducciones-liturgicas\\\/\",\"name\":\"Cardenal Arizmendi: Nueva ley sobre traducciones lit\u00fargicas &#8211; Exaudi\",\"isPartOf\":{\"@id\":\"https:\\\/\\\/exaudi.org\\\/#website\"},\"primaryImageOfPage\":{\"@id\":\"https:\\\/\\\/exaudi.org\\\/es\\\/cardenal-arizmendi-nueva-ley-sobre-traducciones-liturgicas\\\/#primaryimage\"},\"image\":{\"@id\":\"https:\\\/\\\/exaudi.org\\\/es\\\/cardenal-arizmendi-nueva-ley-sobre-traducciones-liturgicas\\\/#primaryimage\"},\"thumbnailUrl\":\"https:\\\/\\\/exaudi.org\\\/wp-content\\\/uploads\\\/2023\\\/10\\\/Inv.-Eucaristia-en-Lengua-Nahualt.jpeg\",\"datePublished\":\"2023-10-13T06:30:07+00:00\",\"dateModified\":\"2023-10-13T06:39:57+00:00\",\"author\":{\"@id\":\"https:\\\/\\\/exaudi.org\\\/#\\\/schema\\\/person\\\/c7d223f87e58f1105d044d8da1439102\"},\"breadcrumb\":{\"@id\":\"https:\\\/\\\/exaudi.org\\\/es\\\/cardenal-arizmendi-nueva-ley-sobre-traducciones-liturgicas\\\/#breadcrumb\"},\"inLanguage\":\"es\",\"potentialAction\":[{\"@type\":\"ReadAction\",\"target\":[\"https:\\\/\\\/exaudi.org\\\/es\\\/cardenal-arizmendi-nueva-ley-sobre-traducciones-liturgicas\\\/\"]}]},{\"@type\":\"ImageObject\",\"inLanguage\":\"es\",\"@id\":\"https:\\\/\\\/exaudi.org\\\/es\\\/cardenal-arizmendi-nueva-ley-sobre-traducciones-liturgicas\\\/#primaryimage\",\"url\":\"https:\\\/\\\/exaudi.org\\\/wp-content\\\/uploads\\\/2023\\\/10\\\/Inv.-Eucaristia-en-Lengua-Nahualt.jpeg\",\"contentUrl\":\"https:\\\/\\\/exaudi.org\\\/wp-content\\\/uploads\\\/2023\\\/10\\\/Inv.-Eucaristia-en-Lengua-Nahualt.jpeg\",\"width\":1080,\"height\":1080},{\"@type\":\"BreadcrumbList\",\"@id\":\"https:\\\/\\\/exaudi.org\\\/es\\\/cardenal-arizmendi-nueva-ley-sobre-traducciones-liturgicas\\\/#breadcrumb\",\"itemListElement\":[{\"@type\":\"ListItem\",\"position\":1,\"name\":\"Portada\",\"item\":\"https:\\\/\\\/exaudi.org\\\/es\\\/\"},{\"@type\":\"ListItem\",\"position\":2,\"name\":\"Cardenal Arizmendi: Nueva ley sobre traducciones lit\u00fargicas\"}]},{\"@type\":\"WebSite\",\"@id\":\"https:\\\/\\\/exaudi.org\\\/#website\",\"url\":\"https:\\\/\\\/exaudi.org\\\/\",\"name\":\"Exaudi\",\"description\":\"News\",\"potentialAction\":[{\"@type\":\"SearchAction\",\"target\":{\"@type\":\"EntryPoint\",\"urlTemplate\":\"https:\\\/\\\/exaudi.org\\\/?s={search_term_string}\"},\"query-input\":{\"@type\":\"PropertyValueSpecification\",\"valueRequired\":true,\"valueName\":\"search_term_string\"}}],\"inLanguage\":\"es\"},{\"@type\":\"Person\",\"@id\":\"https:\\\/\\\/exaudi.org\\\/#\\\/schema\\\/person\\\/c7d223f87e58f1105d044d8da1439102\",\"name\":\"Cardenal Felipe Arizmendi\",\"image\":{\"@type\":\"ImageObject\",\"inLanguage\":\"es\",\"@id\":\"https:\\\/\\\/secure.gravatar.com\\\/avatar\\\/4ffc5520d896b86d39346168903de33a17ef0f23d16de0ff45062c1ff422ed2f?s=96&d=mm&r=g\",\"url\":\"https:\\\/\\\/secure.gravatar.com\\\/avatar\\\/4ffc5520d896b86d39346168903de33a17ef0f23d16de0ff45062c1ff422ed2f?s=96&d=mm&r=g\",\"contentUrl\":\"https:\\\/\\\/secure.gravatar.com\\\/avatar\\\/4ffc5520d896b86d39346168903de33a17ef0f23d16de0ff45062c1ff422ed2f?s=96&d=mm&r=g\",\"caption\":\"Cardenal Felipe Arizmendi\"},\"description\":\"Nacido en Chiltepec el 1 de mayo de 1940. Estudi\u00f3 Humanidades y Filosof\u00eda en el Seminario de Toluca, de 1952 a 1959. Curs\u00f3 la Teolog\u00eda en la Universidad Pontificia de Salamanca, Espa\u00f1a, de 1959 a 1963, obteniendo la licenciatura en Teolog\u00eda Dogm\u00e1tica. Por su cuenta, se especializ\u00f3 en Liturgia. Fue ordenado sacerdote el 25 de agosto de 1963 en Toluca. Sirvi\u00f3 como Vicario Parroquial en tres parroquias por tres a\u00f1os y medio y fue p\u00e1rroco de una comunidad ind\u00edgena otom\u00ed, de 1967 a 1970. Fue Director Espiritual del Seminario de Toluca por diez a\u00f1os, y Rector del mismo de 1981 a 1991. El 7 de marzo de 1991, fue ordenado obispo de la di\u00f3cesis de Tapachula, donde estuvo hasta el 30 de abril del a\u00f1o 2000. El 1 de mayo del 2000, inici\u00f3 su ministerio episcopal como XLVI obispo de la di\u00f3cesis de San Crist\u00f3bal de las Casas, Chiapas, una de las di\u00f3cesis m\u00e1s antiguas de M\u00e9xico, erigida en 1539; all\u00ed sirvi\u00f3 por casi 18 a\u00f1os. Ha ocupado diversos cargos en la Conferencia del Episcopado Mexicano y en el CELAM. El 3 de noviembre de 2017, el Papa Francisco le acept\u00f3, por edad, su renuncia al servicio episcopal en esta di\u00f3cesis, que entreg\u00f3 a su sucesor el 3 de enero de 2018. Desde entonces, reside en la ciudad de Toluca. Desde 1979, escribe art\u00edculos de actualidad en varios medios religiosos y civiles. Es autor de varias publicaciones.\",\"url\":\"https:\\\/\\\/exaudi.org\\\/es\\\/author\\\/felipearizmendi\\\/\"}]}<\/script>\n<!-- \/ Yoast SEO plugin. -->","yoast_head_json":{"title":"Cardenal Arizmendi: Nueva ley sobre traducciones lit\u00fargicas &#8211; Exaudi","robots":{"index":"index","follow":"follow","max-snippet":"max-snippet:-1","max-image-preview":"max-image-preview:large","max-video-preview":"max-video-preview:-1"},"canonical":"https:\/\/exaudi.org\/es\/cardenal-arizmendi-nueva-ley-sobre-traducciones-liturgicas\/","og_locale":"es_ES","og_type":"article","og_title":"Cardenal Arizmendi: Nueva ley sobre traducciones lit\u00fargicas &#8211; Exaudi","og_description":"El\u00a0cardenal Felipe Arizmendi, obispo em\u00e9rito de San Crist\u00f3bal de Las Casas y responsable de la Doctrina de la Fe en la\u00a0Conferencia del Episcopado Mexicano (CEM), ofrece a los lectores de Exaudi su art\u00edculo semanal titulado\u00a0\u201cNueva ley sobre traducciones lit\u00fargicas\u201d, publicado el 20 de septiembre de 2017. *** VER Hace m\u00e1s de diez a\u00f1os, las comisiones [&hellip;]","og_url":"https:\/\/exaudi.org\/es\/cardenal-arizmendi-nueva-ley-sobre-traducciones-liturgicas\/","og_site_name":"Exaudi","article_publisher":"https:\/\/www.facebook.com\/ExaudiNews","article_published_time":"2023-10-13T06:30:07+00:00","article_modified_time":"2023-10-13T06:39:57+00:00","og_image":[{"width":1080,"height":1080,"url":"https:\/\/exaudi.org\/wp-content\/uploads\/2023\/10\/Inv.-Eucaristia-en-Lengua-Nahualt.jpeg","type":"image\/jpeg"}],"author":"Cardenal Felipe Arizmendi","twitter_card":"summary_large_image","twitter_creator":"@Exaudi_News","twitter_site":"@Exaudi_News","twitter_misc":{"Escrito por":"Cardenal Felipe Arizmendi","Tiempo de lectura":"5 minutos"},"schema":{"@context":"https:\/\/schema.org","@graph":[{"@type":"Article","@id":"https:\/\/exaudi.org\/es\/cardenal-arizmendi-nueva-ley-sobre-traducciones-liturgicas\/#article","isPartOf":{"@id":"https:\/\/exaudi.org\/es\/cardenal-arizmendi-nueva-ley-sobre-traducciones-liturgicas\/"},"author":{"name":"Cardenal Felipe Arizmendi","@id":"https:\/\/exaudi.org\/#\/schema\/person\/c7d223f87e58f1105d044d8da1439102"},"headline":"Cardenal Arizmendi: Nueva ley sobre traducciones lit\u00fargicas","datePublished":"2023-10-13T06:30:07+00:00","dateModified":"2023-10-13T06:39:57+00:00","mainEntityOfPage":{"@id":"https:\/\/exaudi.org\/es\/cardenal-arizmendi-nueva-ley-sobre-traducciones-liturgicas\/"},"wordCount":988,"image":{"@id":"https:\/\/exaudi.org\/es\/cardenal-arizmendi-nueva-ley-sobre-traducciones-liturgicas\/#primaryimage"},"thumbnailUrl":"https:\/\/exaudi.org\/wp-content\/uploads\/2023\/10\/Inv.-Eucaristia-en-Lengua-Nahualt.jpeg","keywords":["Bas\u00edlica Guadalupe","Eucaristia","M\u00e9xico","Nahuatl","Trending"],"articleSection":["Voces"],"inLanguage":"es"},{"@type":"WebPage","@id":"https:\/\/exaudi.org\/es\/cardenal-arizmendi-nueva-ley-sobre-traducciones-liturgicas\/","url":"https:\/\/exaudi.org\/es\/cardenal-arizmendi-nueva-ley-sobre-traducciones-liturgicas\/","name":"Cardenal Arizmendi: Nueva ley sobre traducciones lit\u00fargicas &#8211; Exaudi","isPartOf":{"@id":"https:\/\/exaudi.org\/#website"},"primaryImageOfPage":{"@id":"https:\/\/exaudi.org\/es\/cardenal-arizmendi-nueva-ley-sobre-traducciones-liturgicas\/#primaryimage"},"image":{"@id":"https:\/\/exaudi.org\/es\/cardenal-arizmendi-nueva-ley-sobre-traducciones-liturgicas\/#primaryimage"},"thumbnailUrl":"https:\/\/exaudi.org\/wp-content\/uploads\/2023\/10\/Inv.-Eucaristia-en-Lengua-Nahualt.jpeg","datePublished":"2023-10-13T06:30:07+00:00","dateModified":"2023-10-13T06:39:57+00:00","author":{"@id":"https:\/\/exaudi.org\/#\/schema\/person\/c7d223f87e58f1105d044d8da1439102"},"breadcrumb":{"@id":"https:\/\/exaudi.org\/es\/cardenal-arizmendi-nueva-ley-sobre-traducciones-liturgicas\/#breadcrumb"},"inLanguage":"es","potentialAction":[{"@type":"ReadAction","target":["https:\/\/exaudi.org\/es\/cardenal-arizmendi-nueva-ley-sobre-traducciones-liturgicas\/"]}]},{"@type":"ImageObject","inLanguage":"es","@id":"https:\/\/exaudi.org\/es\/cardenal-arizmendi-nueva-ley-sobre-traducciones-liturgicas\/#primaryimage","url":"https:\/\/exaudi.org\/wp-content\/uploads\/2023\/10\/Inv.-Eucaristia-en-Lengua-Nahualt.jpeg","contentUrl":"https:\/\/exaudi.org\/wp-content\/uploads\/2023\/10\/Inv.-Eucaristia-en-Lengua-Nahualt.jpeg","width":1080,"height":1080},{"@type":"BreadcrumbList","@id":"https:\/\/exaudi.org\/es\/cardenal-arizmendi-nueva-ley-sobre-traducciones-liturgicas\/#breadcrumb","itemListElement":[{"@type":"ListItem","position":1,"name":"Portada","item":"https:\/\/exaudi.org\/es\/"},{"@type":"ListItem","position":2,"name":"Cardenal Arizmendi: Nueva ley sobre traducciones lit\u00fargicas"}]},{"@type":"WebSite","@id":"https:\/\/exaudi.org\/#website","url":"https:\/\/exaudi.org\/","name":"Exaudi","description":"News","potentialAction":[{"@type":"SearchAction","target":{"@type":"EntryPoint","urlTemplate":"https:\/\/exaudi.org\/?s={search_term_string}"},"query-input":{"@type":"PropertyValueSpecification","valueRequired":true,"valueName":"search_term_string"}}],"inLanguage":"es"},{"@type":"Person","@id":"https:\/\/exaudi.org\/#\/schema\/person\/c7d223f87e58f1105d044d8da1439102","name":"Cardenal Felipe Arizmendi","image":{"@type":"ImageObject","inLanguage":"es","@id":"https:\/\/secure.gravatar.com\/avatar\/4ffc5520d896b86d39346168903de33a17ef0f23d16de0ff45062c1ff422ed2f?s=96&d=mm&r=g","url":"https:\/\/secure.gravatar.com\/avatar\/4ffc5520d896b86d39346168903de33a17ef0f23d16de0ff45062c1ff422ed2f?s=96&d=mm&r=g","contentUrl":"https:\/\/secure.gravatar.com\/avatar\/4ffc5520d896b86d39346168903de33a17ef0f23d16de0ff45062c1ff422ed2f?s=96&d=mm&r=g","caption":"Cardenal Felipe Arizmendi"},"description":"Nacido en Chiltepec el 1 de mayo de 1940. Estudi\u00f3 Humanidades y Filosof\u00eda en el Seminario de Toluca, de 1952 a 1959. Curs\u00f3 la Teolog\u00eda en la Universidad Pontificia de Salamanca, Espa\u00f1a, de 1959 a 1963, obteniendo la licenciatura en Teolog\u00eda Dogm\u00e1tica. Por su cuenta, se especializ\u00f3 en Liturgia. Fue ordenado sacerdote el 25 de agosto de 1963 en Toluca. Sirvi\u00f3 como Vicario Parroquial en tres parroquias por tres a\u00f1os y medio y fue p\u00e1rroco de una comunidad ind\u00edgena otom\u00ed, de 1967 a 1970. Fue Director Espiritual del Seminario de Toluca por diez a\u00f1os, y Rector del mismo de 1981 a 1991. El 7 de marzo de 1991, fue ordenado obispo de la di\u00f3cesis de Tapachula, donde estuvo hasta el 30 de abril del a\u00f1o 2000. El 1 de mayo del 2000, inici\u00f3 su ministerio episcopal como XLVI obispo de la di\u00f3cesis de San Crist\u00f3bal de las Casas, Chiapas, una de las di\u00f3cesis m\u00e1s antiguas de M\u00e9xico, erigida en 1539; all\u00ed sirvi\u00f3 por casi 18 a\u00f1os. Ha ocupado diversos cargos en la Conferencia del Episcopado Mexicano y en el CELAM. El 3 de noviembre de 2017, el Papa Francisco le acept\u00f3, por edad, su renuncia al servicio episcopal en esta di\u00f3cesis, que entreg\u00f3 a su sucesor el 3 de enero de 2018. Desde entonces, reside en la ciudad de Toluca. Desde 1979, escribe art\u00edculos de actualidad en varios medios religiosos y civiles. Es autor de varias publicaciones.","url":"https:\/\/exaudi.org\/es\/author\/felipearizmendi\/"}]}},"jetpack_featured_media_url":"https:\/\/exaudi.org\/wp-content\/uploads\/2023\/10\/Inv.-Eucaristia-en-Lengua-Nahualt.jpeg","jetpack_shortlink":"https:\/\/wp.me\/pgKjF2-mfU","_links":{"self":[{"href":"https:\/\/exaudi.org\/es\/wp-json\/wp\/v2\/posts\/85554","targetHints":{"allow":["GET"]}}],"collection":[{"href":"https:\/\/exaudi.org\/es\/wp-json\/wp\/v2\/posts"}],"about":[{"href":"https:\/\/exaudi.org\/es\/wp-json\/wp\/v2\/types\/post"}],"author":[{"embeddable":true,"href":"https:\/\/exaudi.org\/es\/wp-json\/wp\/v2\/users\/24"}],"replies":[{"embeddable":true,"href":"https:\/\/exaudi.org\/es\/wp-json\/wp\/v2\/comments?post=85554"}],"version-history":[{"count":0,"href":"https:\/\/exaudi.org\/es\/wp-json\/wp\/v2\/posts\/85554\/revisions"}],"wp:featuredmedia":[{"embeddable":true,"href":"https:\/\/exaudi.org\/es\/wp-json\/wp\/v2\/media\/85555"}],"wp:attachment":[{"href":"https:\/\/exaudi.org\/es\/wp-json\/wp\/v2\/media?parent=85554"}],"wp:term":[{"taxonomy":"category","embeddable":true,"href":"https:\/\/exaudi.org\/es\/wp-json\/wp\/v2\/categories?post=85554"},{"taxonomy":"post_tag","embeddable":true,"href":"https:\/\/exaudi.org\/es\/wp-json\/wp\/v2\/tags?post=85554"}],"curies":[{"name":"wp","href":"https:\/\/api.w.org\/{rel}","templated":true}]}}