{"id":85534,"date":"2023-10-13T08:02:24","date_gmt":"2023-10-13T06:02:24","guid":{"rendered":"https:\/\/exaudi.org\/?p=85534"},"modified":"2023-10-13T10:59:23","modified_gmt":"2023-10-13T08:59:23","slug":"sinodo-suplica-por-la-paz-que-la-humanidad-forme-una-sola-familia-sin-guerras","status":"publish","type":"post","link":"https:\/\/exaudi.org\/es\/sinodo-suplica-por-la-paz-que-la-humanidad-forme-una-sola-familia-sin-guerras\/","title":{"rendered":"S\u00ednodo, s\u00faplica por la paz: Que la humanidad forme una sola familia sin guerras"},"content":{"rendered":"<p>En la ma\u00f1ana de este 12 de octubre en el Aula Pablo VI del Vaticano, antes de iniciar los trabajos en el S\u00ednodo, el Patriarca Sako, Arzobispo de Bagdad, ha invitado a rezar \u201cpor la paz en el mundo, especialmente en Tierra Santa, pero tambi\u00e9n en Ucrania\u201d. En las palabras del Patriarca tambi\u00e9n la violencia en Irak, en Ir\u00e1n, en el L\u00edbano. \u201cLa gente espera con gran esperanza vivir con dignidad y fraternidad y no siempre con miedo y preocupaci\u00f3n. Solidaridad \u2013 ha dicho &#8211; significa tambi\u00e9n solidaridad con todos los que tienen miedo y sufren\u201d.<\/p>\n<p>Margaret Karram, presidenta del Movimiento de los Focolares, pronunci\u00f3 la oraci\u00f3n pidiendo \u201cpor Tierra Santa, por el pueblo de Israel y de Palestina que est\u00e1 bajo las garras de una violencia inaudita, por las v\u00edctimas, especialmente los ni\u00f1os, por los heridos, por los rehenes, por los desaparecidos y sus familias\u201d.<\/p>\n<p>\u201cEn estas horas de angustia y de suspensi\u00f3n, unimos \u2013 dijo &#8211; nuestra voz a la del Papa y a la oraci\u00f3n coral de cuantos en todo el mundo imploran la paz. Recordamos tambi\u00e9n a los dem\u00e1s pa\u00edses de Oriente Medio y a todos los pa\u00edses en guerra que viven en el terror y la destrucci\u00f3n. Ay\u00fadanos, Se\u00f1or, a comprometernos en la construcci\u00f3n de un mundo fraterno para que estos pueblos y todos los que se encuentran en las mismas condiciones de conflicto de inestabilidad y de violencia encuentren el camino del respeto de los derechos humanos donde la justicia, el di\u00e1logo y la reconciliaci\u00f3n son los instrumentos indispensables para construir la paz\u201d.<\/p>\n<p>Por \u00faltimo, la bendici\u00f3n final del Patriarca de los Caldeos y su oraci\u00f3n a Dios: \u00abOh Dios, que te preocupas por todos, haz que toda la humanidad, que tiene un mismo origen en ti, forme una sola familia, sin violencia, sin guerras absurdas y con esp\u00edritu fraterno viva unida en paz y concordia por nuestro Se\u00f1or Jesucristo, tu Hijo, que es Dios, vive y reina contigo en la unidad del Esp\u00edritu Santo por los siglos de los siglos\u00bb.<\/p>\n","protected":false},"excerpt":{"rendered":"<p>La oraci\u00f3n de la ma\u00f1ana, antes de los trabajos, del cardenal Louis Rapha\u00ebl Sako y de la presidenta de los Focolares, Margaret Karram<\/p>\n","protected":false},"author":15,"featured_media":85535,"comment_status":"closed","ping_status":"closed","sticky":false,"template":"","format":"standard","meta":{"_acf_changed":false,"_crdt_document":"","inline_featured_image":false,"footnotes":""},"categories":[110,132],"tags":[3092,9676,2646,408,676,2650,625,4460,392,4953],"class_list":["post-85534","post","type-post","status-publish","format-standard","has-post-thumbnail","hentry","category-sinodos","category-vaticano-es","tag-iran","tag-iraq-2","tag-israel","tag-libano","tag-oracion","tag-palestina","tag-paz","tag-sinodo-es","tag-tierra-santa","tag-trending-es"],"acf":[],"yoast_head":"<!-- This site is optimized with the Yoast SEO plugin v27.4 - https:\/\/yoast.com\/product\/yoast-seo-wordpress\/ -->\n<title>S\u00ednodo, s\u00faplica por la paz: Que la humanidad forme una sola familia sin guerras &#8211; Exaudi<\/title>\n<meta name=\"robots\" content=\"index, follow, max-snippet:-1, max-image-preview:large, max-video-preview:-1\" \/>\n<link rel=\"canonical\" href=\"https:\/\/exaudi.org\/es\/sinodo-suplica-por-la-paz-que-la-humanidad-forme-una-sola-familia-sin-guerras\/\" \/>\n<meta property=\"og:locale\" content=\"es_ES\" \/>\n<meta property=\"og:type\" content=\"article\" \/>\n<meta property=\"og:title\" content=\"S\u00ednodo, s\u00faplica por la paz: Que la humanidad forme una sola familia sin guerras &#8211; Exaudi\" \/>\n<meta property=\"og:description\" content=\"La oraci\u00f3n de la ma\u00f1ana, antes de los trabajos, del cardenal Louis Rapha\u00ebl Sako y de la presidenta de los Focolares, Margaret Karram\" \/>\n<meta property=\"og:url\" content=\"https:\/\/exaudi.org\/es\/sinodo-suplica-por-la-paz-que-la-humanidad-forme-una-sola-familia-sin-guerras\/\" \/>\n<meta property=\"og:site_name\" content=\"Exaudi\" \/>\n<meta property=\"article:publisher\" content=\"https:\/\/www.facebook.com\/ExaudiNews\" \/>\n<meta property=\"article:author\" content=\"https:\/\/www.facebook.com\/ExaudiNoticias\/\" \/>\n<meta property=\"article:published_time\" content=\"2023-10-13T06:02:24+00:00\" \/>\n<meta property=\"article:modified_time\" content=\"2023-10-13T08:59:23+00:00\" \/>\n<meta property=\"og:image\" content=\"https:\/\/exaudi.org\/wp-content\/uploads\/2023\/10\/cq5dam.thumbnail.cropped.750.422-12.jpeg\" \/>\n\t<meta property=\"og:image:width\" content=\"750\" \/>\n\t<meta property=\"og:image:height\" content=\"422\" \/>\n\t<meta property=\"og:image:type\" content=\"image\/jpeg\" \/>\n<meta name=\"author\" content=\"Exaudi Redacci\u00f3n\" \/>\n<meta name=\"twitter:card\" content=\"summary_large_image\" \/>\n<meta name=\"twitter:creator\" content=\"@Exaudi_noticias\" \/>\n<meta name=\"twitter:site\" content=\"@Exaudi_News\" \/>\n<meta name=\"twitter:label1\" content=\"Escrito por\" \/>\n\t<meta name=\"twitter:data1\" content=\"Exaudi Redacci\u00f3n\" \/>\n\t<meta name=\"twitter:label2\" content=\"Tiempo de lectura\" \/>\n\t<meta name=\"twitter:data2\" content=\"2 minutos\" \/>\n<script type=\"application\/ld+json\" class=\"yoast-schema-graph\">{\"@context\":\"https:\\\/\\\/schema.org\",\"@graph\":[{\"@type\":\"Article\",\"@id\":\"https:\\\/\\\/exaudi.org\\\/es\\\/sinodo-suplica-por-la-paz-que-la-humanidad-forme-una-sola-familia-sin-guerras\\\/#article\",\"isPartOf\":{\"@id\":\"https:\\\/\\\/exaudi.org\\\/es\\\/sinodo-suplica-por-la-paz-que-la-humanidad-forme-una-sola-familia-sin-guerras\\\/\"},\"author\":{\"name\":\"Exaudi Redacci\u00f3n\",\"@id\":\"https:\\\/\\\/exaudi.org\\\/#\\\/schema\\\/person\\\/f5fc8f063065e38742da7afe15f25df7\"},\"headline\":\"S\u00ednodo, s\u00faplica por la paz: Que la humanidad forme una sola familia sin guerras\",\"datePublished\":\"2023-10-13T06:02:24+00:00\",\"dateModified\":\"2023-10-13T08:59:23+00:00\",\"mainEntityOfPage\":{\"@id\":\"https:\\\/\\\/exaudi.org\\\/es\\\/sinodo-suplica-por-la-paz-que-la-humanidad-forme-una-sola-familia-sin-guerras\\\/\"},\"wordCount\":378,\"image\":{\"@id\":\"https:\\\/\\\/exaudi.org\\\/es\\\/sinodo-suplica-por-la-paz-que-la-humanidad-forme-una-sola-familia-sin-guerras\\\/#primaryimage\"},\"thumbnailUrl\":\"https:\\\/\\\/exaudi.org\\\/wp-content\\\/uploads\\\/2023\\\/10\\\/cq5dam.thumbnail.cropped.750.422-12.jpeg\",\"keywords\":[\"Ir\u00e1n\",\"Iraq\",\"Israel\",\"L\u00edbano\",\"Oraci\u00f3n\",\"Palestina\",\"Paz\",\"Sinodo\",\"Tierra Santa\",\"Trending\"],\"articleSection\":[\"Sinodos\",\"Vaticano\"],\"inLanguage\":\"es\"},{\"@type\":\"WebPage\",\"@id\":\"https:\\\/\\\/exaudi.org\\\/es\\\/sinodo-suplica-por-la-paz-que-la-humanidad-forme-una-sola-familia-sin-guerras\\\/\",\"url\":\"https:\\\/\\\/exaudi.org\\\/es\\\/sinodo-suplica-por-la-paz-que-la-humanidad-forme-una-sola-familia-sin-guerras\\\/\",\"name\":\"S\u00ednodo, s\u00faplica por la paz: Que la humanidad forme una sola familia sin guerras &#8211; Exaudi\",\"isPartOf\":{\"@id\":\"https:\\\/\\\/exaudi.org\\\/#website\"},\"primaryImageOfPage\":{\"@id\":\"https:\\\/\\\/exaudi.org\\\/es\\\/sinodo-suplica-por-la-paz-que-la-humanidad-forme-una-sola-familia-sin-guerras\\\/#primaryimage\"},\"image\":{\"@id\":\"https:\\\/\\\/exaudi.org\\\/es\\\/sinodo-suplica-por-la-paz-que-la-humanidad-forme-una-sola-familia-sin-guerras\\\/#primaryimage\"},\"thumbnailUrl\":\"https:\\\/\\\/exaudi.org\\\/wp-content\\\/uploads\\\/2023\\\/10\\\/cq5dam.thumbnail.cropped.750.422-12.jpeg\",\"datePublished\":\"2023-10-13T06:02:24+00:00\",\"dateModified\":\"2023-10-13T08:59:23+00:00\",\"author\":{\"@id\":\"https:\\\/\\\/exaudi.org\\\/#\\\/schema\\\/person\\\/f5fc8f063065e38742da7afe15f25df7\"},\"breadcrumb\":{\"@id\":\"https:\\\/\\\/exaudi.org\\\/es\\\/sinodo-suplica-por-la-paz-que-la-humanidad-forme-una-sola-familia-sin-guerras\\\/#breadcrumb\"},\"inLanguage\":\"es\",\"potentialAction\":[{\"@type\":\"ReadAction\",\"target\":[\"https:\\\/\\\/exaudi.org\\\/es\\\/sinodo-suplica-por-la-paz-que-la-humanidad-forme-una-sola-familia-sin-guerras\\\/\"]}]},{\"@type\":\"ImageObject\",\"inLanguage\":\"es\",\"@id\":\"https:\\\/\\\/exaudi.org\\\/es\\\/sinodo-suplica-por-la-paz-que-la-humanidad-forme-una-sola-familia-sin-guerras\\\/#primaryimage\",\"url\":\"https:\\\/\\\/exaudi.org\\\/wp-content\\\/uploads\\\/2023\\\/10\\\/cq5dam.thumbnail.cropped.750.422-12.jpeg\",\"contentUrl\":\"https:\\\/\\\/exaudi.org\\\/wp-content\\\/uploads\\\/2023\\\/10\\\/cq5dam.thumbnail.cropped.750.422-12.jpeg\",\"width\":750,\"height\":422},{\"@type\":\"BreadcrumbList\",\"@id\":\"https:\\\/\\\/exaudi.org\\\/es\\\/sinodo-suplica-por-la-paz-que-la-humanidad-forme-una-sola-familia-sin-guerras\\\/#breadcrumb\",\"itemListElement\":[{\"@type\":\"ListItem\",\"position\":1,\"name\":\"Portada\",\"item\":\"https:\\\/\\\/exaudi.org\\\/es\\\/\"},{\"@type\":\"ListItem\",\"position\":2,\"name\":\"S\u00ednodo, s\u00faplica por la paz: Que la humanidad forme una sola familia sin guerras\"}]},{\"@type\":\"WebSite\",\"@id\":\"https:\\\/\\\/exaudi.org\\\/#website\",\"url\":\"https:\\\/\\\/exaudi.org\\\/\",\"name\":\"Exaudi\",\"description\":\"News\",\"potentialAction\":[{\"@type\":\"SearchAction\",\"target\":{\"@type\":\"EntryPoint\",\"urlTemplate\":\"https:\\\/\\\/exaudi.org\\\/?s={search_term_string}\"},\"query-input\":{\"@type\":\"PropertyValueSpecification\",\"valueRequired\":true,\"valueName\":\"search_term_string\"}}],\"inLanguage\":\"es\"},{\"@type\":\"Person\",\"@id\":\"https:\\\/\\\/exaudi.org\\\/#\\\/schema\\\/person\\\/f5fc8f063065e38742da7afe15f25df7\",\"name\":\"Exaudi Redacci\u00f3n\",\"image\":{\"@type\":\"ImageObject\",\"inLanguage\":\"es\",\"@id\":\"https:\\\/\\\/secure.gravatar.com\\\/avatar\\\/fe0f6a059fb68d9b3e11bc5850dd4899b1c7492091a3cb6dd9b01b56ad828be2?s=96&d=mm&r=g\",\"url\":\"https:\\\/\\\/secure.gravatar.com\\\/avatar\\\/fe0f6a059fb68d9b3e11bc5850dd4899b1c7492091a3cb6dd9b01b56ad828be2?s=96&d=mm&r=g\",\"contentUrl\":\"https:\\\/\\\/secure.gravatar.com\\\/avatar\\\/fe0f6a059fb68d9b3e11bc5850dd4899b1c7492091a3cb6dd9b01b56ad828be2?s=96&d=mm&r=g\",\"caption\":\"Exaudi Redacci\u00f3n\"},\"description\":\"\u00bfQu\u00e9 es Exaudi News? Exaudi News es un medio de comunicaci\u00f3n cat\u00f3lico internacional que informa, forma y transforma, diariamente en espa\u00f1ol, ingl\u00e9s e italiano. A trav\u00e9s de noticias, art\u00edculos de an\u00e1lisis y transmisiones en directo de los eventos del Papa, Exaudi busca fortalecer la unidad de los cristianos y contribuir a la evangelizaci\u00f3n del mundo, siempre guiados por la doctrina social de la Iglesia. Trabajamos para acercar la verdad y los valores cristianos a cada rinc\u00f3n del planeta. \u00a1Ay\u00fadanos a transformar el mundo con Exaudi! En Exaudi creemos que la evangelizaci\u00f3n y la informaci\u00f3n de calidad pueden cambiar vidas. Para continuar con nuestra misi\u00f3n y expandir nuestro alcance, necesitamos tu ayuda. Adem\u00e1s, buscamos personas comprometidas que deseen unirse a nuestro equipo. Con tu apoyo, lograremos llegar a m\u00e1s personas, difundir el mensaje de Cristo y reforzar la unidad de los cristianos. \u00bfTe unes a nuestra misi\u00f3n? Para m\u00e1s informaci\u00f3n sobre c\u00f3mo colaborar, visita Exaudi.org\\\/es o cont\u00e1ctanos directamente: info@exaudi.org Exaudi: Informa, forma y transforma.\",\"sameAs\":[\"https:\\\/\\\/www.facebook.com\\\/ExaudiNoticias\\\/\",\"https:\\\/\\\/www.instagram.com\\\/exaudi_noticias\\\/\",\"https:\\\/\\\/x.com\\\/Exaudi_noticias\",\"https:\\\/\\\/www.youtube.com\\\/@exaudicatholicnews\"],\"url\":\"https:\\\/\\\/exaudi.org\\\/es\\\/author\\\/redaccionexaudi\\\/\"}]}<\/script>\n<!-- \/ Yoast SEO plugin. -->","yoast_head_json":{"title":"S\u00ednodo, s\u00faplica por la paz: Que la humanidad forme una sola familia sin guerras &#8211; Exaudi","robots":{"index":"index","follow":"follow","max-snippet":"max-snippet:-1","max-image-preview":"max-image-preview:large","max-video-preview":"max-video-preview:-1"},"canonical":"https:\/\/exaudi.org\/es\/sinodo-suplica-por-la-paz-que-la-humanidad-forme-una-sola-familia-sin-guerras\/","og_locale":"es_ES","og_type":"article","og_title":"S\u00ednodo, s\u00faplica por la paz: Que la humanidad forme una sola familia sin guerras &#8211; Exaudi","og_description":"La oraci\u00f3n de la ma\u00f1ana, antes de los trabajos, del cardenal Louis Rapha\u00ebl Sako y de la presidenta de los Focolares, Margaret Karram","og_url":"https:\/\/exaudi.org\/es\/sinodo-suplica-por-la-paz-que-la-humanidad-forme-una-sola-familia-sin-guerras\/","og_site_name":"Exaudi","article_publisher":"https:\/\/www.facebook.com\/ExaudiNews","article_author":"https:\/\/www.facebook.com\/ExaudiNoticias\/","article_published_time":"2023-10-13T06:02:24+00:00","article_modified_time":"2023-10-13T08:59:23+00:00","og_image":[{"width":750,"height":422,"url":"https:\/\/exaudi.org\/wp-content\/uploads\/2023\/10\/cq5dam.thumbnail.cropped.750.422-12.jpeg","type":"image\/jpeg"}],"author":"Exaudi Redacci\u00f3n","twitter_card":"summary_large_image","twitter_creator":"@Exaudi_noticias","twitter_site":"@Exaudi_News","twitter_misc":{"Escrito por":"Exaudi Redacci\u00f3n","Tiempo de lectura":"2 minutos"},"schema":{"@context":"https:\/\/schema.org","@graph":[{"@type":"Article","@id":"https:\/\/exaudi.org\/es\/sinodo-suplica-por-la-paz-que-la-humanidad-forme-una-sola-familia-sin-guerras\/#article","isPartOf":{"@id":"https:\/\/exaudi.org\/es\/sinodo-suplica-por-la-paz-que-la-humanidad-forme-una-sola-familia-sin-guerras\/"},"author":{"name":"Exaudi Redacci\u00f3n","@id":"https:\/\/exaudi.org\/#\/schema\/person\/f5fc8f063065e38742da7afe15f25df7"},"headline":"S\u00ednodo, s\u00faplica por la paz: Que la humanidad forme una sola familia sin guerras","datePublished":"2023-10-13T06:02:24+00:00","dateModified":"2023-10-13T08:59:23+00:00","mainEntityOfPage":{"@id":"https:\/\/exaudi.org\/es\/sinodo-suplica-por-la-paz-que-la-humanidad-forme-una-sola-familia-sin-guerras\/"},"wordCount":378,"image":{"@id":"https:\/\/exaudi.org\/es\/sinodo-suplica-por-la-paz-que-la-humanidad-forme-una-sola-familia-sin-guerras\/#primaryimage"},"thumbnailUrl":"https:\/\/exaudi.org\/wp-content\/uploads\/2023\/10\/cq5dam.thumbnail.cropped.750.422-12.jpeg","keywords":["Ir\u00e1n","Iraq","Israel","L\u00edbano","Oraci\u00f3n","Palestina","Paz","Sinodo","Tierra Santa","Trending"],"articleSection":["Sinodos","Vaticano"],"inLanguage":"es"},{"@type":"WebPage","@id":"https:\/\/exaudi.org\/es\/sinodo-suplica-por-la-paz-que-la-humanidad-forme-una-sola-familia-sin-guerras\/","url":"https:\/\/exaudi.org\/es\/sinodo-suplica-por-la-paz-que-la-humanidad-forme-una-sola-familia-sin-guerras\/","name":"S\u00ednodo, s\u00faplica por la paz: Que la humanidad forme una sola familia sin guerras &#8211; Exaudi","isPartOf":{"@id":"https:\/\/exaudi.org\/#website"},"primaryImageOfPage":{"@id":"https:\/\/exaudi.org\/es\/sinodo-suplica-por-la-paz-que-la-humanidad-forme-una-sola-familia-sin-guerras\/#primaryimage"},"image":{"@id":"https:\/\/exaudi.org\/es\/sinodo-suplica-por-la-paz-que-la-humanidad-forme-una-sola-familia-sin-guerras\/#primaryimage"},"thumbnailUrl":"https:\/\/exaudi.org\/wp-content\/uploads\/2023\/10\/cq5dam.thumbnail.cropped.750.422-12.jpeg","datePublished":"2023-10-13T06:02:24+00:00","dateModified":"2023-10-13T08:59:23+00:00","author":{"@id":"https:\/\/exaudi.org\/#\/schema\/person\/f5fc8f063065e38742da7afe15f25df7"},"breadcrumb":{"@id":"https:\/\/exaudi.org\/es\/sinodo-suplica-por-la-paz-que-la-humanidad-forme-una-sola-familia-sin-guerras\/#breadcrumb"},"inLanguage":"es","potentialAction":[{"@type":"ReadAction","target":["https:\/\/exaudi.org\/es\/sinodo-suplica-por-la-paz-que-la-humanidad-forme-una-sola-familia-sin-guerras\/"]}]},{"@type":"ImageObject","inLanguage":"es","@id":"https:\/\/exaudi.org\/es\/sinodo-suplica-por-la-paz-que-la-humanidad-forme-una-sola-familia-sin-guerras\/#primaryimage","url":"https:\/\/exaudi.org\/wp-content\/uploads\/2023\/10\/cq5dam.thumbnail.cropped.750.422-12.jpeg","contentUrl":"https:\/\/exaudi.org\/wp-content\/uploads\/2023\/10\/cq5dam.thumbnail.cropped.750.422-12.jpeg","width":750,"height":422},{"@type":"BreadcrumbList","@id":"https:\/\/exaudi.org\/es\/sinodo-suplica-por-la-paz-que-la-humanidad-forme-una-sola-familia-sin-guerras\/#breadcrumb","itemListElement":[{"@type":"ListItem","position":1,"name":"Portada","item":"https:\/\/exaudi.org\/es\/"},{"@type":"ListItem","position":2,"name":"S\u00ednodo, s\u00faplica por la paz: Que la humanidad forme una sola familia sin guerras"}]},{"@type":"WebSite","@id":"https:\/\/exaudi.org\/#website","url":"https:\/\/exaudi.org\/","name":"Exaudi","description":"News","potentialAction":[{"@type":"SearchAction","target":{"@type":"EntryPoint","urlTemplate":"https:\/\/exaudi.org\/?s={search_term_string}"},"query-input":{"@type":"PropertyValueSpecification","valueRequired":true,"valueName":"search_term_string"}}],"inLanguage":"es"},{"@type":"Person","@id":"https:\/\/exaudi.org\/#\/schema\/person\/f5fc8f063065e38742da7afe15f25df7","name":"Exaudi Redacci\u00f3n","image":{"@type":"ImageObject","inLanguage":"es","@id":"https:\/\/secure.gravatar.com\/avatar\/fe0f6a059fb68d9b3e11bc5850dd4899b1c7492091a3cb6dd9b01b56ad828be2?s=96&d=mm&r=g","url":"https:\/\/secure.gravatar.com\/avatar\/fe0f6a059fb68d9b3e11bc5850dd4899b1c7492091a3cb6dd9b01b56ad828be2?s=96&d=mm&r=g","contentUrl":"https:\/\/secure.gravatar.com\/avatar\/fe0f6a059fb68d9b3e11bc5850dd4899b1c7492091a3cb6dd9b01b56ad828be2?s=96&d=mm&r=g","caption":"Exaudi Redacci\u00f3n"},"description":"\u00bfQu\u00e9 es Exaudi News? Exaudi News es un medio de comunicaci\u00f3n cat\u00f3lico internacional que informa, forma y transforma, diariamente en espa\u00f1ol, ingl\u00e9s e italiano. A trav\u00e9s de noticias, art\u00edculos de an\u00e1lisis y transmisiones en directo de los eventos del Papa, Exaudi busca fortalecer la unidad de los cristianos y contribuir a la evangelizaci\u00f3n del mundo, siempre guiados por la doctrina social de la Iglesia. Trabajamos para acercar la verdad y los valores cristianos a cada rinc\u00f3n del planeta. \u00a1Ay\u00fadanos a transformar el mundo con Exaudi! En Exaudi creemos que la evangelizaci\u00f3n y la informaci\u00f3n de calidad pueden cambiar vidas. Para continuar con nuestra misi\u00f3n y expandir nuestro alcance, necesitamos tu ayuda. Adem\u00e1s, buscamos personas comprometidas que deseen unirse a nuestro equipo. Con tu apoyo, lograremos llegar a m\u00e1s personas, difundir el mensaje de Cristo y reforzar la unidad de los cristianos. \u00bfTe unes a nuestra misi\u00f3n? Para m\u00e1s informaci\u00f3n sobre c\u00f3mo colaborar, visita Exaudi.org\/es o cont\u00e1ctanos directamente: info@exaudi.org Exaudi: Informa, forma y transforma.","sameAs":["https:\/\/www.facebook.com\/ExaudiNoticias\/","https:\/\/www.instagram.com\/exaudi_noticias\/","https:\/\/x.com\/Exaudi_noticias","https:\/\/www.youtube.com\/@exaudicatholicnews"],"url":"https:\/\/exaudi.org\/es\/author\/redaccionexaudi\/"}]}},"jetpack_featured_media_url":"https:\/\/exaudi.org\/wp-content\/uploads\/2023\/10\/cq5dam.thumbnail.cropped.750.422-12.jpeg","jetpack_shortlink":"https:\/\/wp.me\/pgKjF2-mfA","_links":{"self":[{"href":"https:\/\/exaudi.org\/es\/wp-json\/wp\/v2\/posts\/85534","targetHints":{"allow":["GET"]}}],"collection":[{"href":"https:\/\/exaudi.org\/es\/wp-json\/wp\/v2\/posts"}],"about":[{"href":"https:\/\/exaudi.org\/es\/wp-json\/wp\/v2\/types\/post"}],"author":[{"embeddable":true,"href":"https:\/\/exaudi.org\/es\/wp-json\/wp\/v2\/users\/15"}],"replies":[{"embeddable":true,"href":"https:\/\/exaudi.org\/es\/wp-json\/wp\/v2\/comments?post=85534"}],"version-history":[{"count":0,"href":"https:\/\/exaudi.org\/es\/wp-json\/wp\/v2\/posts\/85534\/revisions"}],"wp:featuredmedia":[{"embeddable":true,"href":"https:\/\/exaudi.org\/es\/wp-json\/wp\/v2\/media\/85535"}],"wp:attachment":[{"href":"https:\/\/exaudi.org\/es\/wp-json\/wp\/v2\/media?parent=85534"}],"wp:term":[{"taxonomy":"category","embeddable":true,"href":"https:\/\/exaudi.org\/es\/wp-json\/wp\/v2\/categories?post=85534"},{"taxonomy":"post_tag","embeddable":true,"href":"https:\/\/exaudi.org\/es\/wp-json\/wp\/v2\/tags?post=85534"}],"curies":[{"name":"wp","href":"https:\/\/api.w.org\/{rel}","templated":true}]}}