{"id":85444,"date":"2023-10-11T15:19:19","date_gmt":"2023-10-11T13:19:19","guid":{"rendered":"https:\/\/exaudi.org\/?p=85444"},"modified":"2023-10-11T15:42:03","modified_gmt":"2023-10-11T13:42:03","slug":"perdonar-porque-despues-nosotros-seremos-perdonados-el-perdon-es-la-caricia-de-dios-a-todos","status":"publish","type":"post","link":"https:\/\/exaudi.org\/es\/perdonar-porque-despues-nosotros-seremos-perdonados-el-perdon-es-la-caricia-de-dios-a-todos\/","title":{"rendered":"Perdonar porque despu\u00e9s nosotros seremos perdonados: el perd\u00f3n, es la caricia de Dios a todos"},"content":{"rendered":"<audio class=\"wp-audio-shortcode\" id=\"audio-85444-1\" preload=\"none\" style=\"width: 100%;\" controls=\"controls\"><source type=\"audio\/mpeg\" src=\"https:\/\/exaudi.org\/wp-content\/uploads\/2023\/10\/Audiencia-General.mp3?_=1\" \/><a href=\"https:\/\/exaudi.org\/wp-content\/uploads\/2023\/10\/Audiencia-General.mp3\">https:\/\/exaudi.org\/wp-content\/uploads\/2023\/10\/Audiencia-General.mp3<\/a><\/audio>\n<p>La audiencia general de este mi\u00e9rcoles, 11 de octubre de 2023, ha tenido lugar a las 9.00 horas en la Plaza de San Pedro.<\/p>\n<p>En su discurso en italiano, el Papa, reanudando el ciclo de catequesis Pasi\u00f3n por la evangelizaci\u00f3n: el celo apost\u00f3lico del creyente, centr\u00f3 su meditaci\u00f3n en el tema \u00abSanta Josefina Bakhita: testigo de la fuerza transformadora del perd\u00f3n de Cristo\u00bb (Lectura: <em>Lc<\/em> 23,32-34).<\/p>\n<p><img loading=\"lazy\" decoding=\"async\" class=\"alignleft size-full wp-image-85466\" src=\"https:\/\/exaudi.org\/wp-content\/uploads\/2023\/10\/387720908_857152615899363_4644032320635839273_n.jpg\" alt=\"\" width=\"1080\" height=\"1080\" srcset=\"https:\/\/exaudi.org\/wp-content\/uploads\/2023\/10\/387720908_857152615899363_4644032320635839273_n.jpg 1080w, https:\/\/exaudi.org\/wp-content\/uploads\/2023\/10\/387720908_857152615899363_4644032320635839273_n-300x300.jpg 300w, https:\/\/exaudi.org\/wp-content\/uploads\/2023\/10\/387720908_857152615899363_4644032320635839273_n-1024x1024.jpg 1024w, https:\/\/exaudi.org\/wp-content\/uploads\/2023\/10\/387720908_857152615899363_4644032320635839273_n-100x100.jpg?crop=1 100w, https:\/\/exaudi.org\/wp-content\/uploads\/2023\/10\/387720908_857152615899363_4644032320635839273_n-770x770.jpg 770w, https:\/\/exaudi.org\/wp-content\/uploads\/2023\/10\/387720908_857152615899363_4644032320635839273_n-500x500.jpg 500w, https:\/\/exaudi.org\/wp-content\/uploads\/2023\/10\/387720908_857152615899363_4644032320635839273_n-293x293.jpg 293w, https:\/\/exaudi.org\/wp-content\/uploads\/2023\/10\/387720908_857152615899363_4644032320635839273_n-390x390.jpg 390w, https:\/\/exaudi.org\/wp-content\/uploads\/2023\/10\/387720908_857152615899363_4644032320635839273_n-585x585.jpg 585w, https:\/\/exaudi.org\/wp-content\/uploads\/2023\/10\/387720908_857152615899363_4644032320635839273_n-900x900.jpg 900w\" sizes=\"auto, (max-width: 1080px) 100vw, 1080px\" \/>Tras resumir su catequesis en las distintas lenguas, el Santo Padre dirigi\u00f3 expresiones especiales de saludo a los fieles presentes. A continuaci\u00f3n, hizo un llamamiento por lo que est\u00e1 sucediendo en Israel y Palestina y dedic\u00f3 un pensamiento al pueblo de Afganist\u00e1n, golpeado por un fuerte terremoto en los \u00faltimos d\u00edas. La Audiencia General concluy\u00f3 con el rezo del <em>Pater Noster<\/em> y la Bendici\u00f3n Apost\u00f3lica.<\/p>\n<p>A continuaci\u00f3n, sigue el texto de la catequesis completa, los saludos y las palabras en espa\u00f1ol del Santo Padre.<\/p>\n<p>***<\/p>\n<p><b>Catequesis. La pasi\u00f3n por la evangelizaci\u00f3n: el celo apost\u00f3lico del creyente. 22. Santa Josefina Bakhita: testigo de la fuerza transformadora del perd\u00f3n de Cristo<\/b><\/p>\n<p>\u00a1Queridos hermanos y hermanas, buenos d\u00edas!<\/p>\n<p>En el camino de catequesis sobre el celo apost\u00f3lico -estamos reflexionando sobre el celo apost\u00f3lico -, hoy nos dejamos inspirar por el testimonio de santa Josefina Bakhita, una santa sudanesa. Lamentablemente desde hace meses Sud\u00e1n est\u00e1 desgarrado por un terrible conflicto armado del que hoy se habla poco; rezamos por el pueblo sudan\u00e9s, \u00a1para que pueda vivir en paz! Pero la fama de santa Bakhita ha superado todas las fronteras y ha alcanzado a todos aquellos a los que se les rechaza identidad y dignidad.<\/p>\n<p>Nacida en Darfur \u2013 \u00a1el martirizado Darfur! \u2013 en 1869, fue secuestrada de su familia cuando ten\u00eda siete a\u00f1os y esclavizada. Sus secuestradores la llamaron \u201cBakhita\u201d, que significa \u201cafortunada\u201d. Pas\u00f3 a trav\u00e9s de ocho due\u00f1os \u2013 uno vend\u00eda al otro&#8230; Los sufrimientos f\u00edsicos y morales de los que fue v\u00edctima de peque\u00f1a la dejaron sin identidad. Sufri\u00f3 malicias y violencias: en el cuerpo llevaba m\u00e1s de cien cicatrices. Pero ella misma testimoni\u00f3: \u201cComo esclava no me desesper\u00e9 nunca, porque sent\u00eda una fuerza misteriosa que me sosten\u00eda\u201d.<\/p>\n<p>Ante esto yo me pregunto: \u00bfcu\u00e1l es el secreto de santa Bakhita? Sabemos que a menudo la persona herida a su vez hiere; el oprimido se convierte f\u00e1cilmente en opresor. Sin embargo, la vocaci\u00f3n de los oprimidos es la de liberarse a s\u00ed mismo y de los opresores convirti\u00e9ndose en restauradores de humanidad. Solo en la debilidad de los opresores se puede revelar la fuerza del amor de Dios que libera a ambos. Santa Bakhita expresa muy bien esta verdad. Un d\u00eda su tutor le regala un peque\u00f1o crucifijo, y ella, que nunca hab\u00eda pose\u00eddo nada, lo conserva como un tesoro celoso. Mir\u00e1ndolo experimenta una liberaci\u00f3n interior porque se siente comprendida y amada y por tanto capaz de comprender y amar: esto es el inicio. Se siente comprendida, se siente amada, como consecuencia capaz de comprender y amar a los otros. De hecho, ella dir\u00e1: \u201cEl amor de Dios siempre me ha acompa\u00f1ado de forma misteriosa\u2026 El Se\u00f1or me ha querido mucho: es necesario querer a todos\u2026 \u00a1Es necesario compadecer!\u201d. Esta es el alma de Bakhita. Ciertamente, com-padecer significa padecer con las v\u00edctimas de tanta inhumanidad presente en el mundo, y tambi\u00e9n compadecer a quien comete errores e injusticias, no justificando, sino humanizando. Esta es la caricia que ella nos ense\u00f1a: humanizar. Cuando entramos en la l\u00f3gica de la lucha, de la divisi\u00f3n entre nosotros, de los malos sentimientos, uno contra otro, perdemos la humanidad. Y muchas veces pensamos que necesitamos humanidad, de ser m\u00e1s humano. Y este es el trabajo que nos ense\u00f1a santa Bakhita: humanizar, humanizarnos a nosotros mismos y humanizar a los otros.<\/p>\n<p><img loading=\"lazy\" decoding=\"async\" class=\"size-full wp-image-85463 alignright\" src=\"https:\/\/exaudi.org\/wp-content\/uploads\/2023\/10\/387270040_1104635950504639_8053232155687666557_n.jpg\" alt=\"\" width=\"720\" height=\"720\" srcset=\"https:\/\/exaudi.org\/wp-content\/uploads\/2023\/10\/387270040_1104635950504639_8053232155687666557_n.jpg 720w, https:\/\/exaudi.org\/wp-content\/uploads\/2023\/10\/387270040_1104635950504639_8053232155687666557_n-300x300.jpg 300w, https:\/\/exaudi.org\/wp-content\/uploads\/2023\/10\/387270040_1104635950504639_8053232155687666557_n-100x100.jpg?crop=1 100w, https:\/\/exaudi.org\/wp-content\/uploads\/2023\/10\/387270040_1104635950504639_8053232155687666557_n-500x500.jpg 500w, https:\/\/exaudi.org\/wp-content\/uploads\/2023\/10\/387270040_1104635950504639_8053232155687666557_n-293x293.jpg 293w, https:\/\/exaudi.org\/wp-content\/uploads\/2023\/10\/387270040_1104635950504639_8053232155687666557_n-390x390.jpg 390w, https:\/\/exaudi.org\/wp-content\/uploads\/2023\/10\/387270040_1104635950504639_8053232155687666557_n-585x585.jpg 585w\" sizes=\"auto, (max-width: 720px) 100vw, 720px\" \/>Santa Bakhita, se hace cristiana, es transformada por las palabras de Cristo que meditaba cotidianamente: \u00abPadre, perd\u00f3nales, porque no saben lo que hacen\u00bb (<i>Lc<\/i>\u00a023,34). Por esto dec\u00eda: \u201cSi Judas hubiera pedido perd\u00f3n a Jes\u00fas tambi\u00e9n \u00e9l habr\u00eda encontrado misericordia\u201d. Podemos decir que la vida de santa Bakhita se ha convertido en una par\u00e1bola existencial del perd\u00f3n. Qu\u00e9 bonito decir de una persona \u201cha sido capaz, ha sido capaz de perdonar siempre\u201d. Y ella fue capaz de hacerlo siempre, es m\u00e1s: su vida es una par\u00e1bola existencial del perd\u00f3n. Perdonar porque despu\u00e9s nosotros seremos perdonados. No olvidar esto: el perd\u00f3n, que es la caricia de Dios a todos nosotros.<\/p>\n<p>El perd\u00f3n la hizo libre. El perd\u00f3n primero recibido a trav\u00e9s del amor misericordioso de Dios, y despu\u00e9s el perd\u00f3n dado la ha hecho una mujer libre, alegre, capaz de amar.<\/p>\n<p>Bakhita pudo vivir el servicio no como una esclavitud, sino como expresi\u00f3n del don libre de s\u00ed. Y esto es muy importante: hecha sierva voluntariamente \u2013 fue vendida como esclava &#8211; despu\u00e9s ha elegido libremente hacerse sierva, llevar las cargas de los dem\u00e1s sobre sus hombros.<\/p>\n<p>Santa Josefina Bakhita, con su ejemplo, nos indica el camino para ser finalmente libres de nuestras esclavitudes y miedos. Nos ayuda a desenmascarar nuestras hipocres\u00edas y nuestros ego\u00edsmos, a superar resentimientos y conflictos. Y nos anima siempre.<\/p>\n<p><img loading=\"lazy\" decoding=\"async\" class=\"alignleft size-full wp-image-85457\" src=\"https:\/\/exaudi.org\/wp-content\/uploads\/2023\/10\/387740115_1128854098261100_2577695530650357578_n.jpg\" alt=\"\" width=\"720\" height=\"720\" srcset=\"https:\/\/exaudi.org\/wp-content\/uploads\/2023\/10\/387740115_1128854098261100_2577695530650357578_n.jpg 720w, https:\/\/exaudi.org\/wp-content\/uploads\/2023\/10\/387740115_1128854098261100_2577695530650357578_n-300x300.jpg 300w, https:\/\/exaudi.org\/wp-content\/uploads\/2023\/10\/387740115_1128854098261100_2577695530650357578_n-100x100.jpg?crop=1 100w, https:\/\/exaudi.org\/wp-content\/uploads\/2023\/10\/387740115_1128854098261100_2577695530650357578_n-500x500.jpg 500w, https:\/\/exaudi.org\/wp-content\/uploads\/2023\/10\/387740115_1128854098261100_2577695530650357578_n-293x293.jpg 293w, https:\/\/exaudi.org\/wp-content\/uploads\/2023\/10\/387740115_1128854098261100_2577695530650357578_n-390x390.jpg 390w, https:\/\/exaudi.org\/wp-content\/uploads\/2023\/10\/387740115_1128854098261100_2577695530650357578_n-585x585.jpg 585w\" sizes=\"auto, (max-width: 720px) 100vw, 720px\" \/>Queridos hermanos y hermanas, el perd\u00f3n no quita nada, pero a\u00f1ade &#8211; \u00bfqu\u00e9 a\u00f1ade el perd\u00f3n? \u2013 dignidad: el perd\u00f3n no te quita nada, sino que a\u00f1ade dignidad a la persona, hace apartar la mirada de uno mismo hacia los otros, para verlos igual de fr\u00e1giles que nosotros, pero siempre hermanos y hermanas en el Se\u00f1or. Hermanos y hermanas, el perd\u00f3n es fuente de un celo que se hace misericordia y llama a una santidad humilde y alegre, como la de santa Bakhita.<\/p>\n<p>____________________________<\/p>\n<p><b>Saludos:<\/b><\/p>\n<p>Saludo cordialmente a los peregrinos de lengua espa\u00f1ola. Pidamos a Nuestra Se\u00f1ora del Pilar \u2014cuya fiesta celebramos ma\u00f1ana\u2014 que nos ayude a seguir el camino de la santidad, testimoniando la fuerza transformadora del perd\u00f3n de Cristo. Que Dios los bendiga. Muchas gracias.<\/p>\n<p>______________________________<\/p>\n<p>&nbsp;<\/p>\n<p><b>LLAMAMIENTO<\/b><\/p>\n<p>Estoy siguiendo con l\u00e1grimas y preocupaci\u00f3n lo que est\u00e1 sucediendo en Israel y Palestina: muchas personas asesinadas, otras heridas. Rezo por esas familias que han visto transformar un d\u00eda de fiesta en un d\u00eda de luto y pido que los secuestrados sean liberados inmediatamente. Defenderse es un derecho de quien es atacado, pero estoy muy preocupado por el asedio total en el que viven los palestinos en Gaza, donde tambi\u00e9n ha habido muchas v\u00edctimas inocentes. El terrorismo y los extremismos no ayudan a alcanzar una soluci\u00f3n al conflicto entre israel\u00edes y palestinos, sino que alimentan el odio, la violencia, la venganza, y solo hacen sufrir a los unos y a los otros. Oriente Medio no necesita guerra, sino paz, una paz construida en la justicia, en el di\u00e1logo y en la valent\u00eda de la fraternidad.<\/p>\n<p>Dirijo un pensamiento especial a la poblaci\u00f3n de Afganist\u00e1n, que est\u00e1 sufriendo despu\u00e9s del devastador terremoto que la ha golpeado, provocando miles de v\u00edctimas, entre las cuales muchas mujeres y ni\u00f1os, y de desplazados. Invito a todas las personas de buena voluntad a ayudar a este pueblo ya tan probado, contribuyendo, en esp\u00edritu de fraternidad, a aliviar los sufrimientos de la gente y a sostener la reconstrucci\u00f3n necesaria.<\/p>\n<p>______________________________<\/p>\n<p><b><br \/>\nResumen le\u00eddo por el Santo Padre en espa\u00f1ol<\/b><\/p>\n<p>Queridos hermanos y hermanas:<\/p>\n<p>En el ciclo de catequesis dedicadas al celo apost\u00f3lico, hoy nos inspira el testimonio de santa Josefina Bakhita. Naci\u00f3 en Sud\u00e1n y, cuando ten\u00eda apenas siete a\u00f1os, fue raptada y convertida en esclava. Durante su esclavitud padeci\u00f3 numerosos sufrimientos f\u00edsicos y morales. A pesar de tantas heridas recibidas, cuando conoci\u00f3 a Cristo experiment\u00f3 una gran\u00a0liberaci\u00f3n interior, se sinti\u00f3 comprendida, amada, y capaz de amar y perdonar, como Jes\u00fas perdon\u00f3 a\u00a0los\u00a0que lo crucificaron.<\/p>\n<p>La experiencia del perd\u00f3n hizo de Bakhita una mujer pac\u00edfica y pacificadora, libre y liberadora. Su ejemplo nos muestra el camino para liberarnos de nuestros miedos y de nuestras esclavitudes, para desenmascarar nuestras hipocres\u00edas y ego\u00edsmos, para reconciliarnos con nosotros mismos y sembrar paz en nuestras familias y comunidades. Su testimonio de vida nos ense\u00f1a que el celo apost\u00f3lico se expresa en gestos de misericordia, de alegr\u00eda y humildad.<\/p>\n<p>Copyright \u00a9 Dicastero per la Comunicazione &#8211; Libreria Editrice Vaticana<\/p>\n<p>&nbsp;<\/p>\n<p><iframe loading=\"lazy\" title=\"Audiencia General - 11 octubre 2023 - Papa Francisco\" width=\"500\" height=\"281\" src=\"https:\/\/www.youtube.com\/embed\/JMJMZxGpKAE?feature=oembed\" frameborder=\"0\" allow=\"accelerometer; autoplay; clipboard-write; encrypted-media; gyroscope; picture-in-picture; web-share\" referrerpolicy=\"strict-origin-when-cross-origin\" allowfullscreen><\/iframe><\/p>\n<p>Audiencia General,Featured<\/p>\n","protected":false},"excerpt":{"rendered":"<p>Audiencia General<\/p>\n","protected":false},"author":15,"featured_media":85448,"comment_status":"closed","ping_status":"closed","sticky":false,"template":"","format":"standard","meta":{"_acf_changed":false,"_crdt_document":"","inline_featured_image":false,"footnotes":""},"categories":[112,68],"tags":[179,2419,158,8258,5638],"class_list":["post-85444","post","type-post","status-publish","format-standard","has-post-thumbnail","hentry","category-audiencia-general","category-leon-xiv","tag-audiencia-general","tag-featured","tag-papa-francisco","tag-pasion-por-la-evangelizacion","tag-santa-josefina-bakhita"],"acf":[],"yoast_head":"<!-- This site is optimized with the Yoast SEO plugin v27.4 - https:\/\/yoast.com\/product\/yoast-seo-wordpress\/ -->\n<title>Perdonar porque despu\u00e9s nosotros seremos perdonados: el perd\u00f3n, es la caricia de Dios a todos &#8211; Exaudi<\/title>\n<meta name=\"robots\" content=\"index, follow, max-snippet:-1, max-image-preview:large, max-video-preview:-1\" \/>\n<link rel=\"canonical\" href=\"https:\/\/exaudi.org\/es\/perdonar-porque-despues-nosotros-seremos-perdonados-el-perdon-es-la-caricia-de-dios-a-todos\/\" \/>\n<meta property=\"og:locale\" content=\"es_ES\" \/>\n<meta property=\"og:type\" content=\"article\" \/>\n<meta property=\"og:title\" content=\"Perdonar porque despu\u00e9s nosotros seremos perdonados: el perd\u00f3n, es la caricia de Dios a todos &#8211; Exaudi\" \/>\n<meta property=\"og:description\" content=\"Audiencia General\" \/>\n<meta property=\"og:url\" content=\"https:\/\/exaudi.org\/es\/perdonar-porque-despues-nosotros-seremos-perdonados-el-perdon-es-la-caricia-de-dios-a-todos\/\" \/>\n<meta property=\"og:site_name\" content=\"Exaudi\" \/>\n<meta property=\"article:publisher\" content=\"https:\/\/www.facebook.com\/ExaudiNews\" \/>\n<meta property=\"article:author\" content=\"https:\/\/www.facebook.com\/ExaudiNoticias\/\" \/>\n<meta property=\"article:published_time\" content=\"2023-10-11T13:19:19+00:00\" \/>\n<meta property=\"article:modified_time\" content=\"2023-10-11T13:42:03+00:00\" \/>\n<meta property=\"og:image\" content=\"https:\/\/exaudi.org\/wp-content\/uploads\/2023\/10\/387681189_1382109506060037_3517566100159397919_n.jpg\" \/>\n\t<meta property=\"og:image:width\" content=\"1080\" \/>\n\t<meta property=\"og:image:height\" content=\"1080\" \/>\n\t<meta property=\"og:image:type\" content=\"image\/jpeg\" \/>\n<meta name=\"author\" content=\"Exaudi Redacci\u00f3n\" \/>\n<meta name=\"twitter:card\" content=\"summary_large_image\" \/>\n<meta name=\"twitter:creator\" content=\"@Exaudi_noticias\" \/>\n<meta name=\"twitter:site\" content=\"@Exaudi_News\" \/>\n<meta name=\"twitter:label1\" content=\"Escrito por\" \/>\n\t<meta name=\"twitter:data1\" content=\"Exaudi Redacci\u00f3n\" \/>\n\t<meta name=\"twitter:label2\" content=\"Tiempo de lectura\" \/>\n\t<meta name=\"twitter:data2\" content=\"7 minutos\" \/>\n<script type=\"application\/ld+json\" class=\"yoast-schema-graph\">{\"@context\":\"https:\\\/\\\/schema.org\",\"@graph\":[{\"@type\":\"Article\",\"@id\":\"https:\\\/\\\/exaudi.org\\\/es\\\/perdonar-porque-despues-nosotros-seremos-perdonados-el-perdon-es-la-caricia-de-dios-a-todos\\\/#article\",\"isPartOf\":{\"@id\":\"https:\\\/\\\/exaudi.org\\\/es\\\/perdonar-porque-despues-nosotros-seremos-perdonados-el-perdon-es-la-caricia-de-dios-a-todos\\\/\"},\"author\":{\"name\":\"Exaudi Redacci\u00f3n\",\"@id\":\"https:\\\/\\\/exaudi.org\\\/#\\\/schema\\\/person\\\/f5fc8f063065e38742da7afe15f25df7\"},\"headline\":\"Perdonar porque despu\u00e9s nosotros seremos perdonados: el perd\u00f3n, es la caricia de Dios a todos\",\"datePublished\":\"2023-10-11T13:19:19+00:00\",\"dateModified\":\"2023-10-11T13:42:03+00:00\",\"mainEntityOfPage\":{\"@id\":\"https:\\\/\\\/exaudi.org\\\/es\\\/perdonar-porque-despues-nosotros-seremos-perdonados-el-perdon-es-la-caricia-de-dios-a-todos\\\/\"},\"wordCount\":1484,\"image\":{\"@id\":\"https:\\\/\\\/exaudi.org\\\/es\\\/perdonar-porque-despues-nosotros-seremos-perdonados-el-perdon-es-la-caricia-de-dios-a-todos\\\/#primaryimage\"},\"thumbnailUrl\":\"https:\\\/\\\/exaudi.org\\\/wp-content\\\/uploads\\\/2023\\\/10\\\/387681189_1382109506060037_3517566100159397919_n.jpg\",\"keywords\":[\"audiencia general\",\"Featured\",\"papa francisco\",\"Pasi\u00f3n por la Evangelizaci\u00f3n\",\"Santa Josefina Bakhita\"],\"articleSection\":[\"Audiencia General\",\"Le\u00f3n XIV\"],\"inLanguage\":\"es\"},{\"@type\":\"WebPage\",\"@id\":\"https:\\\/\\\/exaudi.org\\\/es\\\/perdonar-porque-despues-nosotros-seremos-perdonados-el-perdon-es-la-caricia-de-dios-a-todos\\\/\",\"url\":\"https:\\\/\\\/exaudi.org\\\/es\\\/perdonar-porque-despues-nosotros-seremos-perdonados-el-perdon-es-la-caricia-de-dios-a-todos\\\/\",\"name\":\"Perdonar porque despu\u00e9s nosotros seremos perdonados: el perd\u00f3n, es la caricia de Dios a todos &#8211; Exaudi\",\"isPartOf\":{\"@id\":\"https:\\\/\\\/exaudi.org\\\/#website\"},\"primaryImageOfPage\":{\"@id\":\"https:\\\/\\\/exaudi.org\\\/es\\\/perdonar-porque-despues-nosotros-seremos-perdonados-el-perdon-es-la-caricia-de-dios-a-todos\\\/#primaryimage\"},\"image\":{\"@id\":\"https:\\\/\\\/exaudi.org\\\/es\\\/perdonar-porque-despues-nosotros-seremos-perdonados-el-perdon-es-la-caricia-de-dios-a-todos\\\/#primaryimage\"},\"thumbnailUrl\":\"https:\\\/\\\/exaudi.org\\\/wp-content\\\/uploads\\\/2023\\\/10\\\/387681189_1382109506060037_3517566100159397919_n.jpg\",\"datePublished\":\"2023-10-11T13:19:19+00:00\",\"dateModified\":\"2023-10-11T13:42:03+00:00\",\"author\":{\"@id\":\"https:\\\/\\\/exaudi.org\\\/#\\\/schema\\\/person\\\/f5fc8f063065e38742da7afe15f25df7\"},\"breadcrumb\":{\"@id\":\"https:\\\/\\\/exaudi.org\\\/es\\\/perdonar-porque-despues-nosotros-seremos-perdonados-el-perdon-es-la-caricia-de-dios-a-todos\\\/#breadcrumb\"},\"inLanguage\":\"es\",\"potentialAction\":[{\"@type\":\"ReadAction\",\"target\":[\"https:\\\/\\\/exaudi.org\\\/es\\\/perdonar-porque-despues-nosotros-seremos-perdonados-el-perdon-es-la-caricia-de-dios-a-todos\\\/\"]}]},{\"@type\":\"ImageObject\",\"inLanguage\":\"es\",\"@id\":\"https:\\\/\\\/exaudi.org\\\/es\\\/perdonar-porque-despues-nosotros-seremos-perdonados-el-perdon-es-la-caricia-de-dios-a-todos\\\/#primaryimage\",\"url\":\"https:\\\/\\\/exaudi.org\\\/wp-content\\\/uploads\\\/2023\\\/10\\\/387681189_1382109506060037_3517566100159397919_n.jpg\",\"contentUrl\":\"https:\\\/\\\/exaudi.org\\\/wp-content\\\/uploads\\\/2023\\\/10\\\/387681189_1382109506060037_3517566100159397919_n.jpg\",\"width\":1080,\"height\":1080},{\"@type\":\"BreadcrumbList\",\"@id\":\"https:\\\/\\\/exaudi.org\\\/es\\\/perdonar-porque-despues-nosotros-seremos-perdonados-el-perdon-es-la-caricia-de-dios-a-todos\\\/#breadcrumb\",\"itemListElement\":[{\"@type\":\"ListItem\",\"position\":1,\"name\":\"Portada\",\"item\":\"https:\\\/\\\/exaudi.org\\\/es\\\/\"},{\"@type\":\"ListItem\",\"position\":2,\"name\":\"Perdonar porque despu\u00e9s nosotros seremos perdonados: el perd\u00f3n, es la caricia de Dios a todos\"}]},{\"@type\":\"WebSite\",\"@id\":\"https:\\\/\\\/exaudi.org\\\/#website\",\"url\":\"https:\\\/\\\/exaudi.org\\\/\",\"name\":\"Exaudi\",\"description\":\"News\",\"potentialAction\":[{\"@type\":\"SearchAction\",\"target\":{\"@type\":\"EntryPoint\",\"urlTemplate\":\"https:\\\/\\\/exaudi.org\\\/?s={search_term_string}\"},\"query-input\":{\"@type\":\"PropertyValueSpecification\",\"valueRequired\":true,\"valueName\":\"search_term_string\"}}],\"inLanguage\":\"es\"},{\"@type\":\"Person\",\"@id\":\"https:\\\/\\\/exaudi.org\\\/#\\\/schema\\\/person\\\/f5fc8f063065e38742da7afe15f25df7\",\"name\":\"Exaudi Redacci\u00f3n\",\"image\":{\"@type\":\"ImageObject\",\"inLanguage\":\"es\",\"@id\":\"https:\\\/\\\/secure.gravatar.com\\\/avatar\\\/fe0f6a059fb68d9b3e11bc5850dd4899b1c7492091a3cb6dd9b01b56ad828be2?s=96&d=mm&r=g\",\"url\":\"https:\\\/\\\/secure.gravatar.com\\\/avatar\\\/fe0f6a059fb68d9b3e11bc5850dd4899b1c7492091a3cb6dd9b01b56ad828be2?s=96&d=mm&r=g\",\"contentUrl\":\"https:\\\/\\\/secure.gravatar.com\\\/avatar\\\/fe0f6a059fb68d9b3e11bc5850dd4899b1c7492091a3cb6dd9b01b56ad828be2?s=96&d=mm&r=g\",\"caption\":\"Exaudi Redacci\u00f3n\"},\"description\":\"\u00bfQu\u00e9 es Exaudi News? Exaudi News es un medio de comunicaci\u00f3n cat\u00f3lico internacional que informa, forma y transforma, diariamente en espa\u00f1ol, ingl\u00e9s e italiano. A trav\u00e9s de noticias, art\u00edculos de an\u00e1lisis y transmisiones en directo de los eventos del Papa, Exaudi busca fortalecer la unidad de los cristianos y contribuir a la evangelizaci\u00f3n del mundo, siempre guiados por la doctrina social de la Iglesia. Trabajamos para acercar la verdad y los valores cristianos a cada rinc\u00f3n del planeta. \u00a1Ay\u00fadanos a transformar el mundo con Exaudi! En Exaudi creemos que la evangelizaci\u00f3n y la informaci\u00f3n de calidad pueden cambiar vidas. Para continuar con nuestra misi\u00f3n y expandir nuestro alcance, necesitamos tu ayuda. Adem\u00e1s, buscamos personas comprometidas que deseen unirse a nuestro equipo. Con tu apoyo, lograremos llegar a m\u00e1s personas, difundir el mensaje de Cristo y reforzar la unidad de los cristianos. \u00bfTe unes a nuestra misi\u00f3n? Para m\u00e1s informaci\u00f3n sobre c\u00f3mo colaborar, visita Exaudi.org\\\/es o cont\u00e1ctanos directamente: info@exaudi.org Exaudi: Informa, forma y transforma.\",\"sameAs\":[\"https:\\\/\\\/www.facebook.com\\\/ExaudiNoticias\\\/\",\"https:\\\/\\\/www.instagram.com\\\/exaudi_noticias\\\/\",\"https:\\\/\\\/x.com\\\/Exaudi_noticias\",\"https:\\\/\\\/www.youtube.com\\\/@exaudicatholicnews\"],\"url\":\"https:\\\/\\\/exaudi.org\\\/es\\\/author\\\/redaccionexaudi\\\/\"}]}<\/script>\n<!-- \/ Yoast SEO plugin. -->","yoast_head_json":{"title":"Perdonar porque despu\u00e9s nosotros seremos perdonados: el perd\u00f3n, es la caricia de Dios a todos &#8211; Exaudi","robots":{"index":"index","follow":"follow","max-snippet":"max-snippet:-1","max-image-preview":"max-image-preview:large","max-video-preview":"max-video-preview:-1"},"canonical":"https:\/\/exaudi.org\/es\/perdonar-porque-despues-nosotros-seremos-perdonados-el-perdon-es-la-caricia-de-dios-a-todos\/","og_locale":"es_ES","og_type":"article","og_title":"Perdonar porque despu\u00e9s nosotros seremos perdonados: el perd\u00f3n, es la caricia de Dios a todos &#8211; Exaudi","og_description":"Audiencia General","og_url":"https:\/\/exaudi.org\/es\/perdonar-porque-despues-nosotros-seremos-perdonados-el-perdon-es-la-caricia-de-dios-a-todos\/","og_site_name":"Exaudi","article_publisher":"https:\/\/www.facebook.com\/ExaudiNews","article_author":"https:\/\/www.facebook.com\/ExaudiNoticias\/","article_published_time":"2023-10-11T13:19:19+00:00","article_modified_time":"2023-10-11T13:42:03+00:00","og_image":[{"width":1080,"height":1080,"url":"https:\/\/exaudi.org\/wp-content\/uploads\/2023\/10\/387681189_1382109506060037_3517566100159397919_n.jpg","type":"image\/jpeg"}],"author":"Exaudi Redacci\u00f3n","twitter_card":"summary_large_image","twitter_creator":"@Exaudi_noticias","twitter_site":"@Exaudi_News","twitter_misc":{"Escrito por":"Exaudi Redacci\u00f3n","Tiempo de lectura":"7 minutos"},"schema":{"@context":"https:\/\/schema.org","@graph":[{"@type":"Article","@id":"https:\/\/exaudi.org\/es\/perdonar-porque-despues-nosotros-seremos-perdonados-el-perdon-es-la-caricia-de-dios-a-todos\/#article","isPartOf":{"@id":"https:\/\/exaudi.org\/es\/perdonar-porque-despues-nosotros-seremos-perdonados-el-perdon-es-la-caricia-de-dios-a-todos\/"},"author":{"name":"Exaudi Redacci\u00f3n","@id":"https:\/\/exaudi.org\/#\/schema\/person\/f5fc8f063065e38742da7afe15f25df7"},"headline":"Perdonar porque despu\u00e9s nosotros seremos perdonados: el perd\u00f3n, es la caricia de Dios a todos","datePublished":"2023-10-11T13:19:19+00:00","dateModified":"2023-10-11T13:42:03+00:00","mainEntityOfPage":{"@id":"https:\/\/exaudi.org\/es\/perdonar-porque-despues-nosotros-seremos-perdonados-el-perdon-es-la-caricia-de-dios-a-todos\/"},"wordCount":1484,"image":{"@id":"https:\/\/exaudi.org\/es\/perdonar-porque-despues-nosotros-seremos-perdonados-el-perdon-es-la-caricia-de-dios-a-todos\/#primaryimage"},"thumbnailUrl":"https:\/\/exaudi.org\/wp-content\/uploads\/2023\/10\/387681189_1382109506060037_3517566100159397919_n.jpg","keywords":["audiencia general","Featured","papa francisco","Pasi\u00f3n por la Evangelizaci\u00f3n","Santa Josefina Bakhita"],"articleSection":["Audiencia General","Le\u00f3n XIV"],"inLanguage":"es"},{"@type":"WebPage","@id":"https:\/\/exaudi.org\/es\/perdonar-porque-despues-nosotros-seremos-perdonados-el-perdon-es-la-caricia-de-dios-a-todos\/","url":"https:\/\/exaudi.org\/es\/perdonar-porque-despues-nosotros-seremos-perdonados-el-perdon-es-la-caricia-de-dios-a-todos\/","name":"Perdonar porque despu\u00e9s nosotros seremos perdonados: el perd\u00f3n, es la caricia de Dios a todos &#8211; Exaudi","isPartOf":{"@id":"https:\/\/exaudi.org\/#website"},"primaryImageOfPage":{"@id":"https:\/\/exaudi.org\/es\/perdonar-porque-despues-nosotros-seremos-perdonados-el-perdon-es-la-caricia-de-dios-a-todos\/#primaryimage"},"image":{"@id":"https:\/\/exaudi.org\/es\/perdonar-porque-despues-nosotros-seremos-perdonados-el-perdon-es-la-caricia-de-dios-a-todos\/#primaryimage"},"thumbnailUrl":"https:\/\/exaudi.org\/wp-content\/uploads\/2023\/10\/387681189_1382109506060037_3517566100159397919_n.jpg","datePublished":"2023-10-11T13:19:19+00:00","dateModified":"2023-10-11T13:42:03+00:00","author":{"@id":"https:\/\/exaudi.org\/#\/schema\/person\/f5fc8f063065e38742da7afe15f25df7"},"breadcrumb":{"@id":"https:\/\/exaudi.org\/es\/perdonar-porque-despues-nosotros-seremos-perdonados-el-perdon-es-la-caricia-de-dios-a-todos\/#breadcrumb"},"inLanguage":"es","potentialAction":[{"@type":"ReadAction","target":["https:\/\/exaudi.org\/es\/perdonar-porque-despues-nosotros-seremos-perdonados-el-perdon-es-la-caricia-de-dios-a-todos\/"]}]},{"@type":"ImageObject","inLanguage":"es","@id":"https:\/\/exaudi.org\/es\/perdonar-porque-despues-nosotros-seremos-perdonados-el-perdon-es-la-caricia-de-dios-a-todos\/#primaryimage","url":"https:\/\/exaudi.org\/wp-content\/uploads\/2023\/10\/387681189_1382109506060037_3517566100159397919_n.jpg","contentUrl":"https:\/\/exaudi.org\/wp-content\/uploads\/2023\/10\/387681189_1382109506060037_3517566100159397919_n.jpg","width":1080,"height":1080},{"@type":"BreadcrumbList","@id":"https:\/\/exaudi.org\/es\/perdonar-porque-despues-nosotros-seremos-perdonados-el-perdon-es-la-caricia-de-dios-a-todos\/#breadcrumb","itemListElement":[{"@type":"ListItem","position":1,"name":"Portada","item":"https:\/\/exaudi.org\/es\/"},{"@type":"ListItem","position":2,"name":"Perdonar porque despu\u00e9s nosotros seremos perdonados: el perd\u00f3n, es la caricia de Dios a todos"}]},{"@type":"WebSite","@id":"https:\/\/exaudi.org\/#website","url":"https:\/\/exaudi.org\/","name":"Exaudi","description":"News","potentialAction":[{"@type":"SearchAction","target":{"@type":"EntryPoint","urlTemplate":"https:\/\/exaudi.org\/?s={search_term_string}"},"query-input":{"@type":"PropertyValueSpecification","valueRequired":true,"valueName":"search_term_string"}}],"inLanguage":"es"},{"@type":"Person","@id":"https:\/\/exaudi.org\/#\/schema\/person\/f5fc8f063065e38742da7afe15f25df7","name":"Exaudi Redacci\u00f3n","image":{"@type":"ImageObject","inLanguage":"es","@id":"https:\/\/secure.gravatar.com\/avatar\/fe0f6a059fb68d9b3e11bc5850dd4899b1c7492091a3cb6dd9b01b56ad828be2?s=96&d=mm&r=g","url":"https:\/\/secure.gravatar.com\/avatar\/fe0f6a059fb68d9b3e11bc5850dd4899b1c7492091a3cb6dd9b01b56ad828be2?s=96&d=mm&r=g","contentUrl":"https:\/\/secure.gravatar.com\/avatar\/fe0f6a059fb68d9b3e11bc5850dd4899b1c7492091a3cb6dd9b01b56ad828be2?s=96&d=mm&r=g","caption":"Exaudi Redacci\u00f3n"},"description":"\u00bfQu\u00e9 es Exaudi News? Exaudi News es un medio de comunicaci\u00f3n cat\u00f3lico internacional que informa, forma y transforma, diariamente en espa\u00f1ol, ingl\u00e9s e italiano. A trav\u00e9s de noticias, art\u00edculos de an\u00e1lisis y transmisiones en directo de los eventos del Papa, Exaudi busca fortalecer la unidad de los cristianos y contribuir a la evangelizaci\u00f3n del mundo, siempre guiados por la doctrina social de la Iglesia. Trabajamos para acercar la verdad y los valores cristianos a cada rinc\u00f3n del planeta. \u00a1Ay\u00fadanos a transformar el mundo con Exaudi! En Exaudi creemos que la evangelizaci\u00f3n y la informaci\u00f3n de calidad pueden cambiar vidas. Para continuar con nuestra misi\u00f3n y expandir nuestro alcance, necesitamos tu ayuda. Adem\u00e1s, buscamos personas comprometidas que deseen unirse a nuestro equipo. Con tu apoyo, lograremos llegar a m\u00e1s personas, difundir el mensaje de Cristo y reforzar la unidad de los cristianos. \u00bfTe unes a nuestra misi\u00f3n? Para m\u00e1s informaci\u00f3n sobre c\u00f3mo colaborar, visita Exaudi.org\/es o cont\u00e1ctanos directamente: info@exaudi.org Exaudi: Informa, forma y transforma.","sameAs":["https:\/\/www.facebook.com\/ExaudiNoticias\/","https:\/\/www.instagram.com\/exaudi_noticias\/","https:\/\/x.com\/Exaudi_noticias","https:\/\/www.youtube.com\/@exaudicatholicnews"],"url":"https:\/\/exaudi.org\/es\/author\/redaccionexaudi\/"}]}},"jetpack_featured_media_url":"https:\/\/exaudi.org\/wp-content\/uploads\/2023\/10\/387681189_1382109506060037_3517566100159397919_n.jpg","jetpack_shortlink":"https:\/\/wp.me\/pgKjF2-me8","_links":{"self":[{"href":"https:\/\/exaudi.org\/es\/wp-json\/wp\/v2\/posts\/85444","targetHints":{"allow":["GET"]}}],"collection":[{"href":"https:\/\/exaudi.org\/es\/wp-json\/wp\/v2\/posts"}],"about":[{"href":"https:\/\/exaudi.org\/es\/wp-json\/wp\/v2\/types\/post"}],"author":[{"embeddable":true,"href":"https:\/\/exaudi.org\/es\/wp-json\/wp\/v2\/users\/15"}],"replies":[{"embeddable":true,"href":"https:\/\/exaudi.org\/es\/wp-json\/wp\/v2\/comments?post=85444"}],"version-history":[{"count":0,"href":"https:\/\/exaudi.org\/es\/wp-json\/wp\/v2\/posts\/85444\/revisions"}],"wp:featuredmedia":[{"embeddable":true,"href":"https:\/\/exaudi.org\/es\/wp-json\/wp\/v2\/media\/85448"}],"wp:attachment":[{"href":"https:\/\/exaudi.org\/es\/wp-json\/wp\/v2\/media?parent=85444"}],"wp:term":[{"taxonomy":"category","embeddable":true,"href":"https:\/\/exaudi.org\/es\/wp-json\/wp\/v2\/categories?post=85444"},{"taxonomy":"post_tag","embeddable":true,"href":"https:\/\/exaudi.org\/es\/wp-json\/wp\/v2\/tags?post=85444"}],"curies":[{"name":"wp","href":"https:\/\/api.w.org\/{rel}","templated":true}]}}