{"id":85397,"date":"2023-10-11T08:30:49","date_gmt":"2023-10-11T06:30:49","guid":{"rendered":"https:\/\/exaudi.org\/?p=85397"},"modified":"2023-10-11T13:58:22","modified_gmt":"2023-10-11T11:58:22","slug":"un-comentario-en-torno-a-los-votos-de-pobreza-castidad-y-obediencia-ii","status":"publish","type":"post","link":"https:\/\/exaudi.org\/es\/un-comentario-en-torno-a-los-votos-de-pobreza-castidad-y-obediencia-ii\/","title":{"rendered":"Un comentario en torno a los votos de pobreza, castidad y obediencia (II)"},"content":{"rendered":"<audio class=\"wp-audio-shortcode\" id=\"audio-85397-1\" preload=\"none\" style=\"width: 100%;\" controls=\"controls\"><source type=\"audio\/mpeg\" src=\"https:\/\/exaudi.org\/wp-content\/uploads\/2023\/10\/Asis-2.mp3?_=1\" \/><a href=\"https:\/\/exaudi.org\/wp-content\/uploads\/2023\/10\/Asis-2.mp3\">https:\/\/exaudi.org\/wp-content\/uploads\/2023\/10\/Asis-2.mp3<\/a><\/audio>\n<p style=\"text-align: left\">Con motivo de los 800 a\u00f1os de la aprobaci\u00f3n de la regla de la primera orden franciscana de los Hermanos Menores.<\/p>\n<h3><strong>La alegor\u00eda de la castidad<\/strong><\/h3>\n<p>Llamados en libertad a la plenitud y dignidad de nuestro ser, en el camino del Se\u00f1or todos buscamos que las tres facetas de nuestra esencia y condici\u00f3n humana \u2013alma, cuerpo y mente\u2013 logren integrarse armoniosa y cabalmente en unidad. No es una vereda f\u00e1cil \u2013hay que mantenerse en lo dif\u00edcil, recomendaba el poeta Rainer Maria Rilke, y todo lo serio es dif\u00edcil, a\u00f1ad\u00eda\u2013 porque nuestras tres naturalezas con frecuencia siguen su rumbo sin orden ni concierto, sin el acompasamiento con las otras, cerr\u00e1ndonos en c\u00edrculos que no poseen salida f\u00e9rtil y alej\u00e1ndonos de la senda que en verdad nos lleva a manifestar la fuerza de la vida en nuestro potencial de amor. La gu\u00eda de la conciencia, del esp\u00edritu que anima, orienta y funde en unidad las otras facetas de nuestro ser, resulta as\u00ed fundamental. Por ello el <em>Catecismo de la Iglesia Cat\u00f3lica<\/em> nos recuerda que todos sus miembros, cada uno en su estado, poseemos \u201cla vocaci\u00f3n a la castidad\u201d en la totalidad del don de nuestras personas, don que hemos recibido de Dios Padre. Veamos c\u00f3mo nos lo explica textualmente:<\/p>\n<p>\u201cLa castidad significa la integraci\u00f3n lograda de la sexualidad en la persona, y por ello en la unidad interior del hombre en su ser corporal y espiritual. La sexualidad, en la que se expresa la pertenencia del hombre al mundo corporal y biol\u00f3gico, se hace personal y verdaderamente humana cuando est\u00e1 integrada en la relaci\u00f3n de persona a persona, en el don mutuo total y temporalmente ilimitado del hombre y de la mujer\u201d (N\u00ba 2337)<\/p>\n<p>Y a\u00f1ade: \u201cLa castidad implica un\u00a0<em>aprendizaje del dominio de s\u00ed<\/em>, que es una pedagog\u00eda de la libertad humana\u201d, siempre dirigida hacia la consecuci\u00f3n del bien. Es necesario que de esta forma el ser humano \u201cact\u00fae seg\u00fan una elecci\u00f3n consciente y libre, es decir, movido e inducido personalmente desde dentro y no bajo la presi\u00f3n de un ciego impulso interior o de la mera coacci\u00f3n externa\u201d (N\u00ba 2339). Ciegos impulsos internos, coacciones que vienen de un ambiente arrollador, intensas e incontrolables pasiones: todas se nos pueden figurar como fuerzas casi invencibles y a veces pueden devenir en inconmovibles inercias de aparente normalidad. Pero en nuestra sed aut\u00e9ntica de libertad y constante b\u00fasqueda de plenitud en el bien, \u00bfcomprendemos entonces c\u00f3mo la castidad aparece, con su nombre humilde, como la opci\u00f3n firme de un sencillo decidir que establece la base m\u00e1s s\u00f3lida, la misma que sostiene y permite la construcci\u00f3n? La vocaci\u00f3n a la castidad se hace as\u00ed manifiesta en la existencia que nos toca vivir, a los casados en la vida conyugal de fiel y mutua entrega amorosa, y a los solteros y a los consagrados \u2013mediante voto especial\u2013 en la vida c\u00e9libe y continente. Mas, en la conciencia de este camino que sigue la l\u00f3gica de integraci\u00f3n de la persona y cuidar con sumo esmero la convivencia entre nosotros, hay algo que es primario y esencial. Nuestra fe nos lo revela desde el Bautismo y nos lleva a contemplar y entender la verdad. San Pablo nos lo recuerda con una pregunta ret\u00f3rica: \u201c\u00bfNo saben que ustedes son templo de Dios y que el Esp\u00edritu de Dios habita en ustedes?\u201d (1 Corintios 3, 16). Entonces, con este inmens\u00edsimo don, \u00bfC\u00f3mo no cuidar, respetar y venerar nuestro templo y el de nuestro pr\u00f3jimo, quien tambi\u00e9n nos muestra en su persona la imagen del Se\u00f1or?<\/p>\n<p>La alegor\u00eda de la Santa Castidad podemos apreciarla en el plemento dedicada a ella. Como una doncella con velo y barboquejo en actitud de oraci\u00f3n ante un retablo tr\u00edptico, la castidad aparece en la ventana flanqueada por columnas salom\u00f3nicas con capitel corintio, que se destaca abierta en la alta torre central de un poderoso castillo de piedras con almenas gibelinas. Dos \u00e1ngeles le ofrecen una corona y una planta en su verdor, como sugiriendo respectivamente el dominio del espacio en que se encuentra y el vigor y lozan\u00eda de la vida que crece en \u00e9l. Afuera y en torno al castillo, \u00e1ngeles guardianes fuertes y veteranos \u2013sus barbas as\u00ed lo sugieren\u2013, armados con escudos y azotes de disciplina,\u00a0 custodian las murallas. Al frente se observa a un joven que es ba\u00f1ado por dos \u00e1ngeles mientras otros dos aguardan con toallas para enjugarlo en una como ceremonia inicial de limpieza y purificaci\u00f3n en la senda casta, al tiempo que desde el borde de la muralla almenada la Santa Limpieza (S. MUNDITIA podemos leer en el fresco) y la Santa Fortaleza (S. FORTITUDO) le ofrecen sus dones de identificaci\u00f3n y defensa: una larga asta con estandarte blanco y un escudo de coraje. A nuestra derecha, la Penitencia (PENITETIA) con alas, capucha y un azote de disciplina, junto a tres j\u00f3venes al parecer religiosos y que nos llevan a pensar en los \u00e1ngeles custodios, expulsan con sus armas peculiares \u2013jabalina para apartar, linterna para iluminar, regla-escuadra para la mesura y rodela defensiva\u2013 a las figuras monstruosas del ciego amor de impulso carnal (AMOR), el ardor pasional (ARD\u00d5) y la impureza o deshonestidad (\u00ceMUNDITIA) que cae al abismo; estas son acompa\u00f1adas al fondo con la negruzca imagen de la muerte espiritual (MORS) armada con su hoz. Como un postre de esta alegor\u00eda, a la izquierda, con un \u00e1ngel cuyo perfil se insin\u00faa al fondo y que porta una cruz que indica el camino, vemos a San Francisco que invita gentilmente con su mano derecha a ascender y entrar en el \u00e1mbito sagrado de la castidad a tres personajes anhelantes que son emblema de las tres \u00f3rdenes fundadas por su inspiraci\u00f3n: los frailes menores, las clarisas y los terciarios o franciscanos seglares que llevan su vida adelante en el mundo. Una invitaci\u00f3n que se reitera en la contemplaci\u00f3n del magn\u00edfico fresco.<\/p>\n","protected":false},"excerpt":{"rendered":"<p>A partir de los frescos de la Bas\u00edlica inferior de San Francisco en As\u00eds<\/p>\n","protected":false},"author":72,"featured_media":85438,"comment_status":"closed","ping_status":"closed","sticky":false,"template":"","format":"standard","meta":{"_acf_changed":false,"_crdt_document":"","inline_featured_image":false,"footnotes":""},"categories":[130],"tags":[3661,10313,1646,10326,4953],"class_list":["post-85397","post","type-post","status-publish","format-standard","has-post-thumbnail","hentry","category-voces","tag-castidad","tag-obediencia","tag-pobreza","tag-san-francisco-asis","tag-trending-es"],"acf":[],"yoast_head":"<!-- This site is optimized with the Yoast SEO plugin v27.4 - https:\/\/yoast.com\/product\/yoast-seo-wordpress\/ -->\n<title>Un comentario en torno a los votos de pobreza, castidad y obediencia (II) &#8211; Exaudi<\/title>\n<meta name=\"robots\" content=\"index, follow, max-snippet:-1, max-image-preview:large, max-video-preview:-1\" \/>\n<link rel=\"canonical\" href=\"https:\/\/exaudi.org\/es\/un-comentario-en-torno-a-los-votos-de-pobreza-castidad-y-obediencia-ii\/\" \/>\n<meta property=\"og:locale\" content=\"es_ES\" \/>\n<meta property=\"og:type\" content=\"article\" \/>\n<meta property=\"og:title\" content=\"Un comentario en torno a los votos de pobreza, castidad y obediencia (II) &#8211; Exaudi\" \/>\n<meta property=\"og:description\" content=\"A partir de los frescos de la Bas\u00edlica inferior de San Francisco en As\u00eds\" \/>\n<meta property=\"og:url\" content=\"https:\/\/exaudi.org\/es\/un-comentario-en-torno-a-los-votos-de-pobreza-castidad-y-obediencia-ii\/\" \/>\n<meta property=\"og:site_name\" content=\"Exaudi\" \/>\n<meta property=\"article:publisher\" content=\"https:\/\/www.facebook.com\/ExaudiNews\" \/>\n<meta property=\"article:published_time\" content=\"2023-10-11T06:30:49+00:00\" \/>\n<meta property=\"article:modified_time\" content=\"2023-10-11T11:58:22+00:00\" \/>\n<meta property=\"og:image\" content=\"https:\/\/exaudi.org\/wp-content\/uploads\/2023\/10\/Alegoria-de-la-Castidad-scaled.jpg\" \/>\n\t<meta property=\"og:image:width\" content=\"2560\" \/>\n\t<meta property=\"og:image:height\" content=\"1344\" \/>\n\t<meta property=\"og:image:type\" content=\"image\/jpeg\" \/>\n<meta name=\"author\" content=\"Cristian \u00c1lvarez\" \/>\n<meta name=\"twitter:card\" content=\"summary_large_image\" \/>\n<meta name=\"twitter:creator\" content=\"@Exaudi_News\" \/>\n<meta name=\"twitter:site\" content=\"@Exaudi_News\" \/>\n<meta name=\"twitter:label1\" content=\"Escrito por\" \/>\n\t<meta name=\"twitter:data1\" content=\"Cristian \u00c1lvarez\" \/>\n\t<meta name=\"twitter:label2\" content=\"Tiempo de lectura\" \/>\n\t<meta name=\"twitter:data2\" content=\"5 minutos\" \/>\n<script type=\"application\/ld+json\" class=\"yoast-schema-graph\">{\"@context\":\"https:\\\/\\\/schema.org\",\"@graph\":[{\"@type\":\"Article\",\"@id\":\"https:\\\/\\\/exaudi.org\\\/es\\\/un-comentario-en-torno-a-los-votos-de-pobreza-castidad-y-obediencia-ii\\\/#article\",\"isPartOf\":{\"@id\":\"https:\\\/\\\/exaudi.org\\\/es\\\/un-comentario-en-torno-a-los-votos-de-pobreza-castidad-y-obediencia-ii\\\/\"},\"author\":{\"name\":\"Cristian \u00c1lvarez\",\"@id\":\"https:\\\/\\\/exaudi.org\\\/#\\\/schema\\\/person\\\/9a30c3bad46a6adaa4c1b634f994fc64\"},\"headline\":\"Un comentario en torno a los votos de pobreza, castidad y obediencia (II)\",\"datePublished\":\"2023-10-11T06:30:49+00:00\",\"dateModified\":\"2023-10-11T11:58:22+00:00\",\"mainEntityOfPage\":{\"@id\":\"https:\\\/\\\/exaudi.org\\\/es\\\/un-comentario-en-torno-a-los-votos-de-pobreza-castidad-y-obediencia-ii\\\/\"},\"wordCount\":1052,\"image\":{\"@id\":\"https:\\\/\\\/exaudi.org\\\/es\\\/un-comentario-en-torno-a-los-votos-de-pobreza-castidad-y-obediencia-ii\\\/#primaryimage\"},\"thumbnailUrl\":\"https:\\\/\\\/exaudi.org\\\/wp-content\\\/uploads\\\/2023\\\/10\\\/Alegoria-de-la-Castidad-scaled.jpg\",\"keywords\":[\"Castidad\",\"obediencia\",\"Pobreza\",\"San Francisco As\u00eds\",\"Trending\"],\"articleSection\":[\"Voces\"],\"inLanguage\":\"es\"},{\"@type\":\"WebPage\",\"@id\":\"https:\\\/\\\/exaudi.org\\\/es\\\/un-comentario-en-torno-a-los-votos-de-pobreza-castidad-y-obediencia-ii\\\/\",\"url\":\"https:\\\/\\\/exaudi.org\\\/es\\\/un-comentario-en-torno-a-los-votos-de-pobreza-castidad-y-obediencia-ii\\\/\",\"name\":\"Un comentario en torno a los votos de pobreza, castidad y obediencia (II) &#8211; Exaudi\",\"isPartOf\":{\"@id\":\"https:\\\/\\\/exaudi.org\\\/#website\"},\"primaryImageOfPage\":{\"@id\":\"https:\\\/\\\/exaudi.org\\\/es\\\/un-comentario-en-torno-a-los-votos-de-pobreza-castidad-y-obediencia-ii\\\/#primaryimage\"},\"image\":{\"@id\":\"https:\\\/\\\/exaudi.org\\\/es\\\/un-comentario-en-torno-a-los-votos-de-pobreza-castidad-y-obediencia-ii\\\/#primaryimage\"},\"thumbnailUrl\":\"https:\\\/\\\/exaudi.org\\\/wp-content\\\/uploads\\\/2023\\\/10\\\/Alegoria-de-la-Castidad-scaled.jpg\",\"datePublished\":\"2023-10-11T06:30:49+00:00\",\"dateModified\":\"2023-10-11T11:58:22+00:00\",\"author\":{\"@id\":\"https:\\\/\\\/exaudi.org\\\/#\\\/schema\\\/person\\\/9a30c3bad46a6adaa4c1b634f994fc64\"},\"breadcrumb\":{\"@id\":\"https:\\\/\\\/exaudi.org\\\/es\\\/un-comentario-en-torno-a-los-votos-de-pobreza-castidad-y-obediencia-ii\\\/#breadcrumb\"},\"inLanguage\":\"es\",\"potentialAction\":[{\"@type\":\"ReadAction\",\"target\":[\"https:\\\/\\\/exaudi.org\\\/es\\\/un-comentario-en-torno-a-los-votos-de-pobreza-castidad-y-obediencia-ii\\\/\"]}]},{\"@type\":\"ImageObject\",\"inLanguage\":\"es\",\"@id\":\"https:\\\/\\\/exaudi.org\\\/es\\\/un-comentario-en-torno-a-los-votos-de-pobreza-castidad-y-obediencia-ii\\\/#primaryimage\",\"url\":\"https:\\\/\\\/exaudi.org\\\/wp-content\\\/uploads\\\/2023\\\/10\\\/Alegoria-de-la-Castidad-scaled.jpg\",\"contentUrl\":\"https:\\\/\\\/exaudi.org\\\/wp-content\\\/uploads\\\/2023\\\/10\\\/Alegoria-de-la-Castidad-scaled.jpg\",\"width\":2560,\"height\":1344,\"caption\":\"Le Ande Films de Jean Carlos Gonz\u00e1lez\"},{\"@type\":\"BreadcrumbList\",\"@id\":\"https:\\\/\\\/exaudi.org\\\/es\\\/un-comentario-en-torno-a-los-votos-de-pobreza-castidad-y-obediencia-ii\\\/#breadcrumb\",\"itemListElement\":[{\"@type\":\"ListItem\",\"position\":1,\"name\":\"Portada\",\"item\":\"https:\\\/\\\/exaudi.org\\\/es\\\/\"},{\"@type\":\"ListItem\",\"position\":2,\"name\":\"Un comentario en torno a los votos de pobreza, castidad y obediencia (II)\"}]},{\"@type\":\"WebSite\",\"@id\":\"https:\\\/\\\/exaudi.org\\\/#website\",\"url\":\"https:\\\/\\\/exaudi.org\\\/\",\"name\":\"Exaudi\",\"description\":\"News\",\"potentialAction\":[{\"@type\":\"SearchAction\",\"target\":{\"@type\":\"EntryPoint\",\"urlTemplate\":\"https:\\\/\\\/exaudi.org\\\/?s={search_term_string}\"},\"query-input\":{\"@type\":\"PropertyValueSpecification\",\"valueRequired\":true,\"valueName\":\"search_term_string\"}}],\"inLanguage\":\"es\"},{\"@type\":\"Person\",\"@id\":\"https:\\\/\\\/exaudi.org\\\/#\\\/schema\\\/person\\\/9a30c3bad46a6adaa4c1b634f994fc64\",\"name\":\"Cristian \u00c1lvarez\",\"image\":{\"@type\":\"ImageObject\",\"inLanguage\":\"es\",\"@id\":\"https:\\\/\\\/secure.gravatar.com\\\/avatar\\\/e67b95b5923e7e3e1424d5e5741d452bd7a77f543e271c57cc20194c69d2f2cd?s=96&d=mm&r=g\",\"url\":\"https:\\\/\\\/secure.gravatar.com\\\/avatar\\\/e67b95b5923e7e3e1424d5e5741d452bd7a77f543e271c57cc20194c69d2f2cd?s=96&d=mm&r=g\",\"contentUrl\":\"https:\\\/\\\/secure.gravatar.com\\\/avatar\\\/e67b95b5923e7e3e1424d5e5741d452bd7a77f543e271c57cc20194c69d2f2cd?s=96&d=mm&r=g\",\"caption\":\"Cristian \u00c1lvarez\"},\"description\":\"Doctor en Letras por la Universidad Sim\u00f3n Bol\u00edvar (USB) de Caracas, Venezuela, es Profesor Titular en la misma universidad. En la USB fue Decano de Estudios Generales, Jefe del Departamento de Lengua y Literatura, Director de la Editorial Equinoccio y Coordinador fundador de la Licenciatura en Estudios y Artes Liberales. Ha publicado los libros Ramos Sucre y la Edad Media (1990; 1992); Salir a la realidad: un legado quijotesco (1999); La \u00abvaria lecci\u00f3n\u00bb de Mariano Pic\u00f3n-Salas: la conciencia como primera libertad (2003; 2011; 2021); \u00bfRepensar (en) la Universidad Sim\u00f3n Bol\u00edvar? (2005); y Di\u00e1logo y comprensi\u00f3n: textos para la universidad (2006). Para Monte \u00c1vila Latinoamericana, prepar\u00f3 la edici\u00f3n de las Biblioteca Mariano Pic\u00f3n-Salas, que consta de doce vol\u00famenes, de los cuales fueron publicados seis. Junto a su esposa Sandra L\u00f3pez, pertenece a la Orden Franciscana Seglar en la Fraternidad La Chinquinquir\u00e1 de Caracas.\",\"url\":\"https:\\\/\\\/exaudi.org\\\/es\\\/author\\\/calvarez\\\/\"}]}<\/script>\n<!-- \/ Yoast SEO plugin. -->","yoast_head_json":{"title":"Un comentario en torno a los votos de pobreza, castidad y obediencia (II) &#8211; Exaudi","robots":{"index":"index","follow":"follow","max-snippet":"max-snippet:-1","max-image-preview":"max-image-preview:large","max-video-preview":"max-video-preview:-1"},"canonical":"https:\/\/exaudi.org\/es\/un-comentario-en-torno-a-los-votos-de-pobreza-castidad-y-obediencia-ii\/","og_locale":"es_ES","og_type":"article","og_title":"Un comentario en torno a los votos de pobreza, castidad y obediencia (II) &#8211; Exaudi","og_description":"A partir de los frescos de la Bas\u00edlica inferior de San Francisco en As\u00eds","og_url":"https:\/\/exaudi.org\/es\/un-comentario-en-torno-a-los-votos-de-pobreza-castidad-y-obediencia-ii\/","og_site_name":"Exaudi","article_publisher":"https:\/\/www.facebook.com\/ExaudiNews","article_published_time":"2023-10-11T06:30:49+00:00","article_modified_time":"2023-10-11T11:58:22+00:00","og_image":[{"width":2560,"height":1344,"url":"https:\/\/exaudi.org\/wp-content\/uploads\/2023\/10\/Alegoria-de-la-Castidad-scaled.jpg","type":"image\/jpeg"}],"author":"Cristian \u00c1lvarez","twitter_card":"summary_large_image","twitter_creator":"@Exaudi_News","twitter_site":"@Exaudi_News","twitter_misc":{"Escrito por":"Cristian \u00c1lvarez","Tiempo de lectura":"5 minutos"},"schema":{"@context":"https:\/\/schema.org","@graph":[{"@type":"Article","@id":"https:\/\/exaudi.org\/es\/un-comentario-en-torno-a-los-votos-de-pobreza-castidad-y-obediencia-ii\/#article","isPartOf":{"@id":"https:\/\/exaudi.org\/es\/un-comentario-en-torno-a-los-votos-de-pobreza-castidad-y-obediencia-ii\/"},"author":{"name":"Cristian \u00c1lvarez","@id":"https:\/\/exaudi.org\/#\/schema\/person\/9a30c3bad46a6adaa4c1b634f994fc64"},"headline":"Un comentario en torno a los votos de pobreza, castidad y obediencia (II)","datePublished":"2023-10-11T06:30:49+00:00","dateModified":"2023-10-11T11:58:22+00:00","mainEntityOfPage":{"@id":"https:\/\/exaudi.org\/es\/un-comentario-en-torno-a-los-votos-de-pobreza-castidad-y-obediencia-ii\/"},"wordCount":1052,"image":{"@id":"https:\/\/exaudi.org\/es\/un-comentario-en-torno-a-los-votos-de-pobreza-castidad-y-obediencia-ii\/#primaryimage"},"thumbnailUrl":"https:\/\/exaudi.org\/wp-content\/uploads\/2023\/10\/Alegoria-de-la-Castidad-scaled.jpg","keywords":["Castidad","obediencia","Pobreza","San Francisco As\u00eds","Trending"],"articleSection":["Voces"],"inLanguage":"es"},{"@type":"WebPage","@id":"https:\/\/exaudi.org\/es\/un-comentario-en-torno-a-los-votos-de-pobreza-castidad-y-obediencia-ii\/","url":"https:\/\/exaudi.org\/es\/un-comentario-en-torno-a-los-votos-de-pobreza-castidad-y-obediencia-ii\/","name":"Un comentario en torno a los votos de pobreza, castidad y obediencia (II) &#8211; Exaudi","isPartOf":{"@id":"https:\/\/exaudi.org\/#website"},"primaryImageOfPage":{"@id":"https:\/\/exaudi.org\/es\/un-comentario-en-torno-a-los-votos-de-pobreza-castidad-y-obediencia-ii\/#primaryimage"},"image":{"@id":"https:\/\/exaudi.org\/es\/un-comentario-en-torno-a-los-votos-de-pobreza-castidad-y-obediencia-ii\/#primaryimage"},"thumbnailUrl":"https:\/\/exaudi.org\/wp-content\/uploads\/2023\/10\/Alegoria-de-la-Castidad-scaled.jpg","datePublished":"2023-10-11T06:30:49+00:00","dateModified":"2023-10-11T11:58:22+00:00","author":{"@id":"https:\/\/exaudi.org\/#\/schema\/person\/9a30c3bad46a6adaa4c1b634f994fc64"},"breadcrumb":{"@id":"https:\/\/exaudi.org\/es\/un-comentario-en-torno-a-los-votos-de-pobreza-castidad-y-obediencia-ii\/#breadcrumb"},"inLanguage":"es","potentialAction":[{"@type":"ReadAction","target":["https:\/\/exaudi.org\/es\/un-comentario-en-torno-a-los-votos-de-pobreza-castidad-y-obediencia-ii\/"]}]},{"@type":"ImageObject","inLanguage":"es","@id":"https:\/\/exaudi.org\/es\/un-comentario-en-torno-a-los-votos-de-pobreza-castidad-y-obediencia-ii\/#primaryimage","url":"https:\/\/exaudi.org\/wp-content\/uploads\/2023\/10\/Alegoria-de-la-Castidad-scaled.jpg","contentUrl":"https:\/\/exaudi.org\/wp-content\/uploads\/2023\/10\/Alegoria-de-la-Castidad-scaled.jpg","width":2560,"height":1344,"caption":"Le Ande Films de Jean Carlos Gonz\u00e1lez"},{"@type":"BreadcrumbList","@id":"https:\/\/exaudi.org\/es\/un-comentario-en-torno-a-los-votos-de-pobreza-castidad-y-obediencia-ii\/#breadcrumb","itemListElement":[{"@type":"ListItem","position":1,"name":"Portada","item":"https:\/\/exaudi.org\/es\/"},{"@type":"ListItem","position":2,"name":"Un comentario en torno a los votos de pobreza, castidad y obediencia (II)"}]},{"@type":"WebSite","@id":"https:\/\/exaudi.org\/#website","url":"https:\/\/exaudi.org\/","name":"Exaudi","description":"News","potentialAction":[{"@type":"SearchAction","target":{"@type":"EntryPoint","urlTemplate":"https:\/\/exaudi.org\/?s={search_term_string}"},"query-input":{"@type":"PropertyValueSpecification","valueRequired":true,"valueName":"search_term_string"}}],"inLanguage":"es"},{"@type":"Person","@id":"https:\/\/exaudi.org\/#\/schema\/person\/9a30c3bad46a6adaa4c1b634f994fc64","name":"Cristian \u00c1lvarez","image":{"@type":"ImageObject","inLanguage":"es","@id":"https:\/\/secure.gravatar.com\/avatar\/e67b95b5923e7e3e1424d5e5741d452bd7a77f543e271c57cc20194c69d2f2cd?s=96&d=mm&r=g","url":"https:\/\/secure.gravatar.com\/avatar\/e67b95b5923e7e3e1424d5e5741d452bd7a77f543e271c57cc20194c69d2f2cd?s=96&d=mm&r=g","contentUrl":"https:\/\/secure.gravatar.com\/avatar\/e67b95b5923e7e3e1424d5e5741d452bd7a77f543e271c57cc20194c69d2f2cd?s=96&d=mm&r=g","caption":"Cristian \u00c1lvarez"},"description":"Doctor en Letras por la Universidad Sim\u00f3n Bol\u00edvar (USB) de Caracas, Venezuela, es Profesor Titular en la misma universidad. En la USB fue Decano de Estudios Generales, Jefe del Departamento de Lengua y Literatura, Director de la Editorial Equinoccio y Coordinador fundador de la Licenciatura en Estudios y Artes Liberales. Ha publicado los libros Ramos Sucre y la Edad Media (1990; 1992); Salir a la realidad: un legado quijotesco (1999); La \u00abvaria lecci\u00f3n\u00bb de Mariano Pic\u00f3n-Salas: la conciencia como primera libertad (2003; 2011; 2021); \u00bfRepensar (en) la Universidad Sim\u00f3n Bol\u00edvar? (2005); y Di\u00e1logo y comprensi\u00f3n: textos para la universidad (2006). Para Monte \u00c1vila Latinoamericana, prepar\u00f3 la edici\u00f3n de las Biblioteca Mariano Pic\u00f3n-Salas, que consta de doce vol\u00famenes, de los cuales fueron publicados seis. Junto a su esposa Sandra L\u00f3pez, pertenece a la Orden Franciscana Seglar en la Fraternidad La Chinquinquir\u00e1 de Caracas.","url":"https:\/\/exaudi.org\/es\/author\/calvarez\/"}]}},"jetpack_featured_media_url":"https:\/\/exaudi.org\/wp-content\/uploads\/2023\/10\/Alegoria-de-la-Castidad-scaled.jpg","jetpack_shortlink":"https:\/\/wp.me\/pgKjF2-mdn","_links":{"self":[{"href":"https:\/\/exaudi.org\/es\/wp-json\/wp\/v2\/posts\/85397","targetHints":{"allow":["GET"]}}],"collection":[{"href":"https:\/\/exaudi.org\/es\/wp-json\/wp\/v2\/posts"}],"about":[{"href":"https:\/\/exaudi.org\/es\/wp-json\/wp\/v2\/types\/post"}],"author":[{"embeddable":true,"href":"https:\/\/exaudi.org\/es\/wp-json\/wp\/v2\/users\/72"}],"replies":[{"embeddable":true,"href":"https:\/\/exaudi.org\/es\/wp-json\/wp\/v2\/comments?post=85397"}],"version-history":[{"count":0,"href":"https:\/\/exaudi.org\/es\/wp-json\/wp\/v2\/posts\/85397\/revisions"}],"wp:featuredmedia":[{"embeddable":true,"href":"https:\/\/exaudi.org\/es\/wp-json\/wp\/v2\/media\/85438"}],"wp:attachment":[{"href":"https:\/\/exaudi.org\/es\/wp-json\/wp\/v2\/media?parent=85397"}],"wp:term":[{"taxonomy":"category","embeddable":true,"href":"https:\/\/exaudi.org\/es\/wp-json\/wp\/v2\/categories?post=85397"},{"taxonomy":"post_tag","embeddable":true,"href":"https:\/\/exaudi.org\/es\/wp-json\/wp\/v2\/tags?post=85397"}],"curies":[{"name":"wp","href":"https:\/\/api.w.org\/{rel}","templated":true}]}}