{"id":85386,"date":"2023-10-10T11:47:12","date_gmt":"2023-10-10T09:47:12","guid":{"rendered":"https:\/\/exaudi.org\/?p=85386"},"modified":"2023-10-10T11:52:07","modified_gmt":"2023-10-10T09:52:07","slug":"el-rosario-de-la-virgen-maria","status":"publish","type":"post","link":"https:\/\/exaudi.org\/es\/el-rosario-de-la-virgen-maria\/","title":{"rendered":"El Rosario de la Virgen Mar\u00eda"},"content":{"rendered":"<audio class=\"wp-audio-shortcode\" id=\"audio-85386-1\" preload=\"none\" style=\"width: 100%;\" controls=\"controls\"><source type=\"audio\/mpeg\" src=\"https:\/\/exaudi.org\/wp-content\/uploads\/2023\/10\/Rosario.mp3?_=1\" \/><a href=\"https:\/\/exaudi.org\/wp-content\/uploads\/2023\/10\/Rosario.mp3\">https:\/\/exaudi.org\/wp-content\/uploads\/2023\/10\/Rosario.mp3<\/a><\/audio>\n<p data-adtags-visited=\"true\">San Juan Pablo II, eximio devoto de la Virgen Mar\u00eda, le dedic\u00f3 la Exhortaci\u00f3n Apost\u00f3lica\u00a0<em>Rosarium Virgines Mariae<\/em>\u00a0(16\/10\/2002) a promover y proclamar las bondades del rezo del Santo Rosario. En este mes, dedicado por la Iglesia al rezo del Rosario, vuelvo sobre este escrito del Santo Padre para paladear mejor cada Avemar\u00eda de esta extraordinaria pr\u00e1ctica mariana.<\/p>\n<p data-adtags-visited=\"true\">\u201cEn el trasfondo de las Avemar\u00edas pasan ante los ojos del alma los episodios principales de la vida de Jesucristo\u201d. Los misterios gozosos, luminosos, dolorosos y gloriosos nos ponen en comuni\u00f3n vital con la vida de Cristo. Junto con Mar\u00eda (\u201cMujer, ah\u00ed tienes a tu hijo\u201d, Juan 19, 26) vamos contemplando el Rostro del Se\u00f1or desde su Nacimiento en el establo de Bel\u00e9n hasta su gloriosa Resurrecci\u00f3n y Ascensi\u00f3n al Cielo. En unos pocos segundos, al inicio de cada decena de Avemar\u00edas, van pasando por la mente y el coraz\u00f3n los episodios de la vida del Se\u00f1or. Es oraci\u00f3n vocal, \u201ct\u00edpicamente meditativa -se\u00f1ala el Santo Padre- y se corresponde de alg\u00fan modo con la \u00aboraci\u00f3n del coraz\u00f3n\u00bb, u \u00aboraci\u00f3n de Jes\u00fas\u00bb, surgida sobre el humus del Oriente cristiano\u201d. Oraci\u00f3n de siglos, rezada por millones de fieles a lo largo y ancho del planeta.<\/p>\n<p data-adtags-visited=\"true\">Un consejo muy provecho nos recuerda San Juan Pablo II. Dice: \u201cla escucha y la meditaci\u00f3n se alimentan del silencio. Es conveniente que, despu\u00e9s de enunciar el misterio y proclamar la Palabra, esperemos unos momentos antes de iniciar la oraci\u00f3n vocal, para fijar la atenci\u00f3n sobre el misterio meditado. El redescubrimiento del valor del silencio es uno de los secretos para la pr\u00e1ctica de la contemplaci\u00f3n y la meditaci\u00f3n\u201d. En estos tiempos en donde el ruido lo invade todo y la prisa impide detenerse ante la realidad para gozarla a sorbos, el Rosario ofrece un remanso de serenidad y silencio para afinar el alma. Cada decena est\u00e1 separada por esos instantes de silencio que nos permiten meternos en las escenas del Evangelio como si fu\u00e9ramos un personaje m\u00e1s -as\u00ed le gustaba decir a San Josemar\u00eda Escriv\u00e1-; de tal modo que la memoria de la vida de Cristo se nos hace presente e ilumina nuestra existencia.<\/p>\n<p data-adtags-visited=\"true\">De ah\u00ed que el rezo del Rosario no sea un rezo de \u201cpaporreta\u201d -expresi\u00f3n que sol\u00edamos decir en el colegio cuando repet\u00edamos lecciones sin entenderlas-. Por el contrario, \u201cel Rosario, con su car\u00e1cter espec\u00edfico, pertenece a este variado panorama de la oraci\u00f3n \u2018incesante\u2019, y si la Liturgia, acci\u00f3n de Cristo y de la Iglesia, es acci\u00f3n salv\u00edfica por excelencia, el Rosario, en cuanto meditaci\u00f3n sobre Cristo con Mar\u00eda, es contemplaci\u00f3n saludable. En efecto, penetrando, de misterio en misterio, en la vida del Redentor, hace que cuanto \u00c9l ha realizado y la Liturgia actualiza sea asimilado profundamente y forje la propia existencia\u201d. Cada Avemar\u00eda es <em>oraci\u00f3n incesante<\/em>, un modo pr\u00e1ctico de vivir aquel \u201crezar sin cesar\u201d recomendado por San Pablo. Es petici\u00f3n, agradecimiento, veneraci\u00f3n, de tal modo que nos lleva a poner atenci\u00f3n en lo que decimos, c\u00f3mo lo decimos y a qui\u00e9n se lo decimos, como recomendaba Santa Teresa de Jes\u00fas.<\/p>\n<p data-adtags-visited=\"true\">Rezar el Rosario, solo, en familia, con amigos \u201cexige un ritmo tranquilo y un reflexivo remanso\u201d. Es una gracia, saber que en todo momento podemos acudir a Santa Mar\u00eda y, por Ella, al Se\u00f1or: cuando la alegr\u00eda nos embarga, cuando la tristeza y las tribulaciones nos anudan el coraz\u00f3n, cuando llega el insomnio. Tomar el Rosario y desgranar cada una de sus cuentas es agarrarnos de la mano de Mar\u00eda o recostarse en su regazo: lo mismo que hac\u00edamos de ni\u00f1os con mam\u00e1. El Rosario, con su ritmo tranquilo, ayuda a aquietar el alma, volviendo \u00e9sta a tomar sus pulsaciones normales. El problema o el susto siguen, pero no estamos solos, Ella est\u00e1 con nosotros.<\/p>\n<p data-adtags-visited=\"true\">\u201cDescarga en el Se\u00f1or tu peso, y \u00c9l te sustentar\u00e1\u201d (Salmo 55, 23) dice el Salmo. Tambi\u00e9n podr\u00edamos decir: pon en las manos de la Virgen tu coraz\u00f3n y Ella te sustentar\u00e1.<\/p>\n<p data-adtags-visited=\"true\"><img loading=\"lazy\" decoding=\"async\" class=\"size-full wp-image-85394 aligncenter\" src=\"https:\/\/exaudi.org\/wp-content\/uploads\/2023\/10\/Motivacional.jpg\" alt=\"\" width=\"940\" height=\"788\" srcset=\"https:\/\/exaudi.org\/wp-content\/uploads\/2023\/10\/Motivacional.jpg 940w, https:\/\/exaudi.org\/wp-content\/uploads\/2023\/10\/Motivacional-300x251.jpg 300w, https:\/\/exaudi.org\/wp-content\/uploads\/2023\/10\/Motivacional-770x645.jpg 770w, https:\/\/exaudi.org\/wp-content\/uploads\/2023\/10\/Motivacional-500x419.jpg 500w, https:\/\/exaudi.org\/wp-content\/uploads\/2023\/10\/Motivacional-293x246.jpg 293w, https:\/\/exaudi.org\/wp-content\/uploads\/2023\/10\/Motivacional-390x327.jpg 390w\" sizes=\"auto, (max-width: 940px) 100vw, 940px\" \/><\/p>\n","protected":false},"excerpt":{"rendered":"<p>Rezar el Rosario, solo, en familia, con amigos \u201cexige un ritmo tranquilo y un reflexivo remanso\u201d<\/p>\n","protected":false},"author":109,"featured_media":85387,"comment_status":"closed","ping_status":"closed","sticky":false,"template":"","format":"standard","meta":{"_acf_changed":false,"_crdt_document":"","inline_featured_image":false,"footnotes":""},"categories":[130],"tags":[676,1222,7521,9705,4953,1119],"class_list":["post-85386","post","type-post","status-publish","format-standard","has-post-thumbnail","hentry","category-voces","tag-oracion","tag-san-juan-pablo-ii","tag-santa-maria","tag-santo-rosario","tag-trending-es","tag-virgen-maria"],"acf":[],"yoast_head":"<!-- This site is optimized with the Yoast SEO plugin v27.5 - https:\/\/yoast.com\/product\/yoast-seo-wordpress\/ -->\n<title>El Rosario de la Virgen Mar\u00eda &#8211; Exaudi<\/title>\n<meta name=\"robots\" content=\"index, follow, max-snippet:-1, max-image-preview:large, max-video-preview:-1\" \/>\n<link rel=\"canonical\" href=\"https:\/\/exaudi.org\/es\/el-rosario-de-la-virgen-maria\/\" \/>\n<meta property=\"og:locale\" content=\"es_ES\" \/>\n<meta property=\"og:type\" content=\"article\" \/>\n<meta property=\"og:title\" content=\"El Rosario de la Virgen Mar\u00eda &#8211; Exaudi\" \/>\n<meta property=\"og:description\" content=\"Rezar el Rosario, solo, en familia, con amigos \u201cexige un ritmo tranquilo y un reflexivo remanso\u201d\" \/>\n<meta property=\"og:url\" content=\"https:\/\/exaudi.org\/es\/el-rosario-de-la-virgen-maria\/\" \/>\n<meta property=\"og:site_name\" content=\"Exaudi\" \/>\n<meta property=\"article:publisher\" content=\"https:\/\/www.facebook.com\/ExaudiNews\" \/>\n<meta property=\"article:published_time\" content=\"2023-10-10T09:47:12+00:00\" \/>\n<meta property=\"article:modified_time\" content=\"2023-10-10T09:52:07+00:00\" \/>\n<meta property=\"og:image\" content=\"https:\/\/exaudi.org\/wp-content\/uploads\/2023\/10\/mujer-orando-interior-dios-noche-generada-ia.jpg\" \/>\n\t<meta property=\"og:image:width\" content=\"2000\" \/>\n\t<meta property=\"og:image:height\" content=\"1143\" \/>\n\t<meta property=\"og:image:type\" content=\"image\/jpeg\" \/>\n<meta name=\"author\" content=\"Francisco Bobadilla\" \/>\n<meta name=\"twitter:card\" content=\"summary_large_image\" \/>\n<meta name=\"twitter:creator\" content=\"@Exaudi_News\" \/>\n<meta name=\"twitter:site\" content=\"@Exaudi_News\" \/>\n<meta name=\"twitter:label1\" content=\"Escrito por\" \/>\n\t<meta name=\"twitter:data1\" content=\"Francisco Bobadilla\" \/>\n\t<meta name=\"twitter:label2\" content=\"Tiempo de lectura\" \/>\n\t<meta name=\"twitter:data2\" content=\"4 minutos\" \/>\n<script type=\"application\/ld+json\" class=\"yoast-schema-graph\">{\"@context\":\"https:\\\/\\\/schema.org\",\"@graph\":[{\"@type\":\"Article\",\"@id\":\"https:\\\/\\\/exaudi.org\\\/es\\\/el-rosario-de-la-virgen-maria\\\/#article\",\"isPartOf\":{\"@id\":\"https:\\\/\\\/exaudi.org\\\/es\\\/el-rosario-de-la-virgen-maria\\\/\"},\"author\":{\"name\":\"Francisco Bobadilla\",\"@id\":\"https:\\\/\\\/exaudi.org\\\/#\\\/schema\\\/person\\\/f2d4ad1e1e2bb7dad42a623b75b7166b\"},\"headline\":\"El Rosario de la Virgen Mar\u00eda\",\"datePublished\":\"2023-10-10T09:47:12+00:00\",\"dateModified\":\"2023-10-10T09:52:07+00:00\",\"mainEntityOfPage\":{\"@id\":\"https:\\\/\\\/exaudi.org\\\/es\\\/el-rosario-de-la-virgen-maria\\\/\"},\"wordCount\":733,\"image\":{\"@id\":\"https:\\\/\\\/exaudi.org\\\/es\\\/el-rosario-de-la-virgen-maria\\\/#primaryimage\"},\"thumbnailUrl\":\"https:\\\/\\\/exaudi.org\\\/wp-content\\\/uploads\\\/2023\\\/10\\\/mujer-orando-interior-dios-noche-generada-ia.jpg\",\"keywords\":[\"Oraci\u00f3n\",\"San Juan Pablo II\",\"Santa Mar\u00eda\",\"Santo Rosario\",\"Trending\",\"Virgen Mar\u00eda\"],\"articleSection\":[\"Voces\"],\"inLanguage\":\"es\"},{\"@type\":\"WebPage\",\"@id\":\"https:\\\/\\\/exaudi.org\\\/es\\\/el-rosario-de-la-virgen-maria\\\/\",\"url\":\"https:\\\/\\\/exaudi.org\\\/es\\\/el-rosario-de-la-virgen-maria\\\/\",\"name\":\"El Rosario de la Virgen Mar\u00eda &#8211; Exaudi\",\"isPartOf\":{\"@id\":\"https:\\\/\\\/exaudi.org\\\/#website\"},\"primaryImageOfPage\":{\"@id\":\"https:\\\/\\\/exaudi.org\\\/es\\\/el-rosario-de-la-virgen-maria\\\/#primaryimage\"},\"image\":{\"@id\":\"https:\\\/\\\/exaudi.org\\\/es\\\/el-rosario-de-la-virgen-maria\\\/#primaryimage\"},\"thumbnailUrl\":\"https:\\\/\\\/exaudi.org\\\/wp-content\\\/uploads\\\/2023\\\/10\\\/mujer-orando-interior-dios-noche-generada-ia.jpg\",\"datePublished\":\"2023-10-10T09:47:12+00:00\",\"dateModified\":\"2023-10-10T09:52:07+00:00\",\"author\":{\"@id\":\"https:\\\/\\\/exaudi.org\\\/#\\\/schema\\\/person\\\/f2d4ad1e1e2bb7dad42a623b75b7166b\"},\"breadcrumb\":{\"@id\":\"https:\\\/\\\/exaudi.org\\\/es\\\/el-rosario-de-la-virgen-maria\\\/#breadcrumb\"},\"inLanguage\":\"es\",\"potentialAction\":[{\"@type\":\"ReadAction\",\"target\":[\"https:\\\/\\\/exaudi.org\\\/es\\\/el-rosario-de-la-virgen-maria\\\/\"]}]},{\"@type\":\"ImageObject\",\"inLanguage\":\"es\",\"@id\":\"https:\\\/\\\/exaudi.org\\\/es\\\/el-rosario-de-la-virgen-maria\\\/#primaryimage\",\"url\":\"https:\\\/\\\/exaudi.org\\\/wp-content\\\/uploads\\\/2023\\\/10\\\/mujer-orando-interior-dios-noche-generada-ia.jpg\",\"contentUrl\":\"https:\\\/\\\/exaudi.org\\\/wp-content\\\/uploads\\\/2023\\\/10\\\/mujer-orando-interior-dios-noche-generada-ia.jpg\",\"width\":2000,\"height\":1143,\"caption\":\"Freepik\"},{\"@type\":\"BreadcrumbList\",\"@id\":\"https:\\\/\\\/exaudi.org\\\/es\\\/el-rosario-de-la-virgen-maria\\\/#breadcrumb\",\"itemListElement\":[{\"@type\":\"ListItem\",\"position\":1,\"name\":\"Portada\",\"item\":\"https:\\\/\\\/exaudi.org\\\/es\\\/\"},{\"@type\":\"ListItem\",\"position\":2,\"name\":\"El Rosario de la Virgen Mar\u00eda\"}]},{\"@type\":\"WebSite\",\"@id\":\"https:\\\/\\\/exaudi.org\\\/#website\",\"url\":\"https:\\\/\\\/exaudi.org\\\/\",\"name\":\"Exaudi\",\"description\":\"News\",\"potentialAction\":[{\"@type\":\"SearchAction\",\"target\":{\"@type\":\"EntryPoint\",\"urlTemplate\":\"https:\\\/\\\/exaudi.org\\\/?s={search_term_string}\"},\"query-input\":{\"@type\":\"PropertyValueSpecification\",\"valueRequired\":true,\"valueName\":\"search_term_string\"}}],\"inLanguage\":\"es\"},{\"@type\":\"Person\",\"@id\":\"https:\\\/\\\/exaudi.org\\\/#\\\/schema\\\/person\\\/f2d4ad1e1e2bb7dad42a623b75b7166b\",\"name\":\"Francisco Bobadilla\",\"image\":{\"@type\":\"ImageObject\",\"inLanguage\":\"es\",\"@id\":\"https:\\\/\\\/secure.gravatar.com\\\/avatar\\\/8d65d74eeda045f5ef133a25b739fed12768ab871a0ddb2772cf98408d61ee37?s=96&d=mm&r=g\",\"url\":\"https:\\\/\\\/secure.gravatar.com\\\/avatar\\\/8d65d74eeda045f5ef133a25b739fed12768ab871a0ddb2772cf98408d61ee37?s=96&d=mm&r=g\",\"contentUrl\":\"https:\\\/\\\/secure.gravatar.com\\\/avatar\\\/8d65d74eeda045f5ef133a25b739fed12768ab871a0ddb2772cf98408d61ee37?s=96&d=mm&r=g\",\"caption\":\"Francisco Bobadilla\"},\"description\":\"Francisco Bobadilla es profesor principal de la Universidad de Piura, donde dicta clases para el pre-grado y posgrado. Interesado en las Humanidades y en la dimensi\u00f3n \u00e9tica de la conducta humana. Lector habitual, de cuyas lecturas se nutre en gran parte este blog. Es autor, entre otros, de los libros \u201cPasi\u00f3n por la Excelencia\u201d, \u201cEmpresas con alma\u201d, \u00abProgreso econ\u00f3mico y desarrollo humano\u00bb, \u00abEl C\u00f3digo da Vinci: de la ficci\u00f3n a la realidad\u00bb; \u00abLa disponibilidad de los derechos de la personalidad\u00bb. Abogado y Master en Derecho Civil por la PUCP, doctor en Derecho por la Universidad de Zaragoza; Licenciado en Ciencias de la Informaci\u00f3n por la Universidad de Piura. Sus temas: pensamiento pol\u00edtico y social, \u00e9tica y cultura, derechos de la persona.\",\"sameAs\":[\"https:\\\/\\\/tertuliaabierta.wordpress.com\\\/\"],\"url\":\"https:\\\/\\\/exaudi.org\\\/es\\\/author\\\/francisco-bobadilla\\\/\"}]}<\/script>\n<!-- \/ Yoast SEO plugin. -->","yoast_head_json":{"title":"El Rosario de la Virgen Mar\u00eda &#8211; Exaudi","robots":{"index":"index","follow":"follow","max-snippet":"max-snippet:-1","max-image-preview":"max-image-preview:large","max-video-preview":"max-video-preview:-1"},"canonical":"https:\/\/exaudi.org\/es\/el-rosario-de-la-virgen-maria\/","og_locale":"es_ES","og_type":"article","og_title":"El Rosario de la Virgen Mar\u00eda &#8211; Exaudi","og_description":"Rezar el Rosario, solo, en familia, con amigos \u201cexige un ritmo tranquilo y un reflexivo remanso\u201d","og_url":"https:\/\/exaudi.org\/es\/el-rosario-de-la-virgen-maria\/","og_site_name":"Exaudi","article_publisher":"https:\/\/www.facebook.com\/ExaudiNews","article_published_time":"2023-10-10T09:47:12+00:00","article_modified_time":"2023-10-10T09:52:07+00:00","og_image":[{"width":2000,"height":1143,"url":"https:\/\/exaudi.org\/wp-content\/uploads\/2023\/10\/mujer-orando-interior-dios-noche-generada-ia.jpg","type":"image\/jpeg"}],"author":"Francisco Bobadilla","twitter_card":"summary_large_image","twitter_creator":"@Exaudi_News","twitter_site":"@Exaudi_News","twitter_misc":{"Escrito por":"Francisco Bobadilla","Tiempo de lectura":"4 minutos"},"schema":{"@context":"https:\/\/schema.org","@graph":[{"@type":"Article","@id":"https:\/\/exaudi.org\/es\/el-rosario-de-la-virgen-maria\/#article","isPartOf":{"@id":"https:\/\/exaudi.org\/es\/el-rosario-de-la-virgen-maria\/"},"author":{"name":"Francisco Bobadilla","@id":"https:\/\/exaudi.org\/#\/schema\/person\/f2d4ad1e1e2bb7dad42a623b75b7166b"},"headline":"El Rosario de la Virgen Mar\u00eda","datePublished":"2023-10-10T09:47:12+00:00","dateModified":"2023-10-10T09:52:07+00:00","mainEntityOfPage":{"@id":"https:\/\/exaudi.org\/es\/el-rosario-de-la-virgen-maria\/"},"wordCount":733,"image":{"@id":"https:\/\/exaudi.org\/es\/el-rosario-de-la-virgen-maria\/#primaryimage"},"thumbnailUrl":"https:\/\/exaudi.org\/wp-content\/uploads\/2023\/10\/mujer-orando-interior-dios-noche-generada-ia.jpg","keywords":["Oraci\u00f3n","San Juan Pablo II","Santa Mar\u00eda","Santo Rosario","Trending","Virgen Mar\u00eda"],"articleSection":["Voces"],"inLanguage":"es"},{"@type":"WebPage","@id":"https:\/\/exaudi.org\/es\/el-rosario-de-la-virgen-maria\/","url":"https:\/\/exaudi.org\/es\/el-rosario-de-la-virgen-maria\/","name":"El Rosario de la Virgen Mar\u00eda &#8211; Exaudi","isPartOf":{"@id":"https:\/\/exaudi.org\/#website"},"primaryImageOfPage":{"@id":"https:\/\/exaudi.org\/es\/el-rosario-de-la-virgen-maria\/#primaryimage"},"image":{"@id":"https:\/\/exaudi.org\/es\/el-rosario-de-la-virgen-maria\/#primaryimage"},"thumbnailUrl":"https:\/\/exaudi.org\/wp-content\/uploads\/2023\/10\/mujer-orando-interior-dios-noche-generada-ia.jpg","datePublished":"2023-10-10T09:47:12+00:00","dateModified":"2023-10-10T09:52:07+00:00","author":{"@id":"https:\/\/exaudi.org\/#\/schema\/person\/f2d4ad1e1e2bb7dad42a623b75b7166b"},"breadcrumb":{"@id":"https:\/\/exaudi.org\/es\/el-rosario-de-la-virgen-maria\/#breadcrumb"},"inLanguage":"es","potentialAction":[{"@type":"ReadAction","target":["https:\/\/exaudi.org\/es\/el-rosario-de-la-virgen-maria\/"]}]},{"@type":"ImageObject","inLanguage":"es","@id":"https:\/\/exaudi.org\/es\/el-rosario-de-la-virgen-maria\/#primaryimage","url":"https:\/\/exaudi.org\/wp-content\/uploads\/2023\/10\/mujer-orando-interior-dios-noche-generada-ia.jpg","contentUrl":"https:\/\/exaudi.org\/wp-content\/uploads\/2023\/10\/mujer-orando-interior-dios-noche-generada-ia.jpg","width":2000,"height":1143,"caption":"Freepik"},{"@type":"BreadcrumbList","@id":"https:\/\/exaudi.org\/es\/el-rosario-de-la-virgen-maria\/#breadcrumb","itemListElement":[{"@type":"ListItem","position":1,"name":"Portada","item":"https:\/\/exaudi.org\/es\/"},{"@type":"ListItem","position":2,"name":"El Rosario de la Virgen Mar\u00eda"}]},{"@type":"WebSite","@id":"https:\/\/exaudi.org\/#website","url":"https:\/\/exaudi.org\/","name":"Exaudi","description":"News","potentialAction":[{"@type":"SearchAction","target":{"@type":"EntryPoint","urlTemplate":"https:\/\/exaudi.org\/?s={search_term_string}"},"query-input":{"@type":"PropertyValueSpecification","valueRequired":true,"valueName":"search_term_string"}}],"inLanguage":"es"},{"@type":"Person","@id":"https:\/\/exaudi.org\/#\/schema\/person\/f2d4ad1e1e2bb7dad42a623b75b7166b","name":"Francisco Bobadilla","image":{"@type":"ImageObject","inLanguage":"es","@id":"https:\/\/secure.gravatar.com\/avatar\/8d65d74eeda045f5ef133a25b739fed12768ab871a0ddb2772cf98408d61ee37?s=96&d=mm&r=g","url":"https:\/\/secure.gravatar.com\/avatar\/8d65d74eeda045f5ef133a25b739fed12768ab871a0ddb2772cf98408d61ee37?s=96&d=mm&r=g","contentUrl":"https:\/\/secure.gravatar.com\/avatar\/8d65d74eeda045f5ef133a25b739fed12768ab871a0ddb2772cf98408d61ee37?s=96&d=mm&r=g","caption":"Francisco Bobadilla"},"description":"Francisco Bobadilla es profesor principal de la Universidad de Piura, donde dicta clases para el pre-grado y posgrado. Interesado en las Humanidades y en la dimensi\u00f3n \u00e9tica de la conducta humana. Lector habitual, de cuyas lecturas se nutre en gran parte este blog. Es autor, entre otros, de los libros \u201cPasi\u00f3n por la Excelencia\u201d, \u201cEmpresas con alma\u201d, \u00abProgreso econ\u00f3mico y desarrollo humano\u00bb, \u00abEl C\u00f3digo da Vinci: de la ficci\u00f3n a la realidad\u00bb; \u00abLa disponibilidad de los derechos de la personalidad\u00bb. Abogado y Master en Derecho Civil por la PUCP, doctor en Derecho por la Universidad de Zaragoza; Licenciado en Ciencias de la Informaci\u00f3n por la Universidad de Piura. Sus temas: pensamiento pol\u00edtico y social, \u00e9tica y cultura, derechos de la persona.","sameAs":["https:\/\/tertuliaabierta.wordpress.com\/"],"url":"https:\/\/exaudi.org\/es\/author\/francisco-bobadilla\/"}]}},"jetpack_featured_media_url":"https:\/\/exaudi.org\/wp-content\/uploads\/2023\/10\/mujer-orando-interior-dios-noche-generada-ia.jpg","jetpack_shortlink":"https:\/\/wp.me\/pgKjF2-mdc","_links":{"self":[{"href":"https:\/\/exaudi.org\/es\/wp-json\/wp\/v2\/posts\/85386","targetHints":{"allow":["GET"]}}],"collection":[{"href":"https:\/\/exaudi.org\/es\/wp-json\/wp\/v2\/posts"}],"about":[{"href":"https:\/\/exaudi.org\/es\/wp-json\/wp\/v2\/types\/post"}],"author":[{"embeddable":true,"href":"https:\/\/exaudi.org\/es\/wp-json\/wp\/v2\/users\/109"}],"replies":[{"embeddable":true,"href":"https:\/\/exaudi.org\/es\/wp-json\/wp\/v2\/comments?post=85386"}],"version-history":[{"count":0,"href":"https:\/\/exaudi.org\/es\/wp-json\/wp\/v2\/posts\/85386\/revisions"}],"wp:featuredmedia":[{"embeddable":true,"href":"https:\/\/exaudi.org\/es\/wp-json\/wp\/v2\/media\/85387"}],"wp:attachment":[{"href":"https:\/\/exaudi.org\/es\/wp-json\/wp\/v2\/media?parent=85386"}],"wp:term":[{"taxonomy":"category","embeddable":true,"href":"https:\/\/exaudi.org\/es\/wp-json\/wp\/v2\/categories?post=85386"},{"taxonomy":"post_tag","embeddable":true,"href":"https:\/\/exaudi.org\/es\/wp-json\/wp\/v2\/tags?post=85386"}],"curies":[{"name":"wp","href":"https:\/\/api.w.org\/{rel}","templated":true}]}}