{"id":85359,"date":"2023-10-10T10:07:59","date_gmt":"2023-10-10T08:07:59","guid":{"rendered":"https:\/\/exaudi.org\/?p=85359"},"modified":"2023-10-10T11:00:40","modified_gmt":"2023-10-10T09:00:40","slug":"la-barca-de-pedro-desembarca-en-los-museos-vaticanos-el-10-de-octubre","status":"publish","type":"post","link":"https:\/\/exaudi.org\/es\/la-barca-de-pedro-desembarca-en-los-museos-vaticanos-el-10-de-octubre\/","title":{"rendered":"\u00abLa barca de Pedro\u00bb desembarca en los Museos Vaticanos el 10 de octubre"},"content":{"rendered":"<audio class=\"wp-audio-shortcode\" id=\"audio-85359-1\" preload=\"none\" style=\"width: 100%;\" controls=\"controls\"><source type=\"audio\/mpeg\" src=\"https:\/\/exaudi.org\/wp-content\/uploads\/2023\/10\/Barca-de-Pedro.mp3?_=1\" \/><a href=\"https:\/\/exaudi.org\/wp-content\/uploads\/2023\/10\/Barca-de-Pedro.mp3\">https:\/\/exaudi.org\/wp-content\/uploads\/2023\/10\/Barca-de-Pedro.mp3<\/a><\/audio>\n<p>Recibido como regalo del Papa Francisco, el precioso objeto La Barca di Pietro (La Barca de Pedro), de la hist\u00f3rica familia de armadores Aponte, ser\u00e1 colocado en los Museos Vaticanos. El pasado 15 de marzo, seg\u00fan informa un comunicado de prensa de los Museos del Papa, se ofreci\u00f3 al Pont\u00edfice como regalo la obra realizada a mano por los Aponte, carpinteros de ribera de la pen\u00ednsula sorrentina, en colaboraci\u00f3n con el Instituto Diplom\u00e1tico Internacional. La embarcaci\u00f3n es una fiel reproducci\u00f3n de la antigua y original Navicella di Pietro hallada en 1986 en el fondo del lago de Tiber\u00edades y hoy conservada en el Museo Yigal Allon de Ginosar, en Galilea. El Papa lo bendijo y, a partir del martes 10 de octubre, el imponente velero, de casi 9 metros x 2 metros de eslora, encontrar\u00e1 su ubicaci\u00f3n escenogr\u00e1fica y definitiva en la entrada de los Museos Vaticanos, tendido en la base de la moderna rampa helicoidal tambi\u00e9n conocida como V\u00eda del Mare, un recorrido expositivo permanente con maquetas de embarcaciones de todo el mundo.<\/p>\n<h3><strong>La obra de instalaci\u00f3n<\/strong><\/h3>\n<p>La barca de Pedro acoger\u00e1, con su fuerte carga simb\u00f3lica y espiritual, a todos los peregrinos y turistas que emprendan su sugestivo viaje a las bellezas de los Museos del Papa, es decir, a lo que Francisco llama la \u00abCasa de todos\u00bb. Las complejas operaciones de manipulaci\u00f3n e instalaci\u00f3n se llevaron a cabo el domingo a puertas cerradas, gracias a sofisticados trabajos de construcci\u00f3n acrob\u00e1tica y al apoyo de empresas especializadas, con la contribuci\u00f3n conjunta del personal de la Direcci\u00f3n de Museos y Bienes Culturales y de la Direcci\u00f3n de Infraestructuras y Servicios (Gobernaci\u00f3n del Estado de la Ciudad del Vaticano).<\/p>\n","protected":false},"excerpt":{"rendered":"<p>El imponente velero, de casi 9 metros x 2, encontrar\u00e1 su ubicaci\u00f3n escenogr\u00e1fica y definitiva en la base de la moderna rampa helicoidal denominada Via del Mare<\/p>\n","protected":false},"author":15,"featured_media":85361,"comment_status":"closed","ping_status":"closed","sticky":false,"template":"","format":"standard","meta":{"_acf_changed":false,"_crdt_document":"","inline_featured_image":false,"footnotes":""},"categories":[132],"tags":[10314,1816,4953,272],"class_list":["post-85359","post","type-post","status-publish","format-standard","has-post-thumbnail","hentry","category-vaticano-es","tag-barca-de-pedro","tag-museos-vaticanos","tag-trending-es","tag-vaticano-es"],"acf":[],"yoast_head":"<!-- This site is optimized with the Yoast SEO plugin v27.5 - https:\/\/yoast.com\/product\/yoast-seo-wordpress\/ -->\n<title>&quot;La barca de Pedro&quot; desembarca en los Museos Vaticanos el 10 de octubre &#8211; Exaudi<\/title>\n<meta name=\"robots\" content=\"index, follow, max-snippet:-1, max-image-preview:large, max-video-preview:-1\" \/>\n<link rel=\"canonical\" href=\"https:\/\/exaudi.org\/es\/la-barca-de-pedro-desembarca-en-los-museos-vaticanos-el-10-de-octubre\/\" \/>\n<meta property=\"og:locale\" content=\"es_ES\" \/>\n<meta property=\"og:type\" content=\"article\" \/>\n<meta property=\"og:title\" content=\"&quot;La barca de Pedro&quot; desembarca en los Museos Vaticanos el 10 de octubre &#8211; Exaudi\" \/>\n<meta property=\"og:description\" content=\"El imponente velero, de casi 9 metros x 2, encontrar\u00e1 su ubicaci\u00f3n escenogr\u00e1fica y definitiva en la base de la moderna rampa helicoidal denominada Via del Mare\" \/>\n<meta property=\"og:url\" content=\"https:\/\/exaudi.org\/es\/la-barca-de-pedro-desembarca-en-los-museos-vaticanos-el-10-de-octubre\/\" \/>\n<meta property=\"og:site_name\" content=\"Exaudi\" \/>\n<meta property=\"article:publisher\" content=\"https:\/\/www.facebook.com\/ExaudiNews\" \/>\n<meta property=\"article:author\" content=\"https:\/\/www.facebook.com\/ExaudiNoticias\/\" \/>\n<meta property=\"article:published_time\" content=\"2023-10-10T08:07:59+00:00\" \/>\n<meta property=\"article:modified_time\" content=\"2023-10-10T09:00:40+00:00\" \/>\n<meta property=\"og:image\" content=\"https:\/\/exaudi.org\/wp-content\/uploads\/2023\/10\/cq5dam.thumbnail.cropped.500.281.jpeg\" \/>\n\t<meta property=\"og:image:width\" content=\"500\" \/>\n\t<meta property=\"og:image:height\" content=\"281\" \/>\n\t<meta property=\"og:image:type\" content=\"image\/jpeg\" \/>\n<meta name=\"author\" content=\"Exaudi Redacci\u00f3n\" \/>\n<meta name=\"twitter:card\" content=\"summary_large_image\" \/>\n<meta name=\"twitter:creator\" content=\"@Exaudi_noticias\" \/>\n<meta name=\"twitter:site\" content=\"@Exaudi_News\" \/>\n<meta name=\"twitter:label1\" content=\"Escrito por\" \/>\n\t<meta name=\"twitter:data1\" content=\"Exaudi Redacci\u00f3n\" \/>\n\t<meta name=\"twitter:label2\" content=\"Tiempo de lectura\" \/>\n\t<meta name=\"twitter:data2\" content=\"2 minutos\" \/>\n<script type=\"application\/ld+json\" class=\"yoast-schema-graph\">{\"@context\":\"https:\\\/\\\/schema.org\",\"@graph\":[{\"@type\":\"Article\",\"@id\":\"https:\\\/\\\/exaudi.org\\\/es\\\/la-barca-de-pedro-desembarca-en-los-museos-vaticanos-el-10-de-octubre\\\/#article\",\"isPartOf\":{\"@id\":\"https:\\\/\\\/exaudi.org\\\/es\\\/la-barca-de-pedro-desembarca-en-los-museos-vaticanos-el-10-de-octubre\\\/\"},\"author\":{\"name\":\"Exaudi Redacci\u00f3n\",\"@id\":\"https:\\\/\\\/exaudi.org\\\/#\\\/schema\\\/person\\\/f5fc8f063065e38742da7afe15f25df7\"},\"headline\":\"\u00abLa barca de Pedro\u00bb desembarca en los Museos Vaticanos el 10 de octubre\",\"datePublished\":\"2023-10-10T08:07:59+00:00\",\"dateModified\":\"2023-10-10T09:00:40+00:00\",\"mainEntityOfPage\":{\"@id\":\"https:\\\/\\\/exaudi.org\\\/es\\\/la-barca-de-pedro-desembarca-en-los-museos-vaticanos-el-10-de-octubre\\\/\"},\"wordCount\":319,\"image\":{\"@id\":\"https:\\\/\\\/exaudi.org\\\/es\\\/la-barca-de-pedro-desembarca-en-los-museos-vaticanos-el-10-de-octubre\\\/#primaryimage\"},\"thumbnailUrl\":\"https:\\\/\\\/exaudi.org\\\/wp-content\\\/uploads\\\/2023\\\/10\\\/cq5dam.thumbnail.cropped.500.281.jpeg\",\"keywords\":[\"Barca de Pedro\",\"Museos Vaticanos\",\"Trending\",\"Vaticano\"],\"articleSection\":[\"Vaticano\"],\"inLanguage\":\"es\"},{\"@type\":\"WebPage\",\"@id\":\"https:\\\/\\\/exaudi.org\\\/es\\\/la-barca-de-pedro-desembarca-en-los-museos-vaticanos-el-10-de-octubre\\\/\",\"url\":\"https:\\\/\\\/exaudi.org\\\/es\\\/la-barca-de-pedro-desembarca-en-los-museos-vaticanos-el-10-de-octubre\\\/\",\"name\":\"\\\"La barca de Pedro\\\" desembarca en los Museos Vaticanos el 10 de octubre &#8211; Exaudi\",\"isPartOf\":{\"@id\":\"https:\\\/\\\/exaudi.org\\\/#website\"},\"primaryImageOfPage\":{\"@id\":\"https:\\\/\\\/exaudi.org\\\/es\\\/la-barca-de-pedro-desembarca-en-los-museos-vaticanos-el-10-de-octubre\\\/#primaryimage\"},\"image\":{\"@id\":\"https:\\\/\\\/exaudi.org\\\/es\\\/la-barca-de-pedro-desembarca-en-los-museos-vaticanos-el-10-de-octubre\\\/#primaryimage\"},\"thumbnailUrl\":\"https:\\\/\\\/exaudi.org\\\/wp-content\\\/uploads\\\/2023\\\/10\\\/cq5dam.thumbnail.cropped.500.281.jpeg\",\"datePublished\":\"2023-10-10T08:07:59+00:00\",\"dateModified\":\"2023-10-10T09:00:40+00:00\",\"author\":{\"@id\":\"https:\\\/\\\/exaudi.org\\\/#\\\/schema\\\/person\\\/f5fc8f063065e38742da7afe15f25df7\"},\"breadcrumb\":{\"@id\":\"https:\\\/\\\/exaudi.org\\\/es\\\/la-barca-de-pedro-desembarca-en-los-museos-vaticanos-el-10-de-octubre\\\/#breadcrumb\"},\"inLanguage\":\"es\",\"potentialAction\":[{\"@type\":\"ReadAction\",\"target\":[\"https:\\\/\\\/exaudi.org\\\/es\\\/la-barca-de-pedro-desembarca-en-los-museos-vaticanos-el-10-de-octubre\\\/\"]}]},{\"@type\":\"ImageObject\",\"inLanguage\":\"es\",\"@id\":\"https:\\\/\\\/exaudi.org\\\/es\\\/la-barca-de-pedro-desembarca-en-los-museos-vaticanos-el-10-de-octubre\\\/#primaryimage\",\"url\":\"https:\\\/\\\/exaudi.org\\\/wp-content\\\/uploads\\\/2023\\\/10\\\/cq5dam.thumbnail.cropped.500.281.jpeg\",\"contentUrl\":\"https:\\\/\\\/exaudi.org\\\/wp-content\\\/uploads\\\/2023\\\/10\\\/cq5dam.thumbnail.cropped.500.281.jpeg\",\"width\":500,\"height\":281},{\"@type\":\"BreadcrumbList\",\"@id\":\"https:\\\/\\\/exaudi.org\\\/es\\\/la-barca-de-pedro-desembarca-en-los-museos-vaticanos-el-10-de-octubre\\\/#breadcrumb\",\"itemListElement\":[{\"@type\":\"ListItem\",\"position\":1,\"name\":\"Portada\",\"item\":\"https:\\\/\\\/exaudi.org\\\/es\\\/\"},{\"@type\":\"ListItem\",\"position\":2,\"name\":\"\u00abLa barca de Pedro\u00bb desembarca en los Museos Vaticanos el 10 de octubre\"}]},{\"@type\":\"WebSite\",\"@id\":\"https:\\\/\\\/exaudi.org\\\/#website\",\"url\":\"https:\\\/\\\/exaudi.org\\\/\",\"name\":\"Exaudi\",\"description\":\"News\",\"potentialAction\":[{\"@type\":\"SearchAction\",\"target\":{\"@type\":\"EntryPoint\",\"urlTemplate\":\"https:\\\/\\\/exaudi.org\\\/?s={search_term_string}\"},\"query-input\":{\"@type\":\"PropertyValueSpecification\",\"valueRequired\":true,\"valueName\":\"search_term_string\"}}],\"inLanguage\":\"es\"},{\"@type\":\"Person\",\"@id\":\"https:\\\/\\\/exaudi.org\\\/#\\\/schema\\\/person\\\/f5fc8f063065e38742da7afe15f25df7\",\"name\":\"Exaudi Redacci\u00f3n\",\"image\":{\"@type\":\"ImageObject\",\"inLanguage\":\"es\",\"@id\":\"https:\\\/\\\/secure.gravatar.com\\\/avatar\\\/fe0f6a059fb68d9b3e11bc5850dd4899b1c7492091a3cb6dd9b01b56ad828be2?s=96&d=mm&r=g\",\"url\":\"https:\\\/\\\/secure.gravatar.com\\\/avatar\\\/fe0f6a059fb68d9b3e11bc5850dd4899b1c7492091a3cb6dd9b01b56ad828be2?s=96&d=mm&r=g\",\"contentUrl\":\"https:\\\/\\\/secure.gravatar.com\\\/avatar\\\/fe0f6a059fb68d9b3e11bc5850dd4899b1c7492091a3cb6dd9b01b56ad828be2?s=96&d=mm&r=g\",\"caption\":\"Exaudi Redacci\u00f3n\"},\"description\":\"\u00bfQu\u00e9 es Exaudi News? Exaudi News es un medio de comunicaci\u00f3n cat\u00f3lico internacional que informa, forma y transforma, diariamente en espa\u00f1ol, ingl\u00e9s e italiano. A trav\u00e9s de noticias, art\u00edculos de an\u00e1lisis y transmisiones en directo de los eventos del Papa, Exaudi busca fortalecer la unidad de los cristianos y contribuir a la evangelizaci\u00f3n del mundo, siempre guiados por la doctrina social de la Iglesia. Trabajamos para acercar la verdad y los valores cristianos a cada rinc\u00f3n del planeta. \u00a1Ay\u00fadanos a transformar el mundo con Exaudi! En Exaudi creemos que la evangelizaci\u00f3n y la informaci\u00f3n de calidad pueden cambiar vidas. Para continuar con nuestra misi\u00f3n y expandir nuestro alcance, necesitamos tu ayuda. Adem\u00e1s, buscamos personas comprometidas que deseen unirse a nuestro equipo. Con tu apoyo, lograremos llegar a m\u00e1s personas, difundir el mensaje de Cristo y reforzar la unidad de los cristianos. \u00bfTe unes a nuestra misi\u00f3n? Para m\u00e1s informaci\u00f3n sobre c\u00f3mo colaborar, visita Exaudi.org\\\/es o cont\u00e1ctanos directamente: info@exaudi.org Exaudi: Informa, forma y transforma.\",\"sameAs\":[\"https:\\\/\\\/www.facebook.com\\\/ExaudiNoticias\\\/\",\"https:\\\/\\\/www.instagram.com\\\/exaudi_noticias\\\/\",\"https:\\\/\\\/x.com\\\/Exaudi_noticias\",\"https:\\\/\\\/www.youtube.com\\\/@exaudicatholicnews\"],\"url\":\"https:\\\/\\\/exaudi.org\\\/es\\\/author\\\/redaccionexaudi\\\/\"}]}<\/script>\n<!-- \/ Yoast SEO plugin. -->","yoast_head_json":{"title":"\"La barca de Pedro\" desembarca en los Museos Vaticanos el 10 de octubre &#8211; Exaudi","robots":{"index":"index","follow":"follow","max-snippet":"max-snippet:-1","max-image-preview":"max-image-preview:large","max-video-preview":"max-video-preview:-1"},"canonical":"https:\/\/exaudi.org\/es\/la-barca-de-pedro-desembarca-en-los-museos-vaticanos-el-10-de-octubre\/","og_locale":"es_ES","og_type":"article","og_title":"\"La barca de Pedro\" desembarca en los Museos Vaticanos el 10 de octubre &#8211; Exaudi","og_description":"El imponente velero, de casi 9 metros x 2, encontrar\u00e1 su ubicaci\u00f3n escenogr\u00e1fica y definitiva en la base de la moderna rampa helicoidal denominada Via del Mare","og_url":"https:\/\/exaudi.org\/es\/la-barca-de-pedro-desembarca-en-los-museos-vaticanos-el-10-de-octubre\/","og_site_name":"Exaudi","article_publisher":"https:\/\/www.facebook.com\/ExaudiNews","article_author":"https:\/\/www.facebook.com\/ExaudiNoticias\/","article_published_time":"2023-10-10T08:07:59+00:00","article_modified_time":"2023-10-10T09:00:40+00:00","og_image":[{"width":500,"height":281,"url":"https:\/\/exaudi.org\/wp-content\/uploads\/2023\/10\/cq5dam.thumbnail.cropped.500.281.jpeg","type":"image\/jpeg"}],"author":"Exaudi Redacci\u00f3n","twitter_card":"summary_large_image","twitter_creator":"@Exaudi_noticias","twitter_site":"@Exaudi_News","twitter_misc":{"Escrito por":"Exaudi Redacci\u00f3n","Tiempo de lectura":"2 minutos"},"schema":{"@context":"https:\/\/schema.org","@graph":[{"@type":"Article","@id":"https:\/\/exaudi.org\/es\/la-barca-de-pedro-desembarca-en-los-museos-vaticanos-el-10-de-octubre\/#article","isPartOf":{"@id":"https:\/\/exaudi.org\/es\/la-barca-de-pedro-desembarca-en-los-museos-vaticanos-el-10-de-octubre\/"},"author":{"name":"Exaudi Redacci\u00f3n","@id":"https:\/\/exaudi.org\/#\/schema\/person\/f5fc8f063065e38742da7afe15f25df7"},"headline":"\u00abLa barca de Pedro\u00bb desembarca en los Museos Vaticanos el 10 de octubre","datePublished":"2023-10-10T08:07:59+00:00","dateModified":"2023-10-10T09:00:40+00:00","mainEntityOfPage":{"@id":"https:\/\/exaudi.org\/es\/la-barca-de-pedro-desembarca-en-los-museos-vaticanos-el-10-de-octubre\/"},"wordCount":319,"image":{"@id":"https:\/\/exaudi.org\/es\/la-barca-de-pedro-desembarca-en-los-museos-vaticanos-el-10-de-octubre\/#primaryimage"},"thumbnailUrl":"https:\/\/exaudi.org\/wp-content\/uploads\/2023\/10\/cq5dam.thumbnail.cropped.500.281.jpeg","keywords":["Barca de Pedro","Museos Vaticanos","Trending","Vaticano"],"articleSection":["Vaticano"],"inLanguage":"es"},{"@type":"WebPage","@id":"https:\/\/exaudi.org\/es\/la-barca-de-pedro-desembarca-en-los-museos-vaticanos-el-10-de-octubre\/","url":"https:\/\/exaudi.org\/es\/la-barca-de-pedro-desembarca-en-los-museos-vaticanos-el-10-de-octubre\/","name":"\"La barca de Pedro\" desembarca en los Museos Vaticanos el 10 de octubre &#8211; Exaudi","isPartOf":{"@id":"https:\/\/exaudi.org\/#website"},"primaryImageOfPage":{"@id":"https:\/\/exaudi.org\/es\/la-barca-de-pedro-desembarca-en-los-museos-vaticanos-el-10-de-octubre\/#primaryimage"},"image":{"@id":"https:\/\/exaudi.org\/es\/la-barca-de-pedro-desembarca-en-los-museos-vaticanos-el-10-de-octubre\/#primaryimage"},"thumbnailUrl":"https:\/\/exaudi.org\/wp-content\/uploads\/2023\/10\/cq5dam.thumbnail.cropped.500.281.jpeg","datePublished":"2023-10-10T08:07:59+00:00","dateModified":"2023-10-10T09:00:40+00:00","author":{"@id":"https:\/\/exaudi.org\/#\/schema\/person\/f5fc8f063065e38742da7afe15f25df7"},"breadcrumb":{"@id":"https:\/\/exaudi.org\/es\/la-barca-de-pedro-desembarca-en-los-museos-vaticanos-el-10-de-octubre\/#breadcrumb"},"inLanguage":"es","potentialAction":[{"@type":"ReadAction","target":["https:\/\/exaudi.org\/es\/la-barca-de-pedro-desembarca-en-los-museos-vaticanos-el-10-de-octubre\/"]}]},{"@type":"ImageObject","inLanguage":"es","@id":"https:\/\/exaudi.org\/es\/la-barca-de-pedro-desembarca-en-los-museos-vaticanos-el-10-de-octubre\/#primaryimage","url":"https:\/\/exaudi.org\/wp-content\/uploads\/2023\/10\/cq5dam.thumbnail.cropped.500.281.jpeg","contentUrl":"https:\/\/exaudi.org\/wp-content\/uploads\/2023\/10\/cq5dam.thumbnail.cropped.500.281.jpeg","width":500,"height":281},{"@type":"BreadcrumbList","@id":"https:\/\/exaudi.org\/es\/la-barca-de-pedro-desembarca-en-los-museos-vaticanos-el-10-de-octubre\/#breadcrumb","itemListElement":[{"@type":"ListItem","position":1,"name":"Portada","item":"https:\/\/exaudi.org\/es\/"},{"@type":"ListItem","position":2,"name":"\u00abLa barca de Pedro\u00bb desembarca en los Museos Vaticanos el 10 de octubre"}]},{"@type":"WebSite","@id":"https:\/\/exaudi.org\/#website","url":"https:\/\/exaudi.org\/","name":"Exaudi","description":"News","potentialAction":[{"@type":"SearchAction","target":{"@type":"EntryPoint","urlTemplate":"https:\/\/exaudi.org\/?s={search_term_string}"},"query-input":{"@type":"PropertyValueSpecification","valueRequired":true,"valueName":"search_term_string"}}],"inLanguage":"es"},{"@type":"Person","@id":"https:\/\/exaudi.org\/#\/schema\/person\/f5fc8f063065e38742da7afe15f25df7","name":"Exaudi Redacci\u00f3n","image":{"@type":"ImageObject","inLanguage":"es","@id":"https:\/\/secure.gravatar.com\/avatar\/fe0f6a059fb68d9b3e11bc5850dd4899b1c7492091a3cb6dd9b01b56ad828be2?s=96&d=mm&r=g","url":"https:\/\/secure.gravatar.com\/avatar\/fe0f6a059fb68d9b3e11bc5850dd4899b1c7492091a3cb6dd9b01b56ad828be2?s=96&d=mm&r=g","contentUrl":"https:\/\/secure.gravatar.com\/avatar\/fe0f6a059fb68d9b3e11bc5850dd4899b1c7492091a3cb6dd9b01b56ad828be2?s=96&d=mm&r=g","caption":"Exaudi Redacci\u00f3n"},"description":"\u00bfQu\u00e9 es Exaudi News? Exaudi News es un medio de comunicaci\u00f3n cat\u00f3lico internacional que informa, forma y transforma, diariamente en espa\u00f1ol, ingl\u00e9s e italiano. A trav\u00e9s de noticias, art\u00edculos de an\u00e1lisis y transmisiones en directo de los eventos del Papa, Exaudi busca fortalecer la unidad de los cristianos y contribuir a la evangelizaci\u00f3n del mundo, siempre guiados por la doctrina social de la Iglesia. Trabajamos para acercar la verdad y los valores cristianos a cada rinc\u00f3n del planeta. \u00a1Ay\u00fadanos a transformar el mundo con Exaudi! En Exaudi creemos que la evangelizaci\u00f3n y la informaci\u00f3n de calidad pueden cambiar vidas. Para continuar con nuestra misi\u00f3n y expandir nuestro alcance, necesitamos tu ayuda. Adem\u00e1s, buscamos personas comprometidas que deseen unirse a nuestro equipo. Con tu apoyo, lograremos llegar a m\u00e1s personas, difundir el mensaje de Cristo y reforzar la unidad de los cristianos. \u00bfTe unes a nuestra misi\u00f3n? Para m\u00e1s informaci\u00f3n sobre c\u00f3mo colaborar, visita Exaudi.org\/es o cont\u00e1ctanos directamente: info@exaudi.org Exaudi: Informa, forma y transforma.","sameAs":["https:\/\/www.facebook.com\/ExaudiNoticias\/","https:\/\/www.instagram.com\/exaudi_noticias\/","https:\/\/x.com\/Exaudi_noticias","https:\/\/www.youtube.com\/@exaudicatholicnews"],"url":"https:\/\/exaudi.org\/es\/author\/redaccionexaudi\/"}]}},"jetpack_featured_media_url":"https:\/\/exaudi.org\/wp-content\/uploads\/2023\/10\/cq5dam.thumbnail.cropped.500.281.jpeg","jetpack_shortlink":"https:\/\/wp.me\/pgKjF2-mcL","_links":{"self":[{"href":"https:\/\/exaudi.org\/es\/wp-json\/wp\/v2\/posts\/85359","targetHints":{"allow":["GET"]}}],"collection":[{"href":"https:\/\/exaudi.org\/es\/wp-json\/wp\/v2\/posts"}],"about":[{"href":"https:\/\/exaudi.org\/es\/wp-json\/wp\/v2\/types\/post"}],"author":[{"embeddable":true,"href":"https:\/\/exaudi.org\/es\/wp-json\/wp\/v2\/users\/15"}],"replies":[{"embeddable":true,"href":"https:\/\/exaudi.org\/es\/wp-json\/wp\/v2\/comments?post=85359"}],"version-history":[{"count":0,"href":"https:\/\/exaudi.org\/es\/wp-json\/wp\/v2\/posts\/85359\/revisions"}],"wp:featuredmedia":[{"embeddable":true,"href":"https:\/\/exaudi.org\/es\/wp-json\/wp\/v2\/media\/85361"}],"wp:attachment":[{"href":"https:\/\/exaudi.org\/es\/wp-json\/wp\/v2\/media?parent=85359"}],"wp:term":[{"taxonomy":"category","embeddable":true,"href":"https:\/\/exaudi.org\/es\/wp-json\/wp\/v2\/categories?post=85359"},{"taxonomy":"post_tag","embeddable":true,"href":"https:\/\/exaudi.org\/es\/wp-json\/wp\/v2\/tags?post=85359"}],"curies":[{"name":"wp","href":"https:\/\/api.w.org\/{rel}","templated":true}]}}