{"id":85202,"date":"2023-10-06T22:25:20","date_gmt":"2023-10-06T20:25:20","guid":{"rendered":"https:\/\/exaudi.org\/?p=85202"},"modified":"2023-10-08T15:23:12","modified_gmt":"2023-10-08T13:23:12","slug":"una-iglesia-de-santos-no-mundanos-dos-reflexiones-de-francisco","status":"publish","type":"post","link":"https:\/\/exaudi.org\/es\/una-iglesia-de-santos-no-mundanos-dos-reflexiones-de-francisco\/","title":{"rendered":"Una Iglesia de \u00absantos, no mundanos\u00bb, dos reflexiones de Francisco"},"content":{"rendered":"<p>La fe cristiana es una lucha, una batalla interior para vencer la tentaci\u00f3n de encerrarnos en nosotros mismos y dejarnos habitar por el amor de un Padre que desea nuestra felicidad. Es una lucha hermosa porque, cuando dejamos vencer al Se\u00f1or, nuestro coraz\u00f3n exulta de plenitud y nuestra existencia se ilumina con un rayo de infinitud.<\/p>\n<p>La lucha que combatimos como seguidores de Jes\u00fas es, ante todo, contra la mundanidad espiritual, que es paganismo disfrazado de ropaje eclesi\u00e1stico. Aunque se camufle bajo una apariencia sagrada, es una actitud que acaba siendo idol\u00e1trica, porque no reconoce la presencia de Dios como Se\u00f1or y liberador de nuestras vidas y de la historia del mundo. Mientras tanto, nos deja a merced de nuestros caprichos y antojos.<\/p>\n<p>Por eso, debemos dar la batalla. Pero la nuestra no es una lucha vana o sin esperanza, porque esa contienda ya tiene un vencedor: Jes\u00fas, el que con su muerte derrot\u00f3 el poder del pecado. Y con su resurrecci\u00f3n nos dio la posibilidad de convertirnos en personas nuevas.<\/p>\n<p>Por supuesto, la victoria de Jes\u00fas tiene un nombre, la cruz, que a primera vista crea repulsi\u00f3n y nos ahuyenta. Pero ella es el signo de un amor sin l\u00edmites, humilde y tenaz. Jes\u00fas nos am\u00f3 hasta una muerte tan ignominiosa como la de la cruz, para que no volvi\u00e9ramos a dudar de que sus brazos permanecen abiertos hasta para el \u00faltimo de los pecadores. Y este amor eterno interpela y orienta las sendas del cristiano y de la propia Iglesia. La cruz de Jes\u00fas se convierte en el criterio de toda opci\u00f3n de fe.<\/p>\n<p>El Beato Pierre Claverie, obispo de Or\u00e1n, afirmaba esto en una de sus homil\u00edas con palabras muy bellas que quiero citar aqu\u00ed: \u00abCreo que la Iglesia muere si no est\u00e1 suficientemente cerca de la cruz de su Se\u00f1or. Por parad\u00f3jico que parezca, la fuerza, la vitalidad, la esperanza cristiana, la fecundidad de la Iglesia vienen de ah\u00ed. No de otra parte. Todo el resto no es m\u00e1s que ensue\u00f1o, ilusi\u00f3n mundana. La Iglesia se enga\u00f1a a s\u00ed misma, y enga\u00f1a al mundo, cuando se presenta como una potencia entre otras, como una organizaci\u00f3n humanitaria o como un movimiento evang\u00e9lico capaz de dar un espect\u00e1culo. Ella puede brillar, pero no arder con el fuego del amor de Dios, \u201cfuerte como la muerte\u201d, como dice el Cantar de los Cantares\u00bb.<\/p>\n<p>Precisamente por eso he querido recoger en este peque\u00f1o volumen dos textos publicados en \u00e9pocas distintas: uno, escrito en 1991 y reeditado en 2005, cuando era arzobispo de Buenos Aires, dedicado a la corrupci\u00f3n y al pecado; el otro, una Carta a los sacerdotes de Roma. \u00bfQu\u00e9 los une? La preocupaci\u00f3n, que siento como una fuerte llamada de Dios a toda la Iglesia, de permanecer vigilantes y luchar, con la fuerza de la oraci\u00f3n, contra cualquier claudicaci\u00f3n ante la mundanidad espiritual.<\/p>\n<p>Esta lucha tiene un nombre: se llama santidad. La santidad no es un estado de bienaventuranza alcanzado de una vez para siempre, sino el deseo incesante e inquebrantable de permanecer unidos a la cruz de Jes\u00fas, dej\u00e1ndonos modelar por la l\u00f3gica que brota de la ofrenda de uno mismo y resistiendo al enemigo, quien nos halaga para sembrar en nosotros la convicci\u00f3n de nuestra autosuficiencia. En cambio, nos har\u00e1 bien recordar lo que Jes\u00fas nos dijo: \u00abSin m\u00ed no pueden hacer nada\u00bb (Jn 15,5). La santidad es, pues, permanecer abiertos al \u201cm\u00e1s\u201d que Dios nos pide y que se manifiesta en nuestra coherencia en la vida cotidiana. El padre Alfred Delp escribi\u00f3: \u00abDios nos abraza con la realidad\u00bb. Es aqu\u00ed, en nuestra cotidianeidad, donde hemos de dar cabida al Se\u00f1or que nos salva de nuestra autosuficiencia, y que nos pide ese magis del que habla san Ignacio de Loyola, ese \u201cm\u00e1s\u201d que nos impulsa hacia una felicidad que no es ef\u00edmera, sino plena y serena.<\/p>\n<p>Ofrezco al lector estos textos como una oportunidad para reflexionar sobre la propia vida y la de la Iglesia en la convicci\u00f3n de que Dios nos pide que estemos abiertos a su novedad, nos pide que estemos inquietos y nunca conformes, buscando y nunca instalados en opacidades complacientes, no atrincherados en falsas seguridades, sino en camino hacia la santidad.<\/p>\n<p>Ciudad del Vaticano, 30 de septiembre de 2023<\/p>\n","protected":false},"excerpt":{"rendered":"<p>Francisco entrega a los miembros del S\u00ednodo un volumen que publica hoy la Libreria Editrice Vaticana y que re\u00fane dos de sus discursos, un art\u00edculo de 1991 \u00abCorrupci\u00f3n y pecado\u00bb reeditado en 2005 cuando era arzobispo en Buenos Aires, y uno de este a\u00f1o, la \u00abCarta a los sacerdotes de la di\u00f3cesis de Roma\u00bb: la invitaci\u00f3n es \u00aba permanecer vigilantes y combatir, con la fuerza de la oraci\u00f3n, cualquier cesi\u00f3n a la mundanidad espiritual\u00bb<\/p>\n","protected":false},"author":15,"featured_media":85203,"comment_status":"closed","ping_status":"closed","sticky":false,"template":"","format":"standard","meta":{"_acf_changed":false,"_crdt_document":"","inline_featured_image":false,"footnotes":""},"categories":[68,110],"tags":[158,4460,4953],"class_list":["post-85202","post","type-post","status-publish","format-standard","has-post-thumbnail","hentry","category-leon-xiv","category-sinodos","tag-papa-francisco","tag-sinodo-es","tag-trending-es"],"acf":[],"yoast_head":"<!-- This site is optimized with the Yoast SEO plugin v27.4 - https:\/\/yoast.com\/product\/yoast-seo-wordpress\/ -->\n<title>Una Iglesia de &quot;santos, no mundanos&quot;, dos reflexiones de Francisco &#8211; Exaudi<\/title>\n<meta name=\"robots\" content=\"index, follow, max-snippet:-1, max-image-preview:large, max-video-preview:-1\" \/>\n<link rel=\"canonical\" href=\"https:\/\/exaudi.org\/es\/una-iglesia-de-santos-no-mundanos-dos-reflexiones-de-francisco\/\" \/>\n<meta property=\"og:locale\" content=\"es_ES\" \/>\n<meta property=\"og:type\" content=\"article\" \/>\n<meta property=\"og:title\" content=\"Una Iglesia de &quot;santos, no mundanos&quot;, dos reflexiones de Francisco &#8211; Exaudi\" \/>\n<meta property=\"og:description\" content=\"Francisco entrega a los miembros del S\u00ednodo un volumen que publica hoy la Libreria Editrice Vaticana y que re\u00fane dos de sus discursos, un art\u00edculo de 1991 &quot;Corrupci\u00f3n y pecado&quot; reeditado en 2005 cuando era arzobispo en Buenos Aires, y uno de este a\u00f1o, la &quot;Carta a los sacerdotes de la di\u00f3cesis de Roma&quot;: la invitaci\u00f3n es &quot;a permanecer vigilantes y combatir, con la fuerza de la oraci\u00f3n, cualquier cesi\u00f3n a la mundanidad espiritual&quot;\" \/>\n<meta property=\"og:url\" content=\"https:\/\/exaudi.org\/es\/una-iglesia-de-santos-no-mundanos-dos-reflexiones-de-francisco\/\" \/>\n<meta property=\"og:site_name\" content=\"Exaudi\" \/>\n<meta property=\"article:publisher\" content=\"https:\/\/www.facebook.com\/ExaudiNews\" \/>\n<meta property=\"article:author\" content=\"https:\/\/www.facebook.com\/ExaudiNoticias\/\" \/>\n<meta property=\"article:published_time\" content=\"2023-10-06T20:25:20+00:00\" \/>\n<meta property=\"article:modified_time\" content=\"2023-10-08T13:23:12+00:00\" \/>\n<meta property=\"og:image\" content=\"https:\/\/exaudi.org\/wp-content\/uploads\/2023\/10\/cq5dam.thumbnail.cropped.1000.563.jpeg\" \/>\n\t<meta property=\"og:image:width\" content=\"1000\" \/>\n\t<meta property=\"og:image:height\" content=\"563\" \/>\n\t<meta property=\"og:image:type\" content=\"image\/jpeg\" \/>\n<meta name=\"author\" content=\"Exaudi Redacci\u00f3n\" \/>\n<meta name=\"twitter:card\" content=\"summary_large_image\" \/>\n<meta name=\"twitter:creator\" content=\"@Exaudi_noticias\" \/>\n<meta name=\"twitter:site\" content=\"@Exaudi_News\" \/>\n<meta name=\"twitter:label1\" content=\"Escrito por\" \/>\n\t<meta name=\"twitter:data1\" content=\"Exaudi Redacci\u00f3n\" \/>\n\t<meta name=\"twitter:label2\" content=\"Tiempo de lectura\" \/>\n\t<meta name=\"twitter:data2\" content=\"4 minutos\" \/>\n<script type=\"application\/ld+json\" class=\"yoast-schema-graph\">{\"@context\":\"https:\\\/\\\/schema.org\",\"@graph\":[{\"@type\":\"Article\",\"@id\":\"https:\\\/\\\/exaudi.org\\\/es\\\/una-iglesia-de-santos-no-mundanos-dos-reflexiones-de-francisco\\\/#article\",\"isPartOf\":{\"@id\":\"https:\\\/\\\/exaudi.org\\\/es\\\/una-iglesia-de-santos-no-mundanos-dos-reflexiones-de-francisco\\\/\"},\"author\":{\"name\":\"Exaudi Redacci\u00f3n\",\"@id\":\"https:\\\/\\\/exaudi.org\\\/#\\\/schema\\\/person\\\/f5fc8f063065e38742da7afe15f25df7\"},\"headline\":\"Una Iglesia de \u00absantos, no mundanos\u00bb, dos reflexiones de Francisco\",\"datePublished\":\"2023-10-06T20:25:20+00:00\",\"dateModified\":\"2023-10-08T13:23:12+00:00\",\"mainEntityOfPage\":{\"@id\":\"https:\\\/\\\/exaudi.org\\\/es\\\/una-iglesia-de-santos-no-mundanos-dos-reflexiones-de-francisco\\\/\"},\"wordCount\":755,\"image\":{\"@id\":\"https:\\\/\\\/exaudi.org\\\/es\\\/una-iglesia-de-santos-no-mundanos-dos-reflexiones-de-francisco\\\/#primaryimage\"},\"thumbnailUrl\":\"https:\\\/\\\/exaudi.org\\\/wp-content\\\/uploads\\\/2023\\\/10\\\/cq5dam.thumbnail.cropped.1000.563.jpeg\",\"keywords\":[\"papa francisco\",\"Sinodo\",\"Trending\"],\"articleSection\":[\"Le\u00f3n XIV\",\"Sinodos\"],\"inLanguage\":\"es\"},{\"@type\":\"WebPage\",\"@id\":\"https:\\\/\\\/exaudi.org\\\/es\\\/una-iglesia-de-santos-no-mundanos-dos-reflexiones-de-francisco\\\/\",\"url\":\"https:\\\/\\\/exaudi.org\\\/es\\\/una-iglesia-de-santos-no-mundanos-dos-reflexiones-de-francisco\\\/\",\"name\":\"Una Iglesia de \\\"santos, no mundanos\\\", dos reflexiones de Francisco &#8211; Exaudi\",\"isPartOf\":{\"@id\":\"https:\\\/\\\/exaudi.org\\\/#website\"},\"primaryImageOfPage\":{\"@id\":\"https:\\\/\\\/exaudi.org\\\/es\\\/una-iglesia-de-santos-no-mundanos-dos-reflexiones-de-francisco\\\/#primaryimage\"},\"image\":{\"@id\":\"https:\\\/\\\/exaudi.org\\\/es\\\/una-iglesia-de-santos-no-mundanos-dos-reflexiones-de-francisco\\\/#primaryimage\"},\"thumbnailUrl\":\"https:\\\/\\\/exaudi.org\\\/wp-content\\\/uploads\\\/2023\\\/10\\\/cq5dam.thumbnail.cropped.1000.563.jpeg\",\"datePublished\":\"2023-10-06T20:25:20+00:00\",\"dateModified\":\"2023-10-08T13:23:12+00:00\",\"author\":{\"@id\":\"https:\\\/\\\/exaudi.org\\\/#\\\/schema\\\/person\\\/f5fc8f063065e38742da7afe15f25df7\"},\"breadcrumb\":{\"@id\":\"https:\\\/\\\/exaudi.org\\\/es\\\/una-iglesia-de-santos-no-mundanos-dos-reflexiones-de-francisco\\\/#breadcrumb\"},\"inLanguage\":\"es\",\"potentialAction\":[{\"@type\":\"ReadAction\",\"target\":[\"https:\\\/\\\/exaudi.org\\\/es\\\/una-iglesia-de-santos-no-mundanos-dos-reflexiones-de-francisco\\\/\"]}]},{\"@type\":\"ImageObject\",\"inLanguage\":\"es\",\"@id\":\"https:\\\/\\\/exaudi.org\\\/es\\\/una-iglesia-de-santos-no-mundanos-dos-reflexiones-de-francisco\\\/#primaryimage\",\"url\":\"https:\\\/\\\/exaudi.org\\\/wp-content\\\/uploads\\\/2023\\\/10\\\/cq5dam.thumbnail.cropped.1000.563.jpeg\",\"contentUrl\":\"https:\\\/\\\/exaudi.org\\\/wp-content\\\/uploads\\\/2023\\\/10\\\/cq5dam.thumbnail.cropped.1000.563.jpeg\",\"width\":1000,\"height\":563},{\"@type\":\"BreadcrumbList\",\"@id\":\"https:\\\/\\\/exaudi.org\\\/es\\\/una-iglesia-de-santos-no-mundanos-dos-reflexiones-de-francisco\\\/#breadcrumb\",\"itemListElement\":[{\"@type\":\"ListItem\",\"position\":1,\"name\":\"Portada\",\"item\":\"https:\\\/\\\/exaudi.org\\\/es\\\/\"},{\"@type\":\"ListItem\",\"position\":2,\"name\":\"Una Iglesia de \u00absantos, no mundanos\u00bb, dos reflexiones de Francisco\"}]},{\"@type\":\"WebSite\",\"@id\":\"https:\\\/\\\/exaudi.org\\\/#website\",\"url\":\"https:\\\/\\\/exaudi.org\\\/\",\"name\":\"Exaudi\",\"description\":\"News\",\"potentialAction\":[{\"@type\":\"SearchAction\",\"target\":{\"@type\":\"EntryPoint\",\"urlTemplate\":\"https:\\\/\\\/exaudi.org\\\/?s={search_term_string}\"},\"query-input\":{\"@type\":\"PropertyValueSpecification\",\"valueRequired\":true,\"valueName\":\"search_term_string\"}}],\"inLanguage\":\"es\"},{\"@type\":\"Person\",\"@id\":\"https:\\\/\\\/exaudi.org\\\/#\\\/schema\\\/person\\\/f5fc8f063065e38742da7afe15f25df7\",\"name\":\"Exaudi Redacci\u00f3n\",\"image\":{\"@type\":\"ImageObject\",\"inLanguage\":\"es\",\"@id\":\"https:\\\/\\\/secure.gravatar.com\\\/avatar\\\/fe0f6a059fb68d9b3e11bc5850dd4899b1c7492091a3cb6dd9b01b56ad828be2?s=96&d=mm&r=g\",\"url\":\"https:\\\/\\\/secure.gravatar.com\\\/avatar\\\/fe0f6a059fb68d9b3e11bc5850dd4899b1c7492091a3cb6dd9b01b56ad828be2?s=96&d=mm&r=g\",\"contentUrl\":\"https:\\\/\\\/secure.gravatar.com\\\/avatar\\\/fe0f6a059fb68d9b3e11bc5850dd4899b1c7492091a3cb6dd9b01b56ad828be2?s=96&d=mm&r=g\",\"caption\":\"Exaudi Redacci\u00f3n\"},\"description\":\"\u00bfQu\u00e9 es Exaudi News? Exaudi News es un medio de comunicaci\u00f3n cat\u00f3lico internacional que informa, forma y transforma, diariamente en espa\u00f1ol, ingl\u00e9s e italiano. A trav\u00e9s de noticias, art\u00edculos de an\u00e1lisis y transmisiones en directo de los eventos del Papa, Exaudi busca fortalecer la unidad de los cristianos y contribuir a la evangelizaci\u00f3n del mundo, siempre guiados por la doctrina social de la Iglesia. Trabajamos para acercar la verdad y los valores cristianos a cada rinc\u00f3n del planeta. \u00a1Ay\u00fadanos a transformar el mundo con Exaudi! En Exaudi creemos que la evangelizaci\u00f3n y la informaci\u00f3n de calidad pueden cambiar vidas. Para continuar con nuestra misi\u00f3n y expandir nuestro alcance, necesitamos tu ayuda. Adem\u00e1s, buscamos personas comprometidas que deseen unirse a nuestro equipo. Con tu apoyo, lograremos llegar a m\u00e1s personas, difundir el mensaje de Cristo y reforzar la unidad de los cristianos. \u00bfTe unes a nuestra misi\u00f3n? Para m\u00e1s informaci\u00f3n sobre c\u00f3mo colaborar, visita Exaudi.org\\\/es o cont\u00e1ctanos directamente: info@exaudi.org Exaudi: Informa, forma y transforma.\",\"sameAs\":[\"https:\\\/\\\/www.facebook.com\\\/ExaudiNoticias\\\/\",\"https:\\\/\\\/www.instagram.com\\\/exaudi_noticias\\\/\",\"https:\\\/\\\/x.com\\\/Exaudi_noticias\",\"https:\\\/\\\/www.youtube.com\\\/@exaudicatholicnews\"],\"url\":\"https:\\\/\\\/exaudi.org\\\/es\\\/author\\\/redaccionexaudi\\\/\"}]}<\/script>\n<!-- \/ Yoast SEO plugin. -->","yoast_head_json":{"title":"Una Iglesia de \"santos, no mundanos\", dos reflexiones de Francisco &#8211; Exaudi","robots":{"index":"index","follow":"follow","max-snippet":"max-snippet:-1","max-image-preview":"max-image-preview:large","max-video-preview":"max-video-preview:-1"},"canonical":"https:\/\/exaudi.org\/es\/una-iglesia-de-santos-no-mundanos-dos-reflexiones-de-francisco\/","og_locale":"es_ES","og_type":"article","og_title":"Una Iglesia de \"santos, no mundanos\", dos reflexiones de Francisco &#8211; Exaudi","og_description":"Francisco entrega a los miembros del S\u00ednodo un volumen que publica hoy la Libreria Editrice Vaticana y que re\u00fane dos de sus discursos, un art\u00edculo de 1991 \"Corrupci\u00f3n y pecado\" reeditado en 2005 cuando era arzobispo en Buenos Aires, y uno de este a\u00f1o, la \"Carta a los sacerdotes de la di\u00f3cesis de Roma\": la invitaci\u00f3n es \"a permanecer vigilantes y combatir, con la fuerza de la oraci\u00f3n, cualquier cesi\u00f3n a la mundanidad espiritual\"","og_url":"https:\/\/exaudi.org\/es\/una-iglesia-de-santos-no-mundanos-dos-reflexiones-de-francisco\/","og_site_name":"Exaudi","article_publisher":"https:\/\/www.facebook.com\/ExaudiNews","article_author":"https:\/\/www.facebook.com\/ExaudiNoticias\/","article_published_time":"2023-10-06T20:25:20+00:00","article_modified_time":"2023-10-08T13:23:12+00:00","og_image":[{"width":1000,"height":563,"url":"https:\/\/exaudi.org\/wp-content\/uploads\/2023\/10\/cq5dam.thumbnail.cropped.1000.563.jpeg","type":"image\/jpeg"}],"author":"Exaudi Redacci\u00f3n","twitter_card":"summary_large_image","twitter_creator":"@Exaudi_noticias","twitter_site":"@Exaudi_News","twitter_misc":{"Escrito por":"Exaudi Redacci\u00f3n","Tiempo de lectura":"4 minutos"},"schema":{"@context":"https:\/\/schema.org","@graph":[{"@type":"Article","@id":"https:\/\/exaudi.org\/es\/una-iglesia-de-santos-no-mundanos-dos-reflexiones-de-francisco\/#article","isPartOf":{"@id":"https:\/\/exaudi.org\/es\/una-iglesia-de-santos-no-mundanos-dos-reflexiones-de-francisco\/"},"author":{"name":"Exaudi Redacci\u00f3n","@id":"https:\/\/exaudi.org\/#\/schema\/person\/f5fc8f063065e38742da7afe15f25df7"},"headline":"Una Iglesia de \u00absantos, no mundanos\u00bb, dos reflexiones de Francisco","datePublished":"2023-10-06T20:25:20+00:00","dateModified":"2023-10-08T13:23:12+00:00","mainEntityOfPage":{"@id":"https:\/\/exaudi.org\/es\/una-iglesia-de-santos-no-mundanos-dos-reflexiones-de-francisco\/"},"wordCount":755,"image":{"@id":"https:\/\/exaudi.org\/es\/una-iglesia-de-santos-no-mundanos-dos-reflexiones-de-francisco\/#primaryimage"},"thumbnailUrl":"https:\/\/exaudi.org\/wp-content\/uploads\/2023\/10\/cq5dam.thumbnail.cropped.1000.563.jpeg","keywords":["papa francisco","Sinodo","Trending"],"articleSection":["Le\u00f3n XIV","Sinodos"],"inLanguage":"es"},{"@type":"WebPage","@id":"https:\/\/exaudi.org\/es\/una-iglesia-de-santos-no-mundanos-dos-reflexiones-de-francisco\/","url":"https:\/\/exaudi.org\/es\/una-iglesia-de-santos-no-mundanos-dos-reflexiones-de-francisco\/","name":"Una Iglesia de \"santos, no mundanos\", dos reflexiones de Francisco &#8211; Exaudi","isPartOf":{"@id":"https:\/\/exaudi.org\/#website"},"primaryImageOfPage":{"@id":"https:\/\/exaudi.org\/es\/una-iglesia-de-santos-no-mundanos-dos-reflexiones-de-francisco\/#primaryimage"},"image":{"@id":"https:\/\/exaudi.org\/es\/una-iglesia-de-santos-no-mundanos-dos-reflexiones-de-francisco\/#primaryimage"},"thumbnailUrl":"https:\/\/exaudi.org\/wp-content\/uploads\/2023\/10\/cq5dam.thumbnail.cropped.1000.563.jpeg","datePublished":"2023-10-06T20:25:20+00:00","dateModified":"2023-10-08T13:23:12+00:00","author":{"@id":"https:\/\/exaudi.org\/#\/schema\/person\/f5fc8f063065e38742da7afe15f25df7"},"breadcrumb":{"@id":"https:\/\/exaudi.org\/es\/una-iglesia-de-santos-no-mundanos-dos-reflexiones-de-francisco\/#breadcrumb"},"inLanguage":"es","potentialAction":[{"@type":"ReadAction","target":["https:\/\/exaudi.org\/es\/una-iglesia-de-santos-no-mundanos-dos-reflexiones-de-francisco\/"]}]},{"@type":"ImageObject","inLanguage":"es","@id":"https:\/\/exaudi.org\/es\/una-iglesia-de-santos-no-mundanos-dos-reflexiones-de-francisco\/#primaryimage","url":"https:\/\/exaudi.org\/wp-content\/uploads\/2023\/10\/cq5dam.thumbnail.cropped.1000.563.jpeg","contentUrl":"https:\/\/exaudi.org\/wp-content\/uploads\/2023\/10\/cq5dam.thumbnail.cropped.1000.563.jpeg","width":1000,"height":563},{"@type":"BreadcrumbList","@id":"https:\/\/exaudi.org\/es\/una-iglesia-de-santos-no-mundanos-dos-reflexiones-de-francisco\/#breadcrumb","itemListElement":[{"@type":"ListItem","position":1,"name":"Portada","item":"https:\/\/exaudi.org\/es\/"},{"@type":"ListItem","position":2,"name":"Una Iglesia de \u00absantos, no mundanos\u00bb, dos reflexiones de Francisco"}]},{"@type":"WebSite","@id":"https:\/\/exaudi.org\/#website","url":"https:\/\/exaudi.org\/","name":"Exaudi","description":"News","potentialAction":[{"@type":"SearchAction","target":{"@type":"EntryPoint","urlTemplate":"https:\/\/exaudi.org\/?s={search_term_string}"},"query-input":{"@type":"PropertyValueSpecification","valueRequired":true,"valueName":"search_term_string"}}],"inLanguage":"es"},{"@type":"Person","@id":"https:\/\/exaudi.org\/#\/schema\/person\/f5fc8f063065e38742da7afe15f25df7","name":"Exaudi Redacci\u00f3n","image":{"@type":"ImageObject","inLanguage":"es","@id":"https:\/\/secure.gravatar.com\/avatar\/fe0f6a059fb68d9b3e11bc5850dd4899b1c7492091a3cb6dd9b01b56ad828be2?s=96&d=mm&r=g","url":"https:\/\/secure.gravatar.com\/avatar\/fe0f6a059fb68d9b3e11bc5850dd4899b1c7492091a3cb6dd9b01b56ad828be2?s=96&d=mm&r=g","contentUrl":"https:\/\/secure.gravatar.com\/avatar\/fe0f6a059fb68d9b3e11bc5850dd4899b1c7492091a3cb6dd9b01b56ad828be2?s=96&d=mm&r=g","caption":"Exaudi Redacci\u00f3n"},"description":"\u00bfQu\u00e9 es Exaudi News? Exaudi News es un medio de comunicaci\u00f3n cat\u00f3lico internacional que informa, forma y transforma, diariamente en espa\u00f1ol, ingl\u00e9s e italiano. A trav\u00e9s de noticias, art\u00edculos de an\u00e1lisis y transmisiones en directo de los eventos del Papa, Exaudi busca fortalecer la unidad de los cristianos y contribuir a la evangelizaci\u00f3n del mundo, siempre guiados por la doctrina social de la Iglesia. Trabajamos para acercar la verdad y los valores cristianos a cada rinc\u00f3n del planeta. \u00a1Ay\u00fadanos a transformar el mundo con Exaudi! En Exaudi creemos que la evangelizaci\u00f3n y la informaci\u00f3n de calidad pueden cambiar vidas. Para continuar con nuestra misi\u00f3n y expandir nuestro alcance, necesitamos tu ayuda. Adem\u00e1s, buscamos personas comprometidas que deseen unirse a nuestro equipo. Con tu apoyo, lograremos llegar a m\u00e1s personas, difundir el mensaje de Cristo y reforzar la unidad de los cristianos. \u00bfTe unes a nuestra misi\u00f3n? Para m\u00e1s informaci\u00f3n sobre c\u00f3mo colaborar, visita Exaudi.org\/es o cont\u00e1ctanos directamente: info@exaudi.org Exaudi: Informa, forma y transforma.","sameAs":["https:\/\/www.facebook.com\/ExaudiNoticias\/","https:\/\/www.instagram.com\/exaudi_noticias\/","https:\/\/x.com\/Exaudi_noticias","https:\/\/www.youtube.com\/@exaudicatholicnews"],"url":"https:\/\/exaudi.org\/es\/author\/redaccionexaudi\/"}]}},"jetpack_featured_media_url":"https:\/\/exaudi.org\/wp-content\/uploads\/2023\/10\/cq5dam.thumbnail.cropped.1000.563.jpeg","jetpack_shortlink":"https:\/\/wp.me\/pgKjF2-mae","_links":{"self":[{"href":"https:\/\/exaudi.org\/es\/wp-json\/wp\/v2\/posts\/85202","targetHints":{"allow":["GET"]}}],"collection":[{"href":"https:\/\/exaudi.org\/es\/wp-json\/wp\/v2\/posts"}],"about":[{"href":"https:\/\/exaudi.org\/es\/wp-json\/wp\/v2\/types\/post"}],"author":[{"embeddable":true,"href":"https:\/\/exaudi.org\/es\/wp-json\/wp\/v2\/users\/15"}],"replies":[{"embeddable":true,"href":"https:\/\/exaudi.org\/es\/wp-json\/wp\/v2\/comments?post=85202"}],"version-history":[{"count":0,"href":"https:\/\/exaudi.org\/es\/wp-json\/wp\/v2\/posts\/85202\/revisions"}],"wp:featuredmedia":[{"embeddable":true,"href":"https:\/\/exaudi.org\/es\/wp-json\/wp\/v2\/media\/85203"}],"wp:attachment":[{"href":"https:\/\/exaudi.org\/es\/wp-json\/wp\/v2\/media?parent=85202"}],"wp:term":[{"taxonomy":"category","embeddable":true,"href":"https:\/\/exaudi.org\/es\/wp-json\/wp\/v2\/categories?post=85202"},{"taxonomy":"post_tag","embeddable":true,"href":"https:\/\/exaudi.org\/es\/wp-json\/wp\/v2\/tags?post=85202"}],"curies":[{"name":"wp","href":"https:\/\/api.w.org\/{rel}","templated":true}]}}