{"id":85026,"date":"2023-10-05T08:40:59","date_gmt":"2023-10-05T06:40:59","guid":{"rendered":"https:\/\/exaudi.org\/?p=85026"},"modified":"2023-10-05T08:46:18","modified_gmt":"2023-10-05T06:46:18","slug":"niega-usted-la-emergencia-climatica","status":"publish","type":"post","link":"https:\/\/exaudi.org\/es\/niega-usted-la-emergencia-climatica\/","title":{"rendered":"\u00bfNiega usted la emergencia clim\u00e1tica?"},"content":{"rendered":"<audio class=\"wp-audio-shortcode\" id=\"audio-85026-1\" preload=\"none\" style=\"width: 100%;\" controls=\"controls\"><source type=\"audio\/mpeg\" src=\"https:\/\/exaudi.org\/wp-content\/uploads\/2023\/10\/\u00bfNiega-usted-la-emergencia-climatica-Desafios.mp3?_=1\" \/><a href=\"https:\/\/exaudi.org\/wp-content\/uploads\/2023\/10\/\u00bfNiega-usted-la-emergencia-climatica-Desafios.mp3\">https:\/\/exaudi.org\/wp-content\/uploads\/2023\/10\/\u00bfNiega-usted-la-emergencia-climatica-Desafios.mp3<\/a><\/audio>\n<p>Si la respuesta es s\u00ed, no se preocupe, pues la mayor\u00eda lo hace de forma manifiesta o solapada por diversas formas. Adem\u00e1s, puede tener esperanza, pues hay caminos para salir de esta negaci\u00f3n.<\/p>\n<p>Hace unos d\u00edas le\u00ed un art\u00edculo por WhatsApp que dec\u00eda: \u201cNo existe la emergencia clim\u00e1tica\u201d (N. Athrappully. <em>The Epoch Times<\/em>. agosto 2023); se basaba en la declaraci\u00f3n de Global Climate Group (CLINTEL) firmado por 1609 cient\u00edficos y profesionales del mundo. Este no es el \u00fanico grupo que niega la crisis clim\u00e1tica por actividades humanas. Tambi\u00e9n lo hacen la Coalici\u00f3n Mundial por el Clima, Edelman, el Instituto Americano del Petr\u00f3leo y otros. Cabe se\u00f1alar que las empresas petroleras, de gas y las asociaciones anexas gastaron 2000 millones $ en la d\u00e9cada 2008 a 2018 en publicidad y grupos de presi\u00f3n para frenar las pol\u00edticas clim\u00e1ticas internacionales y mantener el negocio de los combustibles f\u00f3siles (C. Downie, R. Brulle, 2023). \u00a0Es cierto que los \u201cnegacionistas\u201d son una minor\u00eda en el mundo, pues suman el 1% de los cient\u00edficos y el 7 % de la poblaci\u00f3n general (A. Escriva 2021, K. Hayhoe 2021). No obstante, el comportamiento de la poblaci\u00f3n general respecto al calentamiento global, causa del cambio clim\u00e1tico, entrev\u00e9 que la proporci\u00f3n de los que lo niegan es mucho mayor.<\/p>\n<p>Una de las razones de la negaci\u00f3n de la emergencia clim\u00e1tica es la falta de informaci\u00f3n adecuada, ya sea por titulares que alarman o por art\u00edculos que no ahondan en la ra\u00edz del problema. Esto explica que m\u00e1s del 50% de la poblaci\u00f3n general desconozca el consenso cient\u00edfico global sobre las causas y soluciones de la crisis clim\u00e1tica (A. Escriva 2021). Cabe decir que los medios de comunicaci\u00f3n no han ayudado. Por ej el articulo CLINTEL tiene varias informaciones no ciertas, como \u201cenriquecer la atmosfera con CO2 es beneficioso\u201d, cuando en s\u00ed a las concentraciones actuales de este gas se potencia el calentamiento. O que el \u201ccalentamiento es debido a causas naturales\u201d cuando es por el aumento de gases efecto invernadero (di\u00f3xido de carbono, metano, oxido de nitroso y otros) resultado de la quema de combustibles f\u00f3siles y de la deforestaci\u00f3n desde el s. XIX. O que \u201cel calentamiento se est\u00e1 produciendo m\u00e1s lentamente de lo indicado por el Grupo Intergubernamental de Expertos sobre el cambio clim\u00e1tico de la ONU (IPCC)\u201d; en s\u00ed se produce de forma m\u00e1s acelerada, pues en los \u00faltimos veranos las temperaturas medias en Europa han subido m\u00e1s de lo previsto. O que el \u201cCalentamiento global no ha aumentado los desastres naturales\u201d; en realidad, la suma de las olas de calor, las sequias, las inundaciones, los tornados, el n\u00famero de incendios se han multiplicado x4 desde 1980, junto con el aumento de la temperatura media del planeta (Al Gore 2021). El informe citado tambi\u00e9n cita que \u201cse apuesta por la adaptaci\u00f3n en lugar de la mitigaci\u00f3n\u201d, y que \u201clas pol\u00edticas clim\u00e1ticas se basan en modelos equivocados\u201d lo cual deja entender que s\u00ed estamos ante una crisis importante y que lo que se niega en realidad son las soluciones o pol\u00edticas actuales.<\/p>\n<p>Uno de los consensos cient\u00edficos internacionales sobre el calentamiento global es considerarlo como la principal amenaza para la salud humana mundial. Expongo algunos datos que lo avalan: las inundaciones, la afectaci\u00f3n de calidad del agua y el incremento de insectos, aumentan las enfermedades infecciosas, y aparecen nuevas pandemias (como el COVID) por el cambio de h\u00e1bitats naturales; el calor excesivo aumenta la mortalidad en 3,5 % por cada grado de incremento de temperatura (en Espa\u00f1a en el verano de 2022 hubo 4.900 muertes de m\u00e1s); las muertes por causa mental suben en 2,2% por cada grado de m\u00e1s de temperatura; un 30% de la poblaci\u00f3n vive en zonas un estr\u00e9s t\u00e9rmico potencialmente mortal, lo cual junto con la falta de agua, las sequias y la subida del nivel del mar incrementa las migraciones actuales en 30 millones (para el 2030 se prev\u00e9 700 millones de desplazados); cada a\u00f1o se producen 10 millones de muertes prematuras por las part\u00edculas peque\u00f1as atmosf\u00e9ricas generadas por la quema de combustibles f\u00f3siles; y hay una reducci\u00f3n de la productividad agr\u00edcola (21 % desde 1961) y de la pesca. \u00a0\u00a0(MM. Jimenez. 2023; \u00a0A.Bunker 2016, M. Lichtveld, 2022). \u00a0Por tanto, estamos ante una situaci\u00f3n de p\u00e9rdidas de condiciones de vida respecto a siglos previos.<\/p>\n<p>En 1969 la psiquiatra Elisabeth K\u00fcbler-Ross defini\u00f3 (<em>On death and dying<\/em><em>) \u00a0<\/em>las cinco fases del duelo por los cuales vamos transitando para elaborar una p\u00e9rdida importante. Son: la negaci\u00f3n, la ira, la negociaci\u00f3n, la depresi\u00f3n y la aceptaci\u00f3n. Mientras que es frecuente estar en var\u00edes fases, es claro que la negaci\u00f3n es la primera respuesta normal ante la emergencia clim\u00e1tica, y el hecho que haya un 7% de la poblaci\u00f3n que la tenga, es una prueba m\u00e1s de que la situaci\u00f3n ecol\u00f3gica actual es seria, porque de lo contrario no habr\u00eda \u201cnegacionistas\u201d.<\/p>\n<p>C. Mateos, en su art\u00edculo en <em>The Conversation<\/em> (Erase una vez el cambio clim\u00e1tico. 2022), sostiene que la negaci\u00f3n ha ido cambiando con el tiempo, pues ahora la mayor\u00eda son \u201cnegacionistas\u201d encubiertos. Por ej. las empresas e instituciones que practican el \u201cGreenwhasing\u201d o blanqueo ecol\u00f3gico, que repiten expresiones ecol\u00f3gicas (\u201csostenible\u201d, \u201creduce la huella de carbono\u201d, \u201ccero neto\u201d \u2026), sin que haya una reducci\u00f3n de la contaminaci\u00f3n de sus procesos de producci\u00f3n y consumo. Y es frecuente que las empresas de combustibles f\u00f3siles o el\u00e9ctricas promocionen el autoconsumo con placas solares, sin cambiar sus sistemas productivos o las empresas automovil\u00edsticas que se pasan al coche el\u00e9ctrico manteniendo el sistema economicista. En realidad, la causa principal del calentamiento global es el consumo creciente de productos por la sociedad, que reactiva la producci\u00f3n y m\u00e1s contaminaci\u00f3n. Toda pol\u00edtica o plan que no transforme su objetivo \u00fanico de aumento de ganancias econ\u00f3micas a priorizar el bien com\u00fan con la reducci\u00f3n del impacto ambiental, es una forma de negaci\u00f3n solapada. Tambi\u00e9n est\u00e1 extendida en la sociedad el miedo a aplicar las soluciones que han demostrado su utilidad en reducir la emisi\u00f3n de gases efecto invernadero. Este miedo lo tienen tanto los que est\u00e1n alarmados por la situaci\u00f3n y no hacen nada, los preocupados y que ven el calentamiento como algo distante, los que se saben poco y se preocupan poco, los que dudan de que el calentamiento sea un riesgo y los que se aferran a informaciones sesgadas como que \u201cel planeta est\u00e1 en peligro\u201d, cuando los que estamos en emergencia somos nosotros (T. Leiserowitz, 2020). En general la falta de informaci\u00f3n adecuada de la emergencia impide que podamos aceptarla. Este ha sido mi caso hasta que hace 2 a\u00f1os cuando decid\u00ed revidar m\u00e1s el tema, formarme en ecolog\u00eda integral y emprender cambios en mi vida.<\/p>\n<h3><strong><u>Elaborando el duelo clim\u00e1tico: acciones para aceptar la emergencia y mitigarla antes del 2030<\/u><\/strong><\/h3>\n<p>\u00bfQu\u00e9 podemos hacer para elaborar el duelo clim\u00e1tico? La respuesta es esencial para ir aceptando la emergencia, junto a realizar acciones sean m\u00e1s efectivas en su mitigaci\u00f3n antes del 2030, tal como apuntan los consensos cient\u00edficos. Mi experiencia de m\u00e9dico de familia durante 37 a\u00f1os, la formaci\u00f3n que realic\u00e9 en la logoterapia de V. Frankl, en la medicina naturista y en psicoterapias breves, la revisi\u00f3n de la enc\u00edclica Laudato Si\u2019, y la lectura de libros, art\u00edculos, charlas TED sobre el cambio clim\u00e1tico (m\u00e1s de 180 referencias) me permite aportar esto:<\/p>\n<ul>\n<li>No caer en el catastrofismo ni en la culpabilidad. A pesar que uno est\u00e9 muy preocupado por la situaci\u00f3n, no hemos de tolerar que la ansiedad nos lleve al p\u00e1nico o el pensar que no hay nada que hacer. Para ello conviene informarse bien a partir de fuentes adecuadas, para despu\u00e9s aportar algo a la sociedad seg\u00fan nuestras capacidades, valores y posibilidades.<\/li>\n<li>Dedicar tiempo a parar, a escucharse, conversar con uno mismo y conocer las propios intereses y virtudes. Esto es la clave para salir del bucle del capitalismo que nos arrastra a comprar y consumir m\u00e1s y m\u00e1s.<\/li>\n<li>Hablar con los dem\u00e1s de este tema, practicando la escucha activa. Manifestar los propios sentimientos, aportar soluciones posibles y sentirse escuchado es b\u00e1sico. Por esto es importante cooperar con los dem\u00e1s, porque aparte del efecto beneficioso de la comunicaci\u00f3n, mejoramos nuestra narrativa que nos decimos sobre el tema y potenciamos nuestra acci\u00f3n al colaborar en grupo.<\/li>\n<li>Descubrir en sentido en la vida, para lo cual hay que desvelar los valores personales que forman parte de la propia identidad, para tomar acciones y desarrollar actitudes que ayuden a mitigar la emergencia clim\u00e1tica. K. Hayhoe, cient\u00edfica del clima, expone en su libro (<em>Saving us. <\/em><em>A climate scientist\u2019s case for hope and healing in a divided world. <\/em><em>2021<\/em>) que todas las personas tienen intereses, motivaciones o algo que aportar seg\u00fan sus prioridades en favor de la situaci\u00f3n ambiental; por ej. en las amas de casa hay que indagar si les interesa que el medio ambiente que dejen para sus hijos sea el mejor posible; a los pol\u00edticos, pueden considerar importante que la salud de sus ciudadanos no empeore; a las personas religiosas pueden sentir que realizan la voluntad de Dios, al practicar la austeridad en sus bienes. Tambi\u00e9n para buscar el sentido en la vida es b\u00e1sico responder a estas preguntas: \u00bfPara qu\u00e9 he venido a esta vida? \u00bfC\u00f3mo quiero ser recordado cuando no est\u00e9? \u00bfQu\u00e9 mundo quiero dejar para mis hijos? Sus respuestas ofrecer\u00e1n una visi\u00f3n esperanzada del futuro, que ve m\u00e1s all\u00e1 del horizonte inmediato, incitar\u00e1 a realizar los cambios sociales y ambientales, y llevar\u00e1 a exigir a todos de nuestro alrededor a que realicen acciones seg\u00fan su responsabilidad.<\/li>\n<li>Practicar una ecolog\u00eda integral. Es una ecolog\u00eda que incluye la capacidad de auto regeneraci\u00f3n de los ecosistemas ambientales, de los cuales las personas formamos parte. Es una ecolog\u00eda en los que todos los componentes de la vida humana (f\u00edsico, ps\u00edquico, biol\u00f3gico, social, cultural, vida cotidiana) est\u00e1n unidos y en el que todo es superior a la parte. Es una ecolog\u00eda que no olvida la necesaria justicia entre la generaci\u00f3n actual y las pr\u00f3ximas (Papa Francisco. <em>Laudato Si\u2019<\/em>. 2015).<\/li>\n<li>Recuperar la eco espiritualidad. Es la armon\u00eda entre cada ser humano y los dem\u00e1s seres de la Creaci\u00f3n incluyendo las personas, y entre \u00e9stos con Dios. Todos los seres estamos interconectados. Todos somos tierra, agua y formamos parte de los ecosistemas del planeta. Hay una interdependencia entre la salud humana propia y la del medio natural. Adem\u00e1s, en todos los seres anida el aliento de Dios, y el esp\u00edritu no est\u00e1 lejos del cuerpo sino unido a \u00e9l. Esta eco espiritualidad es la que nos permite ser custodios de la Creaci\u00f3n y a responder bien al clamor de los pobres y de la naturaleza, en el que el sufrimiento de los dem\u00e1s no es ajeno al nuestro. Este concepto de unidad con la Creaci\u00f3n est\u00e1 presente en las poblaciones ind\u00edgenas actuales, los cuales son los custodios principales de la biodiversidad y de los bosques del planeta y deben ser los principales interlocutores cuando se planifiquen soluciones de atenuaci\u00f3n y adaptaci\u00f3n de la crisis clim\u00e1tica (Papa Francisco. <em>Laudato Si\u2019<\/em>. 2015).<\/li>\n<li>Desarrollar la capacidad de tener fe, presente seg\u00fan mi experiencia en todas las personas, para lo cual se precisa la oraci\u00f3n. Hay una forma de plegaria que practica tambi\u00e9n el gozo de la vivencia que es la admiraci\u00f3n y contemplaci\u00f3n de la belleza de cada ser como practic\u00f3 San Francisco en el Cantico de las Criaturas. Rezar es seguir la pr\u00e1ctica mon\u00e1stica de \u201cOra et labora\u201d, pues la interiorizaci\u00f3n nos lleva siempre a mejores acciones.<\/li>\n<\/ul>\n<h3><strong><u>Deconstruyendo la negaci\u00f3n clim\u00e1tica: caminos hacia la aceptaci\u00f3n y acci\u00f3n efectiva<\/u><\/strong><\/h3>\n<p>En conclusi\u00f3n, la negaci\u00f3n de la emergencia clim\u00e1tica expl\u00edcita es minoritaria, mientras que la forma encubierta de negaci\u00f3n est\u00e1 extendida en la poblaci\u00f3n adoptando diferentes formas relacionadas con el miedo a aplicar las soluciones efectivas. Y para ir transitando de la fase de negaci\u00f3n a la aceptaci\u00f3n de la emergencia, tenemos varias v\u00edas, como el informarse bien de la situaci\u00f3n sin caer en el catastrofismo, el dialogo intrapersonal e interpersonal dirigido a descubrir los valores personales y la b\u00fasqueda del sentido en la vida, y aprovechar nuestra fe para practicar la ecolog\u00eda integral y la eco espiritualidad.<\/p>\n<p><em><strong>Jos\u00e9 Luis Llor Vila, es Licenciado en Medicina y Cirug\u00eda por la Universidad Aut\u00f3noma de Barcelona y exalumno destacado de la Academia Internacional de L\u00edderes Cat\u00f3licos<\/strong><\/em><\/p>\n","protected":false},"excerpt":{"rendered":"<p>Desaf\u00edos para informar y buscar soluciones<\/p>\n","protected":false},"author":107,"featured_media":85027,"comment_status":"closed","ping_status":"closed","sticky":false,"template":"","format":"standard","meta":{"_acf_changed":false,"_crdt_document":"","inline_featured_image":false,"footnotes":""},"categories":[130],"tags":[765,10268,10269,4953,10270],"class_list":["post-85026","post","type-post","status-publish","format-standard","has-post-thumbnail","hentry","category-voces","tag-academia-de-lideres-catolicos","tag-emergencia-climatica","tag-jose-luis-llor-vila","tag-trending-es","tag-universidad-autonoma-de-barcelona"],"acf":[],"yoast_head":"<!-- This site is optimized with the Yoast SEO plugin v27.5 - https:\/\/yoast.com\/product\/yoast-seo-wordpress\/ -->\n<title>\u00bfNiega usted la emergencia clim\u00e1tica? &#8211; Exaudi<\/title>\n<meta name=\"robots\" content=\"index, follow, max-snippet:-1, max-image-preview:large, max-video-preview:-1\" \/>\n<link rel=\"canonical\" href=\"https:\/\/exaudi.org\/es\/niega-usted-la-emergencia-climatica\/\" \/>\n<meta property=\"og:locale\" content=\"es_ES\" \/>\n<meta property=\"og:type\" content=\"article\" \/>\n<meta property=\"og:title\" content=\"\u00bfNiega usted la emergencia clim\u00e1tica? &#8211; Exaudi\" \/>\n<meta property=\"og:description\" content=\"Desaf\u00edos para informar y buscar soluciones\" \/>\n<meta property=\"og:url\" content=\"https:\/\/exaudi.org\/es\/niega-usted-la-emergencia-climatica\/\" \/>\n<meta property=\"og:site_name\" content=\"Exaudi\" \/>\n<meta property=\"article:publisher\" content=\"https:\/\/www.facebook.com\/ExaudiNews\" \/>\n<meta property=\"article:published_time\" content=\"2023-10-05T06:40:59+00:00\" \/>\n<meta property=\"article:modified_time\" content=\"2023-10-05T06:46:18+00:00\" \/>\n<meta property=\"og:image\" content=\"https:\/\/exaudi.org\/wp-content\/uploads\/2023\/10\/Copia-de-Blue-and-White-Modern-Corporate-Business-YouTube-Thumbnail-7.png\" \/>\n\t<meta property=\"og:image:width\" content=\"1280\" \/>\n\t<meta property=\"og:image:height\" content=\"720\" \/>\n\t<meta property=\"og:image:type\" content=\"image\/png\" \/>\n<meta name=\"author\" content=\"Academia de L\u00edderes Cat\u00f3licos\" \/>\n<meta name=\"twitter:card\" content=\"summary_large_image\" \/>\n<meta name=\"twitter:creator\" content=\"@Exaudi_News\" \/>\n<meta name=\"twitter:site\" content=\"@Exaudi_News\" \/>\n<meta name=\"twitter:label1\" content=\"Escrito por\" \/>\n\t<meta name=\"twitter:data1\" content=\"Academia de L\u00edderes Cat\u00f3licos\" \/>\n\t<meta name=\"twitter:label2\" content=\"Tiempo de lectura\" \/>\n\t<meta name=\"twitter:data2\" content=\"11 minutos\" \/>\n<script type=\"application\/ld+json\" class=\"yoast-schema-graph\">{\"@context\":\"https:\\\/\\\/schema.org\",\"@graph\":[{\"@type\":\"Article\",\"@id\":\"https:\\\/\\\/exaudi.org\\\/es\\\/niega-usted-la-emergencia-climatica\\\/#article\",\"isPartOf\":{\"@id\":\"https:\\\/\\\/exaudi.org\\\/es\\\/niega-usted-la-emergencia-climatica\\\/\"},\"author\":{\"name\":\"Academia de L\u00edderes Cat\u00f3licos\",\"@id\":\"https:\\\/\\\/exaudi.org\\\/#\\\/schema\\\/person\\\/334968a332d5dad9f94e08897852c6af\"},\"headline\":\"\u00bfNiega usted la emergencia clim\u00e1tica?\",\"datePublished\":\"2023-10-05T06:40:59+00:00\",\"dateModified\":\"2023-10-05T06:46:18+00:00\",\"mainEntityOfPage\":{\"@id\":\"https:\\\/\\\/exaudi.org\\\/es\\\/niega-usted-la-emergencia-climatica\\\/\"},\"wordCount\":2203,\"image\":{\"@id\":\"https:\\\/\\\/exaudi.org\\\/es\\\/niega-usted-la-emergencia-climatica\\\/#primaryimage\"},\"thumbnailUrl\":\"https:\\\/\\\/exaudi.org\\\/wp-content\\\/uploads\\\/2023\\\/10\\\/Copia-de-Blue-and-White-Modern-Corporate-Business-YouTube-Thumbnail-7.png\",\"keywords\":[\"Academia de L\u00edderes Cat\u00f3licos\",\"emergencia clim\u00e1tica\",\"Jos\u00e9 Luis Llor Vila\",\"Trending\",\"Universidad Aut\u00f3noma de Barcelona\"],\"articleSection\":[\"Voces\"],\"inLanguage\":\"es\"},{\"@type\":\"WebPage\",\"@id\":\"https:\\\/\\\/exaudi.org\\\/es\\\/niega-usted-la-emergencia-climatica\\\/\",\"url\":\"https:\\\/\\\/exaudi.org\\\/es\\\/niega-usted-la-emergencia-climatica\\\/\",\"name\":\"\u00bfNiega usted la emergencia clim\u00e1tica? &#8211; Exaudi\",\"isPartOf\":{\"@id\":\"https:\\\/\\\/exaudi.org\\\/#website\"},\"primaryImageOfPage\":{\"@id\":\"https:\\\/\\\/exaudi.org\\\/es\\\/niega-usted-la-emergencia-climatica\\\/#primaryimage\"},\"image\":{\"@id\":\"https:\\\/\\\/exaudi.org\\\/es\\\/niega-usted-la-emergencia-climatica\\\/#primaryimage\"},\"thumbnailUrl\":\"https:\\\/\\\/exaudi.org\\\/wp-content\\\/uploads\\\/2023\\\/10\\\/Copia-de-Blue-and-White-Modern-Corporate-Business-YouTube-Thumbnail-7.png\",\"datePublished\":\"2023-10-05T06:40:59+00:00\",\"dateModified\":\"2023-10-05T06:46:18+00:00\",\"author\":{\"@id\":\"https:\\\/\\\/exaudi.org\\\/#\\\/schema\\\/person\\\/334968a332d5dad9f94e08897852c6af\"},\"breadcrumb\":{\"@id\":\"https:\\\/\\\/exaudi.org\\\/es\\\/niega-usted-la-emergencia-climatica\\\/#breadcrumb\"},\"inLanguage\":\"es\",\"potentialAction\":[{\"@type\":\"ReadAction\",\"target\":[\"https:\\\/\\\/exaudi.org\\\/es\\\/niega-usted-la-emergencia-climatica\\\/\"]}]},{\"@type\":\"ImageObject\",\"inLanguage\":\"es\",\"@id\":\"https:\\\/\\\/exaudi.org\\\/es\\\/niega-usted-la-emergencia-climatica\\\/#primaryimage\",\"url\":\"https:\\\/\\\/exaudi.org\\\/wp-content\\\/uploads\\\/2023\\\/10\\\/Copia-de-Blue-and-White-Modern-Corporate-Business-YouTube-Thumbnail-7.png\",\"contentUrl\":\"https:\\\/\\\/exaudi.org\\\/wp-content\\\/uploads\\\/2023\\\/10\\\/Copia-de-Blue-and-White-Modern-Corporate-Business-YouTube-Thumbnail-7.png\",\"width\":1280,\"height\":720},{\"@type\":\"BreadcrumbList\",\"@id\":\"https:\\\/\\\/exaudi.org\\\/es\\\/niega-usted-la-emergencia-climatica\\\/#breadcrumb\",\"itemListElement\":[{\"@type\":\"ListItem\",\"position\":1,\"name\":\"Portada\",\"item\":\"https:\\\/\\\/exaudi.org\\\/es\\\/\"},{\"@type\":\"ListItem\",\"position\":2,\"name\":\"\u00bfNiega usted la emergencia clim\u00e1tica?\"}]},{\"@type\":\"WebSite\",\"@id\":\"https:\\\/\\\/exaudi.org\\\/#website\",\"url\":\"https:\\\/\\\/exaudi.org\\\/\",\"name\":\"Exaudi\",\"description\":\"News\",\"potentialAction\":[{\"@type\":\"SearchAction\",\"target\":{\"@type\":\"EntryPoint\",\"urlTemplate\":\"https:\\\/\\\/exaudi.org\\\/?s={search_term_string}\"},\"query-input\":{\"@type\":\"PropertyValueSpecification\",\"valueRequired\":true,\"valueName\":\"search_term_string\"}}],\"inLanguage\":\"es\"},{\"@type\":\"Person\",\"@id\":\"https:\\\/\\\/exaudi.org\\\/#\\\/schema\\\/person\\\/334968a332d5dad9f94e08897852c6af\",\"name\":\"Academia de L\u00edderes Cat\u00f3licos\",\"image\":{\"@type\":\"ImageObject\",\"inLanguage\":\"es\",\"@id\":\"https:\\\/\\\/secure.gravatar.com\\\/avatar\\\/80d80b1e34d8fa01f6b95d10e695853ca4ea7e054050e21ad1a15d546d4600ca?s=96&d=mm&r=g\",\"url\":\"https:\\\/\\\/secure.gravatar.com\\\/avatar\\\/80d80b1e34d8fa01f6b95d10e695853ca4ea7e054050e21ad1a15d546d4600ca?s=96&d=mm&r=g\",\"contentUrl\":\"https:\\\/\\\/secure.gravatar.com\\\/avatar\\\/80d80b1e34d8fa01f6b95d10e695853ca4ea7e054050e21ad1a15d546d4600ca?s=96&d=mm&r=g\",\"caption\":\"Academia de L\u00edderes Cat\u00f3licos\"},\"description\":\"Es una fundaci\u00f3n de derecho privado sin fines de lucro que busca formar cat\u00f3licos que a partir de la experiencia cristiana desarrollen su vocaci\u00f3n pol\u00edtica con la ayuda de la Doctrina Social de la Iglesia. La Academia Latinoamericana de L\u00edderes Cat\u00f3licos tiene como misi\u00f3n, formar l\u00edderes desde una perspectiva cat\u00f3lica, arraigados en la fe de la Iglesia, para transformar el mundo social, pol\u00edtico y econ\u00f3mico a la luz de la Doctrina Social de la Iglesia. Formar una nueva generaci\u00f3n de cat\u00f3licos latinoamericanos con responsabilidades pol\u00edticas y sociales para que transformen el rostro del continente al servicio de sus pueblos, a la luz del Magisterio de la Iglesia y de cara a los Jubileos del V Centenario Guadalupano y de los dos mil a\u00f1os de la redenci\u00f3n.\",\"sameAs\":[\"https:\\\/\\\/liderescatolicos.net\\\/\",\"https:\\\/\\\/www.youtube.com\\\/c\\\/LderesCatlicos\"],\"url\":\"https:\\\/\\\/exaudi.org\\\/es\\\/author\\\/academia-de-lideres-catolicos\\\/\"}]}<\/script>\n<!-- \/ Yoast SEO plugin. -->","yoast_head_json":{"title":"\u00bfNiega usted la emergencia clim\u00e1tica? &#8211; Exaudi","robots":{"index":"index","follow":"follow","max-snippet":"max-snippet:-1","max-image-preview":"max-image-preview:large","max-video-preview":"max-video-preview:-1"},"canonical":"https:\/\/exaudi.org\/es\/niega-usted-la-emergencia-climatica\/","og_locale":"es_ES","og_type":"article","og_title":"\u00bfNiega usted la emergencia clim\u00e1tica? &#8211; Exaudi","og_description":"Desaf\u00edos para informar y buscar soluciones","og_url":"https:\/\/exaudi.org\/es\/niega-usted-la-emergencia-climatica\/","og_site_name":"Exaudi","article_publisher":"https:\/\/www.facebook.com\/ExaudiNews","article_published_time":"2023-10-05T06:40:59+00:00","article_modified_time":"2023-10-05T06:46:18+00:00","og_image":[{"width":1280,"height":720,"url":"https:\/\/exaudi.org\/wp-content\/uploads\/2023\/10\/Copia-de-Blue-and-White-Modern-Corporate-Business-YouTube-Thumbnail-7.png","type":"image\/png"}],"author":"Academia de L\u00edderes Cat\u00f3licos","twitter_card":"summary_large_image","twitter_creator":"@Exaudi_News","twitter_site":"@Exaudi_News","twitter_misc":{"Escrito por":"Academia de L\u00edderes Cat\u00f3licos","Tiempo de lectura":"11 minutos"},"schema":{"@context":"https:\/\/schema.org","@graph":[{"@type":"Article","@id":"https:\/\/exaudi.org\/es\/niega-usted-la-emergencia-climatica\/#article","isPartOf":{"@id":"https:\/\/exaudi.org\/es\/niega-usted-la-emergencia-climatica\/"},"author":{"name":"Academia de L\u00edderes Cat\u00f3licos","@id":"https:\/\/exaudi.org\/#\/schema\/person\/334968a332d5dad9f94e08897852c6af"},"headline":"\u00bfNiega usted la emergencia clim\u00e1tica?","datePublished":"2023-10-05T06:40:59+00:00","dateModified":"2023-10-05T06:46:18+00:00","mainEntityOfPage":{"@id":"https:\/\/exaudi.org\/es\/niega-usted-la-emergencia-climatica\/"},"wordCount":2203,"image":{"@id":"https:\/\/exaudi.org\/es\/niega-usted-la-emergencia-climatica\/#primaryimage"},"thumbnailUrl":"https:\/\/exaudi.org\/wp-content\/uploads\/2023\/10\/Copia-de-Blue-and-White-Modern-Corporate-Business-YouTube-Thumbnail-7.png","keywords":["Academia de L\u00edderes Cat\u00f3licos","emergencia clim\u00e1tica","Jos\u00e9 Luis Llor Vila","Trending","Universidad Aut\u00f3noma de Barcelona"],"articleSection":["Voces"],"inLanguage":"es"},{"@type":"WebPage","@id":"https:\/\/exaudi.org\/es\/niega-usted-la-emergencia-climatica\/","url":"https:\/\/exaudi.org\/es\/niega-usted-la-emergencia-climatica\/","name":"\u00bfNiega usted la emergencia clim\u00e1tica? &#8211; Exaudi","isPartOf":{"@id":"https:\/\/exaudi.org\/#website"},"primaryImageOfPage":{"@id":"https:\/\/exaudi.org\/es\/niega-usted-la-emergencia-climatica\/#primaryimage"},"image":{"@id":"https:\/\/exaudi.org\/es\/niega-usted-la-emergencia-climatica\/#primaryimage"},"thumbnailUrl":"https:\/\/exaudi.org\/wp-content\/uploads\/2023\/10\/Copia-de-Blue-and-White-Modern-Corporate-Business-YouTube-Thumbnail-7.png","datePublished":"2023-10-05T06:40:59+00:00","dateModified":"2023-10-05T06:46:18+00:00","author":{"@id":"https:\/\/exaudi.org\/#\/schema\/person\/334968a332d5dad9f94e08897852c6af"},"breadcrumb":{"@id":"https:\/\/exaudi.org\/es\/niega-usted-la-emergencia-climatica\/#breadcrumb"},"inLanguage":"es","potentialAction":[{"@type":"ReadAction","target":["https:\/\/exaudi.org\/es\/niega-usted-la-emergencia-climatica\/"]}]},{"@type":"ImageObject","inLanguage":"es","@id":"https:\/\/exaudi.org\/es\/niega-usted-la-emergencia-climatica\/#primaryimage","url":"https:\/\/exaudi.org\/wp-content\/uploads\/2023\/10\/Copia-de-Blue-and-White-Modern-Corporate-Business-YouTube-Thumbnail-7.png","contentUrl":"https:\/\/exaudi.org\/wp-content\/uploads\/2023\/10\/Copia-de-Blue-and-White-Modern-Corporate-Business-YouTube-Thumbnail-7.png","width":1280,"height":720},{"@type":"BreadcrumbList","@id":"https:\/\/exaudi.org\/es\/niega-usted-la-emergencia-climatica\/#breadcrumb","itemListElement":[{"@type":"ListItem","position":1,"name":"Portada","item":"https:\/\/exaudi.org\/es\/"},{"@type":"ListItem","position":2,"name":"\u00bfNiega usted la emergencia clim\u00e1tica?"}]},{"@type":"WebSite","@id":"https:\/\/exaudi.org\/#website","url":"https:\/\/exaudi.org\/","name":"Exaudi","description":"News","potentialAction":[{"@type":"SearchAction","target":{"@type":"EntryPoint","urlTemplate":"https:\/\/exaudi.org\/?s={search_term_string}"},"query-input":{"@type":"PropertyValueSpecification","valueRequired":true,"valueName":"search_term_string"}}],"inLanguage":"es"},{"@type":"Person","@id":"https:\/\/exaudi.org\/#\/schema\/person\/334968a332d5dad9f94e08897852c6af","name":"Academia de L\u00edderes Cat\u00f3licos","image":{"@type":"ImageObject","inLanguage":"es","@id":"https:\/\/secure.gravatar.com\/avatar\/80d80b1e34d8fa01f6b95d10e695853ca4ea7e054050e21ad1a15d546d4600ca?s=96&d=mm&r=g","url":"https:\/\/secure.gravatar.com\/avatar\/80d80b1e34d8fa01f6b95d10e695853ca4ea7e054050e21ad1a15d546d4600ca?s=96&d=mm&r=g","contentUrl":"https:\/\/secure.gravatar.com\/avatar\/80d80b1e34d8fa01f6b95d10e695853ca4ea7e054050e21ad1a15d546d4600ca?s=96&d=mm&r=g","caption":"Academia de L\u00edderes Cat\u00f3licos"},"description":"Es una fundaci\u00f3n de derecho privado sin fines de lucro que busca formar cat\u00f3licos que a partir de la experiencia cristiana desarrollen su vocaci\u00f3n pol\u00edtica con la ayuda de la Doctrina Social de la Iglesia. La Academia Latinoamericana de L\u00edderes Cat\u00f3licos tiene como misi\u00f3n, formar l\u00edderes desde una perspectiva cat\u00f3lica, arraigados en la fe de la Iglesia, para transformar el mundo social, pol\u00edtico y econ\u00f3mico a la luz de la Doctrina Social de la Iglesia. Formar una nueva generaci\u00f3n de cat\u00f3licos latinoamericanos con responsabilidades pol\u00edticas y sociales para que transformen el rostro del continente al servicio de sus pueblos, a la luz del Magisterio de la Iglesia y de cara a los Jubileos del V Centenario Guadalupano y de los dos mil a\u00f1os de la redenci\u00f3n.","sameAs":["https:\/\/liderescatolicos.net\/","https:\/\/www.youtube.com\/c\/LderesCatlicos"],"url":"https:\/\/exaudi.org\/es\/author\/academia-de-lideres-catolicos\/"}]}},"jetpack_featured_media_url":"https:\/\/exaudi.org\/wp-content\/uploads\/2023\/10\/Copia-de-Blue-and-White-Modern-Corporate-Business-YouTube-Thumbnail-7.png","jetpack_shortlink":"https:\/\/wp.me\/pgKjF2-m7o","_links":{"self":[{"href":"https:\/\/exaudi.org\/es\/wp-json\/wp\/v2\/posts\/85026","targetHints":{"allow":["GET"]}}],"collection":[{"href":"https:\/\/exaudi.org\/es\/wp-json\/wp\/v2\/posts"}],"about":[{"href":"https:\/\/exaudi.org\/es\/wp-json\/wp\/v2\/types\/post"}],"author":[{"embeddable":true,"href":"https:\/\/exaudi.org\/es\/wp-json\/wp\/v2\/users\/107"}],"replies":[{"embeddable":true,"href":"https:\/\/exaudi.org\/es\/wp-json\/wp\/v2\/comments?post=85026"}],"version-history":[{"count":0,"href":"https:\/\/exaudi.org\/es\/wp-json\/wp\/v2\/posts\/85026\/revisions"}],"wp:featuredmedia":[{"embeddable":true,"href":"https:\/\/exaudi.org\/es\/wp-json\/wp\/v2\/media\/85027"}],"wp:attachment":[{"href":"https:\/\/exaudi.org\/es\/wp-json\/wp\/v2\/media?parent=85026"}],"wp:term":[{"taxonomy":"category","embeddable":true,"href":"https:\/\/exaudi.org\/es\/wp-json\/wp\/v2\/categories?post=85026"},{"taxonomy":"post_tag","embeddable":true,"href":"https:\/\/exaudi.org\/es\/wp-json\/wp\/v2\/tags?post=85026"}],"curies":[{"name":"wp","href":"https:\/\/api.w.org\/{rel}","templated":true}]}}