{"id":84956,"date":"2023-10-03T18:39:41","date_gmt":"2023-10-03T16:39:41","guid":{"rendered":"https:\/\/exaudi.org\/?p=84956"},"modified":"2023-10-03T18:39:41","modified_gmt":"2023-10-03T16:39:41","slug":"laudato-si-segunda-parte","status":"publish","type":"post","link":"https:\/\/exaudi.org\/es\/laudato-si-segunda-parte\/","title":{"rendered":"Laudato Si&#8217;, Segunda Parte"},"content":{"rendered":"<div>\n<audio class=\"wp-audio-shortcode\" id=\"audio-84956-1\" preload=\"none\" style=\"width: 100%;\" controls=\"controls\"><source type=\"audio\/mpeg\" src=\"https:\/\/exaudi.org\/wp-content\/uploads\/2023\/10\/Laudato-Si.mp3?_=1\" \/><a href=\"https:\/\/exaudi.org\/wp-content\/uploads\/2023\/10\/Laudato-Si.mp3\">https:\/\/exaudi.org\/wp-content\/uploads\/2023\/10\/Laudato-Si.mp3<\/a><\/audio>\n<p>En un mundo que busca consuelo y soluciones a la crisis clim\u00e1tica, se celebrar\u00e1 un\u00a0<strong>evento en l\u00ednea<\/strong>\u00a0para presentar \u00ab<strong>Laudate Deum<\/strong>\u00ab, la nueva exhortaci\u00f3n apost\u00f3lica del Papa Francisco.<\/p>\n<\/div>\n<div>\n<p><strong>Programado para el 4 de octubre de 2023, de 20:00 a 21:00 CEST<\/strong>. El evento, en l\u00ednea a trav\u00e9s de YouTube y Zoom (para la interpretaci\u00f3n de idiomas), tiene como objetivo\u00a0<strong>revelar y explorar las profundas ideas de la \u00faltima Exhortaci\u00f3n Apost\u00f3lica del Papa Francisco<\/strong>, una extensi\u00f3n de la innovadora Laudato Si&#8217;.<\/p>\n<\/div>\n<div>\n<p>El di\u00e1logo en l\u00ednea aspira a ser una gu\u00eda integral de la nueva Exhortaci\u00f3n Apost\u00f3lica del Papa Francisco, poniendo sus profundas ideas al alcance de todos, desde los expertos hasta los principiantes. Contar\u00e1 con la sabidur\u00eda de cuatro expertos distinguidos en los campos de la ciencia, la pol\u00edtica y la teolog\u00eda, que ofrecer\u00e1n reflexiones profundas, destacar\u00e1n la importancia del documento y proporcionar\u00e1n dimensiones pr\u00e1cticas para su aplicaci\u00f3n.<\/p>\n<\/div>\n<div>\n<p>M\u00e1s all\u00e1 de una simple presentaci\u00f3n, este evento pretende inspirar a los asistentes y animarles a adoptar los principios de la nueva exhortaci\u00f3n y de Laudato Si&#8217; en su vida cotidiana.<\/p>\n<\/div>\n<div>\n<p><strong>Detalles del evento:<\/strong><\/p>\n<\/div>\n<div>\n<p>Fecha: 4 de octubre de 2023<\/p>\n<\/div>\n<div>\n<p>Hora: 20:00 &#8211; 21:00 CEST<\/p>\n<\/div>\n<div>\n<p>Plataforma: En l\u00ednea (<a href=\"https:\/\/www.mail.laudatosimovement.org\/click.html?x=a62e&amp;lc=n8g&amp;mc=s&amp;s=v05&amp;u=z&amp;z=BSDsG0&amp;\" target=\"_blank\" rel=\"noopener\" data-saferedirecturl=\"https:\/\/www.google.com\/url?q=https:\/\/www.mail.laudatosimovement.org\/click.html?x%3Da62e%26lc%3Dn8g%26mc%3Ds%26s%3Dv05%26u%3Dz%26z%3DBSDsG0%26&amp;source=gmail&amp;ust=1696436565076000&amp;usg=AOvVaw2J2wJTCIpEZj8xpyAMKYXX\"><u>YouTube<\/u><\/a> + Zoom para interpretaci\u00f3n simult\u00e1nea)<\/p>\n<\/div>\n<div>\n<p><strong>Oradores Invitados:<\/strong><\/p>\n<\/div>\n<ol>\n<li><strong>Card. Michael F. Czerny SJ<\/strong>, Prefecto del\u00a0<a href=\"https:\/\/www.mail.laudatosimovement.org\/click.html?x=a62e&amp;lc=n8h&amp;mc=s&amp;s=v05&amp;u=z&amp;z=BZ9enKs&amp;\" target=\"_blank\" rel=\"noopener\" data-saferedirecturl=\"https:\/\/www.google.com\/url?q=https:\/\/www.mail.laudatosimovement.org\/click.html?x%3Da62e%26lc%3Dn8h%26mc%3Ds%26s%3Dv05%26u%3Dz%26z%3DBZ9enKs%26&amp;source=gmail&amp;ust=1696436565076000&amp;usg=AOvVaw1hb1KljCZkiMa3MF_VvM1q\"><u>Dicasterio Vaticano para el Servicio del Desarrollo Humano Integral<\/u><\/a><\/li>\n<li><strong>Reverend\u00edsimo Justin Welby, Arzobispo de Canterbury (Comuni\u00f3n Anglicana)<\/strong><\/li>\n<li><strong>Johan Rockstr\u00f6m<\/strong>, cient\u00edfico sueco, director del\u00a0<a href=\"https:\/\/www.mail.laudatosimovement.org\/click.html?x=a62e&amp;lc=n8i&amp;mc=s&amp;s=v05&amp;u=z&amp;z=BSr2s1O&amp;\" target=\"_blank\" rel=\"noopener\" data-saferedirecturl=\"https:\/\/www.google.com\/url?q=https:\/\/www.mail.laudatosimovement.org\/click.html?x%3Da62e%26lc%3Dn8i%26mc%3Ds%26s%3Dv05%26u%3Dz%26z%3DBSr2s1O%26&amp;source=gmail&amp;ust=1696436565076000&amp;usg=AOvVaw2yTKF4OUiJmUgVG4VLyfrX\"><u>Instituto Potsdam para la Investigaci\u00f3n sobre el Impacto del Cambio Clim\u00e1tico<\/u><\/a>\u00a0(PIK)<\/li>\n<li><strong>Tzeporah Berman,<\/strong>\u00a0Directora del Programa Internacional\u00a0<a href=\"https:\/\/www.mail.laudatosimovement.org\/click.html?x=a62e&amp;lc=n8D&amp;mc=s&amp;s=v05&amp;u=z&amp;z=BObKsBu&amp;\" target=\"_blank\" rel=\"noopener\" data-saferedirecturl=\"https:\/\/www.google.com\/url?q=https:\/\/www.mail.laudatosimovement.org\/click.html?x%3Da62e%26lc%3Dn8D%26mc%3Ds%26s%3Dv05%26u%3Dz%26z%3DBObKsBu%26&amp;source=gmail&amp;ust=1696436565076000&amp;usg=AOvVaw0QNm4Hs1JcFYo3phDKCA9g\"><u>Stand.Earth<\/u><\/a>\u00a0y Presidenta del\u00a0<a href=\"https:\/\/www.mail.laudatosimovement.org\/click.html?x=a62e&amp;lc=n8L&amp;mc=s&amp;s=v05&amp;u=z&amp;z=BrZcQdH&amp;\" target=\"_blank\" rel=\"noopener\" data-saferedirecturl=\"https:\/\/www.google.com\/url?q=https:\/\/www.mail.laudatosimovement.org\/click.html?x%3Da62e%26lc%3Dn8L%26mc%3Ds%26s%3Dv05%26u%3Dz%26z%3DBrZcQdH%26&amp;source=gmail&amp;ust=1696436565076000&amp;usg=AOvVaw0fG4NtZ_FajM5Ubnb7ic6A\"><u>Tratado de No Proliferaci\u00f3n de Combustibles F\u00f3siles<\/u><\/a>.<\/li>\n<li><strong>Ridhima Pandey<\/strong>, activista adolescente de la India y protagonista de la pel\u00edcula de Laudato Si&#8217; \u00abLa Carta\u00bb<\/li>\n<li><strong>Br<\/strong>.\u00a0<strong>Daniel P. Horan, OFM<\/strong>,<strong>\u00a0PhD<\/strong>, Profesor de Filosof\u00eda, Ciencias Religiosas y Teolog\u00eda y Director del Centro de Espiritualidad de Saint Mary&#8217;s College (EE.UU.)<\/li>\n<\/ol>\n<div>\n<p>Este evento promete ser un recorrido educativo e inspirador, que ofrecer\u00e1 a los asistentes una comprensi\u00f3n m\u00e1s profunda de la nueva Exhortaci\u00f3n Apost\u00f3lica del Papa Francisco y de c\u00f3mo pueden aplicarse sus principios en el mundo actual. Invita a todas las personas, independientemente de su procedencia, a reunirse y formar parte de la soluci\u00f3n para un futuro m\u00e1s sostenible.<\/p>\n<\/div>\n<div>\n<p>Para participar en esta celebraci\u00f3n enriquecedora, inscr\u00edbete gratuitamente en\u00a0<a href=\"https:\/\/www.mail.laudatosimovement.org\/click.html?x=a62e&amp;lc=n8q&amp;mc=s&amp;s=v05&amp;u=z&amp;z=Br5o47a&amp;\" target=\"_blank\" rel=\"noopener\" data-saferedirecturl=\"https:\/\/www.google.com\/url?q=https:\/\/www.mail.laudatosimovement.org\/click.html?x%3Da62e%26lc%3Dn8q%26mc%3Ds%26s%3Dv05%26u%3Dz%26z%3DBr5o47a%26&amp;source=gmail&amp;ust=1696436565076000&amp;usg=AOvVaw0rujaOrpADm9LrRKr2pX3G\"><u>www.laudatedeum.online<\/u><\/a><\/p>\n<\/div>\n<div>\n<p><strong>Sobre el Organizador del Evento:<\/strong><\/p>\n<\/div>\n<div>\n<p>El\u00a0<a href=\"https:\/\/www.mail.laudatosimovement.org\/click.html?x=a62e&amp;lc=n89&amp;mc=s&amp;s=v05&amp;u=z&amp;z=BZjelaI&amp;\" target=\"_blank\" rel=\"noopener\" data-saferedirecturl=\"https:\/\/www.google.com\/url?q=https:\/\/www.mail.laudatosimovement.org\/click.html?x%3Da62e%26lc%3Dn89%26mc%3Ds%26s%3Dv05%26u%3Dz%26z%3DBZjelaI%26&amp;source=gmail&amp;ust=1696436565076000&amp;usg=AOvVaw2VhjW-OgKDteB5-ic0-mvj\"><u>Movimiento Laudato Si<\/u><\/a><em>\u00a0intenta Inspirar y movilizar a la comunidad cat\u00f3lica para cuidar nuestra casa com\u00fan y lograr la justicia clim\u00e1tica y ecol\u00f3gica, en colaboraci\u00f3n con todas las personas de buena voluntad.<\/em><\/p>\n<\/div>\n","protected":false},"excerpt":{"rendered":"<p>Celebraci\u00f3n de la Nueva Exhortaci\u00f3n Apost\u00f3lica Laudate Deum del Papa Francisco<\/p>\n","protected":false},"author":90,"featured_media":84957,"comment_status":"closed","ping_status":"closed","sticky":false,"template":"","format":"standard","meta":{"_acf_changed":false,"_crdt_document":"","inline_featured_image":false,"footnotes":""},"categories":[132],"tags":[10257,10254,10253,10251,9279,10252,158,10256,4953,10255],"class_list":["post-84956","post","type-post","status-publish","format-standard","has-post-thumbnail","hentry","category-vaticano-es","tag-daniel-p-horan","tag-johan-rockstrom","tag-justin-welby","tag-laudate-deum","tag-laudato-si-3","tag-michael-f-czerny","tag-papa-francisco","tag-ridhima-pandey","tag-trending-es","tag-tzeporah-berman"],"acf":[],"yoast_head":"<!-- This site is optimized with the Yoast SEO plugin v27.5 - https:\/\/yoast.com\/product\/yoast-seo-wordpress\/ -->\n<title>Laudato Si&#039;, Segunda Parte &#8211; Exaudi<\/title>\n<meta name=\"robots\" content=\"index, follow, max-snippet:-1, max-image-preview:large, max-video-preview:-1\" \/>\n<link rel=\"canonical\" href=\"https:\/\/exaudi.org\/es\/laudato-si-segunda-parte\/\" \/>\n<meta property=\"og:locale\" content=\"es_ES\" \/>\n<meta property=\"og:type\" content=\"article\" \/>\n<meta property=\"og:title\" content=\"Laudato Si&#039;, Segunda Parte &#8211; Exaudi\" \/>\n<meta property=\"og:description\" content=\"Celebraci\u00f3n de la Nueva Exhortaci\u00f3n Apost\u00f3lica Laudate Deum del Papa Francisco\" \/>\n<meta property=\"og:url\" content=\"https:\/\/exaudi.org\/es\/laudato-si-segunda-parte\/\" \/>\n<meta property=\"og:site_name\" content=\"Exaudi\" \/>\n<meta property=\"article:publisher\" content=\"https:\/\/www.facebook.com\/ExaudiNews\" \/>\n<meta property=\"article:published_time\" content=\"2023-10-03T16:39:41+00:00\" \/>\n<meta property=\"og:image\" content=\"https:\/\/exaudi.org\/wp-content\/uploads\/2023\/10\/Sin-titulo-1.jpg\" \/>\n\t<meta property=\"og:image:width\" content=\"1000\" \/>\n\t<meta property=\"og:image:height\" content=\"572\" \/>\n\t<meta property=\"og:image:type\" content=\"image\/jpeg\" \/>\n<meta name=\"author\" content=\"Movimiento Laudato Si&#039;\" \/>\n<meta name=\"twitter:card\" content=\"summary_large_image\" \/>\n<meta name=\"twitter:creator\" content=\"@Exaudi_News\" \/>\n<meta name=\"twitter:site\" content=\"@Exaudi_News\" \/>\n<meta name=\"twitter:label1\" content=\"Escrito por\" \/>\n\t<meta name=\"twitter:data1\" content=\"Movimiento Laudato Si&#039;\" \/>\n\t<meta name=\"twitter:label2\" content=\"Tiempo de lectura\" \/>\n\t<meta name=\"twitter:data2\" content=\"2 minutos\" \/>\n<script type=\"application\/ld+json\" class=\"yoast-schema-graph\">{\"@context\":\"https:\\\/\\\/schema.org\",\"@graph\":[{\"@type\":\"Article\",\"@id\":\"https:\\\/\\\/exaudi.org\\\/es\\\/laudato-si-segunda-parte\\\/#article\",\"isPartOf\":{\"@id\":\"https:\\\/\\\/exaudi.org\\\/es\\\/laudato-si-segunda-parte\\\/\"},\"author\":{\"name\":\"Movimiento Laudato Si'\",\"@id\":\"https:\\\/\\\/exaudi.org\\\/#\\\/schema\\\/person\\\/774f788d075d6209ac162c6752eb6b33\"},\"headline\":\"Laudato Si&#8217;, Segunda Parte\",\"datePublished\":\"2023-10-03T16:39:41+00:00\",\"mainEntityOfPage\":{\"@id\":\"https:\\\/\\\/exaudi.org\\\/es\\\/laudato-si-segunda-parte\\\/\"},\"wordCount\":475,\"image\":{\"@id\":\"https:\\\/\\\/exaudi.org\\\/es\\\/laudato-si-segunda-parte\\\/#primaryimage\"},\"thumbnailUrl\":\"https:\\\/\\\/exaudi.org\\\/wp-content\\\/uploads\\\/2023\\\/10\\\/Sin-titulo-1.jpg\",\"keywords\":[\"Daniel P. Horan\",\"Johan Rockstr\u00f6m\",\"Justin Welby\",\"Laudate Deum\",\"laudato si\",\"Michael F. Czerny\",\"papa francisco\",\"Ridhima Pandey\",\"Trending\",\"Tzeporah Berman\"],\"articleSection\":[\"Vaticano\"],\"inLanguage\":\"es\"},{\"@type\":\"WebPage\",\"@id\":\"https:\\\/\\\/exaudi.org\\\/es\\\/laudato-si-segunda-parte\\\/\",\"url\":\"https:\\\/\\\/exaudi.org\\\/es\\\/laudato-si-segunda-parte\\\/\",\"name\":\"Laudato Si', Segunda Parte &#8211; Exaudi\",\"isPartOf\":{\"@id\":\"https:\\\/\\\/exaudi.org\\\/#website\"},\"primaryImageOfPage\":{\"@id\":\"https:\\\/\\\/exaudi.org\\\/es\\\/laudato-si-segunda-parte\\\/#primaryimage\"},\"image\":{\"@id\":\"https:\\\/\\\/exaudi.org\\\/es\\\/laudato-si-segunda-parte\\\/#primaryimage\"},\"thumbnailUrl\":\"https:\\\/\\\/exaudi.org\\\/wp-content\\\/uploads\\\/2023\\\/10\\\/Sin-titulo-1.jpg\",\"datePublished\":\"2023-10-03T16:39:41+00:00\",\"author\":{\"@id\":\"https:\\\/\\\/exaudi.org\\\/#\\\/schema\\\/person\\\/774f788d075d6209ac162c6752eb6b33\"},\"breadcrumb\":{\"@id\":\"https:\\\/\\\/exaudi.org\\\/es\\\/laudato-si-segunda-parte\\\/#breadcrumb\"},\"inLanguage\":\"es\",\"potentialAction\":[{\"@type\":\"ReadAction\",\"target\":[\"https:\\\/\\\/exaudi.org\\\/es\\\/laudato-si-segunda-parte\\\/\"]}]},{\"@type\":\"ImageObject\",\"inLanguage\":\"es\",\"@id\":\"https:\\\/\\\/exaudi.org\\\/es\\\/laudato-si-segunda-parte\\\/#primaryimage\",\"url\":\"https:\\\/\\\/exaudi.org\\\/wp-content\\\/uploads\\\/2023\\\/10\\\/Sin-titulo-1.jpg\",\"contentUrl\":\"https:\\\/\\\/exaudi.org\\\/wp-content\\\/uploads\\\/2023\\\/10\\\/Sin-titulo-1.jpg\",\"width\":1000,\"height\":572},{\"@type\":\"BreadcrumbList\",\"@id\":\"https:\\\/\\\/exaudi.org\\\/es\\\/laudato-si-segunda-parte\\\/#breadcrumb\",\"itemListElement\":[{\"@type\":\"ListItem\",\"position\":1,\"name\":\"Portada\",\"item\":\"https:\\\/\\\/exaudi.org\\\/es\\\/\"},{\"@type\":\"ListItem\",\"position\":2,\"name\":\"Laudato Si&#8217;, Segunda Parte\"}]},{\"@type\":\"WebSite\",\"@id\":\"https:\\\/\\\/exaudi.org\\\/#website\",\"url\":\"https:\\\/\\\/exaudi.org\\\/\",\"name\":\"Exaudi\",\"description\":\"News\",\"potentialAction\":[{\"@type\":\"SearchAction\",\"target\":{\"@type\":\"EntryPoint\",\"urlTemplate\":\"https:\\\/\\\/exaudi.org\\\/?s={search_term_string}\"},\"query-input\":{\"@type\":\"PropertyValueSpecification\",\"valueRequired\":true,\"valueName\":\"search_term_string\"}}],\"inLanguage\":\"es\"},{\"@type\":\"Person\",\"@id\":\"https:\\\/\\\/exaudi.org\\\/#\\\/schema\\\/person\\\/774f788d075d6209ac162c6752eb6b33\",\"name\":\"Movimiento Laudato Si'\",\"image\":{\"@type\":\"ImageObject\",\"inLanguage\":\"es\",\"@id\":\"https:\\\/\\\/secure.gravatar.com\\\/avatar\\\/29e43d61df4e6d847e5ec3dbaac46271e5d8f2ff7d43f95fc486914d86749b71?s=96&d=mm&r=g\",\"url\":\"https:\\\/\\\/secure.gravatar.com\\\/avatar\\\/29e43d61df4e6d847e5ec3dbaac46271e5d8f2ff7d43f95fc486914d86749b71?s=96&d=mm&r=g\",\"contentUrl\":\"https:\\\/\\\/secure.gravatar.com\\\/avatar\\\/29e43d61df4e6d847e5ec3dbaac46271e5d8f2ff7d43f95fc486914d86749b71?s=96&d=mm&r=g\",\"caption\":\"Movimiento Laudato Si'\"},\"url\":\"https:\\\/\\\/exaudi.org\\\/es\\\/author\\\/movimientolaudatosi\\\/\"}]}<\/script>\n<!-- \/ Yoast SEO plugin. -->","yoast_head_json":{"title":"Laudato Si', Segunda Parte &#8211; Exaudi","robots":{"index":"index","follow":"follow","max-snippet":"max-snippet:-1","max-image-preview":"max-image-preview:large","max-video-preview":"max-video-preview:-1"},"canonical":"https:\/\/exaudi.org\/es\/laudato-si-segunda-parte\/","og_locale":"es_ES","og_type":"article","og_title":"Laudato Si', Segunda Parte &#8211; Exaudi","og_description":"Celebraci\u00f3n de la Nueva Exhortaci\u00f3n Apost\u00f3lica Laudate Deum del Papa Francisco","og_url":"https:\/\/exaudi.org\/es\/laudato-si-segunda-parte\/","og_site_name":"Exaudi","article_publisher":"https:\/\/www.facebook.com\/ExaudiNews","article_published_time":"2023-10-03T16:39:41+00:00","og_image":[{"width":1000,"height":572,"url":"https:\/\/exaudi.org\/wp-content\/uploads\/2023\/10\/Sin-titulo-1.jpg","type":"image\/jpeg"}],"author":"Movimiento Laudato Si'","twitter_card":"summary_large_image","twitter_creator":"@Exaudi_News","twitter_site":"@Exaudi_News","twitter_misc":{"Escrito por":"Movimiento Laudato Si'","Tiempo de lectura":"2 minutos"},"schema":{"@context":"https:\/\/schema.org","@graph":[{"@type":"Article","@id":"https:\/\/exaudi.org\/es\/laudato-si-segunda-parte\/#article","isPartOf":{"@id":"https:\/\/exaudi.org\/es\/laudato-si-segunda-parte\/"},"author":{"name":"Movimiento Laudato Si'","@id":"https:\/\/exaudi.org\/#\/schema\/person\/774f788d075d6209ac162c6752eb6b33"},"headline":"Laudato Si&#8217;, Segunda Parte","datePublished":"2023-10-03T16:39:41+00:00","mainEntityOfPage":{"@id":"https:\/\/exaudi.org\/es\/laudato-si-segunda-parte\/"},"wordCount":475,"image":{"@id":"https:\/\/exaudi.org\/es\/laudato-si-segunda-parte\/#primaryimage"},"thumbnailUrl":"https:\/\/exaudi.org\/wp-content\/uploads\/2023\/10\/Sin-titulo-1.jpg","keywords":["Daniel P. Horan","Johan Rockstr\u00f6m","Justin Welby","Laudate Deum","laudato si","Michael F. Czerny","papa francisco","Ridhima Pandey","Trending","Tzeporah Berman"],"articleSection":["Vaticano"],"inLanguage":"es"},{"@type":"WebPage","@id":"https:\/\/exaudi.org\/es\/laudato-si-segunda-parte\/","url":"https:\/\/exaudi.org\/es\/laudato-si-segunda-parte\/","name":"Laudato Si', Segunda Parte &#8211; Exaudi","isPartOf":{"@id":"https:\/\/exaudi.org\/#website"},"primaryImageOfPage":{"@id":"https:\/\/exaudi.org\/es\/laudato-si-segunda-parte\/#primaryimage"},"image":{"@id":"https:\/\/exaudi.org\/es\/laudato-si-segunda-parte\/#primaryimage"},"thumbnailUrl":"https:\/\/exaudi.org\/wp-content\/uploads\/2023\/10\/Sin-titulo-1.jpg","datePublished":"2023-10-03T16:39:41+00:00","author":{"@id":"https:\/\/exaudi.org\/#\/schema\/person\/774f788d075d6209ac162c6752eb6b33"},"breadcrumb":{"@id":"https:\/\/exaudi.org\/es\/laudato-si-segunda-parte\/#breadcrumb"},"inLanguage":"es","potentialAction":[{"@type":"ReadAction","target":["https:\/\/exaudi.org\/es\/laudato-si-segunda-parte\/"]}]},{"@type":"ImageObject","inLanguage":"es","@id":"https:\/\/exaudi.org\/es\/laudato-si-segunda-parte\/#primaryimage","url":"https:\/\/exaudi.org\/wp-content\/uploads\/2023\/10\/Sin-titulo-1.jpg","contentUrl":"https:\/\/exaudi.org\/wp-content\/uploads\/2023\/10\/Sin-titulo-1.jpg","width":1000,"height":572},{"@type":"BreadcrumbList","@id":"https:\/\/exaudi.org\/es\/laudato-si-segunda-parte\/#breadcrumb","itemListElement":[{"@type":"ListItem","position":1,"name":"Portada","item":"https:\/\/exaudi.org\/es\/"},{"@type":"ListItem","position":2,"name":"Laudato Si&#8217;, Segunda Parte"}]},{"@type":"WebSite","@id":"https:\/\/exaudi.org\/#website","url":"https:\/\/exaudi.org\/","name":"Exaudi","description":"News","potentialAction":[{"@type":"SearchAction","target":{"@type":"EntryPoint","urlTemplate":"https:\/\/exaudi.org\/?s={search_term_string}"},"query-input":{"@type":"PropertyValueSpecification","valueRequired":true,"valueName":"search_term_string"}}],"inLanguage":"es"},{"@type":"Person","@id":"https:\/\/exaudi.org\/#\/schema\/person\/774f788d075d6209ac162c6752eb6b33","name":"Movimiento Laudato Si'","image":{"@type":"ImageObject","inLanguage":"es","@id":"https:\/\/secure.gravatar.com\/avatar\/29e43d61df4e6d847e5ec3dbaac46271e5d8f2ff7d43f95fc486914d86749b71?s=96&d=mm&r=g","url":"https:\/\/secure.gravatar.com\/avatar\/29e43d61df4e6d847e5ec3dbaac46271e5d8f2ff7d43f95fc486914d86749b71?s=96&d=mm&r=g","contentUrl":"https:\/\/secure.gravatar.com\/avatar\/29e43d61df4e6d847e5ec3dbaac46271e5d8f2ff7d43f95fc486914d86749b71?s=96&d=mm&r=g","caption":"Movimiento Laudato Si'"},"url":"https:\/\/exaudi.org\/es\/author\/movimientolaudatosi\/"}]}},"jetpack_featured_media_url":"https:\/\/exaudi.org\/wp-content\/uploads\/2023\/10\/Sin-titulo-1.jpg","jetpack_shortlink":"https:\/\/wp.me\/pgKjF2-m6g","_links":{"self":[{"href":"https:\/\/exaudi.org\/es\/wp-json\/wp\/v2\/posts\/84956","targetHints":{"allow":["GET"]}}],"collection":[{"href":"https:\/\/exaudi.org\/es\/wp-json\/wp\/v2\/posts"}],"about":[{"href":"https:\/\/exaudi.org\/es\/wp-json\/wp\/v2\/types\/post"}],"author":[{"embeddable":true,"href":"https:\/\/exaudi.org\/es\/wp-json\/wp\/v2\/users\/90"}],"replies":[{"embeddable":true,"href":"https:\/\/exaudi.org\/es\/wp-json\/wp\/v2\/comments?post=84956"}],"version-history":[{"count":0,"href":"https:\/\/exaudi.org\/es\/wp-json\/wp\/v2\/posts\/84956\/revisions"}],"wp:featuredmedia":[{"embeddable":true,"href":"https:\/\/exaudi.org\/es\/wp-json\/wp\/v2\/media\/84957"}],"wp:attachment":[{"href":"https:\/\/exaudi.org\/es\/wp-json\/wp\/v2\/media?parent=84956"}],"wp:term":[{"taxonomy":"category","embeddable":true,"href":"https:\/\/exaudi.org\/es\/wp-json\/wp\/v2\/categories?post=84956"},{"taxonomy":"post_tag","embeddable":true,"href":"https:\/\/exaudi.org\/es\/wp-json\/wp\/v2\/tags?post=84956"}],"curies":[{"name":"wp","href":"https:\/\/api.w.org\/{rel}","templated":true}]}}