{"id":84816,"date":"2023-10-02T08:30:57","date_gmt":"2023-10-02T06:30:57","guid":{"rendered":"https:\/\/exaudi.org\/?p=84816"},"modified":"2023-10-02T10:54:02","modified_gmt":"2023-10-02T08:54:02","slug":"el-desafio-de-la-sinodalidad","status":"publish","type":"post","link":"https:\/\/exaudi.org\/es\/el-desafio-de-la-sinodalidad\/","title":{"rendered":"El desaf\u00edo de la sinodalidad"},"content":{"rendered":"<audio class=\"wp-audio-shortcode\" id=\"audio-84816-1\" preload=\"none\" style=\"width: 100%;\" controls=\"controls\"><source type=\"audio\/mpeg\" src=\"https:\/\/exaudi.org\/wp-content\/uploads\/2023\/10\/El-desafo-de-la-Sinodalidad.mp3?_=1\" \/><a href=\"https:\/\/exaudi.org\/wp-content\/uploads\/2023\/10\/El-desafo-de-la-Sinodalidad.mp3\">https:\/\/exaudi.org\/wp-content\/uploads\/2023\/10\/El-desafo-de-la-Sinodalidad.mp3<\/a><\/audio>\n<p>La l\u00ednea que separa la noci\u00f3n de \u201csinodalidad\u201d con la de \u201cdisoluci\u00f3n\u201d es muy tenue. Requiere una direcci\u00f3n y una ejecuci\u00f3n magistral por parte de los protagonistas, quienes van a redactar las conclusiones y directrices emanadas por el <em>S\u00ednodo de Obispos<\/em>, ya inminente. Una perspectiva que ayuda a percibir las dificultades y los peligros de la \u201csinodalidad\u201d, es compararla con el \u201cCamino Sinodal Alem\u00e1n.\u201d Una <em>sinodalidad<\/em> mal manejada puede conducir al cisma, a la traici\u00f3n a la propia identidad, a los propios principios.<\/p>\n<p>Digamos que, con la tr\u00e1gica experiencia del \u201cCamino Sinodal Alem\u00e1n\u201d, podemos \u201cescarmentar en cabeza ajena\u201d; tenemos una gu\u00eda sucinta de qu\u00e9 es lo que no debemos hacer. Al mismo tiempo, es preciso hilar muy fino, para no sustituir, en aras de la nueva <em>sinodalidad<\/em>, caracter\u00edsticas esenciales de la Iglesia, como su car\u00e1cter jer\u00e1rquico, el cual es fundacional, querido por Jesucristo. Baste mirar al que podr\u00edamos denominar el primer ejercicio de <em>sinodalidad<\/em> en la historia: el <em>Concilio de Jerusal\u00e9n<\/em>, descrito por los <em>Hechos de los Ap\u00f3stoles<\/em>. En \u00e9l se escuchan las experiencias de la Iglesia viva, particularmente las de Pablo y Bernab\u00e9, y se reconoce en ellas la acci\u00f3n del Esp\u00edritu Santo. Pero, finalmente, son los ap\u00f3stoles quienes toman la decisi\u00f3n y prescriben normas concretas. En Jerusal\u00e9n todos expresaron su opini\u00f3n, pero la voz cantante, la decisi\u00f3n, la tomaron los ap\u00f3stoles, particularmente Santiago y Pedro, la cual puede sintetizarse en la expresi\u00f3n: \u201cHemos decidido el Esp\u00edritu Santo y nosotros no imponeros m\u00e1s cargas que las necesarias\u201d (<em>Hch<\/em>. 15, 28).<\/p>\n<p>La esencia de la imagen de la Iglesia propuesta por el Concilio Vaticano II es la noci\u00f3n de \u201ccomuni\u00f3n.\u201d El S\u00ednodo viene a ser un ejercicio de esa \u201ccomuni\u00f3n eclesial.\u201d Francisco ha dado pasos decisivos en orden a la \u201c<em>declericalizaci\u00f3n<\/em> de la Iglesia\u201d y, por eso, la <em>Asamblea del S\u00ednodo de Obispos<\/em>, creada por san Pablo VI, ya no es solo de obispos. Francisco quiere que se escuche a toda la Iglesia, y esa Iglesia -a\u00fan siendo jer\u00e1rquica, es decir, gozando del principio de la sagrada autoridad- est\u00e1 formada por cl\u00e9rigos y laicos. Ambos est\u00e1n llamados a la santidad, ambos est\u00e1n llamados a hacer la Iglesia en el mundo. Pero Francisco quiere darles un mayor protagonismo, de forma que no sea una relaci\u00f3n puramente vertical, sino horizontal. Esa es la clave de la \u201cescucha\u201d, tan importante para la ejecuci\u00f3n de la <em>sinodalidad<\/em>. Por eso el Papa, de los 365 participantes con voz y voto, incluye a 54 mujeres -algunas de ellas religiosas- y un nutrido n\u00famero de laicos\/as.<\/p>\n<p>El desaf\u00edo est\u00e1 entonces en que esa \u201clabor de escucha\u201d de la Iglesia, sea hacia adentro -a los diferentes tipos de fieles: laicos, religiosos y cl\u00e9rigos-, que hacia afuera -escuchar el clamor del mundo, especialmente de los pobres, los migrantes, los abandonados fruto de la cultura del descarte-, no venga a sustituir subrepticiamente una caracter\u00edstica fundacional suya, su car\u00e1cter jer\u00e1rquico. Por eso la ejecuci\u00f3n del S\u00ednodo requiere pericia, maestr\u00eda, pues resulta f\u00e1cil y atrayente la tentaci\u00f3n de diluir la Iglesia o mimetizarla con el mundo moderno, anulando as\u00ed su car\u00e1cter prof\u00e9tico. Eso parece ser lo que ha sucedido con el \u201cCamino Sinodal Alem\u00e1n\u201d, una muestra de ello es que \u201ccaminan juntos con todos\u201d, menos con el Papa.<\/p>\n<p>Francisco no es ingenuo, no ignora este peligro -lo est\u00e1 sufriendo en carne propia ahora mismo-, pero se da cuenta de que -como se\u00f1ala en algunas de sus obras- lo importante es \u201ciniciar procesos.\u201d Por eso se\u00f1ala enf\u00e1ticamente en su video mensual, sobre el tema del s\u00ednodo, que \u201caqu\u00ed no se acaba nada\u201d; es decir, se trata de un movimiento de la Iglesia conducente a su propia transformaci\u00f3n, seg\u00fan la inspiraci\u00f3n del Esp\u00edritu Santo, al que toda la Iglesia debe escuchar.<\/p>\n<p>Las palabras clave para la preparaci\u00f3n y desarrollo del s\u00ednodo son: oraci\u00f3n y discernimiento. Sin oraci\u00f3n no puede haber discernimiento. De hecho, antes de comenzar el S\u00ednodo, los participantes realizar\u00e1n un retiro espiritual para prepararse. Y toda la Iglesia ha sido repetidamente convocada a la oraci\u00f3n: desde 2021 con <a href=\"http:\/\/www.prayforthesynod.va\">www.prayforthesynod.va<\/a> y allende a sus fronteras con la <em>Vigilia Ecum\u00e9nica de Oraci\u00f3n por el S\u00ednodo<\/em>. Adem\u00e1s, en todas las misas de este mes de octubre se podr\u00e1 rezar una oraci\u00f3n de los fieles especial para pedir por el S\u00ednodo. Camina as\u00ed entonces, sinodalmente, toda la Iglesia en oraci\u00f3n y en comuni\u00f3n con el Papa.<\/p>\n","protected":false},"excerpt":{"rendered":"<p>La l\u00ednea que separa la noci\u00f3n de \u201csinodalidad\u201d con la de \u201cdisoluci\u00f3n\u201d es muy tenue. Requiere una direcci\u00f3n y una ejecuci\u00f3n magistral por parte de los protagonistas, quienes van a redactar las conclusiones y directrices emanadas por el S\u00ednodo de Obispos, ya inminente. Una perspectiva que ayuda a percibir las dificultades y los peligros de [&hellip;]<\/p>\n","protected":false},"author":116,"featured_media":84833,"comment_status":"closed","ping_status":"closed","sticky":false,"template":"","format":"standard","meta":{"_acf_changed":false,"_crdt_document":"","inline_featured_image":false,"footnotes":""},"categories":[130],"tags":[7617,2998,8666,158,3007,4460,4953],"class_list":["post-84816","post","type-post","status-publish","format-standard","has-post-thumbnail","hentry","category-voces","tag-camino-sinodal-aleman","tag-concilio-vaticano-ii","tag-escuchar","tag-papa-francisco","tag-sinodalidad-es","tag-sinodo-es","tag-trending-es"],"acf":[],"yoast_head":"<!-- This site is optimized with the Yoast SEO plugin v27.5 - https:\/\/yoast.com\/product\/yoast-seo-wordpress\/ -->\n<title>El desaf\u00edo de la sinodalidad &#8211; Exaudi<\/title>\n<meta name=\"robots\" content=\"index, follow, max-snippet:-1, max-image-preview:large, max-video-preview:-1\" \/>\n<link rel=\"canonical\" href=\"https:\/\/exaudi.org\/es\/el-desafio-de-la-sinodalidad\/\" \/>\n<meta property=\"og:locale\" content=\"es_ES\" \/>\n<meta property=\"og:type\" content=\"article\" \/>\n<meta property=\"og:title\" content=\"El desaf\u00edo de la sinodalidad &#8211; Exaudi\" \/>\n<meta property=\"og:description\" content=\"La l\u00ednea que separa la noci\u00f3n de \u201csinodalidad\u201d con la de \u201cdisoluci\u00f3n\u201d es muy tenue. Requiere una direcci\u00f3n y una ejecuci\u00f3n magistral por parte de los protagonistas, quienes van a redactar las conclusiones y directrices emanadas por el S\u00ednodo de Obispos, ya inminente. Una perspectiva que ayuda a percibir las dificultades y los peligros de [&hellip;]\" \/>\n<meta property=\"og:url\" content=\"https:\/\/exaudi.org\/es\/el-desafio-de-la-sinodalidad\/\" \/>\n<meta property=\"og:site_name\" content=\"Exaudi\" \/>\n<meta property=\"article:publisher\" content=\"https:\/\/www.facebook.com\/ExaudiNews\" \/>\n<meta property=\"article:published_time\" content=\"2023-10-02T06:30:57+00:00\" \/>\n<meta property=\"article:modified_time\" content=\"2023-10-02T08:54:02+00:00\" \/>\n<meta property=\"og:image\" content=\"https:\/\/exaudi.org\/wp-content\/uploads\/2023\/10\/Salvador-FAbre.jpeg\" \/>\n\t<meta property=\"og:image:width\" content=\"750\" \/>\n\t<meta property=\"og:image:height\" content=\"422\" \/>\n\t<meta property=\"og:image:type\" content=\"image\/jpeg\" \/>\n<meta name=\"author\" content=\"Salvador Fabre\" \/>\n<meta name=\"twitter:card\" content=\"summary_large_image\" \/>\n<meta name=\"twitter:creator\" content=\"@Exaudi_News\" \/>\n<meta name=\"twitter:site\" content=\"@Exaudi_News\" \/>\n<meta name=\"twitter:label1\" content=\"Escrito por\" \/>\n\t<meta name=\"twitter:data1\" content=\"Salvador Fabre\" \/>\n\t<meta name=\"twitter:label2\" content=\"Tiempo de lectura\" \/>\n\t<meta name=\"twitter:data2\" content=\"4 minutos\" \/>\n<script type=\"application\/ld+json\" class=\"yoast-schema-graph\">{\"@context\":\"https:\\\/\\\/schema.org\",\"@graph\":[{\"@type\":\"Article\",\"@id\":\"https:\\\/\\\/exaudi.org\\\/es\\\/el-desafio-de-la-sinodalidad\\\/#article\",\"isPartOf\":{\"@id\":\"https:\\\/\\\/exaudi.org\\\/es\\\/el-desafio-de-la-sinodalidad\\\/\"},\"author\":{\"name\":\"Salvador Fabre\",\"@id\":\"https:\\\/\\\/exaudi.org\\\/#\\\/schema\\\/person\\\/29b1dbd9f3952eecacfc704ca1a473a8\"},\"headline\":\"El desaf\u00edo de la sinodalidad\",\"datePublished\":\"2023-10-02T06:30:57+00:00\",\"dateModified\":\"2023-10-02T08:54:02+00:00\",\"mainEntityOfPage\":{\"@id\":\"https:\\\/\\\/exaudi.org\\\/es\\\/el-desafio-de-la-sinodalidad\\\/\"},\"wordCount\":812,\"image\":{\"@id\":\"https:\\\/\\\/exaudi.org\\\/es\\\/el-desafio-de-la-sinodalidad\\\/#primaryimage\"},\"thumbnailUrl\":\"https:\\\/\\\/exaudi.org\\\/wp-content\\\/uploads\\\/2023\\\/10\\\/Salvador-FAbre.jpeg\",\"keywords\":[\"Camino sinodal alem\u00e1n\",\"Concilio Vaticano II\",\"Escuchar\",\"papa francisco\",\"Sinodalidad\",\"Sinodo\",\"Trending\"],\"articleSection\":[\"Voces\"],\"inLanguage\":\"es\"},{\"@type\":\"WebPage\",\"@id\":\"https:\\\/\\\/exaudi.org\\\/es\\\/el-desafio-de-la-sinodalidad\\\/\",\"url\":\"https:\\\/\\\/exaudi.org\\\/es\\\/el-desafio-de-la-sinodalidad\\\/\",\"name\":\"El desaf\u00edo de la sinodalidad &#8211; Exaudi\",\"isPartOf\":{\"@id\":\"https:\\\/\\\/exaudi.org\\\/#website\"},\"primaryImageOfPage\":{\"@id\":\"https:\\\/\\\/exaudi.org\\\/es\\\/el-desafio-de-la-sinodalidad\\\/#primaryimage\"},\"image\":{\"@id\":\"https:\\\/\\\/exaudi.org\\\/es\\\/el-desafio-de-la-sinodalidad\\\/#primaryimage\"},\"thumbnailUrl\":\"https:\\\/\\\/exaudi.org\\\/wp-content\\\/uploads\\\/2023\\\/10\\\/Salvador-FAbre.jpeg\",\"datePublished\":\"2023-10-02T06:30:57+00:00\",\"dateModified\":\"2023-10-02T08:54:02+00:00\",\"author\":{\"@id\":\"https:\\\/\\\/exaudi.org\\\/#\\\/schema\\\/person\\\/29b1dbd9f3952eecacfc704ca1a473a8\"},\"breadcrumb\":{\"@id\":\"https:\\\/\\\/exaudi.org\\\/es\\\/el-desafio-de-la-sinodalidad\\\/#breadcrumb\"},\"inLanguage\":\"es\",\"potentialAction\":[{\"@type\":\"ReadAction\",\"target\":[\"https:\\\/\\\/exaudi.org\\\/es\\\/el-desafio-de-la-sinodalidad\\\/\"]}]},{\"@type\":\"ImageObject\",\"inLanguage\":\"es\",\"@id\":\"https:\\\/\\\/exaudi.org\\\/es\\\/el-desafio-de-la-sinodalidad\\\/#primaryimage\",\"url\":\"https:\\\/\\\/exaudi.org\\\/wp-content\\\/uploads\\\/2023\\\/10\\\/Salvador-FAbre.jpeg\",\"contentUrl\":\"https:\\\/\\\/exaudi.org\\\/wp-content\\\/uploads\\\/2023\\\/10\\\/Salvador-FAbre.jpeg\",\"width\":750,\"height\":422},{\"@type\":\"BreadcrumbList\",\"@id\":\"https:\\\/\\\/exaudi.org\\\/es\\\/el-desafio-de-la-sinodalidad\\\/#breadcrumb\",\"itemListElement\":[{\"@type\":\"ListItem\",\"position\":1,\"name\":\"Portada\",\"item\":\"https:\\\/\\\/exaudi.org\\\/es\\\/\"},{\"@type\":\"ListItem\",\"position\":2,\"name\":\"El desaf\u00edo de la sinodalidad\"}]},{\"@type\":\"WebSite\",\"@id\":\"https:\\\/\\\/exaudi.org\\\/#website\",\"url\":\"https:\\\/\\\/exaudi.org\\\/\",\"name\":\"Exaudi\",\"description\":\"News\",\"potentialAction\":[{\"@type\":\"SearchAction\",\"target\":{\"@type\":\"EntryPoint\",\"urlTemplate\":\"https:\\\/\\\/exaudi.org\\\/?s={search_term_string}\"},\"query-input\":{\"@type\":\"PropertyValueSpecification\",\"valueRequired\":true,\"valueName\":\"search_term_string\"}}],\"inLanguage\":\"es\"},{\"@type\":\"Person\",\"@id\":\"https:\\\/\\\/exaudi.org\\\/#\\\/schema\\\/person\\\/29b1dbd9f3952eecacfc704ca1a473a8\",\"name\":\"Salvador Fabre\",\"image\":{\"@type\":\"ImageObject\",\"inLanguage\":\"es\",\"@id\":\"https:\\\/\\\/secure.gravatar.com\\\/avatar\\\/8d1a5a78ba86b9a8255e1c5b454943b9168b1dc31a275487309b73b631a7ac5d?s=96&d=mm&r=g\",\"url\":\"https:\\\/\\\/secure.gravatar.com\\\/avatar\\\/8d1a5a78ba86b9a8255e1c5b454943b9168b1dc31a275487309b73b631a7ac5d?s=96&d=mm&r=g\",\"contentUrl\":\"https:\\\/\\\/secure.gravatar.com\\\/avatar\\\/8d1a5a78ba86b9a8255e1c5b454943b9168b1dc31a275487309b73b631a7ac5d?s=96&d=mm&r=g\",\"caption\":\"Salvador Fabre\"},\"description\":\"Doctor en filosof\u00eda - Pensar en Cristiano\",\"url\":\"https:\\\/\\\/exaudi.org\\\/es\\\/author\\\/dr-salvador-fabre\\\/\"}]}<\/script>\n<!-- \/ Yoast SEO plugin. -->","yoast_head_json":{"title":"El desaf\u00edo de la sinodalidad &#8211; Exaudi","robots":{"index":"index","follow":"follow","max-snippet":"max-snippet:-1","max-image-preview":"max-image-preview:large","max-video-preview":"max-video-preview:-1"},"canonical":"https:\/\/exaudi.org\/es\/el-desafio-de-la-sinodalidad\/","og_locale":"es_ES","og_type":"article","og_title":"El desaf\u00edo de la sinodalidad &#8211; Exaudi","og_description":"La l\u00ednea que separa la noci\u00f3n de \u201csinodalidad\u201d con la de \u201cdisoluci\u00f3n\u201d es muy tenue. Requiere una direcci\u00f3n y una ejecuci\u00f3n magistral por parte de los protagonistas, quienes van a redactar las conclusiones y directrices emanadas por el S\u00ednodo de Obispos, ya inminente. Una perspectiva que ayuda a percibir las dificultades y los peligros de [&hellip;]","og_url":"https:\/\/exaudi.org\/es\/el-desafio-de-la-sinodalidad\/","og_site_name":"Exaudi","article_publisher":"https:\/\/www.facebook.com\/ExaudiNews","article_published_time":"2023-10-02T06:30:57+00:00","article_modified_time":"2023-10-02T08:54:02+00:00","og_image":[{"width":750,"height":422,"url":"https:\/\/exaudi.org\/wp-content\/uploads\/2023\/10\/Salvador-FAbre.jpeg","type":"image\/jpeg"}],"author":"Salvador Fabre","twitter_card":"summary_large_image","twitter_creator":"@Exaudi_News","twitter_site":"@Exaudi_News","twitter_misc":{"Escrito por":"Salvador Fabre","Tiempo de lectura":"4 minutos"},"schema":{"@context":"https:\/\/schema.org","@graph":[{"@type":"Article","@id":"https:\/\/exaudi.org\/es\/el-desafio-de-la-sinodalidad\/#article","isPartOf":{"@id":"https:\/\/exaudi.org\/es\/el-desafio-de-la-sinodalidad\/"},"author":{"name":"Salvador Fabre","@id":"https:\/\/exaudi.org\/#\/schema\/person\/29b1dbd9f3952eecacfc704ca1a473a8"},"headline":"El desaf\u00edo de la sinodalidad","datePublished":"2023-10-02T06:30:57+00:00","dateModified":"2023-10-02T08:54:02+00:00","mainEntityOfPage":{"@id":"https:\/\/exaudi.org\/es\/el-desafio-de-la-sinodalidad\/"},"wordCount":812,"image":{"@id":"https:\/\/exaudi.org\/es\/el-desafio-de-la-sinodalidad\/#primaryimage"},"thumbnailUrl":"https:\/\/exaudi.org\/wp-content\/uploads\/2023\/10\/Salvador-FAbre.jpeg","keywords":["Camino sinodal alem\u00e1n","Concilio Vaticano II","Escuchar","papa francisco","Sinodalidad","Sinodo","Trending"],"articleSection":["Voces"],"inLanguage":"es"},{"@type":"WebPage","@id":"https:\/\/exaudi.org\/es\/el-desafio-de-la-sinodalidad\/","url":"https:\/\/exaudi.org\/es\/el-desafio-de-la-sinodalidad\/","name":"El desaf\u00edo de la sinodalidad &#8211; Exaudi","isPartOf":{"@id":"https:\/\/exaudi.org\/#website"},"primaryImageOfPage":{"@id":"https:\/\/exaudi.org\/es\/el-desafio-de-la-sinodalidad\/#primaryimage"},"image":{"@id":"https:\/\/exaudi.org\/es\/el-desafio-de-la-sinodalidad\/#primaryimage"},"thumbnailUrl":"https:\/\/exaudi.org\/wp-content\/uploads\/2023\/10\/Salvador-FAbre.jpeg","datePublished":"2023-10-02T06:30:57+00:00","dateModified":"2023-10-02T08:54:02+00:00","author":{"@id":"https:\/\/exaudi.org\/#\/schema\/person\/29b1dbd9f3952eecacfc704ca1a473a8"},"breadcrumb":{"@id":"https:\/\/exaudi.org\/es\/el-desafio-de-la-sinodalidad\/#breadcrumb"},"inLanguage":"es","potentialAction":[{"@type":"ReadAction","target":["https:\/\/exaudi.org\/es\/el-desafio-de-la-sinodalidad\/"]}]},{"@type":"ImageObject","inLanguage":"es","@id":"https:\/\/exaudi.org\/es\/el-desafio-de-la-sinodalidad\/#primaryimage","url":"https:\/\/exaudi.org\/wp-content\/uploads\/2023\/10\/Salvador-FAbre.jpeg","contentUrl":"https:\/\/exaudi.org\/wp-content\/uploads\/2023\/10\/Salvador-FAbre.jpeg","width":750,"height":422},{"@type":"BreadcrumbList","@id":"https:\/\/exaudi.org\/es\/el-desafio-de-la-sinodalidad\/#breadcrumb","itemListElement":[{"@type":"ListItem","position":1,"name":"Portada","item":"https:\/\/exaudi.org\/es\/"},{"@type":"ListItem","position":2,"name":"El desaf\u00edo de la sinodalidad"}]},{"@type":"WebSite","@id":"https:\/\/exaudi.org\/#website","url":"https:\/\/exaudi.org\/","name":"Exaudi","description":"News","potentialAction":[{"@type":"SearchAction","target":{"@type":"EntryPoint","urlTemplate":"https:\/\/exaudi.org\/?s={search_term_string}"},"query-input":{"@type":"PropertyValueSpecification","valueRequired":true,"valueName":"search_term_string"}}],"inLanguage":"es"},{"@type":"Person","@id":"https:\/\/exaudi.org\/#\/schema\/person\/29b1dbd9f3952eecacfc704ca1a473a8","name":"Salvador Fabre","image":{"@type":"ImageObject","inLanguage":"es","@id":"https:\/\/secure.gravatar.com\/avatar\/8d1a5a78ba86b9a8255e1c5b454943b9168b1dc31a275487309b73b631a7ac5d?s=96&d=mm&r=g","url":"https:\/\/secure.gravatar.com\/avatar\/8d1a5a78ba86b9a8255e1c5b454943b9168b1dc31a275487309b73b631a7ac5d?s=96&d=mm&r=g","contentUrl":"https:\/\/secure.gravatar.com\/avatar\/8d1a5a78ba86b9a8255e1c5b454943b9168b1dc31a275487309b73b631a7ac5d?s=96&d=mm&r=g","caption":"Salvador Fabre"},"description":"Doctor en filosof\u00eda - Pensar en Cristiano","url":"https:\/\/exaudi.org\/es\/author\/dr-salvador-fabre\/"}]}},"jetpack_featured_media_url":"https:\/\/exaudi.org\/wp-content\/uploads\/2023\/10\/Salvador-FAbre.jpeg","jetpack_shortlink":"https:\/\/wp.me\/pgKjF2-m40","_links":{"self":[{"href":"https:\/\/exaudi.org\/es\/wp-json\/wp\/v2\/posts\/84816","targetHints":{"allow":["GET"]}}],"collection":[{"href":"https:\/\/exaudi.org\/es\/wp-json\/wp\/v2\/posts"}],"about":[{"href":"https:\/\/exaudi.org\/es\/wp-json\/wp\/v2\/types\/post"}],"author":[{"embeddable":true,"href":"https:\/\/exaudi.org\/es\/wp-json\/wp\/v2\/users\/116"}],"replies":[{"embeddable":true,"href":"https:\/\/exaudi.org\/es\/wp-json\/wp\/v2\/comments?post=84816"}],"version-history":[{"count":0,"href":"https:\/\/exaudi.org\/es\/wp-json\/wp\/v2\/posts\/84816\/revisions"}],"wp:featuredmedia":[{"embeddable":true,"href":"https:\/\/exaudi.org\/es\/wp-json\/wp\/v2\/media\/84833"}],"wp:attachment":[{"href":"https:\/\/exaudi.org\/es\/wp-json\/wp\/v2\/media?parent=84816"}],"wp:term":[{"taxonomy":"category","embeddable":true,"href":"https:\/\/exaudi.org\/es\/wp-json\/wp\/v2\/categories?post=84816"},{"taxonomy":"post_tag","embeddable":true,"href":"https:\/\/exaudi.org\/es\/wp-json\/wp\/v2\/tags?post=84816"}],"curies":[{"name":"wp","href":"https:\/\/api.w.org\/{rel}","templated":true}]}}